{"id":326029,"date":"2026-04-30T11:08:00","date_gmt":"2026-04-30T14:08:00","guid":{"rendered":"https:\/\/diariotextual.com\/inicio\/?p=326029"},"modified":"2026-04-30T11:46:52","modified_gmt":"2026-04-30T14:46:52","slug":"mato-a-su-hermano-en-la-humada-y-fue-sobreseido-los-fundamentos-de-la-sentencia","status":"publish","type":"post","link":"https:\/\/diariotextual.com\/inicio\/index.php\/2026\/04\/30\/mato-a-su-hermano-en-la-humada-y-fue-sobreseido-los-fundamentos-de-la-sentencia\/","title":{"rendered":"Mat\u00f3 a su hermano en el puesto El Boitano y fue sobrese\u00eddo pero ser\u00e1 internado por 10 a\u00f1os"},"content":{"rendered":"\n<p><a href=\"https:\/\/diariotextual.com\/inicio\/wp-admin\/edit.php?post_type=post\"><\/a>El <strong>Tribunal de Impugnaci\u00f3n Penal de La Pampa<\/strong> confirm\u00f3 este <strong>28 de abril<\/strong> el <strong>sobreseimiento por inimputabilidad<\/strong> de <strong>O. R. Miranda<\/strong>, el hombre acusado de <strong>matar a su hermano<\/strong> en el conocido campo <strong>El Boitano<\/strong>, de <strong>La Humada<\/strong>, en <strong>agosto de 2025<\/strong>. La resoluci\u00f3n ratific\u00f3 en todos sus t\u00e9rminos el fallo dictado en primera instancia por el <strong>juez de control<\/strong> de la <strong>Cuarta Circunscripci\u00f3n Judicial<\/strong>, <strong>Carlos Esp\u00ednola<\/strong>, incluyendo una <strong>medida de seguridad excepcional<\/strong>: la <strong>internaci\u00f3n obligatoria<\/strong> en un <strong>establecimiento de salud mental<\/strong> por un plazo de <strong>10 a\u00f1os y 8 meses<\/strong>.<\/p>\n\n\n\n<p>El caso hab\u00eda generado <strong>fuerte impacto<\/strong> en la <strong>zona oeste\u00f1a<\/strong> por tratarse de un <strong>conflicto interno<\/strong> de una <strong>familia tradicional<\/strong>. El desenlace termin\u00f3 en un <strong>homicidio con arma de fuego<\/strong>. La investigaci\u00f3n determin\u00f3 que <strong>Miranda<\/strong> fue el <strong>autor material<\/strong> del disparo que caus\u00f3 la muerte de su hermano, tras una <strong>discusi\u00f3n<\/strong> en un <strong>predio rural<\/strong>.<\/p>\n\n\n\n<div style=\"height:100px\" aria-hidden=\"true\" class=\"wp-block-spacer\"><\/div>\n\n\n\n<p><strong>El hecho<\/strong><br>El hecho ocurri\u00f3 el <strong>20 de agosto de 2025<\/strong>, entre las <strong>19 y 20 horas<\/strong>, en el campo <strong>El Boitano<\/strong>, ubicado a unos <strong>25 kil\u00f3metros de La Humada<\/strong>. Ese puesto es conocido porque all\u00ed se film\u00f3 el documental de<strong> Cochengo Miranda<\/strong>, el padre de los dos hermanos.<\/p>\n\n\n\n<p>Seg\u00fan se reconstruy\u00f3 en la causa, el <strong>imputado<\/strong> -hermano de la v\u00edctima- efectu\u00f3 el disparo en el marco de una <strong>discusi\u00f3n<\/strong>. De acuerdo a la <strong>autopsia<\/strong> realizada en la <strong>Morgue Judicial de General Pico<\/strong>, la muerte se produjo por un <strong>\u00fanico impacto de arma de fuego<\/strong> que ingres\u00f3 en la zona del <strong>hipocondrio derecho<\/strong> y, en su trayectoria, provoc\u00f3 una <strong>laceraci\u00f3n en la arteria aorta abdominal<\/strong>. En un primer momento, incluso, se hab\u00eda se\u00f1alado que podr\u00edan haberse escuchado <strong>m\u00e1s de un disparo<\/strong>.<\/p>\n\n\n\n<div style=\"height:100px\" aria-hidden=\"true\" class=\"wp-block-spacer\"><\/div>\n\n\n\n<p><strong>Un fallo clave: inimputabilidad, pero con encierro<\/strong><\/p>\n\n\n\n<p>Lo central de la resoluci\u00f3n judicial radica en una <strong>particularidad poco frecuente<\/strong>: si bien el imputado fue <strong>sobrese\u00eddo<\/strong> \u2014lo que implica que no puede ser <strong>condenado penalmente<\/strong>\u2014, el Tribunal consider\u00f3 acreditado que representa un <strong>riesgo para s\u00ed mismo y para terceros<\/strong>, por lo que dispuso su <strong>internaci\u00f3n compulsiva<\/strong>.<\/p>\n\n\n\n<p><br>Este punto fue ratificado por el <strong>juez Filinto Rebechi<\/strong> al rechazar las <strong>impugnaciones<\/strong> tanto de la <strong>defensa<\/strong> como de la <strong>querella<\/strong>, confirmando la <strong>medida de seguridad<\/strong> solicitada por el <strong>fiscal Enzo Rangone<\/strong> de la <strong>Cuarta Circunscripci\u00f3n<\/strong> del <strong>Ministerio P\u00fablico Fiscal<\/strong>.<\/p>\n\n\n\n<p><br>A diferencia de la mayor\u00eda de los <strong>sobreseimientos<\/strong>, que no conllevan <strong>consecuencias restrictivas de la libertad<\/strong>, en este caso la <strong>Justicia<\/strong> resolvi\u00f3 una <strong>privaci\u00f3n prolongada<\/strong> en el \u00e1mbito de <strong>salud mental<\/strong>, basada en <strong>criterios cl\u00ednicos<\/strong> y de <strong>peligrosidad<\/strong>.<\/p>\n\n\n\n<div style=\"height:100px\" aria-hidden=\"true\" class=\"wp-block-spacer\"><\/div>\n\n\n\n<p><strong>Los informes m\u00e9dicos, determinantes<\/strong><\/p>\n\n\n\n<p>La decisi\u00f3n judicial se apoy\u00f3 en una <strong>bater\u00eda de informes<\/strong> elaborados por al menos <strong>tres psiquiatras<\/strong> y <strong>dos psic\u00f3logos<\/strong>, quienes coincidieron en que <strong>Miranda<\/strong> padece un <strong>trastorno psic\u00f3tico cr\u00f3nico<\/strong>.<\/p>\n\n\n\n<p><br>Los <strong>peritajes<\/strong> concluyeron que el imputado presenta <strong>\u201cideas delirantes persistentes de tipo paranoide\u201d<\/strong>, con un <strong>juicio de la realidad alterado<\/strong> y una marcada <strong>incapacidad para dirigir sus acciones<\/strong>.<\/p>\n\n\n\n<p><br>Si bien los especialistas se\u00f1alaron que <strong>Miranda<\/strong> pod\u00eda comprender, en t\u00e9rminos generales, que <strong>matar es un delito<\/strong>, tambi\u00e9n destacaron que su conducta estuvo atravesada por un <strong>delirio persecutorio<\/strong> que condicion\u00f3 completamente su accionar al momento del hecho.<\/p>\n\n\n\n<p><br>Adem\u00e1s, se estableci\u00f3 que no posee actualmente <strong>capacidades psicojur\u00eddicas<\/strong> para afrontar un <strong>proceso penal<\/strong>, lo que refuerza su condici\u00f3n de <strong>inimputable<\/strong>.<\/p>\n\n\n\n<div style=\"height:100px\" aria-hidden=\"true\" class=\"wp-block-spacer\"><\/div>\n\n\n\n<p><strong>Riesgo cierto y necesidad de tratamiento<\/strong><\/p>\n\n\n\n<p>Otro de los puntos clave del fallo es la <strong>evaluaci\u00f3n del riesgo<\/strong>. Los informes periciales indicaron que <strong>Miranda<\/strong> presenta un <strong>\u201criesgo cierto e inminente para terceros\u201d<\/strong>, asociado a su <strong>cuadro psic\u00f3tico<\/strong>, su <strong>impulsividad<\/strong> y antecedentes de <strong>conductas agresivas<\/strong>.<\/p>\n\n\n\n<p>En ese contexto, los especialistas recomendaron su <strong>internaci\u00f3n<\/strong> en un <strong>dispositivo especializado de salud mental<\/strong>, con <strong>abordaje interdisciplinario<\/strong> y <strong>seguimiento a largo plazo<\/strong>.<\/p>\n\n\n\n<div style=\"height:100px\" aria-hidden=\"true\" class=\"wp-block-spacer\"><\/div>\n\n\n\n<p><strong>Un caso que marca precedente<\/strong><\/p>\n\n\n\n<p>El fallo adquiere relevancia dentro del <strong>sistema judicial pampeano<\/strong> por la combinaci\u00f3n de dos decisiones que no siempre aparecen juntas: el <strong>sobreseimiento por inimputabilidad<\/strong> y la <strong>imposici\u00f3n de una medida de seguridad de larga duraci\u00f3n<\/strong>.<\/p>\n\n\n\n<p>La resoluci\u00f3n deja en claro que, aun cuando una persona no pueda ser <strong>penalmente responsable<\/strong> por sus actos debido a una <strong>enfermedad mental<\/strong>, el <strong>Estado<\/strong> puede intervenir para <strong>prevenir nuevos hechos violentos<\/strong>, priorizando la <strong>protecci\u00f3n social<\/strong> y el <strong>tratamiento del paciente<\/strong>.<\/p>\n\n\n\n<p>El caso de <strong>La Humada<\/strong>, atravesado por un <strong>conflicto familiar<\/strong> y una <strong>patolog\u00eda no tratada<\/strong>, vuelve a poner en discusi\u00f3n el cruce entre <strong>salud mental<\/strong> y <strong>justicia penal<\/strong>, y el alcance de las <strong>respuestas institucionales<\/strong> frente a situaciones de <strong>extrema gravedad<\/strong>.<\/p>\n\n\n\n<p><\/p>\n","protected":false},"excerpt":{"rendered":"<p>El Tribunal de Impugnaci\u00f3n Penal de La Pampa confirm\u00f3 este 28 de abril el sobreseimiento por inimputabilidad de O. R. Miranda, el hombre acusado de matar a su hermano en&hellip;<\/p>\n","protected":false},"author":3,"featured_media":305006,"comment_status":"closed","ping_status":"open","sticky":false,"template":"","format":"standard","meta":{"_acf_changed":false,"footnotes":""},"categories":[4,20],"tags":[],"class_list":["post-326029","post","type-post","status-publish","format-standard","has-post-thumbnail","hentry","category-destacadas","category-campo"],"acf":[],"yoast_head":"<!-- This site is optimized with the Yoast SEO plugin v27.5 - https:\/\/yoast.com\/product\/yoast-seo-wordpress\/ -->\n<title>Mat\u00f3 a su hermano en el puesto El Boitano y fue sobrese\u00eddo pero ser\u00e1 internado por 10 a\u00f1os - Diario Textual<\/title>\n<meta name=\"robots\" content=\"index, follow, max-snippet:-1, max-image-preview:large, max-video-preview:-1\" \/>\n<link rel=\"canonical\" href=\"https:\/\/diariotextual.com\/inicio\/index.php\/2026\/04\/30\/mato-a-su-hermano-en-la-humada-y-fue-sobreseido-los-fundamentos-de-la-sentencia\/\" \/>\n<meta property=\"og:locale\" content=\"es_ES\" \/>\n<meta property=\"og:type\" content=\"article\" \/>\n<meta property=\"og:title\" content=\"Mat\u00f3 a su hermano en el puesto El Boitano y fue sobrese\u00eddo pero ser\u00e1 internado por 10 a\u00f1os - Diario Textual\" \/>\n<meta property=\"og:description\" content=\"El Tribunal de Impugnaci\u00f3n Penal de La Pampa confirm\u00f3 este 28 de abril el sobreseimiento por inimputabilidad de O. R. Miranda, el hombre acusado de matar a su hermano en&hellip;\" \/>\n<meta property=\"og:url\" content=\"https:\/\/diariotextual.com\/inicio\/index.php\/2026\/04\/30\/mato-a-su-hermano-en-la-humada-y-fue-sobreseido-los-fundamentos-de-la-sentencia\/\" \/>\n<meta property=\"og:site_name\" content=\"Diario Textual\" \/>\n<meta property=\"article:publisher\" content=\"https:\/\/www.facebook.com\/eltextual\" \/>\n<meta property=\"article:published_time\" content=\"2026-04-30T14:08:00+00:00\" \/>\n<meta property=\"article:modified_time\" content=\"2026-04-30T14:46:52+00:00\" \/>\n<meta property=\"og:image\" content=\"https:\/\/diariotextual.com\/inicio\/wp-content\/uploads\/2025\/08\/crimenasesinatoelboitanomiranda2025-1.jpg\" \/>\n\t<meta property=\"og:image:width\" content=\"960\" \/>\n\t<meta property=\"og:image:height\" content=\"529\" \/>\n\t<meta property=\"og:image:type\" content=\"image\/jpeg\" \/>\n<meta name=\"author\" content=\"Diario1 Diario1\" \/>\n<meta name=\"twitter:card\" content=\"summary_large_image\" \/>\n<meta name=\"twitter:creator\" content=\"@eltextual\" \/>\n<meta name=\"twitter:site\" content=\"@eltextual\" \/>\n<meta name=\"twitter:label1\" content=\"Escrito por\" \/>\n\t<meta name=\"twitter:data1\" content=\"Diario1 Diario1\" \/>\n\t<meta name=\"twitter:label2\" content=\"Tiempo de lectura\" \/>\n\t<meta name=\"twitter:data2\" content=\"4 minutos\" \/>\n<script type=\"application\/ld+json\" class=\"yoast-schema-graph\">{\"@context\":\"https:\\\/\\\/schema.org\",\"@graph\":[{\"@type\":\"Article\",\"@id\":\"https:\\\/\\\/diariotextual.com\\\/inicio\\\/index.php\\\/2026\\\/04\\\/30\\\/mato-a-su-hermano-en-la-humada-y-fue-sobreseido-los-fundamentos-de-la-sentencia\\\/#article\",\"isPartOf\":{\"@id\":\"https:\\\/\\\/diariotextual.com\\\/inicio\\\/index.php\\\/2026\\\/04\\\/30\\\/mato-a-su-hermano-en-la-humada-y-fue-sobreseido-los-fundamentos-de-la-sentencia\\\/\"},\"author\":{\"name\":\"Diario1 Diario1\",\"@id\":\"https:\\\/\\\/diariotextual.com\\\/inicio\\\/#\\\/schema\\\/person\\\/418fc4093c33e86ed41562db3508f958\"},\"headline\":\"Mat\u00f3 a su hermano en el puesto El Boitano y fue sobrese\u00eddo pero ser\u00e1 internado por 10 a\u00f1os\",\"datePublished\":\"2026-04-30T14:08:00+00:00\",\"dateModified\":\"2026-04-30T14:46:52+00:00\",\"mainEntityOfPage\":{\"@id\":\"https:\\\/\\\/diariotextual.com\\\/inicio\\\/index.php\\\/2026\\\/04\\\/30\\\/mato-a-su-hermano-en-la-humada-y-fue-sobreseido-los-fundamentos-de-la-sentencia\\\/\"},\"wordCount\":779,\"publisher\":{\"@id\":\"https:\\\/\\\/diariotextual.com\\\/inicio\\\/#organization\"},\"image\":{\"@id\":\"https:\\\/\\\/diariotextual.com\\\/inicio\\\/index.php\\\/2026\\\/04\\\/30\\\/mato-a-su-hermano-en-la-humada-y-fue-sobreseido-los-fundamentos-de-la-sentencia\\\/#primaryimage\"},\"thumbnailUrl\":\"https:\\\/\\\/diariotextual.com\\\/inicio\\\/wp-content\\\/uploads\\\/2025\\\/08\\\/crimenasesinatoelboitanomiranda2025-1.jpg\",\"articleSection\":[\"A - DESTACADAS (mod 16)\",\"CAMPO\"],\"inLanguage\":\"es\"},{\"@type\":\"WebPage\",\"@id\":\"https:\\\/\\\/diariotextual.com\\\/inicio\\\/index.php\\\/2026\\\/04\\\/30\\\/mato-a-su-hermano-en-la-humada-y-fue-sobreseido-los-fundamentos-de-la-sentencia\\\/\",\"url\":\"https:\\\/\\\/diariotextual.com\\\/inicio\\\/index.php\\\/2026\\\/04\\\/30\\\/mato-a-su-hermano-en-la-humada-y-fue-sobreseido-los-fundamentos-de-la-sentencia\\\/\",\"name\":\"Mat\u00f3 a su hermano en el puesto El Boitano y fue sobrese\u00eddo pero ser\u00e1 internado por 10 a\u00f1os - Diario Textual\",\"isPartOf\":{\"@id\":\"https:\\\/\\\/diariotextual.com\\\/inicio\\\/#website\"},\"primaryImageOfPage\":{\"@id\":\"https:\\\/\\\/diariotextual.com\\\/inicio\\\/index.php\\\/2026\\\/04\\\/30\\\/mato-a-su-hermano-en-la-humada-y-fue-sobreseido-los-fundamentos-de-la-sentencia\\\/#primaryimage\"},\"image\":{\"@id\":\"https:\\\/\\\/diariotextual.com\\\/inicio\\\/index.php\\\/2026\\\/04\\\/30\\\/mato-a-su-hermano-en-la-humada-y-fue-sobreseido-los-fundamentos-de-la-sentencia\\\/#primaryimage\"},\"thumbnailUrl\":\"https:\\\/\\\/diariotextual.com\\\/inicio\\\/wp-content\\\/uploads\\\/2025\\\/08\\\/crimenasesinatoelboitanomiranda2025-1.jpg\",\"datePublished\":\"2026-04-30T14:08:00+00:00\",\"dateModified\":\"2026-04-30T14:46:52+00:00\",\"breadcrumb\":{\"@id\":\"https:\\\/\\\/diariotextual.com\\\/inicio\\\/index.php\\\/2026\\\/04\\\/30\\\/mato-a-su-hermano-en-la-humada-y-fue-sobreseido-los-fundamentos-de-la-sentencia\\\/#breadcrumb\"},\"inLanguage\":\"es\",\"potentialAction\":[{\"@type\":\"ReadAction\",\"target\":[\"https:\\\/\\\/diariotextual.com\\\/inicio\\\/index.php\\\/2026\\\/04\\\/30\\\/mato-a-su-hermano-en-la-humada-y-fue-sobreseido-los-fundamentos-de-la-sentencia\\\/\"]}]},{\"@type\":\"ImageObject\",\"inLanguage\":\"es\",\"@id\":\"https:\\\/\\\/diariotextual.com\\\/inicio\\\/index.php\\\/2026\\\/04\\\/30\\\/mato-a-su-hermano-en-la-humada-y-fue-sobreseido-los-fundamentos-de-la-sentencia\\\/#primaryimage\",\"url\":\"https:\\\/\\\/diariotextual.com\\\/inicio\\\/wp-content\\\/uploads\\\/2025\\\/08\\\/crimenasesinatoelboitanomiranda2025-1.jpg\",\"contentUrl\":\"https:\\\/\\\/diariotextual.com\\\/inicio\\\/wp-content\\\/uploads\\\/2025\\\/08\\\/crimenasesinatoelboitanomiranda2025-1.jpg\",\"width\":960,\"height\":529},{\"@type\":\"BreadcrumbList\",\"@id\":\"https:\\\/\\\/diariotextual.com\\\/inicio\\\/index.php\\\/2026\\\/04\\\/30\\\/mato-a-su-hermano-en-la-humada-y-fue-sobreseido-los-fundamentos-de-la-sentencia\\\/#breadcrumb\",\"itemListElement\":[{\"@type\":\"ListItem\",\"position\":1,\"name\":\"Portada\",\"item\":\"https:\\\/\\\/diariotextual.com\\\/inicio\\\/\"},{\"@type\":\"ListItem\",\"position\":2,\"name\":\"Mat\u00f3 a su hermano en el puesto El Boitano y fue sobrese\u00eddo pero ser\u00e1 internado por 10 a\u00f1os\"}]},{\"@type\":\"WebSite\",\"@id\":\"https:\\\/\\\/diariotextual.com\\\/inicio\\\/#website\",\"url\":\"https:\\\/\\\/diariotextual.com\\\/inicio\\\/\",\"name\":\"Diario Textual\",\"description\":\"\",\"publisher\":{\"@id\":\"https:\\\/\\\/diariotextual.com\\\/inicio\\\/#organization\"},\"potentialAction\":[{\"@type\":\"SearchAction\",\"target\":{\"@type\":\"EntryPoint\",\"urlTemplate\":\"https:\\\/\\\/diariotextual.com\\\/inicio\\\/?s={search_term_string}\"},\"query-input\":{\"@type\":\"PropertyValueSpecification\",\"valueRequired\":true,\"valueName\":\"search_term_string\"}}],\"inLanguage\":\"es\"},{\"@type\":\"Organization\",\"@id\":\"https:\\\/\\\/diariotextual.com\\\/inicio\\\/#organization\",\"name\":\"Diario Textual\",\"url\":\"https:\\\/\\\/diariotextual.com\\\/inicio\\\/\",\"logo\":{\"@type\":\"ImageObject\",\"inLanguage\":\"es\",\"@id\":\"https:\\\/\\\/diariotextual.com\\\/inicio\\\/#\\\/schema\\\/logo\\\/image\\\/\",\"url\":\"https:\\\/\\\/diariotextual.com\\\/inicio\\\/wp-content\\\/uploads\\\/2023\\\/05\\\/logotextual1.jpg\",\"contentUrl\":\"https:\\\/\\\/diariotextual.com\\\/inicio\\\/wp-content\\\/uploads\\\/2023\\\/05\\\/logotextual1.jpg\",\"width\":516,\"height\":76,\"caption\":\"Diario Textual\"},\"image\":{\"@id\":\"https:\\\/\\\/diariotextual.com\\\/inicio\\\/#\\\/schema\\\/logo\\\/image\\\/\"},\"sameAs\":[\"https:\\\/\\\/www.facebook.com\\\/eltextual\",\"https:\\\/\\\/x.com\\\/eltextual\",\"http:\\\/\\\/www.instagram.com\\\/eltextual\"]},{\"@type\":\"Person\",\"@id\":\"https:\\\/\\\/diariotextual.com\\\/inicio\\\/#\\\/schema\\\/person\\\/418fc4093c33e86ed41562db3508f958\",\"name\":\"Diario1 Diario1\",\"image\":{\"@type\":\"ImageObject\",\"inLanguage\":\"es\",\"@id\":\"https:\\\/\\\/secure.gravatar.com\\\/avatar\\\/9167d280179c85bc18be67aa7eda765854300033af4896dd779b608640f2ef7a?s=96&d=mm&r=g\",\"url\":\"https:\\\/\\\/secure.gravatar.com\\\/avatar\\\/9167d280179c85bc18be67aa7eda765854300033af4896dd779b608640f2ef7a?s=96&d=mm&r=g\",\"contentUrl\":\"https:\\\/\\\/secure.gravatar.com\\\/avatar\\\/9167d280179c85bc18be67aa7eda765854300033af4896dd779b608640f2ef7a?s=96&d=mm&r=g\",\"caption\":\"Diario1 Diario1\"},\"url\":\"https:\\\/\\\/diariotextual.com\\\/inicio\\\/index.php\\\/author\\\/diario1\\\/\"}]}<\/script>\n<!-- \/ Yoast SEO plugin. -->","yoast_head_json":{"title":"Mat\u00f3 a su hermano en el puesto El Boitano y fue sobrese\u00eddo pero ser\u00e1 internado por 10 a\u00f1os - Diario Textual","robots":{"index":"index","follow":"follow","max-snippet":"max-snippet:-1","max-image-preview":"max-image-preview:large","max-video-preview":"max-video-preview:-1"},"canonical":"https:\/\/diariotextual.com\/inicio\/index.php\/2026\/04\/30\/mato-a-su-hermano-en-la-humada-y-fue-sobreseido-los-fundamentos-de-la-sentencia\/","og_locale":"es_ES","og_type":"article","og_title":"Mat\u00f3 a su hermano en el puesto El Boitano y fue sobrese\u00eddo pero ser\u00e1 internado por 10 a\u00f1os - Diario Textual","og_description":"El Tribunal de Impugnaci\u00f3n Penal de La Pampa confirm\u00f3 este 28 de abril el sobreseimiento por inimputabilidad de O. R. Miranda, el hombre acusado de matar a su hermano en&hellip;","og_url":"https:\/\/diariotextual.com\/inicio\/index.php\/2026\/04\/30\/mato-a-su-hermano-en-la-humada-y-fue-sobreseido-los-fundamentos-de-la-sentencia\/","og_site_name":"Diario Textual","article_publisher":"https:\/\/www.facebook.com\/eltextual","article_published_time":"2026-04-30T14:08:00+00:00","article_modified_time":"2026-04-30T14:46:52+00:00","og_image":[{"width":960,"height":529,"url":"https:\/\/diariotextual.com\/inicio\/wp-content\/uploads\/2025\/08\/crimenasesinatoelboitanomiranda2025-1.jpg","type":"image\/jpeg"}],"author":"Diario1 Diario1","twitter_card":"summary_large_image","twitter_creator":"@eltextual","twitter_site":"@eltextual","twitter_misc":{"Escrito por":"Diario1 Diario1","Tiempo de lectura":"4 minutos"},"schema":{"@context":"https:\/\/schema.org","@graph":[{"@type":"Article","@id":"https:\/\/diariotextual.com\/inicio\/index.php\/2026\/04\/30\/mato-a-su-hermano-en-la-humada-y-fue-sobreseido-los-fundamentos-de-la-sentencia\/#article","isPartOf":{"@id":"https:\/\/diariotextual.com\/inicio\/index.php\/2026\/04\/30\/mato-a-su-hermano-en-la-humada-y-fue-sobreseido-los-fundamentos-de-la-sentencia\/"},"author":{"name":"Diario1 Diario1","@id":"https:\/\/diariotextual.com\/inicio\/#\/schema\/person\/418fc4093c33e86ed41562db3508f958"},"headline":"Mat\u00f3 a su hermano en el puesto El Boitano y fue sobrese\u00eddo pero ser\u00e1 internado por 10 a\u00f1os","datePublished":"2026-04-30T14:08:00+00:00","dateModified":"2026-04-30T14:46:52+00:00","mainEntityOfPage":{"@id":"https:\/\/diariotextual.com\/inicio\/index.php\/2026\/04\/30\/mato-a-su-hermano-en-la-humada-y-fue-sobreseido-los-fundamentos-de-la-sentencia\/"},"wordCount":779,"publisher":{"@id":"https:\/\/diariotextual.com\/inicio\/#organization"},"image":{"@id":"https:\/\/diariotextual.com\/inicio\/index.php\/2026\/04\/30\/mato-a-su-hermano-en-la-humada-y-fue-sobreseido-los-fundamentos-de-la-sentencia\/#primaryimage"},"thumbnailUrl":"https:\/\/diariotextual.com\/inicio\/wp-content\/uploads\/2025\/08\/crimenasesinatoelboitanomiranda2025-1.jpg","articleSection":["A - DESTACADAS (mod 16)","CAMPO"],"inLanguage":"es"},{"@type":"WebPage","@id":"https:\/\/diariotextual.com\/inicio\/index.php\/2026\/04\/30\/mato-a-su-hermano-en-la-humada-y-fue-sobreseido-los-fundamentos-de-la-sentencia\/","url":"https:\/\/diariotextual.com\/inicio\/index.php\/2026\/04\/30\/mato-a-su-hermano-en-la-humada-y-fue-sobreseido-los-fundamentos-de-la-sentencia\/","name":"Mat\u00f3 a su hermano en el puesto El Boitano y fue sobrese\u00eddo pero ser\u00e1 internado por 10 a\u00f1os - Diario Textual","isPartOf":{"@id":"https:\/\/diariotextual.com\/inicio\/#website"},"primaryImageOfPage":{"@id":"https:\/\/diariotextual.com\/inicio\/index.php\/2026\/04\/30\/mato-a-su-hermano-en-la-humada-y-fue-sobreseido-los-fundamentos-de-la-sentencia\/#primaryimage"},"image":{"@id":"https:\/\/diariotextual.com\/inicio\/index.php\/2026\/04\/30\/mato-a-su-hermano-en-la-humada-y-fue-sobreseido-los-fundamentos-de-la-sentencia\/#primaryimage"},"thumbnailUrl":"https:\/\/diariotextual.com\/inicio\/wp-content\/uploads\/2025\/08\/crimenasesinatoelboitanomiranda2025-1.jpg","datePublished":"2026-04-30T14:08:00+00:00","dateModified":"2026-04-30T14:46:52+00:00","breadcrumb":{"@id":"https:\/\/diariotextual.com\/inicio\/index.php\/2026\/04\/30\/mato-a-su-hermano-en-la-humada-y-fue-sobreseido-los-fundamentos-de-la-sentencia\/#breadcrumb"},"inLanguage":"es","potentialAction":[{"@type":"ReadAction","target":["https:\/\/diariotextual.com\/inicio\/index.php\/2026\/04\/30\/mato-a-su-hermano-en-la-humada-y-fue-sobreseido-los-fundamentos-de-la-sentencia\/"]}]},{"@type":"ImageObject","inLanguage":"es","@id":"https:\/\/diariotextual.com\/inicio\/index.php\/2026\/04\/30\/mato-a-su-hermano-en-la-humada-y-fue-sobreseido-los-fundamentos-de-la-sentencia\/#primaryimage","url":"https:\/\/diariotextual.com\/inicio\/wp-content\/uploads\/2025\/08\/crimenasesinatoelboitanomiranda2025-1.jpg","contentUrl":"https:\/\/diariotextual.com\/inicio\/wp-content\/uploads\/2025\/08\/crimenasesinatoelboitanomiranda2025-1.jpg","width":960,"height":529},{"@type":"BreadcrumbList","@id":"https:\/\/diariotextual.com\/inicio\/index.php\/2026\/04\/30\/mato-a-su-hermano-en-la-humada-y-fue-sobreseido-los-fundamentos-de-la-sentencia\/#breadcrumb","itemListElement":[{"@type":"ListItem","position":1,"name":"Portada","item":"https:\/\/diariotextual.com\/inicio\/"},{"@type":"ListItem","position":2,"name":"Mat\u00f3 a su hermano en el puesto El Boitano y fue sobrese\u00eddo pero ser\u00e1 internado por 10 a\u00f1os"}]},{"@type":"WebSite","@id":"https:\/\/diariotextual.com\/inicio\/#website","url":"https:\/\/diariotextual.com\/inicio\/","name":"Diario Textual","description":"","publisher":{"@id":"https:\/\/diariotextual.com\/inicio\/#organization"},"potentialAction":[{"@type":"SearchAction","target":{"@type":"EntryPoint","urlTemplate":"https:\/\/diariotextual.com\/inicio\/?s={search_term_string}"},"query-input":{"@type":"PropertyValueSpecification","valueRequired":true,"valueName":"search_term_string"}}],"inLanguage":"es"},{"@type":"Organization","@id":"https:\/\/diariotextual.com\/inicio\/#organization","name":"Diario Textual","url":"https:\/\/diariotextual.com\/inicio\/","logo":{"@type":"ImageObject","inLanguage":"es","@id":"https:\/\/diariotextual.com\/inicio\/#\/schema\/logo\/image\/","url":"https:\/\/diariotextual.com\/inicio\/wp-content\/uploads\/2023\/05\/logotextual1.jpg","contentUrl":"https:\/\/diariotextual.com\/inicio\/wp-content\/uploads\/2023\/05\/logotextual1.jpg","width":516,"height":76,"caption":"Diario Textual"},"image":{"@id":"https:\/\/diariotextual.com\/inicio\/#\/schema\/logo\/image\/"},"sameAs":["https:\/\/www.facebook.com\/eltextual","https:\/\/x.com\/eltextual","http:\/\/www.instagram.com\/eltextual"]},{"@type":"Person","@id":"https:\/\/diariotextual.com\/inicio\/#\/schema\/person\/418fc4093c33e86ed41562db3508f958","name":"Diario1 Diario1","image":{"@type":"ImageObject","inLanguage":"es","@id":"https:\/\/secure.gravatar.com\/avatar\/9167d280179c85bc18be67aa7eda765854300033af4896dd779b608640f2ef7a?s=96&d=mm&r=g","url":"https:\/\/secure.gravatar.com\/avatar\/9167d280179c85bc18be67aa7eda765854300033af4896dd779b608640f2ef7a?s=96&d=mm&r=g","contentUrl":"https:\/\/secure.gravatar.com\/avatar\/9167d280179c85bc18be67aa7eda765854300033af4896dd779b608640f2ef7a?s=96&d=mm&r=g","caption":"Diario1 Diario1"},"url":"https:\/\/diariotextual.com\/inicio\/index.php\/author\/diario1\/"}]}},"_links":{"self":[{"href":"https:\/\/diariotextual.com\/inicio\/index.php\/wp-json\/wp\/v2\/posts\/326029","targetHints":{"allow":["GET"]}}],"collection":[{"href":"https:\/\/diariotextual.com\/inicio\/index.php\/wp-json\/wp\/v2\/posts"}],"about":[{"href":"https:\/\/diariotextual.com\/inicio\/index.php\/wp-json\/wp\/v2\/types\/post"}],"author":[{"embeddable":true,"href":"https:\/\/diariotextual.com\/inicio\/index.php\/wp-json\/wp\/v2\/users\/3"}],"replies":[{"embeddable":true,"href":"https:\/\/diariotextual.com\/inicio\/index.php\/wp-json\/wp\/v2\/comments?post=326029"}],"version-history":[{"count":6,"href":"https:\/\/diariotextual.com\/inicio\/index.php\/wp-json\/wp\/v2\/posts\/326029\/revisions"}],"predecessor-version":[{"id":326068,"href":"https:\/\/diariotextual.com\/inicio\/index.php\/wp-json\/wp\/v2\/posts\/326029\/revisions\/326068"}],"wp:featuredmedia":[{"embeddable":true,"href":"https:\/\/diariotextual.com\/inicio\/index.php\/wp-json\/wp\/v2\/media\/305006"}],"wp:attachment":[{"href":"https:\/\/diariotextual.com\/inicio\/index.php\/wp-json\/wp\/v2\/media?parent=326029"}],"wp:term":[{"taxonomy":"category","embeddable":true,"href":"https:\/\/diariotextual.com\/inicio\/index.php\/wp-json\/wp\/v2\/categories?post=326029"},{"taxonomy":"post_tag","embeddable":true,"href":"https:\/\/diariotextual.com\/inicio\/index.php\/wp-json\/wp\/v2\/tags?post=326029"}],"curies":[{"name":"wp","href":"https:\/\/api.w.org\/{rel}","templated":true}]}}