{"id":326042,"date":"2026-04-30T09:33:29","date_gmt":"2026-04-30T12:33:29","guid":{"rendered":"https:\/\/diariotextual.com\/inicio\/?p=326042"},"modified":"2026-04-30T09:34:23","modified_gmt":"2026-04-30T12:34:23","slug":"habra-otra-suba-en-combustibles-impacto-acotado-en-mayo-y-resto-en-junio","status":"publish","type":"post","link":"https:\/\/diariotextual.com\/inicio\/index.php\/2026\/04\/30\/habra-otra-suba-en-combustibles-impacto-acotado-en-mayo-y-resto-en-junio\/","title":{"rendered":"Habr\u00e1 otra suba en combustibles: impacto acotado en mayo y resto en junio"},"content":{"rendered":"\n<p>El Gobierno dispuso una <strong>actualizaci\u00f3n parcial de los impuestos a los combustibles para mayo del 0,5%<\/strong>, que impactar\u00e1 en los surtidores, y <strong>difiri\u00f3 para junio el resto del ajuste pendiente<\/strong>, mediante el <strong>Decreto 302\/2026<\/strong> publicado este jueves en el Bolet\u00edn Oficial. Se sumar\u00e1 al reciente incremento de <strong>YPF<\/strong>, definido esta semana, que llev\u00f3<strong><a href=\"https:\/\/diariotextual.com\/inicio\/index.php\/2026\/04\/29\/ypf-rompio-la-promesa-de-congelamiento-por-45-dias-los-nuevos-precios-en-santa-rosa\/\" target=\"_blank\" rel=\"noreferrer noopener\"> la nafta S\u00faper en Santa Rosa a 1.700 pesos.<\/a><\/strong><\/p>\n\n\n\n<p>La normativa, analizada por la <strong>Agencia Noticias Argentinas<\/strong>, determin\u00f3 el incremento en los montos de los <strong>impuestos sobre los Combustibles L\u00edquidos y al Di\u00f3xido de Carbono<\/strong>, para los hechos imponibles que se perfeccionen entre el <strong>1\u00b0 y el 31 de mayo de 2026<\/strong>.<\/p>\n\n\n\n<p>De esta manera, en el caso de la <strong>nafta sin plomo y nafta virgen<\/strong>, el costo trepa <strong>$10,398 por litro<\/strong> en el impuesto a los combustibles l\u00edquidos y <strong>$0,637<\/strong> en el impuesto al di\u00f3xido de carbono.<\/p>\n\n\n\n<p>En cuanto al <strong>gasoil<\/strong>, el tributo sube <strong>$9,269<\/strong> en el impuesto a los combustibles l\u00edquidos, a <strong>$5,019<\/strong> en el tratamiento diferencial para algunas regiones y a <strong>$1,056<\/strong> en el impuesto al di\u00f3xido de carbono.<\/p>\n\n\n\n<p>El ajuste rige en <strong>todo el pa\u00eds<\/strong>, con una aplicaci\u00f3n diferente para el gasoil destinado a las provincias de <strong>Neuqu\u00e9n, La Pampa, R\u00edo Negro, Chubut, Santa Cruz y Tierra del Fuego<\/strong>, el <strong>partido de Patagones<\/strong> en Buenos Aires y el <strong>departamento de Malarg\u00fce<\/strong> en Mendoza.<\/p>\n\n\n\n<p><\/p>\n\n\n\n<figure class=\"wp-block-embed is-type-wp-embed is-provider-diario-textual wp-block-embed-diario-textual\"><div class=\"wp-block-embed__wrapper\">\n<blockquote class=\"wp-embedded-content\" data-secret=\"FUUcrVdlMm\"><a href=\"https:\/\/diariotextual.com\/inicio\/index.php\/2026\/04\/29\/ypf-rompio-la-promesa-de-congelamiento-por-45-dias-los-nuevos-precios-en-santa-rosa\/\">YPF rompi\u00f3 la promesa de \u201ccongelamiento\u201d por 45 d\u00edas: los nuevos precios en Santa Rosa<\/a><\/blockquote><iframe class=\"wp-embedded-content\" sandbox=\"allow-scripts\" security=\"restricted\" style=\"position: absolute; visibility: hidden;\" title=\"\u00abYPF rompi\u00f3 la promesa de \u201ccongelamiento\u201d por 45 d\u00edas: los nuevos precios en Santa Rosa\u00bb \u2014 Diario Textual\" src=\"https:\/\/diariotextual.com\/inicio\/index.php\/2026\/04\/29\/ypf-rompio-la-promesa-de-congelamiento-por-45-dias-los-nuevos-precios-en-santa-rosa\/embed\/#?secret=Dim69tv73t#?secret=FUUcrVdlMm\" data-secret=\"FUUcrVdlMm\" width=\"600\" height=\"338\" frameborder=\"0\" marginwidth=\"0\" marginheight=\"0\" scrolling=\"no\"><\/iframe>\n<\/div><\/figure>\n\n\n\n<p><\/p>\n\n\n\n<p>Asimismo, el Ejecutivo estipul\u00f3 en el decreto que los efectos de los <strong>incrementos remanentes<\/strong> en los montos de los impuestos de las actualizaciones correspondientes a <strong>2024 y 2025<\/strong>, para la nafta sin plomo, la nafta virgen y el gasoil, <strong>no se apliquen completamente en mayo sino que pasen a junio<\/strong>.<\/p>\n\n\n\n<p>Al respecto, en el texto oficial se argument\u00f3 que <strong>\u201ccon el prop\u00f3sito de continuar estimulando el crecimiento de la econom\u00eda a trav\u00e9s de un sendero fiscal sostenible, resulta necesario, para los productos en cuesti\u00f3n, diferir parcialmente los incrementos remanentes originados en las referidas actualizaciones\u201d<\/strong>.<\/p>\n\n\n\n<p>La decisi\u00f3n se da en un escenario de <strong>creciente presi\u00f3n sobre los precios energ\u00e9ticos por la guerra en Medio Oriente<\/strong>, con el objetivo de <strong>evitar un mayor impacto en los surtidores y atenuar el efecto en la inflaci\u00f3n<\/strong>, que se viene acelerando en los \u00faltimos meses.<\/p>\n\n\n\n<p>De esta forma, la administraci\u00f3n de <strong>Javier Milei<\/strong> contin\u00faa <strong>desdoblando y postergando los aumentos impositivos plenos sobre los combustibles<\/strong>, con el objetivo de evitar un impacto considerable en los precios al p\u00fablico y, por consiguiente, en la inflaci\u00f3n.<\/p>\n\n\n\n<p>Las <strong>postergaciones de los aumentos impositivos a los combustibles dispuestas en 2025<\/strong> implicaron una <strong>resignaci\u00f3n de ingresos fiscales por un total de US$ 2.326 millones<\/strong>, de acuerdo con la estimaci\u00f3n de la consultora <strong>Econom\u00eda y Energ\u00eda<\/strong>.<\/p>\n\n\n\n<p><\/p>\n","protected":false},"excerpt":{"rendered":"<p>El Gobierno dispuso una actualizaci\u00f3n parcial de los impuestos a los combustibles para mayo del 0,5%, que impactar\u00e1 en los surtidores, y difiri\u00f3 para junio el resto del ajuste pendiente,&hellip;<\/p>\n","protected":false},"author":3,"featured_media":17327,"comment_status":"closed","ping_status":"open","sticky":false,"template":"","format":"standard","meta":{"_acf_changed":false,"footnotes":""},"categories":[1,5],"tags":[],"class_list":["post-326042","post","type-post","status-publish","format-standard","has-post-thumbnail","hentry","category-es-noticia","category-economia"],"acf":[],"yoast_head":"<!-- This site is optimized with the Yoast SEO plugin v27.5 - https:\/\/yoast.com\/product\/yoast-seo-wordpress\/ -->\n<title>Habr\u00e1 otra suba en combustibles: impacto acotado en mayo y resto en junio - Diario Textual<\/title>\n<meta name=\"robots\" content=\"index, follow, max-snippet:-1, max-image-preview:large, max-video-preview:-1\" \/>\n<link rel=\"canonical\" href=\"https:\/\/diariotextual.com\/inicio\/index.php\/2026\/04\/30\/habra-otra-suba-en-combustibles-impacto-acotado-en-mayo-y-resto-en-junio\/\" \/>\n<meta property=\"og:locale\" content=\"es_ES\" \/>\n<meta property=\"og:type\" content=\"article\" \/>\n<meta property=\"og:title\" content=\"Habr\u00e1 otra suba en combustibles: impacto acotado en mayo y resto en junio - Diario Textual\" \/>\n<meta property=\"og:description\" content=\"El Gobierno dispuso una actualizaci\u00f3n parcial de los impuestos a los combustibles para mayo del 0,5%, que impactar\u00e1 en los surtidores, y difiri\u00f3 para junio el resto del ajuste pendiente,&hellip;\" \/>\n<meta property=\"og:url\" content=\"https:\/\/diariotextual.com\/inicio\/index.php\/2026\/04\/30\/habra-otra-suba-en-combustibles-impacto-acotado-en-mayo-y-resto-en-junio\/\" \/>\n<meta property=\"og:site_name\" content=\"Diario Textual\" \/>\n<meta property=\"article:publisher\" content=\"https:\/\/www.facebook.com\/eltextual\" \/>\n<meta property=\"article:published_time\" content=\"2026-04-30T12:33:29+00:00\" \/>\n<meta property=\"article:modified_time\" content=\"2026-04-30T12:34:23+00:00\" \/>\n<meta property=\"og:image\" content=\"https:\/\/diariotextual.com\/inicio\/wp-content\/uploads\/2018\/08\/combustiblesnaftas888.jpg\" \/>\n\t<meta property=\"og:image:width\" content=\"864\" \/>\n\t<meta property=\"og:image:height\" content=\"565\" \/>\n\t<meta property=\"og:image:type\" content=\"image\/jpeg\" \/>\n<meta name=\"author\" content=\"Diario1 Diario1\" \/>\n<meta name=\"twitter:card\" content=\"summary_large_image\" \/>\n<meta name=\"twitter:creator\" content=\"@eltextual\" \/>\n<meta name=\"twitter:site\" content=\"@eltextual\" \/>\n<meta name=\"twitter:label1\" content=\"Escrito por\" \/>\n\t<meta name=\"twitter:data1\" content=\"Diario1 Diario1\" \/>\n\t<meta name=\"twitter:label2\" content=\"Tiempo de lectura\" \/>\n\t<meta name=\"twitter:data2\" content=\"3 minutos\" \/>\n<script type=\"application\/ld+json\" class=\"yoast-schema-graph\">{\"@context\":\"https:\\\/\\\/schema.org\",\"@graph\":[{\"@type\":\"Article\",\"@id\":\"https:\\\/\\\/diariotextual.com\\\/inicio\\\/index.php\\\/2026\\\/04\\\/30\\\/habra-otra-suba-en-combustibles-impacto-acotado-en-mayo-y-resto-en-junio\\\/#article\",\"isPartOf\":{\"@id\":\"https:\\\/\\\/diariotextual.com\\\/inicio\\\/index.php\\\/2026\\\/04\\\/30\\\/habra-otra-suba-en-combustibles-impacto-acotado-en-mayo-y-resto-en-junio\\\/\"},\"author\":{\"name\":\"Diario1 Diario1\",\"@id\":\"https:\\\/\\\/diariotextual.com\\\/inicio\\\/#\\\/schema\\\/person\\\/418fc4093c33e86ed41562db3508f958\"},\"headline\":\"Habr\u00e1 otra suba en combustibles: impacto acotado en mayo y resto en junio\",\"datePublished\":\"2026-04-30T12:33:29+00:00\",\"dateModified\":\"2026-04-30T12:34:23+00:00\",\"mainEntityOfPage\":{\"@id\":\"https:\\\/\\\/diariotextual.com\\\/inicio\\\/index.php\\\/2026\\\/04\\\/30\\\/habra-otra-suba-en-combustibles-impacto-acotado-en-mayo-y-resto-en-junio\\\/\"},\"wordCount\":470,\"publisher\":{\"@id\":\"https:\\\/\\\/diariotextual.com\\\/inicio\\\/#organization\"},\"image\":{\"@id\":\"https:\\\/\\\/diariotextual.com\\\/inicio\\\/index.php\\\/2026\\\/04\\\/30\\\/habra-otra-suba-en-combustibles-impacto-acotado-en-mayo-y-resto-en-junio\\\/#primaryimage\"},\"thumbnailUrl\":\"https:\\\/\\\/diariotextual.com\\\/inicio\\\/wp-content\\\/uploads\\\/2018\\\/08\\\/combustiblesnaftas888.jpg\",\"articleSection\":[\"A - ES NOTICIA (van abajo)\",\"ECONOMIA\"],\"inLanguage\":\"es\"},{\"@type\":\"WebPage\",\"@id\":\"https:\\\/\\\/diariotextual.com\\\/inicio\\\/index.php\\\/2026\\\/04\\\/30\\\/habra-otra-suba-en-combustibles-impacto-acotado-en-mayo-y-resto-en-junio\\\/\",\"url\":\"https:\\\/\\\/diariotextual.com\\\/inicio\\\/index.php\\\/2026\\\/04\\\/30\\\/habra-otra-suba-en-combustibles-impacto-acotado-en-mayo-y-resto-en-junio\\\/\",\"name\":\"Habr\u00e1 otra suba en combustibles: impacto acotado en mayo y resto en junio - Diario Textual\",\"isPartOf\":{\"@id\":\"https:\\\/\\\/diariotextual.com\\\/inicio\\\/#website\"},\"primaryImageOfPage\":{\"@id\":\"https:\\\/\\\/diariotextual.com\\\/inicio\\\/index.php\\\/2026\\\/04\\\/30\\\/habra-otra-suba-en-combustibles-impacto-acotado-en-mayo-y-resto-en-junio\\\/#primaryimage\"},\"image\":{\"@id\":\"https:\\\/\\\/diariotextual.com\\\/inicio\\\/index.php\\\/2026\\\/04\\\/30\\\/habra-otra-suba-en-combustibles-impacto-acotado-en-mayo-y-resto-en-junio\\\/#primaryimage\"},\"thumbnailUrl\":\"https:\\\/\\\/diariotextual.com\\\/inicio\\\/wp-content\\\/uploads\\\/2018\\\/08\\\/combustiblesnaftas888.jpg\",\"datePublished\":\"2026-04-30T12:33:29+00:00\",\"dateModified\":\"2026-04-30T12:34:23+00:00\",\"breadcrumb\":{\"@id\":\"https:\\\/\\\/diariotextual.com\\\/inicio\\\/index.php\\\/2026\\\/04\\\/30\\\/habra-otra-suba-en-combustibles-impacto-acotado-en-mayo-y-resto-en-junio\\\/#breadcrumb\"},\"inLanguage\":\"es\",\"potentialAction\":[{\"@type\":\"ReadAction\",\"target\":[\"https:\\\/\\\/diariotextual.com\\\/inicio\\\/index.php\\\/2026\\\/04\\\/30\\\/habra-otra-suba-en-combustibles-impacto-acotado-en-mayo-y-resto-en-junio\\\/\"]}]},{\"@type\":\"ImageObject\",\"inLanguage\":\"es\",\"@id\":\"https:\\\/\\\/diariotextual.com\\\/inicio\\\/index.php\\\/2026\\\/04\\\/30\\\/habra-otra-suba-en-combustibles-impacto-acotado-en-mayo-y-resto-en-junio\\\/#primaryimage\",\"url\":\"https:\\\/\\\/diariotextual.com\\\/inicio\\\/wp-content\\\/uploads\\\/2018\\\/08\\\/combustiblesnaftas888.jpg\",\"contentUrl\":\"https:\\\/\\\/diariotextual.com\\\/inicio\\\/wp-content\\\/uploads\\\/2018\\\/08\\\/combustiblesnaftas888.jpg\",\"width\":864,\"height\":565},{\"@type\":\"BreadcrumbList\",\"@id\":\"https:\\\/\\\/diariotextual.com\\\/inicio\\\/index.php\\\/2026\\\/04\\\/30\\\/habra-otra-suba-en-combustibles-impacto-acotado-en-mayo-y-resto-en-junio\\\/#breadcrumb\",\"itemListElement\":[{\"@type\":\"ListItem\",\"position\":1,\"name\":\"Portada\",\"item\":\"https:\\\/\\\/diariotextual.com\\\/inicio\\\/\"},{\"@type\":\"ListItem\",\"position\":2,\"name\":\"Habr\u00e1 otra suba en combustibles: impacto acotado en mayo y resto en junio\"}]},{\"@type\":\"WebSite\",\"@id\":\"https:\\\/\\\/diariotextual.com\\\/inicio\\\/#website\",\"url\":\"https:\\\/\\\/diariotextual.com\\\/inicio\\\/\",\"name\":\"Diario Textual\",\"description\":\"\",\"publisher\":{\"@id\":\"https:\\\/\\\/diariotextual.com\\\/inicio\\\/#organization\"},\"potentialAction\":[{\"@type\":\"SearchAction\",\"target\":{\"@type\":\"EntryPoint\",\"urlTemplate\":\"https:\\\/\\\/diariotextual.com\\\/inicio\\\/?s={search_term_string}\"},\"query-input\":{\"@type\":\"PropertyValueSpecification\",\"valueRequired\":true,\"valueName\":\"search_term_string\"}}],\"inLanguage\":\"es\"},{\"@type\":\"Organization\",\"@id\":\"https:\\\/\\\/diariotextual.com\\\/inicio\\\/#organization\",\"name\":\"Diario Textual\",\"url\":\"https:\\\/\\\/diariotextual.com\\\/inicio\\\/\",\"logo\":{\"@type\":\"ImageObject\",\"inLanguage\":\"es\",\"@id\":\"https:\\\/\\\/diariotextual.com\\\/inicio\\\/#\\\/schema\\\/logo\\\/image\\\/\",\"url\":\"https:\\\/\\\/diariotextual.com\\\/inicio\\\/wp-content\\\/uploads\\\/2023\\\/05\\\/logotextual1.jpg\",\"contentUrl\":\"https:\\\/\\\/diariotextual.com\\\/inicio\\\/wp-content\\\/uploads\\\/2023\\\/05\\\/logotextual1.jpg\",\"width\":516,\"height\":76,\"caption\":\"Diario Textual\"},\"image\":{\"@id\":\"https:\\\/\\\/diariotextual.com\\\/inicio\\\/#\\\/schema\\\/logo\\\/image\\\/\"},\"sameAs\":[\"https:\\\/\\\/www.facebook.com\\\/eltextual\",\"https:\\\/\\\/x.com\\\/eltextual\",\"http:\\\/\\\/www.instagram.com\\\/eltextual\"]},{\"@type\":\"Person\",\"@id\":\"https:\\\/\\\/diariotextual.com\\\/inicio\\\/#\\\/schema\\\/person\\\/418fc4093c33e86ed41562db3508f958\",\"name\":\"Diario1 Diario1\",\"image\":{\"@type\":\"ImageObject\",\"inLanguage\":\"es\",\"@id\":\"https:\\\/\\\/secure.gravatar.com\\\/avatar\\\/9167d280179c85bc18be67aa7eda765854300033af4896dd779b608640f2ef7a?s=96&d=mm&r=g\",\"url\":\"https:\\\/\\\/secure.gravatar.com\\\/avatar\\\/9167d280179c85bc18be67aa7eda765854300033af4896dd779b608640f2ef7a?s=96&d=mm&r=g\",\"contentUrl\":\"https:\\\/\\\/secure.gravatar.com\\\/avatar\\\/9167d280179c85bc18be67aa7eda765854300033af4896dd779b608640f2ef7a?s=96&d=mm&r=g\",\"caption\":\"Diario1 Diario1\"},\"url\":\"https:\\\/\\\/diariotextual.com\\\/inicio\\\/index.php\\\/author\\\/diario1\\\/\"}]}<\/script>\n<!-- \/ Yoast SEO plugin. -->","yoast_head_json":{"title":"Habr\u00e1 otra suba en combustibles: impacto acotado en mayo y resto en junio - Diario Textual","robots":{"index":"index","follow":"follow","max-snippet":"max-snippet:-1","max-image-preview":"max-image-preview:large","max-video-preview":"max-video-preview:-1"},"canonical":"https:\/\/diariotextual.com\/inicio\/index.php\/2026\/04\/30\/habra-otra-suba-en-combustibles-impacto-acotado-en-mayo-y-resto-en-junio\/","og_locale":"es_ES","og_type":"article","og_title":"Habr\u00e1 otra suba en combustibles: impacto acotado en mayo y resto en junio - Diario Textual","og_description":"El Gobierno dispuso una actualizaci\u00f3n parcial de los impuestos a los combustibles para mayo del 0,5%, que impactar\u00e1 en los surtidores, y difiri\u00f3 para junio el resto del ajuste pendiente,&hellip;","og_url":"https:\/\/diariotextual.com\/inicio\/index.php\/2026\/04\/30\/habra-otra-suba-en-combustibles-impacto-acotado-en-mayo-y-resto-en-junio\/","og_site_name":"Diario Textual","article_publisher":"https:\/\/www.facebook.com\/eltextual","article_published_time":"2026-04-30T12:33:29+00:00","article_modified_time":"2026-04-30T12:34:23+00:00","og_image":[{"width":864,"height":565,"url":"https:\/\/diariotextual.com\/inicio\/wp-content\/uploads\/2018\/08\/combustiblesnaftas888.jpg","type":"image\/jpeg"}],"author":"Diario1 Diario1","twitter_card":"summary_large_image","twitter_creator":"@eltextual","twitter_site":"@eltextual","twitter_misc":{"Escrito por":"Diario1 Diario1","Tiempo de lectura":"3 minutos"},"schema":{"@context":"https:\/\/schema.org","@graph":[{"@type":"Article","@id":"https:\/\/diariotextual.com\/inicio\/index.php\/2026\/04\/30\/habra-otra-suba-en-combustibles-impacto-acotado-en-mayo-y-resto-en-junio\/#article","isPartOf":{"@id":"https:\/\/diariotextual.com\/inicio\/index.php\/2026\/04\/30\/habra-otra-suba-en-combustibles-impacto-acotado-en-mayo-y-resto-en-junio\/"},"author":{"name":"Diario1 Diario1","@id":"https:\/\/diariotextual.com\/inicio\/#\/schema\/person\/418fc4093c33e86ed41562db3508f958"},"headline":"Habr\u00e1 otra suba en combustibles: impacto acotado en mayo y resto en junio","datePublished":"2026-04-30T12:33:29+00:00","dateModified":"2026-04-30T12:34:23+00:00","mainEntityOfPage":{"@id":"https:\/\/diariotextual.com\/inicio\/index.php\/2026\/04\/30\/habra-otra-suba-en-combustibles-impacto-acotado-en-mayo-y-resto-en-junio\/"},"wordCount":470,"publisher":{"@id":"https:\/\/diariotextual.com\/inicio\/#organization"},"image":{"@id":"https:\/\/diariotextual.com\/inicio\/index.php\/2026\/04\/30\/habra-otra-suba-en-combustibles-impacto-acotado-en-mayo-y-resto-en-junio\/#primaryimage"},"thumbnailUrl":"https:\/\/diariotextual.com\/inicio\/wp-content\/uploads\/2018\/08\/combustiblesnaftas888.jpg","articleSection":["A - ES NOTICIA (van abajo)","ECONOMIA"],"inLanguage":"es"},{"@type":"WebPage","@id":"https:\/\/diariotextual.com\/inicio\/index.php\/2026\/04\/30\/habra-otra-suba-en-combustibles-impacto-acotado-en-mayo-y-resto-en-junio\/","url":"https:\/\/diariotextual.com\/inicio\/index.php\/2026\/04\/30\/habra-otra-suba-en-combustibles-impacto-acotado-en-mayo-y-resto-en-junio\/","name":"Habr\u00e1 otra suba en combustibles: impacto acotado en mayo y resto en junio - Diario Textual","isPartOf":{"@id":"https:\/\/diariotextual.com\/inicio\/#website"},"primaryImageOfPage":{"@id":"https:\/\/diariotextual.com\/inicio\/index.php\/2026\/04\/30\/habra-otra-suba-en-combustibles-impacto-acotado-en-mayo-y-resto-en-junio\/#primaryimage"},"image":{"@id":"https:\/\/diariotextual.com\/inicio\/index.php\/2026\/04\/30\/habra-otra-suba-en-combustibles-impacto-acotado-en-mayo-y-resto-en-junio\/#primaryimage"},"thumbnailUrl":"https:\/\/diariotextual.com\/inicio\/wp-content\/uploads\/2018\/08\/combustiblesnaftas888.jpg","datePublished":"2026-04-30T12:33:29+00:00","dateModified":"2026-04-30T12:34:23+00:00","breadcrumb":{"@id":"https:\/\/diariotextual.com\/inicio\/index.php\/2026\/04\/30\/habra-otra-suba-en-combustibles-impacto-acotado-en-mayo-y-resto-en-junio\/#breadcrumb"},"inLanguage":"es","potentialAction":[{"@type":"ReadAction","target":["https:\/\/diariotextual.com\/inicio\/index.php\/2026\/04\/30\/habra-otra-suba-en-combustibles-impacto-acotado-en-mayo-y-resto-en-junio\/"]}]},{"@type":"ImageObject","inLanguage":"es","@id":"https:\/\/diariotextual.com\/inicio\/index.php\/2026\/04\/30\/habra-otra-suba-en-combustibles-impacto-acotado-en-mayo-y-resto-en-junio\/#primaryimage","url":"https:\/\/diariotextual.com\/inicio\/wp-content\/uploads\/2018\/08\/combustiblesnaftas888.jpg","contentUrl":"https:\/\/diariotextual.com\/inicio\/wp-content\/uploads\/2018\/08\/combustiblesnaftas888.jpg","width":864,"height":565},{"@type":"BreadcrumbList","@id":"https:\/\/diariotextual.com\/inicio\/index.php\/2026\/04\/30\/habra-otra-suba-en-combustibles-impacto-acotado-en-mayo-y-resto-en-junio\/#breadcrumb","itemListElement":[{"@type":"ListItem","position":1,"name":"Portada","item":"https:\/\/diariotextual.com\/inicio\/"},{"@type":"ListItem","position":2,"name":"Habr\u00e1 otra suba en combustibles: impacto acotado en mayo y resto en junio"}]},{"@type":"WebSite","@id":"https:\/\/diariotextual.com\/inicio\/#website","url":"https:\/\/diariotextual.com\/inicio\/","name":"Diario Textual","description":"","publisher":{"@id":"https:\/\/diariotextual.com\/inicio\/#organization"},"potentialAction":[{"@type":"SearchAction","target":{"@type":"EntryPoint","urlTemplate":"https:\/\/diariotextual.com\/inicio\/?s={search_term_string}"},"query-input":{"@type":"PropertyValueSpecification","valueRequired":true,"valueName":"search_term_string"}}],"inLanguage":"es"},{"@type":"Organization","@id":"https:\/\/diariotextual.com\/inicio\/#organization","name":"Diario Textual","url":"https:\/\/diariotextual.com\/inicio\/","logo":{"@type":"ImageObject","inLanguage":"es","@id":"https:\/\/diariotextual.com\/inicio\/#\/schema\/logo\/image\/","url":"https:\/\/diariotextual.com\/inicio\/wp-content\/uploads\/2023\/05\/logotextual1.jpg","contentUrl":"https:\/\/diariotextual.com\/inicio\/wp-content\/uploads\/2023\/05\/logotextual1.jpg","width":516,"height":76,"caption":"Diario Textual"},"image":{"@id":"https:\/\/diariotextual.com\/inicio\/#\/schema\/logo\/image\/"},"sameAs":["https:\/\/www.facebook.com\/eltextual","https:\/\/x.com\/eltextual","http:\/\/www.instagram.com\/eltextual"]},{"@type":"Person","@id":"https:\/\/diariotextual.com\/inicio\/#\/schema\/person\/418fc4093c33e86ed41562db3508f958","name":"Diario1 Diario1","image":{"@type":"ImageObject","inLanguage":"es","@id":"https:\/\/secure.gravatar.com\/avatar\/9167d280179c85bc18be67aa7eda765854300033af4896dd779b608640f2ef7a?s=96&d=mm&r=g","url":"https:\/\/secure.gravatar.com\/avatar\/9167d280179c85bc18be67aa7eda765854300033af4896dd779b608640f2ef7a?s=96&d=mm&r=g","contentUrl":"https:\/\/secure.gravatar.com\/avatar\/9167d280179c85bc18be67aa7eda765854300033af4896dd779b608640f2ef7a?s=96&d=mm&r=g","caption":"Diario1 Diario1"},"url":"https:\/\/diariotextual.com\/inicio\/index.php\/author\/diario1\/"}]}},"_links":{"self":[{"href":"https:\/\/diariotextual.com\/inicio\/index.php\/wp-json\/wp\/v2\/posts\/326042","targetHints":{"allow":["GET"]}}],"collection":[{"href":"https:\/\/diariotextual.com\/inicio\/index.php\/wp-json\/wp\/v2\/posts"}],"about":[{"href":"https:\/\/diariotextual.com\/inicio\/index.php\/wp-json\/wp\/v2\/types\/post"}],"author":[{"embeddable":true,"href":"https:\/\/diariotextual.com\/inicio\/index.php\/wp-json\/wp\/v2\/users\/3"}],"replies":[{"embeddable":true,"href":"https:\/\/diariotextual.com\/inicio\/index.php\/wp-json\/wp\/v2\/comments?post=326042"}],"version-history":[{"count":3,"href":"https:\/\/diariotextual.com\/inicio\/index.php\/wp-json\/wp\/v2\/posts\/326042\/revisions"}],"predecessor-version":[{"id":326045,"href":"https:\/\/diariotextual.com\/inicio\/index.php\/wp-json\/wp\/v2\/posts\/326042\/revisions\/326045"}],"wp:featuredmedia":[{"embeddable":true,"href":"https:\/\/diariotextual.com\/inicio\/index.php\/wp-json\/wp\/v2\/media\/17327"}],"wp:attachment":[{"href":"https:\/\/diariotextual.com\/inicio\/index.php\/wp-json\/wp\/v2\/media?parent=326042"}],"wp:term":[{"taxonomy":"category","embeddable":true,"href":"https:\/\/diariotextual.com\/inicio\/index.php\/wp-json\/wp\/v2\/categories?post=326042"},{"taxonomy":"post_tag","embeddable":true,"href":"https:\/\/diariotextual.com\/inicio\/index.php\/wp-json\/wp\/v2\/tags?post=326042"}],"curies":[{"name":"wp","href":"https:\/\/api.w.org\/{rel}","templated":true}]}}