{"id":326047,"date":"2026-04-30T09:44:46","date_gmt":"2026-04-30T12:44:46","guid":{"rendered":"https:\/\/diariotextual.com\/inicio\/?p=326047"},"modified":"2026-04-30T09:44:50","modified_gmt":"2026-04-30T12:44:50","slug":"sortean-la-reasignacion-de-causas-en-acha-por-la-puesta-en-marcha-de-la-oficina-de-gestion-comun","status":"publish","type":"post","link":"https:\/\/diariotextual.com\/inicio\/index.php\/2026\/04\/30\/sortean-la-reasignacion-de-causas-en-acha-por-la-puesta-en-marcha-de-la-oficina-de-gestion-comun\/","title":{"rendered":"Sortean la reasignaci\u00f3n de causas en Acha por la puesta en marcha de la Oficina de Gesti\u00f3n Com\u00fan"},"content":{"rendered":"\n<p>Este jueves, desde las 18 horas, se desarrollar\u00e1 en el Centro Judicial de Santa Rosa el <strong>sorteo para la reasignaci\u00f3n de causas<\/strong> que se est\u00e1n tramitando actualmente en el <strong>Juzgado en lo Civil, Comercial, Laboral y de Miner\u00eda N\u00b0 1 de General Acha<\/strong>; debido a que a partir del pr\u00f3ximo lunes comenzar\u00e1 a funcionar all\u00ed la <strong>Oficina de Gesti\u00f3n Com\u00fan<\/strong>.<\/p>\n\n\n\n<p>La actividad se desarrollar\u00e1 en la <strong>secretar\u00eda de Sistemas y Organizaci\u00f3n<\/strong>, \u201cmediante un <strong>sorteo aleatorio y compensatorio<\/strong> en el <strong>Sistema Inform\u00e1tico de Gesti\u00f3n de Expedientes (SIGE)<\/strong>, siguiendo un criterio de <strong>proporcionalidad seg\u00fan las materias y etapas del proceso<\/strong>\u201d, seg\u00fan se detall\u00f3 en el <strong>acuerdo 7\/26 del Superior Tribunal de Justicia<\/strong>.<\/p>\n\n\n\n<p>Con la entrada en vigencia de la <strong>Oficina de Gesti\u00f3n Com\u00fan en General Acha<\/strong> -con competencia en la <strong>Tercera Circunscripci\u00f3n Judicial<\/strong>-, los <strong>juzgados de primera instancia en lo Civil, Comercial, Laboral y de Miner\u00eda N\u00b0 1 y 2<\/strong> tendr\u00e1n una <strong>mesa de entrada unificada<\/strong>, ya que la totalidad del personal de ambos tribunales ser\u00e1 afectado al nuevo organismo.<\/p>\n\n\n\n<p>Teniendo en cuenta que el <strong>Juzgado N\u00b0 2<\/strong> se abri\u00f3 hace dos meses y que el <strong>Juzgado N\u00b0 1<\/strong> fue creado en 1969, el <strong>STJ<\/strong> indic\u00f3 que \u201cresulta conveniente efectuar una <strong>reasignaci\u00f3n equitativa de las causas<\/strong> que se encuentran actualmente en tr\u00e1mite\u201d en este \u00faltimo tribunal. Por ello es que esta tarde se llevar\u00e1 adelante el sorteo mencionado.<\/p>\n\n\n\n<p>En cambio, las causas que ingresen a partir del lunes se <strong>sortear\u00e1n y asignar\u00e1n de forma aleatoria entre ambos juzgados<\/strong>.<\/p>\n\n\n\n<p>La apertura de esta <strong>OGC<\/strong> forma parte de un proceso de <strong>\u201cinnovaci\u00f3n y modernizaci\u00f3n\u201d<\/strong> que el <strong>Poder Judicial<\/strong> viene implementando en los \u00faltimos a\u00f1os, con el fin de gestionar de manera m\u00e1s eficaz \u201clos <strong>recursos materiales, el personal y los procesos administrativos y jurisdiccionales<\/strong> de distintos organismos, asistiendo a los magistrados en la gesti\u00f3n y tramitaci\u00f3n de las causas\u201d; y ofrecer un <strong>servicio de justicia m\u00e1s \u00e1gil y eficiente<\/strong>.<\/p>\n\n\n\n<p>Esta pol\u00edtica institucional est\u00e1 plasmada en el proyecto de <strong>\u201cplanificaci\u00f3n estrat\u00e9gica consensuada del Poder Judicial de la Provincia de La Pampa\u201d<\/strong>. Por ello, en una primera etapa se cre\u00f3 la <strong>Oficina de Gesti\u00f3n Com\u00fan<\/strong> para los <strong>juzgados de primera instancia en lo Civil, Comercial, Laboral y de Miner\u00eda de la Primera Circunscripci\u00f3n Judicial<\/strong>, con asiento en <strong>Santa Rosa<\/strong>; luego para los <strong>juzgados de la Familia, Ni\u00f1as, Ni\u00f1os y Adolescentes<\/strong> de la <strong>Primera y Segunda Circunscripci\u00f3n Judicial (General Pico)<\/strong>; y posteriormente para el <strong>fuero de Ejecuci\u00f3n, Concursos y Quiebras<\/strong> de la <strong>Primera Circunscripci\u00f3n Judicial<\/strong> y el <strong>Laboral de la Segunda Circunscripci\u00f3n Judicial<\/strong>.<\/p>\n","protected":false},"excerpt":{"rendered":"<p>Este jueves, desde las 18 horas, se desarrollar\u00e1 en el Centro Judicial de Santa Rosa el sorteo para la reasignaci\u00f3n de causas que se est\u00e1n tramitando actualmente en el Juzgado&hellip;<\/p>\n","protected":false},"author":3,"featured_media":315246,"comment_status":"closed","ping_status":"open","sticky":false,"template":"","format":"standard","meta":{"_acf_changed":false,"footnotes":""},"categories":[1,12],"tags":[],"class_list":["post-326047","post","type-post","status-publish","format-standard","has-post-thumbnail","hentry","category-es-noticia","category-sociedad"],"acf":[],"yoast_head":"<!-- This site is optimized with the Yoast SEO plugin v27.5 - https:\/\/yoast.com\/product\/yoast-seo-wordpress\/ -->\n<title>Sortean la reasignaci\u00f3n de causas en Acha por la puesta en marcha de la Oficina de Gesti\u00f3n Com\u00fan - Diario Textual<\/title>\n<meta name=\"robots\" content=\"index, follow, max-snippet:-1, max-image-preview:large, max-video-preview:-1\" \/>\n<link rel=\"canonical\" href=\"https:\/\/diariotextual.com\/inicio\/index.php\/2026\/04\/30\/sortean-la-reasignacion-de-causas-en-acha-por-la-puesta-en-marcha-de-la-oficina-de-gestion-comun\/\" \/>\n<meta property=\"og:locale\" content=\"es_ES\" \/>\n<meta property=\"og:type\" content=\"article\" \/>\n<meta property=\"og:title\" content=\"Sortean la reasignaci\u00f3n de causas en Acha por la puesta en marcha de la Oficina de Gesti\u00f3n Com\u00fan - Diario Textual\" \/>\n<meta property=\"og:description\" content=\"Este jueves, desde las 18 horas, se desarrollar\u00e1 en el Centro Judicial de Santa Rosa el sorteo para la reasignaci\u00f3n de causas que se est\u00e1n tramitando actualmente en el Juzgado&hellip;\" \/>\n<meta property=\"og:url\" content=\"https:\/\/diariotextual.com\/inicio\/index.php\/2026\/04\/30\/sortean-la-reasignacion-de-causas-en-acha-por-la-puesta-en-marcha-de-la-oficina-de-gestion-comun\/\" \/>\n<meta property=\"og:site_name\" content=\"Diario Textual\" \/>\n<meta property=\"article:publisher\" content=\"https:\/\/www.facebook.com\/eltextual\" \/>\n<meta property=\"article:published_time\" content=\"2026-04-30T12:44:46+00:00\" \/>\n<meta property=\"article:modified_time\" content=\"2026-04-30T12:44:50+00:00\" \/>\n<meta property=\"og:image\" content=\"https:\/\/diariotextual.com\/inicio\/wp-content\/uploads\/2025\/12\/achatribunales202511111.jpg\" \/>\n\t<meta property=\"og:image:width\" content=\"838\" \/>\n\t<meta property=\"og:image:height\" content=\"575\" \/>\n\t<meta property=\"og:image:type\" content=\"image\/jpeg\" \/>\n<meta name=\"author\" content=\"Diario1 Diario1\" \/>\n<meta name=\"twitter:card\" content=\"summary_large_image\" \/>\n<meta name=\"twitter:creator\" content=\"@eltextual\" \/>\n<meta name=\"twitter:site\" content=\"@eltextual\" \/>\n<meta name=\"twitter:label1\" content=\"Escrito por\" \/>\n\t<meta name=\"twitter:data1\" content=\"Diario1 Diario1\" \/>\n\t<meta name=\"twitter:label2\" content=\"Tiempo de lectura\" \/>\n\t<meta name=\"twitter:data2\" content=\"2 minutos\" \/>\n<script type=\"application\/ld+json\" class=\"yoast-schema-graph\">{\"@context\":\"https:\\\/\\\/schema.org\",\"@graph\":[{\"@type\":\"Article\",\"@id\":\"https:\\\/\\\/diariotextual.com\\\/inicio\\\/index.php\\\/2026\\\/04\\\/30\\\/sortean-la-reasignacion-de-causas-en-acha-por-la-puesta-en-marcha-de-la-oficina-de-gestion-comun\\\/#article\",\"isPartOf\":{\"@id\":\"https:\\\/\\\/diariotextual.com\\\/inicio\\\/index.php\\\/2026\\\/04\\\/30\\\/sortean-la-reasignacion-de-causas-en-acha-por-la-puesta-en-marcha-de-la-oficina-de-gestion-comun\\\/\"},\"author\":{\"name\":\"Diario1 Diario1\",\"@id\":\"https:\\\/\\\/diariotextual.com\\\/inicio\\\/#\\\/schema\\\/person\\\/418fc4093c33e86ed41562db3508f958\"},\"headline\":\"Sortean la reasignaci\u00f3n de causas en Acha por la puesta en marcha de la Oficina de Gesti\u00f3n Com\u00fan\",\"datePublished\":\"2026-04-30T12:44:46+00:00\",\"dateModified\":\"2026-04-30T12:44:50+00:00\",\"mainEntityOfPage\":{\"@id\":\"https:\\\/\\\/diariotextual.com\\\/inicio\\\/index.php\\\/2026\\\/04\\\/30\\\/sortean-la-reasignacion-de-causas-en-acha-por-la-puesta-en-marcha-de-la-oficina-de-gestion-comun\\\/\"},\"wordCount\":470,\"publisher\":{\"@id\":\"https:\\\/\\\/diariotextual.com\\\/inicio\\\/#organization\"},\"image\":{\"@id\":\"https:\\\/\\\/diariotextual.com\\\/inicio\\\/index.php\\\/2026\\\/04\\\/30\\\/sortean-la-reasignacion-de-causas-en-acha-por-la-puesta-en-marcha-de-la-oficina-de-gestion-comun\\\/#primaryimage\"},\"thumbnailUrl\":\"https:\\\/\\\/diariotextual.com\\\/inicio\\\/wp-content\\\/uploads\\\/2025\\\/12\\\/achatribunales202511111.jpg\",\"articleSection\":[\"A - ES NOTICIA (van abajo)\",\"SOCIEDAD\"],\"inLanguage\":\"es\"},{\"@type\":\"WebPage\",\"@id\":\"https:\\\/\\\/diariotextual.com\\\/inicio\\\/index.php\\\/2026\\\/04\\\/30\\\/sortean-la-reasignacion-de-causas-en-acha-por-la-puesta-en-marcha-de-la-oficina-de-gestion-comun\\\/\",\"url\":\"https:\\\/\\\/diariotextual.com\\\/inicio\\\/index.php\\\/2026\\\/04\\\/30\\\/sortean-la-reasignacion-de-causas-en-acha-por-la-puesta-en-marcha-de-la-oficina-de-gestion-comun\\\/\",\"name\":\"Sortean la reasignaci\u00f3n de causas en Acha por la puesta en marcha de la Oficina de Gesti\u00f3n Com\u00fan - Diario Textual\",\"isPartOf\":{\"@id\":\"https:\\\/\\\/diariotextual.com\\\/inicio\\\/#website\"},\"primaryImageOfPage\":{\"@id\":\"https:\\\/\\\/diariotextual.com\\\/inicio\\\/index.php\\\/2026\\\/04\\\/30\\\/sortean-la-reasignacion-de-causas-en-acha-por-la-puesta-en-marcha-de-la-oficina-de-gestion-comun\\\/#primaryimage\"},\"image\":{\"@id\":\"https:\\\/\\\/diariotextual.com\\\/inicio\\\/index.php\\\/2026\\\/04\\\/30\\\/sortean-la-reasignacion-de-causas-en-acha-por-la-puesta-en-marcha-de-la-oficina-de-gestion-comun\\\/#primaryimage\"},\"thumbnailUrl\":\"https:\\\/\\\/diariotextual.com\\\/inicio\\\/wp-content\\\/uploads\\\/2025\\\/12\\\/achatribunales202511111.jpg\",\"datePublished\":\"2026-04-30T12:44:46+00:00\",\"dateModified\":\"2026-04-30T12:44:50+00:00\",\"breadcrumb\":{\"@id\":\"https:\\\/\\\/diariotextual.com\\\/inicio\\\/index.php\\\/2026\\\/04\\\/30\\\/sortean-la-reasignacion-de-causas-en-acha-por-la-puesta-en-marcha-de-la-oficina-de-gestion-comun\\\/#breadcrumb\"},\"inLanguage\":\"es\",\"potentialAction\":[{\"@type\":\"ReadAction\",\"target\":[\"https:\\\/\\\/diariotextual.com\\\/inicio\\\/index.php\\\/2026\\\/04\\\/30\\\/sortean-la-reasignacion-de-causas-en-acha-por-la-puesta-en-marcha-de-la-oficina-de-gestion-comun\\\/\"]}]},{\"@type\":\"ImageObject\",\"inLanguage\":\"es\",\"@id\":\"https:\\\/\\\/diariotextual.com\\\/inicio\\\/index.php\\\/2026\\\/04\\\/30\\\/sortean-la-reasignacion-de-causas-en-acha-por-la-puesta-en-marcha-de-la-oficina-de-gestion-comun\\\/#primaryimage\",\"url\":\"https:\\\/\\\/diariotextual.com\\\/inicio\\\/wp-content\\\/uploads\\\/2025\\\/12\\\/achatribunales202511111.jpg\",\"contentUrl\":\"https:\\\/\\\/diariotextual.com\\\/inicio\\\/wp-content\\\/uploads\\\/2025\\\/12\\\/achatribunales202511111.jpg\",\"width\":838,\"height\":575},{\"@type\":\"BreadcrumbList\",\"@id\":\"https:\\\/\\\/diariotextual.com\\\/inicio\\\/index.php\\\/2026\\\/04\\\/30\\\/sortean-la-reasignacion-de-causas-en-acha-por-la-puesta-en-marcha-de-la-oficina-de-gestion-comun\\\/#breadcrumb\",\"itemListElement\":[{\"@type\":\"ListItem\",\"position\":1,\"name\":\"Portada\",\"item\":\"https:\\\/\\\/diariotextual.com\\\/inicio\\\/\"},{\"@type\":\"ListItem\",\"position\":2,\"name\":\"Sortean la reasignaci\u00f3n de causas en Acha por la puesta en marcha de la Oficina de Gesti\u00f3n Com\u00fan\"}]},{\"@type\":\"WebSite\",\"@id\":\"https:\\\/\\\/diariotextual.com\\\/inicio\\\/#website\",\"url\":\"https:\\\/\\\/diariotextual.com\\\/inicio\\\/\",\"name\":\"Diario Textual\",\"description\":\"\",\"publisher\":{\"@id\":\"https:\\\/\\\/diariotextual.com\\\/inicio\\\/#organization\"},\"potentialAction\":[{\"@type\":\"SearchAction\",\"target\":{\"@type\":\"EntryPoint\",\"urlTemplate\":\"https:\\\/\\\/diariotextual.com\\\/inicio\\\/?s={search_term_string}\"},\"query-input\":{\"@type\":\"PropertyValueSpecification\",\"valueRequired\":true,\"valueName\":\"search_term_string\"}}],\"inLanguage\":\"es\"},{\"@type\":\"Organization\",\"@id\":\"https:\\\/\\\/diariotextual.com\\\/inicio\\\/#organization\",\"name\":\"Diario Textual\",\"url\":\"https:\\\/\\\/diariotextual.com\\\/inicio\\\/\",\"logo\":{\"@type\":\"ImageObject\",\"inLanguage\":\"es\",\"@id\":\"https:\\\/\\\/diariotextual.com\\\/inicio\\\/#\\\/schema\\\/logo\\\/image\\\/\",\"url\":\"https:\\\/\\\/diariotextual.com\\\/inicio\\\/wp-content\\\/uploads\\\/2023\\\/05\\\/logotextual1.jpg\",\"contentUrl\":\"https:\\\/\\\/diariotextual.com\\\/inicio\\\/wp-content\\\/uploads\\\/2023\\\/05\\\/logotextual1.jpg\",\"width\":516,\"height\":76,\"caption\":\"Diario Textual\"},\"image\":{\"@id\":\"https:\\\/\\\/diariotextual.com\\\/inicio\\\/#\\\/schema\\\/logo\\\/image\\\/\"},\"sameAs\":[\"https:\\\/\\\/www.facebook.com\\\/eltextual\",\"https:\\\/\\\/x.com\\\/eltextual\",\"http:\\\/\\\/www.instagram.com\\\/eltextual\"]},{\"@type\":\"Person\",\"@id\":\"https:\\\/\\\/diariotextual.com\\\/inicio\\\/#\\\/schema\\\/person\\\/418fc4093c33e86ed41562db3508f958\",\"name\":\"Diario1 Diario1\",\"image\":{\"@type\":\"ImageObject\",\"inLanguage\":\"es\",\"@id\":\"https:\\\/\\\/secure.gravatar.com\\\/avatar\\\/9167d280179c85bc18be67aa7eda765854300033af4896dd779b608640f2ef7a?s=96&d=mm&r=g\",\"url\":\"https:\\\/\\\/secure.gravatar.com\\\/avatar\\\/9167d280179c85bc18be67aa7eda765854300033af4896dd779b608640f2ef7a?s=96&d=mm&r=g\",\"contentUrl\":\"https:\\\/\\\/secure.gravatar.com\\\/avatar\\\/9167d280179c85bc18be67aa7eda765854300033af4896dd779b608640f2ef7a?s=96&d=mm&r=g\",\"caption\":\"Diario1 Diario1\"},\"url\":\"https:\\\/\\\/diariotextual.com\\\/inicio\\\/index.php\\\/author\\\/diario1\\\/\"}]}<\/script>\n<!-- \/ Yoast SEO plugin. -->","yoast_head_json":{"title":"Sortean la reasignaci\u00f3n de causas en Acha por la puesta en marcha de la Oficina de Gesti\u00f3n Com\u00fan - Diario Textual","robots":{"index":"index","follow":"follow","max-snippet":"max-snippet:-1","max-image-preview":"max-image-preview:large","max-video-preview":"max-video-preview:-1"},"canonical":"https:\/\/diariotextual.com\/inicio\/index.php\/2026\/04\/30\/sortean-la-reasignacion-de-causas-en-acha-por-la-puesta-en-marcha-de-la-oficina-de-gestion-comun\/","og_locale":"es_ES","og_type":"article","og_title":"Sortean la reasignaci\u00f3n de causas en Acha por la puesta en marcha de la Oficina de Gesti\u00f3n Com\u00fan - Diario Textual","og_description":"Este jueves, desde las 18 horas, se desarrollar\u00e1 en el Centro Judicial de Santa Rosa el sorteo para la reasignaci\u00f3n de causas que se est\u00e1n tramitando actualmente en el Juzgado&hellip;","og_url":"https:\/\/diariotextual.com\/inicio\/index.php\/2026\/04\/30\/sortean-la-reasignacion-de-causas-en-acha-por-la-puesta-en-marcha-de-la-oficina-de-gestion-comun\/","og_site_name":"Diario Textual","article_publisher":"https:\/\/www.facebook.com\/eltextual","article_published_time":"2026-04-30T12:44:46+00:00","article_modified_time":"2026-04-30T12:44:50+00:00","og_image":[{"width":838,"height":575,"url":"https:\/\/diariotextual.com\/inicio\/wp-content\/uploads\/2025\/12\/achatribunales202511111.jpg","type":"image\/jpeg"}],"author":"Diario1 Diario1","twitter_card":"summary_large_image","twitter_creator":"@eltextual","twitter_site":"@eltextual","twitter_misc":{"Escrito por":"Diario1 Diario1","Tiempo de lectura":"2 minutos"},"schema":{"@context":"https:\/\/schema.org","@graph":[{"@type":"Article","@id":"https:\/\/diariotextual.com\/inicio\/index.php\/2026\/04\/30\/sortean-la-reasignacion-de-causas-en-acha-por-la-puesta-en-marcha-de-la-oficina-de-gestion-comun\/#article","isPartOf":{"@id":"https:\/\/diariotextual.com\/inicio\/index.php\/2026\/04\/30\/sortean-la-reasignacion-de-causas-en-acha-por-la-puesta-en-marcha-de-la-oficina-de-gestion-comun\/"},"author":{"name":"Diario1 Diario1","@id":"https:\/\/diariotextual.com\/inicio\/#\/schema\/person\/418fc4093c33e86ed41562db3508f958"},"headline":"Sortean la reasignaci\u00f3n de causas en Acha por la puesta en marcha de la Oficina de Gesti\u00f3n Com\u00fan","datePublished":"2026-04-30T12:44:46+00:00","dateModified":"2026-04-30T12:44:50+00:00","mainEntityOfPage":{"@id":"https:\/\/diariotextual.com\/inicio\/index.php\/2026\/04\/30\/sortean-la-reasignacion-de-causas-en-acha-por-la-puesta-en-marcha-de-la-oficina-de-gestion-comun\/"},"wordCount":470,"publisher":{"@id":"https:\/\/diariotextual.com\/inicio\/#organization"},"image":{"@id":"https:\/\/diariotextual.com\/inicio\/index.php\/2026\/04\/30\/sortean-la-reasignacion-de-causas-en-acha-por-la-puesta-en-marcha-de-la-oficina-de-gestion-comun\/#primaryimage"},"thumbnailUrl":"https:\/\/diariotextual.com\/inicio\/wp-content\/uploads\/2025\/12\/achatribunales202511111.jpg","articleSection":["A - ES NOTICIA (van abajo)","SOCIEDAD"],"inLanguage":"es"},{"@type":"WebPage","@id":"https:\/\/diariotextual.com\/inicio\/index.php\/2026\/04\/30\/sortean-la-reasignacion-de-causas-en-acha-por-la-puesta-en-marcha-de-la-oficina-de-gestion-comun\/","url":"https:\/\/diariotextual.com\/inicio\/index.php\/2026\/04\/30\/sortean-la-reasignacion-de-causas-en-acha-por-la-puesta-en-marcha-de-la-oficina-de-gestion-comun\/","name":"Sortean la reasignaci\u00f3n de causas en Acha por la puesta en marcha de la Oficina de Gesti\u00f3n Com\u00fan - Diario Textual","isPartOf":{"@id":"https:\/\/diariotextual.com\/inicio\/#website"},"primaryImageOfPage":{"@id":"https:\/\/diariotextual.com\/inicio\/index.php\/2026\/04\/30\/sortean-la-reasignacion-de-causas-en-acha-por-la-puesta-en-marcha-de-la-oficina-de-gestion-comun\/#primaryimage"},"image":{"@id":"https:\/\/diariotextual.com\/inicio\/index.php\/2026\/04\/30\/sortean-la-reasignacion-de-causas-en-acha-por-la-puesta-en-marcha-de-la-oficina-de-gestion-comun\/#primaryimage"},"thumbnailUrl":"https:\/\/diariotextual.com\/inicio\/wp-content\/uploads\/2025\/12\/achatribunales202511111.jpg","datePublished":"2026-04-30T12:44:46+00:00","dateModified":"2026-04-30T12:44:50+00:00","breadcrumb":{"@id":"https:\/\/diariotextual.com\/inicio\/index.php\/2026\/04\/30\/sortean-la-reasignacion-de-causas-en-acha-por-la-puesta-en-marcha-de-la-oficina-de-gestion-comun\/#breadcrumb"},"inLanguage":"es","potentialAction":[{"@type":"ReadAction","target":["https:\/\/diariotextual.com\/inicio\/index.php\/2026\/04\/30\/sortean-la-reasignacion-de-causas-en-acha-por-la-puesta-en-marcha-de-la-oficina-de-gestion-comun\/"]}]},{"@type":"ImageObject","inLanguage":"es","@id":"https:\/\/diariotextual.com\/inicio\/index.php\/2026\/04\/30\/sortean-la-reasignacion-de-causas-en-acha-por-la-puesta-en-marcha-de-la-oficina-de-gestion-comun\/#primaryimage","url":"https:\/\/diariotextual.com\/inicio\/wp-content\/uploads\/2025\/12\/achatribunales202511111.jpg","contentUrl":"https:\/\/diariotextual.com\/inicio\/wp-content\/uploads\/2025\/12\/achatribunales202511111.jpg","width":838,"height":575},{"@type":"BreadcrumbList","@id":"https:\/\/diariotextual.com\/inicio\/index.php\/2026\/04\/30\/sortean-la-reasignacion-de-causas-en-acha-por-la-puesta-en-marcha-de-la-oficina-de-gestion-comun\/#breadcrumb","itemListElement":[{"@type":"ListItem","position":1,"name":"Portada","item":"https:\/\/diariotextual.com\/inicio\/"},{"@type":"ListItem","position":2,"name":"Sortean la reasignaci\u00f3n de causas en Acha por la puesta en marcha de la Oficina de Gesti\u00f3n Com\u00fan"}]},{"@type":"WebSite","@id":"https:\/\/diariotextual.com\/inicio\/#website","url":"https:\/\/diariotextual.com\/inicio\/","name":"Diario Textual","description":"","publisher":{"@id":"https:\/\/diariotextual.com\/inicio\/#organization"},"potentialAction":[{"@type":"SearchAction","target":{"@type":"EntryPoint","urlTemplate":"https:\/\/diariotextual.com\/inicio\/?s={search_term_string}"},"query-input":{"@type":"PropertyValueSpecification","valueRequired":true,"valueName":"search_term_string"}}],"inLanguage":"es"},{"@type":"Organization","@id":"https:\/\/diariotextual.com\/inicio\/#organization","name":"Diario Textual","url":"https:\/\/diariotextual.com\/inicio\/","logo":{"@type":"ImageObject","inLanguage":"es","@id":"https:\/\/diariotextual.com\/inicio\/#\/schema\/logo\/image\/","url":"https:\/\/diariotextual.com\/inicio\/wp-content\/uploads\/2023\/05\/logotextual1.jpg","contentUrl":"https:\/\/diariotextual.com\/inicio\/wp-content\/uploads\/2023\/05\/logotextual1.jpg","width":516,"height":76,"caption":"Diario Textual"},"image":{"@id":"https:\/\/diariotextual.com\/inicio\/#\/schema\/logo\/image\/"},"sameAs":["https:\/\/www.facebook.com\/eltextual","https:\/\/x.com\/eltextual","http:\/\/www.instagram.com\/eltextual"]},{"@type":"Person","@id":"https:\/\/diariotextual.com\/inicio\/#\/schema\/person\/418fc4093c33e86ed41562db3508f958","name":"Diario1 Diario1","image":{"@type":"ImageObject","inLanguage":"es","@id":"https:\/\/secure.gravatar.com\/avatar\/9167d280179c85bc18be67aa7eda765854300033af4896dd779b608640f2ef7a?s=96&d=mm&r=g","url":"https:\/\/secure.gravatar.com\/avatar\/9167d280179c85bc18be67aa7eda765854300033af4896dd779b608640f2ef7a?s=96&d=mm&r=g","contentUrl":"https:\/\/secure.gravatar.com\/avatar\/9167d280179c85bc18be67aa7eda765854300033af4896dd779b608640f2ef7a?s=96&d=mm&r=g","caption":"Diario1 Diario1"},"url":"https:\/\/diariotextual.com\/inicio\/index.php\/author\/diario1\/"}]}},"_links":{"self":[{"href":"https:\/\/diariotextual.com\/inicio\/index.php\/wp-json\/wp\/v2\/posts\/326047","targetHints":{"allow":["GET"]}}],"collection":[{"href":"https:\/\/diariotextual.com\/inicio\/index.php\/wp-json\/wp\/v2\/posts"}],"about":[{"href":"https:\/\/diariotextual.com\/inicio\/index.php\/wp-json\/wp\/v2\/types\/post"}],"author":[{"embeddable":true,"href":"https:\/\/diariotextual.com\/inicio\/index.php\/wp-json\/wp\/v2\/users\/3"}],"replies":[{"embeddable":true,"href":"https:\/\/diariotextual.com\/inicio\/index.php\/wp-json\/wp\/v2\/comments?post=326047"}],"version-history":[{"count":2,"href":"https:\/\/diariotextual.com\/inicio\/index.php\/wp-json\/wp\/v2\/posts\/326047\/revisions"}],"predecessor-version":[{"id":326049,"href":"https:\/\/diariotextual.com\/inicio\/index.php\/wp-json\/wp\/v2\/posts\/326047\/revisions\/326049"}],"wp:featuredmedia":[{"embeddable":true,"href":"https:\/\/diariotextual.com\/inicio\/index.php\/wp-json\/wp\/v2\/media\/315246"}],"wp:attachment":[{"href":"https:\/\/diariotextual.com\/inicio\/index.php\/wp-json\/wp\/v2\/media?parent=326047"}],"wp:term":[{"taxonomy":"category","embeddable":true,"href":"https:\/\/diariotextual.com\/inicio\/index.php\/wp-json\/wp\/v2\/categories?post=326047"},{"taxonomy":"post_tag","embeddable":true,"href":"https:\/\/diariotextual.com\/inicio\/index.php\/wp-json\/wp\/v2\/tags?post=326047"}],"curies":[{"name":"wp","href":"https:\/\/api.w.org\/{rel}","templated":true}]}}