{"id":326059,"date":"2026-04-30T11:22:31","date_gmt":"2026-04-30T14:22:31","guid":{"rendered":"https:\/\/diariotextual.com\/inicio\/?p=326059"},"modified":"2026-04-30T11:25:18","modified_gmt":"2026-04-30T14:25:18","slug":"upcn-la-pampa-participa-de-la-feria-internacional-del-libro-con-actividades-y-la-presentacion-del-libro-salamanca","status":"publish","type":"post","link":"https:\/\/diariotextual.com\/inicio\/index.php\/2026\/04\/30\/upcn-la-pampa-participa-de-la-feria-internacional-del-libro-con-actividades-y-la-presentacion-del-libro-salamanca\/","title":{"rendered":"Upcn La Pampa participa de la Feria Internacional del Libro con actividades y la presentaci\u00f3n del libro \u201cSalamanca\u201d"},"content":{"rendered":"\n<p>En la <strong>50\u00b0 edici\u00f3n de la Feria Internacional del Libro de Buenos Aires<\/strong>, que se desarrolla <strong>desde el 23 de abril hasta el 11 de mayo de 2026<\/strong> en el predio de <strong>La Rural<\/strong>, el sindicato <strong>Uni\u00f3n del Personal Civil de la Naci\u00f3n (Upcn)<\/strong> participa una vez m\u00e1s con un espacio propio: el <strong>stand 3115<\/strong>, en el <strong>pabell\u00f3n Ocre<\/strong>. All\u00ed presenta una serie de actividades culturales, hist\u00f3ricas y pol\u00edtico-sindicales, con la participaci\u00f3n de las <strong>24 seccionales del pa\u00eds<\/strong>, entre ellas, <strong>Upcn Seccional La Pampa<\/strong>.<\/p>\n\n\n\n<p>El <strong>lunes 4 de mayo<\/strong>, desde las <strong>16<\/strong>, se realizar\u00e1 el acto principal del gremio en la <strong>sala Julio Cort\u00e1zar del pabell\u00f3n Amarillo<\/strong>, donde se entregar\u00e1n los premios de los concursos literarios y se presentar\u00e1n los libros publicados por la organizaci\u00f3n.<\/p>\n\n\n\n<p>Entre las propuestas se destaca la presentaci\u00f3n del libro <em>Salamanca. Mitos y leyenda en Patagonia<\/em>, una investigaci\u00f3n impulsada por la Secretar\u00eda de Cultura y Comunicaci\u00f3n de UPCN Seccional La Pampa, con el acompa\u00f1amiento de las \u00e1reas culturales de Neuqu\u00e9n, R\u00edo Negro y Chubut.<\/p>\n\n\n\n<div style=\"height:100px\" aria-hidden=\"true\" class=\"wp-block-spacer\"><\/div>\n\n\n\n<p><strong>Aportes pampeanos y producci\u00f3n cultural<\/strong><\/p>\n\n\n\n<p>En el cap\u00edtulo pampeano se incluyen trabajos de <strong>Enrique Stieben<\/strong>, <strong>N\u00e9lida Giovannoi<\/strong>, <strong>Mar\u00eda In\u00e9s Poduje<\/strong>, <strong>Juan Carlos Bustriazo Ortiz<\/strong>, <strong>Juan Ricardo Nervi<\/strong>, <strong>Edgar Morisoli<\/strong> y <strong>Julio Dom\u00ednguez<\/strong>. Tambi\u00e9n se menciona la canci\u00f3n \u201cSalamanca\u201d de la banda Don Caballo Mota y el art\u00edculo \u201cLas Salamancas: testimonios etnogr\u00e1ficos, historia oral y memoria colectiva\u201d, de <strong>Graciela Hern\u00e1ndez<\/strong>, publicado en la revista <em>Anclajes<\/em> de la <strong>Universidad Nacional de La Pampa<\/strong>.<\/p>\n\n\n\n<p>El secretario general de Upcn Seccional La Pampa, <strong>Jorge Lezcano<\/strong>, sostiene en el pr\u00f3logo que la cultura latinoamericana \u201cha estado en disputa desde la conquista\u201d, en tensi\u00f3n con los pueblos originarios, tanto en el plano territorial como simb\u00f3lico. En ese marco, plantea la necesidad de <strong>resignificar la historia, la cultura y la sabidur\u00eda popular<\/strong>, en un contexto atravesado por nuevas formas de construcci\u00f3n social en el \u00e1mbito digital.<\/p>\n\n\n\n<div style=\"height:100px\" aria-hidden=\"true\" class=\"wp-block-spacer\"><\/div>\n\n\n\n<p><strong>Debate cultural y pensamiento latinoamericano<\/strong><\/p>\n\n\n\n<p>El investigador <strong>Sergio de Matteo<\/strong>, secretario de Cultura del gremio, analiza la idiosincrasia del pueblo desde una perspectiva que retoma el pensamiento de <strong>Rodolfo Kusch<\/strong>. Propone abordar la cultura, las tradiciones y los rituales desde una <strong>antropolog\u00eda filos\u00f3fica americana<\/strong>, que recupere la trayectoria hist\u00f3rica y pol\u00edtica de la regi\u00f3n.<\/p>\n\n\n\n<p>En ese enfoque tambi\u00e9n aparecen referencias a <strong>Jos\u00e9 Mart\u00ed<\/strong> y <strong>Manuel Ugarte<\/strong>, en torno a conceptos como <strong>Nuestra Am\u00e9rica<\/strong> y <strong>Patria Grande<\/strong>, as\u00ed como a <strong>Antonio Gramsci<\/strong> en relaci\u00f3n con la disputa por la hegemon\u00eda cultural. La obra subraya el valor del pensamiento popular como base de construcci\u00f3n hist\u00f3rica y simb\u00f3lica.<\/p>\n\n\n\n<div style=\"height:100px\" aria-hidden=\"true\" class=\"wp-block-spacer\"><\/div>\n\n\n\n<p><strong>Producci\u00f3n sindical y cultura<\/strong><\/p>\n\n\n\n<p>Desde Upcn plantean que las trabajadoras y los trabajadores no solo venden su fuerza de trabajo, sino que tambi\u00e9n son <strong>productores de cultura y conocimiento<\/strong>. Como ejemplo, mencionan iniciativas como el festival <em>Guitarras del Mundo<\/em>, la muestra <em>Arte y Trabajo<\/em> \u2014con obras de <strong>Carlos Alonso<\/strong>, <strong>Antonio Berni<\/strong>, <strong>Ricardo Carpani<\/strong> y otros\u2014, y distintas publicaciones editoriales del gremio.<\/p>\n\n\n\n<p>En La Pampa, destacan adem\u00e1s el programa radial <em>Comarca<\/em>, que se emite desde hace ocho a\u00f1os en FM Sonar, y libros como <em>Paulino Ortellado. Un guitarrero pampeano<\/em> (2018), <em>Toay. Una ciudad con historia<\/em> (2022), de <strong>Pedro Vigne<\/strong>, y <em>De profesi\u00f3n\u2026 Enfermero<\/em> (2024), de <strong>Omar Zalabardo<\/strong>.<\/p>\n\n\n\n<p>En ese marco, el gremio sostiene que <strong>el arte es una herramienta simb\u00f3lica de representaci\u00f3n de la realidad y de la sabidur\u00eda popular<\/strong>, y que el campo cultural constituye un espacio central de disputa de sentidos, donde se define la identidad nacional y social.<\/p>\n\n\n\n<p><\/p>\n","protected":false},"excerpt":{"rendered":"<p>En la 50\u00b0 edici\u00f3n de la Feria Internacional del Libro de Buenos Aires, que se desarrolla desde el 23 de abril hasta el 11 de mayo de 2026 en el&hellip;<\/p>\n","protected":false},"author":3,"featured_media":326062,"comment_status":"closed","ping_status":"open","sticky":false,"template":"","format":"standard","meta":{"_acf_changed":false,"footnotes":""},"categories":[1,2],"tags":[],"class_list":["post-326059","post","type-post","status-publish","format-standard","has-post-thumbnail","hentry","category-es-noticia","category-cultura"],"acf":[],"yoast_head":"<!-- This site is optimized with the Yoast SEO plugin v27.5 - https:\/\/yoast.com\/product\/yoast-seo-wordpress\/ -->\n<title>Upcn La Pampa participa de la Feria Internacional del Libro con actividades y la presentaci\u00f3n del libro \u201cSalamanca\u201d - Diario Textual<\/title>\n<meta name=\"robots\" content=\"index, follow, max-snippet:-1, max-image-preview:large, max-video-preview:-1\" \/>\n<link rel=\"canonical\" href=\"https:\/\/diariotextual.com\/inicio\/index.php\/2026\/04\/30\/upcn-la-pampa-participa-de-la-feria-internacional-del-libro-con-actividades-y-la-presentacion-del-libro-salamanca\/\" \/>\n<meta property=\"og:locale\" content=\"es_ES\" \/>\n<meta property=\"og:type\" content=\"article\" \/>\n<meta property=\"og:title\" content=\"Upcn La Pampa participa de la Feria Internacional del Libro con actividades y la presentaci\u00f3n del libro \u201cSalamanca\u201d - Diario Textual\" \/>\n<meta property=\"og:description\" content=\"En la 50\u00b0 edici\u00f3n de la Feria Internacional del Libro de Buenos Aires, que se desarrolla desde el 23 de abril hasta el 11 de mayo de 2026 en el&hellip;\" \/>\n<meta property=\"og:url\" content=\"https:\/\/diariotextual.com\/inicio\/index.php\/2026\/04\/30\/upcn-la-pampa-participa-de-la-feria-internacional-del-libro-con-actividades-y-la-presentacion-del-libro-salamanca\/\" \/>\n<meta property=\"og:site_name\" content=\"Diario Textual\" \/>\n<meta property=\"article:publisher\" content=\"https:\/\/www.facebook.com\/eltextual\" \/>\n<meta property=\"article:published_time\" content=\"2026-04-30T14:22:31+00:00\" \/>\n<meta property=\"article:modified_time\" content=\"2026-04-30T14:25:18+00:00\" \/>\n<meta property=\"og:image\" content=\"https:\/\/diariotextual.com\/inicio\/wp-content\/uploads\/2026\/04\/feriainternacionaldelibroferiadelibro2026-7.jpg\" \/>\n\t<meta property=\"og:image:width\" content=\"747\" \/>\n\t<meta property=\"og:image:height\" content=\"427\" \/>\n\t<meta property=\"og:image:type\" content=\"image\/jpeg\" \/>\n<meta name=\"author\" content=\"Diario1 Diario1\" \/>\n<meta name=\"twitter:card\" content=\"summary_large_image\" \/>\n<meta name=\"twitter:creator\" content=\"@eltextual\" \/>\n<meta name=\"twitter:site\" content=\"@eltextual\" \/>\n<meta name=\"twitter:label1\" content=\"Escrito por\" \/>\n\t<meta name=\"twitter:data1\" content=\"Diario1 Diario1\" \/>\n\t<meta name=\"twitter:label2\" content=\"Tiempo de lectura\" \/>\n\t<meta name=\"twitter:data2\" content=\"3 minutos\" \/>\n<script type=\"application\/ld+json\" class=\"yoast-schema-graph\">{\"@context\":\"https:\\\/\\\/schema.org\",\"@graph\":[{\"@type\":\"Article\",\"@id\":\"https:\\\/\\\/diariotextual.com\\\/inicio\\\/index.php\\\/2026\\\/04\\\/30\\\/upcn-la-pampa-participa-de-la-feria-internacional-del-libro-con-actividades-y-la-presentacion-del-libro-salamanca\\\/#article\",\"isPartOf\":{\"@id\":\"https:\\\/\\\/diariotextual.com\\\/inicio\\\/index.php\\\/2026\\\/04\\\/30\\\/upcn-la-pampa-participa-de-la-feria-internacional-del-libro-con-actividades-y-la-presentacion-del-libro-salamanca\\\/\"},\"author\":{\"name\":\"Diario1 Diario1\",\"@id\":\"https:\\\/\\\/diariotextual.com\\\/inicio\\\/#\\\/schema\\\/person\\\/418fc4093c33e86ed41562db3508f958\"},\"headline\":\"Upcn La Pampa participa de la Feria Internacional del Libro con actividades y la presentaci\u00f3n del libro \u201cSalamanca\u201d\",\"datePublished\":\"2026-04-30T14:22:31+00:00\",\"dateModified\":\"2026-04-30T14:25:18+00:00\",\"mainEntityOfPage\":{\"@id\":\"https:\\\/\\\/diariotextual.com\\\/inicio\\\/index.php\\\/2026\\\/04\\\/30\\\/upcn-la-pampa-participa-de-la-feria-internacional-del-libro-con-actividades-y-la-presentacion-del-libro-salamanca\\\/\"},\"wordCount\":627,\"publisher\":{\"@id\":\"https:\\\/\\\/diariotextual.com\\\/inicio\\\/#organization\"},\"image\":{\"@id\":\"https:\\\/\\\/diariotextual.com\\\/inicio\\\/index.php\\\/2026\\\/04\\\/30\\\/upcn-la-pampa-participa-de-la-feria-internacional-del-libro-con-actividades-y-la-presentacion-del-libro-salamanca\\\/#primaryimage\"},\"thumbnailUrl\":\"https:\\\/\\\/diariotextual.com\\\/inicio\\\/wp-content\\\/uploads\\\/2026\\\/04\\\/feriainternacionaldelibroferiadelibro2026-7.jpg\",\"articleSection\":[\"A - ES NOTICIA (van abajo)\",\"CULTURA\"],\"inLanguage\":\"es\"},{\"@type\":\"WebPage\",\"@id\":\"https:\\\/\\\/diariotextual.com\\\/inicio\\\/index.php\\\/2026\\\/04\\\/30\\\/upcn-la-pampa-participa-de-la-feria-internacional-del-libro-con-actividades-y-la-presentacion-del-libro-salamanca\\\/\",\"url\":\"https:\\\/\\\/diariotextual.com\\\/inicio\\\/index.php\\\/2026\\\/04\\\/30\\\/upcn-la-pampa-participa-de-la-feria-internacional-del-libro-con-actividades-y-la-presentacion-del-libro-salamanca\\\/\",\"name\":\"Upcn La Pampa participa de la Feria Internacional del Libro con actividades y la presentaci\u00f3n del libro \u201cSalamanca\u201d - Diario Textual\",\"isPartOf\":{\"@id\":\"https:\\\/\\\/diariotextual.com\\\/inicio\\\/#website\"},\"primaryImageOfPage\":{\"@id\":\"https:\\\/\\\/diariotextual.com\\\/inicio\\\/index.php\\\/2026\\\/04\\\/30\\\/upcn-la-pampa-participa-de-la-feria-internacional-del-libro-con-actividades-y-la-presentacion-del-libro-salamanca\\\/#primaryimage\"},\"image\":{\"@id\":\"https:\\\/\\\/diariotextual.com\\\/inicio\\\/index.php\\\/2026\\\/04\\\/30\\\/upcn-la-pampa-participa-de-la-feria-internacional-del-libro-con-actividades-y-la-presentacion-del-libro-salamanca\\\/#primaryimage\"},\"thumbnailUrl\":\"https:\\\/\\\/diariotextual.com\\\/inicio\\\/wp-content\\\/uploads\\\/2026\\\/04\\\/feriainternacionaldelibroferiadelibro2026-7.jpg\",\"datePublished\":\"2026-04-30T14:22:31+00:00\",\"dateModified\":\"2026-04-30T14:25:18+00:00\",\"breadcrumb\":{\"@id\":\"https:\\\/\\\/diariotextual.com\\\/inicio\\\/index.php\\\/2026\\\/04\\\/30\\\/upcn-la-pampa-participa-de-la-feria-internacional-del-libro-con-actividades-y-la-presentacion-del-libro-salamanca\\\/#breadcrumb\"},\"inLanguage\":\"es\",\"potentialAction\":[{\"@type\":\"ReadAction\",\"target\":[\"https:\\\/\\\/diariotextual.com\\\/inicio\\\/index.php\\\/2026\\\/04\\\/30\\\/upcn-la-pampa-participa-de-la-feria-internacional-del-libro-con-actividades-y-la-presentacion-del-libro-salamanca\\\/\"]}]},{\"@type\":\"ImageObject\",\"inLanguage\":\"es\",\"@id\":\"https:\\\/\\\/diariotextual.com\\\/inicio\\\/index.php\\\/2026\\\/04\\\/30\\\/upcn-la-pampa-participa-de-la-feria-internacional-del-libro-con-actividades-y-la-presentacion-del-libro-salamanca\\\/#primaryimage\",\"url\":\"https:\\\/\\\/diariotextual.com\\\/inicio\\\/wp-content\\\/uploads\\\/2026\\\/04\\\/feriainternacionaldelibroferiadelibro2026-7.jpg\",\"contentUrl\":\"https:\\\/\\\/diariotextual.com\\\/inicio\\\/wp-content\\\/uploads\\\/2026\\\/04\\\/feriainternacionaldelibroferiadelibro2026-7.jpg\",\"width\":747,\"height\":427},{\"@type\":\"BreadcrumbList\",\"@id\":\"https:\\\/\\\/diariotextual.com\\\/inicio\\\/index.php\\\/2026\\\/04\\\/30\\\/upcn-la-pampa-participa-de-la-feria-internacional-del-libro-con-actividades-y-la-presentacion-del-libro-salamanca\\\/#breadcrumb\",\"itemListElement\":[{\"@type\":\"ListItem\",\"position\":1,\"name\":\"Portada\",\"item\":\"https:\\\/\\\/diariotextual.com\\\/inicio\\\/\"},{\"@type\":\"ListItem\",\"position\":2,\"name\":\"Upcn La Pampa participa de la Feria Internacional del Libro con actividades y la presentaci\u00f3n del libro \u201cSalamanca\u201d\"}]},{\"@type\":\"WebSite\",\"@id\":\"https:\\\/\\\/diariotextual.com\\\/inicio\\\/#website\",\"url\":\"https:\\\/\\\/diariotextual.com\\\/inicio\\\/\",\"name\":\"Diario Textual\",\"description\":\"\",\"publisher\":{\"@id\":\"https:\\\/\\\/diariotextual.com\\\/inicio\\\/#organization\"},\"potentialAction\":[{\"@type\":\"SearchAction\",\"target\":{\"@type\":\"EntryPoint\",\"urlTemplate\":\"https:\\\/\\\/diariotextual.com\\\/inicio\\\/?s={search_term_string}\"},\"query-input\":{\"@type\":\"PropertyValueSpecification\",\"valueRequired\":true,\"valueName\":\"search_term_string\"}}],\"inLanguage\":\"es\"},{\"@type\":\"Organization\",\"@id\":\"https:\\\/\\\/diariotextual.com\\\/inicio\\\/#organization\",\"name\":\"Diario Textual\",\"url\":\"https:\\\/\\\/diariotextual.com\\\/inicio\\\/\",\"logo\":{\"@type\":\"ImageObject\",\"inLanguage\":\"es\",\"@id\":\"https:\\\/\\\/diariotextual.com\\\/inicio\\\/#\\\/schema\\\/logo\\\/image\\\/\",\"url\":\"https:\\\/\\\/diariotextual.com\\\/inicio\\\/wp-content\\\/uploads\\\/2023\\\/05\\\/logotextual1.jpg\",\"contentUrl\":\"https:\\\/\\\/diariotextual.com\\\/inicio\\\/wp-content\\\/uploads\\\/2023\\\/05\\\/logotextual1.jpg\",\"width\":516,\"height\":76,\"caption\":\"Diario Textual\"},\"image\":{\"@id\":\"https:\\\/\\\/diariotextual.com\\\/inicio\\\/#\\\/schema\\\/logo\\\/image\\\/\"},\"sameAs\":[\"https:\\\/\\\/www.facebook.com\\\/eltextual\",\"https:\\\/\\\/x.com\\\/eltextual\",\"http:\\\/\\\/www.instagram.com\\\/eltextual\"]},{\"@type\":\"Person\",\"@id\":\"https:\\\/\\\/diariotextual.com\\\/inicio\\\/#\\\/schema\\\/person\\\/418fc4093c33e86ed41562db3508f958\",\"name\":\"Diario1 Diario1\",\"image\":{\"@type\":\"ImageObject\",\"inLanguage\":\"es\",\"@id\":\"https:\\\/\\\/secure.gravatar.com\\\/avatar\\\/9167d280179c85bc18be67aa7eda765854300033af4896dd779b608640f2ef7a?s=96&d=mm&r=g\",\"url\":\"https:\\\/\\\/secure.gravatar.com\\\/avatar\\\/9167d280179c85bc18be67aa7eda765854300033af4896dd779b608640f2ef7a?s=96&d=mm&r=g\",\"contentUrl\":\"https:\\\/\\\/secure.gravatar.com\\\/avatar\\\/9167d280179c85bc18be67aa7eda765854300033af4896dd779b608640f2ef7a?s=96&d=mm&r=g\",\"caption\":\"Diario1 Diario1\"},\"url\":\"https:\\\/\\\/diariotextual.com\\\/inicio\\\/index.php\\\/author\\\/diario1\\\/\"}]}<\/script>\n<!-- \/ Yoast SEO plugin. -->","yoast_head_json":{"title":"Upcn La Pampa participa de la Feria Internacional del Libro con actividades y la presentaci\u00f3n del libro \u201cSalamanca\u201d - Diario Textual","robots":{"index":"index","follow":"follow","max-snippet":"max-snippet:-1","max-image-preview":"max-image-preview:large","max-video-preview":"max-video-preview:-1"},"canonical":"https:\/\/diariotextual.com\/inicio\/index.php\/2026\/04\/30\/upcn-la-pampa-participa-de-la-feria-internacional-del-libro-con-actividades-y-la-presentacion-del-libro-salamanca\/","og_locale":"es_ES","og_type":"article","og_title":"Upcn La Pampa participa de la Feria Internacional del Libro con actividades y la presentaci\u00f3n del libro \u201cSalamanca\u201d - Diario Textual","og_description":"En la 50\u00b0 edici\u00f3n de la Feria Internacional del Libro de Buenos Aires, que se desarrolla desde el 23 de abril hasta el 11 de mayo de 2026 en el&hellip;","og_url":"https:\/\/diariotextual.com\/inicio\/index.php\/2026\/04\/30\/upcn-la-pampa-participa-de-la-feria-internacional-del-libro-con-actividades-y-la-presentacion-del-libro-salamanca\/","og_site_name":"Diario Textual","article_publisher":"https:\/\/www.facebook.com\/eltextual","article_published_time":"2026-04-30T14:22:31+00:00","article_modified_time":"2026-04-30T14:25:18+00:00","og_image":[{"width":747,"height":427,"url":"https:\/\/diariotextual.com\/inicio\/wp-content\/uploads\/2026\/04\/feriainternacionaldelibroferiadelibro2026-7.jpg","type":"image\/jpeg"}],"author":"Diario1 Diario1","twitter_card":"summary_large_image","twitter_creator":"@eltextual","twitter_site":"@eltextual","twitter_misc":{"Escrito por":"Diario1 Diario1","Tiempo de lectura":"3 minutos"},"schema":{"@context":"https:\/\/schema.org","@graph":[{"@type":"Article","@id":"https:\/\/diariotextual.com\/inicio\/index.php\/2026\/04\/30\/upcn-la-pampa-participa-de-la-feria-internacional-del-libro-con-actividades-y-la-presentacion-del-libro-salamanca\/#article","isPartOf":{"@id":"https:\/\/diariotextual.com\/inicio\/index.php\/2026\/04\/30\/upcn-la-pampa-participa-de-la-feria-internacional-del-libro-con-actividades-y-la-presentacion-del-libro-salamanca\/"},"author":{"name":"Diario1 Diario1","@id":"https:\/\/diariotextual.com\/inicio\/#\/schema\/person\/418fc4093c33e86ed41562db3508f958"},"headline":"Upcn La Pampa participa de la Feria Internacional del Libro con actividades y la presentaci\u00f3n del libro \u201cSalamanca\u201d","datePublished":"2026-04-30T14:22:31+00:00","dateModified":"2026-04-30T14:25:18+00:00","mainEntityOfPage":{"@id":"https:\/\/diariotextual.com\/inicio\/index.php\/2026\/04\/30\/upcn-la-pampa-participa-de-la-feria-internacional-del-libro-con-actividades-y-la-presentacion-del-libro-salamanca\/"},"wordCount":627,"publisher":{"@id":"https:\/\/diariotextual.com\/inicio\/#organization"},"image":{"@id":"https:\/\/diariotextual.com\/inicio\/index.php\/2026\/04\/30\/upcn-la-pampa-participa-de-la-feria-internacional-del-libro-con-actividades-y-la-presentacion-del-libro-salamanca\/#primaryimage"},"thumbnailUrl":"https:\/\/diariotextual.com\/inicio\/wp-content\/uploads\/2026\/04\/feriainternacionaldelibroferiadelibro2026-7.jpg","articleSection":["A - ES NOTICIA (van abajo)","CULTURA"],"inLanguage":"es"},{"@type":"WebPage","@id":"https:\/\/diariotextual.com\/inicio\/index.php\/2026\/04\/30\/upcn-la-pampa-participa-de-la-feria-internacional-del-libro-con-actividades-y-la-presentacion-del-libro-salamanca\/","url":"https:\/\/diariotextual.com\/inicio\/index.php\/2026\/04\/30\/upcn-la-pampa-participa-de-la-feria-internacional-del-libro-con-actividades-y-la-presentacion-del-libro-salamanca\/","name":"Upcn La Pampa participa de la Feria Internacional del Libro con actividades y la presentaci\u00f3n del libro \u201cSalamanca\u201d - Diario Textual","isPartOf":{"@id":"https:\/\/diariotextual.com\/inicio\/#website"},"primaryImageOfPage":{"@id":"https:\/\/diariotextual.com\/inicio\/index.php\/2026\/04\/30\/upcn-la-pampa-participa-de-la-feria-internacional-del-libro-con-actividades-y-la-presentacion-del-libro-salamanca\/#primaryimage"},"image":{"@id":"https:\/\/diariotextual.com\/inicio\/index.php\/2026\/04\/30\/upcn-la-pampa-participa-de-la-feria-internacional-del-libro-con-actividades-y-la-presentacion-del-libro-salamanca\/#primaryimage"},"thumbnailUrl":"https:\/\/diariotextual.com\/inicio\/wp-content\/uploads\/2026\/04\/feriainternacionaldelibroferiadelibro2026-7.jpg","datePublished":"2026-04-30T14:22:31+00:00","dateModified":"2026-04-30T14:25:18+00:00","breadcrumb":{"@id":"https:\/\/diariotextual.com\/inicio\/index.php\/2026\/04\/30\/upcn-la-pampa-participa-de-la-feria-internacional-del-libro-con-actividades-y-la-presentacion-del-libro-salamanca\/#breadcrumb"},"inLanguage":"es","potentialAction":[{"@type":"ReadAction","target":["https:\/\/diariotextual.com\/inicio\/index.php\/2026\/04\/30\/upcn-la-pampa-participa-de-la-feria-internacional-del-libro-con-actividades-y-la-presentacion-del-libro-salamanca\/"]}]},{"@type":"ImageObject","inLanguage":"es","@id":"https:\/\/diariotextual.com\/inicio\/index.php\/2026\/04\/30\/upcn-la-pampa-participa-de-la-feria-internacional-del-libro-con-actividades-y-la-presentacion-del-libro-salamanca\/#primaryimage","url":"https:\/\/diariotextual.com\/inicio\/wp-content\/uploads\/2026\/04\/feriainternacionaldelibroferiadelibro2026-7.jpg","contentUrl":"https:\/\/diariotextual.com\/inicio\/wp-content\/uploads\/2026\/04\/feriainternacionaldelibroferiadelibro2026-7.jpg","width":747,"height":427},{"@type":"BreadcrumbList","@id":"https:\/\/diariotextual.com\/inicio\/index.php\/2026\/04\/30\/upcn-la-pampa-participa-de-la-feria-internacional-del-libro-con-actividades-y-la-presentacion-del-libro-salamanca\/#breadcrumb","itemListElement":[{"@type":"ListItem","position":1,"name":"Portada","item":"https:\/\/diariotextual.com\/inicio\/"},{"@type":"ListItem","position":2,"name":"Upcn La Pampa participa de la Feria Internacional del Libro con actividades y la presentaci\u00f3n del libro \u201cSalamanca\u201d"}]},{"@type":"WebSite","@id":"https:\/\/diariotextual.com\/inicio\/#website","url":"https:\/\/diariotextual.com\/inicio\/","name":"Diario Textual","description":"","publisher":{"@id":"https:\/\/diariotextual.com\/inicio\/#organization"},"potentialAction":[{"@type":"SearchAction","target":{"@type":"EntryPoint","urlTemplate":"https:\/\/diariotextual.com\/inicio\/?s={search_term_string}"},"query-input":{"@type":"PropertyValueSpecification","valueRequired":true,"valueName":"search_term_string"}}],"inLanguage":"es"},{"@type":"Organization","@id":"https:\/\/diariotextual.com\/inicio\/#organization","name":"Diario Textual","url":"https:\/\/diariotextual.com\/inicio\/","logo":{"@type":"ImageObject","inLanguage":"es","@id":"https:\/\/diariotextual.com\/inicio\/#\/schema\/logo\/image\/","url":"https:\/\/diariotextual.com\/inicio\/wp-content\/uploads\/2023\/05\/logotextual1.jpg","contentUrl":"https:\/\/diariotextual.com\/inicio\/wp-content\/uploads\/2023\/05\/logotextual1.jpg","width":516,"height":76,"caption":"Diario Textual"},"image":{"@id":"https:\/\/diariotextual.com\/inicio\/#\/schema\/logo\/image\/"},"sameAs":["https:\/\/www.facebook.com\/eltextual","https:\/\/x.com\/eltextual","http:\/\/www.instagram.com\/eltextual"]},{"@type":"Person","@id":"https:\/\/diariotextual.com\/inicio\/#\/schema\/person\/418fc4093c33e86ed41562db3508f958","name":"Diario1 Diario1","image":{"@type":"ImageObject","inLanguage":"es","@id":"https:\/\/secure.gravatar.com\/avatar\/9167d280179c85bc18be67aa7eda765854300033af4896dd779b608640f2ef7a?s=96&d=mm&r=g","url":"https:\/\/secure.gravatar.com\/avatar\/9167d280179c85bc18be67aa7eda765854300033af4896dd779b608640f2ef7a?s=96&d=mm&r=g","contentUrl":"https:\/\/secure.gravatar.com\/avatar\/9167d280179c85bc18be67aa7eda765854300033af4896dd779b608640f2ef7a?s=96&d=mm&r=g","caption":"Diario1 Diario1"},"url":"https:\/\/diariotextual.com\/inicio\/index.php\/author\/diario1\/"}]}},"_links":{"self":[{"href":"https:\/\/diariotextual.com\/inicio\/index.php\/wp-json\/wp\/v2\/posts\/326059","targetHints":{"allow":["GET"]}}],"collection":[{"href":"https:\/\/diariotextual.com\/inicio\/index.php\/wp-json\/wp\/v2\/posts"}],"about":[{"href":"https:\/\/diariotextual.com\/inicio\/index.php\/wp-json\/wp\/v2\/types\/post"}],"author":[{"embeddable":true,"href":"https:\/\/diariotextual.com\/inicio\/index.php\/wp-json\/wp\/v2\/users\/3"}],"replies":[{"embeddable":true,"href":"https:\/\/diariotextual.com\/inicio\/index.php\/wp-json\/wp\/v2\/comments?post=326059"}],"version-history":[{"count":2,"href":"https:\/\/diariotextual.com\/inicio\/index.php\/wp-json\/wp\/v2\/posts\/326059\/revisions"}],"predecessor-version":[{"id":326061,"href":"https:\/\/diariotextual.com\/inicio\/index.php\/wp-json\/wp\/v2\/posts\/326059\/revisions\/326061"}],"wp:featuredmedia":[{"embeddable":true,"href":"https:\/\/diariotextual.com\/inicio\/index.php\/wp-json\/wp\/v2\/media\/326062"}],"wp:attachment":[{"href":"https:\/\/diariotextual.com\/inicio\/index.php\/wp-json\/wp\/v2\/media?parent=326059"}],"wp:term":[{"taxonomy":"category","embeddable":true,"href":"https:\/\/diariotextual.com\/inicio\/index.php\/wp-json\/wp\/v2\/categories?post=326059"},{"taxonomy":"post_tag","embeddable":true,"href":"https:\/\/diariotextual.com\/inicio\/index.php\/wp-json\/wp\/v2\/tags?post=326059"}],"curies":[{"name":"wp","href":"https:\/\/api.w.org\/{rel}","templated":true}]}}