{"id":326063,"date":"2026-04-30T11:44:35","date_gmt":"2026-04-30T14:44:35","guid":{"rendered":"https:\/\/diariotextual.com\/inicio\/?p=326063"},"modified":"2026-04-30T18:47:05","modified_gmt":"2026-04-30T21:47:05","slug":"feuerschvenger-y-las-amenazas-de-tiroteos-hay-que-entender-que-no-es-una-broma-es-un-delito","status":"publish","type":"post","link":"https:\/\/diariotextual.com\/inicio\/index.php\/2026\/04\/30\/feuerschvenger-y-las-amenazas-de-tiroteos-hay-que-entender-que-no-es-una-broma-es-un-delito\/","title":{"rendered":"Feuerschvenger y las amenazas de tiroteos en las escuelas: \u201cNo es una broma, es un delito\u201d"},"content":{"rendered":"\n<p>La ministra de Educaci\u00f3n del Gobierno de La Pampa, <strong>Marcela Feuerschvenger<\/strong>, particip\u00f3 de la jornada que la comunidad educativa de la <strong>Escuela Normal Clemente Andrada<\/strong> denomin\u00f3 <strong>\u201cViralicemos la paz\u201d<\/strong>, una actividad en la que estudiantes y docentes secundarios se movilizaron en la <strong>plaza San Mart\u00edn<\/strong> en respuesta a los recientes retos virtuales y a las situaciones de violencia registradas en unas 50 escuelas de La Pampa.<\/p>\n\n\n\n<p>Estudiantes, docentes y familias se reunieron este jueves por la ma\u00f1ana para rechazar la violencia y los desaf\u00edos virales que alteraron la convivencia escolar. <strong>\u201cSon hechos que no se pueden pasar por alto cuando afectan la vida de las personas\u201d<\/strong>, sostuvo la funcionaria en di\u00e1logo con la prensa. \u201cMuchos lo tomaron como una broma, pero hay que entender que es un delito que est\u00e1 atentando contra la integridad f\u00edsica de las personas\u201d, dijo <strong>Feuerschvenger<\/strong>.<\/p>\n\n\n\n<p><strong>Hasta el momento hay unos 60 casos en La Pampa. <\/strong>El primer caso ocurri\u00f3 el viernes 17 de abril en un colegio secundario de <strong>25 de Mayo<\/strong>. En un ba\u00f1o de mujeres, escribieron que iba a haber un tiroteo. Luego se registraron episodios similares en colegios de <strong>General Pico<\/strong> y <strong>Santa Rosa<\/strong>. Con el correr de los d\u00edas, hubo casos en <strong>Rancul<\/strong>, <strong>Realic\u00f3<\/strong>, <strong>Eduardo Castex<\/strong>, <strong>Toay<\/strong>, <strong>Macach\u00edn<\/strong>, <strong>Lonquimay<\/strong>, <strong>Parera<\/strong>, <strong>General Acha<\/strong>, <strong>Trenel<\/strong>, <strong>Jacinto Arauz<\/strong>, <strong>Victorica<\/strong>, <strong>Intendente Alvear<\/strong> y <strong>Metileo<\/strong>.<\/p>\n\n\n\n<p>La mayor\u00eda de las amenazas aparecieron en ba\u00f1os, aunque tambi\u00e9n circularon por redes sociales. La situaci\u00f3n gener\u00f3 <strong>alarma<\/strong>, en un contexto marcado por un tiroteo mortal en la provincia de <strong>Santa Fe<\/strong>. La <strong>Provincia<\/strong> se constituy\u00f3 en <strong>querellante<\/strong> y la <strong>Justicia<\/strong> orden\u00f3 <strong>allanamientos<\/strong> -con secuestros de armas en domicilios de padres-, adem\u00e1s de <strong>an\u00e1lisis de celulares<\/strong> e <strong>intervenciones en redes sociales<\/strong>.<\/p>\n\n\n\n<p><\/p>\n\n\n\n<figure class=\"wp-block-embed is-type-wp-embed is-provider-diario-textual wp-block-embed-diario-textual\"><div class=\"wp-block-embed__wrapper\">\n<blockquote class=\"wp-embedded-content\" data-secret=\"9zX4ZlWnPY\"><a href=\"https:\/\/diariotextual.com\/inicio\/index.php\/2026\/04\/29\/se-frenan-las-amenazas-de-tiroteos-en-escuelas-de-la-pampa-hay-unas-60-investigaciones\/\">Se frenan las amenazas de tiroteos en escuelas de La Pampa: hay unas 60 investigaciones<\/a><\/blockquote><iframe class=\"wp-embedded-content\" sandbox=\"allow-scripts\" security=\"restricted\" style=\"position: absolute; visibility: hidden;\" title=\"\u00abSe frenan las amenazas de tiroteos en escuelas de La Pampa: hay unas 60 investigaciones\u00bb \u2014 Diario Textual\" src=\"https:\/\/diariotextual.com\/inicio\/index.php\/2026\/04\/29\/se-frenan-las-amenazas-de-tiroteos-en-escuelas-de-la-pampa-hay-unas-60-investigaciones\/embed\/#?secret=ILJr6mFVQ0#?secret=9zX4ZlWnPY\" data-secret=\"9zX4ZlWnPY\" width=\"600\" height=\"338\" frameborder=\"0\" marginwidth=\"0\" marginheight=\"0\" scrolling=\"no\"><\/iframe>\n<\/div><\/figure>\n\n\n\n<p><\/p>\n\n\n\n<p>Las autoridades judiciales y educativas lograron identificar a buena parte de los estudiantes que realizaron las amenazas. Todos eran <strong>menores de 16 a\u00f1os<\/strong>, por lo tanto, <strong>inimputables<\/strong>. Algunos ten\u00edan apenas <strong>11 a\u00f1os<\/strong>, como en un caso registrado en <strong>Macach\u00edn<\/strong>.<\/p>\n\n\n\n<p>El \u00faltimo episodio se detect\u00f3 -al menos hasta el momento- en un colegio primario de <strong>Metileo<\/strong>. \u201cSe trat\u00f3 de un nene que admiti\u00f3 el error. Intervino Educaci\u00f3n\u201d, se\u00f1al\u00f3 el fiscal <strong>Guillermo Komarofky<\/strong>, de la Segunda Circunscripci\u00f3n Judicial, en di\u00e1logo con<strong> Diario Textual.<\/strong><\/p>\n\n\n\n<p><\/p>\n","protected":false},"excerpt":{"rendered":"<p>La ministra de Educaci\u00f3n del Gobierno de La Pampa, Marcela Feuerschvenger, particip\u00f3 de la jornada que la comunidad educativa de la Escuela Normal Clemente Andrada denomin\u00f3 \u201cViralicemos la paz\u201d, una&hellip;<\/p>\n","protected":false},"author":3,"featured_media":254063,"comment_status":"closed","ping_status":"open","sticky":false,"template":"","format":"standard","meta":{"_acf_changed":false,"footnotes":""},"categories":[10,8],"tags":[],"class_list":["post-326063","post","type-post","status-publish","format-standard","has-post-thumbnail","hentry","category-portada-2","category-politica"],"acf":[],"yoast_head":"<!-- This site is optimized with the Yoast SEO plugin v27.5 - https:\/\/yoast.com\/product\/yoast-seo-wordpress\/ -->\n<title>Feuerschvenger y las amenazas de tiroteos en las escuelas: \u201cNo es una broma, es un delito\u201d - Diario Textual<\/title>\n<meta name=\"robots\" content=\"index, follow, max-snippet:-1, max-image-preview:large, max-video-preview:-1\" \/>\n<link rel=\"canonical\" href=\"https:\/\/diariotextual.com\/inicio\/index.php\/2026\/04\/30\/feuerschvenger-y-las-amenazas-de-tiroteos-hay-que-entender-que-no-es-una-broma-es-un-delito\/\" \/>\n<meta property=\"og:locale\" content=\"es_ES\" \/>\n<meta property=\"og:type\" content=\"article\" \/>\n<meta property=\"og:title\" content=\"Feuerschvenger y las amenazas de tiroteos en las escuelas: \u201cNo es una broma, es un delito\u201d - Diario Textual\" \/>\n<meta property=\"og:description\" content=\"La ministra de Educaci\u00f3n del Gobierno de La Pampa, Marcela Feuerschvenger, particip\u00f3 de la jornada que la comunidad educativa de la Escuela Normal Clemente Andrada denomin\u00f3 \u201cViralicemos la paz\u201d, una&hellip;\" \/>\n<meta property=\"og:url\" content=\"https:\/\/diariotextual.com\/inicio\/index.php\/2026\/04\/30\/feuerschvenger-y-las-amenazas-de-tiroteos-hay-que-entender-que-no-es-una-broma-es-un-delito\/\" \/>\n<meta property=\"og:site_name\" content=\"Diario Textual\" \/>\n<meta property=\"article:publisher\" content=\"https:\/\/www.facebook.com\/eltextual\" \/>\n<meta property=\"article:published_time\" content=\"2026-04-30T14:44:35+00:00\" \/>\n<meta property=\"article:modified_time\" content=\"2026-04-30T21:47:05+00:00\" \/>\n<meta property=\"og:image\" content=\"https:\/\/diariotextual.com\/inicio\/wp-content\/uploads\/2024\/02\/feuerschvengermarcela2024-9.jpg\" \/>\n\t<meta property=\"og:image:width\" content=\"1500\" \/>\n\t<meta property=\"og:image:height\" content=\"999\" \/>\n\t<meta property=\"og:image:type\" content=\"image\/jpeg\" \/>\n<meta name=\"author\" content=\"Diario1 Diario1\" \/>\n<meta name=\"twitter:card\" content=\"summary_large_image\" \/>\n<meta name=\"twitter:creator\" content=\"@eltextual\" \/>\n<meta name=\"twitter:site\" content=\"@eltextual\" \/>\n<meta name=\"twitter:label1\" content=\"Escrito por\" \/>\n\t<meta name=\"twitter:data1\" content=\"Diario1 Diario1\" \/>\n\t<meta name=\"twitter:label2\" content=\"Tiempo de lectura\" \/>\n\t<meta name=\"twitter:data2\" content=\"2 minutos\" \/>\n<script type=\"application\/ld+json\" class=\"yoast-schema-graph\">{\"@context\":\"https:\\\/\\\/schema.org\",\"@graph\":[{\"@type\":\"Article\",\"@id\":\"https:\\\/\\\/diariotextual.com\\\/inicio\\\/index.php\\\/2026\\\/04\\\/30\\\/feuerschvenger-y-las-amenazas-de-tiroteos-hay-que-entender-que-no-es-una-broma-es-un-delito\\\/#article\",\"isPartOf\":{\"@id\":\"https:\\\/\\\/diariotextual.com\\\/inicio\\\/index.php\\\/2026\\\/04\\\/30\\\/feuerschvenger-y-las-amenazas-de-tiroteos-hay-que-entender-que-no-es-una-broma-es-un-delito\\\/\"},\"author\":{\"name\":\"Diario1 Diario1\",\"@id\":\"https:\\\/\\\/diariotextual.com\\\/inicio\\\/#\\\/schema\\\/person\\\/418fc4093c33e86ed41562db3508f958\"},\"headline\":\"Feuerschvenger y las amenazas de tiroteos en las escuelas: \u201cNo es una broma, es un delito\u201d\",\"datePublished\":\"2026-04-30T14:44:35+00:00\",\"dateModified\":\"2026-04-30T21:47:05+00:00\",\"mainEntityOfPage\":{\"@id\":\"https:\\\/\\\/diariotextual.com\\\/inicio\\\/index.php\\\/2026\\\/04\\\/30\\\/feuerschvenger-y-las-amenazas-de-tiroteos-hay-que-entender-que-no-es-una-broma-es-un-delito\\\/\"},\"wordCount\":402,\"publisher\":{\"@id\":\"https:\\\/\\\/diariotextual.com\\\/inicio\\\/#organization\"},\"image\":{\"@id\":\"https:\\\/\\\/diariotextual.com\\\/inicio\\\/index.php\\\/2026\\\/04\\\/30\\\/feuerschvenger-y-las-amenazas-de-tiroteos-hay-que-entender-que-no-es-una-broma-es-un-delito\\\/#primaryimage\"},\"thumbnailUrl\":\"https:\\\/\\\/diariotextual.com\\\/inicio\\\/wp-content\\\/uploads\\\/2024\\\/02\\\/feuerschvengermarcela2024-9.jpg\",\"articleSection\":[\"A - PORTADA2\",\"POLITICA\"],\"inLanguage\":\"es\"},{\"@type\":\"WebPage\",\"@id\":\"https:\\\/\\\/diariotextual.com\\\/inicio\\\/index.php\\\/2026\\\/04\\\/30\\\/feuerschvenger-y-las-amenazas-de-tiroteos-hay-que-entender-que-no-es-una-broma-es-un-delito\\\/\",\"url\":\"https:\\\/\\\/diariotextual.com\\\/inicio\\\/index.php\\\/2026\\\/04\\\/30\\\/feuerschvenger-y-las-amenazas-de-tiroteos-hay-que-entender-que-no-es-una-broma-es-un-delito\\\/\",\"name\":\"Feuerschvenger y las amenazas de tiroteos en las escuelas: \u201cNo es una broma, es un delito\u201d - Diario Textual\",\"isPartOf\":{\"@id\":\"https:\\\/\\\/diariotextual.com\\\/inicio\\\/#website\"},\"primaryImageOfPage\":{\"@id\":\"https:\\\/\\\/diariotextual.com\\\/inicio\\\/index.php\\\/2026\\\/04\\\/30\\\/feuerschvenger-y-las-amenazas-de-tiroteos-hay-que-entender-que-no-es-una-broma-es-un-delito\\\/#primaryimage\"},\"image\":{\"@id\":\"https:\\\/\\\/diariotextual.com\\\/inicio\\\/index.php\\\/2026\\\/04\\\/30\\\/feuerschvenger-y-las-amenazas-de-tiroteos-hay-que-entender-que-no-es-una-broma-es-un-delito\\\/#primaryimage\"},\"thumbnailUrl\":\"https:\\\/\\\/diariotextual.com\\\/inicio\\\/wp-content\\\/uploads\\\/2024\\\/02\\\/feuerschvengermarcela2024-9.jpg\",\"datePublished\":\"2026-04-30T14:44:35+00:00\",\"dateModified\":\"2026-04-30T21:47:05+00:00\",\"breadcrumb\":{\"@id\":\"https:\\\/\\\/diariotextual.com\\\/inicio\\\/index.php\\\/2026\\\/04\\\/30\\\/feuerschvenger-y-las-amenazas-de-tiroteos-hay-que-entender-que-no-es-una-broma-es-un-delito\\\/#breadcrumb\"},\"inLanguage\":\"es\",\"potentialAction\":[{\"@type\":\"ReadAction\",\"target\":[\"https:\\\/\\\/diariotextual.com\\\/inicio\\\/index.php\\\/2026\\\/04\\\/30\\\/feuerschvenger-y-las-amenazas-de-tiroteos-hay-que-entender-que-no-es-una-broma-es-un-delito\\\/\"]}]},{\"@type\":\"ImageObject\",\"inLanguage\":\"es\",\"@id\":\"https:\\\/\\\/diariotextual.com\\\/inicio\\\/index.php\\\/2026\\\/04\\\/30\\\/feuerschvenger-y-las-amenazas-de-tiroteos-hay-que-entender-que-no-es-una-broma-es-un-delito\\\/#primaryimage\",\"url\":\"https:\\\/\\\/diariotextual.com\\\/inicio\\\/wp-content\\\/uploads\\\/2024\\\/02\\\/feuerschvengermarcela2024-9.jpg\",\"contentUrl\":\"https:\\\/\\\/diariotextual.com\\\/inicio\\\/wp-content\\\/uploads\\\/2024\\\/02\\\/feuerschvengermarcela2024-9.jpg\",\"width\":1500,\"height\":999},{\"@type\":\"BreadcrumbList\",\"@id\":\"https:\\\/\\\/diariotextual.com\\\/inicio\\\/index.php\\\/2026\\\/04\\\/30\\\/feuerschvenger-y-las-amenazas-de-tiroteos-hay-que-entender-que-no-es-una-broma-es-un-delito\\\/#breadcrumb\",\"itemListElement\":[{\"@type\":\"ListItem\",\"position\":1,\"name\":\"Portada\",\"item\":\"https:\\\/\\\/diariotextual.com\\\/inicio\\\/\"},{\"@type\":\"ListItem\",\"position\":2,\"name\":\"Feuerschvenger y las amenazas de tiroteos en las escuelas: \u201cNo es una broma, es un delito\u201d\"}]},{\"@type\":\"WebSite\",\"@id\":\"https:\\\/\\\/diariotextual.com\\\/inicio\\\/#website\",\"url\":\"https:\\\/\\\/diariotextual.com\\\/inicio\\\/\",\"name\":\"Diario Textual\",\"description\":\"\",\"publisher\":{\"@id\":\"https:\\\/\\\/diariotextual.com\\\/inicio\\\/#organization\"},\"potentialAction\":[{\"@type\":\"SearchAction\",\"target\":{\"@type\":\"EntryPoint\",\"urlTemplate\":\"https:\\\/\\\/diariotextual.com\\\/inicio\\\/?s={search_term_string}\"},\"query-input\":{\"@type\":\"PropertyValueSpecification\",\"valueRequired\":true,\"valueName\":\"search_term_string\"}}],\"inLanguage\":\"es\"},{\"@type\":\"Organization\",\"@id\":\"https:\\\/\\\/diariotextual.com\\\/inicio\\\/#organization\",\"name\":\"Diario Textual\",\"url\":\"https:\\\/\\\/diariotextual.com\\\/inicio\\\/\",\"logo\":{\"@type\":\"ImageObject\",\"inLanguage\":\"es\",\"@id\":\"https:\\\/\\\/diariotextual.com\\\/inicio\\\/#\\\/schema\\\/logo\\\/image\\\/\",\"url\":\"https:\\\/\\\/diariotextual.com\\\/inicio\\\/wp-content\\\/uploads\\\/2023\\\/05\\\/logotextual1.jpg\",\"contentUrl\":\"https:\\\/\\\/diariotextual.com\\\/inicio\\\/wp-content\\\/uploads\\\/2023\\\/05\\\/logotextual1.jpg\",\"width\":516,\"height\":76,\"caption\":\"Diario Textual\"},\"image\":{\"@id\":\"https:\\\/\\\/diariotextual.com\\\/inicio\\\/#\\\/schema\\\/logo\\\/image\\\/\"},\"sameAs\":[\"https:\\\/\\\/www.facebook.com\\\/eltextual\",\"https:\\\/\\\/x.com\\\/eltextual\",\"http:\\\/\\\/www.instagram.com\\\/eltextual\"]},{\"@type\":\"Person\",\"@id\":\"https:\\\/\\\/diariotextual.com\\\/inicio\\\/#\\\/schema\\\/person\\\/418fc4093c33e86ed41562db3508f958\",\"name\":\"Diario1 Diario1\",\"image\":{\"@type\":\"ImageObject\",\"inLanguage\":\"es\",\"@id\":\"https:\\\/\\\/secure.gravatar.com\\\/avatar\\\/9167d280179c85bc18be67aa7eda765854300033af4896dd779b608640f2ef7a?s=96&d=mm&r=g\",\"url\":\"https:\\\/\\\/secure.gravatar.com\\\/avatar\\\/9167d280179c85bc18be67aa7eda765854300033af4896dd779b608640f2ef7a?s=96&d=mm&r=g\",\"contentUrl\":\"https:\\\/\\\/secure.gravatar.com\\\/avatar\\\/9167d280179c85bc18be67aa7eda765854300033af4896dd779b608640f2ef7a?s=96&d=mm&r=g\",\"caption\":\"Diario1 Diario1\"},\"url\":\"https:\\\/\\\/diariotextual.com\\\/inicio\\\/index.php\\\/author\\\/diario1\\\/\"}]}<\/script>\n<!-- \/ Yoast SEO plugin. -->","yoast_head_json":{"title":"Feuerschvenger y las amenazas de tiroteos en las escuelas: \u201cNo es una broma, es un delito\u201d - Diario Textual","robots":{"index":"index","follow":"follow","max-snippet":"max-snippet:-1","max-image-preview":"max-image-preview:large","max-video-preview":"max-video-preview:-1"},"canonical":"https:\/\/diariotextual.com\/inicio\/index.php\/2026\/04\/30\/feuerschvenger-y-las-amenazas-de-tiroteos-hay-que-entender-que-no-es-una-broma-es-un-delito\/","og_locale":"es_ES","og_type":"article","og_title":"Feuerschvenger y las amenazas de tiroteos en las escuelas: \u201cNo es una broma, es un delito\u201d - Diario Textual","og_description":"La ministra de Educaci\u00f3n del Gobierno de La Pampa, Marcela Feuerschvenger, particip\u00f3 de la jornada que la comunidad educativa de la Escuela Normal Clemente Andrada denomin\u00f3 \u201cViralicemos la paz\u201d, una&hellip;","og_url":"https:\/\/diariotextual.com\/inicio\/index.php\/2026\/04\/30\/feuerschvenger-y-las-amenazas-de-tiroteos-hay-que-entender-que-no-es-una-broma-es-un-delito\/","og_site_name":"Diario Textual","article_publisher":"https:\/\/www.facebook.com\/eltextual","article_published_time":"2026-04-30T14:44:35+00:00","article_modified_time":"2026-04-30T21:47:05+00:00","og_image":[{"width":1500,"height":999,"url":"https:\/\/diariotextual.com\/inicio\/wp-content\/uploads\/2024\/02\/feuerschvengermarcela2024-9.jpg","type":"image\/jpeg"}],"author":"Diario1 Diario1","twitter_card":"summary_large_image","twitter_creator":"@eltextual","twitter_site":"@eltextual","twitter_misc":{"Escrito por":"Diario1 Diario1","Tiempo de lectura":"2 minutos"},"schema":{"@context":"https:\/\/schema.org","@graph":[{"@type":"Article","@id":"https:\/\/diariotextual.com\/inicio\/index.php\/2026\/04\/30\/feuerschvenger-y-las-amenazas-de-tiroteos-hay-que-entender-que-no-es-una-broma-es-un-delito\/#article","isPartOf":{"@id":"https:\/\/diariotextual.com\/inicio\/index.php\/2026\/04\/30\/feuerschvenger-y-las-amenazas-de-tiroteos-hay-que-entender-que-no-es-una-broma-es-un-delito\/"},"author":{"name":"Diario1 Diario1","@id":"https:\/\/diariotextual.com\/inicio\/#\/schema\/person\/418fc4093c33e86ed41562db3508f958"},"headline":"Feuerschvenger y las amenazas de tiroteos en las escuelas: \u201cNo es una broma, es un delito\u201d","datePublished":"2026-04-30T14:44:35+00:00","dateModified":"2026-04-30T21:47:05+00:00","mainEntityOfPage":{"@id":"https:\/\/diariotextual.com\/inicio\/index.php\/2026\/04\/30\/feuerschvenger-y-las-amenazas-de-tiroteos-hay-que-entender-que-no-es-una-broma-es-un-delito\/"},"wordCount":402,"publisher":{"@id":"https:\/\/diariotextual.com\/inicio\/#organization"},"image":{"@id":"https:\/\/diariotextual.com\/inicio\/index.php\/2026\/04\/30\/feuerschvenger-y-las-amenazas-de-tiroteos-hay-que-entender-que-no-es-una-broma-es-un-delito\/#primaryimage"},"thumbnailUrl":"https:\/\/diariotextual.com\/inicio\/wp-content\/uploads\/2024\/02\/feuerschvengermarcela2024-9.jpg","articleSection":["A - PORTADA2","POLITICA"],"inLanguage":"es"},{"@type":"WebPage","@id":"https:\/\/diariotextual.com\/inicio\/index.php\/2026\/04\/30\/feuerschvenger-y-las-amenazas-de-tiroteos-hay-que-entender-que-no-es-una-broma-es-un-delito\/","url":"https:\/\/diariotextual.com\/inicio\/index.php\/2026\/04\/30\/feuerschvenger-y-las-amenazas-de-tiroteos-hay-que-entender-que-no-es-una-broma-es-un-delito\/","name":"Feuerschvenger y las amenazas de tiroteos en las escuelas: \u201cNo es una broma, es un delito\u201d - Diario Textual","isPartOf":{"@id":"https:\/\/diariotextual.com\/inicio\/#website"},"primaryImageOfPage":{"@id":"https:\/\/diariotextual.com\/inicio\/index.php\/2026\/04\/30\/feuerschvenger-y-las-amenazas-de-tiroteos-hay-que-entender-que-no-es-una-broma-es-un-delito\/#primaryimage"},"image":{"@id":"https:\/\/diariotextual.com\/inicio\/index.php\/2026\/04\/30\/feuerschvenger-y-las-amenazas-de-tiroteos-hay-que-entender-que-no-es-una-broma-es-un-delito\/#primaryimage"},"thumbnailUrl":"https:\/\/diariotextual.com\/inicio\/wp-content\/uploads\/2024\/02\/feuerschvengermarcela2024-9.jpg","datePublished":"2026-04-30T14:44:35+00:00","dateModified":"2026-04-30T21:47:05+00:00","breadcrumb":{"@id":"https:\/\/diariotextual.com\/inicio\/index.php\/2026\/04\/30\/feuerschvenger-y-las-amenazas-de-tiroteos-hay-que-entender-que-no-es-una-broma-es-un-delito\/#breadcrumb"},"inLanguage":"es","potentialAction":[{"@type":"ReadAction","target":["https:\/\/diariotextual.com\/inicio\/index.php\/2026\/04\/30\/feuerschvenger-y-las-amenazas-de-tiroteos-hay-que-entender-que-no-es-una-broma-es-un-delito\/"]}]},{"@type":"ImageObject","inLanguage":"es","@id":"https:\/\/diariotextual.com\/inicio\/index.php\/2026\/04\/30\/feuerschvenger-y-las-amenazas-de-tiroteos-hay-que-entender-que-no-es-una-broma-es-un-delito\/#primaryimage","url":"https:\/\/diariotextual.com\/inicio\/wp-content\/uploads\/2024\/02\/feuerschvengermarcela2024-9.jpg","contentUrl":"https:\/\/diariotextual.com\/inicio\/wp-content\/uploads\/2024\/02\/feuerschvengermarcela2024-9.jpg","width":1500,"height":999},{"@type":"BreadcrumbList","@id":"https:\/\/diariotextual.com\/inicio\/index.php\/2026\/04\/30\/feuerschvenger-y-las-amenazas-de-tiroteos-hay-que-entender-que-no-es-una-broma-es-un-delito\/#breadcrumb","itemListElement":[{"@type":"ListItem","position":1,"name":"Portada","item":"https:\/\/diariotextual.com\/inicio\/"},{"@type":"ListItem","position":2,"name":"Feuerschvenger y las amenazas de tiroteos en las escuelas: \u201cNo es una broma, es un delito\u201d"}]},{"@type":"WebSite","@id":"https:\/\/diariotextual.com\/inicio\/#website","url":"https:\/\/diariotextual.com\/inicio\/","name":"Diario Textual","description":"","publisher":{"@id":"https:\/\/diariotextual.com\/inicio\/#organization"},"potentialAction":[{"@type":"SearchAction","target":{"@type":"EntryPoint","urlTemplate":"https:\/\/diariotextual.com\/inicio\/?s={search_term_string}"},"query-input":{"@type":"PropertyValueSpecification","valueRequired":true,"valueName":"search_term_string"}}],"inLanguage":"es"},{"@type":"Organization","@id":"https:\/\/diariotextual.com\/inicio\/#organization","name":"Diario Textual","url":"https:\/\/diariotextual.com\/inicio\/","logo":{"@type":"ImageObject","inLanguage":"es","@id":"https:\/\/diariotextual.com\/inicio\/#\/schema\/logo\/image\/","url":"https:\/\/diariotextual.com\/inicio\/wp-content\/uploads\/2023\/05\/logotextual1.jpg","contentUrl":"https:\/\/diariotextual.com\/inicio\/wp-content\/uploads\/2023\/05\/logotextual1.jpg","width":516,"height":76,"caption":"Diario Textual"},"image":{"@id":"https:\/\/diariotextual.com\/inicio\/#\/schema\/logo\/image\/"},"sameAs":["https:\/\/www.facebook.com\/eltextual","https:\/\/x.com\/eltextual","http:\/\/www.instagram.com\/eltextual"]},{"@type":"Person","@id":"https:\/\/diariotextual.com\/inicio\/#\/schema\/person\/418fc4093c33e86ed41562db3508f958","name":"Diario1 Diario1","image":{"@type":"ImageObject","inLanguage":"es","@id":"https:\/\/secure.gravatar.com\/avatar\/9167d280179c85bc18be67aa7eda765854300033af4896dd779b608640f2ef7a?s=96&d=mm&r=g","url":"https:\/\/secure.gravatar.com\/avatar\/9167d280179c85bc18be67aa7eda765854300033af4896dd779b608640f2ef7a?s=96&d=mm&r=g","contentUrl":"https:\/\/secure.gravatar.com\/avatar\/9167d280179c85bc18be67aa7eda765854300033af4896dd779b608640f2ef7a?s=96&d=mm&r=g","caption":"Diario1 Diario1"},"url":"https:\/\/diariotextual.com\/inicio\/index.php\/author\/diario1\/"}]}},"_links":{"self":[{"href":"https:\/\/diariotextual.com\/inicio\/index.php\/wp-json\/wp\/v2\/posts\/326063","targetHints":{"allow":["GET"]}}],"collection":[{"href":"https:\/\/diariotextual.com\/inicio\/index.php\/wp-json\/wp\/v2\/posts"}],"about":[{"href":"https:\/\/diariotextual.com\/inicio\/index.php\/wp-json\/wp\/v2\/types\/post"}],"author":[{"embeddable":true,"href":"https:\/\/diariotextual.com\/inicio\/index.php\/wp-json\/wp\/v2\/users\/3"}],"replies":[{"embeddable":true,"href":"https:\/\/diariotextual.com\/inicio\/index.php\/wp-json\/wp\/v2\/comments?post=326063"}],"version-history":[{"count":3,"href":"https:\/\/diariotextual.com\/inicio\/index.php\/wp-json\/wp\/v2\/posts\/326063\/revisions"}],"predecessor-version":[{"id":326066,"href":"https:\/\/diariotextual.com\/inicio\/index.php\/wp-json\/wp\/v2\/posts\/326063\/revisions\/326066"}],"wp:featuredmedia":[{"embeddable":true,"href":"https:\/\/diariotextual.com\/inicio\/index.php\/wp-json\/wp\/v2\/media\/254063"}],"wp:attachment":[{"href":"https:\/\/diariotextual.com\/inicio\/index.php\/wp-json\/wp\/v2\/media?parent=326063"}],"wp:term":[{"taxonomy":"category","embeddable":true,"href":"https:\/\/diariotextual.com\/inicio\/index.php\/wp-json\/wp\/v2\/categories?post=326063"},{"taxonomy":"post_tag","embeddable":true,"href":"https:\/\/diariotextual.com\/inicio\/index.php\/wp-json\/wp\/v2\/tags?post=326063"}],"curies":[{"name":"wp","href":"https:\/\/api.w.org\/{rel}","templated":true}]}}