{"id":326069,"date":"2026-04-30T17:23:43","date_gmt":"2026-04-30T20:23:43","guid":{"rendered":"https:\/\/diariotextual.com\/inicio\/?p=326069"},"modified":"2026-04-30T17:23:44","modified_gmt":"2026-04-30T20:23:44","slug":"de-la-pampa-a-vaca-muerta-100-empresas-en-jornada-de-deteccion-de-oportunidades-de-negocios","status":"publish","type":"post","link":"https:\/\/diariotextual.com\/inicio\/index.php\/2026\/04\/30\/de-la-pampa-a-vaca-muerta-100-empresas-en-jornada-de-deteccion-de-oportunidades-de-negocios\/","title":{"rendered":"De La Pampa a Vaca Muerta: 100 empresas en jornada de detecci\u00f3n de oportunidades de negocios"},"content":{"rendered":"\n<p>Con la participaci\u00f3n de unas 100 empresas pampeanas, se realiz\u00f3 este jueves por la ma\u00f1ana la segunda edici\u00f3n de la jornada \u201cDetecci\u00f3n de oportunidades de negocios en Vaca Muerta para productos y servicios pampeanos\u201d, una propuesta orientada a firmas que buscan ampliar su desarrollo comercial en mercados estrat\u00e9gicos como Neuqu\u00e9n.<\/p>\n\n\n\n<p>\u201cQue est\u00e9n ac\u00e1 presentes es destacable, porque la iniciativa y la inversi\u00f3n del sector privado, junto con la coordinaci\u00f3n del sector p\u00fablico, impactan en el crecimiento de las empresas y de la Provincia\u201d, expres\u00f3 <strong>Sebasti\u00e1n Lastiri<\/strong>, director de la <strong>Agencia I-COMEX<\/strong>, quien encabez\u00f3 el encuentro y agradeci\u00f3 la participaci\u00f3n empresaria.<\/p>\n\n\n\n<p>En ese marco, explic\u00f3 que la misi\u00f3n a Vaca Muerta se inscribe en el <strong>Plan de Desarrollo Econ\u00f3mico Productivo<\/strong> presentado por el gobernador <strong>Sergio Ziliotto<\/strong>, con metas hacia 2030 y una proyecci\u00f3n estrat\u00e9gica de mediano y largo plazo para La Pampa. Detall\u00f3 que el programa integra acciones y estrategias vinculadas a la <strong>expansi\u00f3n comercial<\/strong> y a la <strong>integraci\u00f3n productiva<\/strong> con otras provincias.<\/p>\n\n\n\n<p>La actividad fue organizada de manera conjunta por la <strong>Agencia I-COMEX La Pampa<\/strong>, la <strong>UNLPam<\/strong> y el <strong>Ministerio de la Producci\u00f3n<\/strong>, dentro de una agenda destinada a fortalecer la vinculaci\u00f3n comercial con mercados estrat\u00e9gicos. Tambi\u00e9n participaron representantes de c\u00e1maras empresariales y autoridades de instituciones como el <strong>Banco de La Pampa<\/strong>, <strong>CITIA<\/strong> y <strong>FOGAPAM<\/strong>.<\/p>\n\n\n\n<div style=\"height:100px\" aria-hidden=\"true\" class=\"wp-block-spacer\"><\/div>\n\n\n\n<p><strong>Articulaci\u00f3n p\u00fablico-privada<\/strong><\/p>\n\n\n\n<p>La jornada funcion\u00f3 como un espacio para identificar oportunidades concretas de negocio, intercambiar experiencias y generar nuevos v\u00ednculos. Se incluyeron testimonios de pymes que participaron en la primera misi\u00f3n empresarial y se promovieron instancias de networking.<\/p>\n\n\n\n<p>Adem\u00e1s, el consultor rionegrino <strong>Andr\u00e9s Tejeda<\/strong> brind\u00f3 una disertaci\u00f3n sobre la <strong>cadena de hidrocarburos<\/strong> y la expansi\u00f3n de la demanda en Neuqu\u00e9n y R\u00edo Negro, con un enfoque t\u00e9cnico sobre uno de los polos econ\u00f3micos m\u00e1s din\u00e1micos del pa\u00eds.<\/p>\n\n\n\n<div style=\"height:100px\" aria-hidden=\"true\" class=\"wp-block-spacer\"><\/div>\n\n\n\n<p><strong>Oportunidades y proyecci\u00f3n<\/strong><\/p>\n\n\n\n<p>Durante el encuentro se analizaron el potencial de <strong>Vaca Muerta<\/strong> hacia el per\u00edodo 2026-2030, los desaf\u00edos del desarrollo energ\u00e9tico y las modalidades de inserci\u00f3n en la cadena de valor hidrocarbur\u00edfera. Tambi\u00e9n se expusieron casos de proveedores que ya operan en la regi\u00f3n.<\/p>\n\n\n\n<p>En ese contexto, se anunci\u00f3 una misi\u00f3n exploratoria a las ciudades de Neuqu\u00e9n y A\u00f1elo para los d\u00edas 1, 2 y 3 de junio, con un cupo de 22 empresas. La iniciativa contempla visitas, reuniones con actores clave, talleres y acompa\u00f1amiento t\u00e9cnico para detectar oportunidades comerciales.<\/p>\n\n\n\n<div style=\"height:100px\" aria-hidden=\"true\" class=\"wp-block-spacer\"><\/div>\n\n\n\n<p><strong>Resultados previos<\/strong><\/p>\n\n\n\n<p>\u201cA cinco meses de la primera misi\u00f3n, el 68% de las firmas retomaron contacto con actores visitados, el 42% avanz\u00f3 en instancias comerciales concretas y el 26% report\u00f3 ventas\u201d, destac\u00f3 Lastiri.<\/p>\n\n\n\n<figure class=\"wp-block-image size-large\"><img fetchpriority=\"high\" decoding=\"async\" width=\"1024\" height=\"634\" src=\"https:\/\/diariotextual.com\/inicio\/wp-content\/uploads\/2026\/04\/lastirisebastian2026-1-1024x634.jpg\" alt=\"\" class=\"wp-image-326071\" srcset=\"https:\/\/diariotextual.com\/inicio\/wp-content\/uploads\/2026\/04\/lastirisebastian2026-1-1024x634.jpg 1024w, https:\/\/diariotextual.com\/inicio\/wp-content\/uploads\/2026\/04\/lastirisebastian2026-1-300x186.jpg 300w, https:\/\/diariotextual.com\/inicio\/wp-content\/uploads\/2026\/04\/lastirisebastian2026-1-768x476.jpg 768w, https:\/\/diariotextual.com\/inicio\/wp-content\/uploads\/2026\/04\/lastirisebastian2026-1-1170x725.jpg 1170w, https:\/\/diariotextual.com\/inicio\/wp-content\/uploads\/2026\/04\/lastirisebastian2026-1-585x362.jpg 585w, https:\/\/diariotextual.com\/inicio\/wp-content\/uploads\/2026\/04\/lastirisebastian2026-1.jpg 1300w\" sizes=\"(max-width: 1024px) 100vw, 1024px\" \/><\/figure>\n\n\n\n<p><\/p>\n\n\n\n<p>La edici\u00f3n 2025 cont\u00f3 con la participaci\u00f3n de 22 empresas de diversos rubros, entre ellos construcci\u00f3n, energ\u00eda, metalmec\u00e1nica, software, indumentaria laboral y transporte.<\/p>\n\n\n\n<p>Desde el Gobierno provincial remarcaron que la continuidad del programa consolida una herramienta para <strong>abrir mercados<\/strong>, <strong>generar conexiones<\/strong> y fortalecer el entramado productivo pampeano con eje en la regi\u00f3n de Vaca Muerta.<\/p>\n\n\n\n<p><\/p>\n","protected":false},"excerpt":{"rendered":"<p>Con la participaci\u00f3n de unas 100 empresas pampeanas, se realiz\u00f3 este jueves por la ma\u00f1ana la segunda edici\u00f3n de la jornada \u201cDetecci\u00f3n de oportunidades de negocios en Vaca Muerta para&hellip;<\/p>\n","protected":false},"author":3,"featured_media":326073,"comment_status":"closed","ping_status":"open","sticky":false,"template":"","format":"standard","meta":{"_acf_changed":false,"footnotes":""},"categories":[9,5],"tags":[],"class_list":["post-326069","post","type-post","status-publish","format-standard","has-post-thumbnail","hentry","category-portada","category-economia"],"acf":[],"yoast_head":"<!-- This site is optimized with the Yoast SEO plugin v27.5 - https:\/\/yoast.com\/product\/yoast-seo-wordpress\/ -->\n<title>De La Pampa a Vaca Muerta: 100 empresas en jornada de detecci\u00f3n de oportunidades de negocios - Diario Textual<\/title>\n<meta name=\"robots\" content=\"index, follow, max-snippet:-1, max-image-preview:large, max-video-preview:-1\" \/>\n<link rel=\"canonical\" href=\"https:\/\/diariotextual.com\/inicio\/index.php\/2026\/04\/30\/de-la-pampa-a-vaca-muerta-100-empresas-en-jornada-de-deteccion-de-oportunidades-de-negocios\/\" \/>\n<meta property=\"og:locale\" content=\"es_ES\" \/>\n<meta property=\"og:type\" content=\"article\" \/>\n<meta property=\"og:title\" content=\"De La Pampa a Vaca Muerta: 100 empresas en jornada de detecci\u00f3n de oportunidades de negocios - Diario Textual\" \/>\n<meta property=\"og:description\" content=\"Con la participaci\u00f3n de unas 100 empresas pampeanas, se realiz\u00f3 este jueves por la ma\u00f1ana la segunda edici\u00f3n de la jornada \u201cDetecci\u00f3n de oportunidades de negocios en Vaca Muerta para&hellip;\" \/>\n<meta property=\"og:url\" content=\"https:\/\/diariotextual.com\/inicio\/index.php\/2026\/04\/30\/de-la-pampa-a-vaca-muerta-100-empresas-en-jornada-de-deteccion-de-oportunidades-de-negocios\/\" \/>\n<meta property=\"og:site_name\" content=\"Diario Textual\" \/>\n<meta property=\"article:publisher\" content=\"https:\/\/www.facebook.com\/eltextual\" \/>\n<meta property=\"article:published_time\" content=\"2026-04-30T20:23:43+00:00\" \/>\n<meta property=\"article:modified_time\" content=\"2026-04-30T20:23:44+00:00\" \/>\n<meta property=\"og:image\" content=\"https:\/\/diariotextual.com\/inicio\/wp-content\/uploads\/2026\/04\/vacamuertanegociosempresas2026-1.jpg\" \/>\n\t<meta property=\"og:image:width\" content=\"1200\" \/>\n\t<meta property=\"og:image:height\" content=\"800\" \/>\n\t<meta property=\"og:image:type\" content=\"image\/jpeg\" \/>\n<meta name=\"author\" content=\"Diario1 Diario1\" \/>\n<meta name=\"twitter:card\" content=\"summary_large_image\" \/>\n<meta name=\"twitter:creator\" content=\"@eltextual\" \/>\n<meta name=\"twitter:site\" content=\"@eltextual\" \/>\n<meta name=\"twitter:label1\" content=\"Escrito por\" \/>\n\t<meta name=\"twitter:data1\" content=\"Diario1 Diario1\" \/>\n\t<meta name=\"twitter:label2\" content=\"Tiempo de lectura\" \/>\n\t<meta name=\"twitter:data2\" content=\"3 minutos\" \/>\n<script type=\"application\/ld+json\" class=\"yoast-schema-graph\">{\"@context\":\"https:\\\/\\\/schema.org\",\"@graph\":[{\"@type\":\"Article\",\"@id\":\"https:\\\/\\\/diariotextual.com\\\/inicio\\\/index.php\\\/2026\\\/04\\\/30\\\/de-la-pampa-a-vaca-muerta-100-empresas-en-jornada-de-deteccion-de-oportunidades-de-negocios\\\/#article\",\"isPartOf\":{\"@id\":\"https:\\\/\\\/diariotextual.com\\\/inicio\\\/index.php\\\/2026\\\/04\\\/30\\\/de-la-pampa-a-vaca-muerta-100-empresas-en-jornada-de-deteccion-de-oportunidades-de-negocios\\\/\"},\"author\":{\"name\":\"Diario1 Diario1\",\"@id\":\"https:\\\/\\\/diariotextual.com\\\/inicio\\\/#\\\/schema\\\/person\\\/418fc4093c33e86ed41562db3508f958\"},\"headline\":\"De La Pampa a Vaca Muerta: 100 empresas en jornada de detecci\u00f3n de oportunidades de negocios\",\"datePublished\":\"2026-04-30T20:23:43+00:00\",\"dateModified\":\"2026-04-30T20:23:44+00:00\",\"mainEntityOfPage\":{\"@id\":\"https:\\\/\\\/diariotextual.com\\\/inicio\\\/index.php\\\/2026\\\/04\\\/30\\\/de-la-pampa-a-vaca-muerta-100-empresas-en-jornada-de-deteccion-de-oportunidades-de-negocios\\\/\"},\"wordCount\":535,\"publisher\":{\"@id\":\"https:\\\/\\\/diariotextual.com\\\/inicio\\\/#organization\"},\"image\":{\"@id\":\"https:\\\/\\\/diariotextual.com\\\/inicio\\\/index.php\\\/2026\\\/04\\\/30\\\/de-la-pampa-a-vaca-muerta-100-empresas-en-jornada-de-deteccion-de-oportunidades-de-negocios\\\/#primaryimage\"},\"thumbnailUrl\":\"https:\\\/\\\/diariotextual.com\\\/inicio\\\/wp-content\\\/uploads\\\/2026\\\/04\\\/vacamuertanegociosempresas2026-1.jpg\",\"articleSection\":[\"A - PORTADA\",\"ECONOMIA\"],\"inLanguage\":\"es\"},{\"@type\":\"WebPage\",\"@id\":\"https:\\\/\\\/diariotextual.com\\\/inicio\\\/index.php\\\/2026\\\/04\\\/30\\\/de-la-pampa-a-vaca-muerta-100-empresas-en-jornada-de-deteccion-de-oportunidades-de-negocios\\\/\",\"url\":\"https:\\\/\\\/diariotextual.com\\\/inicio\\\/index.php\\\/2026\\\/04\\\/30\\\/de-la-pampa-a-vaca-muerta-100-empresas-en-jornada-de-deteccion-de-oportunidades-de-negocios\\\/\",\"name\":\"De La Pampa a Vaca Muerta: 100 empresas en jornada de detecci\u00f3n de oportunidades de negocios - Diario Textual\",\"isPartOf\":{\"@id\":\"https:\\\/\\\/diariotextual.com\\\/inicio\\\/#website\"},\"primaryImageOfPage\":{\"@id\":\"https:\\\/\\\/diariotextual.com\\\/inicio\\\/index.php\\\/2026\\\/04\\\/30\\\/de-la-pampa-a-vaca-muerta-100-empresas-en-jornada-de-deteccion-de-oportunidades-de-negocios\\\/#primaryimage\"},\"image\":{\"@id\":\"https:\\\/\\\/diariotextual.com\\\/inicio\\\/index.php\\\/2026\\\/04\\\/30\\\/de-la-pampa-a-vaca-muerta-100-empresas-en-jornada-de-deteccion-de-oportunidades-de-negocios\\\/#primaryimage\"},\"thumbnailUrl\":\"https:\\\/\\\/diariotextual.com\\\/inicio\\\/wp-content\\\/uploads\\\/2026\\\/04\\\/vacamuertanegociosempresas2026-1.jpg\",\"datePublished\":\"2026-04-30T20:23:43+00:00\",\"dateModified\":\"2026-04-30T20:23:44+00:00\",\"breadcrumb\":{\"@id\":\"https:\\\/\\\/diariotextual.com\\\/inicio\\\/index.php\\\/2026\\\/04\\\/30\\\/de-la-pampa-a-vaca-muerta-100-empresas-en-jornada-de-deteccion-de-oportunidades-de-negocios\\\/#breadcrumb\"},\"inLanguage\":\"es\",\"potentialAction\":[{\"@type\":\"ReadAction\",\"target\":[\"https:\\\/\\\/diariotextual.com\\\/inicio\\\/index.php\\\/2026\\\/04\\\/30\\\/de-la-pampa-a-vaca-muerta-100-empresas-en-jornada-de-deteccion-de-oportunidades-de-negocios\\\/\"]}]},{\"@type\":\"ImageObject\",\"inLanguage\":\"es\",\"@id\":\"https:\\\/\\\/diariotextual.com\\\/inicio\\\/index.php\\\/2026\\\/04\\\/30\\\/de-la-pampa-a-vaca-muerta-100-empresas-en-jornada-de-deteccion-de-oportunidades-de-negocios\\\/#primaryimage\",\"url\":\"https:\\\/\\\/diariotextual.com\\\/inicio\\\/wp-content\\\/uploads\\\/2026\\\/04\\\/vacamuertanegociosempresas2026-1.jpg\",\"contentUrl\":\"https:\\\/\\\/diariotextual.com\\\/inicio\\\/wp-content\\\/uploads\\\/2026\\\/04\\\/vacamuertanegociosempresas2026-1.jpg\",\"width\":1200,\"height\":800},{\"@type\":\"BreadcrumbList\",\"@id\":\"https:\\\/\\\/diariotextual.com\\\/inicio\\\/index.php\\\/2026\\\/04\\\/30\\\/de-la-pampa-a-vaca-muerta-100-empresas-en-jornada-de-deteccion-de-oportunidades-de-negocios\\\/#breadcrumb\",\"itemListElement\":[{\"@type\":\"ListItem\",\"position\":1,\"name\":\"Portada\",\"item\":\"https:\\\/\\\/diariotextual.com\\\/inicio\\\/\"},{\"@type\":\"ListItem\",\"position\":2,\"name\":\"De La Pampa a Vaca Muerta: 100 empresas en jornada de detecci\u00f3n de oportunidades de negocios\"}]},{\"@type\":\"WebSite\",\"@id\":\"https:\\\/\\\/diariotextual.com\\\/inicio\\\/#website\",\"url\":\"https:\\\/\\\/diariotextual.com\\\/inicio\\\/\",\"name\":\"Diario Textual\",\"description\":\"\",\"publisher\":{\"@id\":\"https:\\\/\\\/diariotextual.com\\\/inicio\\\/#organization\"},\"potentialAction\":[{\"@type\":\"SearchAction\",\"target\":{\"@type\":\"EntryPoint\",\"urlTemplate\":\"https:\\\/\\\/diariotextual.com\\\/inicio\\\/?s={search_term_string}\"},\"query-input\":{\"@type\":\"PropertyValueSpecification\",\"valueRequired\":true,\"valueName\":\"search_term_string\"}}],\"inLanguage\":\"es\"},{\"@type\":\"Organization\",\"@id\":\"https:\\\/\\\/diariotextual.com\\\/inicio\\\/#organization\",\"name\":\"Diario Textual\",\"url\":\"https:\\\/\\\/diariotextual.com\\\/inicio\\\/\",\"logo\":{\"@type\":\"ImageObject\",\"inLanguage\":\"es\",\"@id\":\"https:\\\/\\\/diariotextual.com\\\/inicio\\\/#\\\/schema\\\/logo\\\/image\\\/\",\"url\":\"https:\\\/\\\/diariotextual.com\\\/inicio\\\/wp-content\\\/uploads\\\/2023\\\/05\\\/logotextual1.jpg\",\"contentUrl\":\"https:\\\/\\\/diariotextual.com\\\/inicio\\\/wp-content\\\/uploads\\\/2023\\\/05\\\/logotextual1.jpg\",\"width\":516,\"height\":76,\"caption\":\"Diario Textual\"},\"image\":{\"@id\":\"https:\\\/\\\/diariotextual.com\\\/inicio\\\/#\\\/schema\\\/logo\\\/image\\\/\"},\"sameAs\":[\"https:\\\/\\\/www.facebook.com\\\/eltextual\",\"https:\\\/\\\/x.com\\\/eltextual\",\"http:\\\/\\\/www.instagram.com\\\/eltextual\"]},{\"@type\":\"Person\",\"@id\":\"https:\\\/\\\/diariotextual.com\\\/inicio\\\/#\\\/schema\\\/person\\\/418fc4093c33e86ed41562db3508f958\",\"name\":\"Diario1 Diario1\",\"image\":{\"@type\":\"ImageObject\",\"inLanguage\":\"es\",\"@id\":\"https:\\\/\\\/secure.gravatar.com\\\/avatar\\\/9167d280179c85bc18be67aa7eda765854300033af4896dd779b608640f2ef7a?s=96&d=mm&r=g\",\"url\":\"https:\\\/\\\/secure.gravatar.com\\\/avatar\\\/9167d280179c85bc18be67aa7eda765854300033af4896dd779b608640f2ef7a?s=96&d=mm&r=g\",\"contentUrl\":\"https:\\\/\\\/secure.gravatar.com\\\/avatar\\\/9167d280179c85bc18be67aa7eda765854300033af4896dd779b608640f2ef7a?s=96&d=mm&r=g\",\"caption\":\"Diario1 Diario1\"},\"url\":\"https:\\\/\\\/diariotextual.com\\\/inicio\\\/index.php\\\/author\\\/diario1\\\/\"}]}<\/script>\n<!-- \/ Yoast SEO plugin. -->","yoast_head_json":{"title":"De La Pampa a Vaca Muerta: 100 empresas en jornada de detecci\u00f3n de oportunidades de negocios - Diario Textual","robots":{"index":"index","follow":"follow","max-snippet":"max-snippet:-1","max-image-preview":"max-image-preview:large","max-video-preview":"max-video-preview:-1"},"canonical":"https:\/\/diariotextual.com\/inicio\/index.php\/2026\/04\/30\/de-la-pampa-a-vaca-muerta-100-empresas-en-jornada-de-deteccion-de-oportunidades-de-negocios\/","og_locale":"es_ES","og_type":"article","og_title":"De La Pampa a Vaca Muerta: 100 empresas en jornada de detecci\u00f3n de oportunidades de negocios - Diario Textual","og_description":"Con la participaci\u00f3n de unas 100 empresas pampeanas, se realiz\u00f3 este jueves por la ma\u00f1ana la segunda edici\u00f3n de la jornada \u201cDetecci\u00f3n de oportunidades de negocios en Vaca Muerta para&hellip;","og_url":"https:\/\/diariotextual.com\/inicio\/index.php\/2026\/04\/30\/de-la-pampa-a-vaca-muerta-100-empresas-en-jornada-de-deteccion-de-oportunidades-de-negocios\/","og_site_name":"Diario Textual","article_publisher":"https:\/\/www.facebook.com\/eltextual","article_published_time":"2026-04-30T20:23:43+00:00","article_modified_time":"2026-04-30T20:23:44+00:00","og_image":[{"width":1200,"height":800,"url":"https:\/\/diariotextual.com\/inicio\/wp-content\/uploads\/2026\/04\/vacamuertanegociosempresas2026-1.jpg","type":"image\/jpeg"}],"author":"Diario1 Diario1","twitter_card":"summary_large_image","twitter_creator":"@eltextual","twitter_site":"@eltextual","twitter_misc":{"Escrito por":"Diario1 Diario1","Tiempo de lectura":"3 minutos"},"schema":{"@context":"https:\/\/schema.org","@graph":[{"@type":"Article","@id":"https:\/\/diariotextual.com\/inicio\/index.php\/2026\/04\/30\/de-la-pampa-a-vaca-muerta-100-empresas-en-jornada-de-deteccion-de-oportunidades-de-negocios\/#article","isPartOf":{"@id":"https:\/\/diariotextual.com\/inicio\/index.php\/2026\/04\/30\/de-la-pampa-a-vaca-muerta-100-empresas-en-jornada-de-deteccion-de-oportunidades-de-negocios\/"},"author":{"name":"Diario1 Diario1","@id":"https:\/\/diariotextual.com\/inicio\/#\/schema\/person\/418fc4093c33e86ed41562db3508f958"},"headline":"De La Pampa a Vaca Muerta: 100 empresas en jornada de detecci\u00f3n de oportunidades de negocios","datePublished":"2026-04-30T20:23:43+00:00","dateModified":"2026-04-30T20:23:44+00:00","mainEntityOfPage":{"@id":"https:\/\/diariotextual.com\/inicio\/index.php\/2026\/04\/30\/de-la-pampa-a-vaca-muerta-100-empresas-en-jornada-de-deteccion-de-oportunidades-de-negocios\/"},"wordCount":535,"publisher":{"@id":"https:\/\/diariotextual.com\/inicio\/#organization"},"image":{"@id":"https:\/\/diariotextual.com\/inicio\/index.php\/2026\/04\/30\/de-la-pampa-a-vaca-muerta-100-empresas-en-jornada-de-deteccion-de-oportunidades-de-negocios\/#primaryimage"},"thumbnailUrl":"https:\/\/diariotextual.com\/inicio\/wp-content\/uploads\/2026\/04\/vacamuertanegociosempresas2026-1.jpg","articleSection":["A - PORTADA","ECONOMIA"],"inLanguage":"es"},{"@type":"WebPage","@id":"https:\/\/diariotextual.com\/inicio\/index.php\/2026\/04\/30\/de-la-pampa-a-vaca-muerta-100-empresas-en-jornada-de-deteccion-de-oportunidades-de-negocios\/","url":"https:\/\/diariotextual.com\/inicio\/index.php\/2026\/04\/30\/de-la-pampa-a-vaca-muerta-100-empresas-en-jornada-de-deteccion-de-oportunidades-de-negocios\/","name":"De La Pampa a Vaca Muerta: 100 empresas en jornada de detecci\u00f3n de oportunidades de negocios - Diario Textual","isPartOf":{"@id":"https:\/\/diariotextual.com\/inicio\/#website"},"primaryImageOfPage":{"@id":"https:\/\/diariotextual.com\/inicio\/index.php\/2026\/04\/30\/de-la-pampa-a-vaca-muerta-100-empresas-en-jornada-de-deteccion-de-oportunidades-de-negocios\/#primaryimage"},"image":{"@id":"https:\/\/diariotextual.com\/inicio\/index.php\/2026\/04\/30\/de-la-pampa-a-vaca-muerta-100-empresas-en-jornada-de-deteccion-de-oportunidades-de-negocios\/#primaryimage"},"thumbnailUrl":"https:\/\/diariotextual.com\/inicio\/wp-content\/uploads\/2026\/04\/vacamuertanegociosempresas2026-1.jpg","datePublished":"2026-04-30T20:23:43+00:00","dateModified":"2026-04-30T20:23:44+00:00","breadcrumb":{"@id":"https:\/\/diariotextual.com\/inicio\/index.php\/2026\/04\/30\/de-la-pampa-a-vaca-muerta-100-empresas-en-jornada-de-deteccion-de-oportunidades-de-negocios\/#breadcrumb"},"inLanguage":"es","potentialAction":[{"@type":"ReadAction","target":["https:\/\/diariotextual.com\/inicio\/index.php\/2026\/04\/30\/de-la-pampa-a-vaca-muerta-100-empresas-en-jornada-de-deteccion-de-oportunidades-de-negocios\/"]}]},{"@type":"ImageObject","inLanguage":"es","@id":"https:\/\/diariotextual.com\/inicio\/index.php\/2026\/04\/30\/de-la-pampa-a-vaca-muerta-100-empresas-en-jornada-de-deteccion-de-oportunidades-de-negocios\/#primaryimage","url":"https:\/\/diariotextual.com\/inicio\/wp-content\/uploads\/2026\/04\/vacamuertanegociosempresas2026-1.jpg","contentUrl":"https:\/\/diariotextual.com\/inicio\/wp-content\/uploads\/2026\/04\/vacamuertanegociosempresas2026-1.jpg","width":1200,"height":800},{"@type":"BreadcrumbList","@id":"https:\/\/diariotextual.com\/inicio\/index.php\/2026\/04\/30\/de-la-pampa-a-vaca-muerta-100-empresas-en-jornada-de-deteccion-de-oportunidades-de-negocios\/#breadcrumb","itemListElement":[{"@type":"ListItem","position":1,"name":"Portada","item":"https:\/\/diariotextual.com\/inicio\/"},{"@type":"ListItem","position":2,"name":"De La Pampa a Vaca Muerta: 100 empresas en jornada de detecci\u00f3n de oportunidades de negocios"}]},{"@type":"WebSite","@id":"https:\/\/diariotextual.com\/inicio\/#website","url":"https:\/\/diariotextual.com\/inicio\/","name":"Diario Textual","description":"","publisher":{"@id":"https:\/\/diariotextual.com\/inicio\/#organization"},"potentialAction":[{"@type":"SearchAction","target":{"@type":"EntryPoint","urlTemplate":"https:\/\/diariotextual.com\/inicio\/?s={search_term_string}"},"query-input":{"@type":"PropertyValueSpecification","valueRequired":true,"valueName":"search_term_string"}}],"inLanguage":"es"},{"@type":"Organization","@id":"https:\/\/diariotextual.com\/inicio\/#organization","name":"Diario Textual","url":"https:\/\/diariotextual.com\/inicio\/","logo":{"@type":"ImageObject","inLanguage":"es","@id":"https:\/\/diariotextual.com\/inicio\/#\/schema\/logo\/image\/","url":"https:\/\/diariotextual.com\/inicio\/wp-content\/uploads\/2023\/05\/logotextual1.jpg","contentUrl":"https:\/\/diariotextual.com\/inicio\/wp-content\/uploads\/2023\/05\/logotextual1.jpg","width":516,"height":76,"caption":"Diario Textual"},"image":{"@id":"https:\/\/diariotextual.com\/inicio\/#\/schema\/logo\/image\/"},"sameAs":["https:\/\/www.facebook.com\/eltextual","https:\/\/x.com\/eltextual","http:\/\/www.instagram.com\/eltextual"]},{"@type":"Person","@id":"https:\/\/diariotextual.com\/inicio\/#\/schema\/person\/418fc4093c33e86ed41562db3508f958","name":"Diario1 Diario1","image":{"@type":"ImageObject","inLanguage":"es","@id":"https:\/\/secure.gravatar.com\/avatar\/9167d280179c85bc18be67aa7eda765854300033af4896dd779b608640f2ef7a?s=96&d=mm&r=g","url":"https:\/\/secure.gravatar.com\/avatar\/9167d280179c85bc18be67aa7eda765854300033af4896dd779b608640f2ef7a?s=96&d=mm&r=g","contentUrl":"https:\/\/secure.gravatar.com\/avatar\/9167d280179c85bc18be67aa7eda765854300033af4896dd779b608640f2ef7a?s=96&d=mm&r=g","caption":"Diario1 Diario1"},"url":"https:\/\/diariotextual.com\/inicio\/index.php\/author\/diario1\/"}]}},"_links":{"self":[{"href":"https:\/\/diariotextual.com\/inicio\/index.php\/wp-json\/wp\/v2\/posts\/326069","targetHints":{"allow":["GET"]}}],"collection":[{"href":"https:\/\/diariotextual.com\/inicio\/index.php\/wp-json\/wp\/v2\/posts"}],"about":[{"href":"https:\/\/diariotextual.com\/inicio\/index.php\/wp-json\/wp\/v2\/types\/post"}],"author":[{"embeddable":true,"href":"https:\/\/diariotextual.com\/inicio\/index.php\/wp-json\/wp\/v2\/users\/3"}],"replies":[{"embeddable":true,"href":"https:\/\/diariotextual.com\/inicio\/index.php\/wp-json\/wp\/v2\/comments?post=326069"}],"version-history":[{"count":3,"href":"https:\/\/diariotextual.com\/inicio\/index.php\/wp-json\/wp\/v2\/posts\/326069\/revisions"}],"predecessor-version":[{"id":326074,"href":"https:\/\/diariotextual.com\/inicio\/index.php\/wp-json\/wp\/v2\/posts\/326069\/revisions\/326074"}],"wp:featuredmedia":[{"embeddable":true,"href":"https:\/\/diariotextual.com\/inicio\/index.php\/wp-json\/wp\/v2\/media\/326073"}],"wp:attachment":[{"href":"https:\/\/diariotextual.com\/inicio\/index.php\/wp-json\/wp\/v2\/media?parent=326069"}],"wp:term":[{"taxonomy":"category","embeddable":true,"href":"https:\/\/diariotextual.com\/inicio\/index.php\/wp-json\/wp\/v2\/categories?post=326069"},{"taxonomy":"post_tag","embeddable":true,"href":"https:\/\/diariotextual.com\/inicio\/index.php\/wp-json\/wp\/v2\/tags?post=326069"}],"curies":[{"name":"wp","href":"https:\/\/api.w.org\/{rel}","templated":true}]}}