{"id":326075,"date":"2026-04-30T17:35:23","date_gmt":"2026-04-30T20:35:23","guid":{"rendered":"https:\/\/diariotextual.com\/inicio\/?p=326075"},"modified":"2026-04-30T17:36:55","modified_gmt":"2026-04-30T20:36:55","slug":"crimen-de-fuentes-en-victorica-jueces-otorgaron-la-liberacion-inmediata-del-hijastro","status":"publish","type":"post","link":"https:\/\/diariotextual.com\/inicio\/index.php\/2026\/04\/30\/crimen-de-fuentes-en-victorica-jueces-otorgaron-la-liberacion-inmediata-del-hijastro\/","title":{"rendered":"Crimen de Fuentes en Victorica: jueces otorgaron la libertad inmediata del hijastro"},"content":{"rendered":"\n<p>Se llev\u00f3 a cabo en <strong>Victorica<\/strong> y <strong>General Pico<\/strong> el juicio contra <strong>S. N. Fuentes<\/strong> (19 a\u00f1os) por el <strong>homicidio<\/strong> de su padrastro, <strong>N\u00e9stor Hugo Fuentes<\/strong> (37), ocurrido el <strong>20 de abril de 2025<\/strong> en la localidad de <strong>Victorica<\/strong>. La <strong>acusaci\u00f3n<\/strong> sostiene que el hecho se produjo en un contexto de <strong>\u201cemoci\u00f3n violenta\u201d<\/strong>, atravesado por una historia de <strong>violencia intrafamiliar<\/strong>. La <strong>sentencia<\/strong> se conocer\u00e1 el pr\u00f3ximo <strong>15 de mayo<\/strong>. Hoy, el <strong>tribunal en pleno<\/strong> resolvi\u00f3 la <strong>inmediata liberaci\u00f3n<\/strong> de <strong>S. N. Fuentes<\/strong>, el \u00fanico detenido, desde el d\u00eda que ocurri\u00f3 el hecho.<\/p>\n\n\n\n<p><br>Seg\u00fan se expuso en el <strong>alegato de apertura<\/strong>, el hecho ocurri\u00f3 alrededor de las <strong>8 de la ma\u00f1ana<\/strong> en una vivienda ubicada sobre <strong>calle 24<\/strong> de la localidad de <strong>Victorica<\/strong>, donde conviv\u00edan el <strong>imputado<\/strong>, su madre <strong>Mar\u00eda de los \u00c1ngeles Millap\u00e1n<\/strong> y la <strong>v\u00edctima<\/strong>. En ese lugar, <strong>S. Fuentes<\/strong> habr\u00eda atacado con un <strong>cuchillo<\/strong> a su padrastro: le provoc\u00f3 <strong>dos heridas<\/strong> en la zona del <strong>t\u00f3rax<\/strong> que derivaron en su <strong>muerte<\/strong> horas m\u00e1s tarde en el establecimiento asistencial <strong>Luisa Pedemonte de Pistarini<\/strong>.<\/p>\n\n\n\n<p><br>El <strong>informe forense<\/strong> determin\u00f3 que el fallecimiento se produjo a ra\u00edz de un <strong>shock hipovol\u00e9mico<\/strong> causado por lesiones en el <strong>ventr\u00edculo derecho<\/strong> y el <strong>tronco pulmonar<\/strong>.<\/p>\n\n\n\n<p><\/p>\n\n\n\n<p>El <strong>Tribunal<\/strong> est\u00e1 conformado por los colegiados <strong>Mar\u00eda Jos\u00e9 Gianinetto<\/strong>, <strong>Marcelo Luis Pagano<\/strong> y <strong>Carlos Federico Pellegrino<\/strong>. En tanto, el <strong>fiscal Enzo Rangone<\/strong> representar\u00e1 al <strong>Ministerio P\u00fablico Fiscal<\/strong> de la <strong>cuarta Circunscripci\u00f3n<\/strong>, y el abogado <strong>Mariano Gast\u00f3n Gualpa<\/strong>, defensor particular del <strong>imputado<\/strong>.<\/p>\n\n\n\n<div style=\"height:100px\" aria-hidden=\"true\" class=\"wp-block-spacer\"><\/div>\n\n\n\n<p><strong>La teor\u00eda del caso: un \u201cestallido\u201d luego de a\u00f1os de violencia<\/strong><\/p>\n\n\n\n<p>Durante su exposici\u00f3n, la <strong>Fiscal\u00eda<\/strong> \u2013a cargo del <strong>fiscal Enzo Rangone<\/strong> del <strong>Ministerio P\u00fablico Fiscal<\/strong> de la <strong>cuarta Circunscripci\u00f3n<\/strong>\u2013 plante\u00f3 que el hecho no puede analizarse de manera aislada, sino como el desenlace de una <strong>historia familiar<\/strong> atravesada por <strong>violencia sostenida<\/strong> durante a\u00f1os.<\/p>\n\n\n\n<p><br>Uno de los conceptos centrales que se incorporaron al <strong>juicio<\/strong> es el denominado <strong>\u201ccortocircuito de Kretschmer\u201d<\/strong>, una <strong>reacci\u00f3n psicol\u00f3gica<\/strong> que, seg\u00fan los <strong>peritos<\/strong>, se produce cuando una persona no logra procesar racionalmente un est\u00edmulo intenso y responde de manera <strong>impulsiva y explosiva<\/strong>.<\/p>\n\n\n\n<p>De acuerdo con esta l\u00ednea, la <strong>acusaci\u00f3n<\/strong> sostiene que el d\u00eda del hecho se produjo una ruptura de los <strong>\u201cfrenos inhibitorios\u201d<\/strong> del <strong>imputado<\/strong>, es decir, de los mecanismos que permiten <strong>controlar impulsos<\/strong>, lo que deriv\u00f3 en una <strong>reacci\u00f3n violenta inmediata<\/strong>.<\/p>\n\n\n\n<div style=\"height:100px\" aria-hidden=\"true\" class=\"wp-block-spacer\"><\/div>\n\n\n\n<p><strong>Pruebas y testimonios<\/strong><\/p>\n\n\n\n<p>Durante el <strong>juicio<\/strong> declararon <strong>vecinos<\/strong>, <strong>familiares<\/strong>, <strong>efectivos policiales<\/strong> y <strong>profesionales de la salud<\/strong> que intervinieron en el caso. Entre las <strong>pruebas<\/strong> se incluyen <strong>pericias psicol\u00f3gicas y psiqui\u00e1tricas<\/strong>, <strong>informes de autopsia<\/strong>, <strong>an\u00e1lisis de ADN<\/strong> y <strong>registros audiovisuales<\/strong>.<\/p>\n\n\n\n<p>Tambi\u00e9n se incorporaron <strong>testimonios<\/strong> que dieron cuenta del <strong>v\u00ednculo<\/strong> entre el <strong>imputado<\/strong> y la <strong>v\u00edctima<\/strong>, as\u00ed como de episodios previos de <strong>violencia<\/strong> dentro del hogar.<\/p>\n\n\n\n<p>Seg\u00fan la <strong>acusaci\u00f3n<\/strong>, la evidencia permiti\u00f3 reconstruir no solo la <strong>mec\u00e1nica del hecho<\/strong>, sino tambi\u00e9n el <strong>contexto emocional y social<\/strong> en el que se produjo.<\/p>\n\n\n\n<p><\/p>\n\n\n\n<div style=\"height:100px\" aria-hidden=\"true\" class=\"wp-block-spacer\"><\/div>\n\n\n\n<p><strong>La calificaci\u00f3n legal<\/strong><\/p>\n\n\n\n<p>La <strong>Fiscal\u00eda<\/strong> solicit\u00f3 que el hecho sea encuadrado como <strong>homicidio simple cometido en estado de emoci\u00f3n violenta<\/strong>, una figura prevista en el <strong>C\u00f3digo Penal<\/strong> que contempla una <strong>atenuaci\u00f3n de la pena<\/strong> cuando el autor act\u00faa bajo una <strong>intensa conmoci\u00f3n emocional<\/strong> generada por circunstancias que pueden considerarse <strong>excusables<\/strong>.<\/p>\n\n\n\n<p><\/p>\n","protected":false},"excerpt":{"rendered":"<p>Se llev\u00f3 a cabo en Victorica y General Pico el juicio contra S. N. Fuentes (19 a\u00f1os) por el homicidio de su padrastro, N\u00e9stor Hugo Fuentes (37), ocurrido el 20&hellip;<\/p>\n","protected":false},"author":3,"featured_media":326079,"comment_status":"closed","ping_status":"open","sticky":false,"template":"","format":"standard","meta":{"_acf_changed":false,"footnotes":""},"categories":[4,12],"tags":[],"class_list":["post-326075","post","type-post","status-publish","format-standard","has-post-thumbnail","hentry","category-destacadas","category-sociedad"],"acf":[],"yoast_head":"<!-- This site is optimized with the Yoast SEO plugin v27.5 - https:\/\/yoast.com\/product\/yoast-seo-wordpress\/ -->\n<title>Crimen de Fuentes en Victorica: jueces otorgaron la libertad inmediata del hijastro - Diario Textual<\/title>\n<meta name=\"robots\" content=\"index, follow, max-snippet:-1, max-image-preview:large, max-video-preview:-1\" \/>\n<link rel=\"canonical\" href=\"https:\/\/diariotextual.com\/inicio\/index.php\/2026\/04\/30\/crimen-de-fuentes-en-victorica-jueces-otorgaron-la-liberacion-inmediata-del-hijastro\/\" \/>\n<meta property=\"og:locale\" content=\"es_ES\" \/>\n<meta property=\"og:type\" content=\"article\" \/>\n<meta property=\"og:title\" content=\"Crimen de Fuentes en Victorica: jueces otorgaron la libertad inmediata del hijastro - Diario Textual\" \/>\n<meta property=\"og:description\" content=\"Se llev\u00f3 a cabo en Victorica y General Pico el juicio contra S. N. Fuentes (19 a\u00f1os) por el homicidio de su padrastro, N\u00e9stor Hugo Fuentes (37), ocurrido el 20&hellip;\" \/>\n<meta property=\"og:url\" content=\"https:\/\/diariotextual.com\/inicio\/index.php\/2026\/04\/30\/crimen-de-fuentes-en-victorica-jueces-otorgaron-la-liberacion-inmediata-del-hijastro\/\" \/>\n<meta property=\"og:site_name\" content=\"Diario Textual\" \/>\n<meta property=\"article:publisher\" content=\"https:\/\/www.facebook.com\/eltextual\" \/>\n<meta property=\"article:published_time\" content=\"2026-04-30T20:35:23+00:00\" \/>\n<meta property=\"article:modified_time\" content=\"2026-04-30T20:36:55+00:00\" \/>\n<meta property=\"og:image\" content=\"https:\/\/diariotextual.com\/inicio\/wp-content\/uploads\/2026\/04\/fuentesnestorpirinchojuiciocrimenfuentes2026-1.jpg\" \/>\n\t<meta property=\"og:image:width\" content=\"1200\" \/>\n\t<meta property=\"og:image:height\" content=\"900\" \/>\n\t<meta property=\"og:image:type\" content=\"image\/jpeg\" \/>\n<meta name=\"author\" content=\"Diario1 Diario1\" \/>\n<meta name=\"twitter:card\" content=\"summary_large_image\" \/>\n<meta name=\"twitter:creator\" content=\"@eltextual\" \/>\n<meta name=\"twitter:site\" content=\"@eltextual\" \/>\n<meta name=\"twitter:label1\" content=\"Escrito por\" \/>\n\t<meta name=\"twitter:data1\" content=\"Diario1 Diario1\" \/>\n\t<meta name=\"twitter:label2\" content=\"Tiempo de lectura\" \/>\n\t<meta name=\"twitter:data2\" content=\"3 minutos\" \/>\n<script type=\"application\/ld+json\" class=\"yoast-schema-graph\">{\"@context\":\"https:\\\/\\\/schema.org\",\"@graph\":[{\"@type\":\"Article\",\"@id\":\"https:\\\/\\\/diariotextual.com\\\/inicio\\\/index.php\\\/2026\\\/04\\\/30\\\/crimen-de-fuentes-en-victorica-jueces-otorgaron-la-liberacion-inmediata-del-hijastro\\\/#article\",\"isPartOf\":{\"@id\":\"https:\\\/\\\/diariotextual.com\\\/inicio\\\/index.php\\\/2026\\\/04\\\/30\\\/crimen-de-fuentes-en-victorica-jueces-otorgaron-la-liberacion-inmediata-del-hijastro\\\/\"},\"author\":{\"name\":\"Diario1 Diario1\",\"@id\":\"https:\\\/\\\/diariotextual.com\\\/inicio\\\/#\\\/schema\\\/person\\\/418fc4093c33e86ed41562db3508f958\"},\"headline\":\"Crimen de Fuentes en Victorica: jueces otorgaron la libertad inmediata del hijastro\",\"datePublished\":\"2026-04-30T20:35:23+00:00\",\"dateModified\":\"2026-04-30T20:36:55+00:00\",\"mainEntityOfPage\":{\"@id\":\"https:\\\/\\\/diariotextual.com\\\/inicio\\\/index.php\\\/2026\\\/04\\\/30\\\/crimen-de-fuentes-en-victorica-jueces-otorgaron-la-liberacion-inmediata-del-hijastro\\\/\"},\"wordCount\":577,\"publisher\":{\"@id\":\"https:\\\/\\\/diariotextual.com\\\/inicio\\\/#organization\"},\"image\":{\"@id\":\"https:\\\/\\\/diariotextual.com\\\/inicio\\\/index.php\\\/2026\\\/04\\\/30\\\/crimen-de-fuentes-en-victorica-jueces-otorgaron-la-liberacion-inmediata-del-hijastro\\\/#primaryimage\"},\"thumbnailUrl\":\"https:\\\/\\\/diariotextual.com\\\/inicio\\\/wp-content\\\/uploads\\\/2026\\\/04\\\/fuentesnestorpirinchojuiciocrimenfuentes2026-1.jpg\",\"articleSection\":[\"A - DESTACADAS (mod 16)\",\"SOCIEDAD\"],\"inLanguage\":\"es\"},{\"@type\":\"WebPage\",\"@id\":\"https:\\\/\\\/diariotextual.com\\\/inicio\\\/index.php\\\/2026\\\/04\\\/30\\\/crimen-de-fuentes-en-victorica-jueces-otorgaron-la-liberacion-inmediata-del-hijastro\\\/\",\"url\":\"https:\\\/\\\/diariotextual.com\\\/inicio\\\/index.php\\\/2026\\\/04\\\/30\\\/crimen-de-fuentes-en-victorica-jueces-otorgaron-la-liberacion-inmediata-del-hijastro\\\/\",\"name\":\"Crimen de Fuentes en Victorica: jueces otorgaron la libertad inmediata del hijastro - Diario Textual\",\"isPartOf\":{\"@id\":\"https:\\\/\\\/diariotextual.com\\\/inicio\\\/#website\"},\"primaryImageOfPage\":{\"@id\":\"https:\\\/\\\/diariotextual.com\\\/inicio\\\/index.php\\\/2026\\\/04\\\/30\\\/crimen-de-fuentes-en-victorica-jueces-otorgaron-la-liberacion-inmediata-del-hijastro\\\/#primaryimage\"},\"image\":{\"@id\":\"https:\\\/\\\/diariotextual.com\\\/inicio\\\/index.php\\\/2026\\\/04\\\/30\\\/crimen-de-fuentes-en-victorica-jueces-otorgaron-la-liberacion-inmediata-del-hijastro\\\/#primaryimage\"},\"thumbnailUrl\":\"https:\\\/\\\/diariotextual.com\\\/inicio\\\/wp-content\\\/uploads\\\/2026\\\/04\\\/fuentesnestorpirinchojuiciocrimenfuentes2026-1.jpg\",\"datePublished\":\"2026-04-30T20:35:23+00:00\",\"dateModified\":\"2026-04-30T20:36:55+00:00\",\"breadcrumb\":{\"@id\":\"https:\\\/\\\/diariotextual.com\\\/inicio\\\/index.php\\\/2026\\\/04\\\/30\\\/crimen-de-fuentes-en-victorica-jueces-otorgaron-la-liberacion-inmediata-del-hijastro\\\/#breadcrumb\"},\"inLanguage\":\"es\",\"potentialAction\":[{\"@type\":\"ReadAction\",\"target\":[\"https:\\\/\\\/diariotextual.com\\\/inicio\\\/index.php\\\/2026\\\/04\\\/30\\\/crimen-de-fuentes-en-victorica-jueces-otorgaron-la-liberacion-inmediata-del-hijastro\\\/\"]}]},{\"@type\":\"ImageObject\",\"inLanguage\":\"es\",\"@id\":\"https:\\\/\\\/diariotextual.com\\\/inicio\\\/index.php\\\/2026\\\/04\\\/30\\\/crimen-de-fuentes-en-victorica-jueces-otorgaron-la-liberacion-inmediata-del-hijastro\\\/#primaryimage\",\"url\":\"https:\\\/\\\/diariotextual.com\\\/inicio\\\/wp-content\\\/uploads\\\/2026\\\/04\\\/fuentesnestorpirinchojuiciocrimenfuentes2026-1.jpg\",\"contentUrl\":\"https:\\\/\\\/diariotextual.com\\\/inicio\\\/wp-content\\\/uploads\\\/2026\\\/04\\\/fuentesnestorpirinchojuiciocrimenfuentes2026-1.jpg\",\"width\":1200,\"height\":900},{\"@type\":\"BreadcrumbList\",\"@id\":\"https:\\\/\\\/diariotextual.com\\\/inicio\\\/index.php\\\/2026\\\/04\\\/30\\\/crimen-de-fuentes-en-victorica-jueces-otorgaron-la-liberacion-inmediata-del-hijastro\\\/#breadcrumb\",\"itemListElement\":[{\"@type\":\"ListItem\",\"position\":1,\"name\":\"Portada\",\"item\":\"https:\\\/\\\/diariotextual.com\\\/inicio\\\/\"},{\"@type\":\"ListItem\",\"position\":2,\"name\":\"Crimen de Fuentes en Victorica: jueces otorgaron la libertad inmediata del hijastro\"}]},{\"@type\":\"WebSite\",\"@id\":\"https:\\\/\\\/diariotextual.com\\\/inicio\\\/#website\",\"url\":\"https:\\\/\\\/diariotextual.com\\\/inicio\\\/\",\"name\":\"Diario Textual\",\"description\":\"\",\"publisher\":{\"@id\":\"https:\\\/\\\/diariotextual.com\\\/inicio\\\/#organization\"},\"potentialAction\":[{\"@type\":\"SearchAction\",\"target\":{\"@type\":\"EntryPoint\",\"urlTemplate\":\"https:\\\/\\\/diariotextual.com\\\/inicio\\\/?s={search_term_string}\"},\"query-input\":{\"@type\":\"PropertyValueSpecification\",\"valueRequired\":true,\"valueName\":\"search_term_string\"}}],\"inLanguage\":\"es\"},{\"@type\":\"Organization\",\"@id\":\"https:\\\/\\\/diariotextual.com\\\/inicio\\\/#organization\",\"name\":\"Diario Textual\",\"url\":\"https:\\\/\\\/diariotextual.com\\\/inicio\\\/\",\"logo\":{\"@type\":\"ImageObject\",\"inLanguage\":\"es\",\"@id\":\"https:\\\/\\\/diariotextual.com\\\/inicio\\\/#\\\/schema\\\/logo\\\/image\\\/\",\"url\":\"https:\\\/\\\/diariotextual.com\\\/inicio\\\/wp-content\\\/uploads\\\/2023\\\/05\\\/logotextual1.jpg\",\"contentUrl\":\"https:\\\/\\\/diariotextual.com\\\/inicio\\\/wp-content\\\/uploads\\\/2023\\\/05\\\/logotextual1.jpg\",\"width\":516,\"height\":76,\"caption\":\"Diario Textual\"},\"image\":{\"@id\":\"https:\\\/\\\/diariotextual.com\\\/inicio\\\/#\\\/schema\\\/logo\\\/image\\\/\"},\"sameAs\":[\"https:\\\/\\\/www.facebook.com\\\/eltextual\",\"https:\\\/\\\/x.com\\\/eltextual\",\"http:\\\/\\\/www.instagram.com\\\/eltextual\"]},{\"@type\":\"Person\",\"@id\":\"https:\\\/\\\/diariotextual.com\\\/inicio\\\/#\\\/schema\\\/person\\\/418fc4093c33e86ed41562db3508f958\",\"name\":\"Diario1 Diario1\",\"image\":{\"@type\":\"ImageObject\",\"inLanguage\":\"es\",\"@id\":\"https:\\\/\\\/secure.gravatar.com\\\/avatar\\\/9167d280179c85bc18be67aa7eda765854300033af4896dd779b608640f2ef7a?s=96&d=mm&r=g\",\"url\":\"https:\\\/\\\/secure.gravatar.com\\\/avatar\\\/9167d280179c85bc18be67aa7eda765854300033af4896dd779b608640f2ef7a?s=96&d=mm&r=g\",\"contentUrl\":\"https:\\\/\\\/secure.gravatar.com\\\/avatar\\\/9167d280179c85bc18be67aa7eda765854300033af4896dd779b608640f2ef7a?s=96&d=mm&r=g\",\"caption\":\"Diario1 Diario1\"},\"url\":\"https:\\\/\\\/diariotextual.com\\\/inicio\\\/index.php\\\/author\\\/diario1\\\/\"}]}<\/script>\n<!-- \/ Yoast SEO plugin. -->","yoast_head_json":{"title":"Crimen de Fuentes en Victorica: jueces otorgaron la libertad inmediata del hijastro - Diario Textual","robots":{"index":"index","follow":"follow","max-snippet":"max-snippet:-1","max-image-preview":"max-image-preview:large","max-video-preview":"max-video-preview:-1"},"canonical":"https:\/\/diariotextual.com\/inicio\/index.php\/2026\/04\/30\/crimen-de-fuentes-en-victorica-jueces-otorgaron-la-liberacion-inmediata-del-hijastro\/","og_locale":"es_ES","og_type":"article","og_title":"Crimen de Fuentes en Victorica: jueces otorgaron la libertad inmediata del hijastro - Diario Textual","og_description":"Se llev\u00f3 a cabo en Victorica y General Pico el juicio contra S. N. Fuentes (19 a\u00f1os) por el homicidio de su padrastro, N\u00e9stor Hugo Fuentes (37), ocurrido el 20&hellip;","og_url":"https:\/\/diariotextual.com\/inicio\/index.php\/2026\/04\/30\/crimen-de-fuentes-en-victorica-jueces-otorgaron-la-liberacion-inmediata-del-hijastro\/","og_site_name":"Diario Textual","article_publisher":"https:\/\/www.facebook.com\/eltextual","article_published_time":"2026-04-30T20:35:23+00:00","article_modified_time":"2026-04-30T20:36:55+00:00","og_image":[{"width":1200,"height":900,"url":"https:\/\/diariotextual.com\/inicio\/wp-content\/uploads\/2026\/04\/fuentesnestorpirinchojuiciocrimenfuentes2026-1.jpg","type":"image\/jpeg"}],"author":"Diario1 Diario1","twitter_card":"summary_large_image","twitter_creator":"@eltextual","twitter_site":"@eltextual","twitter_misc":{"Escrito por":"Diario1 Diario1","Tiempo de lectura":"3 minutos"},"schema":{"@context":"https:\/\/schema.org","@graph":[{"@type":"Article","@id":"https:\/\/diariotextual.com\/inicio\/index.php\/2026\/04\/30\/crimen-de-fuentes-en-victorica-jueces-otorgaron-la-liberacion-inmediata-del-hijastro\/#article","isPartOf":{"@id":"https:\/\/diariotextual.com\/inicio\/index.php\/2026\/04\/30\/crimen-de-fuentes-en-victorica-jueces-otorgaron-la-liberacion-inmediata-del-hijastro\/"},"author":{"name":"Diario1 Diario1","@id":"https:\/\/diariotextual.com\/inicio\/#\/schema\/person\/418fc4093c33e86ed41562db3508f958"},"headline":"Crimen de Fuentes en Victorica: jueces otorgaron la libertad inmediata del hijastro","datePublished":"2026-04-30T20:35:23+00:00","dateModified":"2026-04-30T20:36:55+00:00","mainEntityOfPage":{"@id":"https:\/\/diariotextual.com\/inicio\/index.php\/2026\/04\/30\/crimen-de-fuentes-en-victorica-jueces-otorgaron-la-liberacion-inmediata-del-hijastro\/"},"wordCount":577,"publisher":{"@id":"https:\/\/diariotextual.com\/inicio\/#organization"},"image":{"@id":"https:\/\/diariotextual.com\/inicio\/index.php\/2026\/04\/30\/crimen-de-fuentes-en-victorica-jueces-otorgaron-la-liberacion-inmediata-del-hijastro\/#primaryimage"},"thumbnailUrl":"https:\/\/diariotextual.com\/inicio\/wp-content\/uploads\/2026\/04\/fuentesnestorpirinchojuiciocrimenfuentes2026-1.jpg","articleSection":["A - DESTACADAS (mod 16)","SOCIEDAD"],"inLanguage":"es"},{"@type":"WebPage","@id":"https:\/\/diariotextual.com\/inicio\/index.php\/2026\/04\/30\/crimen-de-fuentes-en-victorica-jueces-otorgaron-la-liberacion-inmediata-del-hijastro\/","url":"https:\/\/diariotextual.com\/inicio\/index.php\/2026\/04\/30\/crimen-de-fuentes-en-victorica-jueces-otorgaron-la-liberacion-inmediata-del-hijastro\/","name":"Crimen de Fuentes en Victorica: jueces otorgaron la libertad inmediata del hijastro - Diario Textual","isPartOf":{"@id":"https:\/\/diariotextual.com\/inicio\/#website"},"primaryImageOfPage":{"@id":"https:\/\/diariotextual.com\/inicio\/index.php\/2026\/04\/30\/crimen-de-fuentes-en-victorica-jueces-otorgaron-la-liberacion-inmediata-del-hijastro\/#primaryimage"},"image":{"@id":"https:\/\/diariotextual.com\/inicio\/index.php\/2026\/04\/30\/crimen-de-fuentes-en-victorica-jueces-otorgaron-la-liberacion-inmediata-del-hijastro\/#primaryimage"},"thumbnailUrl":"https:\/\/diariotextual.com\/inicio\/wp-content\/uploads\/2026\/04\/fuentesnestorpirinchojuiciocrimenfuentes2026-1.jpg","datePublished":"2026-04-30T20:35:23+00:00","dateModified":"2026-04-30T20:36:55+00:00","breadcrumb":{"@id":"https:\/\/diariotextual.com\/inicio\/index.php\/2026\/04\/30\/crimen-de-fuentes-en-victorica-jueces-otorgaron-la-liberacion-inmediata-del-hijastro\/#breadcrumb"},"inLanguage":"es","potentialAction":[{"@type":"ReadAction","target":["https:\/\/diariotextual.com\/inicio\/index.php\/2026\/04\/30\/crimen-de-fuentes-en-victorica-jueces-otorgaron-la-liberacion-inmediata-del-hijastro\/"]}]},{"@type":"ImageObject","inLanguage":"es","@id":"https:\/\/diariotextual.com\/inicio\/index.php\/2026\/04\/30\/crimen-de-fuentes-en-victorica-jueces-otorgaron-la-liberacion-inmediata-del-hijastro\/#primaryimage","url":"https:\/\/diariotextual.com\/inicio\/wp-content\/uploads\/2026\/04\/fuentesnestorpirinchojuiciocrimenfuentes2026-1.jpg","contentUrl":"https:\/\/diariotextual.com\/inicio\/wp-content\/uploads\/2026\/04\/fuentesnestorpirinchojuiciocrimenfuentes2026-1.jpg","width":1200,"height":900},{"@type":"BreadcrumbList","@id":"https:\/\/diariotextual.com\/inicio\/index.php\/2026\/04\/30\/crimen-de-fuentes-en-victorica-jueces-otorgaron-la-liberacion-inmediata-del-hijastro\/#breadcrumb","itemListElement":[{"@type":"ListItem","position":1,"name":"Portada","item":"https:\/\/diariotextual.com\/inicio\/"},{"@type":"ListItem","position":2,"name":"Crimen de Fuentes en Victorica: jueces otorgaron la libertad inmediata del hijastro"}]},{"@type":"WebSite","@id":"https:\/\/diariotextual.com\/inicio\/#website","url":"https:\/\/diariotextual.com\/inicio\/","name":"Diario Textual","description":"","publisher":{"@id":"https:\/\/diariotextual.com\/inicio\/#organization"},"potentialAction":[{"@type":"SearchAction","target":{"@type":"EntryPoint","urlTemplate":"https:\/\/diariotextual.com\/inicio\/?s={search_term_string}"},"query-input":{"@type":"PropertyValueSpecification","valueRequired":true,"valueName":"search_term_string"}}],"inLanguage":"es"},{"@type":"Organization","@id":"https:\/\/diariotextual.com\/inicio\/#organization","name":"Diario Textual","url":"https:\/\/diariotextual.com\/inicio\/","logo":{"@type":"ImageObject","inLanguage":"es","@id":"https:\/\/diariotextual.com\/inicio\/#\/schema\/logo\/image\/","url":"https:\/\/diariotextual.com\/inicio\/wp-content\/uploads\/2023\/05\/logotextual1.jpg","contentUrl":"https:\/\/diariotextual.com\/inicio\/wp-content\/uploads\/2023\/05\/logotextual1.jpg","width":516,"height":76,"caption":"Diario Textual"},"image":{"@id":"https:\/\/diariotextual.com\/inicio\/#\/schema\/logo\/image\/"},"sameAs":["https:\/\/www.facebook.com\/eltextual","https:\/\/x.com\/eltextual","http:\/\/www.instagram.com\/eltextual"]},{"@type":"Person","@id":"https:\/\/diariotextual.com\/inicio\/#\/schema\/person\/418fc4093c33e86ed41562db3508f958","name":"Diario1 Diario1","image":{"@type":"ImageObject","inLanguage":"es","@id":"https:\/\/secure.gravatar.com\/avatar\/9167d280179c85bc18be67aa7eda765854300033af4896dd779b608640f2ef7a?s=96&d=mm&r=g","url":"https:\/\/secure.gravatar.com\/avatar\/9167d280179c85bc18be67aa7eda765854300033af4896dd779b608640f2ef7a?s=96&d=mm&r=g","contentUrl":"https:\/\/secure.gravatar.com\/avatar\/9167d280179c85bc18be67aa7eda765854300033af4896dd779b608640f2ef7a?s=96&d=mm&r=g","caption":"Diario1 Diario1"},"url":"https:\/\/diariotextual.com\/inicio\/index.php\/author\/diario1\/"}]}},"_links":{"self":[{"href":"https:\/\/diariotextual.com\/inicio\/index.php\/wp-json\/wp\/v2\/posts\/326075","targetHints":{"allow":["GET"]}}],"collection":[{"href":"https:\/\/diariotextual.com\/inicio\/index.php\/wp-json\/wp\/v2\/posts"}],"about":[{"href":"https:\/\/diariotextual.com\/inicio\/index.php\/wp-json\/wp\/v2\/types\/post"}],"author":[{"embeddable":true,"href":"https:\/\/diariotextual.com\/inicio\/index.php\/wp-json\/wp\/v2\/users\/3"}],"replies":[{"embeddable":true,"href":"https:\/\/diariotextual.com\/inicio\/index.php\/wp-json\/wp\/v2\/comments?post=326075"}],"version-history":[{"count":7,"href":"https:\/\/diariotextual.com\/inicio\/index.php\/wp-json\/wp\/v2\/posts\/326075\/revisions"}],"predecessor-version":[{"id":326083,"href":"https:\/\/diariotextual.com\/inicio\/index.php\/wp-json\/wp\/v2\/posts\/326075\/revisions\/326083"}],"wp:featuredmedia":[{"embeddable":true,"href":"https:\/\/diariotextual.com\/inicio\/index.php\/wp-json\/wp\/v2\/media\/326079"}],"wp:attachment":[{"href":"https:\/\/diariotextual.com\/inicio\/index.php\/wp-json\/wp\/v2\/media?parent=326075"}],"wp:term":[{"taxonomy":"category","embeddable":true,"href":"https:\/\/diariotextual.com\/inicio\/index.php\/wp-json\/wp\/v2\/categories?post=326075"},{"taxonomy":"post_tag","embeddable":true,"href":"https:\/\/diariotextual.com\/inicio\/index.php\/wp-json\/wp\/v2\/tags?post=326075"}],"curies":[{"name":"wp","href":"https:\/\/api.w.org\/{rel}","templated":true}]}}