{"id":326084,"date":"2026-04-30T18:23:02","date_gmt":"2026-04-30T21:23:02","guid":{"rendered":"https:\/\/diariotextual.com\/inicio\/?p=326084"},"modified":"2026-04-30T18:24:19","modified_gmt":"2026-04-30T21:24:19","slug":"carne-vinos-y-miel-lovera-busca-crear-la-denominacion-de-origen-pampeana","status":"publish","type":"post","link":"https:\/\/diariotextual.com\/inicio\/index.php\/2026\/04\/30\/carne-vinos-y-miel-lovera-busca-crear-la-denominacion-de-origen-pampeana\/","title":{"rendered":"Carne, vinos y miel: Lovera busca crear la Denominaci\u00f3n de Origen Pampeana"},"content":{"rendered":"\n<p>El diputado provincial <strong>Daniel Lovera<\/strong> (peronismo) present\u00f3 un proyecto de ley para crear el <strong>R\u00e9gimen de Denominaciones de Origen Pampeanas (DOP)<\/strong>, con el objetivo de <strong>proteger, valorizar y promover<\/strong> productos agr\u00edcolas y alimentarios cuya calidad est\u00e9 vinculada al territorio de <strong>La Pampa<\/strong>. La propuesta, dijo, se complementa con programas provinciales vigentes como <strong>\u201cHecho en La Pampa\u201d<\/strong> y <strong>\u201cCompre Pampeano\u201d<\/strong>, orientados a fortalecer la producci\u00f3n local.<\/p>\n\n\n\n<p>La iniciativa apunta a <strong>fortalecer la identidad productiva provincial<\/strong> y a generar <strong>mayor valor agregado<\/strong>, con impacto en la comercializaci\u00f3n tanto en el mercado interno como en el internacional. El texto establece que la ley busca visibilizar el <strong>patrimonio agropecuario y cultural patag\u00f3nico<\/strong> como factor diferencial de la econom\u00eda local.<\/p>\n\n\n\n<p>En ese marco, el proyecto define como productos prioritarios a la <strong>carne bovina, caprina y ovina<\/strong>, los <strong>quesos artesanales<\/strong>, los <strong>vinos<\/strong> y la <strong>miel regional<\/strong>, aunque deja abierta la posibilidad de incorporar otros mediante decisiones del Poder Ejecutivo.<\/p>\n\n\n\n<p>\u201cLa DOP incluir\u00e1 una identificaci\u00f3n que se\u00f1ale caracter\u00edsticas culturales identitarias del producto, garantizando a los consumidores una informaci\u00f3n adecuada sobre su origen, procedimientos en la producci\u00f3n y\/o en la elaboraci\u00f3n y caracter\u00edsticas espec\u00edficas que presenten el v\u00ednculo cualitativo o cuantitativo entre el producto y su origen geogr\u00e1fico, los m\u00e9todos tradicionales de producci\u00f3n, reputaci\u00f3n ligada al lugar, y delimitaci\u00f3n precisa del \u00e1rea\u201d, dijo el legislador.<\/p>\n\n\n\n<div style=\"height:100px\" aria-hidden=\"true\" class=\"wp-block-spacer\"><\/div>\n\n\n\n<p><strong>Alcance y certificaci\u00f3n<\/strong><\/p>\n\n\n\n<p>La propuesta crea formalmente la <strong>Denominaci\u00f3n de Origen Pampeana<\/strong>, que deber\u00e1 garantizar a los consumidores informaci\u00f3n precisa sobre el <strong>origen geogr\u00e1fico<\/strong>, los <strong>m\u00e9todos de producci\u00f3n<\/strong> y las <strong>caracter\u00edsticas espec\u00edficas<\/strong> de cada producto. Tambi\u00e9n contempla la identificaci\u00f3n de atributos culturales y tradicionales vinculados al territorio.<\/p>\n\n\n\n<figure class=\"wp-block-image size-full\"><img fetchpriority=\"high\" decoding=\"async\" width=\"925\" height=\"544\" src=\"https:\/\/diariotextual.com\/inicio\/wp-content\/uploads\/2021\/11\/chivosoestepampeano2021-30.jpg\" alt=\"\" class=\"wp-image-170950\" srcset=\"https:\/\/diariotextual.com\/inicio\/wp-content\/uploads\/2021\/11\/chivosoestepampeano2021-30.jpg 925w, https:\/\/diariotextual.com\/inicio\/wp-content\/uploads\/2021\/11\/chivosoestepampeano2021-30-300x176.jpg 300w, https:\/\/diariotextual.com\/inicio\/wp-content\/uploads\/2021\/11\/chivosoestepampeano2021-30-768x452.jpg 768w, https:\/\/diariotextual.com\/inicio\/wp-content\/uploads\/2021\/11\/chivosoestepampeano2021-30-585x344.jpg 585w\" sizes=\"(max-width: 925px) 100vw, 925px\" \/><\/figure>\n\n\n\n<p><\/p>\n\n\n\n<p>El proyecto establece que la zona de origen ser\u00e1 todo el territorio provincial donde se produzcan los insumos y se elabore el producto, reforzando el concepto de <strong>trazabilidad<\/strong> y el v\u00ednculo con el denominado <strong>terroir pampeano<\/strong>, que incluye factores como el suelo, el clima semi\u00e1rido y los sistemas productivos tradicionales.<\/p>\n\n\n\n<div style=\"height:100px\" aria-hidden=\"true\" class=\"wp-block-spacer\"><\/div>\n\n\n\n<p><strong>Marco normativo y antecedentes<\/strong><\/p>\n\n\n\n<p>La iniciativa se articula con la <strong>Ley Nacional N\u00b0 25.380<\/strong>, que regula las Indicaciones Geogr\u00e1ficas y Denominaciones de Origen en Argentina, y con la <strong>Ley N\u00b0 25.163<\/strong>, vinculada a la producci\u00f3n vitivin\u00edcola. Adem\u00e1s, se apoya en el art\u00edculo 124 de la Constituci\u00f3n Nacional, que reconoce competencias provinciales en el desarrollo productivo.<\/p>\n\n\n\n<figure class=\"wp-block-image size-full\"><img decoding=\"async\" width=\"900\" height=\"541\" src=\"https:\/\/diariotextual.com\/inicio\/wp-content\/uploads\/2026\/03\/loveradaniel2026.jpg\" alt=\"\" class=\"wp-image-322779\" srcset=\"https:\/\/diariotextual.com\/inicio\/wp-content\/uploads\/2026\/03\/loveradaniel2026.jpg 900w, https:\/\/diariotextual.com\/inicio\/wp-content\/uploads\/2026\/03\/loveradaniel2026-300x180.jpg 300w, https:\/\/diariotextual.com\/inicio\/wp-content\/uploads\/2026\/03\/loveradaniel2026-768x462.jpg 768w, https:\/\/diariotextual.com\/inicio\/wp-content\/uploads\/2026\/03\/loveradaniel2026-585x352.jpg 585w\" sizes=\"(max-width: 900px) 100vw, 900px\" \/><\/figure>\n\n\n\n<p>En los fundamentos, Lovera destac\u00f3 el crecimiento del sector vitivin\u00edcola pampeano, que pas\u00f3 de <strong>8 hect\u00e1reas implantadas en el a\u00f1o 2000 a m\u00e1s de 322 en 2024<\/strong>, seg\u00fan datos oficiales. Tambi\u00e9n mencion\u00f3 la inversi\u00f3n en la bodega de <strong>Casa de Piedra<\/strong>, como ejemplo de agregado de valor y desarrollo del enoturismo.<\/p>\n\n\n\n<div style=\"height:100px\" aria-hidden=\"true\" class=\"wp-block-spacer\"><\/div>\n\n\n\n<p><strong>Impacto econ\u00f3mico y desarrollo local<\/strong><\/p>\n\n\n\n<p>Lovera sostiene que la implementaci\u00f3n del r\u00e9gimen DOP permitir\u00eda <strong>incrementar el valor de los productos<\/strong>, mejorar su posicionamiento en mercados gourmet y potenciar las exportaciones. A la vez, promueve el <strong>desarrollo local<\/strong>, al habilitar a los municipios a impulsar acciones de promoci\u00f3n espec\u00edficas.<\/p>\n\n\n\n<figure class=\"wp-block-image size-large\"><img decoding=\"async\" width=\"1024\" height=\"682\" src=\"https:\/\/diariotextual.com\/inicio\/wp-content\/uploads\/2023\/08\/apilcultoresmiel2023-12-1024x682.jpg\" alt=\"\" class=\"wp-image-234480\" srcset=\"https:\/\/diariotextual.com\/inicio\/wp-content\/uploads\/2023\/08\/apilcultoresmiel2023-12-1024x682.jpg 1024w, https:\/\/diariotextual.com\/inicio\/wp-content\/uploads\/2023\/08\/apilcultoresmiel2023-12-300x200.jpg 300w, https:\/\/diariotextual.com\/inicio\/wp-content\/uploads\/2023\/08\/apilcultoresmiel2023-12-768x512.jpg 768w, https:\/\/diariotextual.com\/inicio\/wp-content\/uploads\/2023\/08\/apilcultoresmiel2023-12-585x390.jpg 585w, https:\/\/diariotextual.com\/inicio\/wp-content\/uploads\/2023\/08\/apilcultoresmiel2023-12-263x175.jpg 263w, https:\/\/diariotextual.com\/inicio\/wp-content\/uploads\/2023\/08\/apilcultoresmiel2023-12.jpg 1040w\" sizes=\"(max-width: 1024px) 100vw, 1024px\" \/><\/figure>\n\n\n\n<p><\/p>\n\n\n\n<p>La propuesta se complementa con programas provinciales vigentes como <strong>\u201cHecho en La Pampa\u201d<\/strong> y <strong>\u201cCompre Pampeano\u201d<\/strong>, orientados a fortalecer la producci\u00f3n local. En ese sentido, la nueva herramienta legal buscar\u00e1 dar un paso adicional hacia la <strong>certificaci\u00f3n de origen<\/strong>, consolidando la identidad pampeana en el \u00e1mbito agroalimentario.<\/p>\n\n\n\n<p>Con esta iniciativa, el legislador apunta a <strong>posicionar productos emblem\u00e1ticos de la provincia<\/strong> bajo est\u00e1ndares de calidad reconocidos, reforzando su competitividad a nivel nacional e internacional.<\/p>\n\n\n\n<p><\/p>\n","protected":false},"excerpt":{"rendered":"<p>El diputado provincial Daniel Lovera (peronismo) present\u00f3 un proyecto de ley para crear el R\u00e9gimen de Denominaciones de Origen Pampeanas (DOP), con el objetivo de proteger, valorizar y promover productos&hellip;<\/p>\n","protected":false},"author":3,"featured_media":321630,"comment_status":"closed","ping_status":"open","sticky":false,"template":"","format":"standard","meta":{"_acf_changed":false,"footnotes":""},"categories":[4,20],"tags":[],"class_list":["post-326084","post","type-post","status-publish","format-standard","has-post-thumbnail","hentry","category-destacadas","category-campo"],"acf":[],"yoast_head":"<!-- This site is optimized with the Yoast SEO plugin v27.5 - https:\/\/yoast.com\/product\/yoast-seo-wordpress\/ -->\n<title>Carne, vinos y miel: Lovera busca crear la Denominaci\u00f3n de Origen Pampeana - Diario Textual<\/title>\n<meta name=\"robots\" content=\"index, follow, max-snippet:-1, max-image-preview:large, max-video-preview:-1\" \/>\n<link rel=\"canonical\" href=\"https:\/\/diariotextual.com\/inicio\/index.php\/2026\/04\/30\/carne-vinos-y-miel-lovera-busca-crear-la-denominacion-de-origen-pampeana\/\" \/>\n<meta property=\"og:locale\" content=\"es_ES\" \/>\n<meta property=\"og:type\" content=\"article\" \/>\n<meta property=\"og:title\" content=\"Carne, vinos y miel: Lovera busca crear la Denominaci\u00f3n de Origen Pampeana - Diario Textual\" \/>\n<meta property=\"og:description\" content=\"El diputado provincial Daniel Lovera (peronismo) present\u00f3 un proyecto de ley para crear el R\u00e9gimen de Denominaciones de Origen Pampeanas (DOP), con el objetivo de proteger, valorizar y promover productos&hellip;\" \/>\n<meta property=\"og:url\" content=\"https:\/\/diariotextual.com\/inicio\/index.php\/2026\/04\/30\/carne-vinos-y-miel-lovera-busca-crear-la-denominacion-de-origen-pampeana\/\" \/>\n<meta property=\"og:site_name\" content=\"Diario Textual\" \/>\n<meta property=\"article:publisher\" content=\"https:\/\/www.facebook.com\/eltextual\" \/>\n<meta property=\"article:published_time\" content=\"2026-04-30T21:23:02+00:00\" \/>\n<meta property=\"article:modified_time\" content=\"2026-04-30T21:24:19+00:00\" \/>\n<meta property=\"og:image\" content=\"https:\/\/diariotextual.com\/inicio\/wp-content\/uploads\/2026\/03\/vendimiapichihuincavinosdarathamarisol2026-3.jpg\" \/>\n\t<meta property=\"og:image:width\" content=\"1200\" \/>\n\t<meta property=\"og:image:height\" content=\"800\" \/>\n\t<meta property=\"og:image:type\" content=\"image\/jpeg\" \/>\n<meta name=\"author\" content=\"Diario1 Diario1\" \/>\n<meta name=\"twitter:card\" content=\"summary_large_image\" \/>\n<meta name=\"twitter:creator\" content=\"@eltextual\" \/>\n<meta name=\"twitter:site\" content=\"@eltextual\" \/>\n<meta name=\"twitter:label1\" content=\"Escrito por\" \/>\n\t<meta name=\"twitter:data1\" content=\"Diario1 Diario1\" \/>\n\t<meta name=\"twitter:label2\" content=\"Tiempo de lectura\" \/>\n\t<meta name=\"twitter:data2\" content=\"4 minutos\" \/>\n<script type=\"application\/ld+json\" class=\"yoast-schema-graph\">{\"@context\":\"https:\\\/\\\/schema.org\",\"@graph\":[{\"@type\":\"Article\",\"@id\":\"https:\\\/\\\/diariotextual.com\\\/inicio\\\/index.php\\\/2026\\\/04\\\/30\\\/carne-vinos-y-miel-lovera-busca-crear-la-denominacion-de-origen-pampeana\\\/#article\",\"isPartOf\":{\"@id\":\"https:\\\/\\\/diariotextual.com\\\/inicio\\\/index.php\\\/2026\\\/04\\\/30\\\/carne-vinos-y-miel-lovera-busca-crear-la-denominacion-de-origen-pampeana\\\/\"},\"author\":{\"name\":\"Diario1 Diario1\",\"@id\":\"https:\\\/\\\/diariotextual.com\\\/inicio\\\/#\\\/schema\\\/person\\\/418fc4093c33e86ed41562db3508f958\"},\"headline\":\"Carne, vinos y miel: Lovera busca crear la Denominaci\u00f3n de Origen Pampeana\",\"datePublished\":\"2026-04-30T21:23:02+00:00\",\"dateModified\":\"2026-04-30T21:24:19+00:00\",\"mainEntityOfPage\":{\"@id\":\"https:\\\/\\\/diariotextual.com\\\/inicio\\\/index.php\\\/2026\\\/04\\\/30\\\/carne-vinos-y-miel-lovera-busca-crear-la-denominacion-de-origen-pampeana\\\/\"},\"wordCount\":603,\"publisher\":{\"@id\":\"https:\\\/\\\/diariotextual.com\\\/inicio\\\/#organization\"},\"image\":{\"@id\":\"https:\\\/\\\/diariotextual.com\\\/inicio\\\/index.php\\\/2026\\\/04\\\/30\\\/carne-vinos-y-miel-lovera-busca-crear-la-denominacion-de-origen-pampeana\\\/#primaryimage\"},\"thumbnailUrl\":\"https:\\\/\\\/diariotextual.com\\\/inicio\\\/wp-content\\\/uploads\\\/2026\\\/03\\\/vendimiapichihuincavinosdarathamarisol2026-3.jpg\",\"articleSection\":[\"A - DESTACADAS (mod 16)\",\"CAMPO\"],\"inLanguage\":\"es\"},{\"@type\":\"WebPage\",\"@id\":\"https:\\\/\\\/diariotextual.com\\\/inicio\\\/index.php\\\/2026\\\/04\\\/30\\\/carne-vinos-y-miel-lovera-busca-crear-la-denominacion-de-origen-pampeana\\\/\",\"url\":\"https:\\\/\\\/diariotextual.com\\\/inicio\\\/index.php\\\/2026\\\/04\\\/30\\\/carne-vinos-y-miel-lovera-busca-crear-la-denominacion-de-origen-pampeana\\\/\",\"name\":\"Carne, vinos y miel: Lovera busca crear la Denominaci\u00f3n de Origen Pampeana - Diario Textual\",\"isPartOf\":{\"@id\":\"https:\\\/\\\/diariotextual.com\\\/inicio\\\/#website\"},\"primaryImageOfPage\":{\"@id\":\"https:\\\/\\\/diariotextual.com\\\/inicio\\\/index.php\\\/2026\\\/04\\\/30\\\/carne-vinos-y-miel-lovera-busca-crear-la-denominacion-de-origen-pampeana\\\/#primaryimage\"},\"image\":{\"@id\":\"https:\\\/\\\/diariotextual.com\\\/inicio\\\/index.php\\\/2026\\\/04\\\/30\\\/carne-vinos-y-miel-lovera-busca-crear-la-denominacion-de-origen-pampeana\\\/#primaryimage\"},\"thumbnailUrl\":\"https:\\\/\\\/diariotextual.com\\\/inicio\\\/wp-content\\\/uploads\\\/2026\\\/03\\\/vendimiapichihuincavinosdarathamarisol2026-3.jpg\",\"datePublished\":\"2026-04-30T21:23:02+00:00\",\"dateModified\":\"2026-04-30T21:24:19+00:00\",\"breadcrumb\":{\"@id\":\"https:\\\/\\\/diariotextual.com\\\/inicio\\\/index.php\\\/2026\\\/04\\\/30\\\/carne-vinos-y-miel-lovera-busca-crear-la-denominacion-de-origen-pampeana\\\/#breadcrumb\"},\"inLanguage\":\"es\",\"potentialAction\":[{\"@type\":\"ReadAction\",\"target\":[\"https:\\\/\\\/diariotextual.com\\\/inicio\\\/index.php\\\/2026\\\/04\\\/30\\\/carne-vinos-y-miel-lovera-busca-crear-la-denominacion-de-origen-pampeana\\\/\"]}]},{\"@type\":\"ImageObject\",\"inLanguage\":\"es\",\"@id\":\"https:\\\/\\\/diariotextual.com\\\/inicio\\\/index.php\\\/2026\\\/04\\\/30\\\/carne-vinos-y-miel-lovera-busca-crear-la-denominacion-de-origen-pampeana\\\/#primaryimage\",\"url\":\"https:\\\/\\\/diariotextual.com\\\/inicio\\\/wp-content\\\/uploads\\\/2026\\\/03\\\/vendimiapichihuincavinosdarathamarisol2026-3.jpg\",\"contentUrl\":\"https:\\\/\\\/diariotextual.com\\\/inicio\\\/wp-content\\\/uploads\\\/2026\\\/03\\\/vendimiapichihuincavinosdarathamarisol2026-3.jpg\",\"width\":1200,\"height\":800},{\"@type\":\"BreadcrumbList\",\"@id\":\"https:\\\/\\\/diariotextual.com\\\/inicio\\\/index.php\\\/2026\\\/04\\\/30\\\/carne-vinos-y-miel-lovera-busca-crear-la-denominacion-de-origen-pampeana\\\/#breadcrumb\",\"itemListElement\":[{\"@type\":\"ListItem\",\"position\":1,\"name\":\"Portada\",\"item\":\"https:\\\/\\\/diariotextual.com\\\/inicio\\\/\"},{\"@type\":\"ListItem\",\"position\":2,\"name\":\"Carne, vinos y miel: Lovera busca crear la Denominaci\u00f3n de Origen Pampeana\"}]},{\"@type\":\"WebSite\",\"@id\":\"https:\\\/\\\/diariotextual.com\\\/inicio\\\/#website\",\"url\":\"https:\\\/\\\/diariotextual.com\\\/inicio\\\/\",\"name\":\"Diario Textual\",\"description\":\"\",\"publisher\":{\"@id\":\"https:\\\/\\\/diariotextual.com\\\/inicio\\\/#organization\"},\"potentialAction\":[{\"@type\":\"SearchAction\",\"target\":{\"@type\":\"EntryPoint\",\"urlTemplate\":\"https:\\\/\\\/diariotextual.com\\\/inicio\\\/?s={search_term_string}\"},\"query-input\":{\"@type\":\"PropertyValueSpecification\",\"valueRequired\":true,\"valueName\":\"search_term_string\"}}],\"inLanguage\":\"es\"},{\"@type\":\"Organization\",\"@id\":\"https:\\\/\\\/diariotextual.com\\\/inicio\\\/#organization\",\"name\":\"Diario Textual\",\"url\":\"https:\\\/\\\/diariotextual.com\\\/inicio\\\/\",\"logo\":{\"@type\":\"ImageObject\",\"inLanguage\":\"es\",\"@id\":\"https:\\\/\\\/diariotextual.com\\\/inicio\\\/#\\\/schema\\\/logo\\\/image\\\/\",\"url\":\"https:\\\/\\\/diariotextual.com\\\/inicio\\\/wp-content\\\/uploads\\\/2023\\\/05\\\/logotextual1.jpg\",\"contentUrl\":\"https:\\\/\\\/diariotextual.com\\\/inicio\\\/wp-content\\\/uploads\\\/2023\\\/05\\\/logotextual1.jpg\",\"width\":516,\"height\":76,\"caption\":\"Diario Textual\"},\"image\":{\"@id\":\"https:\\\/\\\/diariotextual.com\\\/inicio\\\/#\\\/schema\\\/logo\\\/image\\\/\"},\"sameAs\":[\"https:\\\/\\\/www.facebook.com\\\/eltextual\",\"https:\\\/\\\/x.com\\\/eltextual\",\"http:\\\/\\\/www.instagram.com\\\/eltextual\"]},{\"@type\":\"Person\",\"@id\":\"https:\\\/\\\/diariotextual.com\\\/inicio\\\/#\\\/schema\\\/person\\\/418fc4093c33e86ed41562db3508f958\",\"name\":\"Diario1 Diario1\",\"image\":{\"@type\":\"ImageObject\",\"inLanguage\":\"es\",\"@id\":\"https:\\\/\\\/secure.gravatar.com\\\/avatar\\\/9167d280179c85bc18be67aa7eda765854300033af4896dd779b608640f2ef7a?s=96&d=mm&r=g\",\"url\":\"https:\\\/\\\/secure.gravatar.com\\\/avatar\\\/9167d280179c85bc18be67aa7eda765854300033af4896dd779b608640f2ef7a?s=96&d=mm&r=g\",\"contentUrl\":\"https:\\\/\\\/secure.gravatar.com\\\/avatar\\\/9167d280179c85bc18be67aa7eda765854300033af4896dd779b608640f2ef7a?s=96&d=mm&r=g\",\"caption\":\"Diario1 Diario1\"},\"url\":\"https:\\\/\\\/diariotextual.com\\\/inicio\\\/index.php\\\/author\\\/diario1\\\/\"}]}<\/script>\n<!-- \/ Yoast SEO plugin. -->","yoast_head_json":{"title":"Carne, vinos y miel: Lovera busca crear la Denominaci\u00f3n de Origen Pampeana - Diario Textual","robots":{"index":"index","follow":"follow","max-snippet":"max-snippet:-1","max-image-preview":"max-image-preview:large","max-video-preview":"max-video-preview:-1"},"canonical":"https:\/\/diariotextual.com\/inicio\/index.php\/2026\/04\/30\/carne-vinos-y-miel-lovera-busca-crear-la-denominacion-de-origen-pampeana\/","og_locale":"es_ES","og_type":"article","og_title":"Carne, vinos y miel: Lovera busca crear la Denominaci\u00f3n de Origen Pampeana - Diario Textual","og_description":"El diputado provincial Daniel Lovera (peronismo) present\u00f3 un proyecto de ley para crear el R\u00e9gimen de Denominaciones de Origen Pampeanas (DOP), con el objetivo de proteger, valorizar y promover productos&hellip;","og_url":"https:\/\/diariotextual.com\/inicio\/index.php\/2026\/04\/30\/carne-vinos-y-miel-lovera-busca-crear-la-denominacion-de-origen-pampeana\/","og_site_name":"Diario Textual","article_publisher":"https:\/\/www.facebook.com\/eltextual","article_published_time":"2026-04-30T21:23:02+00:00","article_modified_time":"2026-04-30T21:24:19+00:00","og_image":[{"width":1200,"height":800,"url":"https:\/\/diariotextual.com\/inicio\/wp-content\/uploads\/2026\/03\/vendimiapichihuincavinosdarathamarisol2026-3.jpg","type":"image\/jpeg"}],"author":"Diario1 Diario1","twitter_card":"summary_large_image","twitter_creator":"@eltextual","twitter_site":"@eltextual","twitter_misc":{"Escrito por":"Diario1 Diario1","Tiempo de lectura":"4 minutos"},"schema":{"@context":"https:\/\/schema.org","@graph":[{"@type":"Article","@id":"https:\/\/diariotextual.com\/inicio\/index.php\/2026\/04\/30\/carne-vinos-y-miel-lovera-busca-crear-la-denominacion-de-origen-pampeana\/#article","isPartOf":{"@id":"https:\/\/diariotextual.com\/inicio\/index.php\/2026\/04\/30\/carne-vinos-y-miel-lovera-busca-crear-la-denominacion-de-origen-pampeana\/"},"author":{"name":"Diario1 Diario1","@id":"https:\/\/diariotextual.com\/inicio\/#\/schema\/person\/418fc4093c33e86ed41562db3508f958"},"headline":"Carne, vinos y miel: Lovera busca crear la Denominaci\u00f3n de Origen Pampeana","datePublished":"2026-04-30T21:23:02+00:00","dateModified":"2026-04-30T21:24:19+00:00","mainEntityOfPage":{"@id":"https:\/\/diariotextual.com\/inicio\/index.php\/2026\/04\/30\/carne-vinos-y-miel-lovera-busca-crear-la-denominacion-de-origen-pampeana\/"},"wordCount":603,"publisher":{"@id":"https:\/\/diariotextual.com\/inicio\/#organization"},"image":{"@id":"https:\/\/diariotextual.com\/inicio\/index.php\/2026\/04\/30\/carne-vinos-y-miel-lovera-busca-crear-la-denominacion-de-origen-pampeana\/#primaryimage"},"thumbnailUrl":"https:\/\/diariotextual.com\/inicio\/wp-content\/uploads\/2026\/03\/vendimiapichihuincavinosdarathamarisol2026-3.jpg","articleSection":["A - DESTACADAS (mod 16)","CAMPO"],"inLanguage":"es"},{"@type":"WebPage","@id":"https:\/\/diariotextual.com\/inicio\/index.php\/2026\/04\/30\/carne-vinos-y-miel-lovera-busca-crear-la-denominacion-de-origen-pampeana\/","url":"https:\/\/diariotextual.com\/inicio\/index.php\/2026\/04\/30\/carne-vinos-y-miel-lovera-busca-crear-la-denominacion-de-origen-pampeana\/","name":"Carne, vinos y miel: Lovera busca crear la Denominaci\u00f3n de Origen Pampeana - Diario Textual","isPartOf":{"@id":"https:\/\/diariotextual.com\/inicio\/#website"},"primaryImageOfPage":{"@id":"https:\/\/diariotextual.com\/inicio\/index.php\/2026\/04\/30\/carne-vinos-y-miel-lovera-busca-crear-la-denominacion-de-origen-pampeana\/#primaryimage"},"image":{"@id":"https:\/\/diariotextual.com\/inicio\/index.php\/2026\/04\/30\/carne-vinos-y-miel-lovera-busca-crear-la-denominacion-de-origen-pampeana\/#primaryimage"},"thumbnailUrl":"https:\/\/diariotextual.com\/inicio\/wp-content\/uploads\/2026\/03\/vendimiapichihuincavinosdarathamarisol2026-3.jpg","datePublished":"2026-04-30T21:23:02+00:00","dateModified":"2026-04-30T21:24:19+00:00","breadcrumb":{"@id":"https:\/\/diariotextual.com\/inicio\/index.php\/2026\/04\/30\/carne-vinos-y-miel-lovera-busca-crear-la-denominacion-de-origen-pampeana\/#breadcrumb"},"inLanguage":"es","potentialAction":[{"@type":"ReadAction","target":["https:\/\/diariotextual.com\/inicio\/index.php\/2026\/04\/30\/carne-vinos-y-miel-lovera-busca-crear-la-denominacion-de-origen-pampeana\/"]}]},{"@type":"ImageObject","inLanguage":"es","@id":"https:\/\/diariotextual.com\/inicio\/index.php\/2026\/04\/30\/carne-vinos-y-miel-lovera-busca-crear-la-denominacion-de-origen-pampeana\/#primaryimage","url":"https:\/\/diariotextual.com\/inicio\/wp-content\/uploads\/2026\/03\/vendimiapichihuincavinosdarathamarisol2026-3.jpg","contentUrl":"https:\/\/diariotextual.com\/inicio\/wp-content\/uploads\/2026\/03\/vendimiapichihuincavinosdarathamarisol2026-3.jpg","width":1200,"height":800},{"@type":"BreadcrumbList","@id":"https:\/\/diariotextual.com\/inicio\/index.php\/2026\/04\/30\/carne-vinos-y-miel-lovera-busca-crear-la-denominacion-de-origen-pampeana\/#breadcrumb","itemListElement":[{"@type":"ListItem","position":1,"name":"Portada","item":"https:\/\/diariotextual.com\/inicio\/"},{"@type":"ListItem","position":2,"name":"Carne, vinos y miel: Lovera busca crear la Denominaci\u00f3n de Origen Pampeana"}]},{"@type":"WebSite","@id":"https:\/\/diariotextual.com\/inicio\/#website","url":"https:\/\/diariotextual.com\/inicio\/","name":"Diario Textual","description":"","publisher":{"@id":"https:\/\/diariotextual.com\/inicio\/#organization"},"potentialAction":[{"@type":"SearchAction","target":{"@type":"EntryPoint","urlTemplate":"https:\/\/diariotextual.com\/inicio\/?s={search_term_string}"},"query-input":{"@type":"PropertyValueSpecification","valueRequired":true,"valueName":"search_term_string"}}],"inLanguage":"es"},{"@type":"Organization","@id":"https:\/\/diariotextual.com\/inicio\/#organization","name":"Diario Textual","url":"https:\/\/diariotextual.com\/inicio\/","logo":{"@type":"ImageObject","inLanguage":"es","@id":"https:\/\/diariotextual.com\/inicio\/#\/schema\/logo\/image\/","url":"https:\/\/diariotextual.com\/inicio\/wp-content\/uploads\/2023\/05\/logotextual1.jpg","contentUrl":"https:\/\/diariotextual.com\/inicio\/wp-content\/uploads\/2023\/05\/logotextual1.jpg","width":516,"height":76,"caption":"Diario Textual"},"image":{"@id":"https:\/\/diariotextual.com\/inicio\/#\/schema\/logo\/image\/"},"sameAs":["https:\/\/www.facebook.com\/eltextual","https:\/\/x.com\/eltextual","http:\/\/www.instagram.com\/eltextual"]},{"@type":"Person","@id":"https:\/\/diariotextual.com\/inicio\/#\/schema\/person\/418fc4093c33e86ed41562db3508f958","name":"Diario1 Diario1","image":{"@type":"ImageObject","inLanguage":"es","@id":"https:\/\/secure.gravatar.com\/avatar\/9167d280179c85bc18be67aa7eda765854300033af4896dd779b608640f2ef7a?s=96&d=mm&r=g","url":"https:\/\/secure.gravatar.com\/avatar\/9167d280179c85bc18be67aa7eda765854300033af4896dd779b608640f2ef7a?s=96&d=mm&r=g","contentUrl":"https:\/\/secure.gravatar.com\/avatar\/9167d280179c85bc18be67aa7eda765854300033af4896dd779b608640f2ef7a?s=96&d=mm&r=g","caption":"Diario1 Diario1"},"url":"https:\/\/diariotextual.com\/inicio\/index.php\/author\/diario1\/"}]}},"_links":{"self":[{"href":"https:\/\/diariotextual.com\/inicio\/index.php\/wp-json\/wp\/v2\/posts\/326084","targetHints":{"allow":["GET"]}}],"collection":[{"href":"https:\/\/diariotextual.com\/inicio\/index.php\/wp-json\/wp\/v2\/posts"}],"about":[{"href":"https:\/\/diariotextual.com\/inicio\/index.php\/wp-json\/wp\/v2\/types\/post"}],"author":[{"embeddable":true,"href":"https:\/\/diariotextual.com\/inicio\/index.php\/wp-json\/wp\/v2\/users\/3"}],"replies":[{"embeddable":true,"href":"https:\/\/diariotextual.com\/inicio\/index.php\/wp-json\/wp\/v2\/comments?post=326084"}],"version-history":[{"count":2,"href":"https:\/\/diariotextual.com\/inicio\/index.php\/wp-json\/wp\/v2\/posts\/326084\/revisions"}],"predecessor-version":[{"id":326087,"href":"https:\/\/diariotextual.com\/inicio\/index.php\/wp-json\/wp\/v2\/posts\/326084\/revisions\/326087"}],"wp:featuredmedia":[{"embeddable":true,"href":"https:\/\/diariotextual.com\/inicio\/index.php\/wp-json\/wp\/v2\/media\/321630"}],"wp:attachment":[{"href":"https:\/\/diariotextual.com\/inicio\/index.php\/wp-json\/wp\/v2\/media?parent=326084"}],"wp:term":[{"taxonomy":"category","embeddable":true,"href":"https:\/\/diariotextual.com\/inicio\/index.php\/wp-json\/wp\/v2\/categories?post=326084"},{"taxonomy":"post_tag","embeddable":true,"href":"https:\/\/diariotextual.com\/inicio\/index.php\/wp-json\/wp\/v2\/tags?post=326084"}],"curies":[{"name":"wp","href":"https:\/\/api.w.org\/{rel}","templated":true}]}}