{"id":326090,"date":"2026-04-30T19:10:15","date_gmt":"2026-04-30T22:10:15","guid":{"rendered":"https:\/\/diariotextual.com\/inicio\/?p=326090"},"modified":"2026-04-30T20:39:41","modified_gmt":"2026-04-30T23:39:41","slug":"sigue-cayendo-la-coparticipacion-a-la-pampa-en-el-primer-cuatrimestre-se-derrumbo-64","status":"publish","type":"post","link":"https:\/\/diariotextual.com\/inicio\/index.php\/2026\/04\/30\/sigue-cayendo-la-coparticipacion-a-la-pampa-en-el-primer-cuatrimestre-se-derrumbo-64\/","title":{"rendered":"Coparticipaci\u00f3n: La Pampa perdi\u00f3 en los primeros cuatro meses un total de $27 mil millones"},"content":{"rendered":"\n<p>Otra vez la <strong>coparticipaci\u00f3n<\/strong> tuvo una din\u00e1mica negativa: el <strong>primer cuatrimestre<\/strong> cerr\u00f3 con una baja del <strong>6,4%<\/strong> para <strong>La Pampa<\/strong>. Solo en abril fue del <strong>3,6%<\/strong> menos. De esta manera, <strong>dej\u00f3 de percibir una cifra superior a los 27.000 millones de pesos en comparaci\u00f3n con el mismo periodo del a\u00f1o anterior, ajustado por inflaci\u00f3n.<\/strong> En tanto, en todo el pa\u00eds, el primer cuatrimestre termin\u00f3 con una baja promedio del <strong>5,7%<\/strong> de estos env\u00edos.<\/p>\n\n\n\n<p>Seg\u00fan un informe de <strong>Politikon Chaco<\/strong>, en el mes de abril de 2026, las <strong>transferencias autom\u00e1ticas de recursos de origen nacional<\/strong> distribuidas al consolidado de provincias y <strong>CABA<\/strong> totalizaron $ 5,58 billones. Al medirlas en t\u00e9rminos reales, mostraron un descenso del <strong>3,3%<\/strong> respecto a igual mes de 2025; a su vez, contra el mes previo exhibieron una mejora (-7,8% real mensual). De este modo, las transferencias muestran, a nivel interanual, su <strong>cuarta ca\u00edda consecutiva<\/strong> y la <strong>quinta de los \u00faltimos siete meses<\/strong>.<\/p>\n\n\n\n<p>Los env\u00edos por <strong>coparticipaci\u00f3n federal de impuestos<\/strong> alcanzaron los $ 5.075.747 millones (91% del total) y exhibieron una ca\u00edda real del <strong>-3,8% interanual<\/strong>, desempe\u00f1o explicado, principalmente, por una nueva merma del <strong>IVA<\/strong> (-3,3% i.a.), acompa\u00f1ada por un descenso de <strong>Ganancias<\/strong> (-2,5%) y retrocesos en los impuestos <strong>internos<\/strong> (-20,7% i.a.) y los <strong>otros coparticipados<\/strong> (-42,3% i.a.).<\/p>\n\n\n\n<p><br>Por su parte, el conjunto de <strong>leyes y reg\u00edmenes especiales<\/strong> totaliz\u00f3 env\u00edos por $ 239.352 millones (4% del total) y mostr\u00f3 un incremento real del <strong>7,9% interanual<\/strong>, variaci\u00f3n positiva apoyada, nuevamente, en los incrementos registrados en el <strong>impuesto a los combustibles l\u00edquidos<\/strong> (+23,5%) y en el <strong>monotributo<\/strong> (+77,3%), que m\u00e1s que compensaron las bajas en <strong>Bienes Personales<\/strong> (-15,7%), en el <strong>IVA de la seguridad social<\/strong> (-3,3%) y en el <strong>r\u00e9gimen de energ\u00eda el\u00e9ctrica<\/strong> (-100,0%).<\/p>\n\n\n\n<p><br>Finalmente, los recursos por <strong>compensaci\u00f3n del Consenso Fiscal<\/strong> cambiaron de tendencia: fueron por un total de $ 269.434 millones (5% del total) y exhibieron una ca\u00edda del <strong>2,7% real interanual<\/strong>.<\/p>\n\n\n\n<div style=\"height:100px\" aria-hidden=\"true\" class=\"wp-block-spacer\"><\/div>\n\n\n\n<p><strong>Transferencias autom\u00e1ticas de abril, por jurisdicciones subnacionales<\/strong><\/p>\n\n\n\n<p>En este mes, las <strong>24 jurisdicciones subnacionales<\/strong> presentan un descenso en las <strong>transferencias autom\u00e1ticas<\/strong> recibidas y, en ese marco, se pueden observar brechas muy fuertes entre los extremos: por un lado, <strong>Tucum\u00e1n<\/strong> fue el distrito con la baja m\u00e1s leve (-0,7%), mientras que, en el extremo opuesto, <strong>Salta<\/strong> mostr\u00f3 la mayor ca\u00edda, que lleg\u00f3 a <strong>-11,1%<\/strong>.<\/p>\n\n\n\n<p>En ambos casos, hubo un denominador com\u00fan que actu\u00f3 de manera inversa para cada caso: en <strong>Tucum\u00e1n<\/strong>, la baja de la <strong>coparticipaci\u00f3n<\/strong> estuvo parcialmente compensada con un fuerte alza de los recursos por <strong>compensaci\u00f3n del Consenso Fiscal<\/strong> (+50,1% real, a contramano del total general de ese componente); en <strong>Salta<\/strong>, por su parte, la <strong>compensaci\u00f3n del Consenso Fiscal<\/strong> mostr\u00f3 una ca\u00edda del <strong>51,4% real<\/strong>, hecho que motiv\u00f3 un fuerte retroceso en el total general de esa provincia (cuando meses atr\u00e1s este factor jug\u00f3 a favor). Esto sucede por los convenios que tienen dichas provincias (<strong>Salta<\/strong>, aplicable hasta marzo de 2026, y <strong>Tucum\u00e1n<\/strong>, aplicable ahora), que surgen principalmente del <strong>REOR<\/strong> (R\u00e9gimen de Extinci\u00f3n de Obligaciones Rec\u00edprocas).<\/p>\n\n\n\n<p>Entre los dem\u00e1s subnacionales, los descensos se movieron en relativa sinton\u00eda, sin grandes brechas ni diferencias con lo visto en meses anteriores.<\/p>\n\n\n\n<p>En el caso de <strong>La Pampa<\/strong>, la ca\u00edda es del <strong>3,6%<\/strong> en el mes de abril, siempre seg\u00fan ese estudio.<\/p>\n\n\n\n<figure class=\"wp-block-image size-full\"><img fetchpriority=\"high\" decoding=\"async\" width=\"883\" height=\"509\" src=\"https:\/\/diariotextual.com\/inicio\/wp-content\/uploads\/2026\/04\/coparicipacionabril2026-1.jpg\" alt=\"\" class=\"wp-image-326093\" srcset=\"https:\/\/diariotextual.com\/inicio\/wp-content\/uploads\/2026\/04\/coparicipacionabril2026-1.jpg 883w, https:\/\/diariotextual.com\/inicio\/wp-content\/uploads\/2026\/04\/coparicipacionabril2026-1-300x173.jpg 300w, https:\/\/diariotextual.com\/inicio\/wp-content\/uploads\/2026\/04\/coparicipacionabril2026-1-768x443.jpg 768w, https:\/\/diariotextual.com\/inicio\/wp-content\/uploads\/2026\/04\/coparicipacionabril2026-1-585x337.jpg 585w\" sizes=\"(max-width: 883px) 100vw, 883px\" \/><\/figure>\n\n\n\n<p><\/p>\n\n\n\n<div style=\"height:100px\" aria-hidden=\"true\" class=\"wp-block-spacer\"><\/div>\n\n\n\n<p><strong>El primer cuatrimestre cierra con una baja del -5,7% real acumulado<\/strong><\/p>\n\n\n\n<p>Con este resultado, el <strong>primer cuatrimestre<\/strong> del a\u00f1o cerr\u00f3 con <strong>transferencias autom\u00e1ticas<\/strong> a provincias y <strong>CABA<\/strong> por $ 21,9 billones, con lo que cay\u00f3 <strong>5,7%<\/strong> respecto a igual per\u00edodo de 2025; adem\u00e1s, tambi\u00e9n quedan por debajo de igual per\u00edodo de 2023 (-12,8%), 2022 (-14,1%) y 2021 (-11,4%), y solo por encima de 2024 (+7,7%). En este marco, la <strong>coparticipaci\u00f3n federal<\/strong> cae <strong>7,3%<\/strong>; <strong>leyes especiales<\/strong>, +11,3%; y <strong>compensaci\u00f3n del Consenso Fiscal<\/strong>, +15,3%. Por ende, estos dos \u00faltimos componentes contuvieron parcialmente la importante baja en la coparticipaci\u00f3n.<\/p>\n\n\n\n<p><br>Esta ca\u00edda acumulada, medida a precios actuales, equivale a una p\u00e9rdida de $ 1.394.527 millones ($ 1,39 billones) para el conjunto de provincias y <strong>CABA<\/strong> en los primeros cuatro meses del a\u00f1o.<\/p>\n\n\n\n<p><br>Entre las jurisdicciones subnacionales, las ca\u00eddas se registraron en la totalidad de las mismas, con brechas presentes, pero no en magnitudes como las observadas espec\u00edficamente para abril. En este marco, la <strong>provincia de Buenos Aires<\/strong> (-4,5%) exhibe el descenso acumulado m\u00e1s bajo, mientras que <strong>CABA<\/strong> (-7,1%) muestra el m\u00e1s fuerte. <strong>La Pampa<\/strong>, por su parte, tiene una baja del <strong>6,4%<\/strong>.<\/p>\n\n\n\n<p><\/p>\n","protected":false},"excerpt":{"rendered":"<p>Otra vez la coparticipaci\u00f3n tuvo una din\u00e1mica negativa: el primer cuatrimestre cerr\u00f3 con una baja del 6,4% para La Pampa. Solo en abril fue del 3,6% menos. De esta manera,&hellip;<\/p>\n","protected":false},"author":3,"featured_media":326092,"comment_status":"closed","ping_status":"open","sticky":false,"template":"","format":"standard","meta":{"_acf_changed":false,"footnotes":""},"categories":[4,5],"tags":[],"class_list":["post-326090","post","type-post","status-publish","format-standard","has-post-thumbnail","hentry","category-destacadas","category-economia"],"acf":[],"yoast_head":"<!-- This site is optimized with the Yoast SEO plugin v27.5 - https:\/\/yoast.com\/product\/yoast-seo-wordpress\/ -->\n<title>Coparticipaci\u00f3n: La Pampa perdi\u00f3 en los primeros cuatro meses un total de $27 mil millones - Diario Textual<\/title>\n<meta name=\"robots\" content=\"index, follow, max-snippet:-1, max-image-preview:large, max-video-preview:-1\" \/>\n<link rel=\"canonical\" href=\"https:\/\/diariotextual.com\/inicio\/index.php\/2026\/04\/30\/sigue-cayendo-la-coparticipacion-a-la-pampa-en-el-primer-cuatrimestre-se-derrumbo-64\/\" \/>\n<meta property=\"og:locale\" content=\"es_ES\" \/>\n<meta property=\"og:type\" content=\"article\" \/>\n<meta property=\"og:title\" content=\"Coparticipaci\u00f3n: La Pampa perdi\u00f3 en los primeros cuatro meses un total de $27 mil millones - Diario Textual\" \/>\n<meta property=\"og:description\" content=\"Otra vez la coparticipaci\u00f3n tuvo una din\u00e1mica negativa: el primer cuatrimestre cerr\u00f3 con una baja del 6,4% para La Pampa. Solo en abril fue del 3,6% menos. De esta manera,&hellip;\" \/>\n<meta property=\"og:url\" content=\"https:\/\/diariotextual.com\/inicio\/index.php\/2026\/04\/30\/sigue-cayendo-la-coparticipacion-a-la-pampa-en-el-primer-cuatrimestre-se-derrumbo-64\/\" \/>\n<meta property=\"og:site_name\" content=\"Diario Textual\" \/>\n<meta property=\"article:publisher\" content=\"https:\/\/www.facebook.com\/eltextual\" \/>\n<meta property=\"article:published_time\" content=\"2026-04-30T22:10:15+00:00\" \/>\n<meta property=\"article:modified_time\" content=\"2026-04-30T23:39:41+00:00\" \/>\n<meta property=\"og:image\" content=\"https:\/\/diariotextual.com\/inicio\/wp-content\/uploads\/2026\/04\/coparticipacionabril2026-2.jpg\" \/>\n\t<meta property=\"og:image:width\" content=\"873\" \/>\n\t<meta property=\"og:image:height\" content=\"526\" \/>\n\t<meta property=\"og:image:type\" content=\"image\/jpeg\" \/>\n<meta name=\"author\" content=\"Diario1 Diario1\" \/>\n<meta name=\"twitter:card\" content=\"summary_large_image\" \/>\n<meta name=\"twitter:creator\" content=\"@eltextual\" \/>\n<meta name=\"twitter:site\" content=\"@eltextual\" \/>\n<meta name=\"twitter:label1\" content=\"Escrito por\" \/>\n\t<meta name=\"twitter:data1\" content=\"Diario1 Diario1\" \/>\n\t<meta name=\"twitter:label2\" content=\"Tiempo de lectura\" \/>\n\t<meta name=\"twitter:data2\" content=\"4 minutos\" \/>\n<script type=\"application\/ld+json\" class=\"yoast-schema-graph\">{\"@context\":\"https:\\\/\\\/schema.org\",\"@graph\":[{\"@type\":\"Article\",\"@id\":\"https:\\\/\\\/diariotextual.com\\\/inicio\\\/index.php\\\/2026\\\/04\\\/30\\\/sigue-cayendo-la-coparticipacion-a-la-pampa-en-el-primer-cuatrimestre-se-derrumbo-64\\\/#article\",\"isPartOf\":{\"@id\":\"https:\\\/\\\/diariotextual.com\\\/inicio\\\/index.php\\\/2026\\\/04\\\/30\\\/sigue-cayendo-la-coparticipacion-a-la-pampa-en-el-primer-cuatrimestre-se-derrumbo-64\\\/\"},\"author\":{\"name\":\"Diario1 Diario1\",\"@id\":\"https:\\\/\\\/diariotextual.com\\\/inicio\\\/#\\\/schema\\\/person\\\/418fc4093c33e86ed41562db3508f958\"},\"headline\":\"Coparticipaci\u00f3n: La Pampa perdi\u00f3 en los primeros cuatro meses un total de $27 mil millones\",\"datePublished\":\"2026-04-30T22:10:15+00:00\",\"dateModified\":\"2026-04-30T23:39:41+00:00\",\"mainEntityOfPage\":{\"@id\":\"https:\\\/\\\/diariotextual.com\\\/inicio\\\/index.php\\\/2026\\\/04\\\/30\\\/sigue-cayendo-la-coparticipacion-a-la-pampa-en-el-primer-cuatrimestre-se-derrumbo-64\\\/\"},\"wordCount\":757,\"publisher\":{\"@id\":\"https:\\\/\\\/diariotextual.com\\\/inicio\\\/#organization\"},\"image\":{\"@id\":\"https:\\\/\\\/diariotextual.com\\\/inicio\\\/index.php\\\/2026\\\/04\\\/30\\\/sigue-cayendo-la-coparticipacion-a-la-pampa-en-el-primer-cuatrimestre-se-derrumbo-64\\\/#primaryimage\"},\"thumbnailUrl\":\"https:\\\/\\\/diariotextual.com\\\/inicio\\\/wp-content\\\/uploads\\\/2026\\\/04\\\/coparticipacionabril2026-2.jpg\",\"articleSection\":[\"A - DESTACADAS (mod 16)\",\"ECONOMIA\"],\"inLanguage\":\"es\"},{\"@type\":\"WebPage\",\"@id\":\"https:\\\/\\\/diariotextual.com\\\/inicio\\\/index.php\\\/2026\\\/04\\\/30\\\/sigue-cayendo-la-coparticipacion-a-la-pampa-en-el-primer-cuatrimestre-se-derrumbo-64\\\/\",\"url\":\"https:\\\/\\\/diariotextual.com\\\/inicio\\\/index.php\\\/2026\\\/04\\\/30\\\/sigue-cayendo-la-coparticipacion-a-la-pampa-en-el-primer-cuatrimestre-se-derrumbo-64\\\/\",\"name\":\"Coparticipaci\u00f3n: La Pampa perdi\u00f3 en los primeros cuatro meses un total de $27 mil millones - Diario Textual\",\"isPartOf\":{\"@id\":\"https:\\\/\\\/diariotextual.com\\\/inicio\\\/#website\"},\"primaryImageOfPage\":{\"@id\":\"https:\\\/\\\/diariotextual.com\\\/inicio\\\/index.php\\\/2026\\\/04\\\/30\\\/sigue-cayendo-la-coparticipacion-a-la-pampa-en-el-primer-cuatrimestre-se-derrumbo-64\\\/#primaryimage\"},\"image\":{\"@id\":\"https:\\\/\\\/diariotextual.com\\\/inicio\\\/index.php\\\/2026\\\/04\\\/30\\\/sigue-cayendo-la-coparticipacion-a-la-pampa-en-el-primer-cuatrimestre-se-derrumbo-64\\\/#primaryimage\"},\"thumbnailUrl\":\"https:\\\/\\\/diariotextual.com\\\/inicio\\\/wp-content\\\/uploads\\\/2026\\\/04\\\/coparticipacionabril2026-2.jpg\",\"datePublished\":\"2026-04-30T22:10:15+00:00\",\"dateModified\":\"2026-04-30T23:39:41+00:00\",\"breadcrumb\":{\"@id\":\"https:\\\/\\\/diariotextual.com\\\/inicio\\\/index.php\\\/2026\\\/04\\\/30\\\/sigue-cayendo-la-coparticipacion-a-la-pampa-en-el-primer-cuatrimestre-se-derrumbo-64\\\/#breadcrumb\"},\"inLanguage\":\"es\",\"potentialAction\":[{\"@type\":\"ReadAction\",\"target\":[\"https:\\\/\\\/diariotextual.com\\\/inicio\\\/index.php\\\/2026\\\/04\\\/30\\\/sigue-cayendo-la-coparticipacion-a-la-pampa-en-el-primer-cuatrimestre-se-derrumbo-64\\\/\"]}]},{\"@type\":\"ImageObject\",\"inLanguage\":\"es\",\"@id\":\"https:\\\/\\\/diariotextual.com\\\/inicio\\\/index.php\\\/2026\\\/04\\\/30\\\/sigue-cayendo-la-coparticipacion-a-la-pampa-en-el-primer-cuatrimestre-se-derrumbo-64\\\/#primaryimage\",\"url\":\"https:\\\/\\\/diariotextual.com\\\/inicio\\\/wp-content\\\/uploads\\\/2026\\\/04\\\/coparticipacionabril2026-2.jpg\",\"contentUrl\":\"https:\\\/\\\/diariotextual.com\\\/inicio\\\/wp-content\\\/uploads\\\/2026\\\/04\\\/coparticipacionabril2026-2.jpg\",\"width\":873,\"height\":526},{\"@type\":\"BreadcrumbList\",\"@id\":\"https:\\\/\\\/diariotextual.com\\\/inicio\\\/index.php\\\/2026\\\/04\\\/30\\\/sigue-cayendo-la-coparticipacion-a-la-pampa-en-el-primer-cuatrimestre-se-derrumbo-64\\\/#breadcrumb\",\"itemListElement\":[{\"@type\":\"ListItem\",\"position\":1,\"name\":\"Portada\",\"item\":\"https:\\\/\\\/diariotextual.com\\\/inicio\\\/\"},{\"@type\":\"ListItem\",\"position\":2,\"name\":\"Coparticipaci\u00f3n: La Pampa perdi\u00f3 en los primeros cuatro meses un total de $27 mil millones\"}]},{\"@type\":\"WebSite\",\"@id\":\"https:\\\/\\\/diariotextual.com\\\/inicio\\\/#website\",\"url\":\"https:\\\/\\\/diariotextual.com\\\/inicio\\\/\",\"name\":\"Diario Textual\",\"description\":\"\",\"publisher\":{\"@id\":\"https:\\\/\\\/diariotextual.com\\\/inicio\\\/#organization\"},\"potentialAction\":[{\"@type\":\"SearchAction\",\"target\":{\"@type\":\"EntryPoint\",\"urlTemplate\":\"https:\\\/\\\/diariotextual.com\\\/inicio\\\/?s={search_term_string}\"},\"query-input\":{\"@type\":\"PropertyValueSpecification\",\"valueRequired\":true,\"valueName\":\"search_term_string\"}}],\"inLanguage\":\"es\"},{\"@type\":\"Organization\",\"@id\":\"https:\\\/\\\/diariotextual.com\\\/inicio\\\/#organization\",\"name\":\"Diario Textual\",\"url\":\"https:\\\/\\\/diariotextual.com\\\/inicio\\\/\",\"logo\":{\"@type\":\"ImageObject\",\"inLanguage\":\"es\",\"@id\":\"https:\\\/\\\/diariotextual.com\\\/inicio\\\/#\\\/schema\\\/logo\\\/image\\\/\",\"url\":\"https:\\\/\\\/diariotextual.com\\\/inicio\\\/wp-content\\\/uploads\\\/2023\\\/05\\\/logotextual1.jpg\",\"contentUrl\":\"https:\\\/\\\/diariotextual.com\\\/inicio\\\/wp-content\\\/uploads\\\/2023\\\/05\\\/logotextual1.jpg\",\"width\":516,\"height\":76,\"caption\":\"Diario Textual\"},\"image\":{\"@id\":\"https:\\\/\\\/diariotextual.com\\\/inicio\\\/#\\\/schema\\\/logo\\\/image\\\/\"},\"sameAs\":[\"https:\\\/\\\/www.facebook.com\\\/eltextual\",\"https:\\\/\\\/x.com\\\/eltextual\",\"http:\\\/\\\/www.instagram.com\\\/eltextual\"]},{\"@type\":\"Person\",\"@id\":\"https:\\\/\\\/diariotextual.com\\\/inicio\\\/#\\\/schema\\\/person\\\/418fc4093c33e86ed41562db3508f958\",\"name\":\"Diario1 Diario1\",\"image\":{\"@type\":\"ImageObject\",\"inLanguage\":\"es\",\"@id\":\"https:\\\/\\\/secure.gravatar.com\\\/avatar\\\/9167d280179c85bc18be67aa7eda765854300033af4896dd779b608640f2ef7a?s=96&d=mm&r=g\",\"url\":\"https:\\\/\\\/secure.gravatar.com\\\/avatar\\\/9167d280179c85bc18be67aa7eda765854300033af4896dd779b608640f2ef7a?s=96&d=mm&r=g\",\"contentUrl\":\"https:\\\/\\\/secure.gravatar.com\\\/avatar\\\/9167d280179c85bc18be67aa7eda765854300033af4896dd779b608640f2ef7a?s=96&d=mm&r=g\",\"caption\":\"Diario1 Diario1\"},\"url\":\"https:\\\/\\\/diariotextual.com\\\/inicio\\\/index.php\\\/author\\\/diario1\\\/\"}]}<\/script>\n<!-- \/ Yoast SEO plugin. -->","yoast_head_json":{"title":"Coparticipaci\u00f3n: La Pampa perdi\u00f3 en los primeros cuatro meses un total de $27 mil millones - Diario Textual","robots":{"index":"index","follow":"follow","max-snippet":"max-snippet:-1","max-image-preview":"max-image-preview:large","max-video-preview":"max-video-preview:-1"},"canonical":"https:\/\/diariotextual.com\/inicio\/index.php\/2026\/04\/30\/sigue-cayendo-la-coparticipacion-a-la-pampa-en-el-primer-cuatrimestre-se-derrumbo-64\/","og_locale":"es_ES","og_type":"article","og_title":"Coparticipaci\u00f3n: La Pampa perdi\u00f3 en los primeros cuatro meses un total de $27 mil millones - Diario Textual","og_description":"Otra vez la coparticipaci\u00f3n tuvo una din\u00e1mica negativa: el primer cuatrimestre cerr\u00f3 con una baja del 6,4% para La Pampa. Solo en abril fue del 3,6% menos. De esta manera,&hellip;","og_url":"https:\/\/diariotextual.com\/inicio\/index.php\/2026\/04\/30\/sigue-cayendo-la-coparticipacion-a-la-pampa-en-el-primer-cuatrimestre-se-derrumbo-64\/","og_site_name":"Diario Textual","article_publisher":"https:\/\/www.facebook.com\/eltextual","article_published_time":"2026-04-30T22:10:15+00:00","article_modified_time":"2026-04-30T23:39:41+00:00","og_image":[{"width":873,"height":526,"url":"https:\/\/diariotextual.com\/inicio\/wp-content\/uploads\/2026\/04\/coparticipacionabril2026-2.jpg","type":"image\/jpeg"}],"author":"Diario1 Diario1","twitter_card":"summary_large_image","twitter_creator":"@eltextual","twitter_site":"@eltextual","twitter_misc":{"Escrito por":"Diario1 Diario1","Tiempo de lectura":"4 minutos"},"schema":{"@context":"https:\/\/schema.org","@graph":[{"@type":"Article","@id":"https:\/\/diariotextual.com\/inicio\/index.php\/2026\/04\/30\/sigue-cayendo-la-coparticipacion-a-la-pampa-en-el-primer-cuatrimestre-se-derrumbo-64\/#article","isPartOf":{"@id":"https:\/\/diariotextual.com\/inicio\/index.php\/2026\/04\/30\/sigue-cayendo-la-coparticipacion-a-la-pampa-en-el-primer-cuatrimestre-se-derrumbo-64\/"},"author":{"name":"Diario1 Diario1","@id":"https:\/\/diariotextual.com\/inicio\/#\/schema\/person\/418fc4093c33e86ed41562db3508f958"},"headline":"Coparticipaci\u00f3n: La Pampa perdi\u00f3 en los primeros cuatro meses un total de $27 mil millones","datePublished":"2026-04-30T22:10:15+00:00","dateModified":"2026-04-30T23:39:41+00:00","mainEntityOfPage":{"@id":"https:\/\/diariotextual.com\/inicio\/index.php\/2026\/04\/30\/sigue-cayendo-la-coparticipacion-a-la-pampa-en-el-primer-cuatrimestre-se-derrumbo-64\/"},"wordCount":757,"publisher":{"@id":"https:\/\/diariotextual.com\/inicio\/#organization"},"image":{"@id":"https:\/\/diariotextual.com\/inicio\/index.php\/2026\/04\/30\/sigue-cayendo-la-coparticipacion-a-la-pampa-en-el-primer-cuatrimestre-se-derrumbo-64\/#primaryimage"},"thumbnailUrl":"https:\/\/diariotextual.com\/inicio\/wp-content\/uploads\/2026\/04\/coparticipacionabril2026-2.jpg","articleSection":["A - DESTACADAS (mod 16)","ECONOMIA"],"inLanguage":"es"},{"@type":"WebPage","@id":"https:\/\/diariotextual.com\/inicio\/index.php\/2026\/04\/30\/sigue-cayendo-la-coparticipacion-a-la-pampa-en-el-primer-cuatrimestre-se-derrumbo-64\/","url":"https:\/\/diariotextual.com\/inicio\/index.php\/2026\/04\/30\/sigue-cayendo-la-coparticipacion-a-la-pampa-en-el-primer-cuatrimestre-se-derrumbo-64\/","name":"Coparticipaci\u00f3n: La Pampa perdi\u00f3 en los primeros cuatro meses un total de $27 mil millones - Diario Textual","isPartOf":{"@id":"https:\/\/diariotextual.com\/inicio\/#website"},"primaryImageOfPage":{"@id":"https:\/\/diariotextual.com\/inicio\/index.php\/2026\/04\/30\/sigue-cayendo-la-coparticipacion-a-la-pampa-en-el-primer-cuatrimestre-se-derrumbo-64\/#primaryimage"},"image":{"@id":"https:\/\/diariotextual.com\/inicio\/index.php\/2026\/04\/30\/sigue-cayendo-la-coparticipacion-a-la-pampa-en-el-primer-cuatrimestre-se-derrumbo-64\/#primaryimage"},"thumbnailUrl":"https:\/\/diariotextual.com\/inicio\/wp-content\/uploads\/2026\/04\/coparticipacionabril2026-2.jpg","datePublished":"2026-04-30T22:10:15+00:00","dateModified":"2026-04-30T23:39:41+00:00","breadcrumb":{"@id":"https:\/\/diariotextual.com\/inicio\/index.php\/2026\/04\/30\/sigue-cayendo-la-coparticipacion-a-la-pampa-en-el-primer-cuatrimestre-se-derrumbo-64\/#breadcrumb"},"inLanguage":"es","potentialAction":[{"@type":"ReadAction","target":["https:\/\/diariotextual.com\/inicio\/index.php\/2026\/04\/30\/sigue-cayendo-la-coparticipacion-a-la-pampa-en-el-primer-cuatrimestre-se-derrumbo-64\/"]}]},{"@type":"ImageObject","inLanguage":"es","@id":"https:\/\/diariotextual.com\/inicio\/index.php\/2026\/04\/30\/sigue-cayendo-la-coparticipacion-a-la-pampa-en-el-primer-cuatrimestre-se-derrumbo-64\/#primaryimage","url":"https:\/\/diariotextual.com\/inicio\/wp-content\/uploads\/2026\/04\/coparticipacionabril2026-2.jpg","contentUrl":"https:\/\/diariotextual.com\/inicio\/wp-content\/uploads\/2026\/04\/coparticipacionabril2026-2.jpg","width":873,"height":526},{"@type":"BreadcrumbList","@id":"https:\/\/diariotextual.com\/inicio\/index.php\/2026\/04\/30\/sigue-cayendo-la-coparticipacion-a-la-pampa-en-el-primer-cuatrimestre-se-derrumbo-64\/#breadcrumb","itemListElement":[{"@type":"ListItem","position":1,"name":"Portada","item":"https:\/\/diariotextual.com\/inicio\/"},{"@type":"ListItem","position":2,"name":"Coparticipaci\u00f3n: La Pampa perdi\u00f3 en los primeros cuatro meses un total de $27 mil millones"}]},{"@type":"WebSite","@id":"https:\/\/diariotextual.com\/inicio\/#website","url":"https:\/\/diariotextual.com\/inicio\/","name":"Diario Textual","description":"","publisher":{"@id":"https:\/\/diariotextual.com\/inicio\/#organization"},"potentialAction":[{"@type":"SearchAction","target":{"@type":"EntryPoint","urlTemplate":"https:\/\/diariotextual.com\/inicio\/?s={search_term_string}"},"query-input":{"@type":"PropertyValueSpecification","valueRequired":true,"valueName":"search_term_string"}}],"inLanguage":"es"},{"@type":"Organization","@id":"https:\/\/diariotextual.com\/inicio\/#organization","name":"Diario Textual","url":"https:\/\/diariotextual.com\/inicio\/","logo":{"@type":"ImageObject","inLanguage":"es","@id":"https:\/\/diariotextual.com\/inicio\/#\/schema\/logo\/image\/","url":"https:\/\/diariotextual.com\/inicio\/wp-content\/uploads\/2023\/05\/logotextual1.jpg","contentUrl":"https:\/\/diariotextual.com\/inicio\/wp-content\/uploads\/2023\/05\/logotextual1.jpg","width":516,"height":76,"caption":"Diario Textual"},"image":{"@id":"https:\/\/diariotextual.com\/inicio\/#\/schema\/logo\/image\/"},"sameAs":["https:\/\/www.facebook.com\/eltextual","https:\/\/x.com\/eltextual","http:\/\/www.instagram.com\/eltextual"]},{"@type":"Person","@id":"https:\/\/diariotextual.com\/inicio\/#\/schema\/person\/418fc4093c33e86ed41562db3508f958","name":"Diario1 Diario1","image":{"@type":"ImageObject","inLanguage":"es","@id":"https:\/\/secure.gravatar.com\/avatar\/9167d280179c85bc18be67aa7eda765854300033af4896dd779b608640f2ef7a?s=96&d=mm&r=g","url":"https:\/\/secure.gravatar.com\/avatar\/9167d280179c85bc18be67aa7eda765854300033af4896dd779b608640f2ef7a?s=96&d=mm&r=g","contentUrl":"https:\/\/secure.gravatar.com\/avatar\/9167d280179c85bc18be67aa7eda765854300033af4896dd779b608640f2ef7a?s=96&d=mm&r=g","caption":"Diario1 Diario1"},"url":"https:\/\/diariotextual.com\/inicio\/index.php\/author\/diario1\/"}]}},"_links":{"self":[{"href":"https:\/\/diariotextual.com\/inicio\/index.php\/wp-json\/wp\/v2\/posts\/326090","targetHints":{"allow":["GET"]}}],"collection":[{"href":"https:\/\/diariotextual.com\/inicio\/index.php\/wp-json\/wp\/v2\/posts"}],"about":[{"href":"https:\/\/diariotextual.com\/inicio\/index.php\/wp-json\/wp\/v2\/types\/post"}],"author":[{"embeddable":true,"href":"https:\/\/diariotextual.com\/inicio\/index.php\/wp-json\/wp\/v2\/users\/3"}],"replies":[{"embeddable":true,"href":"https:\/\/diariotextual.com\/inicio\/index.php\/wp-json\/wp\/v2\/comments?post=326090"}],"version-history":[{"count":4,"href":"https:\/\/diariotextual.com\/inicio\/index.php\/wp-json\/wp\/v2\/posts\/326090\/revisions"}],"predecessor-version":[{"id":326113,"href":"https:\/\/diariotextual.com\/inicio\/index.php\/wp-json\/wp\/v2\/posts\/326090\/revisions\/326113"}],"wp:featuredmedia":[{"embeddable":true,"href":"https:\/\/diariotextual.com\/inicio\/index.php\/wp-json\/wp\/v2\/media\/326092"}],"wp:attachment":[{"href":"https:\/\/diariotextual.com\/inicio\/index.php\/wp-json\/wp\/v2\/media?parent=326090"}],"wp:term":[{"taxonomy":"category","embeddable":true,"href":"https:\/\/diariotextual.com\/inicio\/index.php\/wp-json\/wp\/v2\/categories?post=326090"},{"taxonomy":"post_tag","embeddable":true,"href":"https:\/\/diariotextual.com\/inicio\/index.php\/wp-json\/wp\/v2\/tags?post=326090"}],"curies":[{"name":"wp","href":"https:\/\/api.w.org\/{rel}","templated":true}]}}