{"id":326095,"date":"2026-04-30T19:30:56","date_gmt":"2026-04-30T22:30:56","guid":{"rendered":"https:\/\/diariotextual.com\/inicio\/?p=326095"},"modified":"2026-04-30T19:32:25","modified_gmt":"2026-04-30T22:32:25","slug":"viralicemos-la-paz-estudiantes-protagonizaron-una-jornada-por-la-convivencia-en-santa-rosa","status":"publish","type":"post","link":"https:\/\/diariotextual.com\/inicio\/index.php\/2026\/04\/30\/viralicemos-la-paz-estudiantes-protagonizaron-una-jornada-por-la-convivencia-en-santa-rosa\/","title":{"rendered":"\u201cViralicemos la paz\u201d: estudiantes protagonizaron una jornada por la convivencia en Santa Rosa"},"content":{"rendered":"\n<p>En la plaza San Mart\u00edn de Santa Rosa se desarroll\u00f3 este mi\u00e9rcoles la jornada <strong>\u201cViralicemos la paz\u201d<\/strong>, una propuesta interinstitucional orientada a promover la no violencia y fortalecer la convivencia en las escuelas.<\/p>\n\n\n\n<p>La actividad se realiz\u00f3 en dos turnos, por la ma\u00f1ana y la tarde, y reuni\u00f3 a estudiantes, docentes, familias, organizaciones sociales y organismos del Estado.<\/p>\n\n\n\n<div style=\"height:100px\" aria-hidden=\"true\" class=\"wp-block-spacer\"><\/div>\n\n\n\n<p><strong>Un mensaje frente a los \u201cretos virales\u201d<\/strong><\/p>\n\n\n\n<p>La iniciativa fue impulsada por la escuela normal \u201cC. J. Andrada\u201d y la escuela primaria N\u00b0 256, con acompa\u00f1amiento del ministerio de Educaci\u00f3n y la municipalidad de Santa Rosa.<\/p>\n\n\n\n<p>Durante el encuentro, se hizo foco en el impacto de los denominados \u201cdesaf\u00edos virales\u201d que circulan en redes sociales. En ese sentido, estudiantes tomaron la palabra para advertir sobre sus consecuencias.<\/p>\n\n\n\n<p>\u201cHay retos que parecen una broma pero generan miedo o da\u00f1o\u201d, expres\u00f3 Timoteo, alumno de la Escuela N\u00b0 6, quien llam\u00f3 a reflexionar sobre los contenidos que se replican en redes.<\/p>\n\n\n\n<figure class=\"wp-block-image size-full\"><img fetchpriority=\"high\" decoding=\"async\" width=\"1000\" height=\"666\" src=\"https:\/\/diariotextual.com\/inicio\/wp-content\/uploads\/2026\/04\/jornadaviralicemoslapaz2026-3.jpg\" alt=\"\" class=\"wp-image-326100\" srcset=\"https:\/\/diariotextual.com\/inicio\/wp-content\/uploads\/2026\/04\/jornadaviralicemoslapaz2026-3.jpg 1000w, https:\/\/diariotextual.com\/inicio\/wp-content\/uploads\/2026\/04\/jornadaviralicemoslapaz2026-3-300x200.jpg 300w, https:\/\/diariotextual.com\/inicio\/wp-content\/uploads\/2026\/04\/jornadaviralicemoslapaz2026-3-768x511.jpg 768w, https:\/\/diariotextual.com\/inicio\/wp-content\/uploads\/2026\/04\/jornadaviralicemoslapaz2026-3-585x390.jpg 585w, https:\/\/diariotextual.com\/inicio\/wp-content\/uploads\/2026\/04\/jornadaviralicemoslapaz2026-3-263x175.jpg 263w\" sizes=\"(max-width: 1000px) 100vw, 1000px\" \/><\/figure>\n\n\n\n<p><strong>La escuela como espacio de paz<\/strong><\/p>\n\n\n\n<p>La ministra de educaci\u00f3n, <strong>Marcela Feuerschvenger<\/strong>, destac\u00f3 la importancia de la jornada y remarc\u00f3 que \u201cla escuela es un territorio de paz\u201d, al tiempo que valor\u00f3 el trabajo de las instituciones educativas para promover el cuidado y el respeto.<\/p>\n\n\n\n<p>Desde el ministerio se\u00f1alaron que, ante situaciones recientes vinculadas a amenazas escolares, se aplicaron medidas basadas en acuerdos de convivencia y pr\u00e1cticas restaurativas, con eje en el di\u00e1logo y la reflexi\u00f3n.<\/p>\n\n\n\n<div style=\"height:100px\" aria-hidden=\"true\" class=\"wp-block-spacer\"><\/div>\n\n\n\n<p><strong>Expresiones juveniles y compromiso<\/strong><\/p>\n\n\n\n<p>Durante la jornada se presentaron producciones escolares en stands, n\u00fameros musicales y distintas expresiones art\u00edsticas, que reflejaron el compromiso de estudiantes y docentes con una convivencia basada en la empat\u00eda.<\/p>\n\n\n\n<p>La actividad cerr\u00f3 con un mensaje claro: frente a la violencia, el desaf\u00edo es \u201cviralizar\u201d valores como el respeto, el cuidado y el di\u00e1logo en la comunidad educativa.<\/p>\n\n\n\n<figure class=\"wp-block-image size-full\"><img decoding=\"async\" width=\"1000\" height=\"666\" src=\"https:\/\/diariotextual.com\/inicio\/wp-content\/uploads\/2026\/04\/jornadaviralicemoslapaz2026-2.jpg\" alt=\"\" class=\"wp-image-326102\" srcset=\"https:\/\/diariotextual.com\/inicio\/wp-content\/uploads\/2026\/04\/jornadaviralicemoslapaz2026-2.jpg 1000w, https:\/\/diariotextual.com\/inicio\/wp-content\/uploads\/2026\/04\/jornadaviralicemoslapaz2026-2-300x200.jpg 300w, https:\/\/diariotextual.com\/inicio\/wp-content\/uploads\/2026\/04\/jornadaviralicemoslapaz2026-2-768x511.jpg 768w, https:\/\/diariotextual.com\/inicio\/wp-content\/uploads\/2026\/04\/jornadaviralicemoslapaz2026-2-585x390.jpg 585w, https:\/\/diariotextual.com\/inicio\/wp-content\/uploads\/2026\/04\/jornadaviralicemoslapaz2026-2-263x175.jpg 263w\" sizes=\"(max-width: 1000px) 100vw, 1000px\" \/><\/figure>\n","protected":false},"excerpt":{"rendered":"<p>En la plaza San Mart\u00edn de Santa Rosa se desarroll\u00f3 este mi\u00e9rcoles la jornada \u201cViralicemos la paz\u201d, una propuesta interinstitucional orientada a promover la no violencia y fortalecer la convivencia&hellip;<\/p>\n","protected":false},"author":4,"featured_media":326098,"comment_status":"closed","ping_status":"open","sticky":false,"template":"","format":"standard","meta":{"_acf_changed":false,"footnotes":""},"categories":[4,12],"tags":[],"class_list":["post-326095","post","type-post","status-publish","format-standard","has-post-thumbnail","hentry","category-destacadas","category-sociedad"],"acf":[],"yoast_head":"<!-- This site is optimized with the Yoast SEO plugin v27.5 - https:\/\/yoast.com\/product\/yoast-seo-wordpress\/ -->\n<title>\u201cViralicemos la paz\u201d: estudiantes protagonizaron una jornada por la convivencia en Santa Rosa - Diario Textual<\/title>\n<meta name=\"robots\" content=\"index, follow, max-snippet:-1, max-image-preview:large, max-video-preview:-1\" \/>\n<link rel=\"canonical\" href=\"https:\/\/diariotextual.com\/inicio\/index.php\/2026\/04\/30\/viralicemos-la-paz-estudiantes-protagonizaron-una-jornada-por-la-convivencia-en-santa-rosa\/\" \/>\n<meta property=\"og:locale\" content=\"es_ES\" \/>\n<meta property=\"og:type\" content=\"article\" \/>\n<meta property=\"og:title\" content=\"\u201cViralicemos la paz\u201d: estudiantes protagonizaron una jornada por la convivencia en Santa Rosa - Diario Textual\" \/>\n<meta property=\"og:description\" content=\"En la plaza San Mart\u00edn de Santa Rosa se desarroll\u00f3 este mi\u00e9rcoles la jornada \u201cViralicemos la paz\u201d, una propuesta interinstitucional orientada a promover la no violencia y fortalecer la convivencia&hellip;\" \/>\n<meta property=\"og:url\" content=\"https:\/\/diariotextual.com\/inicio\/index.php\/2026\/04\/30\/viralicemos-la-paz-estudiantes-protagonizaron-una-jornada-por-la-convivencia-en-santa-rosa\/\" \/>\n<meta property=\"og:site_name\" content=\"Diario Textual\" \/>\n<meta property=\"article:publisher\" content=\"https:\/\/www.facebook.com\/eltextual\" \/>\n<meta property=\"article:published_time\" content=\"2026-04-30T22:30:56+00:00\" \/>\n<meta property=\"article:modified_time\" content=\"2026-04-30T22:32:25+00:00\" \/>\n<meta property=\"og:image\" content=\"https:\/\/diariotextual.com\/inicio\/wp-content\/uploads\/2026\/04\/jornadaviralicemoslapaz2026-4.jpg\" \/>\n\t<meta property=\"og:image:width\" content=\"1000\" \/>\n\t<meta property=\"og:image:height\" content=\"666\" \/>\n\t<meta property=\"og:image:type\" content=\"image\/jpeg\" \/>\n<meta name=\"author\" content=\"diario2\" \/>\n<meta name=\"twitter:card\" content=\"summary_large_image\" \/>\n<meta name=\"twitter:creator\" content=\"@eltextual\" \/>\n<meta name=\"twitter:site\" content=\"@eltextual\" \/>\n<meta name=\"twitter:label1\" content=\"Escrito por\" \/>\n\t<meta name=\"twitter:data1\" content=\"diario2\" \/>\n\t<meta name=\"twitter:label2\" content=\"Tiempo de lectura\" \/>\n\t<meta name=\"twitter:data2\" content=\"2 minutos\" \/>\n<script type=\"application\/ld+json\" class=\"yoast-schema-graph\">{\"@context\":\"https:\\\/\\\/schema.org\",\"@graph\":[{\"@type\":\"Article\",\"@id\":\"https:\\\/\\\/diariotextual.com\\\/inicio\\\/index.php\\\/2026\\\/04\\\/30\\\/viralicemos-la-paz-estudiantes-protagonizaron-una-jornada-por-la-convivencia-en-santa-rosa\\\/#article\",\"isPartOf\":{\"@id\":\"https:\\\/\\\/diariotextual.com\\\/inicio\\\/index.php\\\/2026\\\/04\\\/30\\\/viralicemos-la-paz-estudiantes-protagonizaron-una-jornada-por-la-convivencia-en-santa-rosa\\\/\"},\"author\":{\"name\":\"diario2\",\"@id\":\"https:\\\/\\\/diariotextual.com\\\/inicio\\\/#\\\/schema\\\/person\\\/694f60677f23c4a530867a98f22b3768\"},\"headline\":\"\u201cViralicemos la paz\u201d: estudiantes protagonizaron una jornada por la convivencia en Santa Rosa\",\"datePublished\":\"2026-04-30T22:30:56+00:00\",\"dateModified\":\"2026-04-30T22:32:25+00:00\",\"mainEntityOfPage\":{\"@id\":\"https:\\\/\\\/diariotextual.com\\\/inicio\\\/index.php\\\/2026\\\/04\\\/30\\\/viralicemos-la-paz-estudiantes-protagonizaron-una-jornada-por-la-convivencia-en-santa-rosa\\\/\"},\"wordCount\":322,\"publisher\":{\"@id\":\"https:\\\/\\\/diariotextual.com\\\/inicio\\\/#organization\"},\"image\":{\"@id\":\"https:\\\/\\\/diariotextual.com\\\/inicio\\\/index.php\\\/2026\\\/04\\\/30\\\/viralicemos-la-paz-estudiantes-protagonizaron-una-jornada-por-la-convivencia-en-santa-rosa\\\/#primaryimage\"},\"thumbnailUrl\":\"https:\\\/\\\/diariotextual.com\\\/inicio\\\/wp-content\\\/uploads\\\/2026\\\/04\\\/jornadaviralicemoslapaz2026-4.jpg\",\"articleSection\":[\"A - DESTACADAS (mod 16)\",\"SOCIEDAD\"],\"inLanguage\":\"es\"},{\"@type\":\"WebPage\",\"@id\":\"https:\\\/\\\/diariotextual.com\\\/inicio\\\/index.php\\\/2026\\\/04\\\/30\\\/viralicemos-la-paz-estudiantes-protagonizaron-una-jornada-por-la-convivencia-en-santa-rosa\\\/\",\"url\":\"https:\\\/\\\/diariotextual.com\\\/inicio\\\/index.php\\\/2026\\\/04\\\/30\\\/viralicemos-la-paz-estudiantes-protagonizaron-una-jornada-por-la-convivencia-en-santa-rosa\\\/\",\"name\":\"\u201cViralicemos la paz\u201d: estudiantes protagonizaron una jornada por la convivencia en Santa Rosa - Diario Textual\",\"isPartOf\":{\"@id\":\"https:\\\/\\\/diariotextual.com\\\/inicio\\\/#website\"},\"primaryImageOfPage\":{\"@id\":\"https:\\\/\\\/diariotextual.com\\\/inicio\\\/index.php\\\/2026\\\/04\\\/30\\\/viralicemos-la-paz-estudiantes-protagonizaron-una-jornada-por-la-convivencia-en-santa-rosa\\\/#primaryimage\"},\"image\":{\"@id\":\"https:\\\/\\\/diariotextual.com\\\/inicio\\\/index.php\\\/2026\\\/04\\\/30\\\/viralicemos-la-paz-estudiantes-protagonizaron-una-jornada-por-la-convivencia-en-santa-rosa\\\/#primaryimage\"},\"thumbnailUrl\":\"https:\\\/\\\/diariotextual.com\\\/inicio\\\/wp-content\\\/uploads\\\/2026\\\/04\\\/jornadaviralicemoslapaz2026-4.jpg\",\"datePublished\":\"2026-04-30T22:30:56+00:00\",\"dateModified\":\"2026-04-30T22:32:25+00:00\",\"breadcrumb\":{\"@id\":\"https:\\\/\\\/diariotextual.com\\\/inicio\\\/index.php\\\/2026\\\/04\\\/30\\\/viralicemos-la-paz-estudiantes-protagonizaron-una-jornada-por-la-convivencia-en-santa-rosa\\\/#breadcrumb\"},\"inLanguage\":\"es\",\"potentialAction\":[{\"@type\":\"ReadAction\",\"target\":[\"https:\\\/\\\/diariotextual.com\\\/inicio\\\/index.php\\\/2026\\\/04\\\/30\\\/viralicemos-la-paz-estudiantes-protagonizaron-una-jornada-por-la-convivencia-en-santa-rosa\\\/\"]}]},{\"@type\":\"ImageObject\",\"inLanguage\":\"es\",\"@id\":\"https:\\\/\\\/diariotextual.com\\\/inicio\\\/index.php\\\/2026\\\/04\\\/30\\\/viralicemos-la-paz-estudiantes-protagonizaron-una-jornada-por-la-convivencia-en-santa-rosa\\\/#primaryimage\",\"url\":\"https:\\\/\\\/diariotextual.com\\\/inicio\\\/wp-content\\\/uploads\\\/2026\\\/04\\\/jornadaviralicemoslapaz2026-4.jpg\",\"contentUrl\":\"https:\\\/\\\/diariotextual.com\\\/inicio\\\/wp-content\\\/uploads\\\/2026\\\/04\\\/jornadaviralicemoslapaz2026-4.jpg\",\"width\":1000,\"height\":666},{\"@type\":\"BreadcrumbList\",\"@id\":\"https:\\\/\\\/diariotextual.com\\\/inicio\\\/index.php\\\/2026\\\/04\\\/30\\\/viralicemos-la-paz-estudiantes-protagonizaron-una-jornada-por-la-convivencia-en-santa-rosa\\\/#breadcrumb\",\"itemListElement\":[{\"@type\":\"ListItem\",\"position\":1,\"name\":\"Portada\",\"item\":\"https:\\\/\\\/diariotextual.com\\\/inicio\\\/\"},{\"@type\":\"ListItem\",\"position\":2,\"name\":\"\u201cViralicemos la paz\u201d: estudiantes protagonizaron una jornada por la convivencia en Santa Rosa\"}]},{\"@type\":\"WebSite\",\"@id\":\"https:\\\/\\\/diariotextual.com\\\/inicio\\\/#website\",\"url\":\"https:\\\/\\\/diariotextual.com\\\/inicio\\\/\",\"name\":\"Diario Textual\",\"description\":\"\",\"publisher\":{\"@id\":\"https:\\\/\\\/diariotextual.com\\\/inicio\\\/#organization\"},\"potentialAction\":[{\"@type\":\"SearchAction\",\"target\":{\"@type\":\"EntryPoint\",\"urlTemplate\":\"https:\\\/\\\/diariotextual.com\\\/inicio\\\/?s={search_term_string}\"},\"query-input\":{\"@type\":\"PropertyValueSpecification\",\"valueRequired\":true,\"valueName\":\"search_term_string\"}}],\"inLanguage\":\"es\"},{\"@type\":\"Organization\",\"@id\":\"https:\\\/\\\/diariotextual.com\\\/inicio\\\/#organization\",\"name\":\"Diario Textual\",\"url\":\"https:\\\/\\\/diariotextual.com\\\/inicio\\\/\",\"logo\":{\"@type\":\"ImageObject\",\"inLanguage\":\"es\",\"@id\":\"https:\\\/\\\/diariotextual.com\\\/inicio\\\/#\\\/schema\\\/logo\\\/image\\\/\",\"url\":\"https:\\\/\\\/diariotextual.com\\\/inicio\\\/wp-content\\\/uploads\\\/2023\\\/05\\\/logotextual1.jpg\",\"contentUrl\":\"https:\\\/\\\/diariotextual.com\\\/inicio\\\/wp-content\\\/uploads\\\/2023\\\/05\\\/logotextual1.jpg\",\"width\":516,\"height\":76,\"caption\":\"Diario Textual\"},\"image\":{\"@id\":\"https:\\\/\\\/diariotextual.com\\\/inicio\\\/#\\\/schema\\\/logo\\\/image\\\/\"},\"sameAs\":[\"https:\\\/\\\/www.facebook.com\\\/eltextual\",\"https:\\\/\\\/x.com\\\/eltextual\",\"http:\\\/\\\/www.instagram.com\\\/eltextual\"]},{\"@type\":\"Person\",\"@id\":\"https:\\\/\\\/diariotextual.com\\\/inicio\\\/#\\\/schema\\\/person\\\/694f60677f23c4a530867a98f22b3768\",\"name\":\"diario2\",\"image\":{\"@type\":\"ImageObject\",\"inLanguage\":\"es\",\"@id\":\"https:\\\/\\\/secure.gravatar.com\\\/avatar\\\/5a2567495ba16b852fcd8f1ed006a2e24fcace936018ed8237e95f488ad6e0a7?s=96&d=mm&r=g\",\"url\":\"https:\\\/\\\/secure.gravatar.com\\\/avatar\\\/5a2567495ba16b852fcd8f1ed006a2e24fcace936018ed8237e95f488ad6e0a7?s=96&d=mm&r=g\",\"contentUrl\":\"https:\\\/\\\/secure.gravatar.com\\\/avatar\\\/5a2567495ba16b852fcd8f1ed006a2e24fcace936018ed8237e95f488ad6e0a7?s=96&d=mm&r=g\",\"caption\":\"diario2\"},\"url\":\"https:\\\/\\\/diariotextual.com\\\/inicio\\\/index.php\\\/author\\\/diario2\\\/\"}]}<\/script>\n<!-- \/ Yoast SEO plugin. -->","yoast_head_json":{"title":"\u201cViralicemos la paz\u201d: estudiantes protagonizaron una jornada por la convivencia en Santa Rosa - Diario Textual","robots":{"index":"index","follow":"follow","max-snippet":"max-snippet:-1","max-image-preview":"max-image-preview:large","max-video-preview":"max-video-preview:-1"},"canonical":"https:\/\/diariotextual.com\/inicio\/index.php\/2026\/04\/30\/viralicemos-la-paz-estudiantes-protagonizaron-una-jornada-por-la-convivencia-en-santa-rosa\/","og_locale":"es_ES","og_type":"article","og_title":"\u201cViralicemos la paz\u201d: estudiantes protagonizaron una jornada por la convivencia en Santa Rosa - Diario Textual","og_description":"En la plaza San Mart\u00edn de Santa Rosa se desarroll\u00f3 este mi\u00e9rcoles la jornada \u201cViralicemos la paz\u201d, una propuesta interinstitucional orientada a promover la no violencia y fortalecer la convivencia&hellip;","og_url":"https:\/\/diariotextual.com\/inicio\/index.php\/2026\/04\/30\/viralicemos-la-paz-estudiantes-protagonizaron-una-jornada-por-la-convivencia-en-santa-rosa\/","og_site_name":"Diario Textual","article_publisher":"https:\/\/www.facebook.com\/eltextual","article_published_time":"2026-04-30T22:30:56+00:00","article_modified_time":"2026-04-30T22:32:25+00:00","og_image":[{"width":1000,"height":666,"url":"https:\/\/diariotextual.com\/inicio\/wp-content\/uploads\/2026\/04\/jornadaviralicemoslapaz2026-4.jpg","type":"image\/jpeg"}],"author":"diario2","twitter_card":"summary_large_image","twitter_creator":"@eltextual","twitter_site":"@eltextual","twitter_misc":{"Escrito por":"diario2","Tiempo de lectura":"2 minutos"},"schema":{"@context":"https:\/\/schema.org","@graph":[{"@type":"Article","@id":"https:\/\/diariotextual.com\/inicio\/index.php\/2026\/04\/30\/viralicemos-la-paz-estudiantes-protagonizaron-una-jornada-por-la-convivencia-en-santa-rosa\/#article","isPartOf":{"@id":"https:\/\/diariotextual.com\/inicio\/index.php\/2026\/04\/30\/viralicemos-la-paz-estudiantes-protagonizaron-una-jornada-por-la-convivencia-en-santa-rosa\/"},"author":{"name":"diario2","@id":"https:\/\/diariotextual.com\/inicio\/#\/schema\/person\/694f60677f23c4a530867a98f22b3768"},"headline":"\u201cViralicemos la paz\u201d: estudiantes protagonizaron una jornada por la convivencia en Santa Rosa","datePublished":"2026-04-30T22:30:56+00:00","dateModified":"2026-04-30T22:32:25+00:00","mainEntityOfPage":{"@id":"https:\/\/diariotextual.com\/inicio\/index.php\/2026\/04\/30\/viralicemos-la-paz-estudiantes-protagonizaron-una-jornada-por-la-convivencia-en-santa-rosa\/"},"wordCount":322,"publisher":{"@id":"https:\/\/diariotextual.com\/inicio\/#organization"},"image":{"@id":"https:\/\/diariotextual.com\/inicio\/index.php\/2026\/04\/30\/viralicemos-la-paz-estudiantes-protagonizaron-una-jornada-por-la-convivencia-en-santa-rosa\/#primaryimage"},"thumbnailUrl":"https:\/\/diariotextual.com\/inicio\/wp-content\/uploads\/2026\/04\/jornadaviralicemoslapaz2026-4.jpg","articleSection":["A - DESTACADAS (mod 16)","SOCIEDAD"],"inLanguage":"es"},{"@type":"WebPage","@id":"https:\/\/diariotextual.com\/inicio\/index.php\/2026\/04\/30\/viralicemos-la-paz-estudiantes-protagonizaron-una-jornada-por-la-convivencia-en-santa-rosa\/","url":"https:\/\/diariotextual.com\/inicio\/index.php\/2026\/04\/30\/viralicemos-la-paz-estudiantes-protagonizaron-una-jornada-por-la-convivencia-en-santa-rosa\/","name":"\u201cViralicemos la paz\u201d: estudiantes protagonizaron una jornada por la convivencia en Santa Rosa - Diario Textual","isPartOf":{"@id":"https:\/\/diariotextual.com\/inicio\/#website"},"primaryImageOfPage":{"@id":"https:\/\/diariotextual.com\/inicio\/index.php\/2026\/04\/30\/viralicemos-la-paz-estudiantes-protagonizaron-una-jornada-por-la-convivencia-en-santa-rosa\/#primaryimage"},"image":{"@id":"https:\/\/diariotextual.com\/inicio\/index.php\/2026\/04\/30\/viralicemos-la-paz-estudiantes-protagonizaron-una-jornada-por-la-convivencia-en-santa-rosa\/#primaryimage"},"thumbnailUrl":"https:\/\/diariotextual.com\/inicio\/wp-content\/uploads\/2026\/04\/jornadaviralicemoslapaz2026-4.jpg","datePublished":"2026-04-30T22:30:56+00:00","dateModified":"2026-04-30T22:32:25+00:00","breadcrumb":{"@id":"https:\/\/diariotextual.com\/inicio\/index.php\/2026\/04\/30\/viralicemos-la-paz-estudiantes-protagonizaron-una-jornada-por-la-convivencia-en-santa-rosa\/#breadcrumb"},"inLanguage":"es","potentialAction":[{"@type":"ReadAction","target":["https:\/\/diariotextual.com\/inicio\/index.php\/2026\/04\/30\/viralicemos-la-paz-estudiantes-protagonizaron-una-jornada-por-la-convivencia-en-santa-rosa\/"]}]},{"@type":"ImageObject","inLanguage":"es","@id":"https:\/\/diariotextual.com\/inicio\/index.php\/2026\/04\/30\/viralicemos-la-paz-estudiantes-protagonizaron-una-jornada-por-la-convivencia-en-santa-rosa\/#primaryimage","url":"https:\/\/diariotextual.com\/inicio\/wp-content\/uploads\/2026\/04\/jornadaviralicemoslapaz2026-4.jpg","contentUrl":"https:\/\/diariotextual.com\/inicio\/wp-content\/uploads\/2026\/04\/jornadaviralicemoslapaz2026-4.jpg","width":1000,"height":666},{"@type":"BreadcrumbList","@id":"https:\/\/diariotextual.com\/inicio\/index.php\/2026\/04\/30\/viralicemos-la-paz-estudiantes-protagonizaron-una-jornada-por-la-convivencia-en-santa-rosa\/#breadcrumb","itemListElement":[{"@type":"ListItem","position":1,"name":"Portada","item":"https:\/\/diariotextual.com\/inicio\/"},{"@type":"ListItem","position":2,"name":"\u201cViralicemos la paz\u201d: estudiantes protagonizaron una jornada por la convivencia en Santa Rosa"}]},{"@type":"WebSite","@id":"https:\/\/diariotextual.com\/inicio\/#website","url":"https:\/\/diariotextual.com\/inicio\/","name":"Diario Textual","description":"","publisher":{"@id":"https:\/\/diariotextual.com\/inicio\/#organization"},"potentialAction":[{"@type":"SearchAction","target":{"@type":"EntryPoint","urlTemplate":"https:\/\/diariotextual.com\/inicio\/?s={search_term_string}"},"query-input":{"@type":"PropertyValueSpecification","valueRequired":true,"valueName":"search_term_string"}}],"inLanguage":"es"},{"@type":"Organization","@id":"https:\/\/diariotextual.com\/inicio\/#organization","name":"Diario Textual","url":"https:\/\/diariotextual.com\/inicio\/","logo":{"@type":"ImageObject","inLanguage":"es","@id":"https:\/\/diariotextual.com\/inicio\/#\/schema\/logo\/image\/","url":"https:\/\/diariotextual.com\/inicio\/wp-content\/uploads\/2023\/05\/logotextual1.jpg","contentUrl":"https:\/\/diariotextual.com\/inicio\/wp-content\/uploads\/2023\/05\/logotextual1.jpg","width":516,"height":76,"caption":"Diario Textual"},"image":{"@id":"https:\/\/diariotextual.com\/inicio\/#\/schema\/logo\/image\/"},"sameAs":["https:\/\/www.facebook.com\/eltextual","https:\/\/x.com\/eltextual","http:\/\/www.instagram.com\/eltextual"]},{"@type":"Person","@id":"https:\/\/diariotextual.com\/inicio\/#\/schema\/person\/694f60677f23c4a530867a98f22b3768","name":"diario2","image":{"@type":"ImageObject","inLanguage":"es","@id":"https:\/\/secure.gravatar.com\/avatar\/5a2567495ba16b852fcd8f1ed006a2e24fcace936018ed8237e95f488ad6e0a7?s=96&d=mm&r=g","url":"https:\/\/secure.gravatar.com\/avatar\/5a2567495ba16b852fcd8f1ed006a2e24fcace936018ed8237e95f488ad6e0a7?s=96&d=mm&r=g","contentUrl":"https:\/\/secure.gravatar.com\/avatar\/5a2567495ba16b852fcd8f1ed006a2e24fcace936018ed8237e95f488ad6e0a7?s=96&d=mm&r=g","caption":"diario2"},"url":"https:\/\/diariotextual.com\/inicio\/index.php\/author\/diario2\/"}]}},"_links":{"self":[{"href":"https:\/\/diariotextual.com\/inicio\/index.php\/wp-json\/wp\/v2\/posts\/326095","targetHints":{"allow":["GET"]}}],"collection":[{"href":"https:\/\/diariotextual.com\/inicio\/index.php\/wp-json\/wp\/v2\/posts"}],"about":[{"href":"https:\/\/diariotextual.com\/inicio\/index.php\/wp-json\/wp\/v2\/types\/post"}],"author":[{"embeddable":true,"href":"https:\/\/diariotextual.com\/inicio\/index.php\/wp-json\/wp\/v2\/users\/4"}],"replies":[{"embeddable":true,"href":"https:\/\/diariotextual.com\/inicio\/index.php\/wp-json\/wp\/v2\/comments?post=326095"}],"version-history":[{"count":4,"href":"https:\/\/diariotextual.com\/inicio\/index.php\/wp-json\/wp\/v2\/posts\/326095\/revisions"}],"predecessor-version":[{"id":326103,"href":"https:\/\/diariotextual.com\/inicio\/index.php\/wp-json\/wp\/v2\/posts\/326095\/revisions\/326103"}],"wp:featuredmedia":[{"embeddable":true,"href":"https:\/\/diariotextual.com\/inicio\/index.php\/wp-json\/wp\/v2\/media\/326098"}],"wp:attachment":[{"href":"https:\/\/diariotextual.com\/inicio\/index.php\/wp-json\/wp\/v2\/media?parent=326095"}],"wp:term":[{"taxonomy":"category","embeddable":true,"href":"https:\/\/diariotextual.com\/inicio\/index.php\/wp-json\/wp\/v2\/categories?post=326095"},{"taxonomy":"post_tag","embeddable":true,"href":"https:\/\/diariotextual.com\/inicio\/index.php\/wp-json\/wp\/v2\/tags?post=326095"}],"curies":[{"name":"wp","href":"https:\/\/api.w.org\/{rel}","templated":true}]}}