{"id":326116,"date":"2026-04-30T21:13:56","date_gmt":"2026-05-01T00:13:56","guid":{"rendered":"https:\/\/diariotextual.com\/inicio\/?p=326116"},"modified":"2026-04-30T21:57:59","modified_gmt":"2026-05-01T00:57:59","slug":"piden-devolver-un-celular-clave-para-el-tratamiento-de-un-nino-con-diabetes-en-santa-rosa","status":"publish","type":"post","link":"https:\/\/diariotextual.com\/inicio\/index.php\/2026\/04\/30\/piden-devolver-un-celular-clave-para-el-tratamiento-de-un-nino-con-diabetes-en-santa-rosa\/","title":{"rendered":"Piden devolver un celular clave para el tratamiento de un ni\u00f1o con diabetes en Santa Rosa"},"content":{"rendered":"\n<p>Una familia de Santa Rosa inici\u00f3 un <strong>urgente pedido de solidaridad<\/strong> para recuperar el celular de un ni\u00f1o de 6 a\u00f1os con diabetes tipo 1, ya que el dispositivo es fundamental para el control de su tratamiento diario.<\/p>\n\n\n\n<p>El hecho ocurri\u00f3 este jueves en una vivienda del Fonavi 42, donde el ni\u00f1o \u2014Ian\u2014 se encontraba jugando. Seg\u00fan relat\u00f3 su madre, <strong>Magal\u00ed<\/strong>, el tel\u00e9fono se extravi\u00f3 en la vereda y, pese a la b\u00fasqueda y al intento de rastreo, no pudo ser localizado.<\/p>\n\n\n\n<div style=\"height:100px\" aria-hidden=\"true\" class=\"wp-block-spacer\"><\/div>\n\n\n\n<p><strong>Un dispositivo esencial para su salud<\/strong><\/p>\n\n\n\n<p>El celular, un <strong>samsung a16<\/strong>, no es un elemento m\u00e1s: est\u00e1 vinculado a la bomba de insulina y al sensor de glucosa del ni\u00f1o, lo que permite monitorear sus niveles y administrar la medicaci\u00f3n.<\/p>\n\n\n\n<p>\u201cUsamos el celular y aplicaciones para controlar la glucosa y cargar la insulina. Sin eso, no sabemos c\u00f3mo est\u00e1\u201d, explic\u00f3 la madre a Diario Textual.<\/p>\n\n\n\n<p>Adem\u00e1s, detall\u00f3 que la configuraci\u00f3n del sistema es compleja y depende de ese equipo en particular. Cambiar de tel\u00e9fono implicar\u00eda perder el sensor actual, que tiene una duraci\u00f3n limitada y que, en este caso, es el \u00faltimo disponible debido a demoras en la entrega de insumos por parte de la obra social.<\/p>\n\n\n\n<div style=\"height:100px\" aria-hidden=\"true\" class=\"wp-block-spacer\"><\/div>\n\n\n\n<p><strong>B\u00fasqueda y pedido a la comunidad<\/strong><\/p>\n\n\n\n<p>La familia realiz\u00f3 la denuncia policial y el \u00faltimo registro del tel\u00e9fono lo ubic\u00f3 a pocas cuadras del lugar donde se perdi\u00f3. Personal policial trabaja en su localizaci\u00f3n.<\/p>\n\n\n\n<p>Mientras tanto, apelan a la colaboraci\u00f3n de la comunidad. \u201cNo es por el valor del celular, es por la salud de mi hijo\u201d, expres\u00f3 Magal\u00ed.<\/p>\n\n\n\n<p>Quienes hayan encontrado el dispositivo o tengan informaci\u00f3n pueden acercarlo o dar aviso, ya que su recuperaci\u00f3n resulta clave para garantizar el tratamiento del ni\u00f1o.<\/p>\n\n\n\n<iframe src=\"https:\/\/www.facebook.com\/plugins\/video.php?height=476&#038;href=https%3A%2F%2Fwww.facebook.com%2Freel%2F4276621019255562%2F&#038;show_text=false&#038;width=267&#038;t=0\" width=\"267\" height=\"476\" style=\"border:none;overflow:hidden\" scrolling=\"no\" frameborder=\"0\" allowfullscreen=\"true\" allow=\"autoplay; clipboard-write; encrypted-media; picture-in-picture; web-share\" allowFullScreen=\"true\"><\/iframe>\n","protected":false},"excerpt":{"rendered":"<p>Una familia de Santa Rosa inici\u00f3 un urgente pedido de solidaridad para recuperar el celular de un ni\u00f1o de 6 a\u00f1os con diabetes tipo 1, ya que el dispositivo es&hellip;<\/p>\n","protected":false},"author":4,"featured_media":8251,"comment_status":"closed","ping_status":"open","sticky":false,"template":"","format":"standard","meta":{"_acf_changed":false,"footnotes":""},"categories":[1,12],"tags":[],"class_list":["post-326116","post","type-post","status-publish","format-standard","has-post-thumbnail","hentry","category-es-noticia","category-sociedad"],"acf":[],"yoast_head":"<!-- This site is optimized with the Yoast SEO plugin v27.5 - https:\/\/yoast.com\/product\/yoast-seo-wordpress\/ -->\n<title>Piden devolver un celular clave para el tratamiento de un ni\u00f1o con diabetes en Santa Rosa - Diario Textual<\/title>\n<meta name=\"robots\" content=\"index, follow, max-snippet:-1, max-image-preview:large, max-video-preview:-1\" \/>\n<link rel=\"canonical\" href=\"https:\/\/diariotextual.com\/inicio\/index.php\/2026\/04\/30\/piden-devolver-un-celular-clave-para-el-tratamiento-de-un-nino-con-diabetes-en-santa-rosa\/\" \/>\n<meta property=\"og:locale\" content=\"es_ES\" \/>\n<meta property=\"og:type\" content=\"article\" \/>\n<meta property=\"og:title\" content=\"Piden devolver un celular clave para el tratamiento de un ni\u00f1o con diabetes en Santa Rosa - Diario Textual\" \/>\n<meta property=\"og:description\" content=\"Una familia de Santa Rosa inici\u00f3 un urgente pedido de solidaridad para recuperar el celular de un ni\u00f1o de 6 a\u00f1os con diabetes tipo 1, ya que el dispositivo es&hellip;\" \/>\n<meta property=\"og:url\" content=\"https:\/\/diariotextual.com\/inicio\/index.php\/2026\/04\/30\/piden-devolver-un-celular-clave-para-el-tratamiento-de-un-nino-con-diabetes-en-santa-rosa\/\" \/>\n<meta property=\"og:site_name\" content=\"Diario Textual\" \/>\n<meta property=\"article:publisher\" content=\"https:\/\/www.facebook.com\/eltextual\" \/>\n<meta property=\"article:published_time\" content=\"2026-05-01T00:13:56+00:00\" \/>\n<meta property=\"article:modified_time\" content=\"2026-05-01T00:57:59+00:00\" \/>\n<meta property=\"og:image\" content=\"https:\/\/diariotextual.com\/inicio\/wp-content\/uploads\/2018\/05\/llamadacelular187921.png\" \/>\n\t<meta property=\"og:image:width\" content=\"708\" \/>\n\t<meta property=\"og:image:height\" content=\"401\" \/>\n\t<meta property=\"og:image:type\" content=\"image\/png\" \/>\n<meta name=\"author\" content=\"diario2\" \/>\n<meta name=\"twitter:card\" content=\"summary_large_image\" \/>\n<meta name=\"twitter:creator\" content=\"@eltextual\" \/>\n<meta name=\"twitter:site\" content=\"@eltextual\" \/>\n<meta name=\"twitter:label1\" content=\"Escrito por\" \/>\n\t<meta name=\"twitter:data1\" content=\"diario2\" \/>\n\t<meta name=\"twitter:label2\" content=\"Tiempo de lectura\" \/>\n\t<meta name=\"twitter:data2\" content=\"2 minutos\" \/>\n<script type=\"application\/ld+json\" class=\"yoast-schema-graph\">{\"@context\":\"https:\\\/\\\/schema.org\",\"@graph\":[{\"@type\":\"Article\",\"@id\":\"https:\\\/\\\/diariotextual.com\\\/inicio\\\/index.php\\\/2026\\\/04\\\/30\\\/piden-devolver-un-celular-clave-para-el-tratamiento-de-un-nino-con-diabetes-en-santa-rosa\\\/#article\",\"isPartOf\":{\"@id\":\"https:\\\/\\\/diariotextual.com\\\/inicio\\\/index.php\\\/2026\\\/04\\\/30\\\/piden-devolver-un-celular-clave-para-el-tratamiento-de-un-nino-con-diabetes-en-santa-rosa\\\/\"},\"author\":{\"name\":\"diario2\",\"@id\":\"https:\\\/\\\/diariotextual.com\\\/inicio\\\/#\\\/schema\\\/person\\\/694f60677f23c4a530867a98f22b3768\"},\"headline\":\"Piden devolver un celular clave para el tratamiento de un ni\u00f1o con diabetes en Santa Rosa\",\"datePublished\":\"2026-05-01T00:13:56+00:00\",\"dateModified\":\"2026-05-01T00:57:59+00:00\",\"mainEntityOfPage\":{\"@id\":\"https:\\\/\\\/diariotextual.com\\\/inicio\\\/index.php\\\/2026\\\/04\\\/30\\\/piden-devolver-un-celular-clave-para-el-tratamiento-de-un-nino-con-diabetes-en-santa-rosa\\\/\"},\"wordCount\":319,\"publisher\":{\"@id\":\"https:\\\/\\\/diariotextual.com\\\/inicio\\\/#organization\"},\"image\":{\"@id\":\"https:\\\/\\\/diariotextual.com\\\/inicio\\\/index.php\\\/2026\\\/04\\\/30\\\/piden-devolver-un-celular-clave-para-el-tratamiento-de-un-nino-con-diabetes-en-santa-rosa\\\/#primaryimage\"},\"thumbnailUrl\":\"https:\\\/\\\/diariotextual.com\\\/inicio\\\/wp-content\\\/uploads\\\/2018\\\/05\\\/llamadacelular187921.png\",\"articleSection\":[\"A - ES NOTICIA (van abajo)\",\"SOCIEDAD\"],\"inLanguage\":\"es\"},{\"@type\":\"WebPage\",\"@id\":\"https:\\\/\\\/diariotextual.com\\\/inicio\\\/index.php\\\/2026\\\/04\\\/30\\\/piden-devolver-un-celular-clave-para-el-tratamiento-de-un-nino-con-diabetes-en-santa-rosa\\\/\",\"url\":\"https:\\\/\\\/diariotextual.com\\\/inicio\\\/index.php\\\/2026\\\/04\\\/30\\\/piden-devolver-un-celular-clave-para-el-tratamiento-de-un-nino-con-diabetes-en-santa-rosa\\\/\",\"name\":\"Piden devolver un celular clave para el tratamiento de un ni\u00f1o con diabetes en Santa Rosa - Diario Textual\",\"isPartOf\":{\"@id\":\"https:\\\/\\\/diariotextual.com\\\/inicio\\\/#website\"},\"primaryImageOfPage\":{\"@id\":\"https:\\\/\\\/diariotextual.com\\\/inicio\\\/index.php\\\/2026\\\/04\\\/30\\\/piden-devolver-un-celular-clave-para-el-tratamiento-de-un-nino-con-diabetes-en-santa-rosa\\\/#primaryimage\"},\"image\":{\"@id\":\"https:\\\/\\\/diariotextual.com\\\/inicio\\\/index.php\\\/2026\\\/04\\\/30\\\/piden-devolver-un-celular-clave-para-el-tratamiento-de-un-nino-con-diabetes-en-santa-rosa\\\/#primaryimage\"},\"thumbnailUrl\":\"https:\\\/\\\/diariotextual.com\\\/inicio\\\/wp-content\\\/uploads\\\/2018\\\/05\\\/llamadacelular187921.png\",\"datePublished\":\"2026-05-01T00:13:56+00:00\",\"dateModified\":\"2026-05-01T00:57:59+00:00\",\"breadcrumb\":{\"@id\":\"https:\\\/\\\/diariotextual.com\\\/inicio\\\/index.php\\\/2026\\\/04\\\/30\\\/piden-devolver-un-celular-clave-para-el-tratamiento-de-un-nino-con-diabetes-en-santa-rosa\\\/#breadcrumb\"},\"inLanguage\":\"es\",\"potentialAction\":[{\"@type\":\"ReadAction\",\"target\":[\"https:\\\/\\\/diariotextual.com\\\/inicio\\\/index.php\\\/2026\\\/04\\\/30\\\/piden-devolver-un-celular-clave-para-el-tratamiento-de-un-nino-con-diabetes-en-santa-rosa\\\/\"]}]},{\"@type\":\"ImageObject\",\"inLanguage\":\"es\",\"@id\":\"https:\\\/\\\/diariotextual.com\\\/inicio\\\/index.php\\\/2026\\\/04\\\/30\\\/piden-devolver-un-celular-clave-para-el-tratamiento-de-un-nino-con-diabetes-en-santa-rosa\\\/#primaryimage\",\"url\":\"https:\\\/\\\/diariotextual.com\\\/inicio\\\/wp-content\\\/uploads\\\/2018\\\/05\\\/llamadacelular187921.png\",\"contentUrl\":\"https:\\\/\\\/diariotextual.com\\\/inicio\\\/wp-content\\\/uploads\\\/2018\\\/05\\\/llamadacelular187921.png\",\"width\":708,\"height\":401},{\"@type\":\"BreadcrumbList\",\"@id\":\"https:\\\/\\\/diariotextual.com\\\/inicio\\\/index.php\\\/2026\\\/04\\\/30\\\/piden-devolver-un-celular-clave-para-el-tratamiento-de-un-nino-con-diabetes-en-santa-rosa\\\/#breadcrumb\",\"itemListElement\":[{\"@type\":\"ListItem\",\"position\":1,\"name\":\"Portada\",\"item\":\"https:\\\/\\\/diariotextual.com\\\/inicio\\\/\"},{\"@type\":\"ListItem\",\"position\":2,\"name\":\"Piden devolver un celular clave para el tratamiento de un ni\u00f1o con diabetes en Santa Rosa\"}]},{\"@type\":\"WebSite\",\"@id\":\"https:\\\/\\\/diariotextual.com\\\/inicio\\\/#website\",\"url\":\"https:\\\/\\\/diariotextual.com\\\/inicio\\\/\",\"name\":\"Diario Textual\",\"description\":\"\",\"publisher\":{\"@id\":\"https:\\\/\\\/diariotextual.com\\\/inicio\\\/#organization\"},\"potentialAction\":[{\"@type\":\"SearchAction\",\"target\":{\"@type\":\"EntryPoint\",\"urlTemplate\":\"https:\\\/\\\/diariotextual.com\\\/inicio\\\/?s={search_term_string}\"},\"query-input\":{\"@type\":\"PropertyValueSpecification\",\"valueRequired\":true,\"valueName\":\"search_term_string\"}}],\"inLanguage\":\"es\"},{\"@type\":\"Organization\",\"@id\":\"https:\\\/\\\/diariotextual.com\\\/inicio\\\/#organization\",\"name\":\"Diario Textual\",\"url\":\"https:\\\/\\\/diariotextual.com\\\/inicio\\\/\",\"logo\":{\"@type\":\"ImageObject\",\"inLanguage\":\"es\",\"@id\":\"https:\\\/\\\/diariotextual.com\\\/inicio\\\/#\\\/schema\\\/logo\\\/image\\\/\",\"url\":\"https:\\\/\\\/diariotextual.com\\\/inicio\\\/wp-content\\\/uploads\\\/2023\\\/05\\\/logotextual1.jpg\",\"contentUrl\":\"https:\\\/\\\/diariotextual.com\\\/inicio\\\/wp-content\\\/uploads\\\/2023\\\/05\\\/logotextual1.jpg\",\"width\":516,\"height\":76,\"caption\":\"Diario Textual\"},\"image\":{\"@id\":\"https:\\\/\\\/diariotextual.com\\\/inicio\\\/#\\\/schema\\\/logo\\\/image\\\/\"},\"sameAs\":[\"https:\\\/\\\/www.facebook.com\\\/eltextual\",\"https:\\\/\\\/x.com\\\/eltextual\",\"http:\\\/\\\/www.instagram.com\\\/eltextual\"]},{\"@type\":\"Person\",\"@id\":\"https:\\\/\\\/diariotextual.com\\\/inicio\\\/#\\\/schema\\\/person\\\/694f60677f23c4a530867a98f22b3768\",\"name\":\"diario2\",\"image\":{\"@type\":\"ImageObject\",\"inLanguage\":\"es\",\"@id\":\"https:\\\/\\\/secure.gravatar.com\\\/avatar\\\/5a2567495ba16b852fcd8f1ed006a2e24fcace936018ed8237e95f488ad6e0a7?s=96&d=mm&r=g\",\"url\":\"https:\\\/\\\/secure.gravatar.com\\\/avatar\\\/5a2567495ba16b852fcd8f1ed006a2e24fcace936018ed8237e95f488ad6e0a7?s=96&d=mm&r=g\",\"contentUrl\":\"https:\\\/\\\/secure.gravatar.com\\\/avatar\\\/5a2567495ba16b852fcd8f1ed006a2e24fcace936018ed8237e95f488ad6e0a7?s=96&d=mm&r=g\",\"caption\":\"diario2\"},\"url\":\"https:\\\/\\\/diariotextual.com\\\/inicio\\\/index.php\\\/author\\\/diario2\\\/\"}]}<\/script>\n<!-- \/ Yoast SEO plugin. -->","yoast_head_json":{"title":"Piden devolver un celular clave para el tratamiento de un ni\u00f1o con diabetes en Santa Rosa - Diario Textual","robots":{"index":"index","follow":"follow","max-snippet":"max-snippet:-1","max-image-preview":"max-image-preview:large","max-video-preview":"max-video-preview:-1"},"canonical":"https:\/\/diariotextual.com\/inicio\/index.php\/2026\/04\/30\/piden-devolver-un-celular-clave-para-el-tratamiento-de-un-nino-con-diabetes-en-santa-rosa\/","og_locale":"es_ES","og_type":"article","og_title":"Piden devolver un celular clave para el tratamiento de un ni\u00f1o con diabetes en Santa Rosa - Diario Textual","og_description":"Una familia de Santa Rosa inici\u00f3 un urgente pedido de solidaridad para recuperar el celular de un ni\u00f1o de 6 a\u00f1os con diabetes tipo 1, ya que el dispositivo es&hellip;","og_url":"https:\/\/diariotextual.com\/inicio\/index.php\/2026\/04\/30\/piden-devolver-un-celular-clave-para-el-tratamiento-de-un-nino-con-diabetes-en-santa-rosa\/","og_site_name":"Diario Textual","article_publisher":"https:\/\/www.facebook.com\/eltextual","article_published_time":"2026-05-01T00:13:56+00:00","article_modified_time":"2026-05-01T00:57:59+00:00","og_image":[{"width":708,"height":401,"url":"https:\/\/diariotextual.com\/inicio\/wp-content\/uploads\/2018\/05\/llamadacelular187921.png","type":"image\/png"}],"author":"diario2","twitter_card":"summary_large_image","twitter_creator":"@eltextual","twitter_site":"@eltextual","twitter_misc":{"Escrito por":"diario2","Tiempo de lectura":"2 minutos"},"schema":{"@context":"https:\/\/schema.org","@graph":[{"@type":"Article","@id":"https:\/\/diariotextual.com\/inicio\/index.php\/2026\/04\/30\/piden-devolver-un-celular-clave-para-el-tratamiento-de-un-nino-con-diabetes-en-santa-rosa\/#article","isPartOf":{"@id":"https:\/\/diariotextual.com\/inicio\/index.php\/2026\/04\/30\/piden-devolver-un-celular-clave-para-el-tratamiento-de-un-nino-con-diabetes-en-santa-rosa\/"},"author":{"name":"diario2","@id":"https:\/\/diariotextual.com\/inicio\/#\/schema\/person\/694f60677f23c4a530867a98f22b3768"},"headline":"Piden devolver un celular clave para el tratamiento de un ni\u00f1o con diabetes en Santa Rosa","datePublished":"2026-05-01T00:13:56+00:00","dateModified":"2026-05-01T00:57:59+00:00","mainEntityOfPage":{"@id":"https:\/\/diariotextual.com\/inicio\/index.php\/2026\/04\/30\/piden-devolver-un-celular-clave-para-el-tratamiento-de-un-nino-con-diabetes-en-santa-rosa\/"},"wordCount":319,"publisher":{"@id":"https:\/\/diariotextual.com\/inicio\/#organization"},"image":{"@id":"https:\/\/diariotextual.com\/inicio\/index.php\/2026\/04\/30\/piden-devolver-un-celular-clave-para-el-tratamiento-de-un-nino-con-diabetes-en-santa-rosa\/#primaryimage"},"thumbnailUrl":"https:\/\/diariotextual.com\/inicio\/wp-content\/uploads\/2018\/05\/llamadacelular187921.png","articleSection":["A - ES NOTICIA (van abajo)","SOCIEDAD"],"inLanguage":"es"},{"@type":"WebPage","@id":"https:\/\/diariotextual.com\/inicio\/index.php\/2026\/04\/30\/piden-devolver-un-celular-clave-para-el-tratamiento-de-un-nino-con-diabetes-en-santa-rosa\/","url":"https:\/\/diariotextual.com\/inicio\/index.php\/2026\/04\/30\/piden-devolver-un-celular-clave-para-el-tratamiento-de-un-nino-con-diabetes-en-santa-rosa\/","name":"Piden devolver un celular clave para el tratamiento de un ni\u00f1o con diabetes en Santa Rosa - Diario Textual","isPartOf":{"@id":"https:\/\/diariotextual.com\/inicio\/#website"},"primaryImageOfPage":{"@id":"https:\/\/diariotextual.com\/inicio\/index.php\/2026\/04\/30\/piden-devolver-un-celular-clave-para-el-tratamiento-de-un-nino-con-diabetes-en-santa-rosa\/#primaryimage"},"image":{"@id":"https:\/\/diariotextual.com\/inicio\/index.php\/2026\/04\/30\/piden-devolver-un-celular-clave-para-el-tratamiento-de-un-nino-con-diabetes-en-santa-rosa\/#primaryimage"},"thumbnailUrl":"https:\/\/diariotextual.com\/inicio\/wp-content\/uploads\/2018\/05\/llamadacelular187921.png","datePublished":"2026-05-01T00:13:56+00:00","dateModified":"2026-05-01T00:57:59+00:00","breadcrumb":{"@id":"https:\/\/diariotextual.com\/inicio\/index.php\/2026\/04\/30\/piden-devolver-un-celular-clave-para-el-tratamiento-de-un-nino-con-diabetes-en-santa-rosa\/#breadcrumb"},"inLanguage":"es","potentialAction":[{"@type":"ReadAction","target":["https:\/\/diariotextual.com\/inicio\/index.php\/2026\/04\/30\/piden-devolver-un-celular-clave-para-el-tratamiento-de-un-nino-con-diabetes-en-santa-rosa\/"]}]},{"@type":"ImageObject","inLanguage":"es","@id":"https:\/\/diariotextual.com\/inicio\/index.php\/2026\/04\/30\/piden-devolver-un-celular-clave-para-el-tratamiento-de-un-nino-con-diabetes-en-santa-rosa\/#primaryimage","url":"https:\/\/diariotextual.com\/inicio\/wp-content\/uploads\/2018\/05\/llamadacelular187921.png","contentUrl":"https:\/\/diariotextual.com\/inicio\/wp-content\/uploads\/2018\/05\/llamadacelular187921.png","width":708,"height":401},{"@type":"BreadcrumbList","@id":"https:\/\/diariotextual.com\/inicio\/index.php\/2026\/04\/30\/piden-devolver-un-celular-clave-para-el-tratamiento-de-un-nino-con-diabetes-en-santa-rosa\/#breadcrumb","itemListElement":[{"@type":"ListItem","position":1,"name":"Portada","item":"https:\/\/diariotextual.com\/inicio\/"},{"@type":"ListItem","position":2,"name":"Piden devolver un celular clave para el tratamiento de un ni\u00f1o con diabetes en Santa Rosa"}]},{"@type":"WebSite","@id":"https:\/\/diariotextual.com\/inicio\/#website","url":"https:\/\/diariotextual.com\/inicio\/","name":"Diario Textual","description":"","publisher":{"@id":"https:\/\/diariotextual.com\/inicio\/#organization"},"potentialAction":[{"@type":"SearchAction","target":{"@type":"EntryPoint","urlTemplate":"https:\/\/diariotextual.com\/inicio\/?s={search_term_string}"},"query-input":{"@type":"PropertyValueSpecification","valueRequired":true,"valueName":"search_term_string"}}],"inLanguage":"es"},{"@type":"Organization","@id":"https:\/\/diariotextual.com\/inicio\/#organization","name":"Diario Textual","url":"https:\/\/diariotextual.com\/inicio\/","logo":{"@type":"ImageObject","inLanguage":"es","@id":"https:\/\/diariotextual.com\/inicio\/#\/schema\/logo\/image\/","url":"https:\/\/diariotextual.com\/inicio\/wp-content\/uploads\/2023\/05\/logotextual1.jpg","contentUrl":"https:\/\/diariotextual.com\/inicio\/wp-content\/uploads\/2023\/05\/logotextual1.jpg","width":516,"height":76,"caption":"Diario Textual"},"image":{"@id":"https:\/\/diariotextual.com\/inicio\/#\/schema\/logo\/image\/"},"sameAs":["https:\/\/www.facebook.com\/eltextual","https:\/\/x.com\/eltextual","http:\/\/www.instagram.com\/eltextual"]},{"@type":"Person","@id":"https:\/\/diariotextual.com\/inicio\/#\/schema\/person\/694f60677f23c4a530867a98f22b3768","name":"diario2","image":{"@type":"ImageObject","inLanguage":"es","@id":"https:\/\/secure.gravatar.com\/avatar\/5a2567495ba16b852fcd8f1ed006a2e24fcace936018ed8237e95f488ad6e0a7?s=96&d=mm&r=g","url":"https:\/\/secure.gravatar.com\/avatar\/5a2567495ba16b852fcd8f1ed006a2e24fcace936018ed8237e95f488ad6e0a7?s=96&d=mm&r=g","contentUrl":"https:\/\/secure.gravatar.com\/avatar\/5a2567495ba16b852fcd8f1ed006a2e24fcace936018ed8237e95f488ad6e0a7?s=96&d=mm&r=g","caption":"diario2"},"url":"https:\/\/diariotextual.com\/inicio\/index.php\/author\/diario2\/"}]}},"_links":{"self":[{"href":"https:\/\/diariotextual.com\/inicio\/index.php\/wp-json\/wp\/v2\/posts\/326116","targetHints":{"allow":["GET"]}}],"collection":[{"href":"https:\/\/diariotextual.com\/inicio\/index.php\/wp-json\/wp\/v2\/posts"}],"about":[{"href":"https:\/\/diariotextual.com\/inicio\/index.php\/wp-json\/wp\/v2\/types\/post"}],"author":[{"embeddable":true,"href":"https:\/\/diariotextual.com\/inicio\/index.php\/wp-json\/wp\/v2\/users\/4"}],"replies":[{"embeddable":true,"href":"https:\/\/diariotextual.com\/inicio\/index.php\/wp-json\/wp\/v2\/comments?post=326116"}],"version-history":[{"count":2,"href":"https:\/\/diariotextual.com\/inicio\/index.php\/wp-json\/wp\/v2\/posts\/326116\/revisions"}],"predecessor-version":[{"id":326119,"href":"https:\/\/diariotextual.com\/inicio\/index.php\/wp-json\/wp\/v2\/posts\/326116\/revisions\/326119"}],"wp:featuredmedia":[{"embeddable":true,"href":"https:\/\/diariotextual.com\/inicio\/index.php\/wp-json\/wp\/v2\/media\/8251"}],"wp:attachment":[{"href":"https:\/\/diariotextual.com\/inicio\/index.php\/wp-json\/wp\/v2\/media?parent=326116"}],"wp:term":[{"taxonomy":"category","embeddable":true,"href":"https:\/\/diariotextual.com\/inicio\/index.php\/wp-json\/wp\/v2\/categories?post=326116"},{"taxonomy":"post_tag","embeddable":true,"href":"https:\/\/diariotextual.com\/inicio\/index.php\/wp-json\/wp\/v2\/tags?post=326116"}],"curies":[{"name":"wp","href":"https:\/\/api.w.org\/{rel}","templated":true}]}}