{"id":326133,"date":"2026-05-01T10:10:33","date_gmt":"2026-05-01T13:10:33","guid":{"rendered":"https:\/\/diariotextual.com\/inicio\/?p=326133"},"modified":"2026-05-01T12:49:56","modified_gmt":"2026-05-01T15:49:56","slug":"el-gobierno-reabrira-la-sala-de-periodistas-en-casa-rosada-y-adorni-brindara-una-conferencia","status":"publish","type":"post","link":"https:\/\/diariotextual.com\/inicio\/index.php\/2026\/05\/01\/el-gobierno-reabrira-la-sala-de-periodistas-en-casa-rosada-y-adorni-brindara-una-conferencia\/","title":{"rendered":"El Gobierno reabrir\u00e1 la sala de periodistas en Casa Rosada y Adorni brindar\u00e1 una conferencia"},"content":{"rendered":"\n<p>El Gobierno nacional resolvi\u00f3 <strong>reabrir la sala de prensa de la Casa Rosada<\/strong> a partir del pr\u00f3ximo lunes 4 de mayo, una semana despu\u00e9s de haber dispuesto su cierre. La medida coincidir\u00e1 con el regreso del <strong>jefe de Gabinete, Manuel Adorni<\/strong>, a las conferencias, en un contexto de creciente tensi\u00f3n entre la administraci\u00f3n y el periodismo.<\/p>\n\n\n\n<p>El funcionario, que el mi\u00e9rcoles present\u00f3 su informe de gesti\u00f3n ante la C\u00e1mara de Diputados, retomar\u00e1 el contacto con la prensa ese mismo lunes a las 11. Su vuelta se produce mientras enfrenta <strong>investigaciones judiciales por presunto enriquecimiento il\u00edcito<\/strong>, que se encuentran en etapa preliminar.<\/p>\n\n\n\n<p>La sala permanec\u00eda cerrada desde el 23 de abril, cuando Casa Militar dispuso su clausura luego de presentar una denuncia formal contra un programa de televisi\u00f3n.<\/p>\n\n\n\n<div style=\"height:100px\" aria-hidden=\"true\" class=\"wp-block-spacer\"><\/div>\n\n\n\n<p><strong>Las razones del cierre en abril<\/strong><\/p>\n\n\n\n<p>La denuncia de Casa Militar, \u00e1rea encargada de la seguridad presidencial, apunt\u00f3 contra un programa de Todo Noticias que habr\u00eda filmado en sectores no habilitados dentro de la Casa de Gobierno.<\/p>\n\n\n\n<p>Seg\u00fan las autoridades, el equipo period\u00edstico ingres\u00f3 a <strong>zonas restringidas<\/strong> y vulner\u00f3 los protocolos de seguridad establecidos. La decisi\u00f3n de cerrar la sala gener\u00f3 cuestionamientos en el \u00e1mbito period\u00edstico, donde distintos gremios y organizaciones criticaron la medida por considerarla desproporcionada frente a la acci\u00f3n de un solo medio.<\/p>\n\n\n\n<div style=\"height:100px\" aria-hidden=\"true\" class=\"wp-block-spacer\"><\/div>\n\n\n\n<p><strong>El regreso de Adorni y el frente judicial<\/strong><\/p>\n\n\n\n<p>El retorno del vocero se dar\u00e1 en paralelo al avance de las causas en su contra. A pesar de las denuncias, el Gobierno confirm\u00f3 que continuar\u00e1 en funciones como portavoz en las conferencias habituales.<\/p>\n\n\n\n<p>La reapertura de la sala marca el fin de las restricciones para los periodistas acreditados, que podr\u00e1n volver a desempe\u00f1ar sus tareas en el espacio habitual de la Casa Rosada.<\/p>\n\n\n\n<p>El lunes, Adorni enfrentar\u00e1 nuevamente preguntas de la prensa luego de varias semanas sin conferencias, en un escenario atravesado por la normalizaci\u00f3n del acceso period\u00edstico y la atenci\u00f3n sobre su situaci\u00f3n judicial.<\/p>\n\n\n\n<div style=\"height:100px\" aria-hidden=\"true\" class=\"wp-block-spacer\"><\/div>\n\n\n\n<p><strong>La explicaci\u00f3n de Geuna sobre el informe<\/strong><\/p>\n\n\n\n<p>La periodista <strong>Luciana Geuna<\/strong> explic\u00f3 el origen del informe televisivo realizado dentro de la Casa Rosada con lentes inteligentes, que deriv\u00f3 en la denuncia de Casa Militar por presunto espionaje ilegal.<\/p>\n\n\n\n<p>La conductora sostuvo que la iniciativa buscaba ofrecer una mirada distinta sobre la din\u00e1mica interna. \u201cHace un par de semanas tuve una idea para que Nacho (Salerno) cuente la interna pol\u00edtica de una manera m\u00e1s visual, desde los pasillos de uso com\u00fan de la Rosada\u201d, afirm\u00f3.<\/p>\n\n\n\n<p>Tambi\u00e9n remarc\u00f3 que el informe pretend\u00eda ser <strong>\u201catractivo e inocente\u201d<\/strong>, sin registrar im\u00e1genes prohibidas. \u201cNo fue una grabaci\u00f3n clandestina\u201d, se\u00f1al\u00f3, y asegur\u00f3 que el material hab\u00eda sido autorizado previamente.<\/p>\n\n\n\n<p>Geuna cuestion\u00f3 adem\u00e1s el cierre de la sala de prensa. \u201cHoy la sala de prensa de la Casa Rosada est\u00e1 cerrada. Es grav\u00edsimo. No hay ning\u00fan argumento que sostenga que es una decisi\u00f3n vinculada a ese informe. Es una decisi\u00f3n pol\u00edtica que interpela a quienes creemos en la libertad de expresi\u00f3n y en la democracia\u201d, expres\u00f3.<\/p>\n\n\n\n<p><\/p>\n","protected":false},"excerpt":{"rendered":"<p>El Gobierno nacional resolvi\u00f3 reabrir la sala de prensa de la Casa Rosada a partir del pr\u00f3ximo lunes 4 de mayo, una semana despu\u00e9s de haber dispuesto su cierre. La&hellip;<\/p>\n","protected":false},"author":3,"featured_media":247492,"comment_status":"closed","ping_status":"open","sticky":false,"template":"","format":"standard","meta":{"_acf_changed":false,"footnotes":""},"categories":[1,8],"tags":[],"class_list":["post-326133","post","type-post","status-publish","format-standard","has-post-thumbnail","hentry","category-es-noticia","category-politica"],"acf":[],"yoast_head":"<!-- This site is optimized with the Yoast SEO plugin v27.5 - https:\/\/yoast.com\/product\/yoast-seo-wordpress\/ -->\n<title>El Gobierno reabrir\u00e1 la sala de periodistas en Casa Rosada y Adorni brindar\u00e1 una conferencia - Diario Textual<\/title>\n<meta name=\"robots\" content=\"index, follow, max-snippet:-1, max-image-preview:large, max-video-preview:-1\" \/>\n<link rel=\"canonical\" href=\"https:\/\/diariotextual.com\/inicio\/index.php\/2026\/05\/01\/el-gobierno-reabrira-la-sala-de-periodistas-en-casa-rosada-y-adorni-brindara-una-conferencia\/\" \/>\n<meta property=\"og:locale\" content=\"es_ES\" \/>\n<meta property=\"og:type\" content=\"article\" \/>\n<meta property=\"og:title\" content=\"El Gobierno reabrir\u00e1 la sala de periodistas en Casa Rosada y Adorni brindar\u00e1 una conferencia - Diario Textual\" \/>\n<meta property=\"og:description\" content=\"El Gobierno nacional resolvi\u00f3 reabrir la sala de prensa de la Casa Rosada a partir del pr\u00f3ximo lunes 4 de mayo, una semana despu\u00e9s de haber dispuesto su cierre. La&hellip;\" \/>\n<meta property=\"og:url\" content=\"https:\/\/diariotextual.com\/inicio\/index.php\/2026\/05\/01\/el-gobierno-reabrira-la-sala-de-periodistas-en-casa-rosada-y-adorni-brindara-una-conferencia\/\" \/>\n<meta property=\"og:site_name\" content=\"Diario Textual\" \/>\n<meta property=\"article:publisher\" content=\"https:\/\/www.facebook.com\/eltextual\" \/>\n<meta property=\"article:published_time\" content=\"2026-05-01T13:10:33+00:00\" \/>\n<meta property=\"article:modified_time\" content=\"2026-05-01T15:49:56+00:00\" \/>\n<meta property=\"og:image\" content=\"https:\/\/diariotextual.com\/inicio\/wp-content\/uploads\/2023\/12\/adornivoceropresidencial.jpg\" \/>\n\t<meta property=\"og:image:width\" content=\"1200\" \/>\n\t<meta property=\"og:image:height\" content=\"675\" \/>\n\t<meta property=\"og:image:type\" content=\"image\/jpeg\" \/>\n<meta name=\"author\" content=\"Diario1 Diario1\" \/>\n<meta name=\"twitter:card\" content=\"summary_large_image\" \/>\n<meta name=\"twitter:creator\" content=\"@eltextual\" \/>\n<meta name=\"twitter:site\" content=\"@eltextual\" \/>\n<meta name=\"twitter:label1\" content=\"Escrito por\" \/>\n\t<meta name=\"twitter:data1\" content=\"Diario1 Diario1\" \/>\n\t<meta name=\"twitter:label2\" content=\"Tiempo de lectura\" \/>\n\t<meta name=\"twitter:data2\" content=\"3 minutos\" \/>\n<script type=\"application\/ld+json\" class=\"yoast-schema-graph\">{\"@context\":\"https:\\\/\\\/schema.org\",\"@graph\":[{\"@type\":\"Article\",\"@id\":\"https:\\\/\\\/diariotextual.com\\\/inicio\\\/index.php\\\/2026\\\/05\\\/01\\\/el-gobierno-reabrira-la-sala-de-periodistas-en-casa-rosada-y-adorni-brindara-una-conferencia\\\/#article\",\"isPartOf\":{\"@id\":\"https:\\\/\\\/diariotextual.com\\\/inicio\\\/index.php\\\/2026\\\/05\\\/01\\\/el-gobierno-reabrira-la-sala-de-periodistas-en-casa-rosada-y-adorni-brindara-una-conferencia\\\/\"},\"author\":{\"name\":\"Diario1 Diario1\",\"@id\":\"https:\\\/\\\/diariotextual.com\\\/inicio\\\/#\\\/schema\\\/person\\\/418fc4093c33e86ed41562db3508f958\"},\"headline\":\"El Gobierno reabrir\u00e1 la sala de periodistas en Casa Rosada y Adorni brindar\u00e1 una conferencia\",\"datePublished\":\"2026-05-01T13:10:33+00:00\",\"dateModified\":\"2026-05-01T15:49:56+00:00\",\"mainEntityOfPage\":{\"@id\":\"https:\\\/\\\/diariotextual.com\\\/inicio\\\/index.php\\\/2026\\\/05\\\/01\\\/el-gobierno-reabrira-la-sala-de-periodistas-en-casa-rosada-y-adorni-brindara-una-conferencia\\\/\"},\"wordCount\":537,\"publisher\":{\"@id\":\"https:\\\/\\\/diariotextual.com\\\/inicio\\\/#organization\"},\"image\":{\"@id\":\"https:\\\/\\\/diariotextual.com\\\/inicio\\\/index.php\\\/2026\\\/05\\\/01\\\/el-gobierno-reabrira-la-sala-de-periodistas-en-casa-rosada-y-adorni-brindara-una-conferencia\\\/#primaryimage\"},\"thumbnailUrl\":\"https:\\\/\\\/diariotextual.com\\\/inicio\\\/wp-content\\\/uploads\\\/2023\\\/12\\\/adornivoceropresidencial.jpg\",\"articleSection\":[\"A - ES NOTICIA (van abajo)\",\"POLITICA\"],\"inLanguage\":\"es\"},{\"@type\":\"WebPage\",\"@id\":\"https:\\\/\\\/diariotextual.com\\\/inicio\\\/index.php\\\/2026\\\/05\\\/01\\\/el-gobierno-reabrira-la-sala-de-periodistas-en-casa-rosada-y-adorni-brindara-una-conferencia\\\/\",\"url\":\"https:\\\/\\\/diariotextual.com\\\/inicio\\\/index.php\\\/2026\\\/05\\\/01\\\/el-gobierno-reabrira-la-sala-de-periodistas-en-casa-rosada-y-adorni-brindara-una-conferencia\\\/\",\"name\":\"El Gobierno reabrir\u00e1 la sala de periodistas en Casa Rosada y Adorni brindar\u00e1 una conferencia - Diario Textual\",\"isPartOf\":{\"@id\":\"https:\\\/\\\/diariotextual.com\\\/inicio\\\/#website\"},\"primaryImageOfPage\":{\"@id\":\"https:\\\/\\\/diariotextual.com\\\/inicio\\\/index.php\\\/2026\\\/05\\\/01\\\/el-gobierno-reabrira-la-sala-de-periodistas-en-casa-rosada-y-adorni-brindara-una-conferencia\\\/#primaryimage\"},\"image\":{\"@id\":\"https:\\\/\\\/diariotextual.com\\\/inicio\\\/index.php\\\/2026\\\/05\\\/01\\\/el-gobierno-reabrira-la-sala-de-periodistas-en-casa-rosada-y-adorni-brindara-una-conferencia\\\/#primaryimage\"},\"thumbnailUrl\":\"https:\\\/\\\/diariotextual.com\\\/inicio\\\/wp-content\\\/uploads\\\/2023\\\/12\\\/adornivoceropresidencial.jpg\",\"datePublished\":\"2026-05-01T13:10:33+00:00\",\"dateModified\":\"2026-05-01T15:49:56+00:00\",\"breadcrumb\":{\"@id\":\"https:\\\/\\\/diariotextual.com\\\/inicio\\\/index.php\\\/2026\\\/05\\\/01\\\/el-gobierno-reabrira-la-sala-de-periodistas-en-casa-rosada-y-adorni-brindara-una-conferencia\\\/#breadcrumb\"},\"inLanguage\":\"es\",\"potentialAction\":[{\"@type\":\"ReadAction\",\"target\":[\"https:\\\/\\\/diariotextual.com\\\/inicio\\\/index.php\\\/2026\\\/05\\\/01\\\/el-gobierno-reabrira-la-sala-de-periodistas-en-casa-rosada-y-adorni-brindara-una-conferencia\\\/\"]}]},{\"@type\":\"ImageObject\",\"inLanguage\":\"es\",\"@id\":\"https:\\\/\\\/diariotextual.com\\\/inicio\\\/index.php\\\/2026\\\/05\\\/01\\\/el-gobierno-reabrira-la-sala-de-periodistas-en-casa-rosada-y-adorni-brindara-una-conferencia\\\/#primaryimage\",\"url\":\"https:\\\/\\\/diariotextual.com\\\/inicio\\\/wp-content\\\/uploads\\\/2023\\\/12\\\/adornivoceropresidencial.jpg\",\"contentUrl\":\"https:\\\/\\\/diariotextual.com\\\/inicio\\\/wp-content\\\/uploads\\\/2023\\\/12\\\/adornivoceropresidencial.jpg\",\"width\":1200,\"height\":675},{\"@type\":\"BreadcrumbList\",\"@id\":\"https:\\\/\\\/diariotextual.com\\\/inicio\\\/index.php\\\/2026\\\/05\\\/01\\\/el-gobierno-reabrira-la-sala-de-periodistas-en-casa-rosada-y-adorni-brindara-una-conferencia\\\/#breadcrumb\",\"itemListElement\":[{\"@type\":\"ListItem\",\"position\":1,\"name\":\"Portada\",\"item\":\"https:\\\/\\\/diariotextual.com\\\/inicio\\\/\"},{\"@type\":\"ListItem\",\"position\":2,\"name\":\"El Gobierno reabrir\u00e1 la sala de periodistas en Casa Rosada y Adorni brindar\u00e1 una conferencia\"}]},{\"@type\":\"WebSite\",\"@id\":\"https:\\\/\\\/diariotextual.com\\\/inicio\\\/#website\",\"url\":\"https:\\\/\\\/diariotextual.com\\\/inicio\\\/\",\"name\":\"Diario Textual\",\"description\":\"\",\"publisher\":{\"@id\":\"https:\\\/\\\/diariotextual.com\\\/inicio\\\/#organization\"},\"potentialAction\":[{\"@type\":\"SearchAction\",\"target\":{\"@type\":\"EntryPoint\",\"urlTemplate\":\"https:\\\/\\\/diariotextual.com\\\/inicio\\\/?s={search_term_string}\"},\"query-input\":{\"@type\":\"PropertyValueSpecification\",\"valueRequired\":true,\"valueName\":\"search_term_string\"}}],\"inLanguage\":\"es\"},{\"@type\":\"Organization\",\"@id\":\"https:\\\/\\\/diariotextual.com\\\/inicio\\\/#organization\",\"name\":\"Diario Textual\",\"url\":\"https:\\\/\\\/diariotextual.com\\\/inicio\\\/\",\"logo\":{\"@type\":\"ImageObject\",\"inLanguage\":\"es\",\"@id\":\"https:\\\/\\\/diariotextual.com\\\/inicio\\\/#\\\/schema\\\/logo\\\/image\\\/\",\"url\":\"https:\\\/\\\/diariotextual.com\\\/inicio\\\/wp-content\\\/uploads\\\/2023\\\/05\\\/logotextual1.jpg\",\"contentUrl\":\"https:\\\/\\\/diariotextual.com\\\/inicio\\\/wp-content\\\/uploads\\\/2023\\\/05\\\/logotextual1.jpg\",\"width\":516,\"height\":76,\"caption\":\"Diario Textual\"},\"image\":{\"@id\":\"https:\\\/\\\/diariotextual.com\\\/inicio\\\/#\\\/schema\\\/logo\\\/image\\\/\"},\"sameAs\":[\"https:\\\/\\\/www.facebook.com\\\/eltextual\",\"https:\\\/\\\/x.com\\\/eltextual\",\"http:\\\/\\\/www.instagram.com\\\/eltextual\"]},{\"@type\":\"Person\",\"@id\":\"https:\\\/\\\/diariotextual.com\\\/inicio\\\/#\\\/schema\\\/person\\\/418fc4093c33e86ed41562db3508f958\",\"name\":\"Diario1 Diario1\",\"image\":{\"@type\":\"ImageObject\",\"inLanguage\":\"es\",\"@id\":\"https:\\\/\\\/secure.gravatar.com\\\/avatar\\\/9167d280179c85bc18be67aa7eda765854300033af4896dd779b608640f2ef7a?s=96&d=mm&r=g\",\"url\":\"https:\\\/\\\/secure.gravatar.com\\\/avatar\\\/9167d280179c85bc18be67aa7eda765854300033af4896dd779b608640f2ef7a?s=96&d=mm&r=g\",\"contentUrl\":\"https:\\\/\\\/secure.gravatar.com\\\/avatar\\\/9167d280179c85bc18be67aa7eda765854300033af4896dd779b608640f2ef7a?s=96&d=mm&r=g\",\"caption\":\"Diario1 Diario1\"},\"url\":\"https:\\\/\\\/diariotextual.com\\\/inicio\\\/index.php\\\/author\\\/diario1\\\/\"}]}<\/script>\n<!-- \/ Yoast SEO plugin. -->","yoast_head_json":{"title":"El Gobierno reabrir\u00e1 la sala de periodistas en Casa Rosada y Adorni brindar\u00e1 una conferencia - Diario Textual","robots":{"index":"index","follow":"follow","max-snippet":"max-snippet:-1","max-image-preview":"max-image-preview:large","max-video-preview":"max-video-preview:-1"},"canonical":"https:\/\/diariotextual.com\/inicio\/index.php\/2026\/05\/01\/el-gobierno-reabrira-la-sala-de-periodistas-en-casa-rosada-y-adorni-brindara-una-conferencia\/","og_locale":"es_ES","og_type":"article","og_title":"El Gobierno reabrir\u00e1 la sala de periodistas en Casa Rosada y Adorni brindar\u00e1 una conferencia - Diario Textual","og_description":"El Gobierno nacional resolvi\u00f3 reabrir la sala de prensa de la Casa Rosada a partir del pr\u00f3ximo lunes 4 de mayo, una semana despu\u00e9s de haber dispuesto su cierre. La&hellip;","og_url":"https:\/\/diariotextual.com\/inicio\/index.php\/2026\/05\/01\/el-gobierno-reabrira-la-sala-de-periodistas-en-casa-rosada-y-adorni-brindara-una-conferencia\/","og_site_name":"Diario Textual","article_publisher":"https:\/\/www.facebook.com\/eltextual","article_published_time":"2026-05-01T13:10:33+00:00","article_modified_time":"2026-05-01T15:49:56+00:00","og_image":[{"width":1200,"height":675,"url":"https:\/\/diariotextual.com\/inicio\/wp-content\/uploads\/2023\/12\/adornivoceropresidencial.jpg","type":"image\/jpeg"}],"author":"Diario1 Diario1","twitter_card":"summary_large_image","twitter_creator":"@eltextual","twitter_site":"@eltextual","twitter_misc":{"Escrito por":"Diario1 Diario1","Tiempo de lectura":"3 minutos"},"schema":{"@context":"https:\/\/schema.org","@graph":[{"@type":"Article","@id":"https:\/\/diariotextual.com\/inicio\/index.php\/2026\/05\/01\/el-gobierno-reabrira-la-sala-de-periodistas-en-casa-rosada-y-adorni-brindara-una-conferencia\/#article","isPartOf":{"@id":"https:\/\/diariotextual.com\/inicio\/index.php\/2026\/05\/01\/el-gobierno-reabrira-la-sala-de-periodistas-en-casa-rosada-y-adorni-brindara-una-conferencia\/"},"author":{"name":"Diario1 Diario1","@id":"https:\/\/diariotextual.com\/inicio\/#\/schema\/person\/418fc4093c33e86ed41562db3508f958"},"headline":"El Gobierno reabrir\u00e1 la sala de periodistas en Casa Rosada y Adorni brindar\u00e1 una conferencia","datePublished":"2026-05-01T13:10:33+00:00","dateModified":"2026-05-01T15:49:56+00:00","mainEntityOfPage":{"@id":"https:\/\/diariotextual.com\/inicio\/index.php\/2026\/05\/01\/el-gobierno-reabrira-la-sala-de-periodistas-en-casa-rosada-y-adorni-brindara-una-conferencia\/"},"wordCount":537,"publisher":{"@id":"https:\/\/diariotextual.com\/inicio\/#organization"},"image":{"@id":"https:\/\/diariotextual.com\/inicio\/index.php\/2026\/05\/01\/el-gobierno-reabrira-la-sala-de-periodistas-en-casa-rosada-y-adorni-brindara-una-conferencia\/#primaryimage"},"thumbnailUrl":"https:\/\/diariotextual.com\/inicio\/wp-content\/uploads\/2023\/12\/adornivoceropresidencial.jpg","articleSection":["A - ES NOTICIA (van abajo)","POLITICA"],"inLanguage":"es"},{"@type":"WebPage","@id":"https:\/\/diariotextual.com\/inicio\/index.php\/2026\/05\/01\/el-gobierno-reabrira-la-sala-de-periodistas-en-casa-rosada-y-adorni-brindara-una-conferencia\/","url":"https:\/\/diariotextual.com\/inicio\/index.php\/2026\/05\/01\/el-gobierno-reabrira-la-sala-de-periodistas-en-casa-rosada-y-adorni-brindara-una-conferencia\/","name":"El Gobierno reabrir\u00e1 la sala de periodistas en Casa Rosada y Adorni brindar\u00e1 una conferencia - Diario Textual","isPartOf":{"@id":"https:\/\/diariotextual.com\/inicio\/#website"},"primaryImageOfPage":{"@id":"https:\/\/diariotextual.com\/inicio\/index.php\/2026\/05\/01\/el-gobierno-reabrira-la-sala-de-periodistas-en-casa-rosada-y-adorni-brindara-una-conferencia\/#primaryimage"},"image":{"@id":"https:\/\/diariotextual.com\/inicio\/index.php\/2026\/05\/01\/el-gobierno-reabrira-la-sala-de-periodistas-en-casa-rosada-y-adorni-brindara-una-conferencia\/#primaryimage"},"thumbnailUrl":"https:\/\/diariotextual.com\/inicio\/wp-content\/uploads\/2023\/12\/adornivoceropresidencial.jpg","datePublished":"2026-05-01T13:10:33+00:00","dateModified":"2026-05-01T15:49:56+00:00","breadcrumb":{"@id":"https:\/\/diariotextual.com\/inicio\/index.php\/2026\/05\/01\/el-gobierno-reabrira-la-sala-de-periodistas-en-casa-rosada-y-adorni-brindara-una-conferencia\/#breadcrumb"},"inLanguage":"es","potentialAction":[{"@type":"ReadAction","target":["https:\/\/diariotextual.com\/inicio\/index.php\/2026\/05\/01\/el-gobierno-reabrira-la-sala-de-periodistas-en-casa-rosada-y-adorni-brindara-una-conferencia\/"]}]},{"@type":"ImageObject","inLanguage":"es","@id":"https:\/\/diariotextual.com\/inicio\/index.php\/2026\/05\/01\/el-gobierno-reabrira-la-sala-de-periodistas-en-casa-rosada-y-adorni-brindara-una-conferencia\/#primaryimage","url":"https:\/\/diariotextual.com\/inicio\/wp-content\/uploads\/2023\/12\/adornivoceropresidencial.jpg","contentUrl":"https:\/\/diariotextual.com\/inicio\/wp-content\/uploads\/2023\/12\/adornivoceropresidencial.jpg","width":1200,"height":675},{"@type":"BreadcrumbList","@id":"https:\/\/diariotextual.com\/inicio\/index.php\/2026\/05\/01\/el-gobierno-reabrira-la-sala-de-periodistas-en-casa-rosada-y-adorni-brindara-una-conferencia\/#breadcrumb","itemListElement":[{"@type":"ListItem","position":1,"name":"Portada","item":"https:\/\/diariotextual.com\/inicio\/"},{"@type":"ListItem","position":2,"name":"El Gobierno reabrir\u00e1 la sala de periodistas en Casa Rosada y Adorni brindar\u00e1 una conferencia"}]},{"@type":"WebSite","@id":"https:\/\/diariotextual.com\/inicio\/#website","url":"https:\/\/diariotextual.com\/inicio\/","name":"Diario Textual","description":"","publisher":{"@id":"https:\/\/diariotextual.com\/inicio\/#organization"},"potentialAction":[{"@type":"SearchAction","target":{"@type":"EntryPoint","urlTemplate":"https:\/\/diariotextual.com\/inicio\/?s={search_term_string}"},"query-input":{"@type":"PropertyValueSpecification","valueRequired":true,"valueName":"search_term_string"}}],"inLanguage":"es"},{"@type":"Organization","@id":"https:\/\/diariotextual.com\/inicio\/#organization","name":"Diario Textual","url":"https:\/\/diariotextual.com\/inicio\/","logo":{"@type":"ImageObject","inLanguage":"es","@id":"https:\/\/diariotextual.com\/inicio\/#\/schema\/logo\/image\/","url":"https:\/\/diariotextual.com\/inicio\/wp-content\/uploads\/2023\/05\/logotextual1.jpg","contentUrl":"https:\/\/diariotextual.com\/inicio\/wp-content\/uploads\/2023\/05\/logotextual1.jpg","width":516,"height":76,"caption":"Diario Textual"},"image":{"@id":"https:\/\/diariotextual.com\/inicio\/#\/schema\/logo\/image\/"},"sameAs":["https:\/\/www.facebook.com\/eltextual","https:\/\/x.com\/eltextual","http:\/\/www.instagram.com\/eltextual"]},{"@type":"Person","@id":"https:\/\/diariotextual.com\/inicio\/#\/schema\/person\/418fc4093c33e86ed41562db3508f958","name":"Diario1 Diario1","image":{"@type":"ImageObject","inLanguage":"es","@id":"https:\/\/secure.gravatar.com\/avatar\/9167d280179c85bc18be67aa7eda765854300033af4896dd779b608640f2ef7a?s=96&d=mm&r=g","url":"https:\/\/secure.gravatar.com\/avatar\/9167d280179c85bc18be67aa7eda765854300033af4896dd779b608640f2ef7a?s=96&d=mm&r=g","contentUrl":"https:\/\/secure.gravatar.com\/avatar\/9167d280179c85bc18be67aa7eda765854300033af4896dd779b608640f2ef7a?s=96&d=mm&r=g","caption":"Diario1 Diario1"},"url":"https:\/\/diariotextual.com\/inicio\/index.php\/author\/diario1\/"}]}},"_links":{"self":[{"href":"https:\/\/diariotextual.com\/inicio\/index.php\/wp-json\/wp\/v2\/posts\/326133","targetHints":{"allow":["GET"]}}],"collection":[{"href":"https:\/\/diariotextual.com\/inicio\/index.php\/wp-json\/wp\/v2\/posts"}],"about":[{"href":"https:\/\/diariotextual.com\/inicio\/index.php\/wp-json\/wp\/v2\/types\/post"}],"author":[{"embeddable":true,"href":"https:\/\/diariotextual.com\/inicio\/index.php\/wp-json\/wp\/v2\/users\/3"}],"replies":[{"embeddable":true,"href":"https:\/\/diariotextual.com\/inicio\/index.php\/wp-json\/wp\/v2\/comments?post=326133"}],"version-history":[{"count":2,"href":"https:\/\/diariotextual.com\/inicio\/index.php\/wp-json\/wp\/v2\/posts\/326133\/revisions"}],"predecessor-version":[{"id":326138,"href":"https:\/\/diariotextual.com\/inicio\/index.php\/wp-json\/wp\/v2\/posts\/326133\/revisions\/326138"}],"wp:featuredmedia":[{"embeddable":true,"href":"https:\/\/diariotextual.com\/inicio\/index.php\/wp-json\/wp\/v2\/media\/247492"}],"wp:attachment":[{"href":"https:\/\/diariotextual.com\/inicio\/index.php\/wp-json\/wp\/v2\/media?parent=326133"}],"wp:term":[{"taxonomy":"category","embeddable":true,"href":"https:\/\/diariotextual.com\/inicio\/index.php\/wp-json\/wp\/v2\/categories?post=326133"},{"taxonomy":"post_tag","embeddable":true,"href":"https:\/\/diariotextual.com\/inicio\/index.php\/wp-json\/wp\/v2\/tags?post=326133"}],"curies":[{"name":"wp","href":"https:\/\/api.w.org\/{rel}","templated":true}]}}