{"id":326150,"date":"2026-05-01T12:49:43","date_gmt":"2026-05-01T15:49:43","guid":{"rendered":"https:\/\/diariotextual.com\/inicio\/?p=326150"},"modified":"2026-05-01T12:49:45","modified_gmt":"2026-05-01T15:49:45","slug":"adorni-dijo-que-la-causa-sobre-los-departamentos-no-tiene-gollete-y-que-quedara-demostrado-en-la-justicia","status":"publish","type":"post","link":"https:\/\/diariotextual.com\/inicio\/index.php\/2026\/05\/01\/adorni-dijo-que-la-causa-sobre-los-departamentos-no-tiene-gollete-y-que-quedara-demostrado-en-la-justicia\/","title":{"rendered":"Adorni dijo que la causa sobre los departamentos \u201cno tiene gollete\u201d y que quedar\u00e1 demostrado en la Justicia"},"content":{"rendered":"\n<p>El jefe de Gabinete,&nbsp;<strong>Manuel Adorni<\/strong>, afirm\u00f3 que la causa en la que se lo investiga por compras de departamentos \u201c<strong>no tiene gollete<\/strong>\u201d y asegur\u00f3 que no conoce Disney, en respuesta a una nueva denuncia realizada por el diputado Rodolfo Tailhade.<\/p>\n\n\n\n<p>\u201cLa causa no tiene gollete y no va a prosperar de culpabilidad. Es una causa que no tiene ning\u00fan sustento. No quiero pecar en entrar a interferir en la causa, pero no solo que no soy culpable, sino que va a quedar todo demostrado en la Justicia\u201d, dijo Adorni en declaraciones a El Observador.&nbsp;<\/p>\n\n\n\n<p>El mi\u00e9rcoles pasado se present\u00f3 ante Diputados para exponer el informe de gesti\u00f3n de gobierno. \u201c<strong>En el medio hubo un mont\u00f3n mentiras. Yo dije &#8216;guarda que est\u00e1n sacando conclusiones equivocadas&#8217;<\/strong>\u201d, resalto.<\/p>\n\n\n\n<p>\u201cEstuvieron diciendo que fui a Disney. No conozco, no fui nunca\u201d, dijo en referencia a la nueva denuncia de Tailhade. \u201cDijeron que en 2024 estuve en R\u00edo, y hace 15 a\u00f1os no voy a R\u00edo. Dijeron que me fui a Aruba en primera clase y no chequearon que en ese vuelo no hab\u00eda primera clase\u201d.<\/p>\n\n\n\n<p>\u201cLas explicaciones hay que darlas en la Justicia. No tengo que justificar cosas que no est\u00e1n mal. Hicieron una carnicer\u00eda medi\u00e1tica y les voy a demostrar que se equivocaron. A muchos no les importa la verdad, les importa el show medi\u00e1tico. Fueron 45 d\u00edas de mentiras sistem\u00e1ticas\u201d, indic\u00f3 Adorni en di\u00e1logo con El Observador.<\/p>\n\n\n\n<p>Evit\u00f3 responder cuando fue consultado sobre el origen del dinero para comprar las propiedades que posee junto a su esposa, Bettina Angeletti. \u201cNo puedo interferir en causas judiciales. La causa no tiene gollete y no va a prosperar en t\u00e9rminos de culpabilidad. No tiene ning\u00fan sustento. No quiero pecar al entrar a interferir pero yo lo dije en el final del informe, no s\u00f3lo que no soy culpable sino que va a quedar comprobado en la Justicia. Y en el medio hubo un mont\u00f3n de mentiras, sacaron conclusiones equivocadas\u201d, dijo.<\/p>\n\n\n\n<p>Tambi\u00e9n neg\u00f3 tener una propiedad en Mart\u00ednez. No obstante, no le consultaron sobre la casa que adquiri\u00f3 Angeletti en el country Indio Cu\u00e1 en 2024 que omiti\u00f3 en su declaraci\u00f3n jurada anterior pero que incluy\u00f3 en la nueva ante la Oficina Anticorrupci\u00f3n, aunque lo hizo un a\u00f1o m\u00e1s tarde.<\/p>\n\n\n\n<p>Tampoco le consultaron sobre la compra del departamento en el que vive de la calle Mir\u00f3, en Caballito. Fue adquirido con un financiamiento que le dieron las vendedoras, dos jubiladas, y que fue garantizado con una hipoteca.<\/p>\n\n\n\n<p>Otro de los temas que evit\u00f3 fue un inmueble anterior en el que viv\u00eda con su familia, ubicado en la calle Asamblea al 1100, por el que obtuvo un pr\u00e9stamo de US$100.000 por parte de otras dos mujeres.<\/p>\n\n\n\n<p>Por otro lado, Adorni neg\u00f3 las versiones sobre una sociedad off shore con Marcelo Grandio, el amigo con quien viaj\u00f3 de vacaciones a Punta del Este durante el fin de semana de Carnaval en febrero de este a\u00f1o. Sin embargo, no mencion\u00f3 los contratos que Grandio tiene con la TV P\u00fablica, eje que el propio Adorni controla en el Gobierno.<\/p>\n\n\n\n<p>En otro tramo de la entrevista, s\u00ed habl\u00f3 de sus viajes: neg\u00f3 vacaciones que ya se comprobaron que no ocurrieron y justific\u00f3 las que s\u00ed hizo.&nbsp;<strong>\u201cNunca fui a Disney, no voy hace 10 a\u00f1os a R\u00edo de Janeiro.<\/strong>&nbsp;Nadie se puso a chequear que&nbsp;<strong>no me fui a Aruba en primera clase<\/strong>. Dar\u00e9 las explicaciones a la Justicia, tengo todo justificado\u201d, se\u00f1al\u00f3.<\/p>\n\n\n\n<p>Defendi\u00f3 as\u00ed el viaje Aruba. \u201cSon viajes de \u00edndole personal y familiar para que mis hijos tengan unas vacaciones conmigo.&nbsp;<strong>No me voy a arrepentir de brindarles a mis hijos y a mi familia unos d\u00edas de vacaciones<\/strong>. Los temas personales son temas personales.&nbsp;<strong>No tengo nada que ocultar y va a quedar demostrado que todo est\u00e1 justificado.<\/strong>&nbsp;Y muchos se van a haber comido la curva, guarda, porque han mentido mucho\u00bb, advirti\u00f3.<\/p>\n\n\n\n<p><\/p>\n","protected":false},"excerpt":{"rendered":"<p>El jefe de Gabinete,&nbsp;Manuel Adorni, afirm\u00f3 que la causa en la que se lo investiga por compras de departamentos \u201cno tiene gollete\u201d y asegur\u00f3 que no conoce Disney, en respuesta&hellip;<\/p>\n","protected":false},"author":3,"featured_media":325966,"comment_status":"closed","ping_status":"open","sticky":false,"template":"","format":"standard","meta":{"_acf_changed":false,"footnotes":""},"categories":[9,8],"tags":[],"class_list":["post-326150","post","type-post","status-publish","format-standard","has-post-thumbnail","hentry","category-portada","category-politica"],"acf":[],"yoast_head":"<!-- This site is optimized with the Yoast SEO plugin v27.5 - https:\/\/yoast.com\/product\/yoast-seo-wordpress\/ -->\n<title>Adorni dijo que la causa sobre los departamentos \u201cno tiene gollete\u201d y que quedar\u00e1 demostrado en la Justicia - Diario Textual<\/title>\n<meta name=\"robots\" content=\"index, follow, max-snippet:-1, max-image-preview:large, max-video-preview:-1\" \/>\n<link rel=\"canonical\" href=\"https:\/\/diariotextual.com\/inicio\/index.php\/2026\/05\/01\/adorni-dijo-que-la-causa-sobre-los-departamentos-no-tiene-gollete-y-que-quedara-demostrado-en-la-justicia\/\" \/>\n<meta property=\"og:locale\" content=\"es_ES\" \/>\n<meta property=\"og:type\" content=\"article\" \/>\n<meta property=\"og:title\" content=\"Adorni dijo que la causa sobre los departamentos \u201cno tiene gollete\u201d y que quedar\u00e1 demostrado en la Justicia - Diario Textual\" \/>\n<meta property=\"og:description\" content=\"El jefe de Gabinete,&nbsp;Manuel Adorni, afirm\u00f3 que la causa en la que se lo investiga por compras de departamentos \u201cno tiene gollete\u201d y asegur\u00f3 que no conoce Disney, en respuesta&hellip;\" \/>\n<meta property=\"og:url\" content=\"https:\/\/diariotextual.com\/inicio\/index.php\/2026\/05\/01\/adorni-dijo-que-la-causa-sobre-los-departamentos-no-tiene-gollete-y-que-quedara-demostrado-en-la-justicia\/\" \/>\n<meta property=\"og:site_name\" content=\"Diario Textual\" \/>\n<meta property=\"article:publisher\" content=\"https:\/\/www.facebook.com\/eltextual\" \/>\n<meta property=\"article:published_time\" content=\"2026-05-01T15:49:43+00:00\" \/>\n<meta property=\"article:modified_time\" content=\"2026-05-01T15:49:45+00:00\" \/>\n<meta property=\"og:image\" content=\"https:\/\/diariotextual.com\/inicio\/wp-content\/uploads\/2026\/04\/adornimanuelinformecongreso2026-23.jpg\" \/>\n\t<meta property=\"og:image:width\" content=\"1300\" \/>\n\t<meta property=\"og:image:height\" content=\"867\" \/>\n\t<meta property=\"og:image:type\" content=\"image\/jpeg\" \/>\n<meta name=\"author\" content=\"Diario1 Diario1\" \/>\n<meta name=\"twitter:card\" content=\"summary_large_image\" \/>\n<meta name=\"twitter:creator\" content=\"@eltextual\" \/>\n<meta name=\"twitter:site\" content=\"@eltextual\" \/>\n<meta name=\"twitter:label1\" content=\"Escrito por\" \/>\n\t<meta name=\"twitter:data1\" content=\"Diario1 Diario1\" \/>\n\t<meta name=\"twitter:label2\" content=\"Tiempo de lectura\" \/>\n\t<meta name=\"twitter:data2\" content=\"4 minutos\" \/>\n<script type=\"application\/ld+json\" class=\"yoast-schema-graph\">{\"@context\":\"https:\\\/\\\/schema.org\",\"@graph\":[{\"@type\":\"Article\",\"@id\":\"https:\\\/\\\/diariotextual.com\\\/inicio\\\/index.php\\\/2026\\\/05\\\/01\\\/adorni-dijo-que-la-causa-sobre-los-departamentos-no-tiene-gollete-y-que-quedara-demostrado-en-la-justicia\\\/#article\",\"isPartOf\":{\"@id\":\"https:\\\/\\\/diariotextual.com\\\/inicio\\\/index.php\\\/2026\\\/05\\\/01\\\/adorni-dijo-que-la-causa-sobre-los-departamentos-no-tiene-gollete-y-que-quedara-demostrado-en-la-justicia\\\/\"},\"author\":{\"name\":\"Diario1 Diario1\",\"@id\":\"https:\\\/\\\/diariotextual.com\\\/inicio\\\/#\\\/schema\\\/person\\\/418fc4093c33e86ed41562db3508f958\"},\"headline\":\"Adorni dijo que la causa sobre los departamentos \u201cno tiene gollete\u201d y que quedar\u00e1 demostrado en la Justicia\",\"datePublished\":\"2026-05-01T15:49:43+00:00\",\"dateModified\":\"2026-05-01T15:49:45+00:00\",\"mainEntityOfPage\":{\"@id\":\"https:\\\/\\\/diariotextual.com\\\/inicio\\\/index.php\\\/2026\\\/05\\\/01\\\/adorni-dijo-que-la-causa-sobre-los-departamentos-no-tiene-gollete-y-que-quedara-demostrado-en-la-justicia\\\/\"},\"wordCount\":699,\"publisher\":{\"@id\":\"https:\\\/\\\/diariotextual.com\\\/inicio\\\/#organization\"},\"image\":{\"@id\":\"https:\\\/\\\/diariotextual.com\\\/inicio\\\/index.php\\\/2026\\\/05\\\/01\\\/adorni-dijo-que-la-causa-sobre-los-departamentos-no-tiene-gollete-y-que-quedara-demostrado-en-la-justicia\\\/#primaryimage\"},\"thumbnailUrl\":\"https:\\\/\\\/diariotextual.com\\\/inicio\\\/wp-content\\\/uploads\\\/2026\\\/04\\\/adornimanuelinformecongreso2026-23.jpg\",\"articleSection\":[\"A - PORTADA\",\"POLITICA\"],\"inLanguage\":\"es\"},{\"@type\":\"WebPage\",\"@id\":\"https:\\\/\\\/diariotextual.com\\\/inicio\\\/index.php\\\/2026\\\/05\\\/01\\\/adorni-dijo-que-la-causa-sobre-los-departamentos-no-tiene-gollete-y-que-quedara-demostrado-en-la-justicia\\\/\",\"url\":\"https:\\\/\\\/diariotextual.com\\\/inicio\\\/index.php\\\/2026\\\/05\\\/01\\\/adorni-dijo-que-la-causa-sobre-los-departamentos-no-tiene-gollete-y-que-quedara-demostrado-en-la-justicia\\\/\",\"name\":\"Adorni dijo que la causa sobre los departamentos \u201cno tiene gollete\u201d y que quedar\u00e1 demostrado en la Justicia - Diario Textual\",\"isPartOf\":{\"@id\":\"https:\\\/\\\/diariotextual.com\\\/inicio\\\/#website\"},\"primaryImageOfPage\":{\"@id\":\"https:\\\/\\\/diariotextual.com\\\/inicio\\\/index.php\\\/2026\\\/05\\\/01\\\/adorni-dijo-que-la-causa-sobre-los-departamentos-no-tiene-gollete-y-que-quedara-demostrado-en-la-justicia\\\/#primaryimage\"},\"image\":{\"@id\":\"https:\\\/\\\/diariotextual.com\\\/inicio\\\/index.php\\\/2026\\\/05\\\/01\\\/adorni-dijo-que-la-causa-sobre-los-departamentos-no-tiene-gollete-y-que-quedara-demostrado-en-la-justicia\\\/#primaryimage\"},\"thumbnailUrl\":\"https:\\\/\\\/diariotextual.com\\\/inicio\\\/wp-content\\\/uploads\\\/2026\\\/04\\\/adornimanuelinformecongreso2026-23.jpg\",\"datePublished\":\"2026-05-01T15:49:43+00:00\",\"dateModified\":\"2026-05-01T15:49:45+00:00\",\"breadcrumb\":{\"@id\":\"https:\\\/\\\/diariotextual.com\\\/inicio\\\/index.php\\\/2026\\\/05\\\/01\\\/adorni-dijo-que-la-causa-sobre-los-departamentos-no-tiene-gollete-y-que-quedara-demostrado-en-la-justicia\\\/#breadcrumb\"},\"inLanguage\":\"es\",\"potentialAction\":[{\"@type\":\"ReadAction\",\"target\":[\"https:\\\/\\\/diariotextual.com\\\/inicio\\\/index.php\\\/2026\\\/05\\\/01\\\/adorni-dijo-que-la-causa-sobre-los-departamentos-no-tiene-gollete-y-que-quedara-demostrado-en-la-justicia\\\/\"]}]},{\"@type\":\"ImageObject\",\"inLanguage\":\"es\",\"@id\":\"https:\\\/\\\/diariotextual.com\\\/inicio\\\/index.php\\\/2026\\\/05\\\/01\\\/adorni-dijo-que-la-causa-sobre-los-departamentos-no-tiene-gollete-y-que-quedara-demostrado-en-la-justicia\\\/#primaryimage\",\"url\":\"https:\\\/\\\/diariotextual.com\\\/inicio\\\/wp-content\\\/uploads\\\/2026\\\/04\\\/adornimanuelinformecongreso2026-23.jpg\",\"contentUrl\":\"https:\\\/\\\/diariotextual.com\\\/inicio\\\/wp-content\\\/uploads\\\/2026\\\/04\\\/adornimanuelinformecongreso2026-23.jpg\",\"width\":1300,\"height\":867},{\"@type\":\"BreadcrumbList\",\"@id\":\"https:\\\/\\\/diariotextual.com\\\/inicio\\\/index.php\\\/2026\\\/05\\\/01\\\/adorni-dijo-que-la-causa-sobre-los-departamentos-no-tiene-gollete-y-que-quedara-demostrado-en-la-justicia\\\/#breadcrumb\",\"itemListElement\":[{\"@type\":\"ListItem\",\"position\":1,\"name\":\"Portada\",\"item\":\"https:\\\/\\\/diariotextual.com\\\/inicio\\\/\"},{\"@type\":\"ListItem\",\"position\":2,\"name\":\"Adorni dijo que la causa sobre los departamentos \u201cno tiene gollete\u201d y que quedar\u00e1 demostrado en la Justicia\"}]},{\"@type\":\"WebSite\",\"@id\":\"https:\\\/\\\/diariotextual.com\\\/inicio\\\/#website\",\"url\":\"https:\\\/\\\/diariotextual.com\\\/inicio\\\/\",\"name\":\"Diario Textual\",\"description\":\"\",\"publisher\":{\"@id\":\"https:\\\/\\\/diariotextual.com\\\/inicio\\\/#organization\"},\"potentialAction\":[{\"@type\":\"SearchAction\",\"target\":{\"@type\":\"EntryPoint\",\"urlTemplate\":\"https:\\\/\\\/diariotextual.com\\\/inicio\\\/?s={search_term_string}\"},\"query-input\":{\"@type\":\"PropertyValueSpecification\",\"valueRequired\":true,\"valueName\":\"search_term_string\"}}],\"inLanguage\":\"es\"},{\"@type\":\"Organization\",\"@id\":\"https:\\\/\\\/diariotextual.com\\\/inicio\\\/#organization\",\"name\":\"Diario Textual\",\"url\":\"https:\\\/\\\/diariotextual.com\\\/inicio\\\/\",\"logo\":{\"@type\":\"ImageObject\",\"inLanguage\":\"es\",\"@id\":\"https:\\\/\\\/diariotextual.com\\\/inicio\\\/#\\\/schema\\\/logo\\\/image\\\/\",\"url\":\"https:\\\/\\\/diariotextual.com\\\/inicio\\\/wp-content\\\/uploads\\\/2023\\\/05\\\/logotextual1.jpg\",\"contentUrl\":\"https:\\\/\\\/diariotextual.com\\\/inicio\\\/wp-content\\\/uploads\\\/2023\\\/05\\\/logotextual1.jpg\",\"width\":516,\"height\":76,\"caption\":\"Diario Textual\"},\"image\":{\"@id\":\"https:\\\/\\\/diariotextual.com\\\/inicio\\\/#\\\/schema\\\/logo\\\/image\\\/\"},\"sameAs\":[\"https:\\\/\\\/www.facebook.com\\\/eltextual\",\"https:\\\/\\\/x.com\\\/eltextual\",\"http:\\\/\\\/www.instagram.com\\\/eltextual\"]},{\"@type\":\"Person\",\"@id\":\"https:\\\/\\\/diariotextual.com\\\/inicio\\\/#\\\/schema\\\/person\\\/418fc4093c33e86ed41562db3508f958\",\"name\":\"Diario1 Diario1\",\"image\":{\"@type\":\"ImageObject\",\"inLanguage\":\"es\",\"@id\":\"https:\\\/\\\/secure.gravatar.com\\\/avatar\\\/9167d280179c85bc18be67aa7eda765854300033af4896dd779b608640f2ef7a?s=96&d=mm&r=g\",\"url\":\"https:\\\/\\\/secure.gravatar.com\\\/avatar\\\/9167d280179c85bc18be67aa7eda765854300033af4896dd779b608640f2ef7a?s=96&d=mm&r=g\",\"contentUrl\":\"https:\\\/\\\/secure.gravatar.com\\\/avatar\\\/9167d280179c85bc18be67aa7eda765854300033af4896dd779b608640f2ef7a?s=96&d=mm&r=g\",\"caption\":\"Diario1 Diario1\"},\"url\":\"https:\\\/\\\/diariotextual.com\\\/inicio\\\/index.php\\\/author\\\/diario1\\\/\"}]}<\/script>\n<!-- \/ Yoast SEO plugin. -->","yoast_head_json":{"title":"Adorni dijo que la causa sobre los departamentos \u201cno tiene gollete\u201d y que quedar\u00e1 demostrado en la Justicia - Diario Textual","robots":{"index":"index","follow":"follow","max-snippet":"max-snippet:-1","max-image-preview":"max-image-preview:large","max-video-preview":"max-video-preview:-1"},"canonical":"https:\/\/diariotextual.com\/inicio\/index.php\/2026\/05\/01\/adorni-dijo-que-la-causa-sobre-los-departamentos-no-tiene-gollete-y-que-quedara-demostrado-en-la-justicia\/","og_locale":"es_ES","og_type":"article","og_title":"Adorni dijo que la causa sobre los departamentos \u201cno tiene gollete\u201d y que quedar\u00e1 demostrado en la Justicia - Diario Textual","og_description":"El jefe de Gabinete,&nbsp;Manuel Adorni, afirm\u00f3 que la causa en la que se lo investiga por compras de departamentos \u201cno tiene gollete\u201d y asegur\u00f3 que no conoce Disney, en respuesta&hellip;","og_url":"https:\/\/diariotextual.com\/inicio\/index.php\/2026\/05\/01\/adorni-dijo-que-la-causa-sobre-los-departamentos-no-tiene-gollete-y-que-quedara-demostrado-en-la-justicia\/","og_site_name":"Diario Textual","article_publisher":"https:\/\/www.facebook.com\/eltextual","article_published_time":"2026-05-01T15:49:43+00:00","article_modified_time":"2026-05-01T15:49:45+00:00","og_image":[{"width":1300,"height":867,"url":"https:\/\/diariotextual.com\/inicio\/wp-content\/uploads\/2026\/04\/adornimanuelinformecongreso2026-23.jpg","type":"image\/jpeg"}],"author":"Diario1 Diario1","twitter_card":"summary_large_image","twitter_creator":"@eltextual","twitter_site":"@eltextual","twitter_misc":{"Escrito por":"Diario1 Diario1","Tiempo de lectura":"4 minutos"},"schema":{"@context":"https:\/\/schema.org","@graph":[{"@type":"Article","@id":"https:\/\/diariotextual.com\/inicio\/index.php\/2026\/05\/01\/adorni-dijo-que-la-causa-sobre-los-departamentos-no-tiene-gollete-y-que-quedara-demostrado-en-la-justicia\/#article","isPartOf":{"@id":"https:\/\/diariotextual.com\/inicio\/index.php\/2026\/05\/01\/adorni-dijo-que-la-causa-sobre-los-departamentos-no-tiene-gollete-y-que-quedara-demostrado-en-la-justicia\/"},"author":{"name":"Diario1 Diario1","@id":"https:\/\/diariotextual.com\/inicio\/#\/schema\/person\/418fc4093c33e86ed41562db3508f958"},"headline":"Adorni dijo que la causa sobre los departamentos \u201cno tiene gollete\u201d y que quedar\u00e1 demostrado en la Justicia","datePublished":"2026-05-01T15:49:43+00:00","dateModified":"2026-05-01T15:49:45+00:00","mainEntityOfPage":{"@id":"https:\/\/diariotextual.com\/inicio\/index.php\/2026\/05\/01\/adorni-dijo-que-la-causa-sobre-los-departamentos-no-tiene-gollete-y-que-quedara-demostrado-en-la-justicia\/"},"wordCount":699,"publisher":{"@id":"https:\/\/diariotextual.com\/inicio\/#organization"},"image":{"@id":"https:\/\/diariotextual.com\/inicio\/index.php\/2026\/05\/01\/adorni-dijo-que-la-causa-sobre-los-departamentos-no-tiene-gollete-y-que-quedara-demostrado-en-la-justicia\/#primaryimage"},"thumbnailUrl":"https:\/\/diariotextual.com\/inicio\/wp-content\/uploads\/2026\/04\/adornimanuelinformecongreso2026-23.jpg","articleSection":["A - PORTADA","POLITICA"],"inLanguage":"es"},{"@type":"WebPage","@id":"https:\/\/diariotextual.com\/inicio\/index.php\/2026\/05\/01\/adorni-dijo-que-la-causa-sobre-los-departamentos-no-tiene-gollete-y-que-quedara-demostrado-en-la-justicia\/","url":"https:\/\/diariotextual.com\/inicio\/index.php\/2026\/05\/01\/adorni-dijo-que-la-causa-sobre-los-departamentos-no-tiene-gollete-y-que-quedara-demostrado-en-la-justicia\/","name":"Adorni dijo que la causa sobre los departamentos \u201cno tiene gollete\u201d y que quedar\u00e1 demostrado en la Justicia - Diario Textual","isPartOf":{"@id":"https:\/\/diariotextual.com\/inicio\/#website"},"primaryImageOfPage":{"@id":"https:\/\/diariotextual.com\/inicio\/index.php\/2026\/05\/01\/adorni-dijo-que-la-causa-sobre-los-departamentos-no-tiene-gollete-y-que-quedara-demostrado-en-la-justicia\/#primaryimage"},"image":{"@id":"https:\/\/diariotextual.com\/inicio\/index.php\/2026\/05\/01\/adorni-dijo-que-la-causa-sobre-los-departamentos-no-tiene-gollete-y-que-quedara-demostrado-en-la-justicia\/#primaryimage"},"thumbnailUrl":"https:\/\/diariotextual.com\/inicio\/wp-content\/uploads\/2026\/04\/adornimanuelinformecongreso2026-23.jpg","datePublished":"2026-05-01T15:49:43+00:00","dateModified":"2026-05-01T15:49:45+00:00","breadcrumb":{"@id":"https:\/\/diariotextual.com\/inicio\/index.php\/2026\/05\/01\/adorni-dijo-que-la-causa-sobre-los-departamentos-no-tiene-gollete-y-que-quedara-demostrado-en-la-justicia\/#breadcrumb"},"inLanguage":"es","potentialAction":[{"@type":"ReadAction","target":["https:\/\/diariotextual.com\/inicio\/index.php\/2026\/05\/01\/adorni-dijo-que-la-causa-sobre-los-departamentos-no-tiene-gollete-y-que-quedara-demostrado-en-la-justicia\/"]}]},{"@type":"ImageObject","inLanguage":"es","@id":"https:\/\/diariotextual.com\/inicio\/index.php\/2026\/05\/01\/adorni-dijo-que-la-causa-sobre-los-departamentos-no-tiene-gollete-y-que-quedara-demostrado-en-la-justicia\/#primaryimage","url":"https:\/\/diariotextual.com\/inicio\/wp-content\/uploads\/2026\/04\/adornimanuelinformecongreso2026-23.jpg","contentUrl":"https:\/\/diariotextual.com\/inicio\/wp-content\/uploads\/2026\/04\/adornimanuelinformecongreso2026-23.jpg","width":1300,"height":867},{"@type":"BreadcrumbList","@id":"https:\/\/diariotextual.com\/inicio\/index.php\/2026\/05\/01\/adorni-dijo-que-la-causa-sobre-los-departamentos-no-tiene-gollete-y-que-quedara-demostrado-en-la-justicia\/#breadcrumb","itemListElement":[{"@type":"ListItem","position":1,"name":"Portada","item":"https:\/\/diariotextual.com\/inicio\/"},{"@type":"ListItem","position":2,"name":"Adorni dijo que la causa sobre los departamentos \u201cno tiene gollete\u201d y que quedar\u00e1 demostrado en la Justicia"}]},{"@type":"WebSite","@id":"https:\/\/diariotextual.com\/inicio\/#website","url":"https:\/\/diariotextual.com\/inicio\/","name":"Diario Textual","description":"","publisher":{"@id":"https:\/\/diariotextual.com\/inicio\/#organization"},"potentialAction":[{"@type":"SearchAction","target":{"@type":"EntryPoint","urlTemplate":"https:\/\/diariotextual.com\/inicio\/?s={search_term_string}"},"query-input":{"@type":"PropertyValueSpecification","valueRequired":true,"valueName":"search_term_string"}}],"inLanguage":"es"},{"@type":"Organization","@id":"https:\/\/diariotextual.com\/inicio\/#organization","name":"Diario Textual","url":"https:\/\/diariotextual.com\/inicio\/","logo":{"@type":"ImageObject","inLanguage":"es","@id":"https:\/\/diariotextual.com\/inicio\/#\/schema\/logo\/image\/","url":"https:\/\/diariotextual.com\/inicio\/wp-content\/uploads\/2023\/05\/logotextual1.jpg","contentUrl":"https:\/\/diariotextual.com\/inicio\/wp-content\/uploads\/2023\/05\/logotextual1.jpg","width":516,"height":76,"caption":"Diario Textual"},"image":{"@id":"https:\/\/diariotextual.com\/inicio\/#\/schema\/logo\/image\/"},"sameAs":["https:\/\/www.facebook.com\/eltextual","https:\/\/x.com\/eltextual","http:\/\/www.instagram.com\/eltextual"]},{"@type":"Person","@id":"https:\/\/diariotextual.com\/inicio\/#\/schema\/person\/418fc4093c33e86ed41562db3508f958","name":"Diario1 Diario1","image":{"@type":"ImageObject","inLanguage":"es","@id":"https:\/\/secure.gravatar.com\/avatar\/9167d280179c85bc18be67aa7eda765854300033af4896dd779b608640f2ef7a?s=96&d=mm&r=g","url":"https:\/\/secure.gravatar.com\/avatar\/9167d280179c85bc18be67aa7eda765854300033af4896dd779b608640f2ef7a?s=96&d=mm&r=g","contentUrl":"https:\/\/secure.gravatar.com\/avatar\/9167d280179c85bc18be67aa7eda765854300033af4896dd779b608640f2ef7a?s=96&d=mm&r=g","caption":"Diario1 Diario1"},"url":"https:\/\/diariotextual.com\/inicio\/index.php\/author\/diario1\/"}]}},"_links":{"self":[{"href":"https:\/\/diariotextual.com\/inicio\/index.php\/wp-json\/wp\/v2\/posts\/326150","targetHints":{"allow":["GET"]}}],"collection":[{"href":"https:\/\/diariotextual.com\/inicio\/index.php\/wp-json\/wp\/v2\/posts"}],"about":[{"href":"https:\/\/diariotextual.com\/inicio\/index.php\/wp-json\/wp\/v2\/types\/post"}],"author":[{"embeddable":true,"href":"https:\/\/diariotextual.com\/inicio\/index.php\/wp-json\/wp\/v2\/users\/3"}],"replies":[{"embeddable":true,"href":"https:\/\/diariotextual.com\/inicio\/index.php\/wp-json\/wp\/v2\/comments?post=326150"}],"version-history":[{"count":1,"href":"https:\/\/diariotextual.com\/inicio\/index.php\/wp-json\/wp\/v2\/posts\/326150\/revisions"}],"predecessor-version":[{"id":326151,"href":"https:\/\/diariotextual.com\/inicio\/index.php\/wp-json\/wp\/v2\/posts\/326150\/revisions\/326151"}],"wp:featuredmedia":[{"embeddable":true,"href":"https:\/\/diariotextual.com\/inicio\/index.php\/wp-json\/wp\/v2\/media\/325966"}],"wp:attachment":[{"href":"https:\/\/diariotextual.com\/inicio\/index.php\/wp-json\/wp\/v2\/media?parent=326150"}],"wp:term":[{"taxonomy":"category","embeddable":true,"href":"https:\/\/diariotextual.com\/inicio\/index.php\/wp-json\/wp\/v2\/categories?post=326150"},{"taxonomy":"post_tag","embeddable":true,"href":"https:\/\/diariotextual.com\/inicio\/index.php\/wp-json\/wp\/v2\/tags?post=326150"}],"curies":[{"name":"wp","href":"https:\/\/api.w.org\/{rel}","templated":true}]}}