{"id":326158,"date":"2026-05-01T19:31:48","date_gmt":"2026-05-01T22:31:48","guid":{"rendered":"https:\/\/diariotextual.com\/inicio\/?p=326158"},"modified":"2026-05-01T19:31:51","modified_gmt":"2026-05-01T22:31:51","slug":"perez-companc-compro-a-pluspetrol-las-areas-petroleras-de-el-corcobo-en-la-pampa","status":"publish","type":"post","link":"https:\/\/diariotextual.com\/inicio\/index.php\/2026\/05\/01\/perez-companc-compro-a-pluspetrol-las-areas-petroleras-de-el-corcobo-en-la-pampa\/","title":{"rendered":"P\u00e9rez Companc compr\u00f3 a Pluspetrol las \u00e1reas petroleras de El Corcobo en La Pampa"},"content":{"rendered":"\n<p>La empresa <strong>Pecom<\/strong>, el brazo petrolero de la compa\u00f1\u00eda <strong>P\u00e9rez Companc, <\/strong>cerr\u00f3 un acuerdo con\u00a0<strong>Pluspetrol<\/strong>\u00a0para adquirir participaciones en cuatro \u00e1reas hidrocarbur\u00edferas que conforman el bloque <strong>El Corcobo<\/strong>, ubicadas en\u00a0<strong>Mendoza y La Pampa<\/strong>. La operaci\u00f3n marca un nuevo movimiento en el mercado de\u00a0<strong>activos convencionales<\/strong>\u00a0en Argentina.<\/p>\n\n\n\n<p>El entendimiento incluye la cesi\u00f3n de participaciones en El Corcobo, un importante yacimiento de petr\u00f3leo convencional situado entre las provincias de Mendoza y La Pampa: alcanza a los bloques\u00a0<strong>Gobernador Ayala, Jag\u00fcel Casa de Piedra, CNQ-7A y Gobernador Ayala III<\/strong>, donde\u00a0<strong>Pluspetrol<\/strong>\u00a0manten\u00eda posiciones relevantes dentro de concesiones de explotaci\u00f3n vigentes en ambas provincias. <\/p>\n\n\n\n<p>Seg\u00fan el comunicado enviado a la\u00a0<strong>Comisi\u00f3n Nacional de Valores<\/strong>,\u00a0<strong>Pecom\u00a0<\/strong>adquirir\u00e1 participaciones minoritarias en cada uno de los bloques, mientras que\u00a0<strong>San Benito Upstream<\/strong>\u00a0-controlada por la misma empresa- tomar\u00e1 posiciones m\u00e1s amplias, en algunos casos superiores al 50% del capital operativo.<\/p>\n\n\n\n<p>La operaci\u00f3n, sin embargo, no est\u00e1 cerrada definitivamente. El traspaso de los activos queda sujeto al cumplimiento de&nbsp;<strong>condiciones precedentes<\/strong>, entre ellas la obtenci\u00f3n de&nbsp;<strong>aprobaciones regulatorias<\/strong>, un requisito habitual en este tipo de transacciones dentro del sector energ\u00e9tico.<\/p>\n\n\n\n<p>Desde la perspectiva de&nbsp;<strong>Pluspetrol<\/strong>, el acuerdo implica la transferencia del&nbsp;<strong>100% de sus derechos y obligaciones<\/strong>&nbsp;sobre estas \u00e1reas, lo que confirma su decisi\u00f3n de avanzar en un proceso de&nbsp;<strong>desinversi\u00f3n en activos convencionales<\/strong>.<\/p>\n\n\n\n<p>El movimiento refleja una tendencia creciente en la industria: empresas que buscan&nbsp;<strong>reordenar portafolios<\/strong>&nbsp;y concentrar recursos en activos con mayor escala o potencial, mientras otras compa\u00f1\u00edas aprovechan oportunidades en campos maduros con margen de mejora operativa.<\/p>\n\n\n\n<p>En ese contexto,&nbsp;<strong>Pecom<\/strong>&nbsp;apunta a expandir su presencia en la operaci\u00f3n de \u00e1reas tradicionales, donde la aplicaci\u00f3n de tecnolog\u00eda y eficiencia puede extender la vida \u00fatil de los yacimientos y mejorar los niveles de producci\u00f3n.<\/p>\n","protected":false},"excerpt":{"rendered":"<p>La empresa Pecom, el brazo petrolero de la compa\u00f1\u00eda P\u00e9rez Companc, cerr\u00f3 un acuerdo con\u00a0Pluspetrol\u00a0para adquirir participaciones en cuatro \u00e1reas hidrocarbur\u00edferas que conforman el bloque El Corcobo, ubicadas en\u00a0Mendoza y&hellip;<\/p>\n","protected":false},"author":3,"featured_media":326160,"comment_status":"closed","ping_status":"open","sticky":false,"template":"","format":"standard","meta":{"_acf_changed":false,"footnotes":""},"categories":[9,8],"tags":[],"class_list":["post-326158","post","type-post","status-publish","format-standard","has-post-thumbnail","hentry","category-portada","category-politica"],"acf":[],"yoast_head":"<!-- This site is optimized with the Yoast SEO plugin v27.5 - https:\/\/yoast.com\/product\/yoast-seo-wordpress\/ -->\n<title>P\u00e9rez Companc compr\u00f3 a Pluspetrol las \u00e1reas petroleras de El Corcobo en La Pampa - Diario Textual<\/title>\n<meta name=\"robots\" content=\"index, follow, max-snippet:-1, max-image-preview:large, max-video-preview:-1\" \/>\n<link rel=\"canonical\" href=\"https:\/\/diariotextual.com\/inicio\/index.php\/2026\/05\/01\/perez-companc-compro-a-pluspetrol-las-areas-petroleras-de-el-corcobo-en-la-pampa\/\" \/>\n<meta property=\"og:locale\" content=\"es_ES\" \/>\n<meta property=\"og:type\" content=\"article\" \/>\n<meta property=\"og:title\" content=\"P\u00e9rez Companc compr\u00f3 a Pluspetrol las \u00e1reas petroleras de El Corcobo en La Pampa - Diario Textual\" \/>\n<meta property=\"og:description\" content=\"La empresa Pecom, el brazo petrolero de la compa\u00f1\u00eda P\u00e9rez Companc, cerr\u00f3 un acuerdo con\u00a0Pluspetrol\u00a0para adquirir participaciones en cuatro \u00e1reas hidrocarbur\u00edferas que conforman el bloque El Corcobo, ubicadas en\u00a0Mendoza y&hellip;\" \/>\n<meta property=\"og:url\" content=\"https:\/\/diariotextual.com\/inicio\/index.php\/2026\/05\/01\/perez-companc-compro-a-pluspetrol-las-areas-petroleras-de-el-corcobo-en-la-pampa\/\" \/>\n<meta property=\"og:site_name\" content=\"Diario Textual\" \/>\n<meta property=\"article:publisher\" content=\"https:\/\/www.facebook.com\/eltextual\" \/>\n<meta property=\"article:published_time\" content=\"2026-05-01T22:31:48+00:00\" \/>\n<meta property=\"article:modified_time\" content=\"2026-05-01T22:31:51+00:00\" \/>\n<meta property=\"og:image\" content=\"https:\/\/diariotextual.com\/inicio\/wp-content\/uploads\/2026\/05\/pecompetroleo0003.webp\" \/>\n\t<meta property=\"og:image:width\" content=\"928\" \/>\n\t<meta property=\"og:image:height\" content=\"522\" \/>\n\t<meta property=\"og:image:type\" content=\"image\/webp\" \/>\n<meta name=\"author\" content=\"Diario1 Diario1\" \/>\n<meta name=\"twitter:card\" content=\"summary_large_image\" \/>\n<meta name=\"twitter:creator\" content=\"@eltextual\" \/>\n<meta name=\"twitter:site\" content=\"@eltextual\" \/>\n<meta name=\"twitter:label1\" content=\"Escrito por\" \/>\n\t<meta name=\"twitter:data1\" content=\"Diario1 Diario1\" \/>\n\t<meta name=\"twitter:label2\" content=\"Tiempo de lectura\" \/>\n\t<meta name=\"twitter:data2\" content=\"2 minutos\" \/>\n<script type=\"application\/ld+json\" class=\"yoast-schema-graph\">{\"@context\":\"https:\\\/\\\/schema.org\",\"@graph\":[{\"@type\":\"Article\",\"@id\":\"https:\\\/\\\/diariotextual.com\\\/inicio\\\/index.php\\\/2026\\\/05\\\/01\\\/perez-companc-compro-a-pluspetrol-las-areas-petroleras-de-el-corcobo-en-la-pampa\\\/#article\",\"isPartOf\":{\"@id\":\"https:\\\/\\\/diariotextual.com\\\/inicio\\\/index.php\\\/2026\\\/05\\\/01\\\/perez-companc-compro-a-pluspetrol-las-areas-petroleras-de-el-corcobo-en-la-pampa\\\/\"},\"author\":{\"name\":\"Diario1 Diario1\",\"@id\":\"https:\\\/\\\/diariotextual.com\\\/inicio\\\/#\\\/schema\\\/person\\\/418fc4093c33e86ed41562db3508f958\"},\"headline\":\"P\u00e9rez Companc compr\u00f3 a Pluspetrol las \u00e1reas petroleras de El Corcobo en La Pampa\",\"datePublished\":\"2026-05-01T22:31:48+00:00\",\"dateModified\":\"2026-05-01T22:31:51+00:00\",\"mainEntityOfPage\":{\"@id\":\"https:\\\/\\\/diariotextual.com\\\/inicio\\\/index.php\\\/2026\\\/05\\\/01\\\/perez-companc-compro-a-pluspetrol-las-areas-petroleras-de-el-corcobo-en-la-pampa\\\/\"},\"wordCount\":339,\"publisher\":{\"@id\":\"https:\\\/\\\/diariotextual.com\\\/inicio\\\/#organization\"},\"image\":{\"@id\":\"https:\\\/\\\/diariotextual.com\\\/inicio\\\/index.php\\\/2026\\\/05\\\/01\\\/perez-companc-compro-a-pluspetrol-las-areas-petroleras-de-el-corcobo-en-la-pampa\\\/#primaryimage\"},\"thumbnailUrl\":\"https:\\\/\\\/diariotextual.com\\\/inicio\\\/wp-content\\\/uploads\\\/2026\\\/05\\\/pecompetroleo0003.webp\",\"articleSection\":[\"A - PORTADA\",\"POLITICA\"],\"inLanguage\":\"es\"},{\"@type\":\"WebPage\",\"@id\":\"https:\\\/\\\/diariotextual.com\\\/inicio\\\/index.php\\\/2026\\\/05\\\/01\\\/perez-companc-compro-a-pluspetrol-las-areas-petroleras-de-el-corcobo-en-la-pampa\\\/\",\"url\":\"https:\\\/\\\/diariotextual.com\\\/inicio\\\/index.php\\\/2026\\\/05\\\/01\\\/perez-companc-compro-a-pluspetrol-las-areas-petroleras-de-el-corcobo-en-la-pampa\\\/\",\"name\":\"P\u00e9rez Companc compr\u00f3 a Pluspetrol las \u00e1reas petroleras de El Corcobo en La Pampa - Diario Textual\",\"isPartOf\":{\"@id\":\"https:\\\/\\\/diariotextual.com\\\/inicio\\\/#website\"},\"primaryImageOfPage\":{\"@id\":\"https:\\\/\\\/diariotextual.com\\\/inicio\\\/index.php\\\/2026\\\/05\\\/01\\\/perez-companc-compro-a-pluspetrol-las-areas-petroleras-de-el-corcobo-en-la-pampa\\\/#primaryimage\"},\"image\":{\"@id\":\"https:\\\/\\\/diariotextual.com\\\/inicio\\\/index.php\\\/2026\\\/05\\\/01\\\/perez-companc-compro-a-pluspetrol-las-areas-petroleras-de-el-corcobo-en-la-pampa\\\/#primaryimage\"},\"thumbnailUrl\":\"https:\\\/\\\/diariotextual.com\\\/inicio\\\/wp-content\\\/uploads\\\/2026\\\/05\\\/pecompetroleo0003.webp\",\"datePublished\":\"2026-05-01T22:31:48+00:00\",\"dateModified\":\"2026-05-01T22:31:51+00:00\",\"breadcrumb\":{\"@id\":\"https:\\\/\\\/diariotextual.com\\\/inicio\\\/index.php\\\/2026\\\/05\\\/01\\\/perez-companc-compro-a-pluspetrol-las-areas-petroleras-de-el-corcobo-en-la-pampa\\\/#breadcrumb\"},\"inLanguage\":\"es\",\"potentialAction\":[{\"@type\":\"ReadAction\",\"target\":[\"https:\\\/\\\/diariotextual.com\\\/inicio\\\/index.php\\\/2026\\\/05\\\/01\\\/perez-companc-compro-a-pluspetrol-las-areas-petroleras-de-el-corcobo-en-la-pampa\\\/\"]}]},{\"@type\":\"ImageObject\",\"inLanguage\":\"es\",\"@id\":\"https:\\\/\\\/diariotextual.com\\\/inicio\\\/index.php\\\/2026\\\/05\\\/01\\\/perez-companc-compro-a-pluspetrol-las-areas-petroleras-de-el-corcobo-en-la-pampa\\\/#primaryimage\",\"url\":\"https:\\\/\\\/diariotextual.com\\\/inicio\\\/wp-content\\\/uploads\\\/2026\\\/05\\\/pecompetroleo0003.webp\",\"contentUrl\":\"https:\\\/\\\/diariotextual.com\\\/inicio\\\/wp-content\\\/uploads\\\/2026\\\/05\\\/pecompetroleo0003.webp\",\"width\":928,\"height\":522},{\"@type\":\"BreadcrumbList\",\"@id\":\"https:\\\/\\\/diariotextual.com\\\/inicio\\\/index.php\\\/2026\\\/05\\\/01\\\/perez-companc-compro-a-pluspetrol-las-areas-petroleras-de-el-corcobo-en-la-pampa\\\/#breadcrumb\",\"itemListElement\":[{\"@type\":\"ListItem\",\"position\":1,\"name\":\"Portada\",\"item\":\"https:\\\/\\\/diariotextual.com\\\/inicio\\\/\"},{\"@type\":\"ListItem\",\"position\":2,\"name\":\"P\u00e9rez Companc compr\u00f3 a Pluspetrol las \u00e1reas petroleras de El Corcobo en La Pampa\"}]},{\"@type\":\"WebSite\",\"@id\":\"https:\\\/\\\/diariotextual.com\\\/inicio\\\/#website\",\"url\":\"https:\\\/\\\/diariotextual.com\\\/inicio\\\/\",\"name\":\"Diario Textual\",\"description\":\"\",\"publisher\":{\"@id\":\"https:\\\/\\\/diariotextual.com\\\/inicio\\\/#organization\"},\"potentialAction\":[{\"@type\":\"SearchAction\",\"target\":{\"@type\":\"EntryPoint\",\"urlTemplate\":\"https:\\\/\\\/diariotextual.com\\\/inicio\\\/?s={search_term_string}\"},\"query-input\":{\"@type\":\"PropertyValueSpecification\",\"valueRequired\":true,\"valueName\":\"search_term_string\"}}],\"inLanguage\":\"es\"},{\"@type\":\"Organization\",\"@id\":\"https:\\\/\\\/diariotextual.com\\\/inicio\\\/#organization\",\"name\":\"Diario Textual\",\"url\":\"https:\\\/\\\/diariotextual.com\\\/inicio\\\/\",\"logo\":{\"@type\":\"ImageObject\",\"inLanguage\":\"es\",\"@id\":\"https:\\\/\\\/diariotextual.com\\\/inicio\\\/#\\\/schema\\\/logo\\\/image\\\/\",\"url\":\"https:\\\/\\\/diariotextual.com\\\/inicio\\\/wp-content\\\/uploads\\\/2023\\\/05\\\/logotextual1.jpg\",\"contentUrl\":\"https:\\\/\\\/diariotextual.com\\\/inicio\\\/wp-content\\\/uploads\\\/2023\\\/05\\\/logotextual1.jpg\",\"width\":516,\"height\":76,\"caption\":\"Diario Textual\"},\"image\":{\"@id\":\"https:\\\/\\\/diariotextual.com\\\/inicio\\\/#\\\/schema\\\/logo\\\/image\\\/\"},\"sameAs\":[\"https:\\\/\\\/www.facebook.com\\\/eltextual\",\"https:\\\/\\\/x.com\\\/eltextual\",\"http:\\\/\\\/www.instagram.com\\\/eltextual\"]},{\"@type\":\"Person\",\"@id\":\"https:\\\/\\\/diariotextual.com\\\/inicio\\\/#\\\/schema\\\/person\\\/418fc4093c33e86ed41562db3508f958\",\"name\":\"Diario1 Diario1\",\"image\":{\"@type\":\"ImageObject\",\"inLanguage\":\"es\",\"@id\":\"https:\\\/\\\/secure.gravatar.com\\\/avatar\\\/9167d280179c85bc18be67aa7eda765854300033af4896dd779b608640f2ef7a?s=96&d=mm&r=g\",\"url\":\"https:\\\/\\\/secure.gravatar.com\\\/avatar\\\/9167d280179c85bc18be67aa7eda765854300033af4896dd779b608640f2ef7a?s=96&d=mm&r=g\",\"contentUrl\":\"https:\\\/\\\/secure.gravatar.com\\\/avatar\\\/9167d280179c85bc18be67aa7eda765854300033af4896dd779b608640f2ef7a?s=96&d=mm&r=g\",\"caption\":\"Diario1 Diario1\"},\"url\":\"https:\\\/\\\/diariotextual.com\\\/inicio\\\/index.php\\\/author\\\/diario1\\\/\"}]}<\/script>\n<!-- \/ Yoast SEO plugin. -->","yoast_head_json":{"title":"P\u00e9rez Companc compr\u00f3 a Pluspetrol las \u00e1reas petroleras de El Corcobo en La Pampa - Diario Textual","robots":{"index":"index","follow":"follow","max-snippet":"max-snippet:-1","max-image-preview":"max-image-preview:large","max-video-preview":"max-video-preview:-1"},"canonical":"https:\/\/diariotextual.com\/inicio\/index.php\/2026\/05\/01\/perez-companc-compro-a-pluspetrol-las-areas-petroleras-de-el-corcobo-en-la-pampa\/","og_locale":"es_ES","og_type":"article","og_title":"P\u00e9rez Companc compr\u00f3 a Pluspetrol las \u00e1reas petroleras de El Corcobo en La Pampa - Diario Textual","og_description":"La empresa Pecom, el brazo petrolero de la compa\u00f1\u00eda P\u00e9rez Companc, cerr\u00f3 un acuerdo con\u00a0Pluspetrol\u00a0para adquirir participaciones en cuatro \u00e1reas hidrocarbur\u00edferas que conforman el bloque El Corcobo, ubicadas en\u00a0Mendoza y&hellip;","og_url":"https:\/\/diariotextual.com\/inicio\/index.php\/2026\/05\/01\/perez-companc-compro-a-pluspetrol-las-areas-petroleras-de-el-corcobo-en-la-pampa\/","og_site_name":"Diario Textual","article_publisher":"https:\/\/www.facebook.com\/eltextual","article_published_time":"2026-05-01T22:31:48+00:00","article_modified_time":"2026-05-01T22:31:51+00:00","og_image":[{"width":928,"height":522,"url":"https:\/\/diariotextual.com\/inicio\/wp-content\/uploads\/2026\/05\/pecompetroleo0003.webp","type":"image\/webp"}],"author":"Diario1 Diario1","twitter_card":"summary_large_image","twitter_creator":"@eltextual","twitter_site":"@eltextual","twitter_misc":{"Escrito por":"Diario1 Diario1","Tiempo de lectura":"2 minutos"},"schema":{"@context":"https:\/\/schema.org","@graph":[{"@type":"Article","@id":"https:\/\/diariotextual.com\/inicio\/index.php\/2026\/05\/01\/perez-companc-compro-a-pluspetrol-las-areas-petroleras-de-el-corcobo-en-la-pampa\/#article","isPartOf":{"@id":"https:\/\/diariotextual.com\/inicio\/index.php\/2026\/05\/01\/perez-companc-compro-a-pluspetrol-las-areas-petroleras-de-el-corcobo-en-la-pampa\/"},"author":{"name":"Diario1 Diario1","@id":"https:\/\/diariotextual.com\/inicio\/#\/schema\/person\/418fc4093c33e86ed41562db3508f958"},"headline":"P\u00e9rez Companc compr\u00f3 a Pluspetrol las \u00e1reas petroleras de El Corcobo en La Pampa","datePublished":"2026-05-01T22:31:48+00:00","dateModified":"2026-05-01T22:31:51+00:00","mainEntityOfPage":{"@id":"https:\/\/diariotextual.com\/inicio\/index.php\/2026\/05\/01\/perez-companc-compro-a-pluspetrol-las-areas-petroleras-de-el-corcobo-en-la-pampa\/"},"wordCount":339,"publisher":{"@id":"https:\/\/diariotextual.com\/inicio\/#organization"},"image":{"@id":"https:\/\/diariotextual.com\/inicio\/index.php\/2026\/05\/01\/perez-companc-compro-a-pluspetrol-las-areas-petroleras-de-el-corcobo-en-la-pampa\/#primaryimage"},"thumbnailUrl":"https:\/\/diariotextual.com\/inicio\/wp-content\/uploads\/2026\/05\/pecompetroleo0003.webp","articleSection":["A - PORTADA","POLITICA"],"inLanguage":"es"},{"@type":"WebPage","@id":"https:\/\/diariotextual.com\/inicio\/index.php\/2026\/05\/01\/perez-companc-compro-a-pluspetrol-las-areas-petroleras-de-el-corcobo-en-la-pampa\/","url":"https:\/\/diariotextual.com\/inicio\/index.php\/2026\/05\/01\/perez-companc-compro-a-pluspetrol-las-areas-petroleras-de-el-corcobo-en-la-pampa\/","name":"P\u00e9rez Companc compr\u00f3 a Pluspetrol las \u00e1reas petroleras de El Corcobo en La Pampa - Diario Textual","isPartOf":{"@id":"https:\/\/diariotextual.com\/inicio\/#website"},"primaryImageOfPage":{"@id":"https:\/\/diariotextual.com\/inicio\/index.php\/2026\/05\/01\/perez-companc-compro-a-pluspetrol-las-areas-petroleras-de-el-corcobo-en-la-pampa\/#primaryimage"},"image":{"@id":"https:\/\/diariotextual.com\/inicio\/index.php\/2026\/05\/01\/perez-companc-compro-a-pluspetrol-las-areas-petroleras-de-el-corcobo-en-la-pampa\/#primaryimage"},"thumbnailUrl":"https:\/\/diariotextual.com\/inicio\/wp-content\/uploads\/2026\/05\/pecompetroleo0003.webp","datePublished":"2026-05-01T22:31:48+00:00","dateModified":"2026-05-01T22:31:51+00:00","breadcrumb":{"@id":"https:\/\/diariotextual.com\/inicio\/index.php\/2026\/05\/01\/perez-companc-compro-a-pluspetrol-las-areas-petroleras-de-el-corcobo-en-la-pampa\/#breadcrumb"},"inLanguage":"es","potentialAction":[{"@type":"ReadAction","target":["https:\/\/diariotextual.com\/inicio\/index.php\/2026\/05\/01\/perez-companc-compro-a-pluspetrol-las-areas-petroleras-de-el-corcobo-en-la-pampa\/"]}]},{"@type":"ImageObject","inLanguage":"es","@id":"https:\/\/diariotextual.com\/inicio\/index.php\/2026\/05\/01\/perez-companc-compro-a-pluspetrol-las-areas-petroleras-de-el-corcobo-en-la-pampa\/#primaryimage","url":"https:\/\/diariotextual.com\/inicio\/wp-content\/uploads\/2026\/05\/pecompetroleo0003.webp","contentUrl":"https:\/\/diariotextual.com\/inicio\/wp-content\/uploads\/2026\/05\/pecompetroleo0003.webp","width":928,"height":522},{"@type":"BreadcrumbList","@id":"https:\/\/diariotextual.com\/inicio\/index.php\/2026\/05\/01\/perez-companc-compro-a-pluspetrol-las-areas-petroleras-de-el-corcobo-en-la-pampa\/#breadcrumb","itemListElement":[{"@type":"ListItem","position":1,"name":"Portada","item":"https:\/\/diariotextual.com\/inicio\/"},{"@type":"ListItem","position":2,"name":"P\u00e9rez Companc compr\u00f3 a Pluspetrol las \u00e1reas petroleras de El Corcobo en La Pampa"}]},{"@type":"WebSite","@id":"https:\/\/diariotextual.com\/inicio\/#website","url":"https:\/\/diariotextual.com\/inicio\/","name":"Diario Textual","description":"","publisher":{"@id":"https:\/\/diariotextual.com\/inicio\/#organization"},"potentialAction":[{"@type":"SearchAction","target":{"@type":"EntryPoint","urlTemplate":"https:\/\/diariotextual.com\/inicio\/?s={search_term_string}"},"query-input":{"@type":"PropertyValueSpecification","valueRequired":true,"valueName":"search_term_string"}}],"inLanguage":"es"},{"@type":"Organization","@id":"https:\/\/diariotextual.com\/inicio\/#organization","name":"Diario Textual","url":"https:\/\/diariotextual.com\/inicio\/","logo":{"@type":"ImageObject","inLanguage":"es","@id":"https:\/\/diariotextual.com\/inicio\/#\/schema\/logo\/image\/","url":"https:\/\/diariotextual.com\/inicio\/wp-content\/uploads\/2023\/05\/logotextual1.jpg","contentUrl":"https:\/\/diariotextual.com\/inicio\/wp-content\/uploads\/2023\/05\/logotextual1.jpg","width":516,"height":76,"caption":"Diario Textual"},"image":{"@id":"https:\/\/diariotextual.com\/inicio\/#\/schema\/logo\/image\/"},"sameAs":["https:\/\/www.facebook.com\/eltextual","https:\/\/x.com\/eltextual","http:\/\/www.instagram.com\/eltextual"]},{"@type":"Person","@id":"https:\/\/diariotextual.com\/inicio\/#\/schema\/person\/418fc4093c33e86ed41562db3508f958","name":"Diario1 Diario1","image":{"@type":"ImageObject","inLanguage":"es","@id":"https:\/\/secure.gravatar.com\/avatar\/9167d280179c85bc18be67aa7eda765854300033af4896dd779b608640f2ef7a?s=96&d=mm&r=g","url":"https:\/\/secure.gravatar.com\/avatar\/9167d280179c85bc18be67aa7eda765854300033af4896dd779b608640f2ef7a?s=96&d=mm&r=g","contentUrl":"https:\/\/secure.gravatar.com\/avatar\/9167d280179c85bc18be67aa7eda765854300033af4896dd779b608640f2ef7a?s=96&d=mm&r=g","caption":"Diario1 Diario1"},"url":"https:\/\/diariotextual.com\/inicio\/index.php\/author\/diario1\/"}]}},"_links":{"self":[{"href":"https:\/\/diariotextual.com\/inicio\/index.php\/wp-json\/wp\/v2\/posts\/326158","targetHints":{"allow":["GET"]}}],"collection":[{"href":"https:\/\/diariotextual.com\/inicio\/index.php\/wp-json\/wp\/v2\/posts"}],"about":[{"href":"https:\/\/diariotextual.com\/inicio\/index.php\/wp-json\/wp\/v2\/types\/post"}],"author":[{"embeddable":true,"href":"https:\/\/diariotextual.com\/inicio\/index.php\/wp-json\/wp\/v2\/users\/3"}],"replies":[{"embeddable":true,"href":"https:\/\/diariotextual.com\/inicio\/index.php\/wp-json\/wp\/v2\/comments?post=326158"}],"version-history":[{"count":2,"href":"https:\/\/diariotextual.com\/inicio\/index.php\/wp-json\/wp\/v2\/posts\/326158\/revisions"}],"predecessor-version":[{"id":326161,"href":"https:\/\/diariotextual.com\/inicio\/index.php\/wp-json\/wp\/v2\/posts\/326158\/revisions\/326161"}],"wp:featuredmedia":[{"embeddable":true,"href":"https:\/\/diariotextual.com\/inicio\/index.php\/wp-json\/wp\/v2\/media\/326160"}],"wp:attachment":[{"href":"https:\/\/diariotextual.com\/inicio\/index.php\/wp-json\/wp\/v2\/media?parent=326158"}],"wp:term":[{"taxonomy":"category","embeddable":true,"href":"https:\/\/diariotextual.com\/inicio\/index.php\/wp-json\/wp\/v2\/categories?post=326158"},{"taxonomy":"post_tag","embeddable":true,"href":"https:\/\/diariotextual.com\/inicio\/index.php\/wp-json\/wp\/v2\/tags?post=326158"}],"curies":[{"name":"wp","href":"https:\/\/api.w.org\/{rel}","templated":true}]}}