{"id":326208,"date":"2026-05-03T08:25:51","date_gmt":"2026-05-03T11:25:51","guid":{"rendered":"https:\/\/diariotextual.com\/inicio\/?p=326208"},"modified":"2026-05-03T08:26:11","modified_gmt":"2026-05-03T11:26:11","slug":"el-gobierno-cree-que-cerro-el-capitulo-adoni-los-milei-apuestan-a-que-siga-siendo-la-cara-de-la-gestion","status":"publish","type":"post","link":"https:\/\/diariotextual.com\/inicio\/index.php\/2026\/05\/03\/el-gobierno-cree-que-cerro-el-capitulo-adoni-los-milei-apuestan-a-que-siga-siendo-la-cara-de-la-gestion\/","title":{"rendered":"El Gobierno cree que cerr\u00f3 el cap\u00edtulo Adorni: los Milei apuestan a que siga siendo la cara de la gesti\u00f3n"},"content":{"rendered":"\n<p><strong>Luego de dos meses marcados por la quietud y el silencio, el Gobierno Nacional conf\u00eda en haber dado vuelta la p\u00e1gina de la pol\u00e9mica abierta a ra\u00edz de los viajes y las propiedades del jefe de Gabinete<\/strong>,&nbsp;<strong>Manuel Adorni<\/strong>, y lo reafirma al frente de la comunicaci\u00f3n de la gesti\u00f3n.<\/p>\n\n\n\n<p>Seg\u00fan supo la&nbsp;agencia Noticias Argentinas, una vez pasado el informe del 29 de abril, que cont\u00f3 por primera vez en la historia con la presencia del presidente&nbsp;<strong>Javier Milei<\/strong>&nbsp;y el Gabinete completo, la secretaria general de la Presidencia,&nbsp;<strong>Karina Milei,&nbsp;<\/strong>resolvi\u00f3 en una reuni\u00f3n con el ministro coordinador, la vuelta a las&nbsp;<strong>conferencias de prensa&nbsp;<\/strong>que tendr\u00e1 lugar a principios de semana.&nbsp;<\/p>\n\n\n\n<p>\u201c<strong>Creemos que comunicar es importante<\/strong>. Adem\u00e1s, quer\u00edamos darles la bienvenida a los periodistas\u201d, sostuvo una fuente de llegada al exvocero para justificar el retorno a las habituales comunicaciones.&nbsp;<\/p>\n\n\n\n<p>Asimismo, el Poder Ejecutivo le levantar\u00e1&nbsp;<strong>la restricci\u00f3n a la prensa acreditada<\/strong>, impedida de ingresar a Casa Rosada desde el jueves 23 de abril por orden directa del mandatario libertario.&nbsp;<\/p>\n\n\n\n<p>Lo cierto es que los hermanos Milei apuestan a que el funcionario, se\u00f1alado por la oposici\u00f3n e investigado por presunto enriquecimiento il\u00edcito, contin\u00fae siendo la cara de la administraci\u00f3n libertaria por lo que aspiran a que levante el perfil.&nbsp;<\/p>\n\n\n\n<p>Se trata de una decisi\u00f3n respaldada por la plana completa que no impide que algunas voces sostengan que no hay otro funcionario para hacerse cargo de la difusi\u00f3n de las actividades.&nbsp;<\/p>\n\n\n\n<p>\u201cAl Gobierno necesita un vocero y nadie habla p\u00fablicamente.&nbsp;<strong>La verdad es que por ahora no apareci\u00f3 una mejor idea<\/strong>\u201d, se sincer\u00f3 un alfil libertario que recorre diariamente los pasillos de Balcarce 50.&nbsp;<\/p>\n\n\n\n<p>Las seis horas y media de exposici\u00f3n ante la C\u00e1mara de Diputados parecen haber conformado a varios integrantes del oficialismo que aseguran que la pol\u00e9mica medi\u00e1tica deber\u00eda quedar atr\u00e1s y se muestra optimistas con el descenlace de la causa judicial.&nbsp;<strong>\u201cCuando se esclarezca, Adorni va a salir fortalecido\u201d,<\/strong>&nbsp;garantiza una fuente importante del oficialismo.&nbsp;<\/p>\n\n\n\n<p>Con una l\u00ednea discursiva definida para responder las m\u00e1s de 4500 preguntas de la oposici\u00f3n en el Congreso \u2014instancia que la mesa pol\u00edtica fij\u00f3 como bisagra\u2014, el exvocero prepara por estos d\u00edas su retorno a la exposici\u00f3n p\u00fablica, tras las fallidas explicaciones que intent\u00f3 el 25 de marzo ante la prensa acreditada.<\/p>\n\n\n\n<p>Para eso, el viernes, brind\u00f3 una primera entrevista radial en la que reafirm\u00f3 que no renunciar\u00e1 al cargo y neg\u00f3 estar arrepentido por los viajes realizados con su familia. \u201cLa causa no tiene gollete y no va a prosperar de culpabilidad. Es una causa que no tiene ning\u00fan sustento. No quiero pecar en entrar a interferir en la causa, pero no solo que no soy culpable, sino que va a quedar todo demostrado en la Justicia\u201d, sostuvo en declaraciones al observador.&nbsp;__IP__<\/p>\n\n\n\n<p>Al tanto, un importante integrande del Gabinete asegur\u00f3 ante esta agencia que la idea de la conferencia es \u201cretomar la normalidad\u201d de la gesti\u00f3n, y volver a exponerse ante las preguntas de la prensa acreditada. Adem\u00e1s, descartan el acompa\u00f1amiento de funcionarios y legisladores como ocurri\u00f3 en la de mediados de marzo.&nbsp;<\/p>\n\n\n\n<p>Con una abultada agenda legislativa, en Casa Rosada se esperanzan con reactivar la agenda diaria y reimpulsar la actividad. Para eso, trabajan en nuevas convocatorias a mesa pol\u00edtica y reuniones de Gabinete para las pr\u00f3ximas semanas.<strong>&nbsp;\u201cDebi\u00e9ramos poner quinta a fondo\u201d,<\/strong>&nbsp;se esperanzan desde el entorno de Milei.<\/p>\n\n\n\n<p><\/p>\n","protected":false},"excerpt":{"rendered":"<p>Luego de dos meses marcados por la quietud y el silencio, el Gobierno Nacional conf\u00eda en haber dado vuelta la p\u00e1gina de la pol\u00e9mica abierta a ra\u00edz de los viajes&hellip;<\/p>\n","protected":false},"author":3,"featured_media":326209,"comment_status":"closed","ping_status":"open","sticky":false,"template":"","format":"standard","meta":{"_acf_changed":false,"footnotes":""},"categories":[9,8],"tags":[],"class_list":["post-326208","post","type-post","status-publish","format-standard","has-post-thumbnail","hentry","category-portada","category-politica"],"acf":[],"yoast_head":"<!-- This site is optimized with the Yoast SEO plugin v27.5 - https:\/\/yoast.com\/product\/yoast-seo-wordpress\/ -->\n<title>El Gobierno cree que cerr\u00f3 el cap\u00edtulo Adorni: los Milei apuestan a que siga siendo la cara de la gesti\u00f3n - Diario Textual<\/title>\n<meta name=\"robots\" content=\"index, follow, max-snippet:-1, max-image-preview:large, max-video-preview:-1\" \/>\n<link rel=\"canonical\" href=\"https:\/\/diariotextual.com\/inicio\/index.php\/2026\/05\/03\/el-gobierno-cree-que-cerro-el-capitulo-adoni-los-milei-apuestan-a-que-siga-siendo-la-cara-de-la-gestion\/\" \/>\n<meta property=\"og:locale\" content=\"es_ES\" \/>\n<meta property=\"og:type\" content=\"article\" \/>\n<meta property=\"og:title\" content=\"El Gobierno cree que cerr\u00f3 el cap\u00edtulo Adorni: los Milei apuestan a que siga siendo la cara de la gesti\u00f3n - Diario Textual\" \/>\n<meta property=\"og:description\" content=\"Luego de dos meses marcados por la quietud y el silencio, el Gobierno Nacional conf\u00eda en haber dado vuelta la p\u00e1gina de la pol\u00e9mica abierta a ra\u00edz de los viajes&hellip;\" \/>\n<meta property=\"og:url\" content=\"https:\/\/diariotextual.com\/inicio\/index.php\/2026\/05\/03\/el-gobierno-cree-que-cerro-el-capitulo-adoni-los-milei-apuestan-a-que-siga-siendo-la-cara-de-la-gestion\/\" \/>\n<meta property=\"og:site_name\" content=\"Diario Textual\" \/>\n<meta property=\"article:publisher\" content=\"https:\/\/www.facebook.com\/eltextual\" \/>\n<meta property=\"article:published_time\" content=\"2026-05-03T11:25:51+00:00\" \/>\n<meta property=\"article:modified_time\" content=\"2026-05-03T11:26:11+00:00\" \/>\n<meta property=\"og:image\" content=\"https:\/\/diariotextual.com\/inicio\/wp-content\/uploads\/2026\/05\/adornimanuel2026-77.webp\" \/>\n\t<meta property=\"og:image:width\" content=\"1080\" \/>\n\t<meta property=\"og:image:height\" content=\"720\" \/>\n\t<meta property=\"og:image:type\" content=\"image\/webp\" \/>\n<meta name=\"author\" content=\"Diario1 Diario1\" \/>\n<meta name=\"twitter:card\" content=\"summary_large_image\" \/>\n<meta name=\"twitter:creator\" content=\"@eltextual\" \/>\n<meta name=\"twitter:site\" content=\"@eltextual\" \/>\n<meta name=\"twitter:label1\" content=\"Escrito por\" \/>\n\t<meta name=\"twitter:data1\" content=\"Diario1 Diario1\" \/>\n\t<meta name=\"twitter:label2\" content=\"Tiempo de lectura\" \/>\n\t<meta name=\"twitter:data2\" content=\"1 minuto\" \/>\n<script type=\"application\/ld+json\" class=\"yoast-schema-graph\">{\"@context\":\"https:\\\/\\\/schema.org\",\"@graph\":[{\"@type\":\"Article\",\"@id\":\"https:\\\/\\\/diariotextual.com\\\/inicio\\\/index.php\\\/2026\\\/05\\\/03\\\/el-gobierno-cree-que-cerro-el-capitulo-adoni-los-milei-apuestan-a-que-siga-siendo-la-cara-de-la-gestion\\\/#article\",\"isPartOf\":{\"@id\":\"https:\\\/\\\/diariotextual.com\\\/inicio\\\/index.php\\\/2026\\\/05\\\/03\\\/el-gobierno-cree-que-cerro-el-capitulo-adoni-los-milei-apuestan-a-que-siga-siendo-la-cara-de-la-gestion\\\/\"},\"author\":{\"name\":\"Diario1 Diario1\",\"@id\":\"https:\\\/\\\/diariotextual.com\\\/inicio\\\/#\\\/schema\\\/person\\\/418fc4093c33e86ed41562db3508f958\"},\"headline\":\"El Gobierno cree que cerr\u00f3 el cap\u00edtulo Adorni: los Milei apuestan a que siga siendo la cara de la gesti\u00f3n\",\"datePublished\":\"2026-05-03T11:25:51+00:00\",\"dateModified\":\"2026-05-03T11:26:11+00:00\",\"mainEntityOfPage\":{\"@id\":\"https:\\\/\\\/diariotextual.com\\\/inicio\\\/index.php\\\/2026\\\/05\\\/03\\\/el-gobierno-cree-que-cerro-el-capitulo-adoni-los-milei-apuestan-a-que-siga-siendo-la-cara-de-la-gestion\\\/\"},\"wordCount\":641,\"publisher\":{\"@id\":\"https:\\\/\\\/diariotextual.com\\\/inicio\\\/#organization\"},\"image\":{\"@id\":\"https:\\\/\\\/diariotextual.com\\\/inicio\\\/index.php\\\/2026\\\/05\\\/03\\\/el-gobierno-cree-que-cerro-el-capitulo-adoni-los-milei-apuestan-a-que-siga-siendo-la-cara-de-la-gestion\\\/#primaryimage\"},\"thumbnailUrl\":\"https:\\\/\\\/diariotextual.com\\\/inicio\\\/wp-content\\\/uploads\\\/2026\\\/05\\\/adornimanuel2026-77.webp\",\"articleSection\":[\"A - PORTADA\",\"POLITICA\"],\"inLanguage\":\"es\"},{\"@type\":\"WebPage\",\"@id\":\"https:\\\/\\\/diariotextual.com\\\/inicio\\\/index.php\\\/2026\\\/05\\\/03\\\/el-gobierno-cree-que-cerro-el-capitulo-adoni-los-milei-apuestan-a-que-siga-siendo-la-cara-de-la-gestion\\\/\",\"url\":\"https:\\\/\\\/diariotextual.com\\\/inicio\\\/index.php\\\/2026\\\/05\\\/03\\\/el-gobierno-cree-que-cerro-el-capitulo-adoni-los-milei-apuestan-a-que-siga-siendo-la-cara-de-la-gestion\\\/\",\"name\":\"El Gobierno cree que cerr\u00f3 el cap\u00edtulo Adorni: los Milei apuestan a que siga siendo la cara de la gesti\u00f3n - Diario Textual\",\"isPartOf\":{\"@id\":\"https:\\\/\\\/diariotextual.com\\\/inicio\\\/#website\"},\"primaryImageOfPage\":{\"@id\":\"https:\\\/\\\/diariotextual.com\\\/inicio\\\/index.php\\\/2026\\\/05\\\/03\\\/el-gobierno-cree-que-cerro-el-capitulo-adoni-los-milei-apuestan-a-que-siga-siendo-la-cara-de-la-gestion\\\/#primaryimage\"},\"image\":{\"@id\":\"https:\\\/\\\/diariotextual.com\\\/inicio\\\/index.php\\\/2026\\\/05\\\/03\\\/el-gobierno-cree-que-cerro-el-capitulo-adoni-los-milei-apuestan-a-que-siga-siendo-la-cara-de-la-gestion\\\/#primaryimage\"},\"thumbnailUrl\":\"https:\\\/\\\/diariotextual.com\\\/inicio\\\/wp-content\\\/uploads\\\/2026\\\/05\\\/adornimanuel2026-77.webp\",\"datePublished\":\"2026-05-03T11:25:51+00:00\",\"dateModified\":\"2026-05-03T11:26:11+00:00\",\"breadcrumb\":{\"@id\":\"https:\\\/\\\/diariotextual.com\\\/inicio\\\/index.php\\\/2026\\\/05\\\/03\\\/el-gobierno-cree-que-cerro-el-capitulo-adoni-los-milei-apuestan-a-que-siga-siendo-la-cara-de-la-gestion\\\/#breadcrumb\"},\"inLanguage\":\"es\",\"potentialAction\":[{\"@type\":\"ReadAction\",\"target\":[\"https:\\\/\\\/diariotextual.com\\\/inicio\\\/index.php\\\/2026\\\/05\\\/03\\\/el-gobierno-cree-que-cerro-el-capitulo-adoni-los-milei-apuestan-a-que-siga-siendo-la-cara-de-la-gestion\\\/\"]}]},{\"@type\":\"ImageObject\",\"inLanguage\":\"es\",\"@id\":\"https:\\\/\\\/diariotextual.com\\\/inicio\\\/index.php\\\/2026\\\/05\\\/03\\\/el-gobierno-cree-que-cerro-el-capitulo-adoni-los-milei-apuestan-a-que-siga-siendo-la-cara-de-la-gestion\\\/#primaryimage\",\"url\":\"https:\\\/\\\/diariotextual.com\\\/inicio\\\/wp-content\\\/uploads\\\/2026\\\/05\\\/adornimanuel2026-77.webp\",\"contentUrl\":\"https:\\\/\\\/diariotextual.com\\\/inicio\\\/wp-content\\\/uploads\\\/2026\\\/05\\\/adornimanuel2026-77.webp\",\"width\":1080,\"height\":720},{\"@type\":\"BreadcrumbList\",\"@id\":\"https:\\\/\\\/diariotextual.com\\\/inicio\\\/index.php\\\/2026\\\/05\\\/03\\\/el-gobierno-cree-que-cerro-el-capitulo-adoni-los-milei-apuestan-a-que-siga-siendo-la-cara-de-la-gestion\\\/#breadcrumb\",\"itemListElement\":[{\"@type\":\"ListItem\",\"position\":1,\"name\":\"Portada\",\"item\":\"https:\\\/\\\/diariotextual.com\\\/inicio\\\/\"},{\"@type\":\"ListItem\",\"position\":2,\"name\":\"El Gobierno cree que cerr\u00f3 el cap\u00edtulo Adorni: los Milei apuestan a que siga siendo la cara de la gesti\u00f3n\"}]},{\"@type\":\"WebSite\",\"@id\":\"https:\\\/\\\/diariotextual.com\\\/inicio\\\/#website\",\"url\":\"https:\\\/\\\/diariotextual.com\\\/inicio\\\/\",\"name\":\"Diario Textual\",\"description\":\"\",\"publisher\":{\"@id\":\"https:\\\/\\\/diariotextual.com\\\/inicio\\\/#organization\"},\"potentialAction\":[{\"@type\":\"SearchAction\",\"target\":{\"@type\":\"EntryPoint\",\"urlTemplate\":\"https:\\\/\\\/diariotextual.com\\\/inicio\\\/?s={search_term_string}\"},\"query-input\":{\"@type\":\"PropertyValueSpecification\",\"valueRequired\":true,\"valueName\":\"search_term_string\"}}],\"inLanguage\":\"es\"},{\"@type\":\"Organization\",\"@id\":\"https:\\\/\\\/diariotextual.com\\\/inicio\\\/#organization\",\"name\":\"Diario Textual\",\"url\":\"https:\\\/\\\/diariotextual.com\\\/inicio\\\/\",\"logo\":{\"@type\":\"ImageObject\",\"inLanguage\":\"es\",\"@id\":\"https:\\\/\\\/diariotextual.com\\\/inicio\\\/#\\\/schema\\\/logo\\\/image\\\/\",\"url\":\"https:\\\/\\\/diariotextual.com\\\/inicio\\\/wp-content\\\/uploads\\\/2023\\\/05\\\/logotextual1.jpg\",\"contentUrl\":\"https:\\\/\\\/diariotextual.com\\\/inicio\\\/wp-content\\\/uploads\\\/2023\\\/05\\\/logotextual1.jpg\",\"width\":516,\"height\":76,\"caption\":\"Diario Textual\"},\"image\":{\"@id\":\"https:\\\/\\\/diariotextual.com\\\/inicio\\\/#\\\/schema\\\/logo\\\/image\\\/\"},\"sameAs\":[\"https:\\\/\\\/www.facebook.com\\\/eltextual\",\"https:\\\/\\\/x.com\\\/eltextual\",\"http:\\\/\\\/www.instagram.com\\\/eltextual\"]},{\"@type\":\"Person\",\"@id\":\"https:\\\/\\\/diariotextual.com\\\/inicio\\\/#\\\/schema\\\/person\\\/418fc4093c33e86ed41562db3508f958\",\"name\":\"Diario1 Diario1\",\"image\":{\"@type\":\"ImageObject\",\"inLanguage\":\"es\",\"@id\":\"https:\\\/\\\/secure.gravatar.com\\\/avatar\\\/9167d280179c85bc18be67aa7eda765854300033af4896dd779b608640f2ef7a?s=96&d=mm&r=g\",\"url\":\"https:\\\/\\\/secure.gravatar.com\\\/avatar\\\/9167d280179c85bc18be67aa7eda765854300033af4896dd779b608640f2ef7a?s=96&d=mm&r=g\",\"contentUrl\":\"https:\\\/\\\/secure.gravatar.com\\\/avatar\\\/9167d280179c85bc18be67aa7eda765854300033af4896dd779b608640f2ef7a?s=96&d=mm&r=g\",\"caption\":\"Diario1 Diario1\"},\"url\":\"https:\\\/\\\/diariotextual.com\\\/inicio\\\/index.php\\\/author\\\/diario1\\\/\"}]}<\/script>\n<!-- \/ Yoast SEO plugin. -->","yoast_head_json":{"title":"El Gobierno cree que cerr\u00f3 el cap\u00edtulo Adorni: los Milei apuestan a que siga siendo la cara de la gesti\u00f3n - Diario Textual","robots":{"index":"index","follow":"follow","max-snippet":"max-snippet:-1","max-image-preview":"max-image-preview:large","max-video-preview":"max-video-preview:-1"},"canonical":"https:\/\/diariotextual.com\/inicio\/index.php\/2026\/05\/03\/el-gobierno-cree-que-cerro-el-capitulo-adoni-los-milei-apuestan-a-que-siga-siendo-la-cara-de-la-gestion\/","og_locale":"es_ES","og_type":"article","og_title":"El Gobierno cree que cerr\u00f3 el cap\u00edtulo Adorni: los Milei apuestan a que siga siendo la cara de la gesti\u00f3n - Diario Textual","og_description":"Luego de dos meses marcados por la quietud y el silencio, el Gobierno Nacional conf\u00eda en haber dado vuelta la p\u00e1gina de la pol\u00e9mica abierta a ra\u00edz de los viajes&hellip;","og_url":"https:\/\/diariotextual.com\/inicio\/index.php\/2026\/05\/03\/el-gobierno-cree-que-cerro-el-capitulo-adoni-los-milei-apuestan-a-que-siga-siendo-la-cara-de-la-gestion\/","og_site_name":"Diario Textual","article_publisher":"https:\/\/www.facebook.com\/eltextual","article_published_time":"2026-05-03T11:25:51+00:00","article_modified_time":"2026-05-03T11:26:11+00:00","og_image":[{"width":1080,"height":720,"url":"https:\/\/diariotextual.com\/inicio\/wp-content\/uploads\/2026\/05\/adornimanuel2026-77.webp","type":"image\/webp"}],"author":"Diario1 Diario1","twitter_card":"summary_large_image","twitter_creator":"@eltextual","twitter_site":"@eltextual","twitter_misc":{"Escrito por":"Diario1 Diario1","Tiempo de lectura":"1 minuto"},"schema":{"@context":"https:\/\/schema.org","@graph":[{"@type":"Article","@id":"https:\/\/diariotextual.com\/inicio\/index.php\/2026\/05\/03\/el-gobierno-cree-que-cerro-el-capitulo-adoni-los-milei-apuestan-a-que-siga-siendo-la-cara-de-la-gestion\/#article","isPartOf":{"@id":"https:\/\/diariotextual.com\/inicio\/index.php\/2026\/05\/03\/el-gobierno-cree-que-cerro-el-capitulo-adoni-los-milei-apuestan-a-que-siga-siendo-la-cara-de-la-gestion\/"},"author":{"name":"Diario1 Diario1","@id":"https:\/\/diariotextual.com\/inicio\/#\/schema\/person\/418fc4093c33e86ed41562db3508f958"},"headline":"El Gobierno cree que cerr\u00f3 el cap\u00edtulo Adorni: los Milei apuestan a que siga siendo la cara de la gesti\u00f3n","datePublished":"2026-05-03T11:25:51+00:00","dateModified":"2026-05-03T11:26:11+00:00","mainEntityOfPage":{"@id":"https:\/\/diariotextual.com\/inicio\/index.php\/2026\/05\/03\/el-gobierno-cree-que-cerro-el-capitulo-adoni-los-milei-apuestan-a-que-siga-siendo-la-cara-de-la-gestion\/"},"wordCount":641,"publisher":{"@id":"https:\/\/diariotextual.com\/inicio\/#organization"},"image":{"@id":"https:\/\/diariotextual.com\/inicio\/index.php\/2026\/05\/03\/el-gobierno-cree-que-cerro-el-capitulo-adoni-los-milei-apuestan-a-que-siga-siendo-la-cara-de-la-gestion\/#primaryimage"},"thumbnailUrl":"https:\/\/diariotextual.com\/inicio\/wp-content\/uploads\/2026\/05\/adornimanuel2026-77.webp","articleSection":["A - PORTADA","POLITICA"],"inLanguage":"es"},{"@type":"WebPage","@id":"https:\/\/diariotextual.com\/inicio\/index.php\/2026\/05\/03\/el-gobierno-cree-que-cerro-el-capitulo-adoni-los-milei-apuestan-a-que-siga-siendo-la-cara-de-la-gestion\/","url":"https:\/\/diariotextual.com\/inicio\/index.php\/2026\/05\/03\/el-gobierno-cree-que-cerro-el-capitulo-adoni-los-milei-apuestan-a-que-siga-siendo-la-cara-de-la-gestion\/","name":"El Gobierno cree que cerr\u00f3 el cap\u00edtulo Adorni: los Milei apuestan a que siga siendo la cara de la gesti\u00f3n - Diario Textual","isPartOf":{"@id":"https:\/\/diariotextual.com\/inicio\/#website"},"primaryImageOfPage":{"@id":"https:\/\/diariotextual.com\/inicio\/index.php\/2026\/05\/03\/el-gobierno-cree-que-cerro-el-capitulo-adoni-los-milei-apuestan-a-que-siga-siendo-la-cara-de-la-gestion\/#primaryimage"},"image":{"@id":"https:\/\/diariotextual.com\/inicio\/index.php\/2026\/05\/03\/el-gobierno-cree-que-cerro-el-capitulo-adoni-los-milei-apuestan-a-que-siga-siendo-la-cara-de-la-gestion\/#primaryimage"},"thumbnailUrl":"https:\/\/diariotextual.com\/inicio\/wp-content\/uploads\/2026\/05\/adornimanuel2026-77.webp","datePublished":"2026-05-03T11:25:51+00:00","dateModified":"2026-05-03T11:26:11+00:00","breadcrumb":{"@id":"https:\/\/diariotextual.com\/inicio\/index.php\/2026\/05\/03\/el-gobierno-cree-que-cerro-el-capitulo-adoni-los-milei-apuestan-a-que-siga-siendo-la-cara-de-la-gestion\/#breadcrumb"},"inLanguage":"es","potentialAction":[{"@type":"ReadAction","target":["https:\/\/diariotextual.com\/inicio\/index.php\/2026\/05\/03\/el-gobierno-cree-que-cerro-el-capitulo-adoni-los-milei-apuestan-a-que-siga-siendo-la-cara-de-la-gestion\/"]}]},{"@type":"ImageObject","inLanguage":"es","@id":"https:\/\/diariotextual.com\/inicio\/index.php\/2026\/05\/03\/el-gobierno-cree-que-cerro-el-capitulo-adoni-los-milei-apuestan-a-que-siga-siendo-la-cara-de-la-gestion\/#primaryimage","url":"https:\/\/diariotextual.com\/inicio\/wp-content\/uploads\/2026\/05\/adornimanuel2026-77.webp","contentUrl":"https:\/\/diariotextual.com\/inicio\/wp-content\/uploads\/2026\/05\/adornimanuel2026-77.webp","width":1080,"height":720},{"@type":"BreadcrumbList","@id":"https:\/\/diariotextual.com\/inicio\/index.php\/2026\/05\/03\/el-gobierno-cree-que-cerro-el-capitulo-adoni-los-milei-apuestan-a-que-siga-siendo-la-cara-de-la-gestion\/#breadcrumb","itemListElement":[{"@type":"ListItem","position":1,"name":"Portada","item":"https:\/\/diariotextual.com\/inicio\/"},{"@type":"ListItem","position":2,"name":"El Gobierno cree que cerr\u00f3 el cap\u00edtulo Adorni: los Milei apuestan a que siga siendo la cara de la gesti\u00f3n"}]},{"@type":"WebSite","@id":"https:\/\/diariotextual.com\/inicio\/#website","url":"https:\/\/diariotextual.com\/inicio\/","name":"Diario Textual","description":"","publisher":{"@id":"https:\/\/diariotextual.com\/inicio\/#organization"},"potentialAction":[{"@type":"SearchAction","target":{"@type":"EntryPoint","urlTemplate":"https:\/\/diariotextual.com\/inicio\/?s={search_term_string}"},"query-input":{"@type":"PropertyValueSpecification","valueRequired":true,"valueName":"search_term_string"}}],"inLanguage":"es"},{"@type":"Organization","@id":"https:\/\/diariotextual.com\/inicio\/#organization","name":"Diario Textual","url":"https:\/\/diariotextual.com\/inicio\/","logo":{"@type":"ImageObject","inLanguage":"es","@id":"https:\/\/diariotextual.com\/inicio\/#\/schema\/logo\/image\/","url":"https:\/\/diariotextual.com\/inicio\/wp-content\/uploads\/2023\/05\/logotextual1.jpg","contentUrl":"https:\/\/diariotextual.com\/inicio\/wp-content\/uploads\/2023\/05\/logotextual1.jpg","width":516,"height":76,"caption":"Diario Textual"},"image":{"@id":"https:\/\/diariotextual.com\/inicio\/#\/schema\/logo\/image\/"},"sameAs":["https:\/\/www.facebook.com\/eltextual","https:\/\/x.com\/eltextual","http:\/\/www.instagram.com\/eltextual"]},{"@type":"Person","@id":"https:\/\/diariotextual.com\/inicio\/#\/schema\/person\/418fc4093c33e86ed41562db3508f958","name":"Diario1 Diario1","image":{"@type":"ImageObject","inLanguage":"es","@id":"https:\/\/secure.gravatar.com\/avatar\/9167d280179c85bc18be67aa7eda765854300033af4896dd779b608640f2ef7a?s=96&d=mm&r=g","url":"https:\/\/secure.gravatar.com\/avatar\/9167d280179c85bc18be67aa7eda765854300033af4896dd779b608640f2ef7a?s=96&d=mm&r=g","contentUrl":"https:\/\/secure.gravatar.com\/avatar\/9167d280179c85bc18be67aa7eda765854300033af4896dd779b608640f2ef7a?s=96&d=mm&r=g","caption":"Diario1 Diario1"},"url":"https:\/\/diariotextual.com\/inicio\/index.php\/author\/diario1\/"}]}},"_links":{"self":[{"href":"https:\/\/diariotextual.com\/inicio\/index.php\/wp-json\/wp\/v2\/posts\/326208","targetHints":{"allow":["GET"]}}],"collection":[{"href":"https:\/\/diariotextual.com\/inicio\/index.php\/wp-json\/wp\/v2\/posts"}],"about":[{"href":"https:\/\/diariotextual.com\/inicio\/index.php\/wp-json\/wp\/v2\/types\/post"}],"author":[{"embeddable":true,"href":"https:\/\/diariotextual.com\/inicio\/index.php\/wp-json\/wp\/v2\/users\/3"}],"replies":[{"embeddable":true,"href":"https:\/\/diariotextual.com\/inicio\/index.php\/wp-json\/wp\/v2\/comments?post=326208"}],"version-history":[{"count":3,"href":"https:\/\/diariotextual.com\/inicio\/index.php\/wp-json\/wp\/v2\/posts\/326208\/revisions"}],"predecessor-version":[{"id":326212,"href":"https:\/\/diariotextual.com\/inicio\/index.php\/wp-json\/wp\/v2\/posts\/326208\/revisions\/326212"}],"wp:featuredmedia":[{"embeddable":true,"href":"https:\/\/diariotextual.com\/inicio\/index.php\/wp-json\/wp\/v2\/media\/326209"}],"wp:attachment":[{"href":"https:\/\/diariotextual.com\/inicio\/index.php\/wp-json\/wp\/v2\/media?parent=326208"}],"wp:term":[{"taxonomy":"category","embeddable":true,"href":"https:\/\/diariotextual.com\/inicio\/index.php\/wp-json\/wp\/v2\/categories?post=326208"},{"taxonomy":"post_tag","embeddable":true,"href":"https:\/\/diariotextual.com\/inicio\/index.php\/wp-json\/wp\/v2\/tags?post=326208"}],"curies":[{"name":"wp","href":"https:\/\/api.w.org\/{rel}","templated":true}]}}