{"id":326222,"date":"2026-05-03T08:53:37","date_gmt":"2026-05-03T11:53:37","guid":{"rendered":"https:\/\/diariotextual.com\/inicio\/?p=326222"},"modified":"2026-05-03T08:53:39","modified_gmt":"2026-05-03T11:53:39","slug":"presentan-en-la-feria-del-libro-la-biografia-de-alberto-cortez-con-edicion-especial-argentina","status":"publish","type":"post","link":"https:\/\/diariotextual.com\/inicio\/index.php\/2026\/05\/03\/presentan-en-la-feria-del-libro-la-biografia-de-alberto-cortez-con-edicion-especial-argentina\/","title":{"rendered":"Presentan en la Feria del Libro la biograf\u00eda de Alberto Cortez con edici\u00f3n especial argentina"},"content":{"rendered":"\n<p>La biograf\u00eda autorizada <strong>\u201cAlberto Cortez. La vida\u201d<\/strong>, escrita por <strong>Laura Etcheverry<\/strong>, ser\u00e1 presentada este domingo 3 de mayo en la <strong>Feria Internacional del Libro de Buenos Aires<\/strong>, en el marco de su edici\u00f3n n\u00famero 50.<\/p>\n\n\n\n<p>La obra propone un recorrido \u00edntimo por la vida del cantautor pampeano <strong>Alberto Cortez<\/strong>, con una mirada que combina biograf\u00eda y narrativa po\u00e9tica.<\/p>\n\n\n\n<div style=\"height:100px\" aria-hidden=\"true\" class=\"wp-block-spacer\"><\/div>\n\n\n\n<p><strong>Una edici\u00f3n que vuelve a sus ra\u00edces<\/strong><\/p>\n\n\n\n<p>El libro, que ya tuvo circulaci\u00f3n en Espa\u00f1a y otros pa\u00edses, llega ahora en una edici\u00f3n argentina especial que incorpora fotograf\u00edas in\u00e9ditas, testimonios de figuras del \u00e1mbito cultural y un pr\u00f3logo de <strong>Ernesto S\u00e1bato<\/strong>.<\/p>\n\n\n\n<p>Seg\u00fan se destac\u00f3, esta nueva publicaci\u00f3n profundiza en la dimensi\u00f3n m\u00e1s personal del artista, abordando la relaci\u00f3n entre su vida privada y su trayectoria p\u00fablica, as\u00ed como la tensi\u00f3n entre el desarraigo y el v\u00ednculo permanente con su tierra natal.<\/p>\n\n\n\n<div style=\"height:100px\" aria-hidden=\"true\" class=\"wp-block-spacer\"><\/div>\n\n\n\n<p><strong>Presentaci\u00f3n en Buenos Aires<\/strong><\/p>\n\n\n\n<p>La actividad se realizar\u00e1 el domingo a las 16 en el stand del Ente Cultural Patagonia, en el pabell\u00f3n ocre del predio ferial. Durante el encuentro habr\u00e1 lecturas a cargo de Daniela Giannasi y un acompa\u00f1amiento musical de Ra\u00fal Ceva.<\/p>\n\n\n\n<p>La obra es una coedici\u00f3n de las editoriales Serial y 7 Sellos, y fue declarada de inter\u00e9s legislativo por la C\u00e1mara de Diputados de La Pampa y de inter\u00e9s municipal por el concejo deliberante de Santa Rosa.<\/p>\n\n\n\n<div style=\"height:100px\" aria-hidden=\"true\" class=\"wp-block-spacer\"><\/div>\n\n\n\n<p><strong>Recorrido previ<\/strong>o<\/p>\n\n\n\n<p>El libro ya fue presentado en distintos espacios culturales, entre ellos la <strong>Biblioteca Nacional Mariano Moreno<\/strong>, la Casa Museo Almafuerte en La Plata y en ciudades pampeanas como Santa Rosa, General Pico y Rancul.<\/p>\n\n\n\n<p>Con esta nueva edici\u00f3n, la biograf\u00eda busca reconectar la figura de Cortez con su origen pampeano y acercar su historia a nuevos lectores.<\/p>\n","protected":false},"excerpt":{"rendered":"<p>La biograf\u00eda autorizada \u201cAlberto Cortez. La vida\u201d, escrita por Laura Etcheverry, ser\u00e1 presentada este domingo 3 de mayo en la Feria Internacional del Libro de Buenos Aires, en el marco&hellip;<\/p>\n","protected":false},"author":4,"featured_media":44389,"comment_status":"closed","ping_status":"open","sticky":false,"template":"","format":"standard","meta":{"_acf_changed":false,"footnotes":""},"categories":[1,2],"tags":[],"class_list":["post-326222","post","type-post","status-publish","format-standard","has-post-thumbnail","hentry","category-es-noticia","category-cultura"],"acf":[],"yoast_head":"<!-- This site is optimized with the Yoast SEO plugin v27.5 - https:\/\/yoast.com\/product\/yoast-seo-wordpress\/ -->\n<title>Presentan en la Feria del Libro la biograf\u00eda de Alberto Cortez con edici\u00f3n especial argentina - Diario Textual<\/title>\n<meta name=\"robots\" content=\"index, follow, max-snippet:-1, max-image-preview:large, max-video-preview:-1\" \/>\n<link rel=\"canonical\" href=\"https:\/\/diariotextual.com\/inicio\/index.php\/2026\/05\/03\/presentan-en-la-feria-del-libro-la-biografia-de-alberto-cortez-con-edicion-especial-argentina\/\" \/>\n<meta property=\"og:locale\" content=\"es_ES\" \/>\n<meta property=\"og:type\" content=\"article\" \/>\n<meta property=\"og:title\" content=\"Presentan en la Feria del Libro la biograf\u00eda de Alberto Cortez con edici\u00f3n especial argentina - Diario Textual\" \/>\n<meta property=\"og:description\" content=\"La biograf\u00eda autorizada \u201cAlberto Cortez. La vida\u201d, escrita por Laura Etcheverry, ser\u00e1 presentada este domingo 3 de mayo en la Feria Internacional del Libro de Buenos Aires, en el marco&hellip;\" \/>\n<meta property=\"og:url\" content=\"https:\/\/diariotextual.com\/inicio\/index.php\/2026\/05\/03\/presentan-en-la-feria-del-libro-la-biografia-de-alberto-cortez-con-edicion-especial-argentina\/\" \/>\n<meta property=\"og:site_name\" content=\"Diario Textual\" \/>\n<meta property=\"article:publisher\" content=\"https:\/\/www.facebook.com\/eltextual\" \/>\n<meta property=\"article:published_time\" content=\"2026-05-03T11:53:37+00:00\" \/>\n<meta property=\"article:modified_time\" content=\"2026-05-03T11:53:39+00:00\" \/>\n<meta property=\"og:image\" content=\"https:\/\/diariotextual.com\/inicio\/wp-content\/uploads\/2019\/04\/cortezalberto11.jpg\" \/>\n\t<meta property=\"og:image:width\" content=\"1300\" \/>\n\t<meta property=\"og:image:height\" content=\"867\" \/>\n\t<meta property=\"og:image:type\" content=\"image\/jpeg\" \/>\n<meta name=\"author\" content=\"diario2\" \/>\n<meta name=\"twitter:card\" content=\"summary_large_image\" \/>\n<meta name=\"twitter:creator\" content=\"@eltextual\" \/>\n<meta name=\"twitter:site\" content=\"@eltextual\" \/>\n<meta name=\"twitter:label1\" content=\"Escrito por\" \/>\n\t<meta name=\"twitter:data1\" content=\"diario2\" \/>\n\t<meta name=\"twitter:label2\" content=\"Tiempo de lectura\" \/>\n\t<meta name=\"twitter:data2\" content=\"2 minutos\" \/>\n<script type=\"application\/ld+json\" class=\"yoast-schema-graph\">{\"@context\":\"https:\\\/\\\/schema.org\",\"@graph\":[{\"@type\":\"Article\",\"@id\":\"https:\\\/\\\/diariotextual.com\\\/inicio\\\/index.php\\\/2026\\\/05\\\/03\\\/presentan-en-la-feria-del-libro-la-biografia-de-alberto-cortez-con-edicion-especial-argentina\\\/#article\",\"isPartOf\":{\"@id\":\"https:\\\/\\\/diariotextual.com\\\/inicio\\\/index.php\\\/2026\\\/05\\\/03\\\/presentan-en-la-feria-del-libro-la-biografia-de-alberto-cortez-con-edicion-especial-argentina\\\/\"},\"author\":{\"name\":\"diario2\",\"@id\":\"https:\\\/\\\/diariotextual.com\\\/inicio\\\/#\\\/schema\\\/person\\\/694f60677f23c4a530867a98f22b3768\"},\"headline\":\"Presentan en la Feria del Libro la biograf\u00eda de Alberto Cortez con edici\u00f3n especial argentina\",\"datePublished\":\"2026-05-03T11:53:37+00:00\",\"dateModified\":\"2026-05-03T11:53:39+00:00\",\"mainEntityOfPage\":{\"@id\":\"https:\\\/\\\/diariotextual.com\\\/inicio\\\/index.php\\\/2026\\\/05\\\/03\\\/presentan-en-la-feria-del-libro-la-biografia-de-alberto-cortez-con-edicion-especial-argentina\\\/\"},\"wordCount\":325,\"publisher\":{\"@id\":\"https:\\\/\\\/diariotextual.com\\\/inicio\\\/#organization\"},\"image\":{\"@id\":\"https:\\\/\\\/diariotextual.com\\\/inicio\\\/index.php\\\/2026\\\/05\\\/03\\\/presentan-en-la-feria-del-libro-la-biografia-de-alberto-cortez-con-edicion-especial-argentina\\\/#primaryimage\"},\"thumbnailUrl\":\"https:\\\/\\\/diariotextual.com\\\/inicio\\\/wp-content\\\/uploads\\\/2019\\\/04\\\/cortezalberto11.jpg\",\"articleSection\":[\"A - ES NOTICIA (van abajo)\",\"CULTURA\"],\"inLanguage\":\"es\"},{\"@type\":\"WebPage\",\"@id\":\"https:\\\/\\\/diariotextual.com\\\/inicio\\\/index.php\\\/2026\\\/05\\\/03\\\/presentan-en-la-feria-del-libro-la-biografia-de-alberto-cortez-con-edicion-especial-argentina\\\/\",\"url\":\"https:\\\/\\\/diariotextual.com\\\/inicio\\\/index.php\\\/2026\\\/05\\\/03\\\/presentan-en-la-feria-del-libro-la-biografia-de-alberto-cortez-con-edicion-especial-argentina\\\/\",\"name\":\"Presentan en la Feria del Libro la biograf\u00eda de Alberto Cortez con edici\u00f3n especial argentina - Diario Textual\",\"isPartOf\":{\"@id\":\"https:\\\/\\\/diariotextual.com\\\/inicio\\\/#website\"},\"primaryImageOfPage\":{\"@id\":\"https:\\\/\\\/diariotextual.com\\\/inicio\\\/index.php\\\/2026\\\/05\\\/03\\\/presentan-en-la-feria-del-libro-la-biografia-de-alberto-cortez-con-edicion-especial-argentina\\\/#primaryimage\"},\"image\":{\"@id\":\"https:\\\/\\\/diariotextual.com\\\/inicio\\\/index.php\\\/2026\\\/05\\\/03\\\/presentan-en-la-feria-del-libro-la-biografia-de-alberto-cortez-con-edicion-especial-argentina\\\/#primaryimage\"},\"thumbnailUrl\":\"https:\\\/\\\/diariotextual.com\\\/inicio\\\/wp-content\\\/uploads\\\/2019\\\/04\\\/cortezalberto11.jpg\",\"datePublished\":\"2026-05-03T11:53:37+00:00\",\"dateModified\":\"2026-05-03T11:53:39+00:00\",\"breadcrumb\":{\"@id\":\"https:\\\/\\\/diariotextual.com\\\/inicio\\\/index.php\\\/2026\\\/05\\\/03\\\/presentan-en-la-feria-del-libro-la-biografia-de-alberto-cortez-con-edicion-especial-argentina\\\/#breadcrumb\"},\"inLanguage\":\"es\",\"potentialAction\":[{\"@type\":\"ReadAction\",\"target\":[\"https:\\\/\\\/diariotextual.com\\\/inicio\\\/index.php\\\/2026\\\/05\\\/03\\\/presentan-en-la-feria-del-libro-la-biografia-de-alberto-cortez-con-edicion-especial-argentina\\\/\"]}]},{\"@type\":\"ImageObject\",\"inLanguage\":\"es\",\"@id\":\"https:\\\/\\\/diariotextual.com\\\/inicio\\\/index.php\\\/2026\\\/05\\\/03\\\/presentan-en-la-feria-del-libro-la-biografia-de-alberto-cortez-con-edicion-especial-argentina\\\/#primaryimage\",\"url\":\"https:\\\/\\\/diariotextual.com\\\/inicio\\\/wp-content\\\/uploads\\\/2019\\\/04\\\/cortezalberto11.jpg\",\"contentUrl\":\"https:\\\/\\\/diariotextual.com\\\/inicio\\\/wp-content\\\/uploads\\\/2019\\\/04\\\/cortezalberto11.jpg\",\"width\":1300,\"height\":867},{\"@type\":\"BreadcrumbList\",\"@id\":\"https:\\\/\\\/diariotextual.com\\\/inicio\\\/index.php\\\/2026\\\/05\\\/03\\\/presentan-en-la-feria-del-libro-la-biografia-de-alberto-cortez-con-edicion-especial-argentina\\\/#breadcrumb\",\"itemListElement\":[{\"@type\":\"ListItem\",\"position\":1,\"name\":\"Portada\",\"item\":\"https:\\\/\\\/diariotextual.com\\\/inicio\\\/\"},{\"@type\":\"ListItem\",\"position\":2,\"name\":\"Presentan en la Feria del Libro la biograf\u00eda de Alberto Cortez con edici\u00f3n especial argentina\"}]},{\"@type\":\"WebSite\",\"@id\":\"https:\\\/\\\/diariotextual.com\\\/inicio\\\/#website\",\"url\":\"https:\\\/\\\/diariotextual.com\\\/inicio\\\/\",\"name\":\"Diario Textual\",\"description\":\"\",\"publisher\":{\"@id\":\"https:\\\/\\\/diariotextual.com\\\/inicio\\\/#organization\"},\"potentialAction\":[{\"@type\":\"SearchAction\",\"target\":{\"@type\":\"EntryPoint\",\"urlTemplate\":\"https:\\\/\\\/diariotextual.com\\\/inicio\\\/?s={search_term_string}\"},\"query-input\":{\"@type\":\"PropertyValueSpecification\",\"valueRequired\":true,\"valueName\":\"search_term_string\"}}],\"inLanguage\":\"es\"},{\"@type\":\"Organization\",\"@id\":\"https:\\\/\\\/diariotextual.com\\\/inicio\\\/#organization\",\"name\":\"Diario Textual\",\"url\":\"https:\\\/\\\/diariotextual.com\\\/inicio\\\/\",\"logo\":{\"@type\":\"ImageObject\",\"inLanguage\":\"es\",\"@id\":\"https:\\\/\\\/diariotextual.com\\\/inicio\\\/#\\\/schema\\\/logo\\\/image\\\/\",\"url\":\"https:\\\/\\\/diariotextual.com\\\/inicio\\\/wp-content\\\/uploads\\\/2023\\\/05\\\/logotextual1.jpg\",\"contentUrl\":\"https:\\\/\\\/diariotextual.com\\\/inicio\\\/wp-content\\\/uploads\\\/2023\\\/05\\\/logotextual1.jpg\",\"width\":516,\"height\":76,\"caption\":\"Diario Textual\"},\"image\":{\"@id\":\"https:\\\/\\\/diariotextual.com\\\/inicio\\\/#\\\/schema\\\/logo\\\/image\\\/\"},\"sameAs\":[\"https:\\\/\\\/www.facebook.com\\\/eltextual\",\"https:\\\/\\\/x.com\\\/eltextual\",\"http:\\\/\\\/www.instagram.com\\\/eltextual\"]},{\"@type\":\"Person\",\"@id\":\"https:\\\/\\\/diariotextual.com\\\/inicio\\\/#\\\/schema\\\/person\\\/694f60677f23c4a530867a98f22b3768\",\"name\":\"diario2\",\"image\":{\"@type\":\"ImageObject\",\"inLanguage\":\"es\",\"@id\":\"https:\\\/\\\/secure.gravatar.com\\\/avatar\\\/5a2567495ba16b852fcd8f1ed006a2e24fcace936018ed8237e95f488ad6e0a7?s=96&d=mm&r=g\",\"url\":\"https:\\\/\\\/secure.gravatar.com\\\/avatar\\\/5a2567495ba16b852fcd8f1ed006a2e24fcace936018ed8237e95f488ad6e0a7?s=96&d=mm&r=g\",\"contentUrl\":\"https:\\\/\\\/secure.gravatar.com\\\/avatar\\\/5a2567495ba16b852fcd8f1ed006a2e24fcace936018ed8237e95f488ad6e0a7?s=96&d=mm&r=g\",\"caption\":\"diario2\"},\"url\":\"https:\\\/\\\/diariotextual.com\\\/inicio\\\/index.php\\\/author\\\/diario2\\\/\"}]}<\/script>\n<!-- \/ Yoast SEO plugin. -->","yoast_head_json":{"title":"Presentan en la Feria del Libro la biograf\u00eda de Alberto Cortez con edici\u00f3n especial argentina - Diario Textual","robots":{"index":"index","follow":"follow","max-snippet":"max-snippet:-1","max-image-preview":"max-image-preview:large","max-video-preview":"max-video-preview:-1"},"canonical":"https:\/\/diariotextual.com\/inicio\/index.php\/2026\/05\/03\/presentan-en-la-feria-del-libro-la-biografia-de-alberto-cortez-con-edicion-especial-argentina\/","og_locale":"es_ES","og_type":"article","og_title":"Presentan en la Feria del Libro la biograf\u00eda de Alberto Cortez con edici\u00f3n especial argentina - Diario Textual","og_description":"La biograf\u00eda autorizada \u201cAlberto Cortez. La vida\u201d, escrita por Laura Etcheverry, ser\u00e1 presentada este domingo 3 de mayo en la Feria Internacional del Libro de Buenos Aires, en el marco&hellip;","og_url":"https:\/\/diariotextual.com\/inicio\/index.php\/2026\/05\/03\/presentan-en-la-feria-del-libro-la-biografia-de-alberto-cortez-con-edicion-especial-argentina\/","og_site_name":"Diario Textual","article_publisher":"https:\/\/www.facebook.com\/eltextual","article_published_time":"2026-05-03T11:53:37+00:00","article_modified_time":"2026-05-03T11:53:39+00:00","og_image":[{"width":1300,"height":867,"url":"https:\/\/diariotextual.com\/inicio\/wp-content\/uploads\/2019\/04\/cortezalberto11.jpg","type":"image\/jpeg"}],"author":"diario2","twitter_card":"summary_large_image","twitter_creator":"@eltextual","twitter_site":"@eltextual","twitter_misc":{"Escrito por":"diario2","Tiempo de lectura":"2 minutos"},"schema":{"@context":"https:\/\/schema.org","@graph":[{"@type":"Article","@id":"https:\/\/diariotextual.com\/inicio\/index.php\/2026\/05\/03\/presentan-en-la-feria-del-libro-la-biografia-de-alberto-cortez-con-edicion-especial-argentina\/#article","isPartOf":{"@id":"https:\/\/diariotextual.com\/inicio\/index.php\/2026\/05\/03\/presentan-en-la-feria-del-libro-la-biografia-de-alberto-cortez-con-edicion-especial-argentina\/"},"author":{"name":"diario2","@id":"https:\/\/diariotextual.com\/inicio\/#\/schema\/person\/694f60677f23c4a530867a98f22b3768"},"headline":"Presentan en la Feria del Libro la biograf\u00eda de Alberto Cortez con edici\u00f3n especial argentina","datePublished":"2026-05-03T11:53:37+00:00","dateModified":"2026-05-03T11:53:39+00:00","mainEntityOfPage":{"@id":"https:\/\/diariotextual.com\/inicio\/index.php\/2026\/05\/03\/presentan-en-la-feria-del-libro-la-biografia-de-alberto-cortez-con-edicion-especial-argentina\/"},"wordCount":325,"publisher":{"@id":"https:\/\/diariotextual.com\/inicio\/#organization"},"image":{"@id":"https:\/\/diariotextual.com\/inicio\/index.php\/2026\/05\/03\/presentan-en-la-feria-del-libro-la-biografia-de-alberto-cortez-con-edicion-especial-argentina\/#primaryimage"},"thumbnailUrl":"https:\/\/diariotextual.com\/inicio\/wp-content\/uploads\/2019\/04\/cortezalberto11.jpg","articleSection":["A - ES NOTICIA (van abajo)","CULTURA"],"inLanguage":"es"},{"@type":"WebPage","@id":"https:\/\/diariotextual.com\/inicio\/index.php\/2026\/05\/03\/presentan-en-la-feria-del-libro-la-biografia-de-alberto-cortez-con-edicion-especial-argentina\/","url":"https:\/\/diariotextual.com\/inicio\/index.php\/2026\/05\/03\/presentan-en-la-feria-del-libro-la-biografia-de-alberto-cortez-con-edicion-especial-argentina\/","name":"Presentan en la Feria del Libro la biograf\u00eda de Alberto Cortez con edici\u00f3n especial argentina - Diario Textual","isPartOf":{"@id":"https:\/\/diariotextual.com\/inicio\/#website"},"primaryImageOfPage":{"@id":"https:\/\/diariotextual.com\/inicio\/index.php\/2026\/05\/03\/presentan-en-la-feria-del-libro-la-biografia-de-alberto-cortez-con-edicion-especial-argentina\/#primaryimage"},"image":{"@id":"https:\/\/diariotextual.com\/inicio\/index.php\/2026\/05\/03\/presentan-en-la-feria-del-libro-la-biografia-de-alberto-cortez-con-edicion-especial-argentina\/#primaryimage"},"thumbnailUrl":"https:\/\/diariotextual.com\/inicio\/wp-content\/uploads\/2019\/04\/cortezalberto11.jpg","datePublished":"2026-05-03T11:53:37+00:00","dateModified":"2026-05-03T11:53:39+00:00","breadcrumb":{"@id":"https:\/\/diariotextual.com\/inicio\/index.php\/2026\/05\/03\/presentan-en-la-feria-del-libro-la-biografia-de-alberto-cortez-con-edicion-especial-argentina\/#breadcrumb"},"inLanguage":"es","potentialAction":[{"@type":"ReadAction","target":["https:\/\/diariotextual.com\/inicio\/index.php\/2026\/05\/03\/presentan-en-la-feria-del-libro-la-biografia-de-alberto-cortez-con-edicion-especial-argentina\/"]}]},{"@type":"ImageObject","inLanguage":"es","@id":"https:\/\/diariotextual.com\/inicio\/index.php\/2026\/05\/03\/presentan-en-la-feria-del-libro-la-biografia-de-alberto-cortez-con-edicion-especial-argentina\/#primaryimage","url":"https:\/\/diariotextual.com\/inicio\/wp-content\/uploads\/2019\/04\/cortezalberto11.jpg","contentUrl":"https:\/\/diariotextual.com\/inicio\/wp-content\/uploads\/2019\/04\/cortezalberto11.jpg","width":1300,"height":867},{"@type":"BreadcrumbList","@id":"https:\/\/diariotextual.com\/inicio\/index.php\/2026\/05\/03\/presentan-en-la-feria-del-libro-la-biografia-de-alberto-cortez-con-edicion-especial-argentina\/#breadcrumb","itemListElement":[{"@type":"ListItem","position":1,"name":"Portada","item":"https:\/\/diariotextual.com\/inicio\/"},{"@type":"ListItem","position":2,"name":"Presentan en la Feria del Libro la biograf\u00eda de Alberto Cortez con edici\u00f3n especial argentina"}]},{"@type":"WebSite","@id":"https:\/\/diariotextual.com\/inicio\/#website","url":"https:\/\/diariotextual.com\/inicio\/","name":"Diario Textual","description":"","publisher":{"@id":"https:\/\/diariotextual.com\/inicio\/#organization"},"potentialAction":[{"@type":"SearchAction","target":{"@type":"EntryPoint","urlTemplate":"https:\/\/diariotextual.com\/inicio\/?s={search_term_string}"},"query-input":{"@type":"PropertyValueSpecification","valueRequired":true,"valueName":"search_term_string"}}],"inLanguage":"es"},{"@type":"Organization","@id":"https:\/\/diariotextual.com\/inicio\/#organization","name":"Diario Textual","url":"https:\/\/diariotextual.com\/inicio\/","logo":{"@type":"ImageObject","inLanguage":"es","@id":"https:\/\/diariotextual.com\/inicio\/#\/schema\/logo\/image\/","url":"https:\/\/diariotextual.com\/inicio\/wp-content\/uploads\/2023\/05\/logotextual1.jpg","contentUrl":"https:\/\/diariotextual.com\/inicio\/wp-content\/uploads\/2023\/05\/logotextual1.jpg","width":516,"height":76,"caption":"Diario Textual"},"image":{"@id":"https:\/\/diariotextual.com\/inicio\/#\/schema\/logo\/image\/"},"sameAs":["https:\/\/www.facebook.com\/eltextual","https:\/\/x.com\/eltextual","http:\/\/www.instagram.com\/eltextual"]},{"@type":"Person","@id":"https:\/\/diariotextual.com\/inicio\/#\/schema\/person\/694f60677f23c4a530867a98f22b3768","name":"diario2","image":{"@type":"ImageObject","inLanguage":"es","@id":"https:\/\/secure.gravatar.com\/avatar\/5a2567495ba16b852fcd8f1ed006a2e24fcace936018ed8237e95f488ad6e0a7?s=96&d=mm&r=g","url":"https:\/\/secure.gravatar.com\/avatar\/5a2567495ba16b852fcd8f1ed006a2e24fcace936018ed8237e95f488ad6e0a7?s=96&d=mm&r=g","contentUrl":"https:\/\/secure.gravatar.com\/avatar\/5a2567495ba16b852fcd8f1ed006a2e24fcace936018ed8237e95f488ad6e0a7?s=96&d=mm&r=g","caption":"diario2"},"url":"https:\/\/diariotextual.com\/inicio\/index.php\/author\/diario2\/"}]}},"_links":{"self":[{"href":"https:\/\/diariotextual.com\/inicio\/index.php\/wp-json\/wp\/v2\/posts\/326222","targetHints":{"allow":["GET"]}}],"collection":[{"href":"https:\/\/diariotextual.com\/inicio\/index.php\/wp-json\/wp\/v2\/posts"}],"about":[{"href":"https:\/\/diariotextual.com\/inicio\/index.php\/wp-json\/wp\/v2\/types\/post"}],"author":[{"embeddable":true,"href":"https:\/\/diariotextual.com\/inicio\/index.php\/wp-json\/wp\/v2\/users\/4"}],"replies":[{"embeddable":true,"href":"https:\/\/diariotextual.com\/inicio\/index.php\/wp-json\/wp\/v2\/comments?post=326222"}],"version-history":[{"count":1,"href":"https:\/\/diariotextual.com\/inicio\/index.php\/wp-json\/wp\/v2\/posts\/326222\/revisions"}],"predecessor-version":[{"id":326223,"href":"https:\/\/diariotextual.com\/inicio\/index.php\/wp-json\/wp\/v2\/posts\/326222\/revisions\/326223"}],"wp:featuredmedia":[{"embeddable":true,"href":"https:\/\/diariotextual.com\/inicio\/index.php\/wp-json\/wp\/v2\/media\/44389"}],"wp:attachment":[{"href":"https:\/\/diariotextual.com\/inicio\/index.php\/wp-json\/wp\/v2\/media?parent=326222"}],"wp:term":[{"taxonomy":"category","embeddable":true,"href":"https:\/\/diariotextual.com\/inicio\/index.php\/wp-json\/wp\/v2\/categories?post=326222"},{"taxonomy":"post_tag","embeddable":true,"href":"https:\/\/diariotextual.com\/inicio\/index.php\/wp-json\/wp\/v2\/tags?post=326222"}],"curies":[{"name":"wp","href":"https:\/\/api.w.org\/{rel}","templated":true}]}}