{"id":3283,"date":"2018-03-29T10:42:14","date_gmt":"2018-03-29T10:42:14","guid":{"rendered":"http:\/\/diariotextual.com\/inicio\/?p=3283"},"modified":"2018-03-29T10:42:14","modified_gmt":"2018-03-29T10:42:14","slug":"68-muertos-motin-incendio-una-carcel-venezuela","status":"publish","type":"post","link":"https:\/\/diariotextual.com\/inicio\/index.php\/2018\/03\/29\/68-muertos-motin-incendio-una-carcel-venezuela\/","title":{"rendered":"Hay 68 muertos por un mot\u00edn y un incendio en una c\u00e1rcel de Venezuela"},"content":{"rendered":"<p>La Fiscal\u00eda venezolana confirm\u00f3 la muerte de 68 personas en un mot\u00edn que deriv\u00f3 en incendio en la Comandancia de la Polic\u00eda estatal de Carabobo, ubicada en la ciudad de Valencia.<!--more--><\/p>\n<p>\u00abEn las indagaciones preliminares, <strong>los resultados arrojan el fallecimiento de 66 hombres y de dos mujeres que se encontraban en calidad de visitantes<\/strong>\u00ab, escribi\u00f3 el fiscal general de Venezuela, Tarek William Saab, en su cuenta de Twitter.<\/p>\n<p>El principal desencadenante de la masacre fue un enfrentamiento entre los propios reclusos, que viven hacinados en las instalaciones, seg\u00fan explicaron fuentes policiales. Pero la ONG Una Ventana a la Libertad, la principal del pa\u00eds en defensa de los derechos de los reclusos, adelant\u00f3 la posibilidad de que un mot\u00edn haya provocado la tragedia. <strong>La gran mayor\u00eda de las v\u00edctimas perdieron la vida por asfixia<\/strong>.<\/p>\n<p>\u00abEstamos determinando con exactitud la cantidad de v\u00edctimas\u00bb, reconoci\u00f3 Jes\u00fas Santander, mano derecha de Rafael Lacava, gobernador de Carabobo.<\/p>\n<p>Los distintos relatos de lo sucedido coinciden en que a uno de los guardias le arrebataron su arma y que despu\u00e9s se gener\u00f3 el incendio. Las llamas se extendieron a toda velocidad. Un grupo de agentes abri\u00f3 un agujero en uno de los muros para intentar extraer a los detenidos. En las primeras im\u00e1genes tambi\u00e9n se observan cuerpos quemados.<\/p>\n<p>En las inmediaciones de la comisar\u00eda se vive entre el drama y la tensi\u00f3n, incluso los familiares se han enfrentado a las fuerzas policiales. \u00abQueremos responsabilizar de manera directa a la ministra Iris Varela y al Ministerio del Servicio Penitenciario por este hecho. Esta es una situaci\u00f3n que hemos venido denunciando desde hace varios a\u00f1os\u00bb, dijo Carlos Nieto, presidente de la ONG, quien a\u00f1adi\u00f3 que todas las polic\u00edas del pa\u00eds se encuentran en \u00abestado de caos\u00bb por el hacinamiento existente en las celdas, ya que el gobierno proh\u00edbe el ingreso de nuevos reclusos en las c\u00e1rceles si no son autorizados por el Ministerio.<\/p>\n<p>Los c\u00e1lculos de Una Ventana a la Libertad es que el hacinamiento supera el 300% en las comisar\u00edas venezolanas. Tambi\u00e9n se trataba de la principal queja de los reclusos en PoliCarabobo. La estampa habitual son los calabozos saturados, construidos para 40 personas y con m\u00e1s de 100 en su interior \u00aben condiciones de insalubridad\u00bb.<\/p>\n","protected":false},"excerpt":{"rendered":"<p>La Fiscal\u00eda venezolana confirm\u00f3 la muerte de 68 personas en un mot\u00edn que deriv\u00f3 en incendio en la Comandancia de la Polic\u00eda estatal de Carabobo, ubicada en la ciudad de&hellip;<\/p>\n","protected":false},"author":3,"featured_media":3286,"comment_status":"open","ping_status":"open","sticky":false,"template":"","format":"standard","meta":{"_acf_changed":false,"footnotes":""},"categories":[11,7],"tags":[],"class_list":["post-3283","post","type-post","status-publish","format-standard","has-post-thumbnail","hentry","category-que-pasa","category-mundo"],"acf":[],"yoast_head":"<!-- This site is optimized with the Yoast SEO plugin v27.5 - https:\/\/yoast.com\/product\/yoast-seo-wordpress\/ -->\n<title>Hay 68 muertos por un mot\u00edn y un incendio en una c\u00e1rcel de Venezuela - Diario Textual<\/title>\n<meta name=\"robots\" content=\"index, follow, max-snippet:-1, max-image-preview:large, max-video-preview:-1\" \/>\n<link rel=\"canonical\" href=\"https:\/\/diariotextual.com\/inicio\/index.php\/2018\/03\/29\/68-muertos-motin-incendio-una-carcel-venezuela\/\" \/>\n<meta property=\"og:locale\" content=\"es_ES\" \/>\n<meta property=\"og:type\" content=\"article\" \/>\n<meta property=\"og:title\" content=\"Hay 68 muertos por un mot\u00edn y un incendio en una c\u00e1rcel de Venezuela - Diario Textual\" \/>\n<meta property=\"og:description\" content=\"La Fiscal\u00eda venezolana confirm\u00f3 la muerte de 68 personas en un mot\u00edn que deriv\u00f3 en incendio en la Comandancia de la Polic\u00eda estatal de Carabobo, ubicada en la ciudad de&hellip;\" \/>\n<meta property=\"og:url\" content=\"https:\/\/diariotextual.com\/inicio\/index.php\/2018\/03\/29\/68-muertos-motin-incendio-una-carcel-venezuela\/\" \/>\n<meta property=\"og:site_name\" content=\"Diario Textual\" \/>\n<meta property=\"article:publisher\" content=\"https:\/\/www.facebook.com\/eltextual\" \/>\n<meta property=\"article:published_time\" content=\"2018-03-29T10:42:14+00:00\" \/>\n<meta property=\"og:image\" content=\"https:\/\/diariotextual.com\/inicio\/wp-content\/uploads\/2018\/03\/carcelvenezuelamotin2018-1.jpg\" \/>\n\t<meta property=\"og:image:width\" content=\"740\" \/>\n\t<meta property=\"og:image:height\" content=\"515\" \/>\n\t<meta property=\"og:image:type\" content=\"image\/jpeg\" \/>\n<meta name=\"author\" content=\"Diario1 Diario1\" \/>\n<meta name=\"twitter:card\" content=\"summary_large_image\" \/>\n<meta name=\"twitter:creator\" content=\"@eltextual\" \/>\n<meta name=\"twitter:site\" content=\"@eltextual\" \/>\n<meta name=\"twitter:label1\" content=\"Escrito por\" \/>\n\t<meta name=\"twitter:data1\" content=\"Diario1 Diario1\" \/>\n\t<meta name=\"twitter:label2\" content=\"Tiempo de lectura\" \/>\n\t<meta name=\"twitter:data2\" content=\"2 minutos\" \/>\n<script type=\"application\/ld+json\" class=\"yoast-schema-graph\">{\"@context\":\"https:\\\/\\\/schema.org\",\"@graph\":[{\"@type\":\"Article\",\"@id\":\"https:\\\/\\\/diariotextual.com\\\/inicio\\\/index.php\\\/2018\\\/03\\\/29\\\/68-muertos-motin-incendio-una-carcel-venezuela\\\/#article\",\"isPartOf\":{\"@id\":\"https:\\\/\\\/diariotextual.com\\\/inicio\\\/index.php\\\/2018\\\/03\\\/29\\\/68-muertos-motin-incendio-una-carcel-venezuela\\\/\"},\"author\":{\"name\":\"Diario1 Diario1\",\"@id\":\"https:\\\/\\\/diariotextual.com\\\/inicio\\\/#\\\/schema\\\/person\\\/418fc4093c33e86ed41562db3508f958\"},\"headline\":\"Hay 68 muertos por un mot\u00edn y un incendio en una c\u00e1rcel de Venezuela\",\"datePublished\":\"2018-03-29T10:42:14+00:00\",\"mainEntityOfPage\":{\"@id\":\"https:\\\/\\\/diariotextual.com\\\/inicio\\\/index.php\\\/2018\\\/03\\\/29\\\/68-muertos-motin-incendio-una-carcel-venezuela\\\/\"},\"wordCount\":404,\"commentCount\":0,\"publisher\":{\"@id\":\"https:\\\/\\\/diariotextual.com\\\/inicio\\\/#organization\"},\"image\":{\"@id\":\"https:\\\/\\\/diariotextual.com\\\/inicio\\\/index.php\\\/2018\\\/03\\\/29\\\/68-muertos-motin-incendio-una-carcel-venezuela\\\/#primaryimage\"},\"thumbnailUrl\":\"https:\\\/\\\/diariotextual.com\\\/inicio\\\/wp-content\\\/uploads\\\/2018\\\/03\\\/carcelvenezuelamotin2018-1.jpg\",\"articleSection\":[\"A - QUE PASA (al costado)\",\"MUNDO\"],\"inLanguage\":\"es\",\"potentialAction\":[{\"@type\":\"CommentAction\",\"name\":\"Comment\",\"target\":[\"https:\\\/\\\/diariotextual.com\\\/inicio\\\/index.php\\\/2018\\\/03\\\/29\\\/68-muertos-motin-incendio-una-carcel-venezuela\\\/#respond\"]}]},{\"@type\":\"WebPage\",\"@id\":\"https:\\\/\\\/diariotextual.com\\\/inicio\\\/index.php\\\/2018\\\/03\\\/29\\\/68-muertos-motin-incendio-una-carcel-venezuela\\\/\",\"url\":\"https:\\\/\\\/diariotextual.com\\\/inicio\\\/index.php\\\/2018\\\/03\\\/29\\\/68-muertos-motin-incendio-una-carcel-venezuela\\\/\",\"name\":\"Hay 68 muertos por un mot\u00edn y un incendio en una c\u00e1rcel de Venezuela - Diario Textual\",\"isPartOf\":{\"@id\":\"https:\\\/\\\/diariotextual.com\\\/inicio\\\/#website\"},\"primaryImageOfPage\":{\"@id\":\"https:\\\/\\\/diariotextual.com\\\/inicio\\\/index.php\\\/2018\\\/03\\\/29\\\/68-muertos-motin-incendio-una-carcel-venezuela\\\/#primaryimage\"},\"image\":{\"@id\":\"https:\\\/\\\/diariotextual.com\\\/inicio\\\/index.php\\\/2018\\\/03\\\/29\\\/68-muertos-motin-incendio-una-carcel-venezuela\\\/#primaryimage\"},\"thumbnailUrl\":\"https:\\\/\\\/diariotextual.com\\\/inicio\\\/wp-content\\\/uploads\\\/2018\\\/03\\\/carcelvenezuelamotin2018-1.jpg\",\"datePublished\":\"2018-03-29T10:42:14+00:00\",\"breadcrumb\":{\"@id\":\"https:\\\/\\\/diariotextual.com\\\/inicio\\\/index.php\\\/2018\\\/03\\\/29\\\/68-muertos-motin-incendio-una-carcel-venezuela\\\/#breadcrumb\"},\"inLanguage\":\"es\",\"potentialAction\":[{\"@type\":\"ReadAction\",\"target\":[\"https:\\\/\\\/diariotextual.com\\\/inicio\\\/index.php\\\/2018\\\/03\\\/29\\\/68-muertos-motin-incendio-una-carcel-venezuela\\\/\"]}]},{\"@type\":\"ImageObject\",\"inLanguage\":\"es\",\"@id\":\"https:\\\/\\\/diariotextual.com\\\/inicio\\\/index.php\\\/2018\\\/03\\\/29\\\/68-muertos-motin-incendio-una-carcel-venezuela\\\/#primaryimage\",\"url\":\"https:\\\/\\\/diariotextual.com\\\/inicio\\\/wp-content\\\/uploads\\\/2018\\\/03\\\/carcelvenezuelamotin2018-1.jpg\",\"contentUrl\":\"https:\\\/\\\/diariotextual.com\\\/inicio\\\/wp-content\\\/uploads\\\/2018\\\/03\\\/carcelvenezuelamotin2018-1.jpg\",\"width\":740,\"height\":515},{\"@type\":\"BreadcrumbList\",\"@id\":\"https:\\\/\\\/diariotextual.com\\\/inicio\\\/index.php\\\/2018\\\/03\\\/29\\\/68-muertos-motin-incendio-una-carcel-venezuela\\\/#breadcrumb\",\"itemListElement\":[{\"@type\":\"ListItem\",\"position\":1,\"name\":\"Portada\",\"item\":\"https:\\\/\\\/diariotextual.com\\\/inicio\\\/\"},{\"@type\":\"ListItem\",\"position\":2,\"name\":\"Hay 68 muertos por un mot\u00edn y un incendio en una c\u00e1rcel de Venezuela\"}]},{\"@type\":\"WebSite\",\"@id\":\"https:\\\/\\\/diariotextual.com\\\/inicio\\\/#website\",\"url\":\"https:\\\/\\\/diariotextual.com\\\/inicio\\\/\",\"name\":\"Diario Textual\",\"description\":\"\",\"publisher\":{\"@id\":\"https:\\\/\\\/diariotextual.com\\\/inicio\\\/#organization\"},\"potentialAction\":[{\"@type\":\"SearchAction\",\"target\":{\"@type\":\"EntryPoint\",\"urlTemplate\":\"https:\\\/\\\/diariotextual.com\\\/inicio\\\/?s={search_term_string}\"},\"query-input\":{\"@type\":\"PropertyValueSpecification\",\"valueRequired\":true,\"valueName\":\"search_term_string\"}}],\"inLanguage\":\"es\"},{\"@type\":\"Organization\",\"@id\":\"https:\\\/\\\/diariotextual.com\\\/inicio\\\/#organization\",\"name\":\"Diario Textual\",\"url\":\"https:\\\/\\\/diariotextual.com\\\/inicio\\\/\",\"logo\":{\"@type\":\"ImageObject\",\"inLanguage\":\"es\",\"@id\":\"https:\\\/\\\/diariotextual.com\\\/inicio\\\/#\\\/schema\\\/logo\\\/image\\\/\",\"url\":\"https:\\\/\\\/diariotextual.com\\\/inicio\\\/wp-content\\\/uploads\\\/2023\\\/05\\\/logotextual1.jpg\",\"contentUrl\":\"https:\\\/\\\/diariotextual.com\\\/inicio\\\/wp-content\\\/uploads\\\/2023\\\/05\\\/logotextual1.jpg\",\"width\":516,\"height\":76,\"caption\":\"Diario Textual\"},\"image\":{\"@id\":\"https:\\\/\\\/diariotextual.com\\\/inicio\\\/#\\\/schema\\\/logo\\\/image\\\/\"},\"sameAs\":[\"https:\\\/\\\/www.facebook.com\\\/eltextual\",\"https:\\\/\\\/x.com\\\/eltextual\",\"http:\\\/\\\/www.instagram.com\\\/eltextual\"]},{\"@type\":\"Person\",\"@id\":\"https:\\\/\\\/diariotextual.com\\\/inicio\\\/#\\\/schema\\\/person\\\/418fc4093c33e86ed41562db3508f958\",\"name\":\"Diario1 Diario1\",\"image\":{\"@type\":\"ImageObject\",\"inLanguage\":\"es\",\"@id\":\"https:\\\/\\\/secure.gravatar.com\\\/avatar\\\/9167d280179c85bc18be67aa7eda765854300033af4896dd779b608640f2ef7a?s=96&d=mm&r=g\",\"url\":\"https:\\\/\\\/secure.gravatar.com\\\/avatar\\\/9167d280179c85bc18be67aa7eda765854300033af4896dd779b608640f2ef7a?s=96&d=mm&r=g\",\"contentUrl\":\"https:\\\/\\\/secure.gravatar.com\\\/avatar\\\/9167d280179c85bc18be67aa7eda765854300033af4896dd779b608640f2ef7a?s=96&d=mm&r=g\",\"caption\":\"Diario1 Diario1\"},\"url\":\"https:\\\/\\\/diariotextual.com\\\/inicio\\\/index.php\\\/author\\\/diario1\\\/\"}]}<\/script>\n<!-- \/ Yoast SEO plugin. -->","yoast_head_json":{"title":"Hay 68 muertos por un mot\u00edn y un incendio en una c\u00e1rcel de Venezuela - Diario Textual","robots":{"index":"index","follow":"follow","max-snippet":"max-snippet:-1","max-image-preview":"max-image-preview:large","max-video-preview":"max-video-preview:-1"},"canonical":"https:\/\/diariotextual.com\/inicio\/index.php\/2018\/03\/29\/68-muertos-motin-incendio-una-carcel-venezuela\/","og_locale":"es_ES","og_type":"article","og_title":"Hay 68 muertos por un mot\u00edn y un incendio en una c\u00e1rcel de Venezuela - Diario Textual","og_description":"La Fiscal\u00eda venezolana confirm\u00f3 la muerte de 68 personas en un mot\u00edn que deriv\u00f3 en incendio en la Comandancia de la Polic\u00eda estatal de Carabobo, ubicada en la ciudad de&hellip;","og_url":"https:\/\/diariotextual.com\/inicio\/index.php\/2018\/03\/29\/68-muertos-motin-incendio-una-carcel-venezuela\/","og_site_name":"Diario Textual","article_publisher":"https:\/\/www.facebook.com\/eltextual","article_published_time":"2018-03-29T10:42:14+00:00","og_image":[{"width":740,"height":515,"url":"https:\/\/diariotextual.com\/inicio\/wp-content\/uploads\/2018\/03\/carcelvenezuelamotin2018-1.jpg","type":"image\/jpeg"}],"author":"Diario1 Diario1","twitter_card":"summary_large_image","twitter_creator":"@eltextual","twitter_site":"@eltextual","twitter_misc":{"Escrito por":"Diario1 Diario1","Tiempo de lectura":"2 minutos"},"schema":{"@context":"https:\/\/schema.org","@graph":[{"@type":"Article","@id":"https:\/\/diariotextual.com\/inicio\/index.php\/2018\/03\/29\/68-muertos-motin-incendio-una-carcel-venezuela\/#article","isPartOf":{"@id":"https:\/\/diariotextual.com\/inicio\/index.php\/2018\/03\/29\/68-muertos-motin-incendio-una-carcel-venezuela\/"},"author":{"name":"Diario1 Diario1","@id":"https:\/\/diariotextual.com\/inicio\/#\/schema\/person\/418fc4093c33e86ed41562db3508f958"},"headline":"Hay 68 muertos por un mot\u00edn y un incendio en una c\u00e1rcel de Venezuela","datePublished":"2018-03-29T10:42:14+00:00","mainEntityOfPage":{"@id":"https:\/\/diariotextual.com\/inicio\/index.php\/2018\/03\/29\/68-muertos-motin-incendio-una-carcel-venezuela\/"},"wordCount":404,"commentCount":0,"publisher":{"@id":"https:\/\/diariotextual.com\/inicio\/#organization"},"image":{"@id":"https:\/\/diariotextual.com\/inicio\/index.php\/2018\/03\/29\/68-muertos-motin-incendio-una-carcel-venezuela\/#primaryimage"},"thumbnailUrl":"https:\/\/diariotextual.com\/inicio\/wp-content\/uploads\/2018\/03\/carcelvenezuelamotin2018-1.jpg","articleSection":["A - QUE PASA (al costado)","MUNDO"],"inLanguage":"es","potentialAction":[{"@type":"CommentAction","name":"Comment","target":["https:\/\/diariotextual.com\/inicio\/index.php\/2018\/03\/29\/68-muertos-motin-incendio-una-carcel-venezuela\/#respond"]}]},{"@type":"WebPage","@id":"https:\/\/diariotextual.com\/inicio\/index.php\/2018\/03\/29\/68-muertos-motin-incendio-una-carcel-venezuela\/","url":"https:\/\/diariotextual.com\/inicio\/index.php\/2018\/03\/29\/68-muertos-motin-incendio-una-carcel-venezuela\/","name":"Hay 68 muertos por un mot\u00edn y un incendio en una c\u00e1rcel de Venezuela - Diario Textual","isPartOf":{"@id":"https:\/\/diariotextual.com\/inicio\/#website"},"primaryImageOfPage":{"@id":"https:\/\/diariotextual.com\/inicio\/index.php\/2018\/03\/29\/68-muertos-motin-incendio-una-carcel-venezuela\/#primaryimage"},"image":{"@id":"https:\/\/diariotextual.com\/inicio\/index.php\/2018\/03\/29\/68-muertos-motin-incendio-una-carcel-venezuela\/#primaryimage"},"thumbnailUrl":"https:\/\/diariotextual.com\/inicio\/wp-content\/uploads\/2018\/03\/carcelvenezuelamotin2018-1.jpg","datePublished":"2018-03-29T10:42:14+00:00","breadcrumb":{"@id":"https:\/\/diariotextual.com\/inicio\/index.php\/2018\/03\/29\/68-muertos-motin-incendio-una-carcel-venezuela\/#breadcrumb"},"inLanguage":"es","potentialAction":[{"@type":"ReadAction","target":["https:\/\/diariotextual.com\/inicio\/index.php\/2018\/03\/29\/68-muertos-motin-incendio-una-carcel-venezuela\/"]}]},{"@type":"ImageObject","inLanguage":"es","@id":"https:\/\/diariotextual.com\/inicio\/index.php\/2018\/03\/29\/68-muertos-motin-incendio-una-carcel-venezuela\/#primaryimage","url":"https:\/\/diariotextual.com\/inicio\/wp-content\/uploads\/2018\/03\/carcelvenezuelamotin2018-1.jpg","contentUrl":"https:\/\/diariotextual.com\/inicio\/wp-content\/uploads\/2018\/03\/carcelvenezuelamotin2018-1.jpg","width":740,"height":515},{"@type":"BreadcrumbList","@id":"https:\/\/diariotextual.com\/inicio\/index.php\/2018\/03\/29\/68-muertos-motin-incendio-una-carcel-venezuela\/#breadcrumb","itemListElement":[{"@type":"ListItem","position":1,"name":"Portada","item":"https:\/\/diariotextual.com\/inicio\/"},{"@type":"ListItem","position":2,"name":"Hay 68 muertos por un mot\u00edn y un incendio en una c\u00e1rcel de Venezuela"}]},{"@type":"WebSite","@id":"https:\/\/diariotextual.com\/inicio\/#website","url":"https:\/\/diariotextual.com\/inicio\/","name":"Diario Textual","description":"","publisher":{"@id":"https:\/\/diariotextual.com\/inicio\/#organization"},"potentialAction":[{"@type":"SearchAction","target":{"@type":"EntryPoint","urlTemplate":"https:\/\/diariotextual.com\/inicio\/?s={search_term_string}"},"query-input":{"@type":"PropertyValueSpecification","valueRequired":true,"valueName":"search_term_string"}}],"inLanguage":"es"},{"@type":"Organization","@id":"https:\/\/diariotextual.com\/inicio\/#organization","name":"Diario Textual","url":"https:\/\/diariotextual.com\/inicio\/","logo":{"@type":"ImageObject","inLanguage":"es","@id":"https:\/\/diariotextual.com\/inicio\/#\/schema\/logo\/image\/","url":"https:\/\/diariotextual.com\/inicio\/wp-content\/uploads\/2023\/05\/logotextual1.jpg","contentUrl":"https:\/\/diariotextual.com\/inicio\/wp-content\/uploads\/2023\/05\/logotextual1.jpg","width":516,"height":76,"caption":"Diario Textual"},"image":{"@id":"https:\/\/diariotextual.com\/inicio\/#\/schema\/logo\/image\/"},"sameAs":["https:\/\/www.facebook.com\/eltextual","https:\/\/x.com\/eltextual","http:\/\/www.instagram.com\/eltextual"]},{"@type":"Person","@id":"https:\/\/diariotextual.com\/inicio\/#\/schema\/person\/418fc4093c33e86ed41562db3508f958","name":"Diario1 Diario1","image":{"@type":"ImageObject","inLanguage":"es","@id":"https:\/\/secure.gravatar.com\/avatar\/9167d280179c85bc18be67aa7eda765854300033af4896dd779b608640f2ef7a?s=96&d=mm&r=g","url":"https:\/\/secure.gravatar.com\/avatar\/9167d280179c85bc18be67aa7eda765854300033af4896dd779b608640f2ef7a?s=96&d=mm&r=g","contentUrl":"https:\/\/secure.gravatar.com\/avatar\/9167d280179c85bc18be67aa7eda765854300033af4896dd779b608640f2ef7a?s=96&d=mm&r=g","caption":"Diario1 Diario1"},"url":"https:\/\/diariotextual.com\/inicio\/index.php\/author\/diario1\/"}]}},"_links":{"self":[{"href":"https:\/\/diariotextual.com\/inicio\/index.php\/wp-json\/wp\/v2\/posts\/3283","targetHints":{"allow":["GET"]}}],"collection":[{"href":"https:\/\/diariotextual.com\/inicio\/index.php\/wp-json\/wp\/v2\/posts"}],"about":[{"href":"https:\/\/diariotextual.com\/inicio\/index.php\/wp-json\/wp\/v2\/types\/post"}],"author":[{"embeddable":true,"href":"https:\/\/diariotextual.com\/inicio\/index.php\/wp-json\/wp\/v2\/users\/3"}],"replies":[{"embeddable":true,"href":"https:\/\/diariotextual.com\/inicio\/index.php\/wp-json\/wp\/v2\/comments?post=3283"}],"version-history":[{"count":3,"href":"https:\/\/diariotextual.com\/inicio\/index.php\/wp-json\/wp\/v2\/posts\/3283\/revisions"}],"predecessor-version":[{"id":3287,"href":"https:\/\/diariotextual.com\/inicio\/index.php\/wp-json\/wp\/v2\/posts\/3283\/revisions\/3287"}],"wp:featuredmedia":[{"embeddable":true,"href":"https:\/\/diariotextual.com\/inicio\/index.php\/wp-json\/wp\/v2\/media\/3286"}],"wp:attachment":[{"href":"https:\/\/diariotextual.com\/inicio\/index.php\/wp-json\/wp\/v2\/media?parent=3283"}],"wp:term":[{"taxonomy":"category","embeddable":true,"href":"https:\/\/diariotextual.com\/inicio\/index.php\/wp-json\/wp\/v2\/categories?post=3283"},{"taxonomy":"post_tag","embeddable":true,"href":"https:\/\/diariotextual.com\/inicio\/index.php\/wp-json\/wp\/v2\/tags?post=3283"}],"curies":[{"name":"wp","href":"https:\/\/api.w.org\/{rel}","templated":true}]}}