{"id":33114,"date":"2019-01-03T10:19:39","date_gmt":"2019-01-03T13:19:39","guid":{"rendered":"http:\/\/diariotextual.com\/inicio\/?p=33114"},"modified":"2019-01-03T11:32:39","modified_gmt":"2019-01-03T14:32:39","slug":"china-historia-coloco-una-sonda-la-cara-oculta-la-luna","status":"publish","type":"post","link":"https:\/\/diariotextual.com\/inicio\/index.php\/2019\/01\/03\/china-historia-coloco-una-sonda-la-cara-oculta-la-luna\/","title":{"rendered":"China hace historia: coloc\u00f3 una sonda en la cara oculta de la Luna"},"content":{"rendered":"<p>Una sonda en la cara oculta de la Luna fue colocada hoy por China, con el objetivo de realizar tareas de observaci\u00f3n astron\u00f3mica, detecci\u00f3n de composici\u00f3n mineral y estructura de la superficie poco profunda, a la vez que estudiar el medio ambiente de esta parte del sat\u00e9lite natural terrestre a la que jam\u00e1s se hab\u00eda llegado.<\/p>\n<blockquote class=\"twitter-tweet\" data-lang=\"es\">\n<p dir=\"ltr\" lang=\"en\"><a href=\"https:\/\/twitter.com\/hashtag\/China?src=hash&amp;ref_src=twsrc%5Etfw\">#China<\/a>&#8216;s Chang&#8217;e-4 probe sends back world&#8217;s first close shot of moon&#8217;s far side after historic soft landing on uncharted area <a href=\"https:\/\/t.co\/OckokVjnh8\">https:\/\/t.co\/OckokVjnh8<\/a> <a href=\"https:\/\/t.co\/ReORkkPcq3\">pic.twitter.com\/ReORkkPcq3<\/a><\/p>\n<p>\u2014 CGTN (@CGTNOfficial) <a href=\"https:\/\/twitter.com\/CGTNOfficial\/status\/1080689112598773762?ref_src=twsrc%5Etfw\">3 de enero de 2019<\/a><\/p><\/blockquote>\n<p><script async src=\"https:\/\/platform.twitter.com\/widgets.js\" charset=\"utf-8\"><\/script><\/p>\n<p>Seg\u00fan la Televisi\u00f3n Central de China, el aterrizaje, que se efectu\u00f3 relativamente cerca del lugar predeterminado, permiti\u00f3\u00a0\u00ababrir un nuevo cap\u00edtulo\u00bb\u00a0en el estudio del sat\u00e9lite de la Tierra.<\/p>\n<p><iframe src=\"https:\/\/www.youtube.com\/embed\/3reQGq3yX8A\" width=\"560\" height=\"315\" frameborder=\"0\" allowfullscreen=\"allowfullscreen\"><\/iframe><\/p>\n<p><strong>\u00abUn gran hito en la exploraci\u00f3n humana del universo\u00bb<\/strong>, indic\u00f3 la prensa estatal sobre la llegada, a las 10.26 hora de China (antes de la medianoche argentina), de la sonda Chang&#8217;e 4 al cr\u00e1ter Von Karman de la cuenca Aitken, en el polo sur del sat\u00e9lite, inform\u00f3 la agencia EFE.<\/p>\n<p>La Administraci\u00f3n Nacional del Espacio de China (ANEC) indic\u00f3 que el alunizaje se produjo despu\u00e9s de que el Centro de Control Aeroespacial de Pek\u00edn diera la orden a las 10.15 hora local, a partir de lo que la sonda inici\u00f3 el descenso desde el punto m\u00e1s cercano de su \u00f3rbita, a 15 kil\u00f3metros de la Luna.<\/p>\n<p>Desde entonces, transcurrieron 12 interminables minutos para los ingenieros chinos: la velocidad respecto a la Luna se fue reduciendo de 1,7 kil\u00f3metros por segundo a pr\u00e1cticamente cero y la inclinaci\u00f3n se modific\u00f3 cuando quedaban entre 6 y 8 kil\u00f3metros hasta la superficie lunar.<\/p>\n<p>Cuando solo faltaban 100 metros, la Chang&#8217;e 4 plane\u00f3 para identificar obst\u00e1culos y medir las pendientes de la superficie y seleccion\u00f3 una zona lo suficientemente llana en la que descender de forma lenta y vertical.<\/p>\n","protected":false},"excerpt":{"rendered":"<p>Una sonda en la cara oculta de la Luna fue colocada hoy por China, con el objetivo de realizar tareas de observaci\u00f3n astron\u00f3mica, detecci\u00f3n de composici\u00f3n mineral y estructura de&hellip;<\/p>\n","protected":false},"author":4,"featured_media":33115,"comment_status":"closed","ping_status":"open","sticky":false,"template":"","format":"standard","meta":{"_acf_changed":false,"footnotes":""},"categories":[11,7],"tags":[818,1317],"class_list":["post-33114","post","type-post","status-publish","format-standard","has-post-thumbnail","hentry","category-que-pasa","category-mundo","tag-china","tag-luna"],"acf":[],"yoast_head":"<!-- This site is optimized with the Yoast SEO plugin v27.5 - https:\/\/yoast.com\/product\/yoast-seo-wordpress\/ -->\n<title>China hace historia: coloc\u00f3 una sonda en la cara oculta de la Luna - Diario Textual<\/title>\n<meta name=\"robots\" content=\"index, follow, max-snippet:-1, max-image-preview:large, max-video-preview:-1\" \/>\n<link rel=\"canonical\" href=\"https:\/\/diariotextual.com\/inicio\/index.php\/2019\/01\/03\/china-historia-coloco-una-sonda-la-cara-oculta-la-luna\/\" \/>\n<meta property=\"og:locale\" content=\"es_ES\" \/>\n<meta property=\"og:type\" content=\"article\" \/>\n<meta property=\"og:title\" content=\"China hace historia: coloc\u00f3 una sonda en la cara oculta de la Luna - Diario Textual\" \/>\n<meta property=\"og:description\" content=\"Una sonda en la cara oculta de la Luna fue colocada hoy por China, con el objetivo de realizar tareas de observaci\u00f3n astron\u00f3mica, detecci\u00f3n de composici\u00f3n mineral y estructura de&hellip;\" \/>\n<meta property=\"og:url\" content=\"https:\/\/diariotextual.com\/inicio\/index.php\/2019\/01\/03\/china-historia-coloco-una-sonda-la-cara-oculta-la-luna\/\" \/>\n<meta property=\"og:site_name\" content=\"Diario Textual\" \/>\n<meta property=\"article:publisher\" content=\"https:\/\/www.facebook.com\/eltextual\" \/>\n<meta property=\"article:published_time\" content=\"2019-01-03T13:19:39+00:00\" \/>\n<meta property=\"article:modified_time\" content=\"2019-01-03T14:32:39+00:00\" \/>\n<meta property=\"og:image\" content=\"https:\/\/diariotextual.com\/inicio\/wp-content\/uploads\/2019\/01\/lunaaterrizajechina2019.jpg\" \/>\n\t<meta property=\"og:image:width\" content=\"803\" \/>\n\t<meta property=\"og:image:height\" content=\"452\" \/>\n\t<meta property=\"og:image:type\" content=\"image\/jpeg\" \/>\n<meta name=\"author\" content=\"diario2\" \/>\n<meta name=\"twitter:card\" content=\"summary_large_image\" \/>\n<meta name=\"twitter:creator\" content=\"@eltextual\" \/>\n<meta name=\"twitter:site\" content=\"@eltextual\" \/>\n<meta name=\"twitter:label1\" content=\"Escrito por\" \/>\n\t<meta name=\"twitter:data1\" content=\"diario2\" \/>\n\t<meta name=\"twitter:label2\" content=\"Tiempo de lectura\" \/>\n\t<meta name=\"twitter:data2\" content=\"2 minutos\" \/>\n<script type=\"application\/ld+json\" class=\"yoast-schema-graph\">{\"@context\":\"https:\\\/\\\/schema.org\",\"@graph\":[{\"@type\":\"Article\",\"@id\":\"https:\\\/\\\/diariotextual.com\\\/inicio\\\/index.php\\\/2019\\\/01\\\/03\\\/china-historia-coloco-una-sonda-la-cara-oculta-la-luna\\\/#article\",\"isPartOf\":{\"@id\":\"https:\\\/\\\/diariotextual.com\\\/inicio\\\/index.php\\\/2019\\\/01\\\/03\\\/china-historia-coloco-una-sonda-la-cara-oculta-la-luna\\\/\"},\"author\":{\"name\":\"diario2\",\"@id\":\"https:\\\/\\\/diariotextual.com\\\/inicio\\\/#\\\/schema\\\/person\\\/694f60677f23c4a530867a98f22b3768\"},\"headline\":\"China hace historia: coloc\u00f3 una sonda en la cara oculta de la Luna\",\"datePublished\":\"2019-01-03T13:19:39+00:00\",\"dateModified\":\"2019-01-03T14:32:39+00:00\",\"mainEntityOfPage\":{\"@id\":\"https:\\\/\\\/diariotextual.com\\\/inicio\\\/index.php\\\/2019\\\/01\\\/03\\\/china-historia-coloco-una-sonda-la-cara-oculta-la-luna\\\/\"},\"wordCount\":329,\"publisher\":{\"@id\":\"https:\\\/\\\/diariotextual.com\\\/inicio\\\/#organization\"},\"image\":{\"@id\":\"https:\\\/\\\/diariotextual.com\\\/inicio\\\/index.php\\\/2019\\\/01\\\/03\\\/china-historia-coloco-una-sonda-la-cara-oculta-la-luna\\\/#primaryimage\"},\"thumbnailUrl\":\"https:\\\/\\\/diariotextual.com\\\/inicio\\\/wp-content\\\/uploads\\\/2019\\\/01\\\/lunaaterrizajechina2019.jpg\",\"keywords\":[\"china\",\"Luna\"],\"articleSection\":[\"A - QUE PASA (al costado)\",\"MUNDO\"],\"inLanguage\":\"es\"},{\"@type\":\"WebPage\",\"@id\":\"https:\\\/\\\/diariotextual.com\\\/inicio\\\/index.php\\\/2019\\\/01\\\/03\\\/china-historia-coloco-una-sonda-la-cara-oculta-la-luna\\\/\",\"url\":\"https:\\\/\\\/diariotextual.com\\\/inicio\\\/index.php\\\/2019\\\/01\\\/03\\\/china-historia-coloco-una-sonda-la-cara-oculta-la-luna\\\/\",\"name\":\"China hace historia: coloc\u00f3 una sonda en la cara oculta de la Luna - Diario Textual\",\"isPartOf\":{\"@id\":\"https:\\\/\\\/diariotextual.com\\\/inicio\\\/#website\"},\"primaryImageOfPage\":{\"@id\":\"https:\\\/\\\/diariotextual.com\\\/inicio\\\/index.php\\\/2019\\\/01\\\/03\\\/china-historia-coloco-una-sonda-la-cara-oculta-la-luna\\\/#primaryimage\"},\"image\":{\"@id\":\"https:\\\/\\\/diariotextual.com\\\/inicio\\\/index.php\\\/2019\\\/01\\\/03\\\/china-historia-coloco-una-sonda-la-cara-oculta-la-luna\\\/#primaryimage\"},\"thumbnailUrl\":\"https:\\\/\\\/diariotextual.com\\\/inicio\\\/wp-content\\\/uploads\\\/2019\\\/01\\\/lunaaterrizajechina2019.jpg\",\"datePublished\":\"2019-01-03T13:19:39+00:00\",\"dateModified\":\"2019-01-03T14:32:39+00:00\",\"breadcrumb\":{\"@id\":\"https:\\\/\\\/diariotextual.com\\\/inicio\\\/index.php\\\/2019\\\/01\\\/03\\\/china-historia-coloco-una-sonda-la-cara-oculta-la-luna\\\/#breadcrumb\"},\"inLanguage\":\"es\",\"potentialAction\":[{\"@type\":\"ReadAction\",\"target\":[\"https:\\\/\\\/diariotextual.com\\\/inicio\\\/index.php\\\/2019\\\/01\\\/03\\\/china-historia-coloco-una-sonda-la-cara-oculta-la-luna\\\/\"]}]},{\"@type\":\"ImageObject\",\"inLanguage\":\"es\",\"@id\":\"https:\\\/\\\/diariotextual.com\\\/inicio\\\/index.php\\\/2019\\\/01\\\/03\\\/china-historia-coloco-una-sonda-la-cara-oculta-la-luna\\\/#primaryimage\",\"url\":\"https:\\\/\\\/diariotextual.com\\\/inicio\\\/wp-content\\\/uploads\\\/2019\\\/01\\\/lunaaterrizajechina2019.jpg\",\"contentUrl\":\"https:\\\/\\\/diariotextual.com\\\/inicio\\\/wp-content\\\/uploads\\\/2019\\\/01\\\/lunaaterrizajechina2019.jpg\",\"width\":803,\"height\":452},{\"@type\":\"BreadcrumbList\",\"@id\":\"https:\\\/\\\/diariotextual.com\\\/inicio\\\/index.php\\\/2019\\\/01\\\/03\\\/china-historia-coloco-una-sonda-la-cara-oculta-la-luna\\\/#breadcrumb\",\"itemListElement\":[{\"@type\":\"ListItem\",\"position\":1,\"name\":\"Portada\",\"item\":\"https:\\\/\\\/diariotextual.com\\\/inicio\\\/\"},{\"@type\":\"ListItem\",\"position\":2,\"name\":\"China hace historia: coloc\u00f3 una sonda en la cara oculta de la Luna\"}]},{\"@type\":\"WebSite\",\"@id\":\"https:\\\/\\\/diariotextual.com\\\/inicio\\\/#website\",\"url\":\"https:\\\/\\\/diariotextual.com\\\/inicio\\\/\",\"name\":\"Diario Textual\",\"description\":\"\",\"publisher\":{\"@id\":\"https:\\\/\\\/diariotextual.com\\\/inicio\\\/#organization\"},\"potentialAction\":[{\"@type\":\"SearchAction\",\"target\":{\"@type\":\"EntryPoint\",\"urlTemplate\":\"https:\\\/\\\/diariotextual.com\\\/inicio\\\/?s={search_term_string}\"},\"query-input\":{\"@type\":\"PropertyValueSpecification\",\"valueRequired\":true,\"valueName\":\"search_term_string\"}}],\"inLanguage\":\"es\"},{\"@type\":\"Organization\",\"@id\":\"https:\\\/\\\/diariotextual.com\\\/inicio\\\/#organization\",\"name\":\"Diario Textual\",\"url\":\"https:\\\/\\\/diariotextual.com\\\/inicio\\\/\",\"logo\":{\"@type\":\"ImageObject\",\"inLanguage\":\"es\",\"@id\":\"https:\\\/\\\/diariotextual.com\\\/inicio\\\/#\\\/schema\\\/logo\\\/image\\\/\",\"url\":\"https:\\\/\\\/diariotextual.com\\\/inicio\\\/wp-content\\\/uploads\\\/2023\\\/05\\\/logotextual1.jpg\",\"contentUrl\":\"https:\\\/\\\/diariotextual.com\\\/inicio\\\/wp-content\\\/uploads\\\/2023\\\/05\\\/logotextual1.jpg\",\"width\":516,\"height\":76,\"caption\":\"Diario Textual\"},\"image\":{\"@id\":\"https:\\\/\\\/diariotextual.com\\\/inicio\\\/#\\\/schema\\\/logo\\\/image\\\/\"},\"sameAs\":[\"https:\\\/\\\/www.facebook.com\\\/eltextual\",\"https:\\\/\\\/x.com\\\/eltextual\",\"http:\\\/\\\/www.instagram.com\\\/eltextual\"]},{\"@type\":\"Person\",\"@id\":\"https:\\\/\\\/diariotextual.com\\\/inicio\\\/#\\\/schema\\\/person\\\/694f60677f23c4a530867a98f22b3768\",\"name\":\"diario2\",\"image\":{\"@type\":\"ImageObject\",\"inLanguage\":\"es\",\"@id\":\"https:\\\/\\\/secure.gravatar.com\\\/avatar\\\/5a2567495ba16b852fcd8f1ed006a2e24fcace936018ed8237e95f488ad6e0a7?s=96&d=mm&r=g\",\"url\":\"https:\\\/\\\/secure.gravatar.com\\\/avatar\\\/5a2567495ba16b852fcd8f1ed006a2e24fcace936018ed8237e95f488ad6e0a7?s=96&d=mm&r=g\",\"contentUrl\":\"https:\\\/\\\/secure.gravatar.com\\\/avatar\\\/5a2567495ba16b852fcd8f1ed006a2e24fcace936018ed8237e95f488ad6e0a7?s=96&d=mm&r=g\",\"caption\":\"diario2\"},\"url\":\"https:\\\/\\\/diariotextual.com\\\/inicio\\\/index.php\\\/author\\\/diario2\\\/\"}]}<\/script>\n<!-- \/ Yoast SEO plugin. -->","yoast_head_json":{"title":"China hace historia: coloc\u00f3 una sonda en la cara oculta de la Luna - Diario Textual","robots":{"index":"index","follow":"follow","max-snippet":"max-snippet:-1","max-image-preview":"max-image-preview:large","max-video-preview":"max-video-preview:-1"},"canonical":"https:\/\/diariotextual.com\/inicio\/index.php\/2019\/01\/03\/china-historia-coloco-una-sonda-la-cara-oculta-la-luna\/","og_locale":"es_ES","og_type":"article","og_title":"China hace historia: coloc\u00f3 una sonda en la cara oculta de la Luna - Diario Textual","og_description":"Una sonda en la cara oculta de la Luna fue colocada hoy por China, con el objetivo de realizar tareas de observaci\u00f3n astron\u00f3mica, detecci\u00f3n de composici\u00f3n mineral y estructura de&hellip;","og_url":"https:\/\/diariotextual.com\/inicio\/index.php\/2019\/01\/03\/china-historia-coloco-una-sonda-la-cara-oculta-la-luna\/","og_site_name":"Diario Textual","article_publisher":"https:\/\/www.facebook.com\/eltextual","article_published_time":"2019-01-03T13:19:39+00:00","article_modified_time":"2019-01-03T14:32:39+00:00","og_image":[{"width":803,"height":452,"url":"https:\/\/diariotextual.com\/inicio\/wp-content\/uploads\/2019\/01\/lunaaterrizajechina2019.jpg","type":"image\/jpeg"}],"author":"diario2","twitter_card":"summary_large_image","twitter_creator":"@eltextual","twitter_site":"@eltextual","twitter_misc":{"Escrito por":"diario2","Tiempo de lectura":"2 minutos"},"schema":{"@context":"https:\/\/schema.org","@graph":[{"@type":"Article","@id":"https:\/\/diariotextual.com\/inicio\/index.php\/2019\/01\/03\/china-historia-coloco-una-sonda-la-cara-oculta-la-luna\/#article","isPartOf":{"@id":"https:\/\/diariotextual.com\/inicio\/index.php\/2019\/01\/03\/china-historia-coloco-una-sonda-la-cara-oculta-la-luna\/"},"author":{"name":"diario2","@id":"https:\/\/diariotextual.com\/inicio\/#\/schema\/person\/694f60677f23c4a530867a98f22b3768"},"headline":"China hace historia: coloc\u00f3 una sonda en la cara oculta de la Luna","datePublished":"2019-01-03T13:19:39+00:00","dateModified":"2019-01-03T14:32:39+00:00","mainEntityOfPage":{"@id":"https:\/\/diariotextual.com\/inicio\/index.php\/2019\/01\/03\/china-historia-coloco-una-sonda-la-cara-oculta-la-luna\/"},"wordCount":329,"publisher":{"@id":"https:\/\/diariotextual.com\/inicio\/#organization"},"image":{"@id":"https:\/\/diariotextual.com\/inicio\/index.php\/2019\/01\/03\/china-historia-coloco-una-sonda-la-cara-oculta-la-luna\/#primaryimage"},"thumbnailUrl":"https:\/\/diariotextual.com\/inicio\/wp-content\/uploads\/2019\/01\/lunaaterrizajechina2019.jpg","keywords":["china","Luna"],"articleSection":["A - QUE PASA (al costado)","MUNDO"],"inLanguage":"es"},{"@type":"WebPage","@id":"https:\/\/diariotextual.com\/inicio\/index.php\/2019\/01\/03\/china-historia-coloco-una-sonda-la-cara-oculta-la-luna\/","url":"https:\/\/diariotextual.com\/inicio\/index.php\/2019\/01\/03\/china-historia-coloco-una-sonda-la-cara-oculta-la-luna\/","name":"China hace historia: coloc\u00f3 una sonda en la cara oculta de la Luna - Diario Textual","isPartOf":{"@id":"https:\/\/diariotextual.com\/inicio\/#website"},"primaryImageOfPage":{"@id":"https:\/\/diariotextual.com\/inicio\/index.php\/2019\/01\/03\/china-historia-coloco-una-sonda-la-cara-oculta-la-luna\/#primaryimage"},"image":{"@id":"https:\/\/diariotextual.com\/inicio\/index.php\/2019\/01\/03\/china-historia-coloco-una-sonda-la-cara-oculta-la-luna\/#primaryimage"},"thumbnailUrl":"https:\/\/diariotextual.com\/inicio\/wp-content\/uploads\/2019\/01\/lunaaterrizajechina2019.jpg","datePublished":"2019-01-03T13:19:39+00:00","dateModified":"2019-01-03T14:32:39+00:00","breadcrumb":{"@id":"https:\/\/diariotextual.com\/inicio\/index.php\/2019\/01\/03\/china-historia-coloco-una-sonda-la-cara-oculta-la-luna\/#breadcrumb"},"inLanguage":"es","potentialAction":[{"@type":"ReadAction","target":["https:\/\/diariotextual.com\/inicio\/index.php\/2019\/01\/03\/china-historia-coloco-una-sonda-la-cara-oculta-la-luna\/"]}]},{"@type":"ImageObject","inLanguage":"es","@id":"https:\/\/diariotextual.com\/inicio\/index.php\/2019\/01\/03\/china-historia-coloco-una-sonda-la-cara-oculta-la-luna\/#primaryimage","url":"https:\/\/diariotextual.com\/inicio\/wp-content\/uploads\/2019\/01\/lunaaterrizajechina2019.jpg","contentUrl":"https:\/\/diariotextual.com\/inicio\/wp-content\/uploads\/2019\/01\/lunaaterrizajechina2019.jpg","width":803,"height":452},{"@type":"BreadcrumbList","@id":"https:\/\/diariotextual.com\/inicio\/index.php\/2019\/01\/03\/china-historia-coloco-una-sonda-la-cara-oculta-la-luna\/#breadcrumb","itemListElement":[{"@type":"ListItem","position":1,"name":"Portada","item":"https:\/\/diariotextual.com\/inicio\/"},{"@type":"ListItem","position":2,"name":"China hace historia: coloc\u00f3 una sonda en la cara oculta de la Luna"}]},{"@type":"WebSite","@id":"https:\/\/diariotextual.com\/inicio\/#website","url":"https:\/\/diariotextual.com\/inicio\/","name":"Diario Textual","description":"","publisher":{"@id":"https:\/\/diariotextual.com\/inicio\/#organization"},"potentialAction":[{"@type":"SearchAction","target":{"@type":"EntryPoint","urlTemplate":"https:\/\/diariotextual.com\/inicio\/?s={search_term_string}"},"query-input":{"@type":"PropertyValueSpecification","valueRequired":true,"valueName":"search_term_string"}}],"inLanguage":"es"},{"@type":"Organization","@id":"https:\/\/diariotextual.com\/inicio\/#organization","name":"Diario Textual","url":"https:\/\/diariotextual.com\/inicio\/","logo":{"@type":"ImageObject","inLanguage":"es","@id":"https:\/\/diariotextual.com\/inicio\/#\/schema\/logo\/image\/","url":"https:\/\/diariotextual.com\/inicio\/wp-content\/uploads\/2023\/05\/logotextual1.jpg","contentUrl":"https:\/\/diariotextual.com\/inicio\/wp-content\/uploads\/2023\/05\/logotextual1.jpg","width":516,"height":76,"caption":"Diario Textual"},"image":{"@id":"https:\/\/diariotextual.com\/inicio\/#\/schema\/logo\/image\/"},"sameAs":["https:\/\/www.facebook.com\/eltextual","https:\/\/x.com\/eltextual","http:\/\/www.instagram.com\/eltextual"]},{"@type":"Person","@id":"https:\/\/diariotextual.com\/inicio\/#\/schema\/person\/694f60677f23c4a530867a98f22b3768","name":"diario2","image":{"@type":"ImageObject","inLanguage":"es","@id":"https:\/\/secure.gravatar.com\/avatar\/5a2567495ba16b852fcd8f1ed006a2e24fcace936018ed8237e95f488ad6e0a7?s=96&d=mm&r=g","url":"https:\/\/secure.gravatar.com\/avatar\/5a2567495ba16b852fcd8f1ed006a2e24fcace936018ed8237e95f488ad6e0a7?s=96&d=mm&r=g","contentUrl":"https:\/\/secure.gravatar.com\/avatar\/5a2567495ba16b852fcd8f1ed006a2e24fcace936018ed8237e95f488ad6e0a7?s=96&d=mm&r=g","caption":"diario2"},"url":"https:\/\/diariotextual.com\/inicio\/index.php\/author\/diario2\/"}]}},"_links":{"self":[{"href":"https:\/\/diariotextual.com\/inicio\/index.php\/wp-json\/wp\/v2\/posts\/33114","targetHints":{"allow":["GET"]}}],"collection":[{"href":"https:\/\/diariotextual.com\/inicio\/index.php\/wp-json\/wp\/v2\/posts"}],"about":[{"href":"https:\/\/diariotextual.com\/inicio\/index.php\/wp-json\/wp\/v2\/types\/post"}],"author":[{"embeddable":true,"href":"https:\/\/diariotextual.com\/inicio\/index.php\/wp-json\/wp\/v2\/users\/4"}],"replies":[{"embeddable":true,"href":"https:\/\/diariotextual.com\/inicio\/index.php\/wp-json\/wp\/v2\/comments?post=33114"}],"version-history":[{"count":2,"href":"https:\/\/diariotextual.com\/inicio\/index.php\/wp-json\/wp\/v2\/posts\/33114\/revisions"}],"predecessor-version":[{"id":33118,"href":"https:\/\/diariotextual.com\/inicio\/index.php\/wp-json\/wp\/v2\/posts\/33114\/revisions\/33118"}],"wp:featuredmedia":[{"embeddable":true,"href":"https:\/\/diariotextual.com\/inicio\/index.php\/wp-json\/wp\/v2\/media\/33115"}],"wp:attachment":[{"href":"https:\/\/diariotextual.com\/inicio\/index.php\/wp-json\/wp\/v2\/media?parent=33114"}],"wp:term":[{"taxonomy":"category","embeddable":true,"href":"https:\/\/diariotextual.com\/inicio\/index.php\/wp-json\/wp\/v2\/categories?post=33114"},{"taxonomy":"post_tag","embeddable":true,"href":"https:\/\/diariotextual.com\/inicio\/index.php\/wp-json\/wp\/v2\/tags?post=33114"}],"curies":[{"name":"wp","href":"https:\/\/api.w.org\/{rel}","templated":true}]}}