{"id":33310,"date":"2019-01-04T17:36:49","date_gmt":"2019-01-04T20:36:49","guid":{"rendered":"http:\/\/diariotextual.com\/inicio\/?p=33310"},"modified":"2019-01-04T17:36:49","modified_gmt":"2019-01-04T20:36:49","slug":"argentina-doce-paises-piden-maduro-no-asuma-segundo-mandato","status":"publish","type":"post","link":"https:\/\/diariotextual.com\/inicio\/index.php\/2019\/01\/04\/argentina-doce-paises-piden-maduro-no-asuma-segundo-mandato\/","title":{"rendered":"Argentina y doce pa\u00edses piden que Maduro no asuma su segundo mandato"},"content":{"rendered":"<p>Trece representantes de las canciller\u00edas del Grupo de Lima, Argentina, Brasil, Canad\u00e1, Chile, Colombia, Costa Rica, Guatemala, Guyana, Honduras, Panam\u00e1, Paraguay, Per\u00fa y Santa Luc\u00eda, pidieron este viernes al presidente venezolano Nicol\u00e1s Maduro no asumir su segundo mandato el pr\u00f3ximo jueves.<\/p>\n<p><!--more--><\/p>\n<p>Adem\u00e1s, exigieron al r\u00e9gimen chavista que transfiriera el poder a la Asamblea Nacional hasta que se convoque a nuevas elecciones. El \u00fanico integrante del bloque que no acompa\u00f1\u00f3 la declaraci\u00f3n fue M\u00e9xico, que cambi\u00f3 su postura desde la asunci\u00f3n de Andr\u00e9s Manuel L\u00f3pez Obrador, en diciembre pasado.<\/p>\n<p>Con este documento intentan frenar a Maduro, que pretende jurar el pr\u00f3ximo 10 de enero para gobernar hasta 2025. La oposici\u00f3n y gran parte de la comunidad internacional -entre ellos el Grupo de Lima- denunciaron fraude en las \u00faltimas elecciones.<\/p>\n<p>\u00abLa declaraci\u00f3n adoptada por el Grupo de Lima tiene un mensaje pol\u00edtico contundente, donde el principal es el no reconocimiento de la legitimidad del nuevo per\u00edodo del r\u00e9gimen venezolano\u00bb, apunt\u00f3 el canciller peruano, N\u00e9stor Popolizio, quien encabez\u00f3 la reuni\u00f3n.<\/p>\n<p>En el documento, adem\u00e1s, los trece pa\u00edses hacen un llamado al r\u00e9gimen y a las Fuerzas Armadas de Venezuela para que desistan de acciones que violen los derechos soberanos de sus vecinos.<\/p>\n<p>En ese sentido, \u00abmanifiestan su profunda preocupaci\u00f3n por la interceptaci\u00f3n realizada el d\u00eda 22 de diciembre de 2018 de una nave de investigaci\u00f3n s\u00edsmica, por parte de la marina venezolana dentro de la zona econ\u00f3mica exclusiva de la Rep\u00fablica Cooperativa de Guyana\u00bb.<\/p>\n<p>El Grupo de Lima re\u00fane a los pa\u00edses del continente americano que consideran roto el orden democr\u00e1tico en Venezuela y que no reconocen la legitimidad de Maduro para seguir al frente del Gobierno por considerar ilegales las elecciones de mayo pasado donde el gobernante obtuvo la reelecci\u00f3n por seis a\u00f1os m\u00e1s.<\/p>\n<p>En el encuentro, que se celebr\u00f3 en el Palacio de Torre Tagle, sede de la Canciller\u00eda peruana, participan representantes de Argentina, Brasil, Canad\u00e1, Chile, Colombia, Costa Rica, Guatemala, Guyana, Honduras, M\u00e9xico, Panam\u00e1, Paraguay, Per\u00fa y Santa Luc\u00eda.<\/p>\n<p>Producto de la crisis que atraviesa Venezuela, m\u00e1s de tres millones de venezolanos han emigrado de su pa\u00eds y el flujo migratorio contin\u00faa en aumento a otros pa\u00edses de la regi\u00f3n, seg\u00fan la Organizaci\u00f3n Internacional para las Migraciones (OIM).<\/p>\n","protected":false},"excerpt":{"rendered":"<p>Trece representantes de las canciller\u00edas del Grupo de Lima, Argentina, Brasil, Canad\u00e1, Chile, Colombia, Costa Rica, Guatemala, Guyana, Honduras, Panam\u00e1, Paraguay, Per\u00fa y Santa Luc\u00eda, pidieron este viernes al presidente&hellip;<\/p>\n","protected":false},"author":5,"featured_media":8152,"comment_status":"closed","ping_status":"open","sticky":false,"template":"","format":"standard","meta":{"_acf_changed":false,"footnotes":""},"categories":[11,7],"tags":[],"class_list":["post-33310","post","type-post","status-publish","format-standard","has-post-thumbnail","hentry","category-que-pasa","category-mundo"],"acf":[],"yoast_head":"<!-- This site is optimized with the Yoast SEO plugin v27.5 - https:\/\/yoast.com\/product\/yoast-seo-wordpress\/ -->\n<title>Argentina y doce pa\u00edses piden que Maduro no asuma su segundo mandato - Diario Textual<\/title>\n<meta name=\"robots\" content=\"index, follow, max-snippet:-1, max-image-preview:large, max-video-preview:-1\" \/>\n<link rel=\"canonical\" href=\"https:\/\/diariotextual.com\/inicio\/index.php\/2019\/01\/04\/argentina-doce-paises-piden-maduro-no-asuma-segundo-mandato\/\" \/>\n<meta property=\"og:locale\" content=\"es_ES\" \/>\n<meta property=\"og:type\" content=\"article\" \/>\n<meta property=\"og:title\" content=\"Argentina y doce pa\u00edses piden que Maduro no asuma su segundo mandato - Diario Textual\" \/>\n<meta property=\"og:description\" content=\"Trece representantes de las canciller\u00edas del Grupo de Lima, Argentina, Brasil, Canad\u00e1, Chile, Colombia, Costa Rica, Guatemala, Guyana, Honduras, Panam\u00e1, Paraguay, Per\u00fa y Santa Luc\u00eda, pidieron este viernes al presidente&hellip;\" \/>\n<meta property=\"og:url\" content=\"https:\/\/diariotextual.com\/inicio\/index.php\/2019\/01\/04\/argentina-doce-paises-piden-maduro-no-asuma-segundo-mandato\/\" \/>\n<meta property=\"og:site_name\" content=\"Diario Textual\" \/>\n<meta property=\"article:publisher\" content=\"https:\/\/www.facebook.com\/eltextual\" \/>\n<meta property=\"article:published_time\" content=\"2019-01-04T20:36:49+00:00\" \/>\n<meta property=\"og:image\" content=\"https:\/\/diariotextual.com\/inicio\/wp-content\/uploads\/2018\/05\/maduronocolas1937.jpg\" \/>\n\t<meta property=\"og:image:width\" content=\"708\" \/>\n\t<meta property=\"og:image:height\" content=\"439\" \/>\n\t<meta property=\"og:image:type\" content=\"image\/jpeg\" \/>\n<meta name=\"author\" content=\"diario3\" \/>\n<meta name=\"twitter:card\" content=\"summary_large_image\" \/>\n<meta name=\"twitter:creator\" content=\"@eltextual\" \/>\n<meta name=\"twitter:site\" content=\"@eltextual\" \/>\n<meta name=\"twitter:label1\" content=\"Escrito por\" \/>\n\t<meta name=\"twitter:data1\" content=\"diario3\" \/>\n\t<meta name=\"twitter:label2\" content=\"Tiempo de lectura\" \/>\n\t<meta name=\"twitter:data2\" content=\"2 minutos\" \/>\n<script type=\"application\/ld+json\" class=\"yoast-schema-graph\">{\"@context\":\"https:\\\/\\\/schema.org\",\"@graph\":[{\"@type\":\"Article\",\"@id\":\"https:\\\/\\\/diariotextual.com\\\/inicio\\\/index.php\\\/2019\\\/01\\\/04\\\/argentina-doce-paises-piden-maduro-no-asuma-segundo-mandato\\\/#article\",\"isPartOf\":{\"@id\":\"https:\\\/\\\/diariotextual.com\\\/inicio\\\/index.php\\\/2019\\\/01\\\/04\\\/argentina-doce-paises-piden-maduro-no-asuma-segundo-mandato\\\/\"},\"author\":{\"name\":\"diario3\",\"@id\":\"https:\\\/\\\/diariotextual.com\\\/inicio\\\/#\\\/schema\\\/person\\\/a1b6f563e0ee944c60f98119389a4d9f\"},\"headline\":\"Argentina y doce pa\u00edses piden que Maduro no asuma su segundo mandato\",\"datePublished\":\"2019-01-04T20:36:49+00:00\",\"mainEntityOfPage\":{\"@id\":\"https:\\\/\\\/diariotextual.com\\\/inicio\\\/index.php\\\/2019\\\/01\\\/04\\\/argentina-doce-paises-piden-maduro-no-asuma-segundo-mandato\\\/\"},\"wordCount\":422,\"publisher\":{\"@id\":\"https:\\\/\\\/diariotextual.com\\\/inicio\\\/#organization\"},\"image\":{\"@id\":\"https:\\\/\\\/diariotextual.com\\\/inicio\\\/index.php\\\/2019\\\/01\\\/04\\\/argentina-doce-paises-piden-maduro-no-asuma-segundo-mandato\\\/#primaryimage\"},\"thumbnailUrl\":\"https:\\\/\\\/diariotextual.com\\\/inicio\\\/wp-content\\\/uploads\\\/2018\\\/05\\\/maduronocolas1937.jpg\",\"articleSection\":[\"A - QUE PASA (al costado)\",\"MUNDO\"],\"inLanguage\":\"es\"},{\"@type\":\"WebPage\",\"@id\":\"https:\\\/\\\/diariotextual.com\\\/inicio\\\/index.php\\\/2019\\\/01\\\/04\\\/argentina-doce-paises-piden-maduro-no-asuma-segundo-mandato\\\/\",\"url\":\"https:\\\/\\\/diariotextual.com\\\/inicio\\\/index.php\\\/2019\\\/01\\\/04\\\/argentina-doce-paises-piden-maduro-no-asuma-segundo-mandato\\\/\",\"name\":\"Argentina y doce pa\u00edses piden que Maduro no asuma su segundo mandato - Diario Textual\",\"isPartOf\":{\"@id\":\"https:\\\/\\\/diariotextual.com\\\/inicio\\\/#website\"},\"primaryImageOfPage\":{\"@id\":\"https:\\\/\\\/diariotextual.com\\\/inicio\\\/index.php\\\/2019\\\/01\\\/04\\\/argentina-doce-paises-piden-maduro-no-asuma-segundo-mandato\\\/#primaryimage\"},\"image\":{\"@id\":\"https:\\\/\\\/diariotextual.com\\\/inicio\\\/index.php\\\/2019\\\/01\\\/04\\\/argentina-doce-paises-piden-maduro-no-asuma-segundo-mandato\\\/#primaryimage\"},\"thumbnailUrl\":\"https:\\\/\\\/diariotextual.com\\\/inicio\\\/wp-content\\\/uploads\\\/2018\\\/05\\\/maduronocolas1937.jpg\",\"datePublished\":\"2019-01-04T20:36:49+00:00\",\"breadcrumb\":{\"@id\":\"https:\\\/\\\/diariotextual.com\\\/inicio\\\/index.php\\\/2019\\\/01\\\/04\\\/argentina-doce-paises-piden-maduro-no-asuma-segundo-mandato\\\/#breadcrumb\"},\"inLanguage\":\"es\",\"potentialAction\":[{\"@type\":\"ReadAction\",\"target\":[\"https:\\\/\\\/diariotextual.com\\\/inicio\\\/index.php\\\/2019\\\/01\\\/04\\\/argentina-doce-paises-piden-maduro-no-asuma-segundo-mandato\\\/\"]}]},{\"@type\":\"ImageObject\",\"inLanguage\":\"es\",\"@id\":\"https:\\\/\\\/diariotextual.com\\\/inicio\\\/index.php\\\/2019\\\/01\\\/04\\\/argentina-doce-paises-piden-maduro-no-asuma-segundo-mandato\\\/#primaryimage\",\"url\":\"https:\\\/\\\/diariotextual.com\\\/inicio\\\/wp-content\\\/uploads\\\/2018\\\/05\\\/maduronocolas1937.jpg\",\"contentUrl\":\"https:\\\/\\\/diariotextual.com\\\/inicio\\\/wp-content\\\/uploads\\\/2018\\\/05\\\/maduronocolas1937.jpg\",\"width\":708,\"height\":439},{\"@type\":\"BreadcrumbList\",\"@id\":\"https:\\\/\\\/diariotextual.com\\\/inicio\\\/index.php\\\/2019\\\/01\\\/04\\\/argentina-doce-paises-piden-maduro-no-asuma-segundo-mandato\\\/#breadcrumb\",\"itemListElement\":[{\"@type\":\"ListItem\",\"position\":1,\"name\":\"Portada\",\"item\":\"https:\\\/\\\/diariotextual.com\\\/inicio\\\/\"},{\"@type\":\"ListItem\",\"position\":2,\"name\":\"Argentina y doce pa\u00edses piden que Maduro no asuma su segundo mandato\"}]},{\"@type\":\"WebSite\",\"@id\":\"https:\\\/\\\/diariotextual.com\\\/inicio\\\/#website\",\"url\":\"https:\\\/\\\/diariotextual.com\\\/inicio\\\/\",\"name\":\"Diario Textual\",\"description\":\"\",\"publisher\":{\"@id\":\"https:\\\/\\\/diariotextual.com\\\/inicio\\\/#organization\"},\"potentialAction\":[{\"@type\":\"SearchAction\",\"target\":{\"@type\":\"EntryPoint\",\"urlTemplate\":\"https:\\\/\\\/diariotextual.com\\\/inicio\\\/?s={search_term_string}\"},\"query-input\":{\"@type\":\"PropertyValueSpecification\",\"valueRequired\":true,\"valueName\":\"search_term_string\"}}],\"inLanguage\":\"es\"},{\"@type\":\"Organization\",\"@id\":\"https:\\\/\\\/diariotextual.com\\\/inicio\\\/#organization\",\"name\":\"Diario Textual\",\"url\":\"https:\\\/\\\/diariotextual.com\\\/inicio\\\/\",\"logo\":{\"@type\":\"ImageObject\",\"inLanguage\":\"es\",\"@id\":\"https:\\\/\\\/diariotextual.com\\\/inicio\\\/#\\\/schema\\\/logo\\\/image\\\/\",\"url\":\"https:\\\/\\\/diariotextual.com\\\/inicio\\\/wp-content\\\/uploads\\\/2023\\\/05\\\/logotextual1.jpg\",\"contentUrl\":\"https:\\\/\\\/diariotextual.com\\\/inicio\\\/wp-content\\\/uploads\\\/2023\\\/05\\\/logotextual1.jpg\",\"width\":516,\"height\":76,\"caption\":\"Diario Textual\"},\"image\":{\"@id\":\"https:\\\/\\\/diariotextual.com\\\/inicio\\\/#\\\/schema\\\/logo\\\/image\\\/\"},\"sameAs\":[\"https:\\\/\\\/www.facebook.com\\\/eltextual\",\"https:\\\/\\\/x.com\\\/eltextual\",\"http:\\\/\\\/www.instagram.com\\\/eltextual\"]},{\"@type\":\"Person\",\"@id\":\"https:\\\/\\\/diariotextual.com\\\/inicio\\\/#\\\/schema\\\/person\\\/a1b6f563e0ee944c60f98119389a4d9f\",\"name\":\"diario3\",\"image\":{\"@type\":\"ImageObject\",\"inLanguage\":\"es\",\"@id\":\"https:\\\/\\\/secure.gravatar.com\\\/avatar\\\/5e7ee62c82fc04d9dd79d746a390d93c69c43223e5faeeb3ea9461ef752bfc5d?s=96&d=mm&r=g\",\"url\":\"https:\\\/\\\/secure.gravatar.com\\\/avatar\\\/5e7ee62c82fc04d9dd79d746a390d93c69c43223e5faeeb3ea9461ef752bfc5d?s=96&d=mm&r=g\",\"contentUrl\":\"https:\\\/\\\/secure.gravatar.com\\\/avatar\\\/5e7ee62c82fc04d9dd79d746a390d93c69c43223e5faeeb3ea9461ef752bfc5d?s=96&d=mm&r=g\",\"caption\":\"diario3\"},\"url\":\"https:\\\/\\\/diariotextual.com\\\/inicio\\\/index.php\\\/author\\\/diario3\\\/\"}]}<\/script>\n<!-- \/ Yoast SEO plugin. -->","yoast_head_json":{"title":"Argentina y doce pa\u00edses piden que Maduro no asuma su segundo mandato - Diario Textual","robots":{"index":"index","follow":"follow","max-snippet":"max-snippet:-1","max-image-preview":"max-image-preview:large","max-video-preview":"max-video-preview:-1"},"canonical":"https:\/\/diariotextual.com\/inicio\/index.php\/2019\/01\/04\/argentina-doce-paises-piden-maduro-no-asuma-segundo-mandato\/","og_locale":"es_ES","og_type":"article","og_title":"Argentina y doce pa\u00edses piden que Maduro no asuma su segundo mandato - Diario Textual","og_description":"Trece representantes de las canciller\u00edas del Grupo de Lima, Argentina, Brasil, Canad\u00e1, Chile, Colombia, Costa Rica, Guatemala, Guyana, Honduras, Panam\u00e1, Paraguay, Per\u00fa y Santa Luc\u00eda, pidieron este viernes al presidente&hellip;","og_url":"https:\/\/diariotextual.com\/inicio\/index.php\/2019\/01\/04\/argentina-doce-paises-piden-maduro-no-asuma-segundo-mandato\/","og_site_name":"Diario Textual","article_publisher":"https:\/\/www.facebook.com\/eltextual","article_published_time":"2019-01-04T20:36:49+00:00","og_image":[{"width":708,"height":439,"url":"https:\/\/diariotextual.com\/inicio\/wp-content\/uploads\/2018\/05\/maduronocolas1937.jpg","type":"image\/jpeg"}],"author":"diario3","twitter_card":"summary_large_image","twitter_creator":"@eltextual","twitter_site":"@eltextual","twitter_misc":{"Escrito por":"diario3","Tiempo de lectura":"2 minutos"},"schema":{"@context":"https:\/\/schema.org","@graph":[{"@type":"Article","@id":"https:\/\/diariotextual.com\/inicio\/index.php\/2019\/01\/04\/argentina-doce-paises-piden-maduro-no-asuma-segundo-mandato\/#article","isPartOf":{"@id":"https:\/\/diariotextual.com\/inicio\/index.php\/2019\/01\/04\/argentina-doce-paises-piden-maduro-no-asuma-segundo-mandato\/"},"author":{"name":"diario3","@id":"https:\/\/diariotextual.com\/inicio\/#\/schema\/person\/a1b6f563e0ee944c60f98119389a4d9f"},"headline":"Argentina y doce pa\u00edses piden que Maduro no asuma su segundo mandato","datePublished":"2019-01-04T20:36:49+00:00","mainEntityOfPage":{"@id":"https:\/\/diariotextual.com\/inicio\/index.php\/2019\/01\/04\/argentina-doce-paises-piden-maduro-no-asuma-segundo-mandato\/"},"wordCount":422,"publisher":{"@id":"https:\/\/diariotextual.com\/inicio\/#organization"},"image":{"@id":"https:\/\/diariotextual.com\/inicio\/index.php\/2019\/01\/04\/argentina-doce-paises-piden-maduro-no-asuma-segundo-mandato\/#primaryimage"},"thumbnailUrl":"https:\/\/diariotextual.com\/inicio\/wp-content\/uploads\/2018\/05\/maduronocolas1937.jpg","articleSection":["A - QUE PASA (al costado)","MUNDO"],"inLanguage":"es"},{"@type":"WebPage","@id":"https:\/\/diariotextual.com\/inicio\/index.php\/2019\/01\/04\/argentina-doce-paises-piden-maduro-no-asuma-segundo-mandato\/","url":"https:\/\/diariotextual.com\/inicio\/index.php\/2019\/01\/04\/argentina-doce-paises-piden-maduro-no-asuma-segundo-mandato\/","name":"Argentina y doce pa\u00edses piden que Maduro no asuma su segundo mandato - Diario Textual","isPartOf":{"@id":"https:\/\/diariotextual.com\/inicio\/#website"},"primaryImageOfPage":{"@id":"https:\/\/diariotextual.com\/inicio\/index.php\/2019\/01\/04\/argentina-doce-paises-piden-maduro-no-asuma-segundo-mandato\/#primaryimage"},"image":{"@id":"https:\/\/diariotextual.com\/inicio\/index.php\/2019\/01\/04\/argentina-doce-paises-piden-maduro-no-asuma-segundo-mandato\/#primaryimage"},"thumbnailUrl":"https:\/\/diariotextual.com\/inicio\/wp-content\/uploads\/2018\/05\/maduronocolas1937.jpg","datePublished":"2019-01-04T20:36:49+00:00","breadcrumb":{"@id":"https:\/\/diariotextual.com\/inicio\/index.php\/2019\/01\/04\/argentina-doce-paises-piden-maduro-no-asuma-segundo-mandato\/#breadcrumb"},"inLanguage":"es","potentialAction":[{"@type":"ReadAction","target":["https:\/\/diariotextual.com\/inicio\/index.php\/2019\/01\/04\/argentina-doce-paises-piden-maduro-no-asuma-segundo-mandato\/"]}]},{"@type":"ImageObject","inLanguage":"es","@id":"https:\/\/diariotextual.com\/inicio\/index.php\/2019\/01\/04\/argentina-doce-paises-piden-maduro-no-asuma-segundo-mandato\/#primaryimage","url":"https:\/\/diariotextual.com\/inicio\/wp-content\/uploads\/2018\/05\/maduronocolas1937.jpg","contentUrl":"https:\/\/diariotextual.com\/inicio\/wp-content\/uploads\/2018\/05\/maduronocolas1937.jpg","width":708,"height":439},{"@type":"BreadcrumbList","@id":"https:\/\/diariotextual.com\/inicio\/index.php\/2019\/01\/04\/argentina-doce-paises-piden-maduro-no-asuma-segundo-mandato\/#breadcrumb","itemListElement":[{"@type":"ListItem","position":1,"name":"Portada","item":"https:\/\/diariotextual.com\/inicio\/"},{"@type":"ListItem","position":2,"name":"Argentina y doce pa\u00edses piden que Maduro no asuma su segundo mandato"}]},{"@type":"WebSite","@id":"https:\/\/diariotextual.com\/inicio\/#website","url":"https:\/\/diariotextual.com\/inicio\/","name":"Diario Textual","description":"","publisher":{"@id":"https:\/\/diariotextual.com\/inicio\/#organization"},"potentialAction":[{"@type":"SearchAction","target":{"@type":"EntryPoint","urlTemplate":"https:\/\/diariotextual.com\/inicio\/?s={search_term_string}"},"query-input":{"@type":"PropertyValueSpecification","valueRequired":true,"valueName":"search_term_string"}}],"inLanguage":"es"},{"@type":"Organization","@id":"https:\/\/diariotextual.com\/inicio\/#organization","name":"Diario Textual","url":"https:\/\/diariotextual.com\/inicio\/","logo":{"@type":"ImageObject","inLanguage":"es","@id":"https:\/\/diariotextual.com\/inicio\/#\/schema\/logo\/image\/","url":"https:\/\/diariotextual.com\/inicio\/wp-content\/uploads\/2023\/05\/logotextual1.jpg","contentUrl":"https:\/\/diariotextual.com\/inicio\/wp-content\/uploads\/2023\/05\/logotextual1.jpg","width":516,"height":76,"caption":"Diario Textual"},"image":{"@id":"https:\/\/diariotextual.com\/inicio\/#\/schema\/logo\/image\/"},"sameAs":["https:\/\/www.facebook.com\/eltextual","https:\/\/x.com\/eltextual","http:\/\/www.instagram.com\/eltextual"]},{"@type":"Person","@id":"https:\/\/diariotextual.com\/inicio\/#\/schema\/person\/a1b6f563e0ee944c60f98119389a4d9f","name":"diario3","image":{"@type":"ImageObject","inLanguage":"es","@id":"https:\/\/secure.gravatar.com\/avatar\/5e7ee62c82fc04d9dd79d746a390d93c69c43223e5faeeb3ea9461ef752bfc5d?s=96&d=mm&r=g","url":"https:\/\/secure.gravatar.com\/avatar\/5e7ee62c82fc04d9dd79d746a390d93c69c43223e5faeeb3ea9461ef752bfc5d?s=96&d=mm&r=g","contentUrl":"https:\/\/secure.gravatar.com\/avatar\/5e7ee62c82fc04d9dd79d746a390d93c69c43223e5faeeb3ea9461ef752bfc5d?s=96&d=mm&r=g","caption":"diario3"},"url":"https:\/\/diariotextual.com\/inicio\/index.php\/author\/diario3\/"}]}},"_links":{"self":[{"href":"https:\/\/diariotextual.com\/inicio\/index.php\/wp-json\/wp\/v2\/posts\/33310","targetHints":{"allow":["GET"]}}],"collection":[{"href":"https:\/\/diariotextual.com\/inicio\/index.php\/wp-json\/wp\/v2\/posts"}],"about":[{"href":"https:\/\/diariotextual.com\/inicio\/index.php\/wp-json\/wp\/v2\/types\/post"}],"author":[{"embeddable":true,"href":"https:\/\/diariotextual.com\/inicio\/index.php\/wp-json\/wp\/v2\/users\/5"}],"replies":[{"embeddable":true,"href":"https:\/\/diariotextual.com\/inicio\/index.php\/wp-json\/wp\/v2\/comments?post=33310"}],"version-history":[{"count":1,"href":"https:\/\/diariotextual.com\/inicio\/index.php\/wp-json\/wp\/v2\/posts\/33310\/revisions"}],"predecessor-version":[{"id":33311,"href":"https:\/\/diariotextual.com\/inicio\/index.php\/wp-json\/wp\/v2\/posts\/33310\/revisions\/33311"}],"wp:featuredmedia":[{"embeddable":true,"href":"https:\/\/diariotextual.com\/inicio\/index.php\/wp-json\/wp\/v2\/media\/8152"}],"wp:attachment":[{"href":"https:\/\/diariotextual.com\/inicio\/index.php\/wp-json\/wp\/v2\/media?parent=33310"}],"wp:term":[{"taxonomy":"category","embeddable":true,"href":"https:\/\/diariotextual.com\/inicio\/index.php\/wp-json\/wp\/v2\/categories?post=33310"},{"taxonomy":"post_tag","embeddable":true,"href":"https:\/\/diariotextual.com\/inicio\/index.php\/wp-json\/wp\/v2\/tags?post=33310"}],"curies":[{"name":"wp","href":"https:\/\/api.w.org\/{rel}","templated":true}]}}