{"id":334118,"date":"2026-08-30T11:57:57","date_gmt":"2026-08-30T14:57:57","guid":{"rendered":"https:\/\/diariotextual.com\/inicio\/?p=334118"},"modified":"2026-08-30T11:57:59","modified_gmt":"2026-08-30T14:57:59","slug":"el-nino-agrometeorologa-advirtio-por-saturacion-de-los-suelos-en-la-pampa","status":"publish","type":"post","link":"https:\/\/diariotextual.com\/inicio\/index.php\/2026\/08\/30\/el-nino-agrometeorologa-advirtio-por-saturacion-de-los-suelos-en-la-pampa\/","title":{"rendered":"El Ni\u00f1o: agrometeor\u00f3loga advirti\u00f3 por saturaci\u00f3n de los suelos en La Pampa"},"content":{"rendered":"\n<p class=\"wp-block-paragraph\">La agrometeor\u00f3loga <strong>Laura Belmonte (INTA Anguil)<\/strong> advirti\u00f3 que el fen\u00f3meno de <strong>El Ni\u00f1o<\/strong> podr\u00eda generar lluvias por encima de lo normal en distintas zonas de La Pampa durante los pr\u00f3ximos meses y puso el foco en una situaci\u00f3n que puede agravar sus efectos: <strong>los suelos ya presentan elevados niveles de humedad y, en sectores del norte y noreste de la provincia, las napas se encuentran muy altas.<\/strong><\/p>\n\n\n\n<p class=\"wp-block-paragraph\">En una entrevista con <strong>Radio Textual (por Radio Kerm\u00e9s)<\/strong>, Belmonte explic\u00f3 que El Ni\u00f1o es una de las fases del fen\u00f3meno ENSO (El Ni\u00f1o-Oscilaci\u00f3n del Sur), un patr\u00f3n de variabilidad natural del clima que alterna entre una fase c\u00e1lida -El Ni\u00f1o-, una fr\u00eda -La Ni\u00f1a- y una neutral.<\/p>\n\n\n\n<p class=\"wp-block-paragraph\">Actualmente, <strong>las aguas del oc\u00e9ano Pac\u00edfico presentan temperaturas superiores a los valores normales, una condici\u00f3n que comenz\u00f3 a activar el fen\u00f3meno.<\/strong> La especialista se\u00f1al\u00f3 que se espera que contin\u00fae hasta aproximadamente enero o febrero del pr\u00f3ximo a\u00f1o y que existe una alta probabilidad de que alcance valores de temperatura muy elevados, raz\u00f3n por la cual comenz\u00f3 a utilizarse la denominaci\u00f3n de \u201csuperni\u00f1o\u201d.<\/p>\n\n\n\n<p class=\"wp-block-paragraph\">Sin embargo, Belmonte aclar\u00f3 que todav\u00eda no puede determinarse con precisi\u00f3n cu\u00e1l ser\u00e1 el impacto espec\u00edfico sobre las precipitaciones en cada regi\u00f3n. <strong>\u201cNo conocemos todav\u00eda qu\u00e9 impacto va a tener en la lluvia\u201d<\/strong>, explic\u00f3, al se\u00f1alar que los efectos de El Ni\u00f1o son diferentes seg\u00fan la regi\u00f3n del planeta.<\/p>\n\n\n\n<p class=\"wp-block-paragraph\"><strong>En Argentina, hist\u00f3ricamente las zonas que reciben el mayor impacto son las vinculadas con la Cuenca del Plata, principalmente el NEA, Entre R\u00edos y sectores del \u00e1rea central y litoral. En el caso de La Pampa, los registros hist\u00f3ricos muestran una mayor incidencia en el norte y noreste de la provincia.<\/strong><\/p>\n\n\n\n<p class=\"wp-block-paragraph\">La especialista record\u00f3 algunos de los episodios de El Ni\u00f1o m\u00e1s intensos registrados en el pa\u00eds y se\u00f1al\u00f3 que durante 1997-1998 y 2016-2017 se produjeron en La Pampa per\u00edodos con lluvias superiores a los valores hist\u00f3ricos esperados y eventos de precipitaciones intensas.<\/p>\n\n\n\n<p class=\"wp-block-paragraph\">El antecedente m\u00e1s reciente de gran intensidad, explic\u00f3, fue el de 2016-2017, cuando se registr\u00f3 un incremento de las precipitaciones principalmente en la zona norte-noreste de la estepa pampeana.<\/p>\n\n\n\n<p class=\"wp-block-paragraph\">Para Belmonte, <strong>la principal preocupaci\u00f3n actualmente no pasa solamente por cu\u00e1nto pueda llover, sino por las condiciones con las que la provincia recibir\u00e1 esas precipitaciones. \u201cLo m\u00e1s preocupante ac\u00e1 es c\u00f3mo venimos con los suelos\u201d<\/strong>, afirm\u00f3.<\/p>\n\n\n\n<p class=\"wp-block-paragraph\">La agrometeor\u00f3loga se\u00f1al\u00f3 que buena parte de los suelos ya presentan importantes niveles de humedad y que las napas se encuentran elevadas, particularmente en el noreste provincial. Por eso, una nueva etapa de lluvias abundantes podr\u00eda generar complicaciones.<\/p>\n\n\n\n<p class=\"wp-block-paragraph\">En ese sentido, puso como ejemplo la situaci\u00f3n de <strong>Intendente Alvear<\/strong>, donde ya fue declarada la emergencia h\u00eddrica debido a los elevados registros de precipitaciones y al nivel de las napas.<\/p>\n\n\n\n<p class=\"wp-block-paragraph\">\u201cYa venimos con los suelos saturados\u201d, sostuvo Belmonte, quien explic\u00f3 que la provincia viene de una etapa en la que las lluvias permitieron una importante recarga de los suelos.<\/p>\n\n\n\n<p class=\"wp-block-paragraph\">La especialista remarc\u00f3 que el impacto no ser\u00e1 necesariamente igual en toda la provincia y que cada establecimiento rural presenta condiciones particulares. La presencia de tosca cercana, el nivel de las napas, la compactaci\u00f3n del suelo, la topograf\u00eda y la ubicaci\u00f3n de los lotes son factores que pueden determinar c\u00f3mo responder\u00e1 cada lugar ante nuevas precipitaciones.<\/p>\n\n\n\n<p class=\"wp-block-paragraph\"><strong>El per\u00edodo de mayor atenci\u00f3n ser\u00e1 el comprendido entre fines de primavera y el verano<\/strong>, cuando hist\u00f3ricamente se concentra buena parte de las lluvias en La Pampa. Belmonte se\u00f1al\u00f3 especialmente a<strong> octubre, noviembre y diciembre<\/strong> como los meses de mayores precipitaciones.<\/p>\n\n\n\n<p class=\"wp-block-paragraph\">En ese escenario, recomend\u00f3 anticiparse y evaluar las condiciones de cada zona. \u201cHay que ir viendo c\u00f3mo actuar en consecuencia y verlo antes\u201d, plante\u00f3.<\/p>\n\n\n\n<p class=\"wp-block-paragraph\">De todos modos, la agrometeor\u00f3loga pidi\u00f3 evitar el alarmismo y aclar\u00f3 que la presencia de El Ni\u00f1o no significa que necesariamente toda la provincia vaya a sufrir eventos extremos. La Pampa, por sus caracter\u00edsticas geogr\u00e1ficas y clim\u00e1ticas, tiene de por s\u00ed una elevada propensi\u00f3n a tormentas severas.<\/p>\n\n\n\n<p class=\"wp-block-paragraph\"><strong>\u201cCualquier parte de la provincia puede estar afectada en cualquier momento\u201d<\/strong>, explic\u00f3.<\/p>\n\n\n\n<p class=\"wp-block-paragraph\">Belmonte record\u00f3 que durante los \u00faltimos a\u00f1os se produjeron tormentas severas independientemente de la fase del ENSO. En ese sentido, mencion\u00f3 como ejemplos las precipitaciones intensas registradas en Santa Rosa y otros eventos de granizo, fuertes vientos y lluvias concentradas en per\u00edodos muy breves.<\/p>\n\n\n\n<p class=\"wp-block-paragraph\">La regi\u00f3n pampeana presenta condiciones particulares para la formaci\u00f3n de tormentas debido al encuentro entre masas de aire fr\u00edo y seco provenientes del sur y aire c\u00e1lido y h\u00famedo procedente del norte. Seg\u00fan explic\u00f3, ese choque de masas de aire genera condiciones favorables para fen\u00f3menos meteorol\u00f3gicos severos y convierte a la regi\u00f3n en una de las zonas del mundo con mayor propensi\u00f3n a la formaci\u00f3n de tornados.<\/p>\n\n\n\n<p class=\"wp-block-paragraph\">Respecto de la relaci\u00f3n entre El Ni\u00f1o y el cambio clim\u00e1tico, Belmonte diferenci\u00f3 ambos fen\u00f3menos. Explic\u00f3 que el ENSO existe hist\u00f3ricamente y forma parte de la variabilidad interanual del clima, mientras que el calentamiento global responde a una escala temporal mucho mayor.<\/p>\n\n\n\n<p class=\"wp-block-paragraph\">El aumento general de las temperaturas del sistema clim\u00e1tico puede influir sobre la intensidad de determinados fen\u00f3menos, pero la especialista aclar\u00f3 que no existe una relaci\u00f3n directa que permita afirmar que el cambio clim\u00e1tico sea el responsable de la aparici\u00f3n de un \u201csuperni\u00f1o\u201d.<\/p>\n\n\n\n<p class=\"wp-block-paragraph\">d<\/p>\n","protected":false},"excerpt":{"rendered":"<p>La agrometeor\u00f3loga Laura Belmonte (INTA Anguil) advirti\u00f3 que el fen\u00f3meno de El Ni\u00f1o podr\u00eda generar lluvias por encima de lo normal en distintas zonas de La Pampa durante los pr\u00f3ximos&hellip;<\/p>\n","protected":false},"author":7,"featured_media":325658,"comment_status":"closed","ping_status":"open","sticky":false,"template":"","format":"standard","meta":{"_acf_changed":false,"footnotes":""},"categories":[4,20],"tags":[],"class_list":["post-334118","post","type-post","status-publish","format-standard","has-post-thumbnail","hentry","category-destacadas","category-campo"],"acf":[],"yoast_head":"<!-- This site is optimized with the Yoast SEO plugin v28.3 - https:\/\/yoast.com\/product\/yoast-seo-wordpress\/ -->\n<title>El Ni\u00f1o: agrometeor\u00f3loga advirti\u00f3 por saturaci\u00f3n de los suelos en La Pampa - Diario Textual<\/title>\n<meta name=\"robots\" content=\"index, follow, max-snippet:-1, max-image-preview:large, max-video-preview:-1\" \/>\n<link rel=\"canonical\" href=\"https:\/\/diariotextual.com\/inicio\/index.php\/2026\/08\/30\/el-nino-agrometeorologa-advirtio-por-saturacion-de-los-suelos-en-la-pampa\/\" \/>\n<meta property=\"og:locale\" content=\"es_ES\" \/>\n<meta property=\"og:type\" content=\"article\" \/>\n<meta property=\"og:title\" content=\"El Ni\u00f1o: agrometeor\u00f3loga advirti\u00f3 por saturaci\u00f3n de los suelos en La Pampa - Diario Textual\" \/>\n<meta property=\"og:description\" content=\"La agrometeor\u00f3loga Laura Belmonte (INTA Anguil) advirti\u00f3 que el fen\u00f3meno de El Ni\u00f1o podr\u00eda generar lluvias por encima de lo normal en distintas zonas de La Pampa durante los pr\u00f3ximos&hellip;\" \/>\n<meta property=\"og:url\" content=\"https:\/\/diariotextual.com\/inicio\/index.php\/2026\/08\/30\/el-nino-agrometeorologa-advirtio-por-saturacion-de-los-suelos-en-la-pampa\/\" \/>\n<meta property=\"og:site_name\" content=\"Diario Textual\" \/>\n<meta property=\"article:publisher\" content=\"https:\/\/www.facebook.com\/eltextual\" \/>\n<meta property=\"article:published_time\" content=\"2026-08-30T14:57:57+00:00\" \/>\n<meta property=\"article:modified_time\" content=\"2026-08-30T14:57:59+00:00\" \/>\n<meta property=\"og:image\" content=\"https:\/\/diariotextual.com\/inicio\/wp-content\/uploads\/2026\/04\/inundacionesenintendentealvearmoronta2026-1.jpg\" \/>\n\t<meta property=\"og:image:width\" content=\"721\" \/>\n\t<meta property=\"og:image:height\" content=\"394\" \/>\n\t<meta property=\"og:image:type\" content=\"image\/jpeg\" \/>\n<meta name=\"author\" content=\"diario5\" \/>\n<meta name=\"twitter:card\" content=\"summary_large_image\" \/>\n<meta name=\"twitter:creator\" content=\"@eltextual\" \/>\n<meta name=\"twitter:site\" content=\"@eltextual\" \/>\n<meta name=\"twitter:label1\" content=\"Escrito por\" \/>\n\t<meta name=\"twitter:data1\" content=\"diario5\" \/>\n\t<meta name=\"twitter:label2\" content=\"Tiempo de lectura\" \/>\n\t<meta name=\"twitter:data2\" content=\"5 minutos\" \/>\n<script type=\"application\/ld+json\" class=\"yoast-schema-graph\">{\"@context\":\"https:\\\/\\\/schema.org\",\"@graph\":[{\"@type\":\"Article\",\"@id\":\"https:\\\/\\\/diariotextual.com\\\/inicio\\\/index.php\\\/2026\\\/08\\\/30\\\/el-nino-agrometeorologa-advirtio-por-saturacion-de-los-suelos-en-la-pampa\\\/#article\",\"isPartOf\":{\"@id\":\"https:\\\/\\\/diariotextual.com\\\/inicio\\\/index.php\\\/2026\\\/08\\\/30\\\/el-nino-agrometeorologa-advirtio-por-saturacion-de-los-suelos-en-la-pampa\\\/\"},\"author\":{\"name\":\"diario5\",\"@id\":\"https:\\\/\\\/diariotextual.com\\\/inicio\\\/#\\\/schema\\\/person\\\/c7834961ad8b29b1d9cdbf4571299067\"},\"headline\":\"El Ni\u00f1o: agrometeor\u00f3loga advirti\u00f3 por saturaci\u00f3n de los suelos en La Pampa\",\"datePublished\":\"2026-08-30T14:57:57+00:00\",\"dateModified\":\"2026-08-30T14:57:59+00:00\",\"mainEntityOfPage\":{\"@id\":\"https:\\\/\\\/diariotextual.com\\\/inicio\\\/index.php\\\/2026\\\/08\\\/30\\\/el-nino-agrometeorologa-advirtio-por-saturacion-de-los-suelos-en-la-pampa\\\/\"},\"wordCount\":969,\"publisher\":{\"@id\":\"https:\\\/\\\/diariotextual.com\\\/inicio\\\/#organization\"},\"image\":{\"@id\":\"https:\\\/\\\/diariotextual.com\\\/inicio\\\/index.php\\\/2026\\\/08\\\/30\\\/el-nino-agrometeorologa-advirtio-por-saturacion-de-los-suelos-en-la-pampa\\\/#primaryimage\"},\"thumbnailUrl\":\"https:\\\/\\\/diariotextual.com\\\/inicio\\\/wp-content\\\/uploads\\\/2026\\\/04\\\/inundacionesenintendentealvearmoronta2026-1.jpg\",\"articleSection\":[\"A - DESTACADAS (mod 16)\",\"CAMPO\"],\"inLanguage\":\"es\"},{\"@type\":\"WebPage\",\"@id\":\"https:\\\/\\\/diariotextual.com\\\/inicio\\\/index.php\\\/2026\\\/08\\\/30\\\/el-nino-agrometeorologa-advirtio-por-saturacion-de-los-suelos-en-la-pampa\\\/\",\"url\":\"https:\\\/\\\/diariotextual.com\\\/inicio\\\/index.php\\\/2026\\\/08\\\/30\\\/el-nino-agrometeorologa-advirtio-por-saturacion-de-los-suelos-en-la-pampa\\\/\",\"name\":\"El Ni\u00f1o: agrometeor\u00f3loga advirti\u00f3 por saturaci\u00f3n de los suelos en La Pampa - Diario Textual\",\"isPartOf\":{\"@id\":\"https:\\\/\\\/diariotextual.com\\\/inicio\\\/#website\"},\"primaryImageOfPage\":{\"@id\":\"https:\\\/\\\/diariotextual.com\\\/inicio\\\/index.php\\\/2026\\\/08\\\/30\\\/el-nino-agrometeorologa-advirtio-por-saturacion-de-los-suelos-en-la-pampa\\\/#primaryimage\"},\"image\":{\"@id\":\"https:\\\/\\\/diariotextual.com\\\/inicio\\\/index.php\\\/2026\\\/08\\\/30\\\/el-nino-agrometeorologa-advirtio-por-saturacion-de-los-suelos-en-la-pampa\\\/#primaryimage\"},\"thumbnailUrl\":\"https:\\\/\\\/diariotextual.com\\\/inicio\\\/wp-content\\\/uploads\\\/2026\\\/04\\\/inundacionesenintendentealvearmoronta2026-1.jpg\",\"datePublished\":\"2026-08-30T14:57:57+00:00\",\"dateModified\":\"2026-08-30T14:57:59+00:00\",\"breadcrumb\":{\"@id\":\"https:\\\/\\\/diariotextual.com\\\/inicio\\\/index.php\\\/2026\\\/08\\\/30\\\/el-nino-agrometeorologa-advirtio-por-saturacion-de-los-suelos-en-la-pampa\\\/#breadcrumb\"},\"inLanguage\":\"es\",\"potentialAction\":[{\"@type\":\"ReadAction\",\"target\":[\"https:\\\/\\\/diariotextual.com\\\/inicio\\\/index.php\\\/2026\\\/08\\\/30\\\/el-nino-agrometeorologa-advirtio-por-saturacion-de-los-suelos-en-la-pampa\\\/\"]}]},{\"@type\":\"ImageObject\",\"inLanguage\":\"es\",\"@id\":\"https:\\\/\\\/diariotextual.com\\\/inicio\\\/index.php\\\/2026\\\/08\\\/30\\\/el-nino-agrometeorologa-advirtio-por-saturacion-de-los-suelos-en-la-pampa\\\/#primaryimage\",\"url\":\"https:\\\/\\\/diariotextual.com\\\/inicio\\\/wp-content\\\/uploads\\\/2026\\\/04\\\/inundacionesenintendentealvearmoronta2026-1.jpg\",\"contentUrl\":\"https:\\\/\\\/diariotextual.com\\\/inicio\\\/wp-content\\\/uploads\\\/2026\\\/04\\\/inundacionesenintendentealvearmoronta2026-1.jpg\",\"width\":721,\"height\":394},{\"@type\":\"BreadcrumbList\",\"@id\":\"https:\\\/\\\/diariotextual.com\\\/inicio\\\/index.php\\\/2026\\\/08\\\/30\\\/el-nino-agrometeorologa-advirtio-por-saturacion-de-los-suelos-en-la-pampa\\\/#breadcrumb\",\"itemListElement\":[{\"@type\":\"ListItem\",\"position\":1,\"name\":\"Portada\",\"item\":\"https:\\\/\\\/diariotextual.com\\\/inicio\\\/\"},{\"@type\":\"ListItem\",\"position\":2,\"name\":\"El Ni\u00f1o: agrometeor\u00f3loga advirti\u00f3 por saturaci\u00f3n de los suelos en La Pampa\"}]},{\"@type\":\"WebSite\",\"@id\":\"https:\\\/\\\/diariotextual.com\\\/inicio\\\/#website\",\"url\":\"https:\\\/\\\/diariotextual.com\\\/inicio\\\/\",\"name\":\"Diario Textual\",\"description\":\"\",\"publisher\":{\"@id\":\"https:\\\/\\\/diariotextual.com\\\/inicio\\\/#organization\"},\"potentialAction\":[{\"@type\":\"SearchAction\",\"target\":{\"@type\":\"EntryPoint\",\"urlTemplate\":\"https:\\\/\\\/diariotextual.com\\\/inicio\\\/?s={search_term_string}\"},\"query-input\":{\"@type\":\"PropertyValueSpecification\",\"valueRequired\":true,\"valueName\":\"search_term_string\"}}],\"inLanguage\":\"es\"},{\"@type\":\"Organization\",\"@id\":\"https:\\\/\\\/diariotextual.com\\\/inicio\\\/#organization\",\"name\":\"Diario Textual\",\"url\":\"https:\\\/\\\/diariotextual.com\\\/inicio\\\/\",\"logo\":{\"@type\":\"ImageObject\",\"inLanguage\":\"es\",\"@id\":\"https:\\\/\\\/diariotextual.com\\\/inicio\\\/#\\\/schema\\\/logo\\\/image\\\/\",\"url\":\"https:\\\/\\\/diariotextual.com\\\/inicio\\\/wp-content\\\/uploads\\\/2023\\\/05\\\/logotextual1.jpg\",\"contentUrl\":\"https:\\\/\\\/diariotextual.com\\\/inicio\\\/wp-content\\\/uploads\\\/2023\\\/05\\\/logotextual1.jpg\",\"width\":516,\"height\":76,\"caption\":\"Diario Textual\"},\"image\":{\"@id\":\"https:\\\/\\\/diariotextual.com\\\/inicio\\\/#\\\/schema\\\/logo\\\/image\\\/\"},\"sameAs\":[\"https:\\\/\\\/www.facebook.com\\\/eltextual\",\"https:\\\/\\\/x.com\\\/eltextual\",\"http:\\\/\\\/www.instagram.com\\\/eltextual\"]},{\"@type\":\"Person\",\"@id\":\"https:\\\/\\\/diariotextual.com\\\/inicio\\\/#\\\/schema\\\/person\\\/c7834961ad8b29b1d9cdbf4571299067\",\"name\":\"diario5\",\"image\":{\"@type\":\"ImageObject\",\"inLanguage\":\"es\",\"@id\":\"https:\\\/\\\/secure.gravatar.com\\\/avatar\\\/948c893b847ca6df68216ead81b63f363408ec9b0f600fefc0641ce78613b111?s=96&d=mm&r=g\",\"url\":\"https:\\\/\\\/secure.gravatar.com\\\/avatar\\\/948c893b847ca6df68216ead81b63f363408ec9b0f600fefc0641ce78613b111?s=96&d=mm&r=g\",\"contentUrl\":\"https:\\\/\\\/secure.gravatar.com\\\/avatar\\\/948c893b847ca6df68216ead81b63f363408ec9b0f600fefc0641ce78613b111?s=96&d=mm&r=g\",\"caption\":\"diario5\"},\"url\":\"https:\\\/\\\/diariotextual.com\\\/inicio\\\/index.php\\\/author\\\/diario5\\\/\"}]}<\/script>\n<!-- \/ Yoast SEO plugin. -->","yoast_head_json":{"title":"El Ni\u00f1o: agrometeor\u00f3loga advirti\u00f3 por saturaci\u00f3n de los suelos en La Pampa - Diario Textual","robots":{"index":"index","follow":"follow","max-snippet":"max-snippet:-1","max-image-preview":"max-image-preview:large","max-video-preview":"max-video-preview:-1"},"canonical":"https:\/\/diariotextual.com\/inicio\/index.php\/2026\/08\/30\/el-nino-agrometeorologa-advirtio-por-saturacion-de-los-suelos-en-la-pampa\/","og_locale":"es_ES","og_type":"article","og_title":"El Ni\u00f1o: agrometeor\u00f3loga advirti\u00f3 por saturaci\u00f3n de los suelos en La Pampa - Diario Textual","og_description":"La agrometeor\u00f3loga Laura Belmonte (INTA Anguil) advirti\u00f3 que el fen\u00f3meno de El Ni\u00f1o podr\u00eda generar lluvias por encima de lo normal en distintas zonas de La Pampa durante los pr\u00f3ximos&hellip;","og_url":"https:\/\/diariotextual.com\/inicio\/index.php\/2026\/08\/30\/el-nino-agrometeorologa-advirtio-por-saturacion-de-los-suelos-en-la-pampa\/","og_site_name":"Diario Textual","article_publisher":"https:\/\/www.facebook.com\/eltextual","article_published_time":"2026-08-30T14:57:57+00:00","article_modified_time":"2026-08-30T14:57:59+00:00","og_image":[{"width":721,"height":394,"url":"https:\/\/diariotextual.com\/inicio\/wp-content\/uploads\/2026\/04\/inundacionesenintendentealvearmoronta2026-1.jpg","type":"image\/jpeg"}],"author":"diario5","twitter_card":"summary_large_image","twitter_creator":"@eltextual","twitter_site":"@eltextual","twitter_misc":{"Escrito por":"diario5","Tiempo de lectura":"5 minutos"},"schema":{"@context":"https:\/\/schema.org","@graph":[{"@type":"Article","@id":"https:\/\/diariotextual.com\/inicio\/index.php\/2026\/08\/30\/el-nino-agrometeorologa-advirtio-por-saturacion-de-los-suelos-en-la-pampa\/#article","isPartOf":{"@id":"https:\/\/diariotextual.com\/inicio\/index.php\/2026\/08\/30\/el-nino-agrometeorologa-advirtio-por-saturacion-de-los-suelos-en-la-pampa\/"},"author":{"name":"diario5","@id":"https:\/\/diariotextual.com\/inicio\/#\/schema\/person\/c7834961ad8b29b1d9cdbf4571299067"},"headline":"El Ni\u00f1o: agrometeor\u00f3loga advirti\u00f3 por saturaci\u00f3n de los suelos en La Pampa","datePublished":"2026-08-30T14:57:57+00:00","dateModified":"2026-08-30T14:57:59+00:00","mainEntityOfPage":{"@id":"https:\/\/diariotextual.com\/inicio\/index.php\/2026\/08\/30\/el-nino-agrometeorologa-advirtio-por-saturacion-de-los-suelos-en-la-pampa\/"},"wordCount":969,"publisher":{"@id":"https:\/\/diariotextual.com\/inicio\/#organization"},"image":{"@id":"https:\/\/diariotextual.com\/inicio\/index.php\/2026\/08\/30\/el-nino-agrometeorologa-advirtio-por-saturacion-de-los-suelos-en-la-pampa\/#primaryimage"},"thumbnailUrl":"https:\/\/diariotextual.com\/inicio\/wp-content\/uploads\/2026\/04\/inundacionesenintendentealvearmoronta2026-1.jpg","articleSection":["A - DESTACADAS (mod 16)","CAMPO"],"inLanguage":"es"},{"@type":"WebPage","@id":"https:\/\/diariotextual.com\/inicio\/index.php\/2026\/08\/30\/el-nino-agrometeorologa-advirtio-por-saturacion-de-los-suelos-en-la-pampa\/","url":"https:\/\/diariotextual.com\/inicio\/index.php\/2026\/08\/30\/el-nino-agrometeorologa-advirtio-por-saturacion-de-los-suelos-en-la-pampa\/","name":"El Ni\u00f1o: agrometeor\u00f3loga advirti\u00f3 por saturaci\u00f3n de los suelos en La Pampa - Diario Textual","isPartOf":{"@id":"https:\/\/diariotextual.com\/inicio\/#website"},"primaryImageOfPage":{"@id":"https:\/\/diariotextual.com\/inicio\/index.php\/2026\/08\/30\/el-nino-agrometeorologa-advirtio-por-saturacion-de-los-suelos-en-la-pampa\/#primaryimage"},"image":{"@id":"https:\/\/diariotextual.com\/inicio\/index.php\/2026\/08\/30\/el-nino-agrometeorologa-advirtio-por-saturacion-de-los-suelos-en-la-pampa\/#primaryimage"},"thumbnailUrl":"https:\/\/diariotextual.com\/inicio\/wp-content\/uploads\/2026\/04\/inundacionesenintendentealvearmoronta2026-1.jpg","datePublished":"2026-08-30T14:57:57+00:00","dateModified":"2026-08-30T14:57:59+00:00","breadcrumb":{"@id":"https:\/\/diariotextual.com\/inicio\/index.php\/2026\/08\/30\/el-nino-agrometeorologa-advirtio-por-saturacion-de-los-suelos-en-la-pampa\/#breadcrumb"},"inLanguage":"es","potentialAction":[{"@type":"ReadAction","target":["https:\/\/diariotextual.com\/inicio\/index.php\/2026\/08\/30\/el-nino-agrometeorologa-advirtio-por-saturacion-de-los-suelos-en-la-pampa\/"]}]},{"@type":"ImageObject","inLanguage":"es","@id":"https:\/\/diariotextual.com\/inicio\/index.php\/2026\/08\/30\/el-nino-agrometeorologa-advirtio-por-saturacion-de-los-suelos-en-la-pampa\/#primaryimage","url":"https:\/\/diariotextual.com\/inicio\/wp-content\/uploads\/2026\/04\/inundacionesenintendentealvearmoronta2026-1.jpg","contentUrl":"https:\/\/diariotextual.com\/inicio\/wp-content\/uploads\/2026\/04\/inundacionesenintendentealvearmoronta2026-1.jpg","width":721,"height":394},{"@type":"BreadcrumbList","@id":"https:\/\/diariotextual.com\/inicio\/index.php\/2026\/08\/30\/el-nino-agrometeorologa-advirtio-por-saturacion-de-los-suelos-en-la-pampa\/#breadcrumb","itemListElement":[{"@type":"ListItem","position":1,"name":"Portada","item":"https:\/\/diariotextual.com\/inicio\/"},{"@type":"ListItem","position":2,"name":"El Ni\u00f1o: agrometeor\u00f3loga advirti\u00f3 por saturaci\u00f3n de los suelos en La Pampa"}]},{"@type":"WebSite","@id":"https:\/\/diariotextual.com\/inicio\/#website","url":"https:\/\/diariotextual.com\/inicio\/","name":"Diario Textual","description":"","publisher":{"@id":"https:\/\/diariotextual.com\/inicio\/#organization"},"potentialAction":[{"@type":"SearchAction","target":{"@type":"EntryPoint","urlTemplate":"https:\/\/diariotextual.com\/inicio\/?s={search_term_string}"},"query-input":{"@type":"PropertyValueSpecification","valueRequired":true,"valueName":"search_term_string"}}],"inLanguage":"es"},{"@type":"Organization","@id":"https:\/\/diariotextual.com\/inicio\/#organization","name":"Diario Textual","url":"https:\/\/diariotextual.com\/inicio\/","logo":{"@type":"ImageObject","inLanguage":"es","@id":"https:\/\/diariotextual.com\/inicio\/#\/schema\/logo\/image\/","url":"https:\/\/diariotextual.com\/inicio\/wp-content\/uploads\/2023\/05\/logotextual1.jpg","contentUrl":"https:\/\/diariotextual.com\/inicio\/wp-content\/uploads\/2023\/05\/logotextual1.jpg","width":516,"height":76,"caption":"Diario Textual"},"image":{"@id":"https:\/\/diariotextual.com\/inicio\/#\/schema\/logo\/image\/"},"sameAs":["https:\/\/www.facebook.com\/eltextual","https:\/\/x.com\/eltextual","http:\/\/www.instagram.com\/eltextual"]},{"@type":"Person","@id":"https:\/\/diariotextual.com\/inicio\/#\/schema\/person\/c7834961ad8b29b1d9cdbf4571299067","name":"diario5","image":{"@type":"ImageObject","inLanguage":"es","@id":"https:\/\/secure.gravatar.com\/avatar\/948c893b847ca6df68216ead81b63f363408ec9b0f600fefc0641ce78613b111?s=96&d=mm&r=g","url":"https:\/\/secure.gravatar.com\/avatar\/948c893b847ca6df68216ead81b63f363408ec9b0f600fefc0641ce78613b111?s=96&d=mm&r=g","contentUrl":"https:\/\/secure.gravatar.com\/avatar\/948c893b847ca6df68216ead81b63f363408ec9b0f600fefc0641ce78613b111?s=96&d=mm&r=g","caption":"diario5"},"url":"https:\/\/diariotextual.com\/inicio\/index.php\/author\/diario5\/"}]}},"_links":{"self":[{"href":"https:\/\/diariotextual.com\/inicio\/index.php\/wp-json\/wp\/v2\/posts\/334118","targetHints":{"allow":["GET"]}}],"collection":[{"href":"https:\/\/diariotextual.com\/inicio\/index.php\/wp-json\/wp\/v2\/posts"}],"about":[{"href":"https:\/\/diariotextual.com\/inicio\/index.php\/wp-json\/wp\/v2\/types\/post"}],"author":[{"embeddable":true,"href":"https:\/\/diariotextual.com\/inicio\/index.php\/wp-json\/wp\/v2\/users\/7"}],"replies":[{"embeddable":true,"href":"https:\/\/diariotextual.com\/inicio\/index.php\/wp-json\/wp\/v2\/comments?post=334118"}],"version-history":[{"count":2,"href":"https:\/\/diariotextual.com\/inicio\/index.php\/wp-json\/wp\/v2\/posts\/334118\/revisions"}],"predecessor-version":[{"id":334120,"href":"https:\/\/diariotextual.com\/inicio\/index.php\/wp-json\/wp\/v2\/posts\/334118\/revisions\/334120"}],"wp:featuredmedia":[{"embeddable":true,"href":"https:\/\/diariotextual.com\/inicio\/index.php\/wp-json\/wp\/v2\/media\/325658"}],"wp:attachment":[{"href":"https:\/\/diariotextual.com\/inicio\/index.php\/wp-json\/wp\/v2\/media?parent=334118"}],"wp:term":[{"taxonomy":"category","embeddable":true,"href":"https:\/\/diariotextual.com\/inicio\/index.php\/wp-json\/wp\/v2\/categories?post=334118"},{"taxonomy":"post_tag","embeddable":true,"href":"https:\/\/diariotextual.com\/inicio\/index.php\/wp-json\/wp\/v2\/tags?post=334118"}],"curies":[{"name":"wp","href":"https:\/\/api.w.org\/{rel}","templated":true}]}}