{"id":334142,"date":"2026-08-30T19:19:40","date_gmt":"2026-08-30T22:19:40","guid":{"rendered":"https:\/\/diariotextual.com\/inicio\/?p=334142"},"modified":"2026-08-30T19:53:31","modified_gmt":"2026-08-30T22:53:31","slug":"no-hay-garantias-di-napoli-dice-que-no-ira-a-una-interna-en-el-pj","status":"publish","type":"post","link":"https:\/\/diariotextual.com\/inicio\/index.php\/2026\/08\/30\/no-hay-garantias-di-napoli-dice-que-no-ira-a-una-interna-en-el-pj\/","title":{"rendered":"\u201cNo hay garant\u00edas\u201d: Di N\u00e1poli dice que no ir\u00e1 a una interna en el PJ"},"content":{"rendered":"\n<p class=\"wp-block-paragraph\">El intendente de Santa Rosa, <strong>Luciano di N\u00e1poli<\/strong>, reiter\u00f3 este domingo que pretende candidatearse en 2027, pero afirm\u00f3 que \u201cno hay garant\u00edas\u201d para participar de una interna dentro del <strong>Partido Justicialista (PJ)<\/strong>. \u201cEso (por la interna) est\u00e1 absolutamente descartada\u201d, dijo. Al mismo tiempo, no desech\u00f3 la posibilidad de alcanzar un acuerdo con <strong>Fuerza Pampa<\/strong>, el nuevo espacio surgido de sectores del peronismo provincial.<\/p>\n\n\n\n<p class=\"wp-block-paragraph\">Di N\u00e1poli dijo que a\u00fan no defini\u00f3 si se postular\u00e1 a gobernador o nuevamente a intendente. Pero s\u00ed dijo que no ir\u00e1 a una interna, luego de la pulseada, en 2025, con la conducci\u00f3n de Sergio Ziliotto y el resto de los sectores peronistas por el control del PJ. En esa oportunidad, su lista fue bajada porque una serie de irregularidades -entre ellas, faltaban candidatos para cubrir cargos de delegados departamentales-. Para Di N\u00e1poli, fue una maniobra para proscribirlo.<\/p>\n\n\n\n<p class=\"wp-block-paragraph\">Actualmente el <strong>peronismo pampeano<\/strong> atraviesa un proceso de reacomodamiento interno de cara a <strong>2027<\/strong>, marcado por la sucesi\u00f3n de <strong>Sergio Ziliotto<\/strong> y por las diferencias sobre c\u00f3mo definir al pr\u00f3ximo candidato a gobernador. La <strong>L\u00ednea Plural<\/strong>, con el gobernador y el sector de <strong>Carlos Verna<\/strong> como principales referencias, conserva el control de la estructura partidaria, aunque conviven tensiones y distintas posiciones sobre el futuro del PJ.<\/p>\n\n\n\n<p class=\"wp-block-paragraph\">En ese escenario, el intendente de Santa Rosa mantiene su afiliaci\u00f3n al PJ y asegura que apuesta a la unidad, pero cuestiona las condiciones para una competencia interna. En paralelo, sectores vinculados a su espacio impulsaron <strong>Fuerza Pampa<\/strong>, un partido que ya obtuvo reconocimiento y que qued\u00f3 constituido como una eventual herramienta electoral por fuera del justicialismo.<\/p>\n\n\n\n<p class=\"wp-block-paragraph\">En tanto, <strong>Ziliotto insiste en preservar la unidad<\/strong> y el PJ contin\u00faa intentando ordenar su escenario interno. La principal inc\u00f3gnita es si las diferencias podr\u00e1n resolverse dentro de la estructura partidaria o si terminar\u00e1n derivando en una divisi\u00f3n electoral que, en 2027, podr\u00eda poner en riesgo la hist\u00f3rica fortaleza del peronismo pampeano.<\/p>\n\n\n\n<p class=\"wp-block-paragraph\">El jefe comunal particip\u00f3 de la inauguraci\u00f3n de obras en el barrio Villa Parque. \u201cEn este caso, son <strong>36 cuadras de asfalto<\/strong> las que estamos inaugurando esta tarde. Tambi\u00e9n hicimos la <strong>renovaci\u00f3n integral de la plaza del barrio<\/strong>, que cuenta con una cancha de f\u00fatbol y juegos nuevos para los ni\u00f1os. Estamos festejando el <strong>D\u00eda de las Infancias<\/strong> y cerrando el ciclo de actividades. Tambi\u00e9n se hizo la <strong>refacci\u00f3n integral de la Comisi\u00f3n Vecinal<\/strong>, que ahora asume la nueva comisi\u00f3n del barrio\u201d, dijo.<\/p>\n\n\n\n<p class=\"wp-block-paragraph\"><strong>\u2014\u00bfQu\u00e9 cambia para el barrio con todas estas obras?<\/strong><\/p>\n\n\n\n<p class=\"wp-block-paragraph\">\u2014Son <strong>condiciones de calidad de vida<\/strong>. Tener accesibilidad por asfalto mejora la vida de las personas. Y ni hablar de este espacio comunitario que es la plaza, que qued\u00f3 de calidad, como venimos haciendo en distintos espacios de la ciudad. Esto permite que los chicos puedan desarrollarse mejor y tener contenci\u00f3n. Ac\u00e1 tambi\u00e9n funcionan permanentemente escuelas deportivas del municipio. Entonces vamos a tener mejores condiciones para <strong>generar comunidad<\/strong>, que es lo m\u00e1s importante. Sobre todo, en tiempos en los que arrecia el individualismo, es bueno tener este tipo de espacios comunitarios.<\/p>\n\n\n\n<p class=\"wp-block-paragraph\"><strong>\u2014\u00bfC\u00f3mo est\u00e1 viendo el tema pol\u00edtico?<\/strong><\/p>\n\n\n\n<p class=\"wp-block-paragraph\">\u2014Llegar\u00e1 el momento pol\u00edtico de definir candidaturas. Por ahora, nosotros estamos muy abocados a la <strong>gesti\u00f3n municipal<\/strong> y con la energ\u00eda puesta en esto, por supuesto.<\/p>\n\n\n\n<p class=\"wp-block-paragraph\"><strong>\u2014\u00bfEst\u00e1n participando de los di\u00e1logos dentro del PJ? \u00bfHa hablado con la gente del partido? \u00bfHay alguna definici\u00f3n sobre si va a ir por afuera tambi\u00e9n?<\/strong><\/p>\n\n\n\n<p class=\"wp-block-paragraph\">\u2014Nosotros tenemos di\u00e1logo con todos los sectores, siempre. Dentro del PJ y fuera del PJ, con todos los sectores. Las distintas l\u00edneas tenemos relaci\u00f3n con absolutamente todos y charlamos con todos. Eso no quiere decir que compartamos algunas de las acciones que se est\u00e1n llevando adelante. Pero la verdad es que s\u00ed: <strong>di\u00e1logo con todos<\/strong>.<\/p>\n\n\n\n<p class=\"wp-block-paragraph\"><strong>\u2014Est\u00e1 recorriendo la provincia, distintas localidades, y tambi\u00e9n hay una lectura pol\u00edtica de eso. \u00bfEst\u00e1 haciendo campa\u00f1a para la gobernaci\u00f3n?<\/strong><\/p>\n\n\n\n<p class=\"wp-block-paragraph\">\u2014Siempre recorr\u00ed la provincia, siempre. A veces se muestra y a veces no. En general, no lo mostramos porque, desde el d\u00eda que soy intendente, comparto reuniones con mis colegas. A veces me invitan a actividades, a compartir un mate, un asado o simplemente a tener una charla con alguno de ellos. Lo mismo pasa cada martes, cuando vienen colegas a la ciudad de Santa Rosa. De distintos palos pol\u00edticos vienen a visitarnos. Entonces, compartir esas experiencias me parece muy valioso.<\/p>\n\n\n\n<p class=\"wp-block-paragraph\"><strong>\u2014\u00bfC\u00f3mo ve el nuevo espacio que apareci\u00f3, Fuerza Pampa?<\/strong><\/p>\n\n\n\n<p class=\"wp-block-paragraph\">\u2014Lo veo con expectativas. Son compa\u00f1eros que uno quiere y respeta mucho. Me parece absolutamente l\u00f3gico lo que han hecho, sobre todo despu\u00e9s de la imposibilidad de dar una disputa interna dentro del Partido Justicialista. Lo charlamos en su momento y me lo plantearon. Les he manifestado que, desde mi lugar, voy a seguir bregando para tratar de lograr la <strong>unidad<\/strong>. Entendiendo tambi\u00e9n que no hay muchas opciones, porque no hay posibilidad de hacer una interna, sobre todo despu\u00e9s de lo que pas\u00f3. Nosotros hemos intentado realizar una interna en 2025 y no se pudo. De manera arbitraria se nos quit\u00f3 esa posibilidad. Este grupo de compa\u00f1eros decidi\u00f3 que lo mejor era armar otro partido pol\u00edtico. Los entiendo, los comprendo. Veremos a d\u00f3nde termina la historia.<\/p>\n\n\n\n<p class=\"wp-block-paragraph\"><strong>\u2014\u00bfVa a sumar a Fuerza Pampa?<\/strong><\/p>\n\n\n\n<p class=\"wp-block-paragraph\">\u2014Yo sigo afiliado al Partido Justicialista. Siempre es una opci\u00f3n charlar con todos. Estoy convencido de que se puede llegar a acuerdos y definir a partir de la l\u00ednea pol\u00edtica, a partir de lograr puentes. Yo soy un dirigente que siempre cree en la <strong>construcci\u00f3n de puentes y no de muros<\/strong>. La verdad es que espero que lleguemos a buen puerto con el di\u00e1logo y, si no, veremos.<\/p>\n\n\n\n<p class=\"wp-block-paragraph\"><strong>\u2014\u00bfNo hay posibilidad de participar en una interna dentro del partido para el a\u00f1o que viene?<\/strong><\/p>\n\n\n\n<p class=\"wp-block-paragraph\">\u2014No, de nuestro lado no hay ninguna posibilidad. Est\u00e1 absolutamente descartado participar. Adem\u00e1s, resulta absolutamente l\u00f3gico. Nosotros intentamos hacer la interna y no se nos dio la posibilidad de hacerlo. Y hoy <strong>no hay garant\u00edas<\/strong>. Hay much\u00edsimos compa\u00f1eros, incluso afuera del Partido Justicialista. As\u00ed que, para nosotros, la interna no es una opci\u00f3n.<\/p>\n\n\n\n<p class=\"wp-block-paragraph\"><strong>\u2014Y si va a ser candidato, \u00bfqu\u00e9 posici\u00f3n va a tomar entonces?<\/strong><\/p>\n\n\n\n<p class=\"wp-block-paragraph\">\u2014Bueno, de vuelta, vamos a intentar el di\u00e1logo con todos. Yo quiero construir con todos, sobre todo con los que uno tiene afinidad ideol\u00f3gica. Yo sigo afiliado al Partido Justicialista. Encuentro ah\u00ed la esperanza de que podamos llegar a un acuerdo y, si no, se ver\u00e1.<\/p>\n\n\n\n<p class=\"wp-block-paragraph\"><\/p>\n","protected":false},"excerpt":{"rendered":"<p>El intendente de Santa Rosa, Luciano di N\u00e1poli, reiter\u00f3 este domingo que pretende candidatearse en 2027, pero afirm\u00f3 que \u201cno hay garant\u00edas\u201d para participar de una interna dentro del Partido&hellip;<\/p>\n","protected":false},"author":3,"featured_media":334155,"comment_status":"closed","ping_status":"open","sticky":false,"template":"","format":"standard","meta":{"_acf_changed":false,"footnotes":""},"categories":[9,8],"tags":[],"class_list":["post-334142","post","type-post","status-publish","format-standard","has-post-thumbnail","hentry","category-portada","category-politica"],"acf":[],"yoast_head":"<!-- This site is optimized with the Yoast SEO plugin v28.3 - https:\/\/yoast.com\/product\/yoast-seo-wordpress\/ -->\n<title>\u201cNo hay garant\u00edas\u201d: Di N\u00e1poli dice que no ir\u00e1 a una interna en el PJ - Diario Textual<\/title>\n<meta name=\"robots\" content=\"index, follow, max-snippet:-1, max-image-preview:large, max-video-preview:-1\" \/>\n<link rel=\"canonical\" href=\"https:\/\/diariotextual.com\/inicio\/index.php\/2026\/08\/30\/no-hay-garantias-di-napoli-dice-que-no-ira-a-una-interna-en-el-pj\/\" \/>\n<meta property=\"og:locale\" content=\"es_ES\" \/>\n<meta property=\"og:type\" content=\"article\" \/>\n<meta property=\"og:title\" content=\"\u201cNo hay garant\u00edas\u201d: Di N\u00e1poli dice que no ir\u00e1 a una interna en el PJ - Diario Textual\" \/>\n<meta property=\"og:description\" content=\"El intendente de Santa Rosa, Luciano di N\u00e1poli, reiter\u00f3 este domingo que pretende candidatearse en 2027, pero afirm\u00f3 que \u201cno hay garant\u00edas\u201d para participar de una interna dentro del Partido&hellip;\" \/>\n<meta property=\"og:url\" content=\"https:\/\/diariotextual.com\/inicio\/index.php\/2026\/08\/30\/no-hay-garantias-di-napoli-dice-que-no-ira-a-una-interna-en-el-pj\/\" \/>\n<meta property=\"og:site_name\" content=\"Diario Textual\" \/>\n<meta property=\"article:publisher\" content=\"https:\/\/www.facebook.com\/eltextual\" \/>\n<meta property=\"article:published_time\" content=\"2026-08-30T22:19:40+00:00\" \/>\n<meta property=\"article:modified_time\" content=\"2026-08-30T22:53:31+00:00\" \/>\n<meta property=\"og:image\" content=\"https:\/\/diariotextual.com\/inicio\/wp-content\/uploads\/2026\/08\/dinapoliluciano2026-7000.jpg\" \/>\n\t<meta property=\"og:image:width\" content=\"1200\" \/>\n\t<meta property=\"og:image:height\" content=\"799\" \/>\n\t<meta property=\"og:image:type\" content=\"image\/jpeg\" \/>\n<meta name=\"author\" content=\"Diario1 Diario1\" \/>\n<meta name=\"twitter:card\" content=\"summary_large_image\" \/>\n<meta name=\"twitter:creator\" content=\"@eltextual\" \/>\n<meta name=\"twitter:site\" content=\"@eltextual\" \/>\n<meta name=\"twitter:label1\" content=\"Escrito por\" \/>\n\t<meta name=\"twitter:data1\" content=\"Diario1 Diario1\" \/>\n\t<meta name=\"twitter:label2\" content=\"Tiempo de lectura\" \/>\n\t<meta name=\"twitter:data2\" content=\"6 minutos\" \/>\n<script type=\"application\/ld+json\" class=\"yoast-schema-graph\">{\"@context\":\"https:\\\/\\\/schema.org\",\"@graph\":[{\"@type\":\"Article\",\"@id\":\"https:\\\/\\\/diariotextual.com\\\/inicio\\\/index.php\\\/2026\\\/08\\\/30\\\/no-hay-garantias-di-napoli-dice-que-no-ira-a-una-interna-en-el-pj\\\/#article\",\"isPartOf\":{\"@id\":\"https:\\\/\\\/diariotextual.com\\\/inicio\\\/index.php\\\/2026\\\/08\\\/30\\\/no-hay-garantias-di-napoli-dice-que-no-ira-a-una-interna-en-el-pj\\\/\"},\"author\":{\"name\":\"Diario1 Diario1\",\"@id\":\"https:\\\/\\\/diariotextual.com\\\/inicio\\\/#\\\/schema\\\/person\\\/418fc4093c33e86ed41562db3508f958\"},\"headline\":\"\u201cNo hay garant\u00edas\u201d: Di N\u00e1poli dice que no ir\u00e1 a una interna en el PJ\",\"datePublished\":\"2026-08-30T22:19:40+00:00\",\"dateModified\":\"2026-08-30T22:53:31+00:00\",\"mainEntityOfPage\":{\"@id\":\"https:\\\/\\\/diariotextual.com\\\/inicio\\\/index.php\\\/2026\\\/08\\\/30\\\/no-hay-garantias-di-napoli-dice-que-no-ira-a-una-interna-en-el-pj\\\/\"},\"wordCount\":1136,\"publisher\":{\"@id\":\"https:\\\/\\\/diariotextual.com\\\/inicio\\\/#organization\"},\"image\":{\"@id\":\"https:\\\/\\\/diariotextual.com\\\/inicio\\\/index.php\\\/2026\\\/08\\\/30\\\/no-hay-garantias-di-napoli-dice-que-no-ira-a-una-interna-en-el-pj\\\/#primaryimage\"},\"thumbnailUrl\":\"https:\\\/\\\/diariotextual.com\\\/inicio\\\/wp-content\\\/uploads\\\/2026\\\/08\\\/dinapoliluciano2026-7000.jpg\",\"articleSection\":[\"A - PORTADA\",\"POLITICA\"],\"inLanguage\":\"es\"},{\"@type\":\"WebPage\",\"@id\":\"https:\\\/\\\/diariotextual.com\\\/inicio\\\/index.php\\\/2026\\\/08\\\/30\\\/no-hay-garantias-di-napoli-dice-que-no-ira-a-una-interna-en-el-pj\\\/\",\"url\":\"https:\\\/\\\/diariotextual.com\\\/inicio\\\/index.php\\\/2026\\\/08\\\/30\\\/no-hay-garantias-di-napoli-dice-que-no-ira-a-una-interna-en-el-pj\\\/\",\"name\":\"\u201cNo hay garant\u00edas\u201d: Di N\u00e1poli dice que no ir\u00e1 a una interna en el PJ - Diario Textual\",\"isPartOf\":{\"@id\":\"https:\\\/\\\/diariotextual.com\\\/inicio\\\/#website\"},\"primaryImageOfPage\":{\"@id\":\"https:\\\/\\\/diariotextual.com\\\/inicio\\\/index.php\\\/2026\\\/08\\\/30\\\/no-hay-garantias-di-napoli-dice-que-no-ira-a-una-interna-en-el-pj\\\/#primaryimage\"},\"image\":{\"@id\":\"https:\\\/\\\/diariotextual.com\\\/inicio\\\/index.php\\\/2026\\\/08\\\/30\\\/no-hay-garantias-di-napoli-dice-que-no-ira-a-una-interna-en-el-pj\\\/#primaryimage\"},\"thumbnailUrl\":\"https:\\\/\\\/diariotextual.com\\\/inicio\\\/wp-content\\\/uploads\\\/2026\\\/08\\\/dinapoliluciano2026-7000.jpg\",\"datePublished\":\"2026-08-30T22:19:40+00:00\",\"dateModified\":\"2026-08-30T22:53:31+00:00\",\"breadcrumb\":{\"@id\":\"https:\\\/\\\/diariotextual.com\\\/inicio\\\/index.php\\\/2026\\\/08\\\/30\\\/no-hay-garantias-di-napoli-dice-que-no-ira-a-una-interna-en-el-pj\\\/#breadcrumb\"},\"inLanguage\":\"es\",\"potentialAction\":[{\"@type\":\"ReadAction\",\"target\":[\"https:\\\/\\\/diariotextual.com\\\/inicio\\\/index.php\\\/2026\\\/08\\\/30\\\/no-hay-garantias-di-napoli-dice-que-no-ira-a-una-interna-en-el-pj\\\/\"]}]},{\"@type\":\"ImageObject\",\"inLanguage\":\"es\",\"@id\":\"https:\\\/\\\/diariotextual.com\\\/inicio\\\/index.php\\\/2026\\\/08\\\/30\\\/no-hay-garantias-di-napoli-dice-que-no-ira-a-una-interna-en-el-pj\\\/#primaryimage\",\"url\":\"https:\\\/\\\/diariotextual.com\\\/inicio\\\/wp-content\\\/uploads\\\/2026\\\/08\\\/dinapoliluciano2026-7000.jpg\",\"contentUrl\":\"https:\\\/\\\/diariotextual.com\\\/inicio\\\/wp-content\\\/uploads\\\/2026\\\/08\\\/dinapoliluciano2026-7000.jpg\",\"width\":1200,\"height\":799},{\"@type\":\"BreadcrumbList\",\"@id\":\"https:\\\/\\\/diariotextual.com\\\/inicio\\\/index.php\\\/2026\\\/08\\\/30\\\/no-hay-garantias-di-napoli-dice-que-no-ira-a-una-interna-en-el-pj\\\/#breadcrumb\",\"itemListElement\":[{\"@type\":\"ListItem\",\"position\":1,\"name\":\"Portada\",\"item\":\"https:\\\/\\\/diariotextual.com\\\/inicio\\\/\"},{\"@type\":\"ListItem\",\"position\":2,\"name\":\"\u201cNo hay garant\u00edas\u201d: Di N\u00e1poli dice que no ir\u00e1 a una interna en el PJ\"}]},{\"@type\":\"WebSite\",\"@id\":\"https:\\\/\\\/diariotextual.com\\\/inicio\\\/#website\",\"url\":\"https:\\\/\\\/diariotextual.com\\\/inicio\\\/\",\"name\":\"Diario Textual\",\"description\":\"\",\"publisher\":{\"@id\":\"https:\\\/\\\/diariotextual.com\\\/inicio\\\/#organization\"},\"potentialAction\":[{\"@type\":\"SearchAction\",\"target\":{\"@type\":\"EntryPoint\",\"urlTemplate\":\"https:\\\/\\\/diariotextual.com\\\/inicio\\\/?s={search_term_string}\"},\"query-input\":{\"@type\":\"PropertyValueSpecification\",\"valueRequired\":true,\"valueName\":\"search_term_string\"}}],\"inLanguage\":\"es\"},{\"@type\":\"Organization\",\"@id\":\"https:\\\/\\\/diariotextual.com\\\/inicio\\\/#organization\",\"name\":\"Diario Textual\",\"url\":\"https:\\\/\\\/diariotextual.com\\\/inicio\\\/\",\"logo\":{\"@type\":\"ImageObject\",\"inLanguage\":\"es\",\"@id\":\"https:\\\/\\\/diariotextual.com\\\/inicio\\\/#\\\/schema\\\/logo\\\/image\\\/\",\"url\":\"https:\\\/\\\/diariotextual.com\\\/inicio\\\/wp-content\\\/uploads\\\/2023\\\/05\\\/logotextual1.jpg\",\"contentUrl\":\"https:\\\/\\\/diariotextual.com\\\/inicio\\\/wp-content\\\/uploads\\\/2023\\\/05\\\/logotextual1.jpg\",\"width\":516,\"height\":76,\"caption\":\"Diario Textual\"},\"image\":{\"@id\":\"https:\\\/\\\/diariotextual.com\\\/inicio\\\/#\\\/schema\\\/logo\\\/image\\\/\"},\"sameAs\":[\"https:\\\/\\\/www.facebook.com\\\/eltextual\",\"https:\\\/\\\/x.com\\\/eltextual\",\"http:\\\/\\\/www.instagram.com\\\/eltextual\"]},{\"@type\":\"Person\",\"@id\":\"https:\\\/\\\/diariotextual.com\\\/inicio\\\/#\\\/schema\\\/person\\\/418fc4093c33e86ed41562db3508f958\",\"name\":\"Diario1 Diario1\",\"image\":{\"@type\":\"ImageObject\",\"inLanguage\":\"es\",\"@id\":\"https:\\\/\\\/secure.gravatar.com\\\/avatar\\\/9167d280179c85bc18be67aa7eda765854300033af4896dd779b608640f2ef7a?s=96&d=mm&r=g\",\"url\":\"https:\\\/\\\/secure.gravatar.com\\\/avatar\\\/9167d280179c85bc18be67aa7eda765854300033af4896dd779b608640f2ef7a?s=96&d=mm&r=g\",\"contentUrl\":\"https:\\\/\\\/secure.gravatar.com\\\/avatar\\\/9167d280179c85bc18be67aa7eda765854300033af4896dd779b608640f2ef7a?s=96&d=mm&r=g\",\"caption\":\"Diario1 Diario1\"},\"url\":\"https:\\\/\\\/diariotextual.com\\\/inicio\\\/index.php\\\/author\\\/diario1\\\/\"}]}<\/script>\n<!-- \/ Yoast SEO plugin. -->","yoast_head_json":{"title":"\u201cNo hay garant\u00edas\u201d: Di N\u00e1poli dice que no ir\u00e1 a una interna en el PJ - Diario Textual","robots":{"index":"index","follow":"follow","max-snippet":"max-snippet:-1","max-image-preview":"max-image-preview:large","max-video-preview":"max-video-preview:-1"},"canonical":"https:\/\/diariotextual.com\/inicio\/index.php\/2026\/08\/30\/no-hay-garantias-di-napoli-dice-que-no-ira-a-una-interna-en-el-pj\/","og_locale":"es_ES","og_type":"article","og_title":"\u201cNo hay garant\u00edas\u201d: Di N\u00e1poli dice que no ir\u00e1 a una interna en el PJ - Diario Textual","og_description":"El intendente de Santa Rosa, Luciano di N\u00e1poli, reiter\u00f3 este domingo que pretende candidatearse en 2027, pero afirm\u00f3 que \u201cno hay garant\u00edas\u201d para participar de una interna dentro del Partido&hellip;","og_url":"https:\/\/diariotextual.com\/inicio\/index.php\/2026\/08\/30\/no-hay-garantias-di-napoli-dice-que-no-ira-a-una-interna-en-el-pj\/","og_site_name":"Diario Textual","article_publisher":"https:\/\/www.facebook.com\/eltextual","article_published_time":"2026-08-30T22:19:40+00:00","article_modified_time":"2026-08-30T22:53:31+00:00","og_image":[{"width":1200,"height":799,"url":"https:\/\/diariotextual.com\/inicio\/wp-content\/uploads\/2026\/08\/dinapoliluciano2026-7000.jpg","type":"image\/jpeg"}],"author":"Diario1 Diario1","twitter_card":"summary_large_image","twitter_creator":"@eltextual","twitter_site":"@eltextual","twitter_misc":{"Escrito por":"Diario1 Diario1","Tiempo de lectura":"6 minutos"},"schema":{"@context":"https:\/\/schema.org","@graph":[{"@type":"Article","@id":"https:\/\/diariotextual.com\/inicio\/index.php\/2026\/08\/30\/no-hay-garantias-di-napoli-dice-que-no-ira-a-una-interna-en-el-pj\/#article","isPartOf":{"@id":"https:\/\/diariotextual.com\/inicio\/index.php\/2026\/08\/30\/no-hay-garantias-di-napoli-dice-que-no-ira-a-una-interna-en-el-pj\/"},"author":{"name":"Diario1 Diario1","@id":"https:\/\/diariotextual.com\/inicio\/#\/schema\/person\/418fc4093c33e86ed41562db3508f958"},"headline":"\u201cNo hay garant\u00edas\u201d: Di N\u00e1poli dice que no ir\u00e1 a una interna en el PJ","datePublished":"2026-08-30T22:19:40+00:00","dateModified":"2026-08-30T22:53:31+00:00","mainEntityOfPage":{"@id":"https:\/\/diariotextual.com\/inicio\/index.php\/2026\/08\/30\/no-hay-garantias-di-napoli-dice-que-no-ira-a-una-interna-en-el-pj\/"},"wordCount":1136,"publisher":{"@id":"https:\/\/diariotextual.com\/inicio\/#organization"},"image":{"@id":"https:\/\/diariotextual.com\/inicio\/index.php\/2026\/08\/30\/no-hay-garantias-di-napoli-dice-que-no-ira-a-una-interna-en-el-pj\/#primaryimage"},"thumbnailUrl":"https:\/\/diariotextual.com\/inicio\/wp-content\/uploads\/2026\/08\/dinapoliluciano2026-7000.jpg","articleSection":["A - PORTADA","POLITICA"],"inLanguage":"es"},{"@type":"WebPage","@id":"https:\/\/diariotextual.com\/inicio\/index.php\/2026\/08\/30\/no-hay-garantias-di-napoli-dice-que-no-ira-a-una-interna-en-el-pj\/","url":"https:\/\/diariotextual.com\/inicio\/index.php\/2026\/08\/30\/no-hay-garantias-di-napoli-dice-que-no-ira-a-una-interna-en-el-pj\/","name":"\u201cNo hay garant\u00edas\u201d: Di N\u00e1poli dice que no ir\u00e1 a una interna en el PJ - Diario Textual","isPartOf":{"@id":"https:\/\/diariotextual.com\/inicio\/#website"},"primaryImageOfPage":{"@id":"https:\/\/diariotextual.com\/inicio\/index.php\/2026\/08\/30\/no-hay-garantias-di-napoli-dice-que-no-ira-a-una-interna-en-el-pj\/#primaryimage"},"image":{"@id":"https:\/\/diariotextual.com\/inicio\/index.php\/2026\/08\/30\/no-hay-garantias-di-napoli-dice-que-no-ira-a-una-interna-en-el-pj\/#primaryimage"},"thumbnailUrl":"https:\/\/diariotextual.com\/inicio\/wp-content\/uploads\/2026\/08\/dinapoliluciano2026-7000.jpg","datePublished":"2026-08-30T22:19:40+00:00","dateModified":"2026-08-30T22:53:31+00:00","breadcrumb":{"@id":"https:\/\/diariotextual.com\/inicio\/index.php\/2026\/08\/30\/no-hay-garantias-di-napoli-dice-que-no-ira-a-una-interna-en-el-pj\/#breadcrumb"},"inLanguage":"es","potentialAction":[{"@type":"ReadAction","target":["https:\/\/diariotextual.com\/inicio\/index.php\/2026\/08\/30\/no-hay-garantias-di-napoli-dice-que-no-ira-a-una-interna-en-el-pj\/"]}]},{"@type":"ImageObject","inLanguage":"es","@id":"https:\/\/diariotextual.com\/inicio\/index.php\/2026\/08\/30\/no-hay-garantias-di-napoli-dice-que-no-ira-a-una-interna-en-el-pj\/#primaryimage","url":"https:\/\/diariotextual.com\/inicio\/wp-content\/uploads\/2026\/08\/dinapoliluciano2026-7000.jpg","contentUrl":"https:\/\/diariotextual.com\/inicio\/wp-content\/uploads\/2026\/08\/dinapoliluciano2026-7000.jpg","width":1200,"height":799},{"@type":"BreadcrumbList","@id":"https:\/\/diariotextual.com\/inicio\/index.php\/2026\/08\/30\/no-hay-garantias-di-napoli-dice-que-no-ira-a-una-interna-en-el-pj\/#breadcrumb","itemListElement":[{"@type":"ListItem","position":1,"name":"Portada","item":"https:\/\/diariotextual.com\/inicio\/"},{"@type":"ListItem","position":2,"name":"\u201cNo hay garant\u00edas\u201d: Di N\u00e1poli dice que no ir\u00e1 a una interna en el PJ"}]},{"@type":"WebSite","@id":"https:\/\/diariotextual.com\/inicio\/#website","url":"https:\/\/diariotextual.com\/inicio\/","name":"Diario Textual","description":"","publisher":{"@id":"https:\/\/diariotextual.com\/inicio\/#organization"},"potentialAction":[{"@type":"SearchAction","target":{"@type":"EntryPoint","urlTemplate":"https:\/\/diariotextual.com\/inicio\/?s={search_term_string}"},"query-input":{"@type":"PropertyValueSpecification","valueRequired":true,"valueName":"search_term_string"}}],"inLanguage":"es"},{"@type":"Organization","@id":"https:\/\/diariotextual.com\/inicio\/#organization","name":"Diario Textual","url":"https:\/\/diariotextual.com\/inicio\/","logo":{"@type":"ImageObject","inLanguage":"es","@id":"https:\/\/diariotextual.com\/inicio\/#\/schema\/logo\/image\/","url":"https:\/\/diariotextual.com\/inicio\/wp-content\/uploads\/2023\/05\/logotextual1.jpg","contentUrl":"https:\/\/diariotextual.com\/inicio\/wp-content\/uploads\/2023\/05\/logotextual1.jpg","width":516,"height":76,"caption":"Diario Textual"},"image":{"@id":"https:\/\/diariotextual.com\/inicio\/#\/schema\/logo\/image\/"},"sameAs":["https:\/\/www.facebook.com\/eltextual","https:\/\/x.com\/eltextual","http:\/\/www.instagram.com\/eltextual"]},{"@type":"Person","@id":"https:\/\/diariotextual.com\/inicio\/#\/schema\/person\/418fc4093c33e86ed41562db3508f958","name":"Diario1 Diario1","image":{"@type":"ImageObject","inLanguage":"es","@id":"https:\/\/secure.gravatar.com\/avatar\/9167d280179c85bc18be67aa7eda765854300033af4896dd779b608640f2ef7a?s=96&d=mm&r=g","url":"https:\/\/secure.gravatar.com\/avatar\/9167d280179c85bc18be67aa7eda765854300033af4896dd779b608640f2ef7a?s=96&d=mm&r=g","contentUrl":"https:\/\/secure.gravatar.com\/avatar\/9167d280179c85bc18be67aa7eda765854300033af4896dd779b608640f2ef7a?s=96&d=mm&r=g","caption":"Diario1 Diario1"},"url":"https:\/\/diariotextual.com\/inicio\/index.php\/author\/diario1\/"}]}},"_links":{"self":[{"href":"https:\/\/diariotextual.com\/inicio\/index.php\/wp-json\/wp\/v2\/posts\/334142","targetHints":{"allow":["GET"]}}],"collection":[{"href":"https:\/\/diariotextual.com\/inicio\/index.php\/wp-json\/wp\/v2\/posts"}],"about":[{"href":"https:\/\/diariotextual.com\/inicio\/index.php\/wp-json\/wp\/v2\/types\/post"}],"author":[{"embeddable":true,"href":"https:\/\/diariotextual.com\/inicio\/index.php\/wp-json\/wp\/v2\/users\/3"}],"replies":[{"embeddable":true,"href":"https:\/\/diariotextual.com\/inicio\/index.php\/wp-json\/wp\/v2\/comments?post=334142"}],"version-history":[{"count":7,"href":"https:\/\/diariotextual.com\/inicio\/index.php\/wp-json\/wp\/v2\/posts\/334142\/revisions"}],"predecessor-version":[{"id":334154,"href":"https:\/\/diariotextual.com\/inicio\/index.php\/wp-json\/wp\/v2\/posts\/334142\/revisions\/334154"}],"wp:featuredmedia":[{"embeddable":true,"href":"https:\/\/diariotextual.com\/inicio\/index.php\/wp-json\/wp\/v2\/media\/334155"}],"wp:attachment":[{"href":"https:\/\/diariotextual.com\/inicio\/index.php\/wp-json\/wp\/v2\/media?parent=334142"}],"wp:term":[{"taxonomy":"category","embeddable":true,"href":"https:\/\/diariotextual.com\/inicio\/index.php\/wp-json\/wp\/v2\/categories?post=334142"},{"taxonomy":"post_tag","embeddable":true,"href":"https:\/\/diariotextual.com\/inicio\/index.php\/wp-json\/wp\/v2\/tags?post=334142"}],"curies":[{"name":"wp","href":"https:\/\/api.w.org\/{rel}","templated":true}]}}