{"id":334162,"date":"2026-08-31T06:59:10","date_gmt":"2026-08-31T09:59:10","guid":{"rendered":"https:\/\/diariotextual.com\/inicio\/?p=334162"},"modified":"2026-08-31T12:26:54","modified_gmt":"2026-08-31T15:26:54","slug":"reunion-de-ziliotto-y-kicillof-foto-politica-y-acuerdo-para-enfrentar-a-el-nino","status":"publish","type":"post","link":"https:\/\/diariotextual.com\/inicio\/index.php\/2026\/08\/31\/reunion-de-ziliotto-y-kicillof-foto-politica-y-acuerdo-para-enfrentar-a-el-nino\/","title":{"rendered":"Reuni\u00f3n de Ziliotto y Kicillof: foto pol\u00edtica y acuerdo para enfrentar a El Ni\u00f1o"},"content":{"rendered":"\n<p class=\"wp-block-paragraph\">Los gobernadores <strong>Axel Kicillof<\/strong> (Buenos Aires) y <strong>Sergio Ziliotto<\/strong> (La Pampa) se reunir\u00e1n este lunes en la ciudad de <strong>Santa Rosa<\/strong> para firmar un convenio por el que se planificar\u00e1n acciones para prevenir y responder a los efectos del fen\u00f3meno clim\u00e1tico <strong>\u201cEl Ni\u00f1o Oscilaci\u00f3n Sur\u201d (ENOS)<\/strong> y reclamar en conjunto al Gobierno de <strong>Javier Milei<\/strong> que destine recursos a obras financiadas por el <strong>Fondo Fiduciario de Infraestructura H\u00eddrica<\/strong>. La agenda de Kicillof con Ziliotto tendr\u00e1, adem\u00e1s, una <strong>clave pol\u00edtica<\/strong>, en medio de su posicionamiento para la carrera presidencial de 2027.<\/p>\n\n\n\n<p class=\"wp-block-paragraph\">El encuentro se desarrollar\u00e1 en el Sal\u00f3n de Acuerdos de Casa de Gobierno. Ambos mandatarios firmar\u00e1n un convenio para planificar acciones destinadas a prevenir y responder a los efectos del fen\u00f3meno clim\u00e1tico <strong>El Ni\u00f1o<\/strong>. La actividad complementar\u00e1 la decisi\u00f3n del <strong>Comit\u00e9 Interjurisdiccional de la Regi\u00f3n H\u00eddrica del Noroeste de la Llanura Pampeana<\/strong> de implementar un sistema de alertas tempranas en la cuenca que ambas provincias comparten con <strong>San Luis, C\u00f3rdoba y Santa Fe<\/strong>.<\/p>\n\n\n\n<p class=\"wp-block-paragraph\">Adem\u00e1s, en el marco del abordaje de problem\u00e1ticas interprovinciales vigentes desde la firma del <strong>acuerdo marco del 28 de junio de 2024<\/strong>, Ziliotto y Kicillof suscribir\u00e1n nuevos convenios vinculados con otras \u00e1reas de gesti\u00f3n gubernamental.<\/p>\n\n\n\n<p class=\"wp-block-paragraph\">Se descuenta que los dos gobernadores volver\u00e1n a reclamar para que la administraci\u00f3n de <strong>Milei<\/strong> deje de utilizar recursos del <strong>Fondo Fiduciario de Infraestructura H\u00eddrica<\/strong>. Se trata de un fideicomiso creado para financiar obras de saneamiento y control de inundaciones, que registra una fuerte subejecuci\u00f3n y el direccionamiento de parte de sus recursos hacia <strong>Letras del Tesoro<\/strong>. Seg\u00fan los c\u00e1lculos del mandatario bonaerense, existen <strong>$293.000 millones<\/strong> que no est\u00e1n siendo utilizados.<\/p>\n\n\n\n<p class=\"wp-block-paragraph\">El fondo se financia con un porcentaje de la recaudaci\u00f3n del <strong>Impuesto a los Combustibles L\u00edquidos (ICL)<\/strong>.<\/p>\n\n\n\n<p class=\"wp-block-paragraph\">Tambi\u00e9n se espera que reclamen al <strong>Gobierno nacional<\/strong> la distribuci\u00f3n de los <strong>Aportes del Tesoro Nacional (ATN)<\/strong>, que pueden utilizarse para atender emergencias y financiar obras.<\/p>\n\n\n\n<p class=\"wp-block-paragraph\"><\/p>\n","protected":false},"excerpt":{"rendered":"<p>Los gobernadores Axel Kicillof (Buenos Aires) y Sergio Ziliotto (La Pampa) se reunir\u00e1n este lunes en la ciudad de Santa Rosa para firmar un convenio por el que se planificar\u00e1n&hellip;<\/p>\n","protected":false},"author":2,"featured_media":267907,"comment_status":"closed","ping_status":"open","sticky":false,"template":"","format":"standard","meta":{"_acf_changed":false,"footnotes":""},"categories":[8],"tags":[],"class_list":["post-334162","post","type-post","status-publish","format-standard","has-post-thumbnail","hentry","category-politica"],"acf":[],"yoast_head":"<!-- This site is optimized with the Yoast SEO plugin v28.3 - https:\/\/yoast.com\/product\/yoast-seo-wordpress\/ -->\n<title>Reuni\u00f3n de Ziliotto y Kicillof: foto pol\u00edtica y acuerdo para enfrentar a El Ni\u00f1o - Diario Textual<\/title>\n<meta name=\"robots\" content=\"index, follow, max-snippet:-1, max-image-preview:large, max-video-preview:-1\" \/>\n<link rel=\"canonical\" href=\"https:\/\/diariotextual.com\/inicio\/index.php\/2026\/08\/31\/reunion-de-ziliotto-y-kicillof-foto-politica-y-acuerdo-para-enfrentar-a-el-nino\/\" \/>\n<meta property=\"og:locale\" content=\"es_ES\" \/>\n<meta property=\"og:type\" content=\"article\" \/>\n<meta property=\"og:title\" content=\"Reuni\u00f3n de Ziliotto y Kicillof: foto pol\u00edtica y acuerdo para enfrentar a El Ni\u00f1o - Diario Textual\" \/>\n<meta property=\"og:description\" content=\"Los gobernadores Axel Kicillof (Buenos Aires) y Sergio Ziliotto (La Pampa) se reunir\u00e1n este lunes en la ciudad de Santa Rosa para firmar un convenio por el que se planificar\u00e1n&hellip;\" \/>\n<meta property=\"og:url\" content=\"https:\/\/diariotextual.com\/inicio\/index.php\/2026\/08\/31\/reunion-de-ziliotto-y-kicillof-foto-politica-y-acuerdo-para-enfrentar-a-el-nino\/\" \/>\n<meta property=\"og:site_name\" content=\"Diario Textual\" \/>\n<meta property=\"article:publisher\" content=\"https:\/\/www.facebook.com\/eltextual\" \/>\n<meta property=\"article:published_time\" content=\"2026-08-31T09:59:10+00:00\" \/>\n<meta property=\"article:modified_time\" content=\"2026-08-31T15:26:54+00:00\" \/>\n<meta property=\"og:image\" content=\"https:\/\/diariotextual.com\/inicio\/wp-content\/uploads\/2024\/06\/ziliottosergiokicillofaxel2024-5.jpg\" \/>\n\t<meta property=\"og:image:width\" content=\"1500\" \/>\n\t<meta property=\"og:image:height\" content=\"1000\" \/>\n\t<meta property=\"og:image:type\" content=\"image\/jpeg\" \/>\n<meta name=\"author\" content=\"Sergio Romano\" \/>\n<meta name=\"twitter:card\" content=\"summary_large_image\" \/>\n<meta name=\"twitter:creator\" content=\"@eltextual\" \/>\n<meta name=\"twitter:site\" content=\"@eltextual\" \/>\n<meta name=\"twitter:label1\" content=\"Escrito por\" \/>\n\t<meta name=\"twitter:data1\" content=\"Sergio Romano\" \/>\n\t<meta name=\"twitter:label2\" content=\"Tiempo de lectura\" \/>\n\t<meta name=\"twitter:data2\" content=\"2 minutos\" \/>\n<script type=\"application\/ld+json\" class=\"yoast-schema-graph\">{\"@context\":\"https:\\\/\\\/schema.org\",\"@graph\":[{\"@type\":\"Article\",\"@id\":\"https:\\\/\\\/diariotextual.com\\\/inicio\\\/index.php\\\/2026\\\/08\\\/31\\\/reunion-de-ziliotto-y-kicillof-foto-politica-y-acuerdo-para-enfrentar-a-el-nino\\\/#article\",\"isPartOf\":{\"@id\":\"https:\\\/\\\/diariotextual.com\\\/inicio\\\/index.php\\\/2026\\\/08\\\/31\\\/reunion-de-ziliotto-y-kicillof-foto-politica-y-acuerdo-para-enfrentar-a-el-nino\\\/\"},\"author\":{\"name\":\"Sergio Romano\",\"@id\":\"https:\\\/\\\/diariotextual.com\\\/inicio\\\/#\\\/schema\\\/person\\\/523499e72392084bbaa07d9918058135\"},\"headline\":\"Reuni\u00f3n de Ziliotto y Kicillof: foto pol\u00edtica y acuerdo para enfrentar a El Ni\u00f1o\",\"datePublished\":\"2026-08-31T09:59:10+00:00\",\"dateModified\":\"2026-08-31T15:26:54+00:00\",\"mainEntityOfPage\":{\"@id\":\"https:\\\/\\\/diariotextual.com\\\/inicio\\\/index.php\\\/2026\\\/08\\\/31\\\/reunion-de-ziliotto-y-kicillof-foto-politica-y-acuerdo-para-enfrentar-a-el-nino\\\/\"},\"wordCount\":358,\"publisher\":{\"@id\":\"https:\\\/\\\/diariotextual.com\\\/inicio\\\/#organization\"},\"image\":{\"@id\":\"https:\\\/\\\/diariotextual.com\\\/inicio\\\/index.php\\\/2026\\\/08\\\/31\\\/reunion-de-ziliotto-y-kicillof-foto-politica-y-acuerdo-para-enfrentar-a-el-nino\\\/#primaryimage\"},\"thumbnailUrl\":\"https:\\\/\\\/diariotextual.com\\\/inicio\\\/wp-content\\\/uploads\\\/2024\\\/06\\\/ziliottosergiokicillofaxel2024-5.jpg\",\"articleSection\":[\"POLITICA\"],\"inLanguage\":\"es\"},{\"@type\":\"WebPage\",\"@id\":\"https:\\\/\\\/diariotextual.com\\\/inicio\\\/index.php\\\/2026\\\/08\\\/31\\\/reunion-de-ziliotto-y-kicillof-foto-politica-y-acuerdo-para-enfrentar-a-el-nino\\\/\",\"url\":\"https:\\\/\\\/diariotextual.com\\\/inicio\\\/index.php\\\/2026\\\/08\\\/31\\\/reunion-de-ziliotto-y-kicillof-foto-politica-y-acuerdo-para-enfrentar-a-el-nino\\\/\",\"name\":\"Reuni\u00f3n de Ziliotto y Kicillof: foto pol\u00edtica y acuerdo para enfrentar a El Ni\u00f1o - Diario Textual\",\"isPartOf\":{\"@id\":\"https:\\\/\\\/diariotextual.com\\\/inicio\\\/#website\"},\"primaryImageOfPage\":{\"@id\":\"https:\\\/\\\/diariotextual.com\\\/inicio\\\/index.php\\\/2026\\\/08\\\/31\\\/reunion-de-ziliotto-y-kicillof-foto-politica-y-acuerdo-para-enfrentar-a-el-nino\\\/#primaryimage\"},\"image\":{\"@id\":\"https:\\\/\\\/diariotextual.com\\\/inicio\\\/index.php\\\/2026\\\/08\\\/31\\\/reunion-de-ziliotto-y-kicillof-foto-politica-y-acuerdo-para-enfrentar-a-el-nino\\\/#primaryimage\"},\"thumbnailUrl\":\"https:\\\/\\\/diariotextual.com\\\/inicio\\\/wp-content\\\/uploads\\\/2024\\\/06\\\/ziliottosergiokicillofaxel2024-5.jpg\",\"datePublished\":\"2026-08-31T09:59:10+00:00\",\"dateModified\":\"2026-08-31T15:26:54+00:00\",\"breadcrumb\":{\"@id\":\"https:\\\/\\\/diariotextual.com\\\/inicio\\\/index.php\\\/2026\\\/08\\\/31\\\/reunion-de-ziliotto-y-kicillof-foto-politica-y-acuerdo-para-enfrentar-a-el-nino\\\/#breadcrumb\"},\"inLanguage\":\"es\",\"potentialAction\":[{\"@type\":\"ReadAction\",\"target\":[\"https:\\\/\\\/diariotextual.com\\\/inicio\\\/index.php\\\/2026\\\/08\\\/31\\\/reunion-de-ziliotto-y-kicillof-foto-politica-y-acuerdo-para-enfrentar-a-el-nino\\\/\"]}]},{\"@type\":\"ImageObject\",\"inLanguage\":\"es\",\"@id\":\"https:\\\/\\\/diariotextual.com\\\/inicio\\\/index.php\\\/2026\\\/08\\\/31\\\/reunion-de-ziliotto-y-kicillof-foto-politica-y-acuerdo-para-enfrentar-a-el-nino\\\/#primaryimage\",\"url\":\"https:\\\/\\\/diariotextual.com\\\/inicio\\\/wp-content\\\/uploads\\\/2024\\\/06\\\/ziliottosergiokicillofaxel2024-5.jpg\",\"contentUrl\":\"https:\\\/\\\/diariotextual.com\\\/inicio\\\/wp-content\\\/uploads\\\/2024\\\/06\\\/ziliottosergiokicillofaxel2024-5.jpg\",\"width\":1500,\"height\":1000},{\"@type\":\"BreadcrumbList\",\"@id\":\"https:\\\/\\\/diariotextual.com\\\/inicio\\\/index.php\\\/2026\\\/08\\\/31\\\/reunion-de-ziliotto-y-kicillof-foto-politica-y-acuerdo-para-enfrentar-a-el-nino\\\/#breadcrumb\",\"itemListElement\":[{\"@type\":\"ListItem\",\"position\":1,\"name\":\"Portada\",\"item\":\"https:\\\/\\\/diariotextual.com\\\/inicio\\\/\"},{\"@type\":\"ListItem\",\"position\":2,\"name\":\"Reuni\u00f3n de Ziliotto y Kicillof: foto pol\u00edtica y acuerdo para enfrentar a El Ni\u00f1o\"}]},{\"@type\":\"WebSite\",\"@id\":\"https:\\\/\\\/diariotextual.com\\\/inicio\\\/#website\",\"url\":\"https:\\\/\\\/diariotextual.com\\\/inicio\\\/\",\"name\":\"Diario Textual\",\"description\":\"\",\"publisher\":{\"@id\":\"https:\\\/\\\/diariotextual.com\\\/inicio\\\/#organization\"},\"potentialAction\":[{\"@type\":\"SearchAction\",\"target\":{\"@type\":\"EntryPoint\",\"urlTemplate\":\"https:\\\/\\\/diariotextual.com\\\/inicio\\\/?s={search_term_string}\"},\"query-input\":{\"@type\":\"PropertyValueSpecification\",\"valueRequired\":true,\"valueName\":\"search_term_string\"}}],\"inLanguage\":\"es\"},{\"@type\":\"Organization\",\"@id\":\"https:\\\/\\\/diariotextual.com\\\/inicio\\\/#organization\",\"name\":\"Diario Textual\",\"url\":\"https:\\\/\\\/diariotextual.com\\\/inicio\\\/\",\"logo\":{\"@type\":\"ImageObject\",\"inLanguage\":\"es\",\"@id\":\"https:\\\/\\\/diariotextual.com\\\/inicio\\\/#\\\/schema\\\/logo\\\/image\\\/\",\"url\":\"https:\\\/\\\/diariotextual.com\\\/inicio\\\/wp-content\\\/uploads\\\/2023\\\/05\\\/logotextual1.jpg\",\"contentUrl\":\"https:\\\/\\\/diariotextual.com\\\/inicio\\\/wp-content\\\/uploads\\\/2023\\\/05\\\/logotextual1.jpg\",\"width\":516,\"height\":76,\"caption\":\"Diario Textual\"},\"image\":{\"@id\":\"https:\\\/\\\/diariotextual.com\\\/inicio\\\/#\\\/schema\\\/logo\\\/image\\\/\"},\"sameAs\":[\"https:\\\/\\\/www.facebook.com\\\/eltextual\",\"https:\\\/\\\/x.com\\\/eltextual\",\"http:\\\/\\\/www.instagram.com\\\/eltextual\"]},{\"@type\":\"Person\",\"@id\":\"https:\\\/\\\/diariotextual.com\\\/inicio\\\/#\\\/schema\\\/person\\\/523499e72392084bbaa07d9918058135\",\"name\":\"Sergio Romano\",\"image\":{\"@type\":\"ImageObject\",\"inLanguage\":\"es\",\"@id\":\"https:\\\/\\\/secure.gravatar.com\\\/avatar\\\/558f03f407fa3accd9dabd3c363c971a21b2b44ce0fe39bb24a92ac5472808b8?s=96&d=mm&r=g\",\"url\":\"https:\\\/\\\/secure.gravatar.com\\\/avatar\\\/558f03f407fa3accd9dabd3c363c971a21b2b44ce0fe39bb24a92ac5472808b8?s=96&d=mm&r=g\",\"contentUrl\":\"https:\\\/\\\/secure.gravatar.com\\\/avatar\\\/558f03f407fa3accd9dabd3c363c971a21b2b44ce0fe39bb24a92ac5472808b8?s=96&d=mm&r=g\",\"caption\":\"Sergio Romano\"},\"sameAs\":[\"http:\\\/\\\/www.diariotextual.com\"],\"url\":\"https:\\\/\\\/diariotextual.com\\\/inicio\\\/index.php\\\/author\\\/sergio\\\/\"}]}<\/script>\n<!-- \/ Yoast SEO plugin. -->","yoast_head_json":{"title":"Reuni\u00f3n de Ziliotto y Kicillof: foto pol\u00edtica y acuerdo para enfrentar a El Ni\u00f1o - Diario Textual","robots":{"index":"index","follow":"follow","max-snippet":"max-snippet:-1","max-image-preview":"max-image-preview:large","max-video-preview":"max-video-preview:-1"},"canonical":"https:\/\/diariotextual.com\/inicio\/index.php\/2026\/08\/31\/reunion-de-ziliotto-y-kicillof-foto-politica-y-acuerdo-para-enfrentar-a-el-nino\/","og_locale":"es_ES","og_type":"article","og_title":"Reuni\u00f3n de Ziliotto y Kicillof: foto pol\u00edtica y acuerdo para enfrentar a El Ni\u00f1o - Diario Textual","og_description":"Los gobernadores Axel Kicillof (Buenos Aires) y Sergio Ziliotto (La Pampa) se reunir\u00e1n este lunes en la ciudad de Santa Rosa para firmar un convenio por el que se planificar\u00e1n&hellip;","og_url":"https:\/\/diariotextual.com\/inicio\/index.php\/2026\/08\/31\/reunion-de-ziliotto-y-kicillof-foto-politica-y-acuerdo-para-enfrentar-a-el-nino\/","og_site_name":"Diario Textual","article_publisher":"https:\/\/www.facebook.com\/eltextual","article_published_time":"2026-08-31T09:59:10+00:00","article_modified_time":"2026-08-31T15:26:54+00:00","og_image":[{"width":1500,"height":1000,"url":"https:\/\/diariotextual.com\/inicio\/wp-content\/uploads\/2024\/06\/ziliottosergiokicillofaxel2024-5.jpg","type":"image\/jpeg"}],"author":"Sergio Romano","twitter_card":"summary_large_image","twitter_creator":"@eltextual","twitter_site":"@eltextual","twitter_misc":{"Escrito por":"Sergio Romano","Tiempo de lectura":"2 minutos"},"schema":{"@context":"https:\/\/schema.org","@graph":[{"@type":"Article","@id":"https:\/\/diariotextual.com\/inicio\/index.php\/2026\/08\/31\/reunion-de-ziliotto-y-kicillof-foto-politica-y-acuerdo-para-enfrentar-a-el-nino\/#article","isPartOf":{"@id":"https:\/\/diariotextual.com\/inicio\/index.php\/2026\/08\/31\/reunion-de-ziliotto-y-kicillof-foto-politica-y-acuerdo-para-enfrentar-a-el-nino\/"},"author":{"name":"Sergio Romano","@id":"https:\/\/diariotextual.com\/inicio\/#\/schema\/person\/523499e72392084bbaa07d9918058135"},"headline":"Reuni\u00f3n de Ziliotto y Kicillof: foto pol\u00edtica y acuerdo para enfrentar a El Ni\u00f1o","datePublished":"2026-08-31T09:59:10+00:00","dateModified":"2026-08-31T15:26:54+00:00","mainEntityOfPage":{"@id":"https:\/\/diariotextual.com\/inicio\/index.php\/2026\/08\/31\/reunion-de-ziliotto-y-kicillof-foto-politica-y-acuerdo-para-enfrentar-a-el-nino\/"},"wordCount":358,"publisher":{"@id":"https:\/\/diariotextual.com\/inicio\/#organization"},"image":{"@id":"https:\/\/diariotextual.com\/inicio\/index.php\/2026\/08\/31\/reunion-de-ziliotto-y-kicillof-foto-politica-y-acuerdo-para-enfrentar-a-el-nino\/#primaryimage"},"thumbnailUrl":"https:\/\/diariotextual.com\/inicio\/wp-content\/uploads\/2024\/06\/ziliottosergiokicillofaxel2024-5.jpg","articleSection":["POLITICA"],"inLanguage":"es"},{"@type":"WebPage","@id":"https:\/\/diariotextual.com\/inicio\/index.php\/2026\/08\/31\/reunion-de-ziliotto-y-kicillof-foto-politica-y-acuerdo-para-enfrentar-a-el-nino\/","url":"https:\/\/diariotextual.com\/inicio\/index.php\/2026\/08\/31\/reunion-de-ziliotto-y-kicillof-foto-politica-y-acuerdo-para-enfrentar-a-el-nino\/","name":"Reuni\u00f3n de Ziliotto y Kicillof: foto pol\u00edtica y acuerdo para enfrentar a El Ni\u00f1o - Diario Textual","isPartOf":{"@id":"https:\/\/diariotextual.com\/inicio\/#website"},"primaryImageOfPage":{"@id":"https:\/\/diariotextual.com\/inicio\/index.php\/2026\/08\/31\/reunion-de-ziliotto-y-kicillof-foto-politica-y-acuerdo-para-enfrentar-a-el-nino\/#primaryimage"},"image":{"@id":"https:\/\/diariotextual.com\/inicio\/index.php\/2026\/08\/31\/reunion-de-ziliotto-y-kicillof-foto-politica-y-acuerdo-para-enfrentar-a-el-nino\/#primaryimage"},"thumbnailUrl":"https:\/\/diariotextual.com\/inicio\/wp-content\/uploads\/2024\/06\/ziliottosergiokicillofaxel2024-5.jpg","datePublished":"2026-08-31T09:59:10+00:00","dateModified":"2026-08-31T15:26:54+00:00","breadcrumb":{"@id":"https:\/\/diariotextual.com\/inicio\/index.php\/2026\/08\/31\/reunion-de-ziliotto-y-kicillof-foto-politica-y-acuerdo-para-enfrentar-a-el-nino\/#breadcrumb"},"inLanguage":"es","potentialAction":[{"@type":"ReadAction","target":["https:\/\/diariotextual.com\/inicio\/index.php\/2026\/08\/31\/reunion-de-ziliotto-y-kicillof-foto-politica-y-acuerdo-para-enfrentar-a-el-nino\/"]}]},{"@type":"ImageObject","inLanguage":"es","@id":"https:\/\/diariotextual.com\/inicio\/index.php\/2026\/08\/31\/reunion-de-ziliotto-y-kicillof-foto-politica-y-acuerdo-para-enfrentar-a-el-nino\/#primaryimage","url":"https:\/\/diariotextual.com\/inicio\/wp-content\/uploads\/2024\/06\/ziliottosergiokicillofaxel2024-5.jpg","contentUrl":"https:\/\/diariotextual.com\/inicio\/wp-content\/uploads\/2024\/06\/ziliottosergiokicillofaxel2024-5.jpg","width":1500,"height":1000},{"@type":"BreadcrumbList","@id":"https:\/\/diariotextual.com\/inicio\/index.php\/2026\/08\/31\/reunion-de-ziliotto-y-kicillof-foto-politica-y-acuerdo-para-enfrentar-a-el-nino\/#breadcrumb","itemListElement":[{"@type":"ListItem","position":1,"name":"Portada","item":"https:\/\/diariotextual.com\/inicio\/"},{"@type":"ListItem","position":2,"name":"Reuni\u00f3n de Ziliotto y Kicillof: foto pol\u00edtica y acuerdo para enfrentar a El Ni\u00f1o"}]},{"@type":"WebSite","@id":"https:\/\/diariotextual.com\/inicio\/#website","url":"https:\/\/diariotextual.com\/inicio\/","name":"Diario Textual","description":"","publisher":{"@id":"https:\/\/diariotextual.com\/inicio\/#organization"},"potentialAction":[{"@type":"SearchAction","target":{"@type":"EntryPoint","urlTemplate":"https:\/\/diariotextual.com\/inicio\/?s={search_term_string}"},"query-input":{"@type":"PropertyValueSpecification","valueRequired":true,"valueName":"search_term_string"}}],"inLanguage":"es"},{"@type":"Organization","@id":"https:\/\/diariotextual.com\/inicio\/#organization","name":"Diario Textual","url":"https:\/\/diariotextual.com\/inicio\/","logo":{"@type":"ImageObject","inLanguage":"es","@id":"https:\/\/diariotextual.com\/inicio\/#\/schema\/logo\/image\/","url":"https:\/\/diariotextual.com\/inicio\/wp-content\/uploads\/2023\/05\/logotextual1.jpg","contentUrl":"https:\/\/diariotextual.com\/inicio\/wp-content\/uploads\/2023\/05\/logotextual1.jpg","width":516,"height":76,"caption":"Diario Textual"},"image":{"@id":"https:\/\/diariotextual.com\/inicio\/#\/schema\/logo\/image\/"},"sameAs":["https:\/\/www.facebook.com\/eltextual","https:\/\/x.com\/eltextual","http:\/\/www.instagram.com\/eltextual"]},{"@type":"Person","@id":"https:\/\/diariotextual.com\/inicio\/#\/schema\/person\/523499e72392084bbaa07d9918058135","name":"Sergio Romano","image":{"@type":"ImageObject","inLanguage":"es","@id":"https:\/\/secure.gravatar.com\/avatar\/558f03f407fa3accd9dabd3c363c971a21b2b44ce0fe39bb24a92ac5472808b8?s=96&d=mm&r=g","url":"https:\/\/secure.gravatar.com\/avatar\/558f03f407fa3accd9dabd3c363c971a21b2b44ce0fe39bb24a92ac5472808b8?s=96&d=mm&r=g","contentUrl":"https:\/\/secure.gravatar.com\/avatar\/558f03f407fa3accd9dabd3c363c971a21b2b44ce0fe39bb24a92ac5472808b8?s=96&d=mm&r=g","caption":"Sergio Romano"},"sameAs":["http:\/\/www.diariotextual.com"],"url":"https:\/\/diariotextual.com\/inicio\/index.php\/author\/sergio\/"}]}},"_links":{"self":[{"href":"https:\/\/diariotextual.com\/inicio\/index.php\/wp-json\/wp\/v2\/posts\/334162","targetHints":{"allow":["GET"]}}],"collection":[{"href":"https:\/\/diariotextual.com\/inicio\/index.php\/wp-json\/wp\/v2\/posts"}],"about":[{"href":"https:\/\/diariotextual.com\/inicio\/index.php\/wp-json\/wp\/v2\/types\/post"}],"author":[{"embeddable":true,"href":"https:\/\/diariotextual.com\/inicio\/index.php\/wp-json\/wp\/v2\/users\/2"}],"replies":[{"embeddable":true,"href":"https:\/\/diariotextual.com\/inicio\/index.php\/wp-json\/wp\/v2\/comments?post=334162"}],"version-history":[{"count":2,"href":"https:\/\/diariotextual.com\/inicio\/index.php\/wp-json\/wp\/v2\/posts\/334162\/revisions"}],"predecessor-version":[{"id":334166,"href":"https:\/\/diariotextual.com\/inicio\/index.php\/wp-json\/wp\/v2\/posts\/334162\/revisions\/334166"}],"wp:featuredmedia":[{"embeddable":true,"href":"https:\/\/diariotextual.com\/inicio\/index.php\/wp-json\/wp\/v2\/media\/267907"}],"wp:attachment":[{"href":"https:\/\/diariotextual.com\/inicio\/index.php\/wp-json\/wp\/v2\/media?parent=334162"}],"wp:term":[{"taxonomy":"category","embeddable":true,"href":"https:\/\/diariotextual.com\/inicio\/index.php\/wp-json\/wp\/v2\/categories?post=334162"},{"taxonomy":"post_tag","embeddable":true,"href":"https:\/\/diariotextual.com\/inicio\/index.php\/wp-json\/wp\/v2\/tags?post=334162"}],"curies":[{"name":"wp","href":"https:\/\/api.w.org\/{rel}","templated":true}]}}