{"id":334179,"date":"2026-08-31T09:53:44","date_gmt":"2026-08-31T12:53:44","guid":{"rendered":"https:\/\/diariotextual.com\/inicio\/?p=334179"},"modified":"2026-08-31T12:33:25","modified_gmt":"2026-08-31T15:33:25","slug":"el-sabado-19-son-las-elecciones-de-la-cpe","status":"publish","type":"post","link":"https:\/\/diariotextual.com\/inicio\/index.php\/2026\/08\/31\/el-sabado-19-son-las-elecciones-de-la-cpe\/","title":{"rendered":"El s\u00e1bado 19 son las elecciones de la CPE"},"content":{"rendered":"\n<p class=\"wp-block-paragraph\">Las <strong>Asambleas Electorales de Distrito<\/strong> para la renovaci\u00f3n del <strong>Cuerpo de Delegados y Delegadas de la Cooperativa Popular de Electricidad (CPE)<\/strong> se realizar\u00e1n el pr\u00f3ximo <strong>s\u00e1bado 19 de septiembre<\/strong>, de acuerdo a la convocatoria del Consejo de Administraci\u00f3n. Los asociados y asociadas elegir\u00e1n <strong>107 representantes titulares y 59 suplentes<\/strong> de todas las localidades donde la cooperativa brinda servicios.<\/p>\n\n\n\n<p class=\"wp-block-paragraph\">Desde los \u201990, la conducci\u00f3n de la <strong>CPE<\/strong> est\u00e1 a cargo de la hist\u00f3rica <strong>Lista Celeste<\/strong>. El a\u00f1o pasado no tuvo competencia.<\/p>\n\n\n\n<p class=\"wp-block-paragraph\">La convocatoria se realiza en el marco de la <strong>Ley Nacional 20.337 de Cooperativas<\/strong>, el <strong>Estatuto de la CPE<\/strong> y el <strong>Reglamento de Elecciones<\/strong>. La presentaci\u00f3n de listas de candidatos\/as se podr\u00e1 realizar hasta el <strong>6 de septiembre inclusive<\/strong>, en <strong>Ra\u00fal B. D\u00edaz 218<\/strong> \u2014direcci\u00f3n de acceso al Consejo de Administraci\u00f3n\u2014, de lunes a viernes de 9 a 13 horas y el mismo domingo 6, de 21 a 24 horas.<\/p>\n\n\n\n<p class=\"wp-block-paragraph\">Se elegir\u00e1n <strong>86 delegados\/as titulares y 43 suplentes de Santa Rosa<\/strong>; <strong>11 titulares y 6 suplentes de Toay<\/strong>; <strong>3 titulares y 3 suplentes de Catril\u00f3<\/strong>; <strong>2 titulares y 2 suplentes de Anguil<\/strong> e igual cantidad de <strong>Lonquimay<\/strong>; y <strong>1 delegado\/a titular y 1 suplente por Ataliva Roca, Mauricio Mayer y Uriburu<\/strong>, respectivamente.<\/p>\n\n\n\n<div style=\"height:100px\" aria-hidden=\"true\" class=\"wp-block-spacer\"><\/div>\n\n\n\n<h3 class=\"wp-block-heading\"><strong>Lugares y horarios<\/strong><\/h3>\n\n\n\n<p class=\"wp-block-paragraph\">En <strong>Santa Rosa<\/strong> se podr\u00e1 votar desde las <strong>8 a las 18 horas<\/strong> en cuatro lugares: la <strong>Usina<\/strong> (sobre 1\u00b0 de Mayo 540); <strong>Centro de Atenci\u00f3n \u201cCarlos Lorenzo\u201d<\/strong> (en Jos\u00e9 Luro y Per\u00fa); sede del <strong>Club Penales<\/strong> (Pueyrred\u00f3n 555) y <strong>SUM de la Escuela 180<\/strong> (sobre Lope de Vega e\/ Roque S. Pe\u00f1a y Leguizam\u00f3n).<\/p>\n\n\n\n<p class=\"wp-block-paragraph\">En <strong>Toay<\/strong> se podr\u00e1 votar de <strong>8 a 18 horas<\/strong> en el sal\u00f3n <strong>\u201cPedrucho Tamborini\u201d<\/strong> (Roque S. Pe\u00f1a 1330). En el resto de los distritos, la votaci\u00f3n tendr\u00e1 lugar desde las <strong>9 a las 14 horas<\/strong>, en todos los casos en la sede de la <strong>cooperativa de cada localidad<\/strong>.<\/p>\n\n\n\n<div style=\"height:100px\" aria-hidden=\"true\" class=\"wp-block-spacer\"><\/div>\n\n\n\n<p class=\"wp-block-paragraph\"><\/p>\n\n\n\n<h3 class=\"wp-block-heading\"><strong>Requisitos<\/strong><\/h3>\n\n\n\n<p class=\"wp-block-paragraph\">Seg\u00fan lo establecido por el <strong>art\u00edculo 11\u00ba del Estatuto y 4\u00ba del Reglamento de Elecciones<\/strong>, tanto para integrar listas como para poder ejercer el voto, los asociados\/as deber\u00e1n haberse incorporado como tales <strong>antes del cierre del Ejercicio finalizado el 30 de junio de 2026<\/strong>, y no tener facturas vencidas impagas de ning\u00fan servicio, ni saldos, al d\u00eda <strong>6 de septiembre de 2026<\/strong>, salvo que lo adeudado sea igual o menor a <strong>$6.500 (seis mil quinientos pesos), valor hist\u00f3rico<\/strong>.<\/p>\n\n\n\n<p class=\"wp-block-paragraph\">El plazo m\u00e1ximo para regularizar los pagos y estar al d\u00eda para poder votar vence el mismo <strong>6 de septiembre<\/strong>, y podr\u00e1 realizarse en las sedes de la <strong>Cooperativa<\/strong>: en la <strong>Usina<\/strong>, en 1\u00ba de Mayo 540 (de lunes a viernes, de 7:30 a 13:30); <strong>Centro \u201cCarlos Lorenzo\u201d<\/strong>, en Jos\u00e9 Luro y Per\u00fa (de lunes a viernes, de 7:30 a 13:30); en <strong>Art\u00edculos del Hogar<\/strong>, en Ra\u00fal B. D\u00edaz 214 (de lunes a viernes, de 8 a 12 y de 16 a 20 horas). En las localidades interconectadas, los pagos podr\u00e1n regularizarse en cada sede, en los horarios habituales de atenci\u00f3n al p\u00fablico. Asimismo, podr\u00e1n efectuarse los pagos a trav\u00e9s de la <strong>p\u00e1gina web de la CPE<\/strong>, oficina virtual de Telecomunicaciones, <strong>Aplicaciones CPE para tel\u00e9fonos celulares, Rapipago, Pampa Pagos y Pago F\u00e1cil<\/strong>.<\/p>\n\n\n\n<p class=\"wp-block-paragraph\">Desde el <strong>jueves 10 de septiembre<\/strong> se podr\u00e1 consultar en la p\u00e1gina web de la CPE si un asociado\/a est\u00e1 en condiciones de votar y en cu\u00e1l distrito se encuentra habilitado\/a para hacerlo.<\/p>\n","protected":false},"excerpt":{"rendered":"<p>Las Asambleas Electorales de Distrito para la renovaci\u00f3n del Cuerpo de Delegados y Delegadas de la Cooperativa Popular de Electricidad (CPE) se realizar\u00e1n el pr\u00f3ximo s\u00e1bado 19 de septiembre, de&hellip;<\/p>\n","protected":false},"author":3,"featured_media":275865,"comment_status":"closed","ping_status":"open","sticky":false,"template":"","format":"standard","meta":{"_acf_changed":false,"footnotes":""},"categories":[1,12],"tags":[],"class_list":["post-334179","post","type-post","status-publish","format-standard","has-post-thumbnail","hentry","category-es-noticia","category-sociedad"],"acf":[],"yoast_head":"<!-- This site is optimized with the Yoast SEO plugin v28.3 - https:\/\/yoast.com\/product\/yoast-seo-wordpress\/ -->\n<title>El s\u00e1bado 19 son las elecciones de la CPE - Diario Textual<\/title>\n<meta name=\"robots\" content=\"index, follow, max-snippet:-1, max-image-preview:large, max-video-preview:-1\" \/>\n<link rel=\"canonical\" href=\"https:\/\/diariotextual.com\/inicio\/index.php\/2026\/08\/31\/el-sabado-19-son-las-elecciones-de-la-cpe\/\" \/>\n<meta property=\"og:locale\" content=\"es_ES\" \/>\n<meta property=\"og:type\" content=\"article\" \/>\n<meta property=\"og:title\" content=\"El s\u00e1bado 19 son las elecciones de la CPE - Diario Textual\" \/>\n<meta property=\"og:description\" content=\"Las Asambleas Electorales de Distrito para la renovaci\u00f3n del Cuerpo de Delegados y Delegadas de la Cooperativa Popular de Electricidad (CPE) se realizar\u00e1n el pr\u00f3ximo s\u00e1bado 19 de septiembre, de&hellip;\" \/>\n<meta property=\"og:url\" content=\"https:\/\/diariotextual.com\/inicio\/index.php\/2026\/08\/31\/el-sabado-19-son-las-elecciones-de-la-cpe\/\" \/>\n<meta property=\"og:site_name\" content=\"Diario Textual\" \/>\n<meta property=\"article:publisher\" content=\"https:\/\/www.facebook.com\/eltextual\" \/>\n<meta property=\"article:published_time\" content=\"2026-08-31T12:53:44+00:00\" \/>\n<meta property=\"article:modified_time\" content=\"2026-08-31T15:33:25+00:00\" \/>\n<meta property=\"og:image\" content=\"https:\/\/diariotextual.com\/inicio\/wp-content\/uploads\/2024\/09\/cpeelecciones2024-79.jpg\" \/>\n\t<meta property=\"og:image:width\" content=\"1500\" \/>\n\t<meta property=\"og:image:height\" content=\"1182\" \/>\n\t<meta property=\"og:image:type\" content=\"image\/jpeg\" \/>\n<meta name=\"author\" content=\"Diario1 Diario1\" \/>\n<meta name=\"twitter:card\" content=\"summary_large_image\" \/>\n<meta name=\"twitter:creator\" content=\"@eltextual\" \/>\n<meta name=\"twitter:site\" content=\"@eltextual\" \/>\n<meta name=\"twitter:label1\" content=\"Escrito por\" \/>\n\t<meta name=\"twitter:data1\" content=\"Diario1 Diario1\" \/>\n\t<meta name=\"twitter:label2\" content=\"Tiempo de lectura\" \/>\n\t<meta name=\"twitter:data2\" content=\"3 minutos\" \/>\n<script type=\"application\/ld+json\" class=\"yoast-schema-graph\">{\"@context\":\"https:\\\/\\\/schema.org\",\"@graph\":[{\"@type\":\"Article\",\"@id\":\"https:\\\/\\\/diariotextual.com\\\/inicio\\\/index.php\\\/2026\\\/08\\\/31\\\/el-sabado-19-son-las-elecciones-de-la-cpe\\\/#article\",\"isPartOf\":{\"@id\":\"https:\\\/\\\/diariotextual.com\\\/inicio\\\/index.php\\\/2026\\\/08\\\/31\\\/el-sabado-19-son-las-elecciones-de-la-cpe\\\/\"},\"author\":{\"name\":\"Diario1 Diario1\",\"@id\":\"https:\\\/\\\/diariotextual.com\\\/inicio\\\/#\\\/schema\\\/person\\\/418fc4093c33e86ed41562db3508f958\"},\"headline\":\"El s\u00e1bado 19 son las elecciones de la CPE\",\"datePublished\":\"2026-08-31T12:53:44+00:00\",\"dateModified\":\"2026-08-31T15:33:25+00:00\",\"mainEntityOfPage\":{\"@id\":\"https:\\\/\\\/diariotextual.com\\\/inicio\\\/index.php\\\/2026\\\/08\\\/31\\\/el-sabado-19-son-las-elecciones-de-la-cpe\\\/\"},\"wordCount\":558,\"publisher\":{\"@id\":\"https:\\\/\\\/diariotextual.com\\\/inicio\\\/#organization\"},\"image\":{\"@id\":\"https:\\\/\\\/diariotextual.com\\\/inicio\\\/index.php\\\/2026\\\/08\\\/31\\\/el-sabado-19-son-las-elecciones-de-la-cpe\\\/#primaryimage\"},\"thumbnailUrl\":\"https:\\\/\\\/diariotextual.com\\\/inicio\\\/wp-content\\\/uploads\\\/2024\\\/09\\\/cpeelecciones2024-79.jpg\",\"articleSection\":[\"A - ES NOTICIA (van abajo)\",\"SOCIEDAD\"],\"inLanguage\":\"es\"},{\"@type\":\"WebPage\",\"@id\":\"https:\\\/\\\/diariotextual.com\\\/inicio\\\/index.php\\\/2026\\\/08\\\/31\\\/el-sabado-19-son-las-elecciones-de-la-cpe\\\/\",\"url\":\"https:\\\/\\\/diariotextual.com\\\/inicio\\\/index.php\\\/2026\\\/08\\\/31\\\/el-sabado-19-son-las-elecciones-de-la-cpe\\\/\",\"name\":\"El s\u00e1bado 19 son las elecciones de la CPE - Diario Textual\",\"isPartOf\":{\"@id\":\"https:\\\/\\\/diariotextual.com\\\/inicio\\\/#website\"},\"primaryImageOfPage\":{\"@id\":\"https:\\\/\\\/diariotextual.com\\\/inicio\\\/index.php\\\/2026\\\/08\\\/31\\\/el-sabado-19-son-las-elecciones-de-la-cpe\\\/#primaryimage\"},\"image\":{\"@id\":\"https:\\\/\\\/diariotextual.com\\\/inicio\\\/index.php\\\/2026\\\/08\\\/31\\\/el-sabado-19-son-las-elecciones-de-la-cpe\\\/#primaryimage\"},\"thumbnailUrl\":\"https:\\\/\\\/diariotextual.com\\\/inicio\\\/wp-content\\\/uploads\\\/2024\\\/09\\\/cpeelecciones2024-79.jpg\",\"datePublished\":\"2026-08-31T12:53:44+00:00\",\"dateModified\":\"2026-08-31T15:33:25+00:00\",\"breadcrumb\":{\"@id\":\"https:\\\/\\\/diariotextual.com\\\/inicio\\\/index.php\\\/2026\\\/08\\\/31\\\/el-sabado-19-son-las-elecciones-de-la-cpe\\\/#breadcrumb\"},\"inLanguage\":\"es\",\"potentialAction\":[{\"@type\":\"ReadAction\",\"target\":[\"https:\\\/\\\/diariotextual.com\\\/inicio\\\/index.php\\\/2026\\\/08\\\/31\\\/el-sabado-19-son-las-elecciones-de-la-cpe\\\/\"]}]},{\"@type\":\"ImageObject\",\"inLanguage\":\"es\",\"@id\":\"https:\\\/\\\/diariotextual.com\\\/inicio\\\/index.php\\\/2026\\\/08\\\/31\\\/el-sabado-19-son-las-elecciones-de-la-cpe\\\/#primaryimage\",\"url\":\"https:\\\/\\\/diariotextual.com\\\/inicio\\\/wp-content\\\/uploads\\\/2024\\\/09\\\/cpeelecciones2024-79.jpg\",\"contentUrl\":\"https:\\\/\\\/diariotextual.com\\\/inicio\\\/wp-content\\\/uploads\\\/2024\\\/09\\\/cpeelecciones2024-79.jpg\",\"width\":1500,\"height\":1182},{\"@type\":\"BreadcrumbList\",\"@id\":\"https:\\\/\\\/diariotextual.com\\\/inicio\\\/index.php\\\/2026\\\/08\\\/31\\\/el-sabado-19-son-las-elecciones-de-la-cpe\\\/#breadcrumb\",\"itemListElement\":[{\"@type\":\"ListItem\",\"position\":1,\"name\":\"Portada\",\"item\":\"https:\\\/\\\/diariotextual.com\\\/inicio\\\/\"},{\"@type\":\"ListItem\",\"position\":2,\"name\":\"El s\u00e1bado 19 son las elecciones de la CPE\"}]},{\"@type\":\"WebSite\",\"@id\":\"https:\\\/\\\/diariotextual.com\\\/inicio\\\/#website\",\"url\":\"https:\\\/\\\/diariotextual.com\\\/inicio\\\/\",\"name\":\"Diario Textual\",\"description\":\"\",\"publisher\":{\"@id\":\"https:\\\/\\\/diariotextual.com\\\/inicio\\\/#organization\"},\"potentialAction\":[{\"@type\":\"SearchAction\",\"target\":{\"@type\":\"EntryPoint\",\"urlTemplate\":\"https:\\\/\\\/diariotextual.com\\\/inicio\\\/?s={search_term_string}\"},\"query-input\":{\"@type\":\"PropertyValueSpecification\",\"valueRequired\":true,\"valueName\":\"search_term_string\"}}],\"inLanguage\":\"es\"},{\"@type\":\"Organization\",\"@id\":\"https:\\\/\\\/diariotextual.com\\\/inicio\\\/#organization\",\"name\":\"Diario Textual\",\"url\":\"https:\\\/\\\/diariotextual.com\\\/inicio\\\/\",\"logo\":{\"@type\":\"ImageObject\",\"inLanguage\":\"es\",\"@id\":\"https:\\\/\\\/diariotextual.com\\\/inicio\\\/#\\\/schema\\\/logo\\\/image\\\/\",\"url\":\"https:\\\/\\\/diariotextual.com\\\/inicio\\\/wp-content\\\/uploads\\\/2023\\\/05\\\/logotextual1.jpg\",\"contentUrl\":\"https:\\\/\\\/diariotextual.com\\\/inicio\\\/wp-content\\\/uploads\\\/2023\\\/05\\\/logotextual1.jpg\",\"width\":516,\"height\":76,\"caption\":\"Diario Textual\"},\"image\":{\"@id\":\"https:\\\/\\\/diariotextual.com\\\/inicio\\\/#\\\/schema\\\/logo\\\/image\\\/\"},\"sameAs\":[\"https:\\\/\\\/www.facebook.com\\\/eltextual\",\"https:\\\/\\\/x.com\\\/eltextual\",\"http:\\\/\\\/www.instagram.com\\\/eltextual\"]},{\"@type\":\"Person\",\"@id\":\"https:\\\/\\\/diariotextual.com\\\/inicio\\\/#\\\/schema\\\/person\\\/418fc4093c33e86ed41562db3508f958\",\"name\":\"Diario1 Diario1\",\"image\":{\"@type\":\"ImageObject\",\"inLanguage\":\"es\",\"@id\":\"https:\\\/\\\/secure.gravatar.com\\\/avatar\\\/9167d280179c85bc18be67aa7eda765854300033af4896dd779b608640f2ef7a?s=96&d=mm&r=g\",\"url\":\"https:\\\/\\\/secure.gravatar.com\\\/avatar\\\/9167d280179c85bc18be67aa7eda765854300033af4896dd779b608640f2ef7a?s=96&d=mm&r=g\",\"contentUrl\":\"https:\\\/\\\/secure.gravatar.com\\\/avatar\\\/9167d280179c85bc18be67aa7eda765854300033af4896dd779b608640f2ef7a?s=96&d=mm&r=g\",\"caption\":\"Diario1 Diario1\"},\"url\":\"https:\\\/\\\/diariotextual.com\\\/inicio\\\/index.php\\\/author\\\/diario1\\\/\"}]}<\/script>\n<!-- \/ Yoast SEO plugin. -->","yoast_head_json":{"title":"El s\u00e1bado 19 son las elecciones de la CPE - Diario Textual","robots":{"index":"index","follow":"follow","max-snippet":"max-snippet:-1","max-image-preview":"max-image-preview:large","max-video-preview":"max-video-preview:-1"},"canonical":"https:\/\/diariotextual.com\/inicio\/index.php\/2026\/08\/31\/el-sabado-19-son-las-elecciones-de-la-cpe\/","og_locale":"es_ES","og_type":"article","og_title":"El s\u00e1bado 19 son las elecciones de la CPE - Diario Textual","og_description":"Las Asambleas Electorales de Distrito para la renovaci\u00f3n del Cuerpo de Delegados y Delegadas de la Cooperativa Popular de Electricidad (CPE) se realizar\u00e1n el pr\u00f3ximo s\u00e1bado 19 de septiembre, de&hellip;","og_url":"https:\/\/diariotextual.com\/inicio\/index.php\/2026\/08\/31\/el-sabado-19-son-las-elecciones-de-la-cpe\/","og_site_name":"Diario Textual","article_publisher":"https:\/\/www.facebook.com\/eltextual","article_published_time":"2026-08-31T12:53:44+00:00","article_modified_time":"2026-08-31T15:33:25+00:00","og_image":[{"width":1500,"height":1182,"url":"https:\/\/diariotextual.com\/inicio\/wp-content\/uploads\/2024\/09\/cpeelecciones2024-79.jpg","type":"image\/jpeg"}],"author":"Diario1 Diario1","twitter_card":"summary_large_image","twitter_creator":"@eltextual","twitter_site":"@eltextual","twitter_misc":{"Escrito por":"Diario1 Diario1","Tiempo de lectura":"3 minutos"},"schema":{"@context":"https:\/\/schema.org","@graph":[{"@type":"Article","@id":"https:\/\/diariotextual.com\/inicio\/index.php\/2026\/08\/31\/el-sabado-19-son-las-elecciones-de-la-cpe\/#article","isPartOf":{"@id":"https:\/\/diariotextual.com\/inicio\/index.php\/2026\/08\/31\/el-sabado-19-son-las-elecciones-de-la-cpe\/"},"author":{"name":"Diario1 Diario1","@id":"https:\/\/diariotextual.com\/inicio\/#\/schema\/person\/418fc4093c33e86ed41562db3508f958"},"headline":"El s\u00e1bado 19 son las elecciones de la CPE","datePublished":"2026-08-31T12:53:44+00:00","dateModified":"2026-08-31T15:33:25+00:00","mainEntityOfPage":{"@id":"https:\/\/diariotextual.com\/inicio\/index.php\/2026\/08\/31\/el-sabado-19-son-las-elecciones-de-la-cpe\/"},"wordCount":558,"publisher":{"@id":"https:\/\/diariotextual.com\/inicio\/#organization"},"image":{"@id":"https:\/\/diariotextual.com\/inicio\/index.php\/2026\/08\/31\/el-sabado-19-son-las-elecciones-de-la-cpe\/#primaryimage"},"thumbnailUrl":"https:\/\/diariotextual.com\/inicio\/wp-content\/uploads\/2024\/09\/cpeelecciones2024-79.jpg","articleSection":["A - ES NOTICIA (van abajo)","SOCIEDAD"],"inLanguage":"es"},{"@type":"WebPage","@id":"https:\/\/diariotextual.com\/inicio\/index.php\/2026\/08\/31\/el-sabado-19-son-las-elecciones-de-la-cpe\/","url":"https:\/\/diariotextual.com\/inicio\/index.php\/2026\/08\/31\/el-sabado-19-son-las-elecciones-de-la-cpe\/","name":"El s\u00e1bado 19 son las elecciones de la CPE - Diario Textual","isPartOf":{"@id":"https:\/\/diariotextual.com\/inicio\/#website"},"primaryImageOfPage":{"@id":"https:\/\/diariotextual.com\/inicio\/index.php\/2026\/08\/31\/el-sabado-19-son-las-elecciones-de-la-cpe\/#primaryimage"},"image":{"@id":"https:\/\/diariotextual.com\/inicio\/index.php\/2026\/08\/31\/el-sabado-19-son-las-elecciones-de-la-cpe\/#primaryimage"},"thumbnailUrl":"https:\/\/diariotextual.com\/inicio\/wp-content\/uploads\/2024\/09\/cpeelecciones2024-79.jpg","datePublished":"2026-08-31T12:53:44+00:00","dateModified":"2026-08-31T15:33:25+00:00","breadcrumb":{"@id":"https:\/\/diariotextual.com\/inicio\/index.php\/2026\/08\/31\/el-sabado-19-son-las-elecciones-de-la-cpe\/#breadcrumb"},"inLanguage":"es","potentialAction":[{"@type":"ReadAction","target":["https:\/\/diariotextual.com\/inicio\/index.php\/2026\/08\/31\/el-sabado-19-son-las-elecciones-de-la-cpe\/"]}]},{"@type":"ImageObject","inLanguage":"es","@id":"https:\/\/diariotextual.com\/inicio\/index.php\/2026\/08\/31\/el-sabado-19-son-las-elecciones-de-la-cpe\/#primaryimage","url":"https:\/\/diariotextual.com\/inicio\/wp-content\/uploads\/2024\/09\/cpeelecciones2024-79.jpg","contentUrl":"https:\/\/diariotextual.com\/inicio\/wp-content\/uploads\/2024\/09\/cpeelecciones2024-79.jpg","width":1500,"height":1182},{"@type":"BreadcrumbList","@id":"https:\/\/diariotextual.com\/inicio\/index.php\/2026\/08\/31\/el-sabado-19-son-las-elecciones-de-la-cpe\/#breadcrumb","itemListElement":[{"@type":"ListItem","position":1,"name":"Portada","item":"https:\/\/diariotextual.com\/inicio\/"},{"@type":"ListItem","position":2,"name":"El s\u00e1bado 19 son las elecciones de la CPE"}]},{"@type":"WebSite","@id":"https:\/\/diariotextual.com\/inicio\/#website","url":"https:\/\/diariotextual.com\/inicio\/","name":"Diario Textual","description":"","publisher":{"@id":"https:\/\/diariotextual.com\/inicio\/#organization"},"potentialAction":[{"@type":"SearchAction","target":{"@type":"EntryPoint","urlTemplate":"https:\/\/diariotextual.com\/inicio\/?s={search_term_string}"},"query-input":{"@type":"PropertyValueSpecification","valueRequired":true,"valueName":"search_term_string"}}],"inLanguage":"es"},{"@type":"Organization","@id":"https:\/\/diariotextual.com\/inicio\/#organization","name":"Diario Textual","url":"https:\/\/diariotextual.com\/inicio\/","logo":{"@type":"ImageObject","inLanguage":"es","@id":"https:\/\/diariotextual.com\/inicio\/#\/schema\/logo\/image\/","url":"https:\/\/diariotextual.com\/inicio\/wp-content\/uploads\/2023\/05\/logotextual1.jpg","contentUrl":"https:\/\/diariotextual.com\/inicio\/wp-content\/uploads\/2023\/05\/logotextual1.jpg","width":516,"height":76,"caption":"Diario Textual"},"image":{"@id":"https:\/\/diariotextual.com\/inicio\/#\/schema\/logo\/image\/"},"sameAs":["https:\/\/www.facebook.com\/eltextual","https:\/\/x.com\/eltextual","http:\/\/www.instagram.com\/eltextual"]},{"@type":"Person","@id":"https:\/\/diariotextual.com\/inicio\/#\/schema\/person\/418fc4093c33e86ed41562db3508f958","name":"Diario1 Diario1","image":{"@type":"ImageObject","inLanguage":"es","@id":"https:\/\/secure.gravatar.com\/avatar\/9167d280179c85bc18be67aa7eda765854300033af4896dd779b608640f2ef7a?s=96&d=mm&r=g","url":"https:\/\/secure.gravatar.com\/avatar\/9167d280179c85bc18be67aa7eda765854300033af4896dd779b608640f2ef7a?s=96&d=mm&r=g","contentUrl":"https:\/\/secure.gravatar.com\/avatar\/9167d280179c85bc18be67aa7eda765854300033af4896dd779b608640f2ef7a?s=96&d=mm&r=g","caption":"Diario1 Diario1"},"url":"https:\/\/diariotextual.com\/inicio\/index.php\/author\/diario1\/"}]}},"_links":{"self":[{"href":"https:\/\/diariotextual.com\/inicio\/index.php\/wp-json\/wp\/v2\/posts\/334179","targetHints":{"allow":["GET"]}}],"collection":[{"href":"https:\/\/diariotextual.com\/inicio\/index.php\/wp-json\/wp\/v2\/posts"}],"about":[{"href":"https:\/\/diariotextual.com\/inicio\/index.php\/wp-json\/wp\/v2\/types\/post"}],"author":[{"embeddable":true,"href":"https:\/\/diariotextual.com\/inicio\/index.php\/wp-json\/wp\/v2\/users\/3"}],"replies":[{"embeddable":true,"href":"https:\/\/diariotextual.com\/inicio\/index.php\/wp-json\/wp\/v2\/comments?post=334179"}],"version-history":[{"count":3,"href":"https:\/\/diariotextual.com\/inicio\/index.php\/wp-json\/wp\/v2\/posts\/334179\/revisions"}],"predecessor-version":[{"id":334182,"href":"https:\/\/diariotextual.com\/inicio\/index.php\/wp-json\/wp\/v2\/posts\/334179\/revisions\/334182"}],"wp:featuredmedia":[{"embeddable":true,"href":"https:\/\/diariotextual.com\/inicio\/index.php\/wp-json\/wp\/v2\/media\/275865"}],"wp:attachment":[{"href":"https:\/\/diariotextual.com\/inicio\/index.php\/wp-json\/wp\/v2\/media?parent=334179"}],"wp:term":[{"taxonomy":"category","embeddable":true,"href":"https:\/\/diariotextual.com\/inicio\/index.php\/wp-json\/wp\/v2\/categories?post=334179"},{"taxonomy":"post_tag","embeddable":true,"href":"https:\/\/diariotextual.com\/inicio\/index.php\/wp-json\/wp\/v2\/tags?post=334179"}],"curies":[{"name":"wp","href":"https:\/\/api.w.org\/{rel}","templated":true}]}}