{"id":334185,"date":"2026-08-31T10:36:04","date_gmt":"2026-08-31T13:36:04","guid":{"rendered":"https:\/\/diariotextual.com\/inicio\/?p=334185"},"modified":"2026-08-31T13:37:21","modified_gmt":"2026-08-31T16:37:21","slug":"la-pampa-el-gasto-nacional-destinado-a-rutas-se-redujo-un-946-en-la-gestion-de-milei","status":"publish","type":"post","link":"https:\/\/diariotextual.com\/inicio\/index.php\/2026\/08\/31\/la-pampa-el-gasto-nacional-destinado-a-rutas-se-redujo-un-946-en-la-gestion-de-milei\/","title":{"rendered":"La Pampa: el gasto nacional destinado a rutas se redujo un 94,6% en la gesti\u00f3n de Milei"},"content":{"rendered":"\n<p class=\"wp-block-paragraph\">El gasto devengado por la <strong>Direcci\u00f3n Nacional de Vialidad (DNV)<\/strong> en <strong>La Pampa<\/strong> cay\u00f3 un <strong>94,6%<\/strong> en t\u00e9rminos reales entre 2023 y 2025, seg\u00fan un informe elaborado por el <strong>Instituto Argentina Grande<\/strong>. Se trata de uno de los mayores retrocesos registrados en el pa\u00eds y refleja el <strong>fuerte ajuste<\/strong> aplicado por el actual gobierno nacional sobre la obra p\u00fablica y el mantenimiento de las <strong>rutas nacionales.<\/strong><\/p>\n\n\n\n<figure class=\"wp-block-image size-large\"><img fetchpriority=\"high\" decoding=\"async\" width=\"752\" height=\"1024\" src=\"https:\/\/diariotextual.com\/inicio\/wp-content\/uploads\/2026\/08\/HPZMoHUWsAAhLoR-752x1024.jpg\" alt=\"\" class=\"wp-image-334186\" srcset=\"https:\/\/diariotextual.com\/inicio\/wp-content\/uploads\/2026\/08\/HPZMoHUWsAAhLoR-752x1024.jpg 752w, https:\/\/diariotextual.com\/inicio\/wp-content\/uploads\/2026\/08\/HPZMoHUWsAAhLoR-220x300.jpg 220w, https:\/\/diariotextual.com\/inicio\/wp-content\/uploads\/2026\/08\/HPZMoHUWsAAhLoR-768x1046.jpg 768w, https:\/\/diariotextual.com\/inicio\/wp-content\/uploads\/2026\/08\/HPZMoHUWsAAhLoR-585x797.jpg 585w, https:\/\/diariotextual.com\/inicio\/wp-content\/uploads\/2026\/08\/HPZMoHUWsAAhLoR.jpg 1055w\" sizes=\"(max-width: 752px) 100vw, 752px\" \/><\/figure>\n\n\n\n<p class=\"wp-block-paragraph\">El dato adquiere especial relevancia para una provincia como La Pampa, cuya actividad econ\u00f3mica y productiva depende en gran medida de la red de rutas nacionales para el traslado de producci\u00f3n, mercader\u00edas y personas.<\/p>\n\n\n\n<p class=\"wp-block-paragraph\">A nivel nacional, el informe advierte que el gasto en rutas nacionales durante la actual gesti\u00f3n fue el m\u00e1s bajo desde 2002, en un contexto de fuerte reducci\u00f3n de la inversi\u00f3n p\u00fablica en infraestructura vial.<\/p>\n\n\n\n<p class=\"wp-block-paragraph\">La situaci\u00f3n tambi\u00e9n se profundiz\u00f3 durante este a\u00f1o. De acuerdo con los datos difundidos por el Instituto Argentina Grande, el gasto devengado por la Direcci\u00f3n Nacional de Vialidad durante el primer semestre de 2026 cay\u00f3 17,9% en t\u00e9rminos reales frente al mismo per\u00edodo de 2024 y un 42% respecto del primer semestre de 2025.<\/p>\n\n\n\n<p class=\"wp-block-paragraph\">La ca\u00edda de los recursos nacionales impacta directamente sobre la capacidad de mantenimiento de las rutas, en un escenario en el que La Pampa viene reclamando obras y reparaciones sobre distintos corredores nacionales.<\/p>\n\n\n\n<p class=\"wp-block-paragraph\">Uno de los principales puntos de preocupaci\u00f3n es la Ruta Nacional 5, un corredor estrat\u00e9gico para la provincia por su conexi\u00f3n con Buenos Aires y el centro del pa\u00eds, donde los reclamos por el estado de la calzada y las banquinas se vienen multiplicando. Pero tambi\u00e9n hay un marcado deterioro en las rutas nacionales 35, 188, 152 y 151. <\/p>\n\n\n\n<p class=\"wp-block-paragraph\">Los n\u00fameros del informe permiten dimensionar el impacto del ajuste: mientras disminuyen los recursos reales destinados a Vialidad, las necesidades de conservaci\u00f3n de la red vial contin\u00faan aumentando.<\/p>\n","protected":false},"excerpt":{"rendered":"<p>El gasto devengado por la Direcci\u00f3n Nacional de Vialidad (DNV) en La Pampa cay\u00f3 un 94,6% en t\u00e9rminos reales entre 2023 y 2025, seg\u00fan un informe elaborado por el Instituto&hellip;<\/p>\n","protected":false},"author":7,"featured_media":290328,"comment_status":"closed","ping_status":"open","sticky":false,"template":"","format":"standard","meta":{"_acf_changed":false,"footnotes":""},"categories":[10,12],"tags":[],"class_list":["post-334185","post","type-post","status-publish","format-standard","has-post-thumbnail","hentry","category-portada-2","category-sociedad"],"acf":[],"yoast_head":"<!-- This site is optimized with the Yoast SEO plugin v28.3 - https:\/\/yoast.com\/product\/yoast-seo-wordpress\/ -->\n<title>La Pampa: el gasto nacional destinado a rutas se redujo un 94,6% en la gesti\u00f3n de Milei - Diario Textual<\/title>\n<meta name=\"robots\" content=\"index, follow, max-snippet:-1, max-image-preview:large, max-video-preview:-1\" \/>\n<link rel=\"canonical\" href=\"https:\/\/diariotextual.com\/inicio\/index.php\/2026\/08\/31\/la-pampa-el-gasto-nacional-destinado-a-rutas-se-redujo-un-946-en-la-gestion-de-milei\/\" \/>\n<meta property=\"og:locale\" content=\"es_ES\" \/>\n<meta property=\"og:type\" content=\"article\" \/>\n<meta property=\"og:title\" content=\"La Pampa: el gasto nacional destinado a rutas se redujo un 94,6% en la gesti\u00f3n de Milei - Diario Textual\" \/>\n<meta property=\"og:description\" content=\"El gasto devengado por la Direcci\u00f3n Nacional de Vialidad (DNV) en La Pampa cay\u00f3 un 94,6% en t\u00e9rminos reales entre 2023 y 2025, seg\u00fan un informe elaborado por el Instituto&hellip;\" \/>\n<meta property=\"og:url\" content=\"https:\/\/diariotextual.com\/inicio\/index.php\/2026\/08\/31\/la-pampa-el-gasto-nacional-destinado-a-rutas-se-redujo-un-946-en-la-gestion-de-milei\/\" \/>\n<meta property=\"og:site_name\" content=\"Diario Textual\" \/>\n<meta property=\"article:publisher\" content=\"https:\/\/www.facebook.com\/eltextual\" \/>\n<meta property=\"article:published_time\" content=\"2026-08-31T13:36:04+00:00\" \/>\n<meta property=\"article:modified_time\" content=\"2026-08-31T16:37:21+00:00\" \/>\n<meta property=\"og:image\" content=\"https:\/\/diariotextual.com\/inicio\/wp-content\/uploads\/2025\/03\/rutanacional151rutarota2025-77.jpg\" \/>\n\t<meta property=\"og:image:width\" content=\"1300\" \/>\n\t<meta property=\"og:image:height\" content=\"975\" \/>\n\t<meta property=\"og:image:type\" content=\"image\/jpeg\" \/>\n<meta name=\"author\" content=\"diario5\" \/>\n<meta name=\"twitter:card\" content=\"summary_large_image\" \/>\n<meta name=\"twitter:creator\" content=\"@eltextual\" \/>\n<meta name=\"twitter:site\" content=\"@eltextual\" \/>\n<meta name=\"twitter:label1\" content=\"Escrito por\" \/>\n\t<meta name=\"twitter:data1\" content=\"diario5\" \/>\n\t<meta name=\"twitter:label2\" content=\"Tiempo de lectura\" \/>\n\t<meta name=\"twitter:data2\" content=\"2 minutos\" \/>\n<script type=\"application\/ld+json\" class=\"yoast-schema-graph\">{\"@context\":\"https:\\\/\\\/schema.org\",\"@graph\":[{\"@type\":\"Article\",\"@id\":\"https:\\\/\\\/diariotextual.com\\\/inicio\\\/index.php\\\/2026\\\/08\\\/31\\\/la-pampa-el-gasto-nacional-destinado-a-rutas-se-redujo-un-946-en-la-gestion-de-milei\\\/#article\",\"isPartOf\":{\"@id\":\"https:\\\/\\\/diariotextual.com\\\/inicio\\\/index.php\\\/2026\\\/08\\\/31\\\/la-pampa-el-gasto-nacional-destinado-a-rutas-se-redujo-un-946-en-la-gestion-de-milei\\\/\"},\"author\":{\"name\":\"diario5\",\"@id\":\"https:\\\/\\\/diariotextual.com\\\/inicio\\\/#\\\/schema\\\/person\\\/c7834961ad8b29b1d9cdbf4571299067\"},\"headline\":\"La Pampa: el gasto nacional destinado a rutas se redujo un 94,6% en la gesti\u00f3n de Milei\",\"datePublished\":\"2026-08-31T13:36:04+00:00\",\"dateModified\":\"2026-08-31T16:37:21+00:00\",\"mainEntityOfPage\":{\"@id\":\"https:\\\/\\\/diariotextual.com\\\/inicio\\\/index.php\\\/2026\\\/08\\\/31\\\/la-pampa-el-gasto-nacional-destinado-a-rutas-se-redujo-un-946-en-la-gestion-de-milei\\\/\"},\"wordCount\":340,\"publisher\":{\"@id\":\"https:\\\/\\\/diariotextual.com\\\/inicio\\\/#organization\"},\"image\":{\"@id\":\"https:\\\/\\\/diariotextual.com\\\/inicio\\\/index.php\\\/2026\\\/08\\\/31\\\/la-pampa-el-gasto-nacional-destinado-a-rutas-se-redujo-un-946-en-la-gestion-de-milei\\\/#primaryimage\"},\"thumbnailUrl\":\"https:\\\/\\\/diariotextual.com\\\/inicio\\\/wp-content\\\/uploads\\\/2025\\\/03\\\/rutanacional151rutarota2025-77.jpg\",\"articleSection\":[\"A - PORTADA2\",\"SOCIEDAD\"],\"inLanguage\":\"es\"},{\"@type\":\"WebPage\",\"@id\":\"https:\\\/\\\/diariotextual.com\\\/inicio\\\/index.php\\\/2026\\\/08\\\/31\\\/la-pampa-el-gasto-nacional-destinado-a-rutas-se-redujo-un-946-en-la-gestion-de-milei\\\/\",\"url\":\"https:\\\/\\\/diariotextual.com\\\/inicio\\\/index.php\\\/2026\\\/08\\\/31\\\/la-pampa-el-gasto-nacional-destinado-a-rutas-se-redujo-un-946-en-la-gestion-de-milei\\\/\",\"name\":\"La Pampa: el gasto nacional destinado a rutas se redujo un 94,6% en la gesti\u00f3n de Milei - Diario Textual\",\"isPartOf\":{\"@id\":\"https:\\\/\\\/diariotextual.com\\\/inicio\\\/#website\"},\"primaryImageOfPage\":{\"@id\":\"https:\\\/\\\/diariotextual.com\\\/inicio\\\/index.php\\\/2026\\\/08\\\/31\\\/la-pampa-el-gasto-nacional-destinado-a-rutas-se-redujo-un-946-en-la-gestion-de-milei\\\/#primaryimage\"},\"image\":{\"@id\":\"https:\\\/\\\/diariotextual.com\\\/inicio\\\/index.php\\\/2026\\\/08\\\/31\\\/la-pampa-el-gasto-nacional-destinado-a-rutas-se-redujo-un-946-en-la-gestion-de-milei\\\/#primaryimage\"},\"thumbnailUrl\":\"https:\\\/\\\/diariotextual.com\\\/inicio\\\/wp-content\\\/uploads\\\/2025\\\/03\\\/rutanacional151rutarota2025-77.jpg\",\"datePublished\":\"2026-08-31T13:36:04+00:00\",\"dateModified\":\"2026-08-31T16:37:21+00:00\",\"breadcrumb\":{\"@id\":\"https:\\\/\\\/diariotextual.com\\\/inicio\\\/index.php\\\/2026\\\/08\\\/31\\\/la-pampa-el-gasto-nacional-destinado-a-rutas-se-redujo-un-946-en-la-gestion-de-milei\\\/#breadcrumb\"},\"inLanguage\":\"es\",\"potentialAction\":[{\"@type\":\"ReadAction\",\"target\":[\"https:\\\/\\\/diariotextual.com\\\/inicio\\\/index.php\\\/2026\\\/08\\\/31\\\/la-pampa-el-gasto-nacional-destinado-a-rutas-se-redujo-un-946-en-la-gestion-de-milei\\\/\"]}]},{\"@type\":\"ImageObject\",\"inLanguage\":\"es\",\"@id\":\"https:\\\/\\\/diariotextual.com\\\/inicio\\\/index.php\\\/2026\\\/08\\\/31\\\/la-pampa-el-gasto-nacional-destinado-a-rutas-se-redujo-un-946-en-la-gestion-de-milei\\\/#primaryimage\",\"url\":\"https:\\\/\\\/diariotextual.com\\\/inicio\\\/wp-content\\\/uploads\\\/2025\\\/03\\\/rutanacional151rutarota2025-77.jpg\",\"contentUrl\":\"https:\\\/\\\/diariotextual.com\\\/inicio\\\/wp-content\\\/uploads\\\/2025\\\/03\\\/rutanacional151rutarota2025-77.jpg\",\"width\":1300,\"height\":975},{\"@type\":\"BreadcrumbList\",\"@id\":\"https:\\\/\\\/diariotextual.com\\\/inicio\\\/index.php\\\/2026\\\/08\\\/31\\\/la-pampa-el-gasto-nacional-destinado-a-rutas-se-redujo-un-946-en-la-gestion-de-milei\\\/#breadcrumb\",\"itemListElement\":[{\"@type\":\"ListItem\",\"position\":1,\"name\":\"Portada\",\"item\":\"https:\\\/\\\/diariotextual.com\\\/inicio\\\/\"},{\"@type\":\"ListItem\",\"position\":2,\"name\":\"La Pampa: el gasto nacional destinado a rutas se redujo un 94,6% en la gesti\u00f3n de Milei\"}]},{\"@type\":\"WebSite\",\"@id\":\"https:\\\/\\\/diariotextual.com\\\/inicio\\\/#website\",\"url\":\"https:\\\/\\\/diariotextual.com\\\/inicio\\\/\",\"name\":\"Diario Textual\",\"description\":\"\",\"publisher\":{\"@id\":\"https:\\\/\\\/diariotextual.com\\\/inicio\\\/#organization\"},\"potentialAction\":[{\"@type\":\"SearchAction\",\"target\":{\"@type\":\"EntryPoint\",\"urlTemplate\":\"https:\\\/\\\/diariotextual.com\\\/inicio\\\/?s={search_term_string}\"},\"query-input\":{\"@type\":\"PropertyValueSpecification\",\"valueRequired\":true,\"valueName\":\"search_term_string\"}}],\"inLanguage\":\"es\"},{\"@type\":\"Organization\",\"@id\":\"https:\\\/\\\/diariotextual.com\\\/inicio\\\/#organization\",\"name\":\"Diario Textual\",\"url\":\"https:\\\/\\\/diariotextual.com\\\/inicio\\\/\",\"logo\":{\"@type\":\"ImageObject\",\"inLanguage\":\"es\",\"@id\":\"https:\\\/\\\/diariotextual.com\\\/inicio\\\/#\\\/schema\\\/logo\\\/image\\\/\",\"url\":\"https:\\\/\\\/diariotextual.com\\\/inicio\\\/wp-content\\\/uploads\\\/2023\\\/05\\\/logotextual1.jpg\",\"contentUrl\":\"https:\\\/\\\/diariotextual.com\\\/inicio\\\/wp-content\\\/uploads\\\/2023\\\/05\\\/logotextual1.jpg\",\"width\":516,\"height\":76,\"caption\":\"Diario Textual\"},\"image\":{\"@id\":\"https:\\\/\\\/diariotextual.com\\\/inicio\\\/#\\\/schema\\\/logo\\\/image\\\/\"},\"sameAs\":[\"https:\\\/\\\/www.facebook.com\\\/eltextual\",\"https:\\\/\\\/x.com\\\/eltextual\",\"http:\\\/\\\/www.instagram.com\\\/eltextual\"]},{\"@type\":\"Person\",\"@id\":\"https:\\\/\\\/diariotextual.com\\\/inicio\\\/#\\\/schema\\\/person\\\/c7834961ad8b29b1d9cdbf4571299067\",\"name\":\"diario5\",\"image\":{\"@type\":\"ImageObject\",\"inLanguage\":\"es\",\"@id\":\"https:\\\/\\\/secure.gravatar.com\\\/avatar\\\/948c893b847ca6df68216ead81b63f363408ec9b0f600fefc0641ce78613b111?s=96&d=mm&r=g\",\"url\":\"https:\\\/\\\/secure.gravatar.com\\\/avatar\\\/948c893b847ca6df68216ead81b63f363408ec9b0f600fefc0641ce78613b111?s=96&d=mm&r=g\",\"contentUrl\":\"https:\\\/\\\/secure.gravatar.com\\\/avatar\\\/948c893b847ca6df68216ead81b63f363408ec9b0f600fefc0641ce78613b111?s=96&d=mm&r=g\",\"caption\":\"diario5\"},\"url\":\"https:\\\/\\\/diariotextual.com\\\/inicio\\\/index.php\\\/author\\\/diario5\\\/\"}]}<\/script>\n<!-- \/ Yoast SEO plugin. -->","yoast_head_json":{"title":"La Pampa: el gasto nacional destinado a rutas se redujo un 94,6% en la gesti\u00f3n de Milei - Diario Textual","robots":{"index":"index","follow":"follow","max-snippet":"max-snippet:-1","max-image-preview":"max-image-preview:large","max-video-preview":"max-video-preview:-1"},"canonical":"https:\/\/diariotextual.com\/inicio\/index.php\/2026\/08\/31\/la-pampa-el-gasto-nacional-destinado-a-rutas-se-redujo-un-946-en-la-gestion-de-milei\/","og_locale":"es_ES","og_type":"article","og_title":"La Pampa: el gasto nacional destinado a rutas se redujo un 94,6% en la gesti\u00f3n de Milei - Diario Textual","og_description":"El gasto devengado por la Direcci\u00f3n Nacional de Vialidad (DNV) en La Pampa cay\u00f3 un 94,6% en t\u00e9rminos reales entre 2023 y 2025, seg\u00fan un informe elaborado por el Instituto&hellip;","og_url":"https:\/\/diariotextual.com\/inicio\/index.php\/2026\/08\/31\/la-pampa-el-gasto-nacional-destinado-a-rutas-se-redujo-un-946-en-la-gestion-de-milei\/","og_site_name":"Diario Textual","article_publisher":"https:\/\/www.facebook.com\/eltextual","article_published_time":"2026-08-31T13:36:04+00:00","article_modified_time":"2026-08-31T16:37:21+00:00","og_image":[{"width":1300,"height":975,"url":"https:\/\/diariotextual.com\/inicio\/wp-content\/uploads\/2025\/03\/rutanacional151rutarota2025-77.jpg","type":"image\/jpeg"}],"author":"diario5","twitter_card":"summary_large_image","twitter_creator":"@eltextual","twitter_site":"@eltextual","twitter_misc":{"Escrito por":"diario5","Tiempo de lectura":"2 minutos"},"schema":{"@context":"https:\/\/schema.org","@graph":[{"@type":"Article","@id":"https:\/\/diariotextual.com\/inicio\/index.php\/2026\/08\/31\/la-pampa-el-gasto-nacional-destinado-a-rutas-se-redujo-un-946-en-la-gestion-de-milei\/#article","isPartOf":{"@id":"https:\/\/diariotextual.com\/inicio\/index.php\/2026\/08\/31\/la-pampa-el-gasto-nacional-destinado-a-rutas-se-redujo-un-946-en-la-gestion-de-milei\/"},"author":{"name":"diario5","@id":"https:\/\/diariotextual.com\/inicio\/#\/schema\/person\/c7834961ad8b29b1d9cdbf4571299067"},"headline":"La Pampa: el gasto nacional destinado a rutas se redujo un 94,6% en la gesti\u00f3n de Milei","datePublished":"2026-08-31T13:36:04+00:00","dateModified":"2026-08-31T16:37:21+00:00","mainEntityOfPage":{"@id":"https:\/\/diariotextual.com\/inicio\/index.php\/2026\/08\/31\/la-pampa-el-gasto-nacional-destinado-a-rutas-se-redujo-un-946-en-la-gestion-de-milei\/"},"wordCount":340,"publisher":{"@id":"https:\/\/diariotextual.com\/inicio\/#organization"},"image":{"@id":"https:\/\/diariotextual.com\/inicio\/index.php\/2026\/08\/31\/la-pampa-el-gasto-nacional-destinado-a-rutas-se-redujo-un-946-en-la-gestion-de-milei\/#primaryimage"},"thumbnailUrl":"https:\/\/diariotextual.com\/inicio\/wp-content\/uploads\/2025\/03\/rutanacional151rutarota2025-77.jpg","articleSection":["A - PORTADA2","SOCIEDAD"],"inLanguage":"es"},{"@type":"WebPage","@id":"https:\/\/diariotextual.com\/inicio\/index.php\/2026\/08\/31\/la-pampa-el-gasto-nacional-destinado-a-rutas-se-redujo-un-946-en-la-gestion-de-milei\/","url":"https:\/\/diariotextual.com\/inicio\/index.php\/2026\/08\/31\/la-pampa-el-gasto-nacional-destinado-a-rutas-se-redujo-un-946-en-la-gestion-de-milei\/","name":"La Pampa: el gasto nacional destinado a rutas se redujo un 94,6% en la gesti\u00f3n de Milei - Diario Textual","isPartOf":{"@id":"https:\/\/diariotextual.com\/inicio\/#website"},"primaryImageOfPage":{"@id":"https:\/\/diariotextual.com\/inicio\/index.php\/2026\/08\/31\/la-pampa-el-gasto-nacional-destinado-a-rutas-se-redujo-un-946-en-la-gestion-de-milei\/#primaryimage"},"image":{"@id":"https:\/\/diariotextual.com\/inicio\/index.php\/2026\/08\/31\/la-pampa-el-gasto-nacional-destinado-a-rutas-se-redujo-un-946-en-la-gestion-de-milei\/#primaryimage"},"thumbnailUrl":"https:\/\/diariotextual.com\/inicio\/wp-content\/uploads\/2025\/03\/rutanacional151rutarota2025-77.jpg","datePublished":"2026-08-31T13:36:04+00:00","dateModified":"2026-08-31T16:37:21+00:00","breadcrumb":{"@id":"https:\/\/diariotextual.com\/inicio\/index.php\/2026\/08\/31\/la-pampa-el-gasto-nacional-destinado-a-rutas-se-redujo-un-946-en-la-gestion-de-milei\/#breadcrumb"},"inLanguage":"es","potentialAction":[{"@type":"ReadAction","target":["https:\/\/diariotextual.com\/inicio\/index.php\/2026\/08\/31\/la-pampa-el-gasto-nacional-destinado-a-rutas-se-redujo-un-946-en-la-gestion-de-milei\/"]}]},{"@type":"ImageObject","inLanguage":"es","@id":"https:\/\/diariotextual.com\/inicio\/index.php\/2026\/08\/31\/la-pampa-el-gasto-nacional-destinado-a-rutas-se-redujo-un-946-en-la-gestion-de-milei\/#primaryimage","url":"https:\/\/diariotextual.com\/inicio\/wp-content\/uploads\/2025\/03\/rutanacional151rutarota2025-77.jpg","contentUrl":"https:\/\/diariotextual.com\/inicio\/wp-content\/uploads\/2025\/03\/rutanacional151rutarota2025-77.jpg","width":1300,"height":975},{"@type":"BreadcrumbList","@id":"https:\/\/diariotextual.com\/inicio\/index.php\/2026\/08\/31\/la-pampa-el-gasto-nacional-destinado-a-rutas-se-redujo-un-946-en-la-gestion-de-milei\/#breadcrumb","itemListElement":[{"@type":"ListItem","position":1,"name":"Portada","item":"https:\/\/diariotextual.com\/inicio\/"},{"@type":"ListItem","position":2,"name":"La Pampa: el gasto nacional destinado a rutas se redujo un 94,6% en la gesti\u00f3n de Milei"}]},{"@type":"WebSite","@id":"https:\/\/diariotextual.com\/inicio\/#website","url":"https:\/\/diariotextual.com\/inicio\/","name":"Diario Textual","description":"","publisher":{"@id":"https:\/\/diariotextual.com\/inicio\/#organization"},"potentialAction":[{"@type":"SearchAction","target":{"@type":"EntryPoint","urlTemplate":"https:\/\/diariotextual.com\/inicio\/?s={search_term_string}"},"query-input":{"@type":"PropertyValueSpecification","valueRequired":true,"valueName":"search_term_string"}}],"inLanguage":"es"},{"@type":"Organization","@id":"https:\/\/diariotextual.com\/inicio\/#organization","name":"Diario Textual","url":"https:\/\/diariotextual.com\/inicio\/","logo":{"@type":"ImageObject","inLanguage":"es","@id":"https:\/\/diariotextual.com\/inicio\/#\/schema\/logo\/image\/","url":"https:\/\/diariotextual.com\/inicio\/wp-content\/uploads\/2023\/05\/logotextual1.jpg","contentUrl":"https:\/\/diariotextual.com\/inicio\/wp-content\/uploads\/2023\/05\/logotextual1.jpg","width":516,"height":76,"caption":"Diario Textual"},"image":{"@id":"https:\/\/diariotextual.com\/inicio\/#\/schema\/logo\/image\/"},"sameAs":["https:\/\/www.facebook.com\/eltextual","https:\/\/x.com\/eltextual","http:\/\/www.instagram.com\/eltextual"]},{"@type":"Person","@id":"https:\/\/diariotextual.com\/inicio\/#\/schema\/person\/c7834961ad8b29b1d9cdbf4571299067","name":"diario5","image":{"@type":"ImageObject","inLanguage":"es","@id":"https:\/\/secure.gravatar.com\/avatar\/948c893b847ca6df68216ead81b63f363408ec9b0f600fefc0641ce78613b111?s=96&d=mm&r=g","url":"https:\/\/secure.gravatar.com\/avatar\/948c893b847ca6df68216ead81b63f363408ec9b0f600fefc0641ce78613b111?s=96&d=mm&r=g","contentUrl":"https:\/\/secure.gravatar.com\/avatar\/948c893b847ca6df68216ead81b63f363408ec9b0f600fefc0641ce78613b111?s=96&d=mm&r=g","caption":"diario5"},"url":"https:\/\/diariotextual.com\/inicio\/index.php\/author\/diario5\/"}]}},"_links":{"self":[{"href":"https:\/\/diariotextual.com\/inicio\/index.php\/wp-json\/wp\/v2\/posts\/334185","targetHints":{"allow":["GET"]}}],"collection":[{"href":"https:\/\/diariotextual.com\/inicio\/index.php\/wp-json\/wp\/v2\/posts"}],"about":[{"href":"https:\/\/diariotextual.com\/inicio\/index.php\/wp-json\/wp\/v2\/types\/post"}],"author":[{"embeddable":true,"href":"https:\/\/diariotextual.com\/inicio\/index.php\/wp-json\/wp\/v2\/users\/7"}],"replies":[{"embeddable":true,"href":"https:\/\/diariotextual.com\/inicio\/index.php\/wp-json\/wp\/v2\/comments?post=334185"}],"version-history":[{"count":1,"href":"https:\/\/diariotextual.com\/inicio\/index.php\/wp-json\/wp\/v2\/posts\/334185\/revisions"}],"predecessor-version":[{"id":334187,"href":"https:\/\/diariotextual.com\/inicio\/index.php\/wp-json\/wp\/v2\/posts\/334185\/revisions\/334187"}],"wp:featuredmedia":[{"embeddable":true,"href":"https:\/\/diariotextual.com\/inicio\/index.php\/wp-json\/wp\/v2\/media\/290328"}],"wp:attachment":[{"href":"https:\/\/diariotextual.com\/inicio\/index.php\/wp-json\/wp\/v2\/media?parent=334185"}],"wp:term":[{"taxonomy":"category","embeddable":true,"href":"https:\/\/diariotextual.com\/inicio\/index.php\/wp-json\/wp\/v2\/categories?post=334185"},{"taxonomy":"post_tag","embeddable":true,"href":"https:\/\/diariotextual.com\/inicio\/index.php\/wp-json\/wp\/v2\/tags?post=334185"}],"curies":[{"name":"wp","href":"https:\/\/api.w.org\/{rel}","templated":true}]}}