{"id":334188,"date":"2026-08-31T11:22:58","date_gmt":"2026-08-31T14:22:58","guid":{"rendered":"https:\/\/diariotextual.com\/inicio\/?p=334188"},"modified":"2026-08-31T17:09:26","modified_gmt":"2026-08-31T20:09:26","slug":"lezcano-di-napoli-hoy-reniega-del-mismo-mecanismo-que-lo-llevo-a-la-intendencia","status":"publish","type":"post","link":"https:\/\/diariotextual.com\/inicio\/index.php\/2026\/08\/31\/lezcano-di-napoli-hoy-reniega-del-mismo-mecanismo-que-lo-llevo-a-la-intendencia\/","title":{"rendered":"Lezcano: \u201cDi N\u00e1poli hoy reniega del mismo mecanismo que lo llev\u00f3 a la intendencia\u201d"},"content":{"rendered":"\n<p class=\"wp-block-paragraph\">El dirigente de <strong>Identidad Peronista, Jorge Lezcano<\/strong>, cuestion\u00f3 las declaraciones del intendente de Santa Rosa, <strong>Luciano di N\u00e1poli<\/strong>, quien volvi\u00f3 a plantear que pretende ser candidato en 2027, pero advirti\u00f3 que en el <strong>Partido Justicialista \u201cno hay garant\u00edas\u201d<\/strong> para participar de una interna.<\/p>\n\n\n\n<p class=\"wp-block-paragraph\">Lezcano sostuvo que resulta llamativo que Di N\u00e1poli cuestione ahora el mecanismo electoral que utiliz\u00f3 para llegar a la intendencia. El exdiputado record\u00f3 que <strong>Identidad Peronista particip\u00f3 de las internas de 2011 y 2019<\/strong>, en las que, seg\u00fan afirm\u00f3, lleg\u00f3 como favorito de acuerdo con las encuestas y la percepci\u00f3n territorial, pero termin\u00f3 perdiendo. En particular, se\u00f1al\u00f3 que en 2019 Di N\u00e1poli fue proclamado ganador por <strong>menos de 100 votos<\/strong>.<\/p>\n\n\n\n<p class=\"wp-block-paragraph\">\u201cMe llama la atenci\u00f3n escuchar a Di N\u00e1poli decir que no est\u00e1n dadas las garant\u00edas para participar de una interna. Desde Identidad Peronista vivimos dos internas muy dif\u00edciles de explicar pol\u00edticamente, la de 2011 y la de 2019. En ambas casos, llegamos como favoritos, tanto por lo que mostraban las encuestas como por lo que se percib\u00eda en la calle y, sin embargo, terminamos perdiendo\u201d, afirm\u00f3.<\/p>\n\n\n\n<p class=\"wp-block-paragraph\">\u201cEn 2019, adem\u00e1s, Di N\u00e1poli fue proclamado ganador por menos de 100 votos\u201d, agreg\u00f3. \u201cEsas circunstancias dejaron dudas que nunca se terminaron de despejar. Por eso, que hoy sea el propio Di N\u00e1poli, que result\u00f3 ganador en 2019, quien diga que no existen garant\u00edas para volver a competir, no es un dato menor\u201d, resalt\u00f3. Lo llamativo es que <strong>es la primera vez que Lezcano plantea dudas por los resultados de esa elecci\u00f3n.<\/strong><\/p>\n\n\n\n<p class=\"wp-block-paragraph\"><\/p>\n\n\n\n<figure class=\"wp-block-embed is-type-wp-embed is-provider-diario-textual wp-block-embed-diario-textual\"><div class=\"wp-block-embed__wrapper\">\n<blockquote class=\"wp-embedded-content\" data-secret=\"UjMKprQ4Xd\"><a href=\"https:\/\/diariotextual.com\/inicio\/index.php\/2026\/08\/30\/no-hay-garantias-di-napoli-dice-que-no-ira-a-una-interna-en-el-pj\/\">\u201cNo hay garant\u00edas\u201d: Di N\u00e1poli dice que no ir\u00e1 a una interna en el PJ<\/a><\/blockquote><iframe class=\"wp-embedded-content\" sandbox=\"allow-scripts\" security=\"restricted\" style=\"position: absolute; visibility: hidden;\" title=\"\u00ab\u201cNo hay garant\u00edas\u201d: Di N\u00e1poli dice que no ir\u00e1 a una interna en el PJ\u00bb \u2014 Diario Textual\" src=\"https:\/\/diariotextual.com\/inicio\/index.php\/2026\/08\/30\/no-hay-garantias-di-napoli-dice-que-no-ira-a-una-interna-en-el-pj\/embed\/#?secret=UPJbvFhLTa#?secret=UjMKprQ4Xd\" data-secret=\"UjMKprQ4Xd\" width=\"600\" height=\"338\" frameborder=\"0\" marginwidth=\"0\" marginheight=\"0\" scrolling=\"no\"><\/iframe>\n<\/div><\/figure>\n\n\n\n<p class=\"wp-block-paragraph\"><strong>\u201cSus palabras terminan d\u00e1ndole una enorme fuerza a lo que nosotros venimos sosteniendo desde hace a\u00f1os sobre aquellas internas. Evidentemente, nuestras dudas ten\u00edan fundamentos, y hoy las termina poniendo sobre la mesa alguien que, en aquel momento, estuvo del lado de los ganadores\u201d<\/strong>, sostuvo.<\/p>\n\n\n\n<p class=\"wp-block-paragraph\">Ayer Di N\u00e1poli reiter\u00f3 que quiere competir -no dijo si por la gobernaci\u00f3n o la intendencia- en <strong>2027<\/strong>, aunque afirm\u00f3 que una interna dentro del PJ est\u00e1 \u201cabsolutamente descartada\u201d porque, a su entender, <strong>\u201cno hay garant\u00edas\u201d para participar<\/strong>. Al mismo tiempo, no cerr\u00f3 la puerta a un eventual acuerdo con <strong>Fuerza Pampa<\/strong>, el nuevo espacio conformado por sectores del peronismo provincial.<\/p>\n\n\n\n<p class=\"wp-block-paragraph\">Lezcano tambi\u00e9n cuestion\u00f3 que se utilice la falta de garant\u00edas como argumento pol\u00edtico cuando existe incertidumbre sobre el resultado. <strong>\u201cSe suma a la vieja costumbre de la pol\u00edtica de llamar \u2018falta de garant\u00edas\u2019 al momento en el que se pierde seguridad sobre el resultado\u201d<\/strong>, afirm\u00f3.<\/p>\n\n\n\n<p class=\"wp-block-paragraph\">\u201cLuciano Di N\u00e1poli dice ahora que en el Partido Justicialista no hay garant\u00edas, pero la \u00fanica vez que particip\u00f3 en una interna, gan\u00f3. Cuando los dirigentes tradicionales acompa\u00f1an, cuando los que aseguran el poder desde adentro de la estructura est\u00e1n detr\u00e1s de su candidatura, present\u00e1ndolo, acompa\u00f1\u00e1ndolo y abri\u00e9ndole camino, parece que las garant\u00edas funcionan. Nadie escuch\u00f3 entonces quejas sobre el sistema\u201d, dijo.<\/p>\n\n\n\n<p class=\"wp-block-paragraph\"><strong>\u201cEl verdadero valor pol\u00edtico est\u00e1 en asumir las candidaturas internas sin padrinazgos. Pero hay una regla todav\u00eda m\u00e1s antigua en pol\u00edtica: siempre conviene tener memoria\u201d<\/strong>, afirm\u00f3.<\/p>\n\n\n\n<p class=\"wp-block-paragraph\">Lezcano sostuvo adem\u00e1s que cuestionar ahora el mecanismo interno implica \u201crenegar\u201d de una herramienta que anteriormente permiti\u00f3 a Di N\u00e1poli acceder a la Intendencia.<\/p>\n\n\n\n<p class=\"wp-block-paragraph\">\u201cUno puede discutir con quienes lo acompa\u00f1aron, cambiar de sector, construir otra mayor\u00eda y hasta aspirar a conducir. Todo eso forma parte de la pol\u00edtica. Lo que resulta bastante menos elegante es renegar del mecanismo que lo llev\u00f3 a uno hasta donde est\u00e1 una vez que ese mecanismo deja de garantizarle el pr\u00f3ximo escal\u00f3n\u201d, sostuvo.<\/p>\n\n\n\n<p class=\"wp-block-paragraph\"><strong>\u201cDi N\u00e1poli deber\u00eda saberlo mejor que nadie. Su primer mandato como intendente naci\u00f3 de una interna. De una competencia dentro del peronismo. De esas mismas bases partidarias que hoy parecen transformarse, repentinamente, en un espacio sin garant\u00edas\u201d, expres\u00f3<\/strong>. \u201cLas bases son las que no vienen con garant\u00eda institucional. Nosotros elegimos respetarlas siempre, aunque eso signifique perder\u201d, complet\u00f3.<\/p>\n\n\n\n<p class=\"wp-block-paragraph\">Finalmente, Lezcano llev\u00f3 la discusi\u00f3n al terreno de las definiciones pol\u00edticas y sostuvo que, a su entender, la principal garant\u00eda que debe preservar el peronismo es la vinculada con su identidad y su causa. <strong>\u201cHace tiempo venimos diciendo que las traiciones importantes en pol\u00edtica no ocurren entre dirigentes. Los dirigentes se juntan, se separan, acuerdan, discuten y vuelven a encontrarse. Las verdaderas traiciones son a las causas\u201d<\/strong>, afirm\u00f3.<\/p>\n\n\n\n<p class=\"wp-block-paragraph\">\u201cPor eso, antes de preocuparse tanto por las garant\u00edas que ofrece el Partido Justicialista, quiz\u00e1 convendr\u00eda revisar otra garant\u00eda mucho m\u00e1s importante, la que representa la causa que el peronismo sostuvo en toda su historia de militancia\u201d, plante\u00f3.<\/p>\n\n\n\n<p class=\"wp-block-paragraph\"><strong>\u201cPorque en pol\u00edtica se puede cambiar de estrategia. Se puede cambiar de aliados. Se puede, incluso, cambiar de vereda. Lo que resulta dif\u00edcil es cambiar la historia. Y la historia tiene una mala costumbre: se acuerda de todo\u201d, dijo<\/strong>. \u201cNos debemos a la responsabilidad de cuidar el bienestar del pueblo de La Pampa por encima de cualquier apetito personal de poder. Esa es la \u00fanica garant\u00eda que necesitamos sostener a partir de la convicci\u00f3n que nos dice que somos peronistas\u201d, concluy\u00f3.<\/p>\n\n\n\n<p class=\"wp-block-paragraph\"><\/p>\n","protected":false},"excerpt":{"rendered":"<p>El dirigente de Identidad Peronista, Jorge Lezcano, cuestion\u00f3 las declaraciones del intendente de Santa Rosa, Luciano di N\u00e1poli, quien volvi\u00f3 a plantear que pretende ser candidato en 2027, pero advirti\u00f3&hellip;<\/p>\n","protected":false},"author":3,"featured_media":293891,"comment_status":"closed","ping_status":"open","sticky":false,"template":"","format":"standard","meta":{"_acf_changed":false,"footnotes":""},"categories":[10,8],"tags":[],"class_list":["post-334188","post","type-post","status-publish","format-standard","has-post-thumbnail","hentry","category-portada-2","category-politica"],"acf":[],"yoast_head":"<!-- This site is optimized with the Yoast SEO plugin v28.3 - https:\/\/yoast.com\/product\/yoast-seo-wordpress\/ -->\n<title>Lezcano: \u201cDi N\u00e1poli hoy reniega del mismo mecanismo que lo llev\u00f3 a la intendencia\u201d - Diario Textual<\/title>\n<meta name=\"robots\" content=\"index, follow, max-snippet:-1, max-image-preview:large, max-video-preview:-1\" \/>\n<link rel=\"canonical\" href=\"https:\/\/diariotextual.com\/inicio\/index.php\/2026\/08\/31\/lezcano-di-napoli-hoy-reniega-del-mismo-mecanismo-que-lo-llevo-a-la-intendencia\/\" \/>\n<meta property=\"og:locale\" content=\"es_ES\" \/>\n<meta property=\"og:type\" content=\"article\" \/>\n<meta property=\"og:title\" content=\"Lezcano: \u201cDi N\u00e1poli hoy reniega del mismo mecanismo que lo llev\u00f3 a la intendencia\u201d - Diario Textual\" \/>\n<meta property=\"og:description\" content=\"El dirigente de Identidad Peronista, Jorge Lezcano, cuestion\u00f3 las declaraciones del intendente de Santa Rosa, Luciano di N\u00e1poli, quien volvi\u00f3 a plantear que pretende ser candidato en 2027, pero advirti\u00f3&hellip;\" \/>\n<meta property=\"og:url\" content=\"https:\/\/diariotextual.com\/inicio\/index.php\/2026\/08\/31\/lezcano-di-napoli-hoy-reniega-del-mismo-mecanismo-que-lo-llevo-a-la-intendencia\/\" \/>\n<meta property=\"og:site_name\" content=\"Diario Textual\" \/>\n<meta property=\"article:publisher\" content=\"https:\/\/www.facebook.com\/eltextual\" \/>\n<meta property=\"article:published_time\" content=\"2026-08-31T14:22:58+00:00\" \/>\n<meta property=\"article:modified_time\" content=\"2026-08-31T20:09:26+00:00\" \/>\n<meta property=\"og:image\" content=\"https:\/\/diariotextual.com\/inicio\/wp-content\/uploads\/2025\/04\/lezcanojorgeidentidadperonista2025-1.jpg\" \/>\n\t<meta property=\"og:image:width\" content=\"1000\" \/>\n\t<meta property=\"og:image:height\" content=\"667\" \/>\n\t<meta property=\"og:image:type\" content=\"image\/jpeg\" \/>\n<meta name=\"author\" content=\"Diario1 Diario1\" \/>\n<meta name=\"twitter:card\" content=\"summary_large_image\" \/>\n<meta name=\"twitter:creator\" content=\"@eltextual\" \/>\n<meta name=\"twitter:site\" content=\"@eltextual\" \/>\n<meta name=\"twitter:label1\" content=\"Escrito por\" \/>\n\t<meta name=\"twitter:data1\" content=\"Diario1 Diario1\" \/>\n\t<meta name=\"twitter:label2\" content=\"Tiempo de lectura\" \/>\n\t<meta name=\"twitter:data2\" content=\"4 minutos\" \/>\n<script type=\"application\/ld+json\" class=\"yoast-schema-graph\">{\"@context\":\"https:\\\/\\\/schema.org\",\"@graph\":[{\"@type\":\"Article\",\"@id\":\"https:\\\/\\\/diariotextual.com\\\/inicio\\\/index.php\\\/2026\\\/08\\\/31\\\/lezcano-di-napoli-hoy-reniega-del-mismo-mecanismo-que-lo-llevo-a-la-intendencia\\\/#article\",\"isPartOf\":{\"@id\":\"https:\\\/\\\/diariotextual.com\\\/inicio\\\/index.php\\\/2026\\\/08\\\/31\\\/lezcano-di-napoli-hoy-reniega-del-mismo-mecanismo-que-lo-llevo-a-la-intendencia\\\/\"},\"author\":{\"name\":\"Diario1 Diario1\",\"@id\":\"https:\\\/\\\/diariotextual.com\\\/inicio\\\/#\\\/schema\\\/person\\\/418fc4093c33e86ed41562db3508f958\"},\"headline\":\"Lezcano: \u201cDi N\u00e1poli hoy reniega del mismo mecanismo que lo llev\u00f3 a la intendencia\u201d\",\"datePublished\":\"2026-08-31T14:22:58+00:00\",\"dateModified\":\"2026-08-31T20:09:26+00:00\",\"mainEntityOfPage\":{\"@id\":\"https:\\\/\\\/diariotextual.com\\\/inicio\\\/index.php\\\/2026\\\/08\\\/31\\\/lezcano-di-napoli-hoy-reniega-del-mismo-mecanismo-que-lo-llevo-a-la-intendencia\\\/\"},\"wordCount\":889,\"publisher\":{\"@id\":\"https:\\\/\\\/diariotextual.com\\\/inicio\\\/#organization\"},\"image\":{\"@id\":\"https:\\\/\\\/diariotextual.com\\\/inicio\\\/index.php\\\/2026\\\/08\\\/31\\\/lezcano-di-napoli-hoy-reniega-del-mismo-mecanismo-que-lo-llevo-a-la-intendencia\\\/#primaryimage\"},\"thumbnailUrl\":\"https:\\\/\\\/diariotextual.com\\\/inicio\\\/wp-content\\\/uploads\\\/2025\\\/04\\\/lezcanojorgeidentidadperonista2025-1.jpg\",\"articleSection\":[\"A - PORTADA2\",\"POLITICA\"],\"inLanguage\":\"es\"},{\"@type\":\"WebPage\",\"@id\":\"https:\\\/\\\/diariotextual.com\\\/inicio\\\/index.php\\\/2026\\\/08\\\/31\\\/lezcano-di-napoli-hoy-reniega-del-mismo-mecanismo-que-lo-llevo-a-la-intendencia\\\/\",\"url\":\"https:\\\/\\\/diariotextual.com\\\/inicio\\\/index.php\\\/2026\\\/08\\\/31\\\/lezcano-di-napoli-hoy-reniega-del-mismo-mecanismo-que-lo-llevo-a-la-intendencia\\\/\",\"name\":\"Lezcano: \u201cDi N\u00e1poli hoy reniega del mismo mecanismo que lo llev\u00f3 a la intendencia\u201d - Diario Textual\",\"isPartOf\":{\"@id\":\"https:\\\/\\\/diariotextual.com\\\/inicio\\\/#website\"},\"primaryImageOfPage\":{\"@id\":\"https:\\\/\\\/diariotextual.com\\\/inicio\\\/index.php\\\/2026\\\/08\\\/31\\\/lezcano-di-napoli-hoy-reniega-del-mismo-mecanismo-que-lo-llevo-a-la-intendencia\\\/#primaryimage\"},\"image\":{\"@id\":\"https:\\\/\\\/diariotextual.com\\\/inicio\\\/index.php\\\/2026\\\/08\\\/31\\\/lezcano-di-napoli-hoy-reniega-del-mismo-mecanismo-que-lo-llevo-a-la-intendencia\\\/#primaryimage\"},\"thumbnailUrl\":\"https:\\\/\\\/diariotextual.com\\\/inicio\\\/wp-content\\\/uploads\\\/2025\\\/04\\\/lezcanojorgeidentidadperonista2025-1.jpg\",\"datePublished\":\"2026-08-31T14:22:58+00:00\",\"dateModified\":\"2026-08-31T20:09:26+00:00\",\"breadcrumb\":{\"@id\":\"https:\\\/\\\/diariotextual.com\\\/inicio\\\/index.php\\\/2026\\\/08\\\/31\\\/lezcano-di-napoli-hoy-reniega-del-mismo-mecanismo-que-lo-llevo-a-la-intendencia\\\/#breadcrumb\"},\"inLanguage\":\"es\",\"potentialAction\":[{\"@type\":\"ReadAction\",\"target\":[\"https:\\\/\\\/diariotextual.com\\\/inicio\\\/index.php\\\/2026\\\/08\\\/31\\\/lezcano-di-napoli-hoy-reniega-del-mismo-mecanismo-que-lo-llevo-a-la-intendencia\\\/\"]}]},{\"@type\":\"ImageObject\",\"inLanguage\":\"es\",\"@id\":\"https:\\\/\\\/diariotextual.com\\\/inicio\\\/index.php\\\/2026\\\/08\\\/31\\\/lezcano-di-napoli-hoy-reniega-del-mismo-mecanismo-que-lo-llevo-a-la-intendencia\\\/#primaryimage\",\"url\":\"https:\\\/\\\/diariotextual.com\\\/inicio\\\/wp-content\\\/uploads\\\/2025\\\/04\\\/lezcanojorgeidentidadperonista2025-1.jpg\",\"contentUrl\":\"https:\\\/\\\/diariotextual.com\\\/inicio\\\/wp-content\\\/uploads\\\/2025\\\/04\\\/lezcanojorgeidentidadperonista2025-1.jpg\",\"width\":1000,\"height\":667},{\"@type\":\"BreadcrumbList\",\"@id\":\"https:\\\/\\\/diariotextual.com\\\/inicio\\\/index.php\\\/2026\\\/08\\\/31\\\/lezcano-di-napoli-hoy-reniega-del-mismo-mecanismo-que-lo-llevo-a-la-intendencia\\\/#breadcrumb\",\"itemListElement\":[{\"@type\":\"ListItem\",\"position\":1,\"name\":\"Portada\",\"item\":\"https:\\\/\\\/diariotextual.com\\\/inicio\\\/\"},{\"@type\":\"ListItem\",\"position\":2,\"name\":\"Lezcano: \u201cDi N\u00e1poli hoy reniega del mismo mecanismo que lo llev\u00f3 a la intendencia\u201d\"}]},{\"@type\":\"WebSite\",\"@id\":\"https:\\\/\\\/diariotextual.com\\\/inicio\\\/#website\",\"url\":\"https:\\\/\\\/diariotextual.com\\\/inicio\\\/\",\"name\":\"Diario Textual\",\"description\":\"\",\"publisher\":{\"@id\":\"https:\\\/\\\/diariotextual.com\\\/inicio\\\/#organization\"},\"potentialAction\":[{\"@type\":\"SearchAction\",\"target\":{\"@type\":\"EntryPoint\",\"urlTemplate\":\"https:\\\/\\\/diariotextual.com\\\/inicio\\\/?s={search_term_string}\"},\"query-input\":{\"@type\":\"PropertyValueSpecification\",\"valueRequired\":true,\"valueName\":\"search_term_string\"}}],\"inLanguage\":\"es\"},{\"@type\":\"Organization\",\"@id\":\"https:\\\/\\\/diariotextual.com\\\/inicio\\\/#organization\",\"name\":\"Diario Textual\",\"url\":\"https:\\\/\\\/diariotextual.com\\\/inicio\\\/\",\"logo\":{\"@type\":\"ImageObject\",\"inLanguage\":\"es\",\"@id\":\"https:\\\/\\\/diariotextual.com\\\/inicio\\\/#\\\/schema\\\/logo\\\/image\\\/\",\"url\":\"https:\\\/\\\/diariotextual.com\\\/inicio\\\/wp-content\\\/uploads\\\/2023\\\/05\\\/logotextual1.jpg\",\"contentUrl\":\"https:\\\/\\\/diariotextual.com\\\/inicio\\\/wp-content\\\/uploads\\\/2023\\\/05\\\/logotextual1.jpg\",\"width\":516,\"height\":76,\"caption\":\"Diario Textual\"},\"image\":{\"@id\":\"https:\\\/\\\/diariotextual.com\\\/inicio\\\/#\\\/schema\\\/logo\\\/image\\\/\"},\"sameAs\":[\"https:\\\/\\\/www.facebook.com\\\/eltextual\",\"https:\\\/\\\/x.com\\\/eltextual\",\"http:\\\/\\\/www.instagram.com\\\/eltextual\"]},{\"@type\":\"Person\",\"@id\":\"https:\\\/\\\/diariotextual.com\\\/inicio\\\/#\\\/schema\\\/person\\\/418fc4093c33e86ed41562db3508f958\",\"name\":\"Diario1 Diario1\",\"image\":{\"@type\":\"ImageObject\",\"inLanguage\":\"es\",\"@id\":\"https:\\\/\\\/secure.gravatar.com\\\/avatar\\\/9167d280179c85bc18be67aa7eda765854300033af4896dd779b608640f2ef7a?s=96&d=mm&r=g\",\"url\":\"https:\\\/\\\/secure.gravatar.com\\\/avatar\\\/9167d280179c85bc18be67aa7eda765854300033af4896dd779b608640f2ef7a?s=96&d=mm&r=g\",\"contentUrl\":\"https:\\\/\\\/secure.gravatar.com\\\/avatar\\\/9167d280179c85bc18be67aa7eda765854300033af4896dd779b608640f2ef7a?s=96&d=mm&r=g\",\"caption\":\"Diario1 Diario1\"},\"url\":\"https:\\\/\\\/diariotextual.com\\\/inicio\\\/index.php\\\/author\\\/diario1\\\/\"}]}<\/script>\n<!-- \/ Yoast SEO plugin. -->","yoast_head_json":{"title":"Lezcano: \u201cDi N\u00e1poli hoy reniega del mismo mecanismo que lo llev\u00f3 a la intendencia\u201d - Diario Textual","robots":{"index":"index","follow":"follow","max-snippet":"max-snippet:-1","max-image-preview":"max-image-preview:large","max-video-preview":"max-video-preview:-1"},"canonical":"https:\/\/diariotextual.com\/inicio\/index.php\/2026\/08\/31\/lezcano-di-napoli-hoy-reniega-del-mismo-mecanismo-que-lo-llevo-a-la-intendencia\/","og_locale":"es_ES","og_type":"article","og_title":"Lezcano: \u201cDi N\u00e1poli hoy reniega del mismo mecanismo que lo llev\u00f3 a la intendencia\u201d - Diario Textual","og_description":"El dirigente de Identidad Peronista, Jorge Lezcano, cuestion\u00f3 las declaraciones del intendente de Santa Rosa, Luciano di N\u00e1poli, quien volvi\u00f3 a plantear que pretende ser candidato en 2027, pero advirti\u00f3&hellip;","og_url":"https:\/\/diariotextual.com\/inicio\/index.php\/2026\/08\/31\/lezcano-di-napoli-hoy-reniega-del-mismo-mecanismo-que-lo-llevo-a-la-intendencia\/","og_site_name":"Diario Textual","article_publisher":"https:\/\/www.facebook.com\/eltextual","article_published_time":"2026-08-31T14:22:58+00:00","article_modified_time":"2026-08-31T20:09:26+00:00","og_image":[{"width":1000,"height":667,"url":"https:\/\/diariotextual.com\/inicio\/wp-content\/uploads\/2025\/04\/lezcanojorgeidentidadperonista2025-1.jpg","type":"image\/jpeg"}],"author":"Diario1 Diario1","twitter_card":"summary_large_image","twitter_creator":"@eltextual","twitter_site":"@eltextual","twitter_misc":{"Escrito por":"Diario1 Diario1","Tiempo de lectura":"4 minutos"},"schema":{"@context":"https:\/\/schema.org","@graph":[{"@type":"Article","@id":"https:\/\/diariotextual.com\/inicio\/index.php\/2026\/08\/31\/lezcano-di-napoli-hoy-reniega-del-mismo-mecanismo-que-lo-llevo-a-la-intendencia\/#article","isPartOf":{"@id":"https:\/\/diariotextual.com\/inicio\/index.php\/2026\/08\/31\/lezcano-di-napoli-hoy-reniega-del-mismo-mecanismo-que-lo-llevo-a-la-intendencia\/"},"author":{"name":"Diario1 Diario1","@id":"https:\/\/diariotextual.com\/inicio\/#\/schema\/person\/418fc4093c33e86ed41562db3508f958"},"headline":"Lezcano: \u201cDi N\u00e1poli hoy reniega del mismo mecanismo que lo llev\u00f3 a la intendencia\u201d","datePublished":"2026-08-31T14:22:58+00:00","dateModified":"2026-08-31T20:09:26+00:00","mainEntityOfPage":{"@id":"https:\/\/diariotextual.com\/inicio\/index.php\/2026\/08\/31\/lezcano-di-napoli-hoy-reniega-del-mismo-mecanismo-que-lo-llevo-a-la-intendencia\/"},"wordCount":889,"publisher":{"@id":"https:\/\/diariotextual.com\/inicio\/#organization"},"image":{"@id":"https:\/\/diariotextual.com\/inicio\/index.php\/2026\/08\/31\/lezcano-di-napoli-hoy-reniega-del-mismo-mecanismo-que-lo-llevo-a-la-intendencia\/#primaryimage"},"thumbnailUrl":"https:\/\/diariotextual.com\/inicio\/wp-content\/uploads\/2025\/04\/lezcanojorgeidentidadperonista2025-1.jpg","articleSection":["A - PORTADA2","POLITICA"],"inLanguage":"es"},{"@type":"WebPage","@id":"https:\/\/diariotextual.com\/inicio\/index.php\/2026\/08\/31\/lezcano-di-napoli-hoy-reniega-del-mismo-mecanismo-que-lo-llevo-a-la-intendencia\/","url":"https:\/\/diariotextual.com\/inicio\/index.php\/2026\/08\/31\/lezcano-di-napoli-hoy-reniega-del-mismo-mecanismo-que-lo-llevo-a-la-intendencia\/","name":"Lezcano: \u201cDi N\u00e1poli hoy reniega del mismo mecanismo que lo llev\u00f3 a la intendencia\u201d - Diario Textual","isPartOf":{"@id":"https:\/\/diariotextual.com\/inicio\/#website"},"primaryImageOfPage":{"@id":"https:\/\/diariotextual.com\/inicio\/index.php\/2026\/08\/31\/lezcano-di-napoli-hoy-reniega-del-mismo-mecanismo-que-lo-llevo-a-la-intendencia\/#primaryimage"},"image":{"@id":"https:\/\/diariotextual.com\/inicio\/index.php\/2026\/08\/31\/lezcano-di-napoli-hoy-reniega-del-mismo-mecanismo-que-lo-llevo-a-la-intendencia\/#primaryimage"},"thumbnailUrl":"https:\/\/diariotextual.com\/inicio\/wp-content\/uploads\/2025\/04\/lezcanojorgeidentidadperonista2025-1.jpg","datePublished":"2026-08-31T14:22:58+00:00","dateModified":"2026-08-31T20:09:26+00:00","breadcrumb":{"@id":"https:\/\/diariotextual.com\/inicio\/index.php\/2026\/08\/31\/lezcano-di-napoli-hoy-reniega-del-mismo-mecanismo-que-lo-llevo-a-la-intendencia\/#breadcrumb"},"inLanguage":"es","potentialAction":[{"@type":"ReadAction","target":["https:\/\/diariotextual.com\/inicio\/index.php\/2026\/08\/31\/lezcano-di-napoli-hoy-reniega-del-mismo-mecanismo-que-lo-llevo-a-la-intendencia\/"]}]},{"@type":"ImageObject","inLanguage":"es","@id":"https:\/\/diariotextual.com\/inicio\/index.php\/2026\/08\/31\/lezcano-di-napoli-hoy-reniega-del-mismo-mecanismo-que-lo-llevo-a-la-intendencia\/#primaryimage","url":"https:\/\/diariotextual.com\/inicio\/wp-content\/uploads\/2025\/04\/lezcanojorgeidentidadperonista2025-1.jpg","contentUrl":"https:\/\/diariotextual.com\/inicio\/wp-content\/uploads\/2025\/04\/lezcanojorgeidentidadperonista2025-1.jpg","width":1000,"height":667},{"@type":"BreadcrumbList","@id":"https:\/\/diariotextual.com\/inicio\/index.php\/2026\/08\/31\/lezcano-di-napoli-hoy-reniega-del-mismo-mecanismo-que-lo-llevo-a-la-intendencia\/#breadcrumb","itemListElement":[{"@type":"ListItem","position":1,"name":"Portada","item":"https:\/\/diariotextual.com\/inicio\/"},{"@type":"ListItem","position":2,"name":"Lezcano: \u201cDi N\u00e1poli hoy reniega del mismo mecanismo que lo llev\u00f3 a la intendencia\u201d"}]},{"@type":"WebSite","@id":"https:\/\/diariotextual.com\/inicio\/#website","url":"https:\/\/diariotextual.com\/inicio\/","name":"Diario Textual","description":"","publisher":{"@id":"https:\/\/diariotextual.com\/inicio\/#organization"},"potentialAction":[{"@type":"SearchAction","target":{"@type":"EntryPoint","urlTemplate":"https:\/\/diariotextual.com\/inicio\/?s={search_term_string}"},"query-input":{"@type":"PropertyValueSpecification","valueRequired":true,"valueName":"search_term_string"}}],"inLanguage":"es"},{"@type":"Organization","@id":"https:\/\/diariotextual.com\/inicio\/#organization","name":"Diario Textual","url":"https:\/\/diariotextual.com\/inicio\/","logo":{"@type":"ImageObject","inLanguage":"es","@id":"https:\/\/diariotextual.com\/inicio\/#\/schema\/logo\/image\/","url":"https:\/\/diariotextual.com\/inicio\/wp-content\/uploads\/2023\/05\/logotextual1.jpg","contentUrl":"https:\/\/diariotextual.com\/inicio\/wp-content\/uploads\/2023\/05\/logotextual1.jpg","width":516,"height":76,"caption":"Diario Textual"},"image":{"@id":"https:\/\/diariotextual.com\/inicio\/#\/schema\/logo\/image\/"},"sameAs":["https:\/\/www.facebook.com\/eltextual","https:\/\/x.com\/eltextual","http:\/\/www.instagram.com\/eltextual"]},{"@type":"Person","@id":"https:\/\/diariotextual.com\/inicio\/#\/schema\/person\/418fc4093c33e86ed41562db3508f958","name":"Diario1 Diario1","image":{"@type":"ImageObject","inLanguage":"es","@id":"https:\/\/secure.gravatar.com\/avatar\/9167d280179c85bc18be67aa7eda765854300033af4896dd779b608640f2ef7a?s=96&d=mm&r=g","url":"https:\/\/secure.gravatar.com\/avatar\/9167d280179c85bc18be67aa7eda765854300033af4896dd779b608640f2ef7a?s=96&d=mm&r=g","contentUrl":"https:\/\/secure.gravatar.com\/avatar\/9167d280179c85bc18be67aa7eda765854300033af4896dd779b608640f2ef7a?s=96&d=mm&r=g","caption":"Diario1 Diario1"},"url":"https:\/\/diariotextual.com\/inicio\/index.php\/author\/diario1\/"}]}},"_links":{"self":[{"href":"https:\/\/diariotextual.com\/inicio\/index.php\/wp-json\/wp\/v2\/posts\/334188","targetHints":{"allow":["GET"]}}],"collection":[{"href":"https:\/\/diariotextual.com\/inicio\/index.php\/wp-json\/wp\/v2\/posts"}],"about":[{"href":"https:\/\/diariotextual.com\/inicio\/index.php\/wp-json\/wp\/v2\/types\/post"}],"author":[{"embeddable":true,"href":"https:\/\/diariotextual.com\/inicio\/index.php\/wp-json\/wp\/v2\/users\/3"}],"replies":[{"embeddable":true,"href":"https:\/\/diariotextual.com\/inicio\/index.php\/wp-json\/wp\/v2\/comments?post=334188"}],"version-history":[{"count":3,"href":"https:\/\/diariotextual.com\/inicio\/index.php\/wp-json\/wp\/v2\/posts\/334188\/revisions"}],"predecessor-version":[{"id":334209,"href":"https:\/\/diariotextual.com\/inicio\/index.php\/wp-json\/wp\/v2\/posts\/334188\/revisions\/334209"}],"wp:featuredmedia":[{"embeddable":true,"href":"https:\/\/diariotextual.com\/inicio\/index.php\/wp-json\/wp\/v2\/media\/293891"}],"wp:attachment":[{"href":"https:\/\/diariotextual.com\/inicio\/index.php\/wp-json\/wp\/v2\/media?parent=334188"}],"wp:term":[{"taxonomy":"category","embeddable":true,"href":"https:\/\/diariotextual.com\/inicio\/index.php\/wp-json\/wp\/v2\/categories?post=334188"},{"taxonomy":"post_tag","embeddable":true,"href":"https:\/\/diariotextual.com\/inicio\/index.php\/wp-json\/wp\/v2\/tags?post=334188"}],"curies":[{"name":"wp","href":"https:\/\/api.w.org\/{rel}","templated":true}]}}