{"id":334191,"date":"2026-08-31T12:26:37","date_gmt":"2026-08-31T15:26:37","guid":{"rendered":"https:\/\/diariotextual.com\/inicio\/?p=334191"},"modified":"2026-08-31T16:56:04","modified_gmt":"2026-08-31T19:56:04","slug":"kicillof-y-ziliotto-firmaron-un-acuerdo-para-enfrentar-el-nino-y-reclamaron-los-fondos-manoteados-por-milei","status":"publish","type":"post","link":"https:\/\/diariotextual.com\/inicio\/index.php\/2026\/08\/31\/kicillof-y-ziliotto-firmaron-un-acuerdo-para-enfrentar-el-nino-y-reclamaron-los-fondos-manoteados-por-milei\/","title":{"rendered":"Kicillof y Ziliotto firmaron un acuerdo para enfrentar El Ni\u00f1o y reclamaron los fondos manoteados por Milei"},"content":{"rendered":"\n<p class=\"wp-block-paragraph\">Los gobernadores&nbsp;<strong>Axel Kicillof<\/strong>&nbsp;(Buenos Aires) y&nbsp;<strong>Sergio Ziliotto<\/strong>&nbsp;(La Pampa) firmaron este lunes en&nbsp;<strong>Santa Rosa<\/strong>&nbsp;un convenio por el que se planificar\u00e1n acciones para prevenir y responder a los efectos del fen\u00f3meno clim\u00e1tico&nbsp;<strong>\u201cEl Ni\u00f1o Oscilaci\u00f3n Sur\u201d (ENOS)<\/strong>&nbsp;y reclamar en conjunto al Gobierno de&nbsp;<strong>Javier Milei<\/strong>&nbsp;que destine recursos a obras financiadas por el&nbsp;<strong>Fondo Fiduciario de Infraestructura H\u00eddrica<\/strong>. Adem\u00e1s, avanzaron en pol\u00edticas sociales, salud, turismo, seguridad y banca p\u00fablica, y prorrogaron por otros dos a\u00f1os el marco de colaboraci\u00f3n vigente desde 2024.<\/p>\n\n\n\n<p class=\"wp-block-paragraph\">La agenda de Kicillof con Ziliotto tuvo, adem\u00e1s, una&nbsp;<strong>clave pol\u00edtica<\/strong>, en medio de su posicionamiento para la carrera presidencial de 2027.<\/p>\n\n\n\n<p class=\"wp-block-paragraph\">El encuentro se desarroll\u00f3 en el Sal\u00f3n de Acuerdos de Casa de Gobierno. Ziliotto y Kicillof ratificaron la continuidad del <strong>Convenio Marco de Colaboraci\u00f3n<\/strong>, suscrito el 28 de junio de 2024, y avanzaron con acuerdos espec\u00edficos en desarrollo social, salud, turismo, seguridad y cooperaci\u00f3n entre los bancos p\u00fablicos de ambas jurisdicciones.<\/p>\n\n\n\n<p class=\"wp-block-paragraph\">El acuerdo marco, que fue prorrogado por otros <strong>24 meses<\/strong>, establece mecanismos de colaboraci\u00f3n, cooperaci\u00f3n y asistencia rec\u00edproca en \u00e1reas como gobierno, seguridad, salud, educaci\u00f3n, formaci\u00f3n y capacitaci\u00f3n, ciencia y tecnolog\u00eda, gobierno digital, conectividad y modernizaci\u00f3n.<\/p>\n\n\n\n<p class=\"wp-block-paragraph\">Ziliotto destac\u00f3 que los convenios ratifican institucionalmente una modalidad de trabajo que ambas provincias vienen sosteniendo desde hace dos a\u00f1os. \u201cAs\u00ed entendemos lo que defendemos del federalismo. El pa\u00eds es un todo y todos tenemos que luchar por un objetivo com\u00fan, un desarrollo arm\u00f3nico en cada rinc\u00f3n de nuestra querida Rep\u00fablica Argentina\u201d, afirm\u00f3.<\/p>\n\n\n\n<p class=\"wp-block-paragraph\">Kicillof coincidi\u00f3 en que los acuerdos no representan el inicio de la cooperaci\u00f3n, sino que formalizan acciones que ya se encuentran en marcha. \u201cEsto es la coronaci\u00f3n de un trabajo previo, no es el inicio, simplemente le estamos dando este marco\u201d, sostuvo.<\/p>\n\n\n\n<div style=\"height:100px\" aria-hidden=\"true\" class=\"wp-block-spacer\"><\/div>\n\n\n\n<p class=\"wp-block-paragraph\"><\/p>\n\n\n\n<p class=\"wp-block-paragraph\"><strong>Ziliotto: \u201cPodemos estar ante una crisis y en una crisis nadie se salva solo\u201d<\/strong><\/p>\n\n\n\n<p class=\"wp-block-paragraph\">Ziliotto destac\u00f3 que el acuerdo por la emergencia h\u00eddrica ratifica una modalidad de trabajo que La Pampa y Buenos Aires vienen desarrollando desde el comienzo de sus gestiones y la vincul\u00f3 directamente con una concepci\u00f3n federal del pa\u00eds. \u201cAs\u00ed entendemos lo que defendemos del federalismo. El pa\u00eds es un todo y todos tenemos que luchar por un objetivo com\u00fan, un desarrollo arm\u00f3nico en cada rinc\u00f3n de nuestra querida Rep\u00fablica Argentina\u201d, afirm\u00f3.<\/p>\n\n\n\n<p class=\"wp-block-paragraph\"><br>El gobernador se\u00f1al\u00f3 que frente al cambio clim\u00e1tico ambas provincias decidieron \u201chacerse cargo\u201d y convertir la prevenci\u00f3n en una pol\u00edtica de Estado. En ese sentido, destac\u00f3 el trabajo de las cinco jurisdicciones que integran el el Comit\u00e9 Interjurisdiccional de la Regi\u00f3n H\u00eddrica del Noroeste de la Llanura Pampeana (CIRHNOP) confirm\u00f3 que ya se avanz\u00f3 en la planificaci\u00f3n de un sistema de alerta temprana que permitir\u00e1 conocer la cantidad de agua que ingresa a la cuenca y mejorar su administraci\u00f3n.<\/p>\n\n\n\n<p class=\"wp-block-paragraph\"><br>Record\u00f3 adem\u00e1s experiencias anteriores de crecidas del r\u00edo Quinto y se\u00f1al\u00f3 que actualmente existe un escenario diferente por las obras realizadas y la decisi\u00f3n pol\u00edtica de trabajar coordinadamente con Buenos Aires.<\/p>\n\n\n\n<p class=\"wp-block-paragraph\"><br>\u201cYa estamos trabajando los equipos para empezar a pensar en obras permanentes. No solo alcantarillas, sino tambi\u00e9n puentes de hormig\u00f3n que nos permitan trabajar con infraestructura permanente\u201d, adelant\u00f3.<\/p>\n\n\n\n<p class=\"wp-block-paragraph\"><br>Ziliotto record\u00f3 que esa coordinaci\u00f3n ya tuvo una aplicaci\u00f3n concreta a fines del a\u00f1o pasado, cuando fue necesario ampliar la capacidad de trasvase de las aguas del noreste pampeano hacia el noroeste bonaerense, \u201ctratando de que se anegara la menor cantidad del sector productivo de la provincia de La Pampa\u201d. En ese sentido, valor\u00f3 \u201cla muy buena predisposici\u00f3n de la provincia de Buenos Aires\u201d para administrar conjuntamente situaciones que, por las caracter\u00edsticas de la cuenca, necesariamente involucran a ambas jurisdicciones.<\/p>\n\n\n\n<p class=\"wp-block-paragraph\"><br>El Gobernador contrast\u00f3 la situaci\u00f3n actual con lo ocurrido durante anteriores grandes crecidas del r\u00edo Quinto. \u201cAcu\u00e9rdense lo que reneg\u00f3 Carlos Verna con el Gobierno en ese momento de la provincia de Buenos Aires, que la \u00fanica acci\u00f3n que ten\u00edan prevista era taponar el libre escurrimiento de las aguas. Hoy no pasa en la provincia de Buenos Aires. \u00bfPor qu\u00e9? Porque ha habido obras\u201d, afirm\u00f3. Ziliotto destac\u00f3 que las obras realizadas y la actual coordinaci\u00f3n entre ambas provincias permiten avanzar hacia una planificaci\u00f3n preventiva y permanente frente a futuros excedentes h\u00eddricos.<\/p>\n\n\n\n<p class=\"wp-block-paragraph\"><br>El mandatario pampeano indic\u00f3 que actualmente Intendente Alvear se encuentra en emergencia h\u00eddrica y advirti\u00f3 que una eventual crecida del r\u00edo Quinto, combinada con precipitaciones intensas y una menor capacidad de absorci\u00f3n de los suelos, podr\u00eda generar un escenario complejo si no existiera planificaci\u00f3n previa.<\/p>\n\n\n\n<p class=\"wp-block-paragraph\"><br>Por esa raz\u00f3n, destac\u00f3 la incorporaci\u00f3n de los municipios y del sector productivo al esquema preventivo. \u201cEsto no es a favor de ning\u00fan partido pol\u00edtico, es en defensa de la gente y de la producci\u00f3n de La Pampa\u201d, afirm\u00f3. Adem\u00e1s, anticip\u00f3 que la pr\u00f3xima instancia de trabajo en la Provincia ser\u00e1 con representantes del sector productivo y nacional.<\/p>\n\n\n\n<p class=\"wp-block-paragraph\"><br>Tambi\u00e9n reclam\u00f3 la participaci\u00f3n del Gobierno nacional y la disponibilidad de los recursos espec\u00edficamente recaudados para infraestructura h\u00eddrica. \u201cSe prev\u00e9n fen\u00f3menos severos, de corta duraci\u00f3n y de fuerte intensidad\u201d, advirti\u00f3.<\/p>\n\n\n\n<p class=\"wp-block-paragraph\"><br>Ziliotto sostuvo que La Pampa continuar\u00e1 destinando sus recursos y capacidades a las acciones preventivas, pero remarc\u00f3 la necesidad de contar con el acompa\u00f1amiento nacional ante la magnitud del escenario previsto. \u201cPodemos estar ante una crisis y una crisis nadie se salva solo\u201d, sintetiz\u00f3.<\/p>\n\n\n\n<div style=\"height:100px\" aria-hidden=\"true\" class=\"wp-block-spacer\"><\/div>\n\n\n\n<p class=\"wp-block-paragraph\"><br><br><strong>Kicillof: mayor intensidad de lluvias sobre suelos con m\u00e1s humedad<\/strong><\/p>\n\n\n\n<p class=\"wp-block-paragraph\">Kicillof coincidi\u00f3 en la necesidad de anticiparse al escenario clim\u00e1tico y advirti\u00f3 que los pron\u00f3sticos indican precipitaciones de mayor frecuencia e intensidad en un contexto en el que los suelos ya presentan niveles elevados de humedad. \u201cEsto puede generar graves problemas de inundaciones\u201d, se\u00f1al\u00f3 el mandatario bonaerense, quien remarc\u00f3 que ambas provincias est\u00e1n actuando con sus propios recursos y ejecutando obras frente a la interrupci\u00f3n de la infraestructura que correspond\u00eda al Gobierno nacional.<\/p>\n\n\n\n<p class=\"wp-block-paragraph\"><br>Kicillof sostuvo que la cooperaci\u00f3n entre La Pampa y Buenos Aires se profundiz\u00f3 frente a ese escenario y destac\u00f3 que el convenio no constituye el inicio de las acciones sino la institucionalizaci\u00f3n de un trabajo que ya vienen desarrollando los equipos de ambas jurisdicciones.<\/p>\n\n\n\n<p class=\"wp-block-paragraph\"><br>\u201cEsto es la coronaci\u00f3n de un trabajo previo, no es el inicio, simplemente le estamos dando este marco\u201d, explic\u00f3.<br>El gobernador bonaerense vincul\u00f3 esa cooperaci\u00f3n con la defensa del federalismo. \u201cSe ha intensificado el trabajo entre las provincias de manera permanente, bilateral y en diferentes \u00e1reas\u201d, afirm\u00f3 y consider\u00f3 que ese es el camino para \u201chonrar un principio fundante de nuestro pa\u00eds, que es el federalismo\u201d.<\/p>\n\n\n\n<div style=\"height:100px\" aria-hidden=\"true\" class=\"wp-block-spacer\"><\/div>\n\n\n\n<p class=\"wp-block-paragraph\"><br><br><strong>Un sistema com\u00fan de monitoreo<\/strong><\/p>\n\n\n\n<p class=\"wp-block-paragraph\">El secretario de Recursos H\u00eddricos de La Pampa, Jos\u00e9 Gobbi, explic\u00f3 que ambas provincias comparten las cuencas de los r\u00edos Colorado y Quinto. \u201cAnte las proyecciones de un fen\u00f3meno de El Ni\u00f1o de intensidad severa, la mejor prescripci\u00f3n es prepararnos, abordar y planificar las respuestas en forma coordinada\u201d, dijo.<\/p>\n\n\n\n<p class=\"wp-block-paragraph\"><br>\u201cEl agua no conoce de l\u00edmites administrativos, entonces la mejor respuesta es una en la cual ambas jurisdicciones planifiquemos en conjunto\u201d, se\u00f1al\u00f3.<\/p>\n\n\n\n<p class=\"wp-block-paragraph\"><br>Gobbi precis\u00f3 que el trabajo incluye el escurrimiento del r\u00edo Quinto, el Bajo de B\u00e1rbulo -frente a Quem\u00fa Quem\u00fa- y la coordinaci\u00f3n ante eventuales excedentes provenientes del \u00e1rea de amortiguamiento de los Daneses.<\/p>\n\n\n\n<p class=\"wp-block-paragraph\">Adem\u00e1s, se\u00f1al\u00f3 que el convenio institucionaliza un trabajo iniciado meses atr\u00e1s y que ambas provincias ya avanzan en medidas coordinadas para estructurar un sistema de alerta temprana que permita disminuir los potenciales da\u00f1os.<\/p>\n\n\n\n<div style=\"height:100px\" aria-hidden=\"true\" class=\"wp-block-spacer\"><\/div>\n\n\n\n<p class=\"wp-block-paragraph\"><br><br><strong>Reclamo por $290.000 millones del Fondo H\u00eddrico<\/strong><\/p>\n\n\n\n<p class=\"wp-block-paragraph\">El ministro de Infraestructura y Servicios P\u00fablicos bonaerense, Gabriel Katopodis, explic\u00f3 que uno de los avances concretos ser\u00e1 integrar el monitoreo de ambas provincias.<\/p>\n\n\n\n<p class=\"wp-block-paragraph\"><br>\u201cEl objetivo es mejorar el sistema de monitoreo, poder medir y coordinar las estaciones meteorol\u00f3gicas en un \u00fanico visor que ser\u00e1 utilizado por ambas provincias\u201d, precis\u00f3. El acuerdo tambi\u00e9n permitir\u00e1 coordinar la prevenci\u00f3n y el manejo de los excedentes de agua.<\/p>\n\n\n\n<p class=\"wp-block-paragraph\"><br>Katopodis reclam\u00f3, adem\u00e1s, que el Gobierno nacional utilice los recursos del Fondo H\u00eddrico para el destino establecido legalmente. Seg\u00fan indic\u00f3, actualmente dispone de $290.000 millones que deber\u00edan traducirse en infraestructura preventiva en las provincias.<\/p>\n\n\n\n<p class=\"wp-block-paragraph\"><br>Kicillof se sum\u00f3 al planteo y remarc\u00f3 que se trata de recursos que la poblaci\u00f3n ya aporta mediante los impuestos incluidos, entre otros conceptos, en los combustibles. \u201cLo pagamos, pero despu\u00e9s no vuelve\u201d, cuestion\u00f3.<\/p>\n\n\n\n<p class=\"wp-block-paragraph\">Ziliotto, por su parte, expres\u00f3 su expectativa de que Naci\u00f3n acompa\u00f1e con esos recursos el trabajo de las cinco provincias que integran el CIRHNOP.<\/p>\n\n\n\n<p class=\"wp-block-paragraph\"><br>Del encuentro participaron ministros y funcionarios de los gobiernos de La Pampa y Buenos Aires, legisladores nacionales y provinciales, intendentes pampeanos y otras autoridades de ambas jurisdicciones.<\/p>\n\n\n\n<div style=\"height:100px\" aria-hidden=\"true\" class=\"wp-block-spacer\"><\/div>\n\n\n\n<p class=\"wp-block-paragraph\"><strong>La experiencia pampeana de Pilqu\u00e9n llega a Buenos Aires<\/strong><\/p>\n\n\n\n<p class=\"wp-block-paragraph\">Uno de los convenios permitir\u00e1 transferir a <strong>Buenos Aires<\/strong> la experiencia desarrollada por <strong>La Pampa<\/strong> con el <strong>Sistema Pilqu\u00e9n<\/strong>, herramienta utilizada para registrar, gestionar y sistematizar informaci\u00f3n destinada al dise\u00f1o, ejecuci\u00f3n, seguimiento y evaluaci\u00f3n de las pol\u00edticas sociales.<\/p>\n\n\n\n<p class=\"wp-block-paragraph\">A partir del acuerdo, el <strong>Ministerio de Desarrollo Social y Derechos Humanos de La Pampa<\/strong> brindar\u00e1 asistencia t\u00e9cnica, asesoramiento y capacitaci\u00f3n al <strong>Ministerio de Desarrollo de la Comunidad bonaerense<\/strong> sobre el funcionamiento operativo, l\u00f3gico y metodol\u00f3gico del sistema.<\/p>\n\n\n\n<p class=\"wp-block-paragraph\">La transferencia permitir\u00e1 que la experiencia pampeana funcione como modelo de referencia para que Buenos Aires pueda desarrollar de manera aut\u00f3noma su propia herramienta inform\u00e1tica de gesti\u00f3n de pol\u00edticas p\u00fablicas.<\/p>\n\n\n\n<p class=\"wp-block-paragraph\">Kicillof destac\u00f3 especialmente este acuerdo y record\u00f3 que Pilqu\u00e9n fue desarrollado en La Pampa cuando Ziliotto se encontraba al frente del \u00e1rea social provincial. \u201cLa Pampa lo invent\u00f3, lo aplica, Buenos Aires lo adopta\u201d, sintetiz\u00f3 el mandatario bonaerense.<\/p>\n\n\n\n<figure class=\"wp-block-embed is-type-wp-embed is-provider-diario-textual wp-block-embed-diario-textual\"><div class=\"wp-block-embed__wrapper\">\n<blockquote class=\"wp-embedded-content\" data-secret=\"0po82MRYw8\"><a href=\"https:\/\/diariotextual.com\/inicio\/index.php\/2026\/08\/31\/los-elogios-de-kicillof-a-ziliotto-es-uno-de-los-mas-grandes-especialistas-sobre-la-coparticipacion\/\">Los elogios de Kicillof a Ziliotto: \u201cEs uno de los m\u00e1s grandes especialistas sobre la coparticipaci\u00f3n\u201d<\/a><\/blockquote><iframe class=\"wp-embedded-content\" sandbox=\"allow-scripts\" security=\"restricted\" style=\"position: absolute; visibility: hidden;\" title=\"\u00abLos elogios de Kicillof a Ziliotto: \u201cEs uno de los m\u00e1s grandes especialistas sobre la coparticipaci\u00f3n\u201d\u00bb \u2014 Diario Textual\" src=\"https:\/\/diariotextual.com\/inicio\/index.php\/2026\/08\/31\/los-elogios-de-kicillof-a-ziliotto-es-uno-de-los-mas-grandes-especialistas-sobre-la-coparticipacion\/embed\/#?secret=Vd3U4iLCUf#?secret=0po82MRYw8\" data-secret=\"0po82MRYw8\" width=\"600\" height=\"338\" frameborder=\"0\" marginwidth=\"0\" marginheight=\"0\" scrolling=\"no\"><\/iframe>\n<\/div><\/figure>\n\n\n\n<p class=\"wp-block-paragraph\"><\/p>\n\n\n\n<div style=\"height:100px\" aria-hidden=\"true\" class=\"wp-block-spacer\"><\/div>\n\n\n\n<p class=\"wp-block-paragraph\"><strong>Cooperaci\u00f3n entre los bancos p\u00fablicos<\/strong><\/p>\n\n\n\n<p class=\"wp-block-paragraph\">El <strong>Banco de La Pampa<\/strong> y el <strong>Banco de la Provincia de Buenos Aires<\/strong> suscribieron, adem\u00e1s, un Convenio Marco de Colaboraci\u00f3n y Cooperaci\u00f3n Institucional para intercambiar conocimientos, experiencias, metodolog\u00edas, herramientas de gesti\u00f3n, procesos operativos y buenas pr\u00e1cticas.<\/p>\n\n\n\n<p class=\"wp-block-paragraph\">Kicillof reivindic\u00f3 el papel que ambas entidades cumplen en el actual contexto econ\u00f3mico y defini\u00f3 a la banca p\u00fablica como \u201cun instrumento de desarrollo\u201d y una herramienta para intervenir frente a las dificultades que atraviesan familias y empresas.<\/p>\n\n\n\n<p class=\"wp-block-paragraph\">El gobernador bonaerense destac\u00f3 que tanto el Banco de La Pampa como el Banco Provincia constituyen \u201cdos redes de contenci\u00f3n fundamentales\u201d frente a la ca\u00edda del consumo y las dificultades de la actividad econ\u00f3mica.<\/p>\n\n\n\n<p class=\"wp-block-paragraph\">El convenio contempla intercambio de informaci\u00f3n y experiencias, innovaci\u00f3n y estudios comparativos que permitir\u00e1n fortalecer las capacidades de ambas instituciones financieras p\u00fablicas.<\/p>\n\n\n\n<div style=\"height:100px\" aria-hidden=\"true\" class=\"wp-block-spacer\"><\/div>\n\n\n\n<p class=\"wp-block-paragraph\"><strong>Trabajo conjunto en seguridad<\/strong><\/p>\n\n\n\n<p class=\"wp-block-paragraph\">La agenda incluy\u00f3 tambi\u00e9n la pr\u00f3rroga por otros <strong>24 meses<\/strong> del convenio espec\u00edfico de colaboraci\u00f3n entre el <strong>Ministerio de Seguridad y Justicia de La Pampa<\/strong> y el <strong>Ministerio de Seguridad bonaerense<\/strong>.<\/p>\n\n\n\n<p class=\"wp-block-paragraph\">Ziliotto destac\u00f3 particularmente los resultados alcanzados en la lucha contra el delito rural y record\u00f3 el trabajo realizado en territorio pampeano con equipamiento tecnol\u00f3gico aportado por Buenos Aires.<\/p>\n\n\n\n<p class=\"wp-block-paragraph\">Kicillof explic\u00f3 que la cooperaci\u00f3n permite superar las dificultades que genera el l\u00edmite jurisdiccional cuando un delito cometido en una provincia contin\u00faa en territorio de la otra. Entre las herramientas compartidas se mencion\u00f3 el uso de drones de gran capacidad, capacitaci\u00f3n y mecanismos espec\u00edficos para combatir los delitos rurales.<\/p>\n\n\n\n<div style=\"height:100px\" aria-hidden=\"true\" class=\"wp-block-spacer\"><\/div>\n\n\n\n<p class=\"wp-block-paragraph\"><strong>Salud: emergencias y salud mental<\/strong><\/p>\n\n\n\n<p class=\"wp-block-paragraph\">Los ministerios de Salud de ambas provincias firmaron dos protocolos adicionales. El primero establece un marco de cooperaci\u00f3n t\u00e9cnica y de investigaci\u00f3n para brindar respuestas inmediatas y coordinadas frente a emergencias sanitarias que puedan afectar a ambas jurisdicciones.<\/p>\n\n\n\n<p class=\"wp-block-paragraph\">Comprende capacitaciones e intercambio de conocimientos, modelos de planes de respuesta del sector Salud, protocolos de <strong>Evaluaci\u00f3n de Da\u00f1os y An\u00e1lisis de Necesidades en Salud (EDAN)<\/strong>, Centros de Operaciones de Emergencia y Comit\u00e9s Hospitalarios de Emergencia, adem\u00e1s de la elaboraci\u00f3n conjunta de gu\u00edas y documentos.<\/p>\n\n\n\n<p class=\"wp-block-paragraph\">El segundo acuerdo apunta a profundizar la cooperaci\u00f3n en salud mental mediante procesos de formaci\u00f3n para trabajadores y trabajadoras, intercambios entre ambas provincias y asistencia t\u00e9cnica para fortalecer un modelo de atenci\u00f3n con base comunitaria.<\/p>\n\n\n\n<p class=\"wp-block-paragraph\">Tambi\u00e9n contempla un banco de rotaci\u00f3n para residencias en salud mental y la articulaci\u00f3n entre efectores sanitarios pr\u00f3ximos territorialmente para facilitar el acceso de la poblaci\u00f3n y mejorar la integraci\u00f3n de los sistemas de cuidado.<\/p>\n\n\n\n<div style=\"height:100px\" aria-hidden=\"true\" class=\"wp-block-spacer\"><\/div>\n\n\n\n<p class=\"wp-block-paragraph\"><strong>Turismo<\/strong><\/p>\n\n\n\n<p class=\"wp-block-paragraph\">En materia tur\u00edstica, La Pampa y Buenos Aires acordaron desarrollar planes de actuaci\u00f3n conjunta, promover la coordinaci\u00f3n entre organismos municipales y regionales y generar nuevos espacios de cooperaci\u00f3n.<\/p>\n\n\n\n<p class=\"wp-block-paragraph\">El convenio contempla adem\u00e1s acciones de capacitaci\u00f3n y asistencia rec\u00edproca y la planificaci\u00f3n del desarrollo tur\u00edstico desde una perspectiva complementaria.<\/p>\n\n\n\n<p class=\"wp-block-paragraph\">Kicillof se\u00f1al\u00f3 que Buenos Aires viene desarrollando experiencias de promoci\u00f3n conjunta con otras provincias y destac\u00f3 particularmente las posibilidades de convertir fiestas locales y populares en herramientas para incrementar la actividad tur\u00edstica.<\/p>\n\n\n\n<p class=\"wp-block-paragraph\"><\/p>\n\n\n\n<p class=\"wp-block-paragraph\"><\/p>\n","protected":false},"excerpt":{"rendered":"<p>Los gobernadores&nbsp;Axel Kicillof&nbsp;(Buenos Aires) y&nbsp;Sergio Ziliotto&nbsp;(La Pampa) firmaron este lunes en&nbsp;Santa Rosa&nbsp;un convenio por el que se planificar\u00e1n acciones para prevenir y responder a los efectos del fen\u00f3meno clim\u00e1tico&nbsp;\u201cEl Ni\u00f1o&hellip;<\/p>\n","protected":false},"author":3,"featured_media":334192,"comment_status":"closed","ping_status":"open","sticky":false,"template":"","format":"standard","meta":{"_acf_changed":false,"footnotes":""},"categories":[9,8],"tags":[],"class_list":["post-334191","post","type-post","status-publish","format-standard","has-post-thumbnail","hentry","category-portada","category-politica"],"acf":[],"yoast_head":"<!-- This site is optimized with the Yoast SEO plugin v28.3 - https:\/\/yoast.com\/product\/yoast-seo-wordpress\/ -->\n<title>Kicillof y Ziliotto firmaron un acuerdo para enfrentar El Ni\u00f1o y reclamaron los fondos manoteados por Milei - Diario Textual<\/title>\n<meta name=\"robots\" content=\"index, follow, max-snippet:-1, max-image-preview:large, max-video-preview:-1\" \/>\n<link rel=\"canonical\" href=\"https:\/\/diariotextual.com\/inicio\/index.php\/2026\/08\/31\/kicillof-y-ziliotto-firmaron-un-acuerdo-para-enfrentar-el-nino-y-reclamaron-los-fondos-manoteados-por-milei\/\" \/>\n<meta property=\"og:locale\" content=\"es_ES\" \/>\n<meta property=\"og:type\" content=\"article\" \/>\n<meta property=\"og:title\" content=\"Kicillof y Ziliotto firmaron un acuerdo para enfrentar El Ni\u00f1o y reclamaron los fondos manoteados por Milei - Diario Textual\" \/>\n<meta property=\"og:description\" content=\"Los gobernadores&nbsp;Axel Kicillof&nbsp;(Buenos Aires) y&nbsp;Sergio Ziliotto&nbsp;(La Pampa) firmaron este lunes en&nbsp;Santa Rosa&nbsp;un convenio por el que se planificar\u00e1n acciones para prevenir y responder a los efectos del fen\u00f3meno clim\u00e1tico&nbsp;\u201cEl Ni\u00f1o&hellip;\" \/>\n<meta property=\"og:url\" content=\"https:\/\/diariotextual.com\/inicio\/index.php\/2026\/08\/31\/kicillof-y-ziliotto-firmaron-un-acuerdo-para-enfrentar-el-nino-y-reclamaron-los-fondos-manoteados-por-milei\/\" \/>\n<meta property=\"og:site_name\" content=\"Diario Textual\" \/>\n<meta property=\"article:publisher\" content=\"https:\/\/www.facebook.com\/eltextual\" \/>\n<meta property=\"article:published_time\" content=\"2026-08-31T15:26:37+00:00\" \/>\n<meta property=\"article:modified_time\" content=\"2026-08-31T19:56:04+00:00\" \/>\n<meta property=\"og:image\" content=\"https:\/\/diariotextual.com\/inicio\/wp-content\/uploads\/2026\/08\/ziliottosergiokicillofaxel2026-70.jpg\" \/>\n\t<meta property=\"og:image:width\" content=\"1300\" \/>\n\t<meta property=\"og:image:height\" content=\"738\" \/>\n\t<meta property=\"og:image:type\" content=\"image\/jpeg\" \/>\n<meta name=\"author\" content=\"Diario1 Diario1\" \/>\n<meta name=\"twitter:card\" content=\"summary_large_image\" \/>\n<meta name=\"twitter:creator\" content=\"@eltextual\" \/>\n<meta name=\"twitter:site\" content=\"@eltextual\" \/>\n<meta name=\"twitter:label1\" content=\"Escrito por\" \/>\n\t<meta name=\"twitter:data1\" content=\"Diario1 Diario1\" \/>\n\t<meta name=\"twitter:label2\" content=\"Tiempo de lectura\" \/>\n\t<meta name=\"twitter:data2\" content=\"10 minutos\" \/>\n<script type=\"application\/ld+json\" class=\"yoast-schema-graph\">{\"@context\":\"https:\\\/\\\/schema.org\",\"@graph\":[{\"@type\":\"Article\",\"@id\":\"https:\\\/\\\/diariotextual.com\\\/inicio\\\/index.php\\\/2026\\\/08\\\/31\\\/kicillof-y-ziliotto-firmaron-un-acuerdo-para-enfrentar-el-nino-y-reclamaron-los-fondos-manoteados-por-milei\\\/#article\",\"isPartOf\":{\"@id\":\"https:\\\/\\\/diariotextual.com\\\/inicio\\\/index.php\\\/2026\\\/08\\\/31\\\/kicillof-y-ziliotto-firmaron-un-acuerdo-para-enfrentar-el-nino-y-reclamaron-los-fondos-manoteados-por-milei\\\/\"},\"author\":{\"name\":\"Diario1 Diario1\",\"@id\":\"https:\\\/\\\/diariotextual.com\\\/inicio\\\/#\\\/schema\\\/person\\\/418fc4093c33e86ed41562db3508f958\"},\"headline\":\"Kicillof y Ziliotto firmaron un acuerdo para enfrentar El Ni\u00f1o y reclamaron los fondos manoteados por Milei\",\"datePublished\":\"2026-08-31T15:26:37+00:00\",\"dateModified\":\"2026-08-31T19:56:04+00:00\",\"mainEntityOfPage\":{\"@id\":\"https:\\\/\\\/diariotextual.com\\\/inicio\\\/index.php\\\/2026\\\/08\\\/31\\\/kicillof-y-ziliotto-firmaron-un-acuerdo-para-enfrentar-el-nino-y-reclamaron-los-fondos-manoteados-por-milei\\\/\"},\"wordCount\":2263,\"publisher\":{\"@id\":\"https:\\\/\\\/diariotextual.com\\\/inicio\\\/#organization\"},\"image\":{\"@id\":\"https:\\\/\\\/diariotextual.com\\\/inicio\\\/index.php\\\/2026\\\/08\\\/31\\\/kicillof-y-ziliotto-firmaron-un-acuerdo-para-enfrentar-el-nino-y-reclamaron-los-fondos-manoteados-por-milei\\\/#primaryimage\"},\"thumbnailUrl\":\"https:\\\/\\\/diariotextual.com\\\/inicio\\\/wp-content\\\/uploads\\\/2026\\\/08\\\/ziliottosergiokicillofaxel2026-70.jpg\",\"articleSection\":[\"A - PORTADA\",\"POLITICA\"],\"inLanguage\":\"es\"},{\"@type\":\"WebPage\",\"@id\":\"https:\\\/\\\/diariotextual.com\\\/inicio\\\/index.php\\\/2026\\\/08\\\/31\\\/kicillof-y-ziliotto-firmaron-un-acuerdo-para-enfrentar-el-nino-y-reclamaron-los-fondos-manoteados-por-milei\\\/\",\"url\":\"https:\\\/\\\/diariotextual.com\\\/inicio\\\/index.php\\\/2026\\\/08\\\/31\\\/kicillof-y-ziliotto-firmaron-un-acuerdo-para-enfrentar-el-nino-y-reclamaron-los-fondos-manoteados-por-milei\\\/\",\"name\":\"Kicillof y Ziliotto firmaron un acuerdo para enfrentar El Ni\u00f1o y reclamaron los fondos manoteados por Milei - Diario Textual\",\"isPartOf\":{\"@id\":\"https:\\\/\\\/diariotextual.com\\\/inicio\\\/#website\"},\"primaryImageOfPage\":{\"@id\":\"https:\\\/\\\/diariotextual.com\\\/inicio\\\/index.php\\\/2026\\\/08\\\/31\\\/kicillof-y-ziliotto-firmaron-un-acuerdo-para-enfrentar-el-nino-y-reclamaron-los-fondos-manoteados-por-milei\\\/#primaryimage\"},\"image\":{\"@id\":\"https:\\\/\\\/diariotextual.com\\\/inicio\\\/index.php\\\/2026\\\/08\\\/31\\\/kicillof-y-ziliotto-firmaron-un-acuerdo-para-enfrentar-el-nino-y-reclamaron-los-fondos-manoteados-por-milei\\\/#primaryimage\"},\"thumbnailUrl\":\"https:\\\/\\\/diariotextual.com\\\/inicio\\\/wp-content\\\/uploads\\\/2026\\\/08\\\/ziliottosergiokicillofaxel2026-70.jpg\",\"datePublished\":\"2026-08-31T15:26:37+00:00\",\"dateModified\":\"2026-08-31T19:56:04+00:00\",\"breadcrumb\":{\"@id\":\"https:\\\/\\\/diariotextual.com\\\/inicio\\\/index.php\\\/2026\\\/08\\\/31\\\/kicillof-y-ziliotto-firmaron-un-acuerdo-para-enfrentar-el-nino-y-reclamaron-los-fondos-manoteados-por-milei\\\/#breadcrumb\"},\"inLanguage\":\"es\",\"potentialAction\":[{\"@type\":\"ReadAction\",\"target\":[\"https:\\\/\\\/diariotextual.com\\\/inicio\\\/index.php\\\/2026\\\/08\\\/31\\\/kicillof-y-ziliotto-firmaron-un-acuerdo-para-enfrentar-el-nino-y-reclamaron-los-fondos-manoteados-por-milei\\\/\"]}]},{\"@type\":\"ImageObject\",\"inLanguage\":\"es\",\"@id\":\"https:\\\/\\\/diariotextual.com\\\/inicio\\\/index.php\\\/2026\\\/08\\\/31\\\/kicillof-y-ziliotto-firmaron-un-acuerdo-para-enfrentar-el-nino-y-reclamaron-los-fondos-manoteados-por-milei\\\/#primaryimage\",\"url\":\"https:\\\/\\\/diariotextual.com\\\/inicio\\\/wp-content\\\/uploads\\\/2026\\\/08\\\/ziliottosergiokicillofaxel2026-70.jpg\",\"contentUrl\":\"https:\\\/\\\/diariotextual.com\\\/inicio\\\/wp-content\\\/uploads\\\/2026\\\/08\\\/ziliottosergiokicillofaxel2026-70.jpg\",\"width\":1300,\"height\":738},{\"@type\":\"BreadcrumbList\",\"@id\":\"https:\\\/\\\/diariotextual.com\\\/inicio\\\/index.php\\\/2026\\\/08\\\/31\\\/kicillof-y-ziliotto-firmaron-un-acuerdo-para-enfrentar-el-nino-y-reclamaron-los-fondos-manoteados-por-milei\\\/#breadcrumb\",\"itemListElement\":[{\"@type\":\"ListItem\",\"position\":1,\"name\":\"Portada\",\"item\":\"https:\\\/\\\/diariotextual.com\\\/inicio\\\/\"},{\"@type\":\"ListItem\",\"position\":2,\"name\":\"Kicillof y Ziliotto firmaron un acuerdo para enfrentar El Ni\u00f1o y reclamaron los fondos manoteados por Milei\"}]},{\"@type\":\"WebSite\",\"@id\":\"https:\\\/\\\/diariotextual.com\\\/inicio\\\/#website\",\"url\":\"https:\\\/\\\/diariotextual.com\\\/inicio\\\/\",\"name\":\"Diario Textual\",\"description\":\"\",\"publisher\":{\"@id\":\"https:\\\/\\\/diariotextual.com\\\/inicio\\\/#organization\"},\"potentialAction\":[{\"@type\":\"SearchAction\",\"target\":{\"@type\":\"EntryPoint\",\"urlTemplate\":\"https:\\\/\\\/diariotextual.com\\\/inicio\\\/?s={search_term_string}\"},\"query-input\":{\"@type\":\"PropertyValueSpecification\",\"valueRequired\":true,\"valueName\":\"search_term_string\"}}],\"inLanguage\":\"es\"},{\"@type\":\"Organization\",\"@id\":\"https:\\\/\\\/diariotextual.com\\\/inicio\\\/#organization\",\"name\":\"Diario Textual\",\"url\":\"https:\\\/\\\/diariotextual.com\\\/inicio\\\/\",\"logo\":{\"@type\":\"ImageObject\",\"inLanguage\":\"es\",\"@id\":\"https:\\\/\\\/diariotextual.com\\\/inicio\\\/#\\\/schema\\\/logo\\\/image\\\/\",\"url\":\"https:\\\/\\\/diariotextual.com\\\/inicio\\\/wp-content\\\/uploads\\\/2023\\\/05\\\/logotextual1.jpg\",\"contentUrl\":\"https:\\\/\\\/diariotextual.com\\\/inicio\\\/wp-content\\\/uploads\\\/2023\\\/05\\\/logotextual1.jpg\",\"width\":516,\"height\":76,\"caption\":\"Diario Textual\"},\"image\":{\"@id\":\"https:\\\/\\\/diariotextual.com\\\/inicio\\\/#\\\/schema\\\/logo\\\/image\\\/\"},\"sameAs\":[\"https:\\\/\\\/www.facebook.com\\\/eltextual\",\"https:\\\/\\\/x.com\\\/eltextual\",\"http:\\\/\\\/www.instagram.com\\\/eltextual\"]},{\"@type\":\"Person\",\"@id\":\"https:\\\/\\\/diariotextual.com\\\/inicio\\\/#\\\/schema\\\/person\\\/418fc4093c33e86ed41562db3508f958\",\"name\":\"Diario1 Diario1\",\"image\":{\"@type\":\"ImageObject\",\"inLanguage\":\"es\",\"@id\":\"https:\\\/\\\/secure.gravatar.com\\\/avatar\\\/9167d280179c85bc18be67aa7eda765854300033af4896dd779b608640f2ef7a?s=96&d=mm&r=g\",\"url\":\"https:\\\/\\\/secure.gravatar.com\\\/avatar\\\/9167d280179c85bc18be67aa7eda765854300033af4896dd779b608640f2ef7a?s=96&d=mm&r=g\",\"contentUrl\":\"https:\\\/\\\/secure.gravatar.com\\\/avatar\\\/9167d280179c85bc18be67aa7eda765854300033af4896dd779b608640f2ef7a?s=96&d=mm&r=g\",\"caption\":\"Diario1 Diario1\"},\"url\":\"https:\\\/\\\/diariotextual.com\\\/inicio\\\/index.php\\\/author\\\/diario1\\\/\"}]}<\/script>\n<!-- \/ Yoast SEO plugin. -->","yoast_head_json":{"title":"Kicillof y Ziliotto firmaron un acuerdo para enfrentar El Ni\u00f1o y reclamaron los fondos manoteados por Milei - Diario Textual","robots":{"index":"index","follow":"follow","max-snippet":"max-snippet:-1","max-image-preview":"max-image-preview:large","max-video-preview":"max-video-preview:-1"},"canonical":"https:\/\/diariotextual.com\/inicio\/index.php\/2026\/08\/31\/kicillof-y-ziliotto-firmaron-un-acuerdo-para-enfrentar-el-nino-y-reclamaron-los-fondos-manoteados-por-milei\/","og_locale":"es_ES","og_type":"article","og_title":"Kicillof y Ziliotto firmaron un acuerdo para enfrentar El Ni\u00f1o y reclamaron los fondos manoteados por Milei - Diario Textual","og_description":"Los gobernadores&nbsp;Axel Kicillof&nbsp;(Buenos Aires) y&nbsp;Sergio Ziliotto&nbsp;(La Pampa) firmaron este lunes en&nbsp;Santa Rosa&nbsp;un convenio por el que se planificar\u00e1n acciones para prevenir y responder a los efectos del fen\u00f3meno clim\u00e1tico&nbsp;\u201cEl Ni\u00f1o&hellip;","og_url":"https:\/\/diariotextual.com\/inicio\/index.php\/2026\/08\/31\/kicillof-y-ziliotto-firmaron-un-acuerdo-para-enfrentar-el-nino-y-reclamaron-los-fondos-manoteados-por-milei\/","og_site_name":"Diario Textual","article_publisher":"https:\/\/www.facebook.com\/eltextual","article_published_time":"2026-08-31T15:26:37+00:00","article_modified_time":"2026-08-31T19:56:04+00:00","og_image":[{"width":1300,"height":738,"url":"https:\/\/diariotextual.com\/inicio\/wp-content\/uploads\/2026\/08\/ziliottosergiokicillofaxel2026-70.jpg","type":"image\/jpeg"}],"author":"Diario1 Diario1","twitter_card":"summary_large_image","twitter_creator":"@eltextual","twitter_site":"@eltextual","twitter_misc":{"Escrito por":"Diario1 Diario1","Tiempo de lectura":"10 minutos"},"schema":{"@context":"https:\/\/schema.org","@graph":[{"@type":"Article","@id":"https:\/\/diariotextual.com\/inicio\/index.php\/2026\/08\/31\/kicillof-y-ziliotto-firmaron-un-acuerdo-para-enfrentar-el-nino-y-reclamaron-los-fondos-manoteados-por-milei\/#article","isPartOf":{"@id":"https:\/\/diariotextual.com\/inicio\/index.php\/2026\/08\/31\/kicillof-y-ziliotto-firmaron-un-acuerdo-para-enfrentar-el-nino-y-reclamaron-los-fondos-manoteados-por-milei\/"},"author":{"name":"Diario1 Diario1","@id":"https:\/\/diariotextual.com\/inicio\/#\/schema\/person\/418fc4093c33e86ed41562db3508f958"},"headline":"Kicillof y Ziliotto firmaron un acuerdo para enfrentar El Ni\u00f1o y reclamaron los fondos manoteados por Milei","datePublished":"2026-08-31T15:26:37+00:00","dateModified":"2026-08-31T19:56:04+00:00","mainEntityOfPage":{"@id":"https:\/\/diariotextual.com\/inicio\/index.php\/2026\/08\/31\/kicillof-y-ziliotto-firmaron-un-acuerdo-para-enfrentar-el-nino-y-reclamaron-los-fondos-manoteados-por-milei\/"},"wordCount":2263,"publisher":{"@id":"https:\/\/diariotextual.com\/inicio\/#organization"},"image":{"@id":"https:\/\/diariotextual.com\/inicio\/index.php\/2026\/08\/31\/kicillof-y-ziliotto-firmaron-un-acuerdo-para-enfrentar-el-nino-y-reclamaron-los-fondos-manoteados-por-milei\/#primaryimage"},"thumbnailUrl":"https:\/\/diariotextual.com\/inicio\/wp-content\/uploads\/2026\/08\/ziliottosergiokicillofaxel2026-70.jpg","articleSection":["A - PORTADA","POLITICA"],"inLanguage":"es"},{"@type":"WebPage","@id":"https:\/\/diariotextual.com\/inicio\/index.php\/2026\/08\/31\/kicillof-y-ziliotto-firmaron-un-acuerdo-para-enfrentar-el-nino-y-reclamaron-los-fondos-manoteados-por-milei\/","url":"https:\/\/diariotextual.com\/inicio\/index.php\/2026\/08\/31\/kicillof-y-ziliotto-firmaron-un-acuerdo-para-enfrentar-el-nino-y-reclamaron-los-fondos-manoteados-por-milei\/","name":"Kicillof y Ziliotto firmaron un acuerdo para enfrentar El Ni\u00f1o y reclamaron los fondos manoteados por Milei - Diario Textual","isPartOf":{"@id":"https:\/\/diariotextual.com\/inicio\/#website"},"primaryImageOfPage":{"@id":"https:\/\/diariotextual.com\/inicio\/index.php\/2026\/08\/31\/kicillof-y-ziliotto-firmaron-un-acuerdo-para-enfrentar-el-nino-y-reclamaron-los-fondos-manoteados-por-milei\/#primaryimage"},"image":{"@id":"https:\/\/diariotextual.com\/inicio\/index.php\/2026\/08\/31\/kicillof-y-ziliotto-firmaron-un-acuerdo-para-enfrentar-el-nino-y-reclamaron-los-fondos-manoteados-por-milei\/#primaryimage"},"thumbnailUrl":"https:\/\/diariotextual.com\/inicio\/wp-content\/uploads\/2026\/08\/ziliottosergiokicillofaxel2026-70.jpg","datePublished":"2026-08-31T15:26:37+00:00","dateModified":"2026-08-31T19:56:04+00:00","breadcrumb":{"@id":"https:\/\/diariotextual.com\/inicio\/index.php\/2026\/08\/31\/kicillof-y-ziliotto-firmaron-un-acuerdo-para-enfrentar-el-nino-y-reclamaron-los-fondos-manoteados-por-milei\/#breadcrumb"},"inLanguage":"es","potentialAction":[{"@type":"ReadAction","target":["https:\/\/diariotextual.com\/inicio\/index.php\/2026\/08\/31\/kicillof-y-ziliotto-firmaron-un-acuerdo-para-enfrentar-el-nino-y-reclamaron-los-fondos-manoteados-por-milei\/"]}]},{"@type":"ImageObject","inLanguage":"es","@id":"https:\/\/diariotextual.com\/inicio\/index.php\/2026\/08\/31\/kicillof-y-ziliotto-firmaron-un-acuerdo-para-enfrentar-el-nino-y-reclamaron-los-fondos-manoteados-por-milei\/#primaryimage","url":"https:\/\/diariotextual.com\/inicio\/wp-content\/uploads\/2026\/08\/ziliottosergiokicillofaxel2026-70.jpg","contentUrl":"https:\/\/diariotextual.com\/inicio\/wp-content\/uploads\/2026\/08\/ziliottosergiokicillofaxel2026-70.jpg","width":1300,"height":738},{"@type":"BreadcrumbList","@id":"https:\/\/diariotextual.com\/inicio\/index.php\/2026\/08\/31\/kicillof-y-ziliotto-firmaron-un-acuerdo-para-enfrentar-el-nino-y-reclamaron-los-fondos-manoteados-por-milei\/#breadcrumb","itemListElement":[{"@type":"ListItem","position":1,"name":"Portada","item":"https:\/\/diariotextual.com\/inicio\/"},{"@type":"ListItem","position":2,"name":"Kicillof y Ziliotto firmaron un acuerdo para enfrentar El Ni\u00f1o y reclamaron los fondos manoteados por Milei"}]},{"@type":"WebSite","@id":"https:\/\/diariotextual.com\/inicio\/#website","url":"https:\/\/diariotextual.com\/inicio\/","name":"Diario Textual","description":"","publisher":{"@id":"https:\/\/diariotextual.com\/inicio\/#organization"},"potentialAction":[{"@type":"SearchAction","target":{"@type":"EntryPoint","urlTemplate":"https:\/\/diariotextual.com\/inicio\/?s={search_term_string}"},"query-input":{"@type":"PropertyValueSpecification","valueRequired":true,"valueName":"search_term_string"}}],"inLanguage":"es"},{"@type":"Organization","@id":"https:\/\/diariotextual.com\/inicio\/#organization","name":"Diario Textual","url":"https:\/\/diariotextual.com\/inicio\/","logo":{"@type":"ImageObject","inLanguage":"es","@id":"https:\/\/diariotextual.com\/inicio\/#\/schema\/logo\/image\/","url":"https:\/\/diariotextual.com\/inicio\/wp-content\/uploads\/2023\/05\/logotextual1.jpg","contentUrl":"https:\/\/diariotextual.com\/inicio\/wp-content\/uploads\/2023\/05\/logotextual1.jpg","width":516,"height":76,"caption":"Diario Textual"},"image":{"@id":"https:\/\/diariotextual.com\/inicio\/#\/schema\/logo\/image\/"},"sameAs":["https:\/\/www.facebook.com\/eltextual","https:\/\/x.com\/eltextual","http:\/\/www.instagram.com\/eltextual"]},{"@type":"Person","@id":"https:\/\/diariotextual.com\/inicio\/#\/schema\/person\/418fc4093c33e86ed41562db3508f958","name":"Diario1 Diario1","image":{"@type":"ImageObject","inLanguage":"es","@id":"https:\/\/secure.gravatar.com\/avatar\/9167d280179c85bc18be67aa7eda765854300033af4896dd779b608640f2ef7a?s=96&d=mm&r=g","url":"https:\/\/secure.gravatar.com\/avatar\/9167d280179c85bc18be67aa7eda765854300033af4896dd779b608640f2ef7a?s=96&d=mm&r=g","contentUrl":"https:\/\/secure.gravatar.com\/avatar\/9167d280179c85bc18be67aa7eda765854300033af4896dd779b608640f2ef7a?s=96&d=mm&r=g","caption":"Diario1 Diario1"},"url":"https:\/\/diariotextual.com\/inicio\/index.php\/author\/diario1\/"}]}},"_links":{"self":[{"href":"https:\/\/diariotextual.com\/inicio\/index.php\/wp-json\/wp\/v2\/posts\/334191","targetHints":{"allow":["GET"]}}],"collection":[{"href":"https:\/\/diariotextual.com\/inicio\/index.php\/wp-json\/wp\/v2\/posts"}],"about":[{"href":"https:\/\/diariotextual.com\/inicio\/index.php\/wp-json\/wp\/v2\/types\/post"}],"author":[{"embeddable":true,"href":"https:\/\/diariotextual.com\/inicio\/index.php\/wp-json\/wp\/v2\/users\/3"}],"replies":[{"embeddable":true,"href":"https:\/\/diariotextual.com\/inicio\/index.php\/wp-json\/wp\/v2\/comments?post=334191"}],"version-history":[{"count":5,"href":"https:\/\/diariotextual.com\/inicio\/index.php\/wp-json\/wp\/v2\/posts\/334191\/revisions"}],"predecessor-version":[{"id":334206,"href":"https:\/\/diariotextual.com\/inicio\/index.php\/wp-json\/wp\/v2\/posts\/334191\/revisions\/334206"}],"wp:featuredmedia":[{"embeddable":true,"href":"https:\/\/diariotextual.com\/inicio\/index.php\/wp-json\/wp\/v2\/media\/334192"}],"wp:attachment":[{"href":"https:\/\/diariotextual.com\/inicio\/index.php\/wp-json\/wp\/v2\/media?parent=334191"}],"wp:term":[{"taxonomy":"category","embeddable":true,"href":"https:\/\/diariotextual.com\/inicio\/index.php\/wp-json\/wp\/v2\/categories?post=334191"},{"taxonomy":"post_tag","embeddable":true,"href":"https:\/\/diariotextual.com\/inicio\/index.php\/wp-json\/wp\/v2\/tags?post=334191"}],"curies":[{"name":"wp","href":"https:\/\/api.w.org\/{rel}","templated":true}]}}