{"id":334194,"date":"2026-08-31T12:31:45","date_gmt":"2026-08-31T15:31:45","guid":{"rendered":"https:\/\/diariotextual.com\/inicio\/?p=334194"},"modified":"2026-08-31T12:33:14","modified_gmt":"2026-08-31T15:33:14","slug":"lionel-messi-anuncio-su-retiro-de-la-seleccion-argentina-duele-en-el-alma-pero-es-el-momento","status":"publish","type":"post","link":"https:\/\/diariotextual.com\/inicio\/index.php\/2026\/08\/31\/lionel-messi-anuncio-su-retiro-de-la-seleccion-argentina-duele-en-el-alma-pero-es-el-momento\/","title":{"rendered":"Lionel Messi anunci\u00f3 su retiro de la Selecci\u00f3n argentina: \u201cDuele en el alma, pero es el momento\u201d"},"content":{"rendered":"\n<p class=\"wp-block-paragraph\">El astro<strong> Lionel Messi<\/strong> conmocion\u00f3 al f\u00fatbol mundial al anunciar su retiro de la Selecci\u00f3n argentina, a casi un mes y medio de la final del Mundial 2026.<\/p>\n\n\n\n<p class=\"wp-block-paragraph\"><br>Messi realiz\u00f3 el anuncio a trav\u00e9s de una sentida carta en sus redes sociales. \u201cFue una decisi\u00f3n que doli\u00f3 y duele en el alma. Despu\u00e9s de este tiempo que pas\u00f3 desde la final, pens\u00e1ndolo mucho, quiero comunicarles a todos que me retiro de la Selecci\u00f3n\u201d, comenz\u00f3 el comunicado con el que dej\u00f3 en shock a todos los fan\u00e1ticos del f\u00fatbol.<\/p>\n\n\n\n<p class=\"wp-block-paragraph\">\u201cFue una decisi\u00f3n que doli\u00f3 y duele en el alma, pero entiendo que es el momento. Les juro que siempre dej\u00e9 todo, no solo los \u00faltimos a\u00f1os que se gan\u00f3 todo antes y tambi\u00e9n y siempre pele\u00e9 y me dej\u00e9 todo por esta camiseta, por darles alegr\u00edas y hacer que se sientan orgullosos de ser argentinos a trav\u00e9s del f\u00fatbol\u201d, sostuvo.<\/p>\n\n\n\n<p class=\"wp-block-paragraph\">\u201cQueda poco y se van cerrando etapas y esta es una que me duele mucho. Amo, am\u00e9 y amar\u00e9 siempre estar en la Selecci\u00f3n. Me vaci\u00e9, ya no tengo m\u00e1s para dar y aparte vienen chicos muy grandes atr\u00e1s que merecen estar\u201d, agreg\u00f3.<\/p>\n\n\n\n<p class=\"wp-block-paragraph\">\u201cPor todo el cari\u00f1o de estos 20 a\u00f1os. Voy a extra\u00f1ar mucho escucharlos desde adentro. Ahora voy a ser uno m\u00e1s de ustedes, alentando y bancando siempre desde afuera (en las buenas y en las malas, mucho m\u00e1s)\u201d, dijo.<\/p>\n\n\n\n<p class=\"wp-block-paragraph\">Finalmente, le agradeci\u00f3 tambi\u00e9n a su familia. \u201cGracias por estar siempre, por acompa\u00f1arme en este viaje tan hermoso pero dif\u00edcil. Gracias a cada uno de entrenadores, compa\u00f1eros, momentos so\u00f1ados. Fue una locura haberlo vivido con ustedes. \u00a1Los quiero!\u201d, escribi\u00f3-<\/p>\n\n\n\n<p class=\"wp-block-paragraph\">\u201cMe voy con la tranquilidad y el orgullo de haberles regalado, junto con mis compa\u00f1eros, momentos so\u00f1ados. Fue una locura haberlo vivido con ustedes. \u00a1Los quiero! Gracias Dios por hacerme argentino. \u00a1Vamos Argentina!\u201d, resalt\u00f3 la carta. \u201cEstas palabras las escrib\u00ed el 21 de julio, dos d\u00edas despu\u00e9s de la final. Hoy despu\u00e9s de lo de mi pap\u00e1, estoy m\u00e1s convencido que antes\u201d, finaliz\u00f3.<\/p>\n\n\n\n<p class=\"wp-block-paragraph\"><\/p>\n\n\n\n<p class=\"wp-block-paragraph\"><\/p>\n","protected":false},"excerpt":{"rendered":"<p>El astro Lionel Messi conmocion\u00f3 al f\u00fatbol mundial al anunciar su retiro de la Selecci\u00f3n argentina, a casi un mes y medio de la final del Mundial 2026. Messi realiz\u00f3&hellip;<\/p>\n","protected":false},"author":3,"featured_media":330986,"comment_status":"closed","ping_status":"open","sticky":false,"template":"","format":"standard","meta":{"_acf_changed":false,"footnotes":""},"categories":[4,3],"tags":[],"class_list":["post-334194","post","type-post","status-publish","format-standard","has-post-thumbnail","hentry","category-destacadas","category-deportes"],"acf":[],"yoast_head":"<!-- This site is optimized with the Yoast SEO plugin v28.3 - https:\/\/yoast.com\/product\/yoast-seo-wordpress\/ -->\n<title>Lionel Messi anunci\u00f3 su retiro de la Selecci\u00f3n argentina: \u201cDuele en el alma, pero es el momento\u201d - Diario Textual<\/title>\n<meta name=\"robots\" content=\"index, follow, max-snippet:-1, max-image-preview:large, max-video-preview:-1\" \/>\n<link rel=\"canonical\" href=\"https:\/\/diariotextual.com\/inicio\/index.php\/2026\/08\/31\/lionel-messi-anuncio-su-retiro-de-la-seleccion-argentina-duele-en-el-alma-pero-es-el-momento\/\" \/>\n<meta property=\"og:locale\" content=\"es_ES\" \/>\n<meta property=\"og:type\" content=\"article\" \/>\n<meta property=\"og:title\" content=\"Lionel Messi anunci\u00f3 su retiro de la Selecci\u00f3n argentina: \u201cDuele en el alma, pero es el momento\u201d - Diario Textual\" \/>\n<meta property=\"og:description\" content=\"El astro Lionel Messi conmocion\u00f3 al f\u00fatbol mundial al anunciar su retiro de la Selecci\u00f3n argentina, a casi un mes y medio de la final del Mundial 2026. Messi realiz\u00f3&hellip;\" \/>\n<meta property=\"og:url\" content=\"https:\/\/diariotextual.com\/inicio\/index.php\/2026\/08\/31\/lionel-messi-anuncio-su-retiro-de-la-seleccion-argentina-duele-en-el-alma-pero-es-el-momento\/\" \/>\n<meta property=\"og:site_name\" content=\"Diario Textual\" \/>\n<meta property=\"article:publisher\" content=\"https:\/\/www.facebook.com\/eltextual\" \/>\n<meta property=\"article:published_time\" content=\"2026-08-31T15:31:45+00:00\" \/>\n<meta property=\"article:modified_time\" content=\"2026-08-31T15:33:14+00:00\" \/>\n<meta property=\"og:image\" content=\"https:\/\/diariotextual.com\/inicio\/wp-content\/uploads\/2026\/07\/messileoseleccionmundial2026-709.jpg\" \/>\n\t<meta property=\"og:image:width\" content=\"1400\" \/>\n\t<meta property=\"og:image:height\" content=\"966\" \/>\n\t<meta property=\"og:image:type\" content=\"image\/jpeg\" \/>\n<meta name=\"author\" content=\"Diario1 Diario1\" \/>\n<meta name=\"twitter:card\" content=\"summary_large_image\" \/>\n<meta name=\"twitter:creator\" content=\"@eltextual\" \/>\n<meta name=\"twitter:site\" content=\"@eltextual\" \/>\n<meta name=\"twitter:label1\" content=\"Escrito por\" \/>\n\t<meta name=\"twitter:data1\" content=\"Diario1 Diario1\" \/>\n\t<meta name=\"twitter:label2\" content=\"Tiempo de lectura\" \/>\n\t<meta name=\"twitter:data2\" content=\"2 minutos\" \/>\n<script type=\"application\/ld+json\" class=\"yoast-schema-graph\">{\"@context\":\"https:\\\/\\\/schema.org\",\"@graph\":[{\"@type\":\"Article\",\"@id\":\"https:\\\/\\\/diariotextual.com\\\/inicio\\\/index.php\\\/2026\\\/08\\\/31\\\/lionel-messi-anuncio-su-retiro-de-la-seleccion-argentina-duele-en-el-alma-pero-es-el-momento\\\/#article\",\"isPartOf\":{\"@id\":\"https:\\\/\\\/diariotextual.com\\\/inicio\\\/index.php\\\/2026\\\/08\\\/31\\\/lionel-messi-anuncio-su-retiro-de-la-seleccion-argentina-duele-en-el-alma-pero-es-el-momento\\\/\"},\"author\":{\"name\":\"Diario1 Diario1\",\"@id\":\"https:\\\/\\\/diariotextual.com\\\/inicio\\\/#\\\/schema\\\/person\\\/418fc4093c33e86ed41562db3508f958\"},\"headline\":\"Lionel Messi anunci\u00f3 su retiro de la Selecci\u00f3n argentina: \u201cDuele en el alma, pero es el momento\u201d\",\"datePublished\":\"2026-08-31T15:31:45+00:00\",\"dateModified\":\"2026-08-31T15:33:14+00:00\",\"mainEntityOfPage\":{\"@id\":\"https:\\\/\\\/diariotextual.com\\\/inicio\\\/index.php\\\/2026\\\/08\\\/31\\\/lionel-messi-anuncio-su-retiro-de-la-seleccion-argentina-duele-en-el-alma-pero-es-el-momento\\\/\"},\"wordCount\":383,\"publisher\":{\"@id\":\"https:\\\/\\\/diariotextual.com\\\/inicio\\\/#organization\"},\"image\":{\"@id\":\"https:\\\/\\\/diariotextual.com\\\/inicio\\\/index.php\\\/2026\\\/08\\\/31\\\/lionel-messi-anuncio-su-retiro-de-la-seleccion-argentina-duele-en-el-alma-pero-es-el-momento\\\/#primaryimage\"},\"thumbnailUrl\":\"https:\\\/\\\/diariotextual.com\\\/inicio\\\/wp-content\\\/uploads\\\/2026\\\/07\\\/messileoseleccionmundial2026-709.jpg\",\"articleSection\":[\"A - DESTACADAS (mod 16)\",\"DEPORTES\"],\"inLanguage\":\"es\"},{\"@type\":\"WebPage\",\"@id\":\"https:\\\/\\\/diariotextual.com\\\/inicio\\\/index.php\\\/2026\\\/08\\\/31\\\/lionel-messi-anuncio-su-retiro-de-la-seleccion-argentina-duele-en-el-alma-pero-es-el-momento\\\/\",\"url\":\"https:\\\/\\\/diariotextual.com\\\/inicio\\\/index.php\\\/2026\\\/08\\\/31\\\/lionel-messi-anuncio-su-retiro-de-la-seleccion-argentina-duele-en-el-alma-pero-es-el-momento\\\/\",\"name\":\"Lionel Messi anunci\u00f3 su retiro de la Selecci\u00f3n argentina: \u201cDuele en el alma, pero es el momento\u201d - Diario Textual\",\"isPartOf\":{\"@id\":\"https:\\\/\\\/diariotextual.com\\\/inicio\\\/#website\"},\"primaryImageOfPage\":{\"@id\":\"https:\\\/\\\/diariotextual.com\\\/inicio\\\/index.php\\\/2026\\\/08\\\/31\\\/lionel-messi-anuncio-su-retiro-de-la-seleccion-argentina-duele-en-el-alma-pero-es-el-momento\\\/#primaryimage\"},\"image\":{\"@id\":\"https:\\\/\\\/diariotextual.com\\\/inicio\\\/index.php\\\/2026\\\/08\\\/31\\\/lionel-messi-anuncio-su-retiro-de-la-seleccion-argentina-duele-en-el-alma-pero-es-el-momento\\\/#primaryimage\"},\"thumbnailUrl\":\"https:\\\/\\\/diariotextual.com\\\/inicio\\\/wp-content\\\/uploads\\\/2026\\\/07\\\/messileoseleccionmundial2026-709.jpg\",\"datePublished\":\"2026-08-31T15:31:45+00:00\",\"dateModified\":\"2026-08-31T15:33:14+00:00\",\"breadcrumb\":{\"@id\":\"https:\\\/\\\/diariotextual.com\\\/inicio\\\/index.php\\\/2026\\\/08\\\/31\\\/lionel-messi-anuncio-su-retiro-de-la-seleccion-argentina-duele-en-el-alma-pero-es-el-momento\\\/#breadcrumb\"},\"inLanguage\":\"es\",\"potentialAction\":[{\"@type\":\"ReadAction\",\"target\":[\"https:\\\/\\\/diariotextual.com\\\/inicio\\\/index.php\\\/2026\\\/08\\\/31\\\/lionel-messi-anuncio-su-retiro-de-la-seleccion-argentina-duele-en-el-alma-pero-es-el-momento\\\/\"]}]},{\"@type\":\"ImageObject\",\"inLanguage\":\"es\",\"@id\":\"https:\\\/\\\/diariotextual.com\\\/inicio\\\/index.php\\\/2026\\\/08\\\/31\\\/lionel-messi-anuncio-su-retiro-de-la-seleccion-argentina-duele-en-el-alma-pero-es-el-momento\\\/#primaryimage\",\"url\":\"https:\\\/\\\/diariotextual.com\\\/inicio\\\/wp-content\\\/uploads\\\/2026\\\/07\\\/messileoseleccionmundial2026-709.jpg\",\"contentUrl\":\"https:\\\/\\\/diariotextual.com\\\/inicio\\\/wp-content\\\/uploads\\\/2026\\\/07\\\/messileoseleccionmundial2026-709.jpg\",\"width\":1400,\"height\":966},{\"@type\":\"BreadcrumbList\",\"@id\":\"https:\\\/\\\/diariotextual.com\\\/inicio\\\/index.php\\\/2026\\\/08\\\/31\\\/lionel-messi-anuncio-su-retiro-de-la-seleccion-argentina-duele-en-el-alma-pero-es-el-momento\\\/#breadcrumb\",\"itemListElement\":[{\"@type\":\"ListItem\",\"position\":1,\"name\":\"Portada\",\"item\":\"https:\\\/\\\/diariotextual.com\\\/inicio\\\/\"},{\"@type\":\"ListItem\",\"position\":2,\"name\":\"Lionel Messi anunci\u00f3 su retiro de la Selecci\u00f3n argentina: \u201cDuele en el alma, pero es el momento\u201d\"}]},{\"@type\":\"WebSite\",\"@id\":\"https:\\\/\\\/diariotextual.com\\\/inicio\\\/#website\",\"url\":\"https:\\\/\\\/diariotextual.com\\\/inicio\\\/\",\"name\":\"Diario Textual\",\"description\":\"\",\"publisher\":{\"@id\":\"https:\\\/\\\/diariotextual.com\\\/inicio\\\/#organization\"},\"potentialAction\":[{\"@type\":\"SearchAction\",\"target\":{\"@type\":\"EntryPoint\",\"urlTemplate\":\"https:\\\/\\\/diariotextual.com\\\/inicio\\\/?s={search_term_string}\"},\"query-input\":{\"@type\":\"PropertyValueSpecification\",\"valueRequired\":true,\"valueName\":\"search_term_string\"}}],\"inLanguage\":\"es\"},{\"@type\":\"Organization\",\"@id\":\"https:\\\/\\\/diariotextual.com\\\/inicio\\\/#organization\",\"name\":\"Diario Textual\",\"url\":\"https:\\\/\\\/diariotextual.com\\\/inicio\\\/\",\"logo\":{\"@type\":\"ImageObject\",\"inLanguage\":\"es\",\"@id\":\"https:\\\/\\\/diariotextual.com\\\/inicio\\\/#\\\/schema\\\/logo\\\/image\\\/\",\"url\":\"https:\\\/\\\/diariotextual.com\\\/inicio\\\/wp-content\\\/uploads\\\/2023\\\/05\\\/logotextual1.jpg\",\"contentUrl\":\"https:\\\/\\\/diariotextual.com\\\/inicio\\\/wp-content\\\/uploads\\\/2023\\\/05\\\/logotextual1.jpg\",\"width\":516,\"height\":76,\"caption\":\"Diario Textual\"},\"image\":{\"@id\":\"https:\\\/\\\/diariotextual.com\\\/inicio\\\/#\\\/schema\\\/logo\\\/image\\\/\"},\"sameAs\":[\"https:\\\/\\\/www.facebook.com\\\/eltextual\",\"https:\\\/\\\/x.com\\\/eltextual\",\"http:\\\/\\\/www.instagram.com\\\/eltextual\"]},{\"@type\":\"Person\",\"@id\":\"https:\\\/\\\/diariotextual.com\\\/inicio\\\/#\\\/schema\\\/person\\\/418fc4093c33e86ed41562db3508f958\",\"name\":\"Diario1 Diario1\",\"image\":{\"@type\":\"ImageObject\",\"inLanguage\":\"es\",\"@id\":\"https:\\\/\\\/secure.gravatar.com\\\/avatar\\\/9167d280179c85bc18be67aa7eda765854300033af4896dd779b608640f2ef7a?s=96&d=mm&r=g\",\"url\":\"https:\\\/\\\/secure.gravatar.com\\\/avatar\\\/9167d280179c85bc18be67aa7eda765854300033af4896dd779b608640f2ef7a?s=96&d=mm&r=g\",\"contentUrl\":\"https:\\\/\\\/secure.gravatar.com\\\/avatar\\\/9167d280179c85bc18be67aa7eda765854300033af4896dd779b608640f2ef7a?s=96&d=mm&r=g\",\"caption\":\"Diario1 Diario1\"},\"url\":\"https:\\\/\\\/diariotextual.com\\\/inicio\\\/index.php\\\/author\\\/diario1\\\/\"}]}<\/script>\n<!-- \/ Yoast SEO plugin. -->","yoast_head_json":{"title":"Lionel Messi anunci\u00f3 su retiro de la Selecci\u00f3n argentina: \u201cDuele en el alma, pero es el momento\u201d - Diario Textual","robots":{"index":"index","follow":"follow","max-snippet":"max-snippet:-1","max-image-preview":"max-image-preview:large","max-video-preview":"max-video-preview:-1"},"canonical":"https:\/\/diariotextual.com\/inicio\/index.php\/2026\/08\/31\/lionel-messi-anuncio-su-retiro-de-la-seleccion-argentina-duele-en-el-alma-pero-es-el-momento\/","og_locale":"es_ES","og_type":"article","og_title":"Lionel Messi anunci\u00f3 su retiro de la Selecci\u00f3n argentina: \u201cDuele en el alma, pero es el momento\u201d - Diario Textual","og_description":"El astro Lionel Messi conmocion\u00f3 al f\u00fatbol mundial al anunciar su retiro de la Selecci\u00f3n argentina, a casi un mes y medio de la final del Mundial 2026. Messi realiz\u00f3&hellip;","og_url":"https:\/\/diariotextual.com\/inicio\/index.php\/2026\/08\/31\/lionel-messi-anuncio-su-retiro-de-la-seleccion-argentina-duele-en-el-alma-pero-es-el-momento\/","og_site_name":"Diario Textual","article_publisher":"https:\/\/www.facebook.com\/eltextual","article_published_time":"2026-08-31T15:31:45+00:00","article_modified_time":"2026-08-31T15:33:14+00:00","og_image":[{"width":1400,"height":966,"url":"https:\/\/diariotextual.com\/inicio\/wp-content\/uploads\/2026\/07\/messileoseleccionmundial2026-709.jpg","type":"image\/jpeg"}],"author":"Diario1 Diario1","twitter_card":"summary_large_image","twitter_creator":"@eltextual","twitter_site":"@eltextual","twitter_misc":{"Escrito por":"Diario1 Diario1","Tiempo de lectura":"2 minutos"},"schema":{"@context":"https:\/\/schema.org","@graph":[{"@type":"Article","@id":"https:\/\/diariotextual.com\/inicio\/index.php\/2026\/08\/31\/lionel-messi-anuncio-su-retiro-de-la-seleccion-argentina-duele-en-el-alma-pero-es-el-momento\/#article","isPartOf":{"@id":"https:\/\/diariotextual.com\/inicio\/index.php\/2026\/08\/31\/lionel-messi-anuncio-su-retiro-de-la-seleccion-argentina-duele-en-el-alma-pero-es-el-momento\/"},"author":{"name":"Diario1 Diario1","@id":"https:\/\/diariotextual.com\/inicio\/#\/schema\/person\/418fc4093c33e86ed41562db3508f958"},"headline":"Lionel Messi anunci\u00f3 su retiro de la Selecci\u00f3n argentina: \u201cDuele en el alma, pero es el momento\u201d","datePublished":"2026-08-31T15:31:45+00:00","dateModified":"2026-08-31T15:33:14+00:00","mainEntityOfPage":{"@id":"https:\/\/diariotextual.com\/inicio\/index.php\/2026\/08\/31\/lionel-messi-anuncio-su-retiro-de-la-seleccion-argentina-duele-en-el-alma-pero-es-el-momento\/"},"wordCount":383,"publisher":{"@id":"https:\/\/diariotextual.com\/inicio\/#organization"},"image":{"@id":"https:\/\/diariotextual.com\/inicio\/index.php\/2026\/08\/31\/lionel-messi-anuncio-su-retiro-de-la-seleccion-argentina-duele-en-el-alma-pero-es-el-momento\/#primaryimage"},"thumbnailUrl":"https:\/\/diariotextual.com\/inicio\/wp-content\/uploads\/2026\/07\/messileoseleccionmundial2026-709.jpg","articleSection":["A - DESTACADAS (mod 16)","DEPORTES"],"inLanguage":"es"},{"@type":"WebPage","@id":"https:\/\/diariotextual.com\/inicio\/index.php\/2026\/08\/31\/lionel-messi-anuncio-su-retiro-de-la-seleccion-argentina-duele-en-el-alma-pero-es-el-momento\/","url":"https:\/\/diariotextual.com\/inicio\/index.php\/2026\/08\/31\/lionel-messi-anuncio-su-retiro-de-la-seleccion-argentina-duele-en-el-alma-pero-es-el-momento\/","name":"Lionel Messi anunci\u00f3 su retiro de la Selecci\u00f3n argentina: \u201cDuele en el alma, pero es el momento\u201d - Diario Textual","isPartOf":{"@id":"https:\/\/diariotextual.com\/inicio\/#website"},"primaryImageOfPage":{"@id":"https:\/\/diariotextual.com\/inicio\/index.php\/2026\/08\/31\/lionel-messi-anuncio-su-retiro-de-la-seleccion-argentina-duele-en-el-alma-pero-es-el-momento\/#primaryimage"},"image":{"@id":"https:\/\/diariotextual.com\/inicio\/index.php\/2026\/08\/31\/lionel-messi-anuncio-su-retiro-de-la-seleccion-argentina-duele-en-el-alma-pero-es-el-momento\/#primaryimage"},"thumbnailUrl":"https:\/\/diariotextual.com\/inicio\/wp-content\/uploads\/2026\/07\/messileoseleccionmundial2026-709.jpg","datePublished":"2026-08-31T15:31:45+00:00","dateModified":"2026-08-31T15:33:14+00:00","breadcrumb":{"@id":"https:\/\/diariotextual.com\/inicio\/index.php\/2026\/08\/31\/lionel-messi-anuncio-su-retiro-de-la-seleccion-argentina-duele-en-el-alma-pero-es-el-momento\/#breadcrumb"},"inLanguage":"es","potentialAction":[{"@type":"ReadAction","target":["https:\/\/diariotextual.com\/inicio\/index.php\/2026\/08\/31\/lionel-messi-anuncio-su-retiro-de-la-seleccion-argentina-duele-en-el-alma-pero-es-el-momento\/"]}]},{"@type":"ImageObject","inLanguage":"es","@id":"https:\/\/diariotextual.com\/inicio\/index.php\/2026\/08\/31\/lionel-messi-anuncio-su-retiro-de-la-seleccion-argentina-duele-en-el-alma-pero-es-el-momento\/#primaryimage","url":"https:\/\/diariotextual.com\/inicio\/wp-content\/uploads\/2026\/07\/messileoseleccionmundial2026-709.jpg","contentUrl":"https:\/\/diariotextual.com\/inicio\/wp-content\/uploads\/2026\/07\/messileoseleccionmundial2026-709.jpg","width":1400,"height":966},{"@type":"BreadcrumbList","@id":"https:\/\/diariotextual.com\/inicio\/index.php\/2026\/08\/31\/lionel-messi-anuncio-su-retiro-de-la-seleccion-argentina-duele-en-el-alma-pero-es-el-momento\/#breadcrumb","itemListElement":[{"@type":"ListItem","position":1,"name":"Portada","item":"https:\/\/diariotextual.com\/inicio\/"},{"@type":"ListItem","position":2,"name":"Lionel Messi anunci\u00f3 su retiro de la Selecci\u00f3n argentina: \u201cDuele en el alma, pero es el momento\u201d"}]},{"@type":"WebSite","@id":"https:\/\/diariotextual.com\/inicio\/#website","url":"https:\/\/diariotextual.com\/inicio\/","name":"Diario Textual","description":"","publisher":{"@id":"https:\/\/diariotextual.com\/inicio\/#organization"},"potentialAction":[{"@type":"SearchAction","target":{"@type":"EntryPoint","urlTemplate":"https:\/\/diariotextual.com\/inicio\/?s={search_term_string}"},"query-input":{"@type":"PropertyValueSpecification","valueRequired":true,"valueName":"search_term_string"}}],"inLanguage":"es"},{"@type":"Organization","@id":"https:\/\/diariotextual.com\/inicio\/#organization","name":"Diario Textual","url":"https:\/\/diariotextual.com\/inicio\/","logo":{"@type":"ImageObject","inLanguage":"es","@id":"https:\/\/diariotextual.com\/inicio\/#\/schema\/logo\/image\/","url":"https:\/\/diariotextual.com\/inicio\/wp-content\/uploads\/2023\/05\/logotextual1.jpg","contentUrl":"https:\/\/diariotextual.com\/inicio\/wp-content\/uploads\/2023\/05\/logotextual1.jpg","width":516,"height":76,"caption":"Diario Textual"},"image":{"@id":"https:\/\/diariotextual.com\/inicio\/#\/schema\/logo\/image\/"},"sameAs":["https:\/\/www.facebook.com\/eltextual","https:\/\/x.com\/eltextual","http:\/\/www.instagram.com\/eltextual"]},{"@type":"Person","@id":"https:\/\/diariotextual.com\/inicio\/#\/schema\/person\/418fc4093c33e86ed41562db3508f958","name":"Diario1 Diario1","image":{"@type":"ImageObject","inLanguage":"es","@id":"https:\/\/secure.gravatar.com\/avatar\/9167d280179c85bc18be67aa7eda765854300033af4896dd779b608640f2ef7a?s=96&d=mm&r=g","url":"https:\/\/secure.gravatar.com\/avatar\/9167d280179c85bc18be67aa7eda765854300033af4896dd779b608640f2ef7a?s=96&d=mm&r=g","contentUrl":"https:\/\/secure.gravatar.com\/avatar\/9167d280179c85bc18be67aa7eda765854300033af4896dd779b608640f2ef7a?s=96&d=mm&r=g","caption":"Diario1 Diario1"},"url":"https:\/\/diariotextual.com\/inicio\/index.php\/author\/diario1\/"}]}},"_links":{"self":[{"href":"https:\/\/diariotextual.com\/inicio\/index.php\/wp-json\/wp\/v2\/posts\/334194","targetHints":{"allow":["GET"]}}],"collection":[{"href":"https:\/\/diariotextual.com\/inicio\/index.php\/wp-json\/wp\/v2\/posts"}],"about":[{"href":"https:\/\/diariotextual.com\/inicio\/index.php\/wp-json\/wp\/v2\/types\/post"}],"author":[{"embeddable":true,"href":"https:\/\/diariotextual.com\/inicio\/index.php\/wp-json\/wp\/v2\/users\/3"}],"replies":[{"embeddable":true,"href":"https:\/\/diariotextual.com\/inicio\/index.php\/wp-json\/wp\/v2\/comments?post=334194"}],"version-history":[{"count":2,"href":"https:\/\/diariotextual.com\/inicio\/index.php\/wp-json\/wp\/v2\/posts\/334194\/revisions"}],"predecessor-version":[{"id":334196,"href":"https:\/\/diariotextual.com\/inicio\/index.php\/wp-json\/wp\/v2\/posts\/334194\/revisions\/334196"}],"wp:attachment":[{"href":"https:\/\/diariotextual.com\/inicio\/index.php\/wp-json\/wp\/v2\/media?parent=334194"}],"wp:term":[{"taxonomy":"category","embeddable":true,"href":"https:\/\/diariotextual.com\/inicio\/index.php\/wp-json\/wp\/v2\/categories?post=334194"},{"taxonomy":"post_tag","embeddable":true,"href":"https:\/\/diariotextual.com\/inicio\/index.php\/wp-json\/wp\/v2\/tags?post=334194"}],"curies":[{"name":"wp","href":"https:\/\/api.w.org\/{rel}","templated":true}]}}