{"id":334198,"date":"2026-08-31T13:37:03","date_gmt":"2026-08-31T16:37:03","guid":{"rendered":"https:\/\/diariotextual.com\/inicio\/?p=334198"},"modified":"2026-08-31T14:07:47","modified_gmt":"2026-08-31T17:07:47","slug":"los-elogios-de-kicillof-a-ziliotto-es-uno-de-los-mas-grandes-especialistas-sobre-la-coparticipacion","status":"publish","type":"post","link":"https:\/\/diariotextual.com\/inicio\/index.php\/2026\/08\/31\/los-elogios-de-kicillof-a-ziliotto-es-uno-de-los-mas-grandes-especialistas-sobre-la-coparticipacion\/","title":{"rendered":"Los elogios de Kicillof a Ziliotto: \u201cEs uno de los m\u00e1s grandes especialistas sobre la coparticipaci\u00f3n\u201d"},"content":{"rendered":"\n<p class=\"wp-block-paragraph\">El gobernador bonaerense <strong>Axel Kicillof<\/strong> se deshizo en elogios hacia su par pampeano, <strong>Sergio Ziliotto<\/strong>, luego de la firma de una serie de convenios de cooperaci\u00f3n en Casa de Gobierno. Fueron, principalmente, dos los puntos que resalt\u00f3: lo felicit\u00f3 por ser el \u201ccreador\u201d del <strong>Sistema Pilqu\u00e9n<\/strong>, la base de datos que ahora adopt\u00f3 la administraci\u00f3n bonaerense para registrar a familias que reciben ayuda social, y lo calific\u00f3 como \u201cuno de los m\u00e1s grandes especialistas sobre coparticipaci\u00f3n\u201d del pa\u00eds.<\/p>\n\n\n\n<p class=\"wp-block-paragraph\">El <strong>Sistema Pilqu\u00e9n<\/strong> es una base de datos social y econ\u00f3mica creada por el Gobierno de La Pampa para registrar y gestionar a las familias que reciben o pueden recibir ayuda de programas sociales estatales. Lo ide\u00f3 Ziliotto en 2005, cuando era ministro de Bienestar Social.<\/p>\n\n\n\n<p class=\"wp-block-paragraph\">El modelo pampeano es reconocido por su eficacia en el manejo de datos sociales. En ese marco, fue adoptado por la provincia de Buenos Aires.<\/p>\n\n\n\n<p class=\"wp-block-paragraph\">El gobernador bonaerense destac\u00f3 el programa. \u201cEs un sistema que lanz\u00f3 Sergio (Ziliotto), estando a cargo del \u00e1rea social\u201d, dijo. \u201cAhora la provincia de Buenos Aires lo va a aprovechar: son ideas elaboradas en La Pampa para el manejo de la informaci\u00f3n de datos sociales. La Pampa lo invent\u00f3 y Buenos Aires lo adopt\u00f3\u201d, agreg\u00f3.<\/p>\n\n\n\n<figure class=\"wp-block-embed is-type-wp-embed is-provider-diario-textual wp-block-embed-diario-textual\"><div class=\"wp-block-embed__wrapper\">\n<blockquote class=\"wp-embedded-content\" data-secret=\"whjcJSFqQu\"><a href=\"https:\/\/diariotextual.com\/inicio\/index.php\/2026\/08\/31\/kicillof-y-ziliotto-firmaron-un-acuerdo-para-enfrentar-el-nino-y-reclamaron-los-fondos-manoteados-por-milei\/\">Kicillof y Ziliotto firmaron un acuerdo para enfrentar El Ni\u00f1o y reclamaron los fondos manoteados por Milei<\/a><\/blockquote><iframe class=\"wp-embedded-content\" sandbox=\"allow-scripts\" security=\"restricted\" style=\"position: absolute; visibility: hidden;\" title=\"\u00abKicillof y Ziliotto firmaron un acuerdo para enfrentar El Ni\u00f1o y reclamaron los fondos manoteados por Milei\u00bb \u2014 Diario Textual\" src=\"https:\/\/diariotextual.com\/inicio\/index.php\/2026\/08\/31\/kicillof-y-ziliotto-firmaron-un-acuerdo-para-enfrentar-el-nino-y-reclamaron-los-fondos-manoteados-por-milei\/embed\/#?secret=1qosj8fjYg#?secret=whjcJSFqQu\" data-secret=\"whjcJSFqQu\" width=\"600\" height=\"338\" frameborder=\"0\" marginwidth=\"0\" marginheight=\"0\" scrolling=\"no\"><\/iframe>\n<\/div><\/figure>\n\n\n\n<p class=\"wp-block-paragraph\"><\/p>\n\n\n\n<p class=\"wp-block-paragraph\">Tambi\u00e9n <strong>Kicillof elogi\u00f3 a Ziliotto por su conocimiento sobre la coparticipaci\u00f3n federal y su defensa del federalismo fiscal<\/strong>. \u201cYo creo que uno de los m\u00e1s grandes especialistas que tiene la Rep\u00fablica Argentina sobre la cuesti\u00f3n de la coparticipaci\u00f3n y sobre el problema del federalismo en materia econ\u00f3mica es el gobernador que tengo ac\u00e1 al lado, Sergio Ziliotto. Es uno de los m\u00e1s grandes especialistas\u201d, insisti\u00f3.<\/p>\n\n\n\n<p class=\"wp-block-paragraph\">El gobernador bonaerense record\u00f3 que conoci\u00f3 a Ziliotto cuando ambos coincidieron en la C\u00e1mara de Diputados, a fines de 2015. \u201cYo lo conoc\u00ed a Sergio hablando de estos temas, en Diputados, a fines del \u201915. Yo ven\u00eda a ser ministro de Econom\u00eda de la Naci\u00f3n y tuvimos las primeras reuniones sobre presupuestos y sobre algunas cuestiones tributarias que planteaba en aquel entonces el gobierno de Mauricio Macri. Empezamos ah\u00ed con la misma idea de defender el federalismo fiscal y la posici\u00f3n de las provincias\u201d, se\u00f1al\u00f3.<\/p>\n\n\n\n<p class=\"wp-block-paragraph\">\u201cDesde aquel entonces estamos batallando. Lo que no nos esper\u00e1bamos es una situaci\u00f3n como esta\u201d, sostuvo Kicillof, al cuestionar el destino de los recursos que las provincias aportan al Estado nacional.<\/p>\n\n\n\n<p class=\"wp-block-paragraph\">En ese sentido, plante\u00f3 que <strong>la recaudaci\u00f3n tributaria se genera en los territorios provinciales<\/strong>, donde viven, trabajan y consumen las personas. \u201cLos recursos tributarios se generan en alg\u00fan lado y los genera alguien. \u00bfQui\u00e9n los genera? La poblaci\u00f3n. \u00bfD\u00f3nde? En las provincias donde vive\u201d, afirm\u00f3.<\/p>\n\n\n\n<p class=\"wp-block-paragraph\">Kicillof sostuvo que las actividades econ\u00f3micas y los recursos que generan los tributos \u2014ya provengan del consumo, de la actividad econ\u00f3mica o del patrimonio\u2014 se desarrollan principalmente en las jurisdicciones provinciales. \u201cToda la recaudaci\u00f3n tributaria de la Argentina se produce en las provincias argentinas y, si agregamos como jurisdicci\u00f3n a la Ciudad de Buenos Aires, es ah\u00ed donde pasan las cosas, donde transcurre la vida\u201d, sostuvo.<\/p>\n\n\n\n<p class=\"wp-block-paragraph\">En esa l\u00ednea, cuestion\u00f3 la idea de considerar como \u201cmicro\u201d los problemas que atraviesan comercios, industrias, cooperativas, peque\u00f1os productores y el turismo. \u201cMillones de micros son la macro. No hay otra macro que nos contemple a los millones de personas que viven en un pa\u00eds\u201d, afirm\u00f3.<\/p>\n\n\n\n<p class=\"wp-block-paragraph\">El mandatario bonaerense apunt\u00f3 luego contra el Gobierno nacional por el destino de los fondos que las provincias ceden al Estado. \u201cLo que no hab\u00eda pasado nunca con esta intensidad es que los recursos que las provincias ceden al Gobierno nacional luego no se utilicen para nada, absolutamente para nada, de lo que tiene que ver con el inter\u00e9s de las provincias\u201d, cuestion\u00f3.<\/p>\n\n\n\n<p class=\"wp-block-paragraph\">Seg\u00fan explic\u00f3, esos recursos deber\u00edan regresar a las provincias a trav\u00e9s de medicamentos, pol\u00edticas p\u00fablicas y obras de car\u00e1cter federal. \u201cLas provincias ceden recursos al Gobierno nacional para que despu\u00e9s vuelvan en remedios, medicamentos, en pol\u00edticas que necesariamente son federales. Tienen que volver de alguna manera\u201d, remarc\u00f3.<\/p>\n\n\n\n<p class=\"wp-block-paragraph\">Kicillof puso como ejemplo el peso de la provincia de Buenos Aires en la generaci\u00f3n de recursos tributarios. \u201cNosotros en nuestra provincia de Buenos Aires generamos pr\u00e1cticamente el 40% de todos los recursos tributarios de la Argentina, en todas las modalidades de tributos provinciales, locales y nacionales\u201d, afirm\u00f3.<\/p>\n\n\n\n<p class=\"wp-block-paragraph\">Finalmente, se refiri\u00f3 a los fondos que se recaudan a trav\u00e9s de los combustibles y que tienen destinos espec\u00edficos vinculados con <strong>obras viales e h\u00eddricas<\/strong>. \u201cCada vez que cargamos nafta, para que se entienda bien, un tercio de lo que pagamos va a unas cuentas especiales que est\u00e1n en cabeza del Gobierno nacional y que deber\u00edan utilizarse para dos cosas: una parte para Vialidad y otra para obras h\u00eddricas. Pr\u00e1cticamente nada de esos fondos se han utilizado para esas funciones\u201d, cuestion\u00f3.<\/p>\n\n\n\n<p class=\"wp-block-paragraph\">\u201cPagamos nuestros impuestos, los recauda el Gobierno nacional, esa actividad la financian los vecinos y vecinas de La Pampa y de Buenos Aires, pero despu\u00e9s no vuelven cuando los necesitamos\u201d, concluy\u00f3.<\/p>\n\n\n\n<p class=\"wp-block-paragraph\"><\/p>\n\n\n\n<p class=\"wp-block-paragraph\">Kicillof&nbsp; y Ziliotto firmaron este lunes en&nbsp;<strong>Santa Rosa<\/strong>&nbsp;un convenio por el que se planificar\u00e1n acciones para prevenir y responder a los efectos del fen\u00f3meno clim\u00e1tico&nbsp;<strong>\u201cEl Ni\u00f1o Oscilaci\u00f3n Sur\u201d (ENOS)<\/strong>&nbsp;y reclamar en conjunto al Gobierno de&nbsp;<strong>Javier Milei<\/strong>&nbsp;que destine recursos a obras financiadas por el&nbsp;<strong>Fondo Fiduciario de Infraestructura H\u00eddrica<\/strong>. La agenda de Kicillof con Ziliotto tiene, adem\u00e1s, una&nbsp;<strong>clave pol\u00edtica<\/strong>, en medio de su posicionamiento para la carrera presidencial de 2027.<\/p>\n\n\n\n<p class=\"wp-block-paragraph\">El encuentro se desarroll\u00f3 en el Sal\u00f3n de Acuerdos de Casa de Gobierno. Tambi\u00e9n firmaron un convenio de colaboraci\u00f3n para que el Gobierno pampeano asista a Buenos Aires para implementar el sistema pampeano Pilqu\u00e9n. Adem\u00e1s, convenios de turismo, de salud y de seguridad.<\/p>\n\n\n\n<p class=\"wp-block-paragraph\"><\/p>\n","protected":false},"excerpt":{"rendered":"<p>El gobernador bonaerense Axel Kicillof se deshizo en elogios hacia su par pampeano, Sergio Ziliotto, luego de la firma de una serie de convenios de cooperaci\u00f3n en Casa de Gobierno.&hellip;<\/p>\n","protected":false},"author":3,"featured_media":334204,"comment_status":"closed","ping_status":"open","sticky":false,"template":"","format":"standard","meta":{"_acf_changed":false,"footnotes":""},"categories":[4,8],"tags":[],"class_list":["post-334198","post","type-post","status-publish","format-standard","has-post-thumbnail","hentry","category-destacadas","category-politica"],"acf":[],"yoast_head":"<!-- This site is optimized with the Yoast SEO plugin v28.3 - https:\/\/yoast.com\/product\/yoast-seo-wordpress\/ -->\n<title>Los elogios de Kicillof a Ziliotto: \u201cEs uno de los m\u00e1s grandes especialistas sobre la coparticipaci\u00f3n\u201d - Diario Textual<\/title>\n<meta name=\"robots\" content=\"index, follow, max-snippet:-1, max-image-preview:large, max-video-preview:-1\" \/>\n<link rel=\"canonical\" href=\"https:\/\/diariotextual.com\/inicio\/index.php\/2026\/08\/31\/los-elogios-de-kicillof-a-ziliotto-es-uno-de-los-mas-grandes-especialistas-sobre-la-coparticipacion\/\" \/>\n<meta property=\"og:locale\" content=\"es_ES\" \/>\n<meta property=\"og:type\" content=\"article\" \/>\n<meta property=\"og:title\" content=\"Los elogios de Kicillof a Ziliotto: \u201cEs uno de los m\u00e1s grandes especialistas sobre la coparticipaci\u00f3n\u201d - Diario Textual\" \/>\n<meta property=\"og:description\" content=\"El gobernador bonaerense Axel Kicillof se deshizo en elogios hacia su par pampeano, Sergio Ziliotto, luego de la firma de una serie de convenios de cooperaci\u00f3n en Casa de Gobierno.&hellip;\" \/>\n<meta property=\"og:url\" content=\"https:\/\/diariotextual.com\/inicio\/index.php\/2026\/08\/31\/los-elogios-de-kicillof-a-ziliotto-es-uno-de-los-mas-grandes-especialistas-sobre-la-coparticipacion\/\" \/>\n<meta property=\"og:site_name\" content=\"Diario Textual\" \/>\n<meta property=\"article:publisher\" content=\"https:\/\/www.facebook.com\/eltextual\" \/>\n<meta property=\"article:published_time\" content=\"2026-08-31T16:37:03+00:00\" \/>\n<meta property=\"article:modified_time\" content=\"2026-08-31T17:07:47+00:00\" \/>\n<meta property=\"og:image\" content=\"https:\/\/diariotextual.com\/inicio\/wp-content\/uploads\/2026\/08\/ziliottosergiokicillofaxel2026-71.jpg\" \/>\n\t<meta property=\"og:image:width\" content=\"1300\" \/>\n\t<meta property=\"og:image:height\" content=\"867\" \/>\n\t<meta property=\"og:image:type\" content=\"image\/jpeg\" \/>\n<meta name=\"author\" content=\"Diario1 Diario1\" \/>\n<meta name=\"twitter:card\" content=\"summary_large_image\" \/>\n<meta name=\"twitter:creator\" content=\"@eltextual\" \/>\n<meta name=\"twitter:site\" content=\"@eltextual\" \/>\n<meta name=\"twitter:label1\" content=\"Escrito por\" \/>\n\t<meta name=\"twitter:data1\" content=\"Diario1 Diario1\" \/>\n\t<meta name=\"twitter:label2\" content=\"Tiempo de lectura\" \/>\n\t<meta name=\"twitter:data2\" content=\"5 minutos\" \/>\n<script type=\"application\/ld+json\" class=\"yoast-schema-graph\">{\"@context\":\"https:\\\/\\\/schema.org\",\"@graph\":[{\"@type\":\"Article\",\"@id\":\"https:\\\/\\\/diariotextual.com\\\/inicio\\\/index.php\\\/2026\\\/08\\\/31\\\/los-elogios-de-kicillof-a-ziliotto-es-uno-de-los-mas-grandes-especialistas-sobre-la-coparticipacion\\\/#article\",\"isPartOf\":{\"@id\":\"https:\\\/\\\/diariotextual.com\\\/inicio\\\/index.php\\\/2026\\\/08\\\/31\\\/los-elogios-de-kicillof-a-ziliotto-es-uno-de-los-mas-grandes-especialistas-sobre-la-coparticipacion\\\/\"},\"author\":{\"name\":\"Diario1 Diario1\",\"@id\":\"https:\\\/\\\/diariotextual.com\\\/inicio\\\/#\\\/schema\\\/person\\\/418fc4093c33e86ed41562db3508f958\"},\"headline\":\"Los elogios de Kicillof a Ziliotto: \u201cEs uno de los m\u00e1s grandes especialistas sobre la coparticipaci\u00f3n\u201d\",\"datePublished\":\"2026-08-31T16:37:03+00:00\",\"dateModified\":\"2026-08-31T17:07:47+00:00\",\"mainEntityOfPage\":{\"@id\":\"https:\\\/\\\/diariotextual.com\\\/inicio\\\/index.php\\\/2026\\\/08\\\/31\\\/los-elogios-de-kicillof-a-ziliotto-es-uno-de-los-mas-grandes-especialistas-sobre-la-coparticipacion\\\/\"},\"wordCount\":1030,\"publisher\":{\"@id\":\"https:\\\/\\\/diariotextual.com\\\/inicio\\\/#organization\"},\"image\":{\"@id\":\"https:\\\/\\\/diariotextual.com\\\/inicio\\\/index.php\\\/2026\\\/08\\\/31\\\/los-elogios-de-kicillof-a-ziliotto-es-uno-de-los-mas-grandes-especialistas-sobre-la-coparticipacion\\\/#primaryimage\"},\"thumbnailUrl\":\"https:\\\/\\\/diariotextual.com\\\/inicio\\\/wp-content\\\/uploads\\\/2026\\\/08\\\/ziliottosergiokicillofaxel2026-71.jpg\",\"articleSection\":[\"A - DESTACADAS (mod 16)\",\"POLITICA\"],\"inLanguage\":\"es\"},{\"@type\":\"WebPage\",\"@id\":\"https:\\\/\\\/diariotextual.com\\\/inicio\\\/index.php\\\/2026\\\/08\\\/31\\\/los-elogios-de-kicillof-a-ziliotto-es-uno-de-los-mas-grandes-especialistas-sobre-la-coparticipacion\\\/\",\"url\":\"https:\\\/\\\/diariotextual.com\\\/inicio\\\/index.php\\\/2026\\\/08\\\/31\\\/los-elogios-de-kicillof-a-ziliotto-es-uno-de-los-mas-grandes-especialistas-sobre-la-coparticipacion\\\/\",\"name\":\"Los elogios de Kicillof a Ziliotto: \u201cEs uno de los m\u00e1s grandes especialistas sobre la coparticipaci\u00f3n\u201d - Diario Textual\",\"isPartOf\":{\"@id\":\"https:\\\/\\\/diariotextual.com\\\/inicio\\\/#website\"},\"primaryImageOfPage\":{\"@id\":\"https:\\\/\\\/diariotextual.com\\\/inicio\\\/index.php\\\/2026\\\/08\\\/31\\\/los-elogios-de-kicillof-a-ziliotto-es-uno-de-los-mas-grandes-especialistas-sobre-la-coparticipacion\\\/#primaryimage\"},\"image\":{\"@id\":\"https:\\\/\\\/diariotextual.com\\\/inicio\\\/index.php\\\/2026\\\/08\\\/31\\\/los-elogios-de-kicillof-a-ziliotto-es-uno-de-los-mas-grandes-especialistas-sobre-la-coparticipacion\\\/#primaryimage\"},\"thumbnailUrl\":\"https:\\\/\\\/diariotextual.com\\\/inicio\\\/wp-content\\\/uploads\\\/2026\\\/08\\\/ziliottosergiokicillofaxel2026-71.jpg\",\"datePublished\":\"2026-08-31T16:37:03+00:00\",\"dateModified\":\"2026-08-31T17:07:47+00:00\",\"breadcrumb\":{\"@id\":\"https:\\\/\\\/diariotextual.com\\\/inicio\\\/index.php\\\/2026\\\/08\\\/31\\\/los-elogios-de-kicillof-a-ziliotto-es-uno-de-los-mas-grandes-especialistas-sobre-la-coparticipacion\\\/#breadcrumb\"},\"inLanguage\":\"es\",\"potentialAction\":[{\"@type\":\"ReadAction\",\"target\":[\"https:\\\/\\\/diariotextual.com\\\/inicio\\\/index.php\\\/2026\\\/08\\\/31\\\/los-elogios-de-kicillof-a-ziliotto-es-uno-de-los-mas-grandes-especialistas-sobre-la-coparticipacion\\\/\"]}]},{\"@type\":\"ImageObject\",\"inLanguage\":\"es\",\"@id\":\"https:\\\/\\\/diariotextual.com\\\/inicio\\\/index.php\\\/2026\\\/08\\\/31\\\/los-elogios-de-kicillof-a-ziliotto-es-uno-de-los-mas-grandes-especialistas-sobre-la-coparticipacion\\\/#primaryimage\",\"url\":\"https:\\\/\\\/diariotextual.com\\\/inicio\\\/wp-content\\\/uploads\\\/2026\\\/08\\\/ziliottosergiokicillofaxel2026-71.jpg\",\"contentUrl\":\"https:\\\/\\\/diariotextual.com\\\/inicio\\\/wp-content\\\/uploads\\\/2026\\\/08\\\/ziliottosergiokicillofaxel2026-71.jpg\",\"width\":1300,\"height\":867},{\"@type\":\"BreadcrumbList\",\"@id\":\"https:\\\/\\\/diariotextual.com\\\/inicio\\\/index.php\\\/2026\\\/08\\\/31\\\/los-elogios-de-kicillof-a-ziliotto-es-uno-de-los-mas-grandes-especialistas-sobre-la-coparticipacion\\\/#breadcrumb\",\"itemListElement\":[{\"@type\":\"ListItem\",\"position\":1,\"name\":\"Portada\",\"item\":\"https:\\\/\\\/diariotextual.com\\\/inicio\\\/\"},{\"@type\":\"ListItem\",\"position\":2,\"name\":\"Los elogios de Kicillof a Ziliotto: \u201cEs uno de los m\u00e1s grandes especialistas sobre la coparticipaci\u00f3n\u201d\"}]},{\"@type\":\"WebSite\",\"@id\":\"https:\\\/\\\/diariotextual.com\\\/inicio\\\/#website\",\"url\":\"https:\\\/\\\/diariotextual.com\\\/inicio\\\/\",\"name\":\"Diario Textual\",\"description\":\"\",\"publisher\":{\"@id\":\"https:\\\/\\\/diariotextual.com\\\/inicio\\\/#organization\"},\"potentialAction\":[{\"@type\":\"SearchAction\",\"target\":{\"@type\":\"EntryPoint\",\"urlTemplate\":\"https:\\\/\\\/diariotextual.com\\\/inicio\\\/?s={search_term_string}\"},\"query-input\":{\"@type\":\"PropertyValueSpecification\",\"valueRequired\":true,\"valueName\":\"search_term_string\"}}],\"inLanguage\":\"es\"},{\"@type\":\"Organization\",\"@id\":\"https:\\\/\\\/diariotextual.com\\\/inicio\\\/#organization\",\"name\":\"Diario Textual\",\"url\":\"https:\\\/\\\/diariotextual.com\\\/inicio\\\/\",\"logo\":{\"@type\":\"ImageObject\",\"inLanguage\":\"es\",\"@id\":\"https:\\\/\\\/diariotextual.com\\\/inicio\\\/#\\\/schema\\\/logo\\\/image\\\/\",\"url\":\"https:\\\/\\\/diariotextual.com\\\/inicio\\\/wp-content\\\/uploads\\\/2023\\\/05\\\/logotextual1.jpg\",\"contentUrl\":\"https:\\\/\\\/diariotextual.com\\\/inicio\\\/wp-content\\\/uploads\\\/2023\\\/05\\\/logotextual1.jpg\",\"width\":516,\"height\":76,\"caption\":\"Diario Textual\"},\"image\":{\"@id\":\"https:\\\/\\\/diariotextual.com\\\/inicio\\\/#\\\/schema\\\/logo\\\/image\\\/\"},\"sameAs\":[\"https:\\\/\\\/www.facebook.com\\\/eltextual\",\"https:\\\/\\\/x.com\\\/eltextual\",\"http:\\\/\\\/www.instagram.com\\\/eltextual\"]},{\"@type\":\"Person\",\"@id\":\"https:\\\/\\\/diariotextual.com\\\/inicio\\\/#\\\/schema\\\/person\\\/418fc4093c33e86ed41562db3508f958\",\"name\":\"Diario1 Diario1\",\"image\":{\"@type\":\"ImageObject\",\"inLanguage\":\"es\",\"@id\":\"https:\\\/\\\/secure.gravatar.com\\\/avatar\\\/9167d280179c85bc18be67aa7eda765854300033af4896dd779b608640f2ef7a?s=96&d=mm&r=g\",\"url\":\"https:\\\/\\\/secure.gravatar.com\\\/avatar\\\/9167d280179c85bc18be67aa7eda765854300033af4896dd779b608640f2ef7a?s=96&d=mm&r=g\",\"contentUrl\":\"https:\\\/\\\/secure.gravatar.com\\\/avatar\\\/9167d280179c85bc18be67aa7eda765854300033af4896dd779b608640f2ef7a?s=96&d=mm&r=g\",\"caption\":\"Diario1 Diario1\"},\"url\":\"https:\\\/\\\/diariotextual.com\\\/inicio\\\/index.php\\\/author\\\/diario1\\\/\"}]}<\/script>\n<!-- \/ Yoast SEO plugin. -->","yoast_head_json":{"title":"Los elogios de Kicillof a Ziliotto: \u201cEs uno de los m\u00e1s grandes especialistas sobre la coparticipaci\u00f3n\u201d - Diario Textual","robots":{"index":"index","follow":"follow","max-snippet":"max-snippet:-1","max-image-preview":"max-image-preview:large","max-video-preview":"max-video-preview:-1"},"canonical":"https:\/\/diariotextual.com\/inicio\/index.php\/2026\/08\/31\/los-elogios-de-kicillof-a-ziliotto-es-uno-de-los-mas-grandes-especialistas-sobre-la-coparticipacion\/","og_locale":"es_ES","og_type":"article","og_title":"Los elogios de Kicillof a Ziliotto: \u201cEs uno de los m\u00e1s grandes especialistas sobre la coparticipaci\u00f3n\u201d - Diario Textual","og_description":"El gobernador bonaerense Axel Kicillof se deshizo en elogios hacia su par pampeano, Sergio Ziliotto, luego de la firma de una serie de convenios de cooperaci\u00f3n en Casa de Gobierno.&hellip;","og_url":"https:\/\/diariotextual.com\/inicio\/index.php\/2026\/08\/31\/los-elogios-de-kicillof-a-ziliotto-es-uno-de-los-mas-grandes-especialistas-sobre-la-coparticipacion\/","og_site_name":"Diario Textual","article_publisher":"https:\/\/www.facebook.com\/eltextual","article_published_time":"2026-08-31T16:37:03+00:00","article_modified_time":"2026-08-31T17:07:47+00:00","og_image":[{"width":1300,"height":867,"url":"https:\/\/diariotextual.com\/inicio\/wp-content\/uploads\/2026\/08\/ziliottosergiokicillofaxel2026-71.jpg","type":"image\/jpeg"}],"author":"Diario1 Diario1","twitter_card":"summary_large_image","twitter_creator":"@eltextual","twitter_site":"@eltextual","twitter_misc":{"Escrito por":"Diario1 Diario1","Tiempo de lectura":"5 minutos"},"schema":{"@context":"https:\/\/schema.org","@graph":[{"@type":"Article","@id":"https:\/\/diariotextual.com\/inicio\/index.php\/2026\/08\/31\/los-elogios-de-kicillof-a-ziliotto-es-uno-de-los-mas-grandes-especialistas-sobre-la-coparticipacion\/#article","isPartOf":{"@id":"https:\/\/diariotextual.com\/inicio\/index.php\/2026\/08\/31\/los-elogios-de-kicillof-a-ziliotto-es-uno-de-los-mas-grandes-especialistas-sobre-la-coparticipacion\/"},"author":{"name":"Diario1 Diario1","@id":"https:\/\/diariotextual.com\/inicio\/#\/schema\/person\/418fc4093c33e86ed41562db3508f958"},"headline":"Los elogios de Kicillof a Ziliotto: \u201cEs uno de los m\u00e1s grandes especialistas sobre la coparticipaci\u00f3n\u201d","datePublished":"2026-08-31T16:37:03+00:00","dateModified":"2026-08-31T17:07:47+00:00","mainEntityOfPage":{"@id":"https:\/\/diariotextual.com\/inicio\/index.php\/2026\/08\/31\/los-elogios-de-kicillof-a-ziliotto-es-uno-de-los-mas-grandes-especialistas-sobre-la-coparticipacion\/"},"wordCount":1030,"publisher":{"@id":"https:\/\/diariotextual.com\/inicio\/#organization"},"image":{"@id":"https:\/\/diariotextual.com\/inicio\/index.php\/2026\/08\/31\/los-elogios-de-kicillof-a-ziliotto-es-uno-de-los-mas-grandes-especialistas-sobre-la-coparticipacion\/#primaryimage"},"thumbnailUrl":"https:\/\/diariotextual.com\/inicio\/wp-content\/uploads\/2026\/08\/ziliottosergiokicillofaxel2026-71.jpg","articleSection":["A - DESTACADAS (mod 16)","POLITICA"],"inLanguage":"es"},{"@type":"WebPage","@id":"https:\/\/diariotextual.com\/inicio\/index.php\/2026\/08\/31\/los-elogios-de-kicillof-a-ziliotto-es-uno-de-los-mas-grandes-especialistas-sobre-la-coparticipacion\/","url":"https:\/\/diariotextual.com\/inicio\/index.php\/2026\/08\/31\/los-elogios-de-kicillof-a-ziliotto-es-uno-de-los-mas-grandes-especialistas-sobre-la-coparticipacion\/","name":"Los elogios de Kicillof a Ziliotto: \u201cEs uno de los m\u00e1s grandes especialistas sobre la coparticipaci\u00f3n\u201d - Diario Textual","isPartOf":{"@id":"https:\/\/diariotextual.com\/inicio\/#website"},"primaryImageOfPage":{"@id":"https:\/\/diariotextual.com\/inicio\/index.php\/2026\/08\/31\/los-elogios-de-kicillof-a-ziliotto-es-uno-de-los-mas-grandes-especialistas-sobre-la-coparticipacion\/#primaryimage"},"image":{"@id":"https:\/\/diariotextual.com\/inicio\/index.php\/2026\/08\/31\/los-elogios-de-kicillof-a-ziliotto-es-uno-de-los-mas-grandes-especialistas-sobre-la-coparticipacion\/#primaryimage"},"thumbnailUrl":"https:\/\/diariotextual.com\/inicio\/wp-content\/uploads\/2026\/08\/ziliottosergiokicillofaxel2026-71.jpg","datePublished":"2026-08-31T16:37:03+00:00","dateModified":"2026-08-31T17:07:47+00:00","breadcrumb":{"@id":"https:\/\/diariotextual.com\/inicio\/index.php\/2026\/08\/31\/los-elogios-de-kicillof-a-ziliotto-es-uno-de-los-mas-grandes-especialistas-sobre-la-coparticipacion\/#breadcrumb"},"inLanguage":"es","potentialAction":[{"@type":"ReadAction","target":["https:\/\/diariotextual.com\/inicio\/index.php\/2026\/08\/31\/los-elogios-de-kicillof-a-ziliotto-es-uno-de-los-mas-grandes-especialistas-sobre-la-coparticipacion\/"]}]},{"@type":"ImageObject","inLanguage":"es","@id":"https:\/\/diariotextual.com\/inicio\/index.php\/2026\/08\/31\/los-elogios-de-kicillof-a-ziliotto-es-uno-de-los-mas-grandes-especialistas-sobre-la-coparticipacion\/#primaryimage","url":"https:\/\/diariotextual.com\/inicio\/wp-content\/uploads\/2026\/08\/ziliottosergiokicillofaxel2026-71.jpg","contentUrl":"https:\/\/diariotextual.com\/inicio\/wp-content\/uploads\/2026\/08\/ziliottosergiokicillofaxel2026-71.jpg","width":1300,"height":867},{"@type":"BreadcrumbList","@id":"https:\/\/diariotextual.com\/inicio\/index.php\/2026\/08\/31\/los-elogios-de-kicillof-a-ziliotto-es-uno-de-los-mas-grandes-especialistas-sobre-la-coparticipacion\/#breadcrumb","itemListElement":[{"@type":"ListItem","position":1,"name":"Portada","item":"https:\/\/diariotextual.com\/inicio\/"},{"@type":"ListItem","position":2,"name":"Los elogios de Kicillof a Ziliotto: \u201cEs uno de los m\u00e1s grandes especialistas sobre la coparticipaci\u00f3n\u201d"}]},{"@type":"WebSite","@id":"https:\/\/diariotextual.com\/inicio\/#website","url":"https:\/\/diariotextual.com\/inicio\/","name":"Diario Textual","description":"","publisher":{"@id":"https:\/\/diariotextual.com\/inicio\/#organization"},"potentialAction":[{"@type":"SearchAction","target":{"@type":"EntryPoint","urlTemplate":"https:\/\/diariotextual.com\/inicio\/?s={search_term_string}"},"query-input":{"@type":"PropertyValueSpecification","valueRequired":true,"valueName":"search_term_string"}}],"inLanguage":"es"},{"@type":"Organization","@id":"https:\/\/diariotextual.com\/inicio\/#organization","name":"Diario Textual","url":"https:\/\/diariotextual.com\/inicio\/","logo":{"@type":"ImageObject","inLanguage":"es","@id":"https:\/\/diariotextual.com\/inicio\/#\/schema\/logo\/image\/","url":"https:\/\/diariotextual.com\/inicio\/wp-content\/uploads\/2023\/05\/logotextual1.jpg","contentUrl":"https:\/\/diariotextual.com\/inicio\/wp-content\/uploads\/2023\/05\/logotextual1.jpg","width":516,"height":76,"caption":"Diario Textual"},"image":{"@id":"https:\/\/diariotextual.com\/inicio\/#\/schema\/logo\/image\/"},"sameAs":["https:\/\/www.facebook.com\/eltextual","https:\/\/x.com\/eltextual","http:\/\/www.instagram.com\/eltextual"]},{"@type":"Person","@id":"https:\/\/diariotextual.com\/inicio\/#\/schema\/person\/418fc4093c33e86ed41562db3508f958","name":"Diario1 Diario1","image":{"@type":"ImageObject","inLanguage":"es","@id":"https:\/\/secure.gravatar.com\/avatar\/9167d280179c85bc18be67aa7eda765854300033af4896dd779b608640f2ef7a?s=96&d=mm&r=g","url":"https:\/\/secure.gravatar.com\/avatar\/9167d280179c85bc18be67aa7eda765854300033af4896dd779b608640f2ef7a?s=96&d=mm&r=g","contentUrl":"https:\/\/secure.gravatar.com\/avatar\/9167d280179c85bc18be67aa7eda765854300033af4896dd779b608640f2ef7a?s=96&d=mm&r=g","caption":"Diario1 Diario1"},"url":"https:\/\/diariotextual.com\/inicio\/index.php\/author\/diario1\/"}]}},"_links":{"self":[{"href":"https:\/\/diariotextual.com\/inicio\/index.php\/wp-json\/wp\/v2\/posts\/334198","targetHints":{"allow":["GET"]}}],"collection":[{"href":"https:\/\/diariotextual.com\/inicio\/index.php\/wp-json\/wp\/v2\/posts"}],"about":[{"href":"https:\/\/diariotextual.com\/inicio\/index.php\/wp-json\/wp\/v2\/types\/post"}],"author":[{"embeddable":true,"href":"https:\/\/diariotextual.com\/inicio\/index.php\/wp-json\/wp\/v2\/users\/3"}],"replies":[{"embeddable":true,"href":"https:\/\/diariotextual.com\/inicio\/index.php\/wp-json\/wp\/v2\/comments?post=334198"}],"version-history":[{"count":2,"href":"https:\/\/diariotextual.com\/inicio\/index.php\/wp-json\/wp\/v2\/posts\/334198\/revisions"}],"predecessor-version":[{"id":334200,"href":"https:\/\/diariotextual.com\/inicio\/index.php\/wp-json\/wp\/v2\/posts\/334198\/revisions\/334200"}],"wp:featuredmedia":[{"embeddable":true,"href":"https:\/\/diariotextual.com\/inicio\/index.php\/wp-json\/wp\/v2\/media\/334204"}],"wp:attachment":[{"href":"https:\/\/diariotextual.com\/inicio\/index.php\/wp-json\/wp\/v2\/media?parent=334198"}],"wp:term":[{"taxonomy":"category","embeddable":true,"href":"https:\/\/diariotextual.com\/inicio\/index.php\/wp-json\/wp\/v2\/categories?post=334198"},{"taxonomy":"post_tag","embeddable":true,"href":"https:\/\/diariotextual.com\/inicio\/index.php\/wp-json\/wp\/v2\/tags?post=334198"}],"curies":[{"name":"wp","href":"https:\/\/api.w.org\/{rel}","templated":true}]}}