{"id":334221,"date":"2026-08-31T19:55:05","date_gmt":"2026-08-31T22:55:05","guid":{"rendered":"https:\/\/diariotextual.com\/inicio\/?p=334221"},"modified":"2026-08-31T19:56:08","modified_gmt":"2026-08-31T22:56:08","slug":"bodegas-pampeanas-se-destacaron-en-concurso-internacional-de-vinos-en-mendoza","status":"publish","type":"post","link":"https:\/\/diariotextual.com\/inicio\/index.php\/2026\/08\/31\/bodegas-pampeanas-se-destacaron-en-concurso-internacional-de-vinos-en-mendoza\/","title":{"rendered":"Bodegas pampeanas se destacaron en concurso internacional de vinos"},"content":{"rendered":"\n<p class=\"wp-block-paragraph\">La vitivinicultura pampeana volvi\u00f3 a marcar un hito hist\u00f3rico tras su destacada participaci\u00f3n en el prestigioso <strong>Concurso Internacional de Vinos y Licores VINUS 2026<\/strong>, celebrado en la provincia de Mendoza.<\/p>\n\n\n\n<p class=\"wp-block-paragraph\">En una competencia donde <strong>se evaluaron m\u00e1s de 500 muestras provenientes de 17 pa\u00edses<\/strong>, las etiquetas producidas en suelo pampeano confirmaron el alto est\u00e1ndar de calidad, la identidad de su terru\u00f1o y el vertiginoso crecimiento que experimenta el sector en la provincia, detall\u00f3 Adriana Go\u00f1i, presidenta de la C\u00e1mara Vitivin\u00edcola Pampeana.<\/p>\n\n\n\n<p class=\"wp-block-paragraph\">Las <strong>bodegas pampeanas obtuvieron un total de 26 medallas de jerarqu\u00eda internacional<\/strong> (3 Dobles Medallas de Oro, 17 Medallas de Oro y 6 Medallas de Plata).<\/p>\n\n\n\n<p class=\"wp-block-paragraph\">El detalle de los galardones obtenidos por cada bodega comprende:<\/p>\n\n\n\n<p class=\"wp-block-paragraph\">\u2022 <strong>Bodega Quietud (Santa Rosa)<\/strong> 16 Medallas:<\/p>\n\n\n\n<p class=\"wp-block-paragraph\">&#8211; Doble Medalla de Oro: Marselan 2025 (96 pts), Acechado Monte Adentro 2025 (95 pts), Tannat 2025 (95 pts).<\/p>\n\n\n\n<p class=\"wp-block-paragraph\">&#8211; Medalla de Oro: Garnacha 2025 (93 pts), Carmenere 2025 (92 pts), Montepulciano 2025 (91 pts), Rosado Montepulciano 2026 (91 pts), La Gran 7 Cabernet Franc 2025 (91 pts), Malbec 2026 (91 pts), Pampa Gringa 2025 (90 pts), Monastrell 2025 (90 pts), Acechado Pampa Salvaje 2025 (90 pts).<\/p>\n\n\n\n<p class=\"wp-block-paragraph\">&#8211; Medalla de Plata: La Gran 7 Malbec 2025 (89 pts), Acechado Single Cask 2024 (89 pts), Chardonnay 2025 (89 pts), Pinot Noir 2025 (87 pts).<\/p>\n\n\n\n<p class=\"wp-block-paragraph\">\u2022 <strong>Bodega Estilo 152 (General Acha)<\/strong> 3 Medallas:<\/p>\n\n\n\n<p class=\"wp-block-paragraph\">&#8211; Medalla de Oro: Estilo 152 Malbec 2025 (92 pts), Estilo 152 Malbec Reserva 2024 (90 pts), Estilo 152 Cabernet Sauvignon Reserva 2024 (90 pts).<\/p>\n\n\n\n<p class=\"wp-block-paragraph\">\u2022 <strong>Bodega Lejan\u00eda (Gobernador Duval)<\/strong> 3 Medallas:<\/p>\n\n\n\n<p class=\"wp-block-paragraph\">&#8211; Medalla de Oro: Lejan\u00eda Malbec 2024 (92 pts), Lejan\u00eda Malbec 2025 (91 pts), Lejan\u00eda Pinot Noir Rosado 2025 (91 pts).<\/p>\n\n\n\n<p class=\"wp-block-paragraph\">\u2022 <strong>Bodega Pichi Huinca (Pichi Huinca) <\/strong>2 Medallas:<\/p>\n\n\n\n<p class=\"wp-block-paragraph\">&nbsp;&#8211; Medalla de Oro: Malbec 2025 (91 pts), Malbec Reserva 2025 (90 pts).<\/p>\n\n\n\n<p class=\"wp-block-paragraph\">\u2022 <strong>Bodega Arumc\u00f3 (Gobernador Duval)<\/strong> 2 Medallas:<\/p>\n\n\n\n<p class=\"wp-block-paragraph\">&nbsp;&#8211; Medalla de Plata: Arumco Reserva Malbec 2024 (89 pts), Arumc\u00f3 Malbec Joven 2025 (89 pts).<\/p>\n\n\n\n<p class=\"wp-block-paragraph\">La C\u00e1mara Vitivin\u00edcola de La Pampa (Cavilpa) nuclea proyectos consolidados con vi\u00f1edo y bodega propia como Bodega del Desierto (25 de Mayo), Bodega Lejan\u00eda (Gobernador Duval), Bodega Quietud (Santa Rosa), Bodega Estilo 152 (General Acha), Bodega Pichi Huinca (Pichi Huinca), Bodega Vasco Go\u00f1i (General Pico) y Pampa Norte (Trenel)\u2014 as\u00ed como productores y fincas en Gobernador Duval y Tel\u00e9n que vinifican en bodegas de la provincia (Arumco, Viejo Zorba, Finca Gratitud, Finca Haberkon \/ Clavero y Punta de Riel).<\/p>\n\n\n\n<p class=\"wp-block-paragraph\">A este entramado se suman emprendimientos fuera de la c\u00e1mara como Vides del Caldenal (Toay) y El Rastro (Caleuf\u00fa), vi\u00f1edos existentes en Quem\u00fa Quem\u00fa, Arata y Eduardo Castex, y proyectos pre detallados en Winifreda y Trebolares.<\/p>\n","protected":false},"excerpt":{"rendered":"<p>La vitivinicultura pampeana volvi\u00f3 a marcar un hito hist\u00f3rico tras su destacada participaci\u00f3n en el prestigioso Concurso Internacional de Vinos y Licores VINUS 2026, celebrado en la provincia de Mendoza.&hellip;<\/p>\n","protected":false},"author":5,"featured_media":181644,"comment_status":"closed","ping_status":"open","sticky":false,"template":"","format":"standard","meta":{"_acf_changed":false,"footnotes":""},"categories":[4,20],"tags":[],"class_list":["post-334221","post","type-post","status-publish","format-standard","has-post-thumbnail","hentry","category-destacadas","category-campo"],"acf":[],"yoast_head":"<!-- This site is optimized with the Yoast SEO plugin v28.3 - https:\/\/yoast.com\/product\/yoast-seo-wordpress\/ -->\n<title>Bodegas pampeanas se destacaron en concurso internacional de vinos - Diario Textual<\/title>\n<meta name=\"robots\" content=\"index, follow, max-snippet:-1, max-image-preview:large, max-video-preview:-1\" \/>\n<link rel=\"canonical\" href=\"https:\/\/diariotextual.com\/inicio\/index.php\/2026\/08\/31\/bodegas-pampeanas-se-destacaron-en-concurso-internacional-de-vinos-en-mendoza\/\" \/>\n<meta property=\"og:locale\" content=\"es_ES\" \/>\n<meta property=\"og:type\" content=\"article\" \/>\n<meta property=\"og:title\" content=\"Bodegas pampeanas se destacaron en concurso internacional de vinos - Diario Textual\" \/>\n<meta property=\"og:description\" content=\"La vitivinicultura pampeana volvi\u00f3 a marcar un hito hist\u00f3rico tras su destacada participaci\u00f3n en el prestigioso Concurso Internacional de Vinos y Licores VINUS 2026, celebrado en la provincia de Mendoza.&hellip;\" \/>\n<meta property=\"og:url\" content=\"https:\/\/diariotextual.com\/inicio\/index.php\/2026\/08\/31\/bodegas-pampeanas-se-destacaron-en-concurso-internacional-de-vinos-en-mendoza\/\" \/>\n<meta property=\"og:site_name\" content=\"Diario Textual\" \/>\n<meta property=\"article:publisher\" content=\"https:\/\/www.facebook.com\/eltextual\" \/>\n<meta property=\"article:published_time\" content=\"2026-08-31T22:55:05+00:00\" \/>\n<meta property=\"article:modified_time\" content=\"2026-08-31T22:56:08+00:00\" \/>\n<meta property=\"og:image\" content=\"https:\/\/diariotextual.com\/inicio\/wp-content\/uploads\/2022\/03\/vendimiavinoscasadepiedratextual2022-1.jpg\" \/>\n\t<meta property=\"og:image:width\" content=\"1500\" \/>\n\t<meta property=\"og:image:height\" content=\"844\" \/>\n\t<meta property=\"og:image:type\" content=\"image\/jpeg\" \/>\n<meta name=\"author\" content=\"diario3\" \/>\n<meta name=\"twitter:card\" content=\"summary_large_image\" \/>\n<meta name=\"twitter:creator\" content=\"@eltextual\" \/>\n<meta name=\"twitter:site\" content=\"@eltextual\" \/>\n<meta name=\"twitter:label1\" content=\"Escrito por\" \/>\n\t<meta name=\"twitter:data1\" content=\"diario3\" \/>\n\t<meta name=\"twitter:label2\" content=\"Tiempo de lectura\" \/>\n\t<meta name=\"twitter:data2\" content=\"3 minutos\" \/>\n<script type=\"application\/ld+json\" class=\"yoast-schema-graph\">{\"@context\":\"https:\\\/\\\/schema.org\",\"@graph\":[{\"@type\":\"Article\",\"@id\":\"https:\\\/\\\/diariotextual.com\\\/inicio\\\/index.php\\\/2026\\\/08\\\/31\\\/bodegas-pampeanas-se-destacaron-en-concurso-internacional-de-vinos-en-mendoza\\\/#article\",\"isPartOf\":{\"@id\":\"https:\\\/\\\/diariotextual.com\\\/inicio\\\/index.php\\\/2026\\\/08\\\/31\\\/bodegas-pampeanas-se-destacaron-en-concurso-internacional-de-vinos-en-mendoza\\\/\"},\"author\":{\"name\":\"diario3\",\"@id\":\"https:\\\/\\\/diariotextual.com\\\/inicio\\\/#\\\/schema\\\/person\\\/a1b6f563e0ee944c60f98119389a4d9f\"},\"headline\":\"Bodegas pampeanas se destacaron en concurso internacional de vinos\",\"datePublished\":\"2026-08-31T22:55:05+00:00\",\"dateModified\":\"2026-08-31T22:56:08+00:00\",\"mainEntityOfPage\":{\"@id\":\"https:\\\/\\\/diariotextual.com\\\/inicio\\\/index.php\\\/2026\\\/08\\\/31\\\/bodegas-pampeanas-se-destacaron-en-concurso-internacional-de-vinos-en-mendoza\\\/\"},\"wordCount\":392,\"publisher\":{\"@id\":\"https:\\\/\\\/diariotextual.com\\\/inicio\\\/#organization\"},\"image\":{\"@id\":\"https:\\\/\\\/diariotextual.com\\\/inicio\\\/index.php\\\/2026\\\/08\\\/31\\\/bodegas-pampeanas-se-destacaron-en-concurso-internacional-de-vinos-en-mendoza\\\/#primaryimage\"},\"thumbnailUrl\":\"https:\\\/\\\/diariotextual.com\\\/inicio\\\/wp-content\\\/uploads\\\/2022\\\/03\\\/vendimiavinoscasadepiedratextual2022-1.jpg\",\"articleSection\":[\"A - DESTACADAS (mod 16)\",\"CAMPO\"],\"inLanguage\":\"es\"},{\"@type\":\"WebPage\",\"@id\":\"https:\\\/\\\/diariotextual.com\\\/inicio\\\/index.php\\\/2026\\\/08\\\/31\\\/bodegas-pampeanas-se-destacaron-en-concurso-internacional-de-vinos-en-mendoza\\\/\",\"url\":\"https:\\\/\\\/diariotextual.com\\\/inicio\\\/index.php\\\/2026\\\/08\\\/31\\\/bodegas-pampeanas-se-destacaron-en-concurso-internacional-de-vinos-en-mendoza\\\/\",\"name\":\"Bodegas pampeanas se destacaron en concurso internacional de vinos - Diario Textual\",\"isPartOf\":{\"@id\":\"https:\\\/\\\/diariotextual.com\\\/inicio\\\/#website\"},\"primaryImageOfPage\":{\"@id\":\"https:\\\/\\\/diariotextual.com\\\/inicio\\\/index.php\\\/2026\\\/08\\\/31\\\/bodegas-pampeanas-se-destacaron-en-concurso-internacional-de-vinos-en-mendoza\\\/#primaryimage\"},\"image\":{\"@id\":\"https:\\\/\\\/diariotextual.com\\\/inicio\\\/index.php\\\/2026\\\/08\\\/31\\\/bodegas-pampeanas-se-destacaron-en-concurso-internacional-de-vinos-en-mendoza\\\/#primaryimage\"},\"thumbnailUrl\":\"https:\\\/\\\/diariotextual.com\\\/inicio\\\/wp-content\\\/uploads\\\/2022\\\/03\\\/vendimiavinoscasadepiedratextual2022-1.jpg\",\"datePublished\":\"2026-08-31T22:55:05+00:00\",\"dateModified\":\"2026-08-31T22:56:08+00:00\",\"breadcrumb\":{\"@id\":\"https:\\\/\\\/diariotextual.com\\\/inicio\\\/index.php\\\/2026\\\/08\\\/31\\\/bodegas-pampeanas-se-destacaron-en-concurso-internacional-de-vinos-en-mendoza\\\/#breadcrumb\"},\"inLanguage\":\"es\",\"potentialAction\":[{\"@type\":\"ReadAction\",\"target\":[\"https:\\\/\\\/diariotextual.com\\\/inicio\\\/index.php\\\/2026\\\/08\\\/31\\\/bodegas-pampeanas-se-destacaron-en-concurso-internacional-de-vinos-en-mendoza\\\/\"]}]},{\"@type\":\"ImageObject\",\"inLanguage\":\"es\",\"@id\":\"https:\\\/\\\/diariotextual.com\\\/inicio\\\/index.php\\\/2026\\\/08\\\/31\\\/bodegas-pampeanas-se-destacaron-en-concurso-internacional-de-vinos-en-mendoza\\\/#primaryimage\",\"url\":\"https:\\\/\\\/diariotextual.com\\\/inicio\\\/wp-content\\\/uploads\\\/2022\\\/03\\\/vendimiavinoscasadepiedratextual2022-1.jpg\",\"contentUrl\":\"https:\\\/\\\/diariotextual.com\\\/inicio\\\/wp-content\\\/uploads\\\/2022\\\/03\\\/vendimiavinoscasadepiedratextual2022-1.jpg\",\"width\":1500,\"height\":844},{\"@type\":\"BreadcrumbList\",\"@id\":\"https:\\\/\\\/diariotextual.com\\\/inicio\\\/index.php\\\/2026\\\/08\\\/31\\\/bodegas-pampeanas-se-destacaron-en-concurso-internacional-de-vinos-en-mendoza\\\/#breadcrumb\",\"itemListElement\":[{\"@type\":\"ListItem\",\"position\":1,\"name\":\"Portada\",\"item\":\"https:\\\/\\\/diariotextual.com\\\/inicio\\\/\"},{\"@type\":\"ListItem\",\"position\":2,\"name\":\"Bodegas pampeanas se destacaron en concurso internacional de vinos\"}]},{\"@type\":\"WebSite\",\"@id\":\"https:\\\/\\\/diariotextual.com\\\/inicio\\\/#website\",\"url\":\"https:\\\/\\\/diariotextual.com\\\/inicio\\\/\",\"name\":\"Diario Textual\",\"description\":\"\",\"publisher\":{\"@id\":\"https:\\\/\\\/diariotextual.com\\\/inicio\\\/#organization\"},\"potentialAction\":[{\"@type\":\"SearchAction\",\"target\":{\"@type\":\"EntryPoint\",\"urlTemplate\":\"https:\\\/\\\/diariotextual.com\\\/inicio\\\/?s={search_term_string}\"},\"query-input\":{\"@type\":\"PropertyValueSpecification\",\"valueRequired\":true,\"valueName\":\"search_term_string\"}}],\"inLanguage\":\"es\"},{\"@type\":\"Organization\",\"@id\":\"https:\\\/\\\/diariotextual.com\\\/inicio\\\/#organization\",\"name\":\"Diario Textual\",\"url\":\"https:\\\/\\\/diariotextual.com\\\/inicio\\\/\",\"logo\":{\"@type\":\"ImageObject\",\"inLanguage\":\"es\",\"@id\":\"https:\\\/\\\/diariotextual.com\\\/inicio\\\/#\\\/schema\\\/logo\\\/image\\\/\",\"url\":\"https:\\\/\\\/diariotextual.com\\\/inicio\\\/wp-content\\\/uploads\\\/2023\\\/05\\\/logotextual1.jpg\",\"contentUrl\":\"https:\\\/\\\/diariotextual.com\\\/inicio\\\/wp-content\\\/uploads\\\/2023\\\/05\\\/logotextual1.jpg\",\"width\":516,\"height\":76,\"caption\":\"Diario Textual\"},\"image\":{\"@id\":\"https:\\\/\\\/diariotextual.com\\\/inicio\\\/#\\\/schema\\\/logo\\\/image\\\/\"},\"sameAs\":[\"https:\\\/\\\/www.facebook.com\\\/eltextual\",\"https:\\\/\\\/x.com\\\/eltextual\",\"http:\\\/\\\/www.instagram.com\\\/eltextual\"]},{\"@type\":\"Person\",\"@id\":\"https:\\\/\\\/diariotextual.com\\\/inicio\\\/#\\\/schema\\\/person\\\/a1b6f563e0ee944c60f98119389a4d9f\",\"name\":\"diario3\",\"image\":{\"@type\":\"ImageObject\",\"inLanguage\":\"es\",\"@id\":\"https:\\\/\\\/secure.gravatar.com\\\/avatar\\\/5e7ee62c82fc04d9dd79d746a390d93c69c43223e5faeeb3ea9461ef752bfc5d?s=96&d=mm&r=g\",\"url\":\"https:\\\/\\\/secure.gravatar.com\\\/avatar\\\/5e7ee62c82fc04d9dd79d746a390d93c69c43223e5faeeb3ea9461ef752bfc5d?s=96&d=mm&r=g\",\"contentUrl\":\"https:\\\/\\\/secure.gravatar.com\\\/avatar\\\/5e7ee62c82fc04d9dd79d746a390d93c69c43223e5faeeb3ea9461ef752bfc5d?s=96&d=mm&r=g\",\"caption\":\"diario3\"},\"url\":\"https:\\\/\\\/diariotextual.com\\\/inicio\\\/index.php\\\/author\\\/diario3\\\/\"}]}<\/script>\n<!-- \/ Yoast SEO plugin. -->","yoast_head_json":{"title":"Bodegas pampeanas se destacaron en concurso internacional de vinos - Diario Textual","robots":{"index":"index","follow":"follow","max-snippet":"max-snippet:-1","max-image-preview":"max-image-preview:large","max-video-preview":"max-video-preview:-1"},"canonical":"https:\/\/diariotextual.com\/inicio\/index.php\/2026\/08\/31\/bodegas-pampeanas-se-destacaron-en-concurso-internacional-de-vinos-en-mendoza\/","og_locale":"es_ES","og_type":"article","og_title":"Bodegas pampeanas se destacaron en concurso internacional de vinos - Diario Textual","og_description":"La vitivinicultura pampeana volvi\u00f3 a marcar un hito hist\u00f3rico tras su destacada participaci\u00f3n en el prestigioso Concurso Internacional de Vinos y Licores VINUS 2026, celebrado en la provincia de Mendoza.&hellip;","og_url":"https:\/\/diariotextual.com\/inicio\/index.php\/2026\/08\/31\/bodegas-pampeanas-se-destacaron-en-concurso-internacional-de-vinos-en-mendoza\/","og_site_name":"Diario Textual","article_publisher":"https:\/\/www.facebook.com\/eltextual","article_published_time":"2026-08-31T22:55:05+00:00","article_modified_time":"2026-08-31T22:56:08+00:00","og_image":[{"width":1500,"height":844,"url":"https:\/\/diariotextual.com\/inicio\/wp-content\/uploads\/2022\/03\/vendimiavinoscasadepiedratextual2022-1.jpg","type":"image\/jpeg"}],"author":"diario3","twitter_card":"summary_large_image","twitter_creator":"@eltextual","twitter_site":"@eltextual","twitter_misc":{"Escrito por":"diario3","Tiempo de lectura":"3 minutos"},"schema":{"@context":"https:\/\/schema.org","@graph":[{"@type":"Article","@id":"https:\/\/diariotextual.com\/inicio\/index.php\/2026\/08\/31\/bodegas-pampeanas-se-destacaron-en-concurso-internacional-de-vinos-en-mendoza\/#article","isPartOf":{"@id":"https:\/\/diariotextual.com\/inicio\/index.php\/2026\/08\/31\/bodegas-pampeanas-se-destacaron-en-concurso-internacional-de-vinos-en-mendoza\/"},"author":{"name":"diario3","@id":"https:\/\/diariotextual.com\/inicio\/#\/schema\/person\/a1b6f563e0ee944c60f98119389a4d9f"},"headline":"Bodegas pampeanas se destacaron en concurso internacional de vinos","datePublished":"2026-08-31T22:55:05+00:00","dateModified":"2026-08-31T22:56:08+00:00","mainEntityOfPage":{"@id":"https:\/\/diariotextual.com\/inicio\/index.php\/2026\/08\/31\/bodegas-pampeanas-se-destacaron-en-concurso-internacional-de-vinos-en-mendoza\/"},"wordCount":392,"publisher":{"@id":"https:\/\/diariotextual.com\/inicio\/#organization"},"image":{"@id":"https:\/\/diariotextual.com\/inicio\/index.php\/2026\/08\/31\/bodegas-pampeanas-se-destacaron-en-concurso-internacional-de-vinos-en-mendoza\/#primaryimage"},"thumbnailUrl":"https:\/\/diariotextual.com\/inicio\/wp-content\/uploads\/2022\/03\/vendimiavinoscasadepiedratextual2022-1.jpg","articleSection":["A - DESTACADAS (mod 16)","CAMPO"],"inLanguage":"es"},{"@type":"WebPage","@id":"https:\/\/diariotextual.com\/inicio\/index.php\/2026\/08\/31\/bodegas-pampeanas-se-destacaron-en-concurso-internacional-de-vinos-en-mendoza\/","url":"https:\/\/diariotextual.com\/inicio\/index.php\/2026\/08\/31\/bodegas-pampeanas-se-destacaron-en-concurso-internacional-de-vinos-en-mendoza\/","name":"Bodegas pampeanas se destacaron en concurso internacional de vinos - Diario Textual","isPartOf":{"@id":"https:\/\/diariotextual.com\/inicio\/#website"},"primaryImageOfPage":{"@id":"https:\/\/diariotextual.com\/inicio\/index.php\/2026\/08\/31\/bodegas-pampeanas-se-destacaron-en-concurso-internacional-de-vinos-en-mendoza\/#primaryimage"},"image":{"@id":"https:\/\/diariotextual.com\/inicio\/index.php\/2026\/08\/31\/bodegas-pampeanas-se-destacaron-en-concurso-internacional-de-vinos-en-mendoza\/#primaryimage"},"thumbnailUrl":"https:\/\/diariotextual.com\/inicio\/wp-content\/uploads\/2022\/03\/vendimiavinoscasadepiedratextual2022-1.jpg","datePublished":"2026-08-31T22:55:05+00:00","dateModified":"2026-08-31T22:56:08+00:00","breadcrumb":{"@id":"https:\/\/diariotextual.com\/inicio\/index.php\/2026\/08\/31\/bodegas-pampeanas-se-destacaron-en-concurso-internacional-de-vinos-en-mendoza\/#breadcrumb"},"inLanguage":"es","potentialAction":[{"@type":"ReadAction","target":["https:\/\/diariotextual.com\/inicio\/index.php\/2026\/08\/31\/bodegas-pampeanas-se-destacaron-en-concurso-internacional-de-vinos-en-mendoza\/"]}]},{"@type":"ImageObject","inLanguage":"es","@id":"https:\/\/diariotextual.com\/inicio\/index.php\/2026\/08\/31\/bodegas-pampeanas-se-destacaron-en-concurso-internacional-de-vinos-en-mendoza\/#primaryimage","url":"https:\/\/diariotextual.com\/inicio\/wp-content\/uploads\/2022\/03\/vendimiavinoscasadepiedratextual2022-1.jpg","contentUrl":"https:\/\/diariotextual.com\/inicio\/wp-content\/uploads\/2022\/03\/vendimiavinoscasadepiedratextual2022-1.jpg","width":1500,"height":844},{"@type":"BreadcrumbList","@id":"https:\/\/diariotextual.com\/inicio\/index.php\/2026\/08\/31\/bodegas-pampeanas-se-destacaron-en-concurso-internacional-de-vinos-en-mendoza\/#breadcrumb","itemListElement":[{"@type":"ListItem","position":1,"name":"Portada","item":"https:\/\/diariotextual.com\/inicio\/"},{"@type":"ListItem","position":2,"name":"Bodegas pampeanas se destacaron en concurso internacional de vinos"}]},{"@type":"WebSite","@id":"https:\/\/diariotextual.com\/inicio\/#website","url":"https:\/\/diariotextual.com\/inicio\/","name":"Diario Textual","description":"","publisher":{"@id":"https:\/\/diariotextual.com\/inicio\/#organization"},"potentialAction":[{"@type":"SearchAction","target":{"@type":"EntryPoint","urlTemplate":"https:\/\/diariotextual.com\/inicio\/?s={search_term_string}"},"query-input":{"@type":"PropertyValueSpecification","valueRequired":true,"valueName":"search_term_string"}}],"inLanguage":"es"},{"@type":"Organization","@id":"https:\/\/diariotextual.com\/inicio\/#organization","name":"Diario Textual","url":"https:\/\/diariotextual.com\/inicio\/","logo":{"@type":"ImageObject","inLanguage":"es","@id":"https:\/\/diariotextual.com\/inicio\/#\/schema\/logo\/image\/","url":"https:\/\/diariotextual.com\/inicio\/wp-content\/uploads\/2023\/05\/logotextual1.jpg","contentUrl":"https:\/\/diariotextual.com\/inicio\/wp-content\/uploads\/2023\/05\/logotextual1.jpg","width":516,"height":76,"caption":"Diario Textual"},"image":{"@id":"https:\/\/diariotextual.com\/inicio\/#\/schema\/logo\/image\/"},"sameAs":["https:\/\/www.facebook.com\/eltextual","https:\/\/x.com\/eltextual","http:\/\/www.instagram.com\/eltextual"]},{"@type":"Person","@id":"https:\/\/diariotextual.com\/inicio\/#\/schema\/person\/a1b6f563e0ee944c60f98119389a4d9f","name":"diario3","image":{"@type":"ImageObject","inLanguage":"es","@id":"https:\/\/secure.gravatar.com\/avatar\/5e7ee62c82fc04d9dd79d746a390d93c69c43223e5faeeb3ea9461ef752bfc5d?s=96&d=mm&r=g","url":"https:\/\/secure.gravatar.com\/avatar\/5e7ee62c82fc04d9dd79d746a390d93c69c43223e5faeeb3ea9461ef752bfc5d?s=96&d=mm&r=g","contentUrl":"https:\/\/secure.gravatar.com\/avatar\/5e7ee62c82fc04d9dd79d746a390d93c69c43223e5faeeb3ea9461ef752bfc5d?s=96&d=mm&r=g","caption":"diario3"},"url":"https:\/\/diariotextual.com\/inicio\/index.php\/author\/diario3\/"}]}},"_links":{"self":[{"href":"https:\/\/diariotextual.com\/inicio\/index.php\/wp-json\/wp\/v2\/posts\/334221","targetHints":{"allow":["GET"]}}],"collection":[{"href":"https:\/\/diariotextual.com\/inicio\/index.php\/wp-json\/wp\/v2\/posts"}],"about":[{"href":"https:\/\/diariotextual.com\/inicio\/index.php\/wp-json\/wp\/v2\/types\/post"}],"author":[{"embeddable":true,"href":"https:\/\/diariotextual.com\/inicio\/index.php\/wp-json\/wp\/v2\/users\/5"}],"replies":[{"embeddable":true,"href":"https:\/\/diariotextual.com\/inicio\/index.php\/wp-json\/wp\/v2\/comments?post=334221"}],"version-history":[{"count":2,"href":"https:\/\/diariotextual.com\/inicio\/index.php\/wp-json\/wp\/v2\/posts\/334221\/revisions"}],"predecessor-version":[{"id":334223,"href":"https:\/\/diariotextual.com\/inicio\/index.php\/wp-json\/wp\/v2\/posts\/334221\/revisions\/334223"}],"wp:featuredmedia":[{"embeddable":true,"href":"https:\/\/diariotextual.com\/inicio\/index.php\/wp-json\/wp\/v2\/media\/181644"}],"wp:attachment":[{"href":"https:\/\/diariotextual.com\/inicio\/index.php\/wp-json\/wp\/v2\/media?parent=334221"}],"wp:term":[{"taxonomy":"category","embeddable":true,"href":"https:\/\/diariotextual.com\/inicio\/index.php\/wp-json\/wp\/v2\/categories?post=334221"},{"taxonomy":"post_tag","embeddable":true,"href":"https:\/\/diariotextual.com\/inicio\/index.php\/wp-json\/wp\/v2\/tags?post=334221"}],"curies":[{"name":"wp","href":"https:\/\/api.w.org\/{rel}","templated":true}]}}