{"id":334226,"date":"2026-08-31T20:22:55","date_gmt":"2026-08-31T23:22:55","guid":{"rendered":"https:\/\/diariotextual.com\/inicio\/?p=334226"},"modified":"2026-09-01T09:27:19","modified_gmt":"2026-09-01T12:27:19","slug":"gallotti-y-el-acuerdo-con-buenos-aires-estamos-en-riesgo-como-localidad","status":"publish","type":"post","link":"https:\/\/diariotextual.com\/inicio\/index.php\/2026\/08\/31\/gallotti-y-el-acuerdo-con-buenos-aires-estamos-en-riesgo-como-localidad\/","title":{"rendered":"Gallotti y el acuerdo con Buenos Aires: \u201cEstamos en riesgo como localidad\u201d"},"content":{"rendered":"\n<p class=\"wp-block-paragraph\">El <strong>intendente de Bernardo Larroud\u00e9, Jos\u00e9 Luis Gallotti<\/strong>, valor\u00f3 la firma de los <strong>convenios suscriptos por los gobernadores Sergio Ziliotto y Axel Kicillof para fortalecer las acciones de prevenci\u00f3n<\/strong> y respuesta ante posibles eventos clim\u00e1ticos extremos. \u201cNosotros <strong>estamos en riesgo como localidad<\/strong>\u201d, asegur\u00f3.<\/p>\n\n\n\n<p class=\"wp-block-paragraph\">En di\u00e1logo con la Agencia Provincial de Noticias, el jefe comunal <strong>record\u00f3 las inundaciones que afectaron a la localidad <\/strong>y destac\u00f3 la importancia de que las provincias trabajen de manera coordinada. Gallotti, destac\u00f3 la firma de los convenios entre los gobernadores de La Pampa, Sergio Ziliotto, y de Buenos Aires, Axel Kicillof, al considerar que <strong>el acuerdo \u201cpermitir\u00e1 avanzar en acciones conjuntas\u201d para prevenir las consecuencias de eventuales inundaciones<\/strong> y otros fen\u00f3menos clim\u00e1ticos extremos.<\/p>\n\n\n\n<p class=\"wp-block-paragraph\">Gallotti conoce de cerca las dificultades que atraves\u00f3 la localidad durante anteriores episodios h\u00eddricos y consider\u00f3 que uno de los principales aprendizajes fue la necesidad de alcanzar acuerdos entre las provincias involucradas. \u201cMe parece b\u00e1rbaro esta firma de convenio\u201d, afirm\u00f3, al recordar que <strong>durante a\u00f1os existieron conflictos vinculados al escurrimiento de las aguas<\/strong> y a las obras de canalizaci\u00f3n.<\/p>\n\n\n\n<p class=\"wp-block-paragraph\">El jefe comunal se\u00f1al\u00f3 que Bernardo Larroud\u00e9 sufri\u00f3 situaciones particularmente complejas durante distintos per\u00edodos y record\u00f3 que <strong>en 2017 la localidad lleg\u00f3 a estar \u201crodeada de agua\u201d<\/strong>. Aquellos episodios derivaron incluso en cortes de rutas y conflictos entre vecinos y fuerzas de seguridad.<\/p>\n\n\n\n<p class=\"wp-block-paragraph\">\u201cNosotros <strong>la otra vez lo sufrimos porque no hab\u00eda acuerdo. Ahora lo veo perfecto<\/strong>, que lleguen a un acuerdo y que se firme un convenio\u201d, sostuvo y agreg\u00f3: \u201c<strong>La coordinaci\u00f3n entre las jurisdicciones resulta fundamental<\/strong> para evitar que las diferencias en el manejo de los excedentes h\u00eddricos vuelvan a generar situaciones de emergencia\u201d.<\/p>\n\n\n\n<p class=\"wp-block-paragraph\">Gallotti explic\u00f3 que el riesgo no se limita a la producci\u00f3n agropecuaria, sino que tambi\u00e9n alcanza directamente a la poblaci\u00f3n. \u201c<strong>No solamente est\u00e1 en riesgo el nivel productivo. Nosotros estamos en riesgo como localidad<\/strong>, porque estamos rodeados de agua\u201d, afirm\u00f3.<\/p>\n\n\n\n<div style=\"height:100px\" aria-hidden=\"true\" class=\"wp-block-spacer\"><\/div>\n\n\n\n<p class=\"wp-block-paragraph\"><strong>Obras en ejecuci\u00f3n<\/strong><\/p>\n\n\n\n<p class=\"wp-block-paragraph\">Para el intendente, la <strong>ejecuci\u00f3n de obras de infraestructura, como canales y alcantarillas, \u201cpermitir\u00e1 mejorar la capacidad de respuesta y reducir los riesgos<\/strong>\u201d. Sin embargo, insisti\u00f3 en que esas medidas deben estar acompa\u00f1adas por acuerdos entre las provincias.<\/p>\n\n\n\n<p class=\"wp-block-paragraph\">En paralelo, destac\u00f3 que Larroud\u00e9 avanz\u00f3 durante los \u00faltimos a\u00f1os en una estrategia de prevenci\u00f3n local. \u201cNos hemos adelantado bastante. Estamos preparados\u201d, afirm\u00f3.<\/p>\n\n\n\n<p class=\"wp-block-paragraph\">Entre las herramientas disponibles mencion\u00f3 <strong>un sistema de desag\u00fces pluviales de hormig\u00f3n, dos bombas arroceras, <\/strong>retroexcavadoras, palas y tractores.<\/p>\n\n\n\n<p class=\"wp-block-paragraph\">Gallotti tambi\u00e9n resalt\u00f3 <strong>el acompa\u00f1amiento del Gobierno provincial<\/strong> ante las necesidades de la localidad y destac\u00f3 el di\u00e1logo que mantiene con el gobernador Sergio Ziliotto. \u201cSiempre tengo una muy buena recepci\u00f3n\u201d, expres\u00f3, y puso en valor el trabajo conjunto m\u00e1s all\u00e1 de las diferencias partidarias.<\/p>\n\n\n\n<figure class=\"wp-block-embed is-type-wp-embed is-provider-diario-textual wp-block-embed-diario-textual\"><div class=\"wp-block-embed__wrapper\">\n<blockquote class=\"wp-embedded-content\" data-secret=\"PqRjgAmuvT\"><a href=\"https:\/\/diariotextual.com\/inicio\/index.php\/2026\/08\/31\/kicillof-y-ziliotto-firmaron-un-acuerdo-para-enfrentar-el-nino-y-reclamaron-los-fondos-manoteados-por-milei\/\">Kicillof y Ziliotto firmaron un acuerdo para enfrentar El Ni\u00f1o y reclamaron los fondos manoteados por Milei<\/a><\/blockquote><iframe class=\"wp-embedded-content\" sandbox=\"allow-scripts\" security=\"restricted\" style=\"position: absolute; visibility: hidden;\" title=\"\u00abKicillof y Ziliotto firmaron un acuerdo para enfrentar El Ni\u00f1o y reclamaron los fondos manoteados por Milei\u00bb \u2014 Diario Textual\" src=\"https:\/\/diariotextual.com\/inicio\/index.php\/2026\/08\/31\/kicillof-y-ziliotto-firmaron-un-acuerdo-para-enfrentar-el-nino-y-reclamaron-los-fondos-manoteados-por-milei\/embed\/#?secret=WuQ4KM0aOz#?secret=PqRjgAmuvT\" data-secret=\"PqRjgAmuvT\" width=\"600\" height=\"338\" frameborder=\"0\" marginwidth=\"0\" marginheight=\"0\" scrolling=\"no\"><\/iframe>\n<\/div><\/figure>\n","protected":false},"excerpt":{"rendered":"<p>El intendente de Bernardo Larroud\u00e9, Jos\u00e9 Luis Gallotti, valor\u00f3 la firma de los convenios suscriptos por los gobernadores Sergio Ziliotto y Axel Kicillof para fortalecer las acciones de prevenci\u00f3n y&hellip;<\/p>\n","protected":false},"author":5,"featured_media":334230,"comment_status":"closed","ping_status":"open","sticky":false,"template":"","format":"standard","meta":{"_acf_changed":false,"footnotes":""},"categories":[1,12],"tags":[],"class_list":["post-334226","post","type-post","status-publish","format-standard","has-post-thumbnail","hentry","category-es-noticia","category-sociedad"],"acf":[],"yoast_head":"<!-- This site is optimized with the Yoast SEO plugin v28.3 - https:\/\/yoast.com\/product\/yoast-seo-wordpress\/ -->\n<title>Gallotti y el acuerdo con Buenos Aires: \u201cEstamos en riesgo como localidad\u201d - Diario Textual<\/title>\n<meta name=\"robots\" content=\"index, follow, max-snippet:-1, max-image-preview:large, max-video-preview:-1\" \/>\n<link rel=\"canonical\" href=\"https:\/\/diariotextual.com\/inicio\/index.php\/2026\/08\/31\/gallotti-y-el-acuerdo-con-buenos-aires-estamos-en-riesgo-como-localidad\/\" \/>\n<meta property=\"og:locale\" content=\"es_ES\" \/>\n<meta property=\"og:type\" content=\"article\" \/>\n<meta property=\"og:title\" content=\"Gallotti y el acuerdo con Buenos Aires: \u201cEstamos en riesgo como localidad\u201d - Diario Textual\" \/>\n<meta property=\"og:description\" content=\"El intendente de Bernardo Larroud\u00e9, Jos\u00e9 Luis Gallotti, valor\u00f3 la firma de los convenios suscriptos por los gobernadores Sergio Ziliotto y Axel Kicillof para fortalecer las acciones de prevenci\u00f3n y&hellip;\" \/>\n<meta property=\"og:url\" content=\"https:\/\/diariotextual.com\/inicio\/index.php\/2026\/08\/31\/gallotti-y-el-acuerdo-con-buenos-aires-estamos-en-riesgo-como-localidad\/\" \/>\n<meta property=\"og:site_name\" content=\"Diario Textual\" \/>\n<meta property=\"article:publisher\" content=\"https:\/\/www.facebook.com\/eltextual\" \/>\n<meta property=\"article:published_time\" content=\"2026-08-31T23:22:55+00:00\" \/>\n<meta property=\"article:modified_time\" content=\"2026-09-01T12:27:19+00:00\" \/>\n<meta property=\"og:image\" content=\"https:\/\/diariotextual.com\/inicio\/wp-content\/uploads\/2026\/08\/gallottiborasalondeacuerdos2026.jpg\" \/>\n\t<meta property=\"og:image:width\" content=\"900\" \/>\n\t<meta property=\"og:image:height\" content=\"568\" \/>\n\t<meta property=\"og:image:type\" content=\"image\/jpeg\" \/>\n<meta name=\"author\" content=\"diario3\" \/>\n<meta name=\"twitter:card\" content=\"summary_large_image\" \/>\n<meta name=\"twitter:creator\" content=\"@eltextual\" \/>\n<meta name=\"twitter:site\" content=\"@eltextual\" \/>\n<meta name=\"twitter:label1\" content=\"Escrito por\" \/>\n\t<meta name=\"twitter:data1\" content=\"diario3\" \/>\n\t<meta name=\"twitter:label2\" content=\"Tiempo de lectura\" \/>\n\t<meta name=\"twitter:data2\" content=\"3 minutos\" \/>\n<script type=\"application\/ld+json\" class=\"yoast-schema-graph\">{\"@context\":\"https:\\\/\\\/schema.org\",\"@graph\":[{\"@type\":\"Article\",\"@id\":\"https:\\\/\\\/diariotextual.com\\\/inicio\\\/index.php\\\/2026\\\/08\\\/31\\\/gallotti-y-el-acuerdo-con-buenos-aires-estamos-en-riesgo-como-localidad\\\/#article\",\"isPartOf\":{\"@id\":\"https:\\\/\\\/diariotextual.com\\\/inicio\\\/index.php\\\/2026\\\/08\\\/31\\\/gallotti-y-el-acuerdo-con-buenos-aires-estamos-en-riesgo-como-localidad\\\/\"},\"author\":{\"name\":\"diario3\",\"@id\":\"https:\\\/\\\/diariotextual.com\\\/inicio\\\/#\\\/schema\\\/person\\\/a1b6f563e0ee944c60f98119389a4d9f\"},\"headline\":\"Gallotti y el acuerdo con Buenos Aires: \u201cEstamos en riesgo como localidad\u201d\",\"datePublished\":\"2026-08-31T23:22:55+00:00\",\"dateModified\":\"2026-09-01T12:27:19+00:00\",\"mainEntityOfPage\":{\"@id\":\"https:\\\/\\\/diariotextual.com\\\/inicio\\\/index.php\\\/2026\\\/08\\\/31\\\/gallotti-y-el-acuerdo-con-buenos-aires-estamos-en-riesgo-como-localidad\\\/\"},\"wordCount\":487,\"publisher\":{\"@id\":\"https:\\\/\\\/diariotextual.com\\\/inicio\\\/#organization\"},\"image\":{\"@id\":\"https:\\\/\\\/diariotextual.com\\\/inicio\\\/index.php\\\/2026\\\/08\\\/31\\\/gallotti-y-el-acuerdo-con-buenos-aires-estamos-en-riesgo-como-localidad\\\/#primaryimage\"},\"thumbnailUrl\":\"https:\\\/\\\/diariotextual.com\\\/inicio\\\/wp-content\\\/uploads\\\/2026\\\/08\\\/gallottiborasalondeacuerdos2026.jpg\",\"articleSection\":[\"A - ES NOTICIA (van abajo)\",\"SOCIEDAD\"],\"inLanguage\":\"es\"},{\"@type\":\"WebPage\",\"@id\":\"https:\\\/\\\/diariotextual.com\\\/inicio\\\/index.php\\\/2026\\\/08\\\/31\\\/gallotti-y-el-acuerdo-con-buenos-aires-estamos-en-riesgo-como-localidad\\\/\",\"url\":\"https:\\\/\\\/diariotextual.com\\\/inicio\\\/index.php\\\/2026\\\/08\\\/31\\\/gallotti-y-el-acuerdo-con-buenos-aires-estamos-en-riesgo-como-localidad\\\/\",\"name\":\"Gallotti y el acuerdo con Buenos Aires: \u201cEstamos en riesgo como localidad\u201d - Diario Textual\",\"isPartOf\":{\"@id\":\"https:\\\/\\\/diariotextual.com\\\/inicio\\\/#website\"},\"primaryImageOfPage\":{\"@id\":\"https:\\\/\\\/diariotextual.com\\\/inicio\\\/index.php\\\/2026\\\/08\\\/31\\\/gallotti-y-el-acuerdo-con-buenos-aires-estamos-en-riesgo-como-localidad\\\/#primaryimage\"},\"image\":{\"@id\":\"https:\\\/\\\/diariotextual.com\\\/inicio\\\/index.php\\\/2026\\\/08\\\/31\\\/gallotti-y-el-acuerdo-con-buenos-aires-estamos-en-riesgo-como-localidad\\\/#primaryimage\"},\"thumbnailUrl\":\"https:\\\/\\\/diariotextual.com\\\/inicio\\\/wp-content\\\/uploads\\\/2026\\\/08\\\/gallottiborasalondeacuerdos2026.jpg\",\"datePublished\":\"2026-08-31T23:22:55+00:00\",\"dateModified\":\"2026-09-01T12:27:19+00:00\",\"breadcrumb\":{\"@id\":\"https:\\\/\\\/diariotextual.com\\\/inicio\\\/index.php\\\/2026\\\/08\\\/31\\\/gallotti-y-el-acuerdo-con-buenos-aires-estamos-en-riesgo-como-localidad\\\/#breadcrumb\"},\"inLanguage\":\"es\",\"potentialAction\":[{\"@type\":\"ReadAction\",\"target\":[\"https:\\\/\\\/diariotextual.com\\\/inicio\\\/index.php\\\/2026\\\/08\\\/31\\\/gallotti-y-el-acuerdo-con-buenos-aires-estamos-en-riesgo-como-localidad\\\/\"]}]},{\"@type\":\"ImageObject\",\"inLanguage\":\"es\",\"@id\":\"https:\\\/\\\/diariotextual.com\\\/inicio\\\/index.php\\\/2026\\\/08\\\/31\\\/gallotti-y-el-acuerdo-con-buenos-aires-estamos-en-riesgo-como-localidad\\\/#primaryimage\",\"url\":\"https:\\\/\\\/diariotextual.com\\\/inicio\\\/wp-content\\\/uploads\\\/2026\\\/08\\\/gallottiborasalondeacuerdos2026.jpg\",\"contentUrl\":\"https:\\\/\\\/diariotextual.com\\\/inicio\\\/wp-content\\\/uploads\\\/2026\\\/08\\\/gallottiborasalondeacuerdos2026.jpg\",\"width\":900,\"height\":568},{\"@type\":\"BreadcrumbList\",\"@id\":\"https:\\\/\\\/diariotextual.com\\\/inicio\\\/index.php\\\/2026\\\/08\\\/31\\\/gallotti-y-el-acuerdo-con-buenos-aires-estamos-en-riesgo-como-localidad\\\/#breadcrumb\",\"itemListElement\":[{\"@type\":\"ListItem\",\"position\":1,\"name\":\"Portada\",\"item\":\"https:\\\/\\\/diariotextual.com\\\/inicio\\\/\"},{\"@type\":\"ListItem\",\"position\":2,\"name\":\"Gallotti y el acuerdo con Buenos Aires: \u201cEstamos en riesgo como localidad\u201d\"}]},{\"@type\":\"WebSite\",\"@id\":\"https:\\\/\\\/diariotextual.com\\\/inicio\\\/#website\",\"url\":\"https:\\\/\\\/diariotextual.com\\\/inicio\\\/\",\"name\":\"Diario Textual\",\"description\":\"\",\"publisher\":{\"@id\":\"https:\\\/\\\/diariotextual.com\\\/inicio\\\/#organization\"},\"potentialAction\":[{\"@type\":\"SearchAction\",\"target\":{\"@type\":\"EntryPoint\",\"urlTemplate\":\"https:\\\/\\\/diariotextual.com\\\/inicio\\\/?s={search_term_string}\"},\"query-input\":{\"@type\":\"PropertyValueSpecification\",\"valueRequired\":true,\"valueName\":\"search_term_string\"}}],\"inLanguage\":\"es\"},{\"@type\":\"Organization\",\"@id\":\"https:\\\/\\\/diariotextual.com\\\/inicio\\\/#organization\",\"name\":\"Diario Textual\",\"url\":\"https:\\\/\\\/diariotextual.com\\\/inicio\\\/\",\"logo\":{\"@type\":\"ImageObject\",\"inLanguage\":\"es\",\"@id\":\"https:\\\/\\\/diariotextual.com\\\/inicio\\\/#\\\/schema\\\/logo\\\/image\\\/\",\"url\":\"https:\\\/\\\/diariotextual.com\\\/inicio\\\/wp-content\\\/uploads\\\/2023\\\/05\\\/logotextual1.jpg\",\"contentUrl\":\"https:\\\/\\\/diariotextual.com\\\/inicio\\\/wp-content\\\/uploads\\\/2023\\\/05\\\/logotextual1.jpg\",\"width\":516,\"height\":76,\"caption\":\"Diario Textual\"},\"image\":{\"@id\":\"https:\\\/\\\/diariotextual.com\\\/inicio\\\/#\\\/schema\\\/logo\\\/image\\\/\"},\"sameAs\":[\"https:\\\/\\\/www.facebook.com\\\/eltextual\",\"https:\\\/\\\/x.com\\\/eltextual\",\"http:\\\/\\\/www.instagram.com\\\/eltextual\"]},{\"@type\":\"Person\",\"@id\":\"https:\\\/\\\/diariotextual.com\\\/inicio\\\/#\\\/schema\\\/person\\\/a1b6f563e0ee944c60f98119389a4d9f\",\"name\":\"diario3\",\"image\":{\"@type\":\"ImageObject\",\"inLanguage\":\"es\",\"@id\":\"https:\\\/\\\/secure.gravatar.com\\\/avatar\\\/5e7ee62c82fc04d9dd79d746a390d93c69c43223e5faeeb3ea9461ef752bfc5d?s=96&d=mm&r=g\",\"url\":\"https:\\\/\\\/secure.gravatar.com\\\/avatar\\\/5e7ee62c82fc04d9dd79d746a390d93c69c43223e5faeeb3ea9461ef752bfc5d?s=96&d=mm&r=g\",\"contentUrl\":\"https:\\\/\\\/secure.gravatar.com\\\/avatar\\\/5e7ee62c82fc04d9dd79d746a390d93c69c43223e5faeeb3ea9461ef752bfc5d?s=96&d=mm&r=g\",\"caption\":\"diario3\"},\"url\":\"https:\\\/\\\/diariotextual.com\\\/inicio\\\/index.php\\\/author\\\/diario3\\\/\"}]}<\/script>\n<!-- \/ Yoast SEO plugin. -->","yoast_head_json":{"title":"Gallotti y el acuerdo con Buenos Aires: \u201cEstamos en riesgo como localidad\u201d - Diario Textual","robots":{"index":"index","follow":"follow","max-snippet":"max-snippet:-1","max-image-preview":"max-image-preview:large","max-video-preview":"max-video-preview:-1"},"canonical":"https:\/\/diariotextual.com\/inicio\/index.php\/2026\/08\/31\/gallotti-y-el-acuerdo-con-buenos-aires-estamos-en-riesgo-como-localidad\/","og_locale":"es_ES","og_type":"article","og_title":"Gallotti y el acuerdo con Buenos Aires: \u201cEstamos en riesgo como localidad\u201d - Diario Textual","og_description":"El intendente de Bernardo Larroud\u00e9, Jos\u00e9 Luis Gallotti, valor\u00f3 la firma de los convenios suscriptos por los gobernadores Sergio Ziliotto y Axel Kicillof para fortalecer las acciones de prevenci\u00f3n y&hellip;","og_url":"https:\/\/diariotextual.com\/inicio\/index.php\/2026\/08\/31\/gallotti-y-el-acuerdo-con-buenos-aires-estamos-en-riesgo-como-localidad\/","og_site_name":"Diario Textual","article_publisher":"https:\/\/www.facebook.com\/eltextual","article_published_time":"2026-08-31T23:22:55+00:00","article_modified_time":"2026-09-01T12:27:19+00:00","og_image":[{"width":900,"height":568,"url":"https:\/\/diariotextual.com\/inicio\/wp-content\/uploads\/2026\/08\/gallottiborasalondeacuerdos2026.jpg","type":"image\/jpeg"}],"author":"diario3","twitter_card":"summary_large_image","twitter_creator":"@eltextual","twitter_site":"@eltextual","twitter_misc":{"Escrito por":"diario3","Tiempo de lectura":"3 minutos"},"schema":{"@context":"https:\/\/schema.org","@graph":[{"@type":"Article","@id":"https:\/\/diariotextual.com\/inicio\/index.php\/2026\/08\/31\/gallotti-y-el-acuerdo-con-buenos-aires-estamos-en-riesgo-como-localidad\/#article","isPartOf":{"@id":"https:\/\/diariotextual.com\/inicio\/index.php\/2026\/08\/31\/gallotti-y-el-acuerdo-con-buenos-aires-estamos-en-riesgo-como-localidad\/"},"author":{"name":"diario3","@id":"https:\/\/diariotextual.com\/inicio\/#\/schema\/person\/a1b6f563e0ee944c60f98119389a4d9f"},"headline":"Gallotti y el acuerdo con Buenos Aires: \u201cEstamos en riesgo como localidad\u201d","datePublished":"2026-08-31T23:22:55+00:00","dateModified":"2026-09-01T12:27:19+00:00","mainEntityOfPage":{"@id":"https:\/\/diariotextual.com\/inicio\/index.php\/2026\/08\/31\/gallotti-y-el-acuerdo-con-buenos-aires-estamos-en-riesgo-como-localidad\/"},"wordCount":487,"publisher":{"@id":"https:\/\/diariotextual.com\/inicio\/#organization"},"image":{"@id":"https:\/\/diariotextual.com\/inicio\/index.php\/2026\/08\/31\/gallotti-y-el-acuerdo-con-buenos-aires-estamos-en-riesgo-como-localidad\/#primaryimage"},"thumbnailUrl":"https:\/\/diariotextual.com\/inicio\/wp-content\/uploads\/2026\/08\/gallottiborasalondeacuerdos2026.jpg","articleSection":["A - ES NOTICIA (van abajo)","SOCIEDAD"],"inLanguage":"es"},{"@type":"WebPage","@id":"https:\/\/diariotextual.com\/inicio\/index.php\/2026\/08\/31\/gallotti-y-el-acuerdo-con-buenos-aires-estamos-en-riesgo-como-localidad\/","url":"https:\/\/diariotextual.com\/inicio\/index.php\/2026\/08\/31\/gallotti-y-el-acuerdo-con-buenos-aires-estamos-en-riesgo-como-localidad\/","name":"Gallotti y el acuerdo con Buenos Aires: \u201cEstamos en riesgo como localidad\u201d - Diario Textual","isPartOf":{"@id":"https:\/\/diariotextual.com\/inicio\/#website"},"primaryImageOfPage":{"@id":"https:\/\/diariotextual.com\/inicio\/index.php\/2026\/08\/31\/gallotti-y-el-acuerdo-con-buenos-aires-estamos-en-riesgo-como-localidad\/#primaryimage"},"image":{"@id":"https:\/\/diariotextual.com\/inicio\/index.php\/2026\/08\/31\/gallotti-y-el-acuerdo-con-buenos-aires-estamos-en-riesgo-como-localidad\/#primaryimage"},"thumbnailUrl":"https:\/\/diariotextual.com\/inicio\/wp-content\/uploads\/2026\/08\/gallottiborasalondeacuerdos2026.jpg","datePublished":"2026-08-31T23:22:55+00:00","dateModified":"2026-09-01T12:27:19+00:00","breadcrumb":{"@id":"https:\/\/diariotextual.com\/inicio\/index.php\/2026\/08\/31\/gallotti-y-el-acuerdo-con-buenos-aires-estamos-en-riesgo-como-localidad\/#breadcrumb"},"inLanguage":"es","potentialAction":[{"@type":"ReadAction","target":["https:\/\/diariotextual.com\/inicio\/index.php\/2026\/08\/31\/gallotti-y-el-acuerdo-con-buenos-aires-estamos-en-riesgo-como-localidad\/"]}]},{"@type":"ImageObject","inLanguage":"es","@id":"https:\/\/diariotextual.com\/inicio\/index.php\/2026\/08\/31\/gallotti-y-el-acuerdo-con-buenos-aires-estamos-en-riesgo-como-localidad\/#primaryimage","url":"https:\/\/diariotextual.com\/inicio\/wp-content\/uploads\/2026\/08\/gallottiborasalondeacuerdos2026.jpg","contentUrl":"https:\/\/diariotextual.com\/inicio\/wp-content\/uploads\/2026\/08\/gallottiborasalondeacuerdos2026.jpg","width":900,"height":568},{"@type":"BreadcrumbList","@id":"https:\/\/diariotextual.com\/inicio\/index.php\/2026\/08\/31\/gallotti-y-el-acuerdo-con-buenos-aires-estamos-en-riesgo-como-localidad\/#breadcrumb","itemListElement":[{"@type":"ListItem","position":1,"name":"Portada","item":"https:\/\/diariotextual.com\/inicio\/"},{"@type":"ListItem","position":2,"name":"Gallotti y el acuerdo con Buenos Aires: \u201cEstamos en riesgo como localidad\u201d"}]},{"@type":"WebSite","@id":"https:\/\/diariotextual.com\/inicio\/#website","url":"https:\/\/diariotextual.com\/inicio\/","name":"Diario Textual","description":"","publisher":{"@id":"https:\/\/diariotextual.com\/inicio\/#organization"},"potentialAction":[{"@type":"SearchAction","target":{"@type":"EntryPoint","urlTemplate":"https:\/\/diariotextual.com\/inicio\/?s={search_term_string}"},"query-input":{"@type":"PropertyValueSpecification","valueRequired":true,"valueName":"search_term_string"}}],"inLanguage":"es"},{"@type":"Organization","@id":"https:\/\/diariotextual.com\/inicio\/#organization","name":"Diario Textual","url":"https:\/\/diariotextual.com\/inicio\/","logo":{"@type":"ImageObject","inLanguage":"es","@id":"https:\/\/diariotextual.com\/inicio\/#\/schema\/logo\/image\/","url":"https:\/\/diariotextual.com\/inicio\/wp-content\/uploads\/2023\/05\/logotextual1.jpg","contentUrl":"https:\/\/diariotextual.com\/inicio\/wp-content\/uploads\/2023\/05\/logotextual1.jpg","width":516,"height":76,"caption":"Diario Textual"},"image":{"@id":"https:\/\/diariotextual.com\/inicio\/#\/schema\/logo\/image\/"},"sameAs":["https:\/\/www.facebook.com\/eltextual","https:\/\/x.com\/eltextual","http:\/\/www.instagram.com\/eltextual"]},{"@type":"Person","@id":"https:\/\/diariotextual.com\/inicio\/#\/schema\/person\/a1b6f563e0ee944c60f98119389a4d9f","name":"diario3","image":{"@type":"ImageObject","inLanguage":"es","@id":"https:\/\/secure.gravatar.com\/avatar\/5e7ee62c82fc04d9dd79d746a390d93c69c43223e5faeeb3ea9461ef752bfc5d?s=96&d=mm&r=g","url":"https:\/\/secure.gravatar.com\/avatar\/5e7ee62c82fc04d9dd79d746a390d93c69c43223e5faeeb3ea9461ef752bfc5d?s=96&d=mm&r=g","contentUrl":"https:\/\/secure.gravatar.com\/avatar\/5e7ee62c82fc04d9dd79d746a390d93c69c43223e5faeeb3ea9461ef752bfc5d?s=96&d=mm&r=g","caption":"diario3"},"url":"https:\/\/diariotextual.com\/inicio\/index.php\/author\/diario3\/"}]}},"_links":{"self":[{"href":"https:\/\/diariotextual.com\/inicio\/index.php\/wp-json\/wp\/v2\/posts\/334226","targetHints":{"allow":["GET"]}}],"collection":[{"href":"https:\/\/diariotextual.com\/inicio\/index.php\/wp-json\/wp\/v2\/posts"}],"about":[{"href":"https:\/\/diariotextual.com\/inicio\/index.php\/wp-json\/wp\/v2\/types\/post"}],"author":[{"embeddable":true,"href":"https:\/\/diariotextual.com\/inicio\/index.php\/wp-json\/wp\/v2\/users\/5"}],"replies":[{"embeddable":true,"href":"https:\/\/diariotextual.com\/inicio\/index.php\/wp-json\/wp\/v2\/comments?post=334226"}],"version-history":[{"count":1,"href":"https:\/\/diariotextual.com\/inicio\/index.php\/wp-json\/wp\/v2\/posts\/334226\/revisions"}],"predecessor-version":[{"id":334231,"href":"https:\/\/diariotextual.com\/inicio\/index.php\/wp-json\/wp\/v2\/posts\/334226\/revisions\/334231"}],"wp:featuredmedia":[{"embeddable":true,"href":"https:\/\/diariotextual.com\/inicio\/index.php\/wp-json\/wp\/v2\/media\/334230"}],"wp:attachment":[{"href":"https:\/\/diariotextual.com\/inicio\/index.php\/wp-json\/wp\/v2\/media?parent=334226"}],"wp:term":[{"taxonomy":"category","embeddable":true,"href":"https:\/\/diariotextual.com\/inicio\/index.php\/wp-json\/wp\/v2\/categories?post=334226"},{"taxonomy":"post_tag","embeddable":true,"href":"https:\/\/diariotextual.com\/inicio\/index.php\/wp-json\/wp\/v2\/tags?post=334226"}],"curies":[{"name":"wp","href":"https:\/\/api.w.org\/{rel}","templated":true}]}}