{"id":334233,"date":"2026-08-31T20:44:51","date_gmt":"2026-08-31T23:44:51","guid":{"rendered":"https:\/\/diariotextual.com\/inicio\/?p=334233"},"modified":"2026-08-31T21:02:23","modified_gmt":"2026-09-01T00:02:23","slug":"mas-de-1500-personas-participaron-de-una-jornada-por-el-dia-de-la-ninez-en-el-barrio-esperanza-de-santa-rosa","status":"publish","type":"post","link":"https:\/\/diariotextual.com\/inicio\/index.php\/2026\/08\/31\/mas-de-1500-personas-participaron-de-una-jornada-por-el-dia-de-la-ninez-en-el-barrio-esperanza-de-santa-rosa\/","title":{"rendered":"Funes: \u201cLa distribuci\u00f3n de los espacios verdes en Santa Rosa es inequitativa\u201d"},"content":{"rendered":"\n<p class=\"wp-block-paragraph\">El referente peronista y juez de Paz <strong>Rub\u00e9n Funes<\/strong> plante\u00f3 cuestionamientos sobre el acceso a espacios verdes y recreativos en Santa Rosa durante una jornada barrial por el Mes de la Ni\u00f1ez que reuni\u00f3 a 1500 personas en el barrio Esperanza.<\/p>\n\n\n\n<p class=\"wp-block-paragraph\">Funes sostuvo que la distribuci\u00f3n de plazas y parques en la ciudad es desigual y se\u00f1al\u00f3 que, seg\u00fan datos del <strong>Censo 2022<\/strong>, el 50 % de la poblaci\u00f3n debe desplazarse m\u00e1s de diez cuadras para acceder a uno de estos espacios.<\/p>\n\n\n\n<p class=\"wp-block-paragraph\">La actividad, denominada <strong>\u201cMi barrio activa II\u201d<\/strong>, fue organizada por militantes del espacio kirchnerista y vecinos de los barrios Esperanza, N\u00e9stor Kirchner y sectores aleda\u00f1os. La jornada incluy\u00f3 juegos de kerm\u00e9s, un torneo de f\u00fatbol infantil, shows, m\u00fasica, sorteos y merienda.<\/p>\n\n\n\n<p class=\"wp-block-paragraph\">En ese contexto, Funes puso el foco en la necesidad de contar con espacios p\u00fablicos accesibles y en mejores condiciones de mantenimiento.<\/p>\n\n\n\n<p class=\"wp-block-paragraph\">\u201c<strong>La distribuci\u00f3n de los espacios verdes es inequitativa<\/strong>\u201d, afirm\u00f3 el dirigente. Y agreg\u00f3 que una parte importante de las plazas y parques existentes requiere adecuar sus condiciones de mantenimiento.<\/p>\n\n\n\n<div style=\"height:100px\" aria-hidden=\"true\" class=\"wp-block-spacer\"><\/div>\n\n\n\n<h3 class=\"wp-block-heading\">Una jornada organizada por los vecinos<\/h3>\n\n\n\n<p class=\"wp-block-paragraph\">M\u00e1s de 1500 personas participaron del festejo, que tuvo como eje el encuentro comunitario y la celebraci\u00f3n de las infancias.<\/p>\n\n\n\n<p class=\"wp-block-paragraph\">Los organizadores destacaron el <strong>trabajo colectivo de los vecinos<\/strong> en la preparaci\u00f3n de la propuesta y se\u00f1alaron que el objetivo fue ofrecer una fiesta abierta e inclusiva para las familias de la zona.<\/p>\n\n\n\n<p class=\"wp-block-paragraph\">Tambi\u00e9n participaron referentes e integrantes de distintas unidades b\u00e1sicas de Santa Rosa.<\/p>\n\n\n\n<p class=\"wp-block-paragraph\">Al finalizar la jornada, Funes destac\u00f3 la participaci\u00f3n de las ni\u00f1as y los ni\u00f1os y valor\u00f3 que pudieran apropiarse del espacio para compartir y disfrutar.<\/p>\n\n\n\n<p class=\"wp-block-paragraph\">\u201c<strong>Nos llena el coraz\u00f3n de orgullo ver c\u00f3mo las chicas y los chicos de nuestra ciudad se apropiaron de este espacio para compartir, re\u00edr y disfrutar juntos<\/strong>\u201d, expres\u00f3.<\/p>\n","protected":false},"excerpt":{"rendered":"<p>El referente peronista y juez de Paz Rub\u00e9n Funes plante\u00f3 cuestionamientos sobre el acceso a espacios verdes y recreativos en Santa Rosa durante una jornada barrial por el Mes de&hellip;<\/p>\n","protected":false},"author":4,"featured_media":334235,"comment_status":"closed","ping_status":"open","sticky":false,"template":"","format":"standard","meta":{"_acf_changed":false,"footnotes":""},"categories":[4,12],"tags":[],"class_list":["post-334233","post","type-post","status-publish","format-standard","has-post-thumbnail","hentry","category-destacadas","category-sociedad"],"acf":[],"yoast_head":"<!-- This site is optimized with the Yoast SEO plugin v28.3 - https:\/\/yoast.com\/product\/yoast-seo-wordpress\/ -->\n<title>Funes: \u201cLa distribuci\u00f3n de los espacios verdes en Santa Rosa es inequitativa\u201d - Diario Textual<\/title>\n<meta name=\"robots\" content=\"index, follow, max-snippet:-1, max-image-preview:large, max-video-preview:-1\" \/>\n<link rel=\"canonical\" href=\"https:\/\/diariotextual.com\/inicio\/index.php\/2026\/08\/31\/mas-de-1500-personas-participaron-de-una-jornada-por-el-dia-de-la-ninez-en-el-barrio-esperanza-de-santa-rosa\/\" \/>\n<meta property=\"og:locale\" content=\"es_ES\" \/>\n<meta property=\"og:type\" content=\"article\" \/>\n<meta property=\"og:title\" content=\"Funes: \u201cLa distribuci\u00f3n de los espacios verdes en Santa Rosa es inequitativa\u201d - Diario Textual\" \/>\n<meta property=\"og:description\" content=\"El referente peronista y juez de Paz Rub\u00e9n Funes plante\u00f3 cuestionamientos sobre el acceso a espacios verdes y recreativos en Santa Rosa durante una jornada barrial por el Mes de&hellip;\" \/>\n<meta property=\"og:url\" content=\"https:\/\/diariotextual.com\/inicio\/index.php\/2026\/08\/31\/mas-de-1500-personas-participaron-de-una-jornada-por-el-dia-de-la-ninez-en-el-barrio-esperanza-de-santa-rosa\/\" \/>\n<meta property=\"og:site_name\" content=\"Diario Textual\" \/>\n<meta property=\"article:publisher\" content=\"https:\/\/www.facebook.com\/eltextual\" \/>\n<meta property=\"article:published_time\" content=\"2026-08-31T23:44:51+00:00\" \/>\n<meta property=\"article:modified_time\" content=\"2026-09-01T00:02:23+00:00\" \/>\n<meta property=\"og:image\" content=\"https:\/\/diariotextual.com\/inicio\/wp-content\/uploads\/2026\/08\/diadelninok2026.jpg\" \/>\n\t<meta property=\"og:image:width\" content=\"1000\" \/>\n\t<meta property=\"og:image:height\" content=\"628\" \/>\n\t<meta property=\"og:image:type\" content=\"image\/jpeg\" \/>\n<meta name=\"author\" content=\"diario2\" \/>\n<meta name=\"twitter:card\" content=\"summary_large_image\" \/>\n<meta name=\"twitter:creator\" content=\"@eltextual\" \/>\n<meta name=\"twitter:site\" content=\"@eltextual\" \/>\n<meta name=\"twitter:label1\" content=\"Escrito por\" \/>\n\t<meta name=\"twitter:data1\" content=\"diario2\" \/>\n\t<meta name=\"twitter:label2\" content=\"Tiempo de lectura\" \/>\n\t<meta name=\"twitter:data2\" content=\"2 minutos\" \/>\n<script type=\"application\/ld+json\" class=\"yoast-schema-graph\">{\"@context\":\"https:\\\/\\\/schema.org\",\"@graph\":[{\"@type\":\"Article\",\"@id\":\"https:\\\/\\\/diariotextual.com\\\/inicio\\\/index.php\\\/2026\\\/08\\\/31\\\/mas-de-1500-personas-participaron-de-una-jornada-por-el-dia-de-la-ninez-en-el-barrio-esperanza-de-santa-rosa\\\/#article\",\"isPartOf\":{\"@id\":\"https:\\\/\\\/diariotextual.com\\\/inicio\\\/index.php\\\/2026\\\/08\\\/31\\\/mas-de-1500-personas-participaron-de-una-jornada-por-el-dia-de-la-ninez-en-el-barrio-esperanza-de-santa-rosa\\\/\"},\"author\":{\"name\":\"diario2\",\"@id\":\"https:\\\/\\\/diariotextual.com\\\/inicio\\\/#\\\/schema\\\/person\\\/694f60677f23c4a530867a98f22b3768\"},\"headline\":\"Funes: \u201cLa distribuci\u00f3n de los espacios verdes en Santa Rosa es inequitativa\u201d\",\"datePublished\":\"2026-08-31T23:44:51+00:00\",\"dateModified\":\"2026-09-01T00:02:23+00:00\",\"mainEntityOfPage\":{\"@id\":\"https:\\\/\\\/diariotextual.com\\\/inicio\\\/index.php\\\/2026\\\/08\\\/31\\\/mas-de-1500-personas-participaron-de-una-jornada-por-el-dia-de-la-ninez-en-el-barrio-esperanza-de-santa-rosa\\\/\"},\"wordCount\":332,\"publisher\":{\"@id\":\"https:\\\/\\\/diariotextual.com\\\/inicio\\\/#organization\"},\"image\":{\"@id\":\"https:\\\/\\\/diariotextual.com\\\/inicio\\\/index.php\\\/2026\\\/08\\\/31\\\/mas-de-1500-personas-participaron-de-una-jornada-por-el-dia-de-la-ninez-en-el-barrio-esperanza-de-santa-rosa\\\/#primaryimage\"},\"thumbnailUrl\":\"https:\\\/\\\/diariotextual.com\\\/inicio\\\/wp-content\\\/uploads\\\/2026\\\/08\\\/diadelninok2026.jpg\",\"articleSection\":[\"A - DESTACADAS (mod 16)\",\"SOCIEDAD\"],\"inLanguage\":\"es\"},{\"@type\":\"WebPage\",\"@id\":\"https:\\\/\\\/diariotextual.com\\\/inicio\\\/index.php\\\/2026\\\/08\\\/31\\\/mas-de-1500-personas-participaron-de-una-jornada-por-el-dia-de-la-ninez-en-el-barrio-esperanza-de-santa-rosa\\\/\",\"url\":\"https:\\\/\\\/diariotextual.com\\\/inicio\\\/index.php\\\/2026\\\/08\\\/31\\\/mas-de-1500-personas-participaron-de-una-jornada-por-el-dia-de-la-ninez-en-el-barrio-esperanza-de-santa-rosa\\\/\",\"name\":\"Funes: \u201cLa distribuci\u00f3n de los espacios verdes en Santa Rosa es inequitativa\u201d - Diario Textual\",\"isPartOf\":{\"@id\":\"https:\\\/\\\/diariotextual.com\\\/inicio\\\/#website\"},\"primaryImageOfPage\":{\"@id\":\"https:\\\/\\\/diariotextual.com\\\/inicio\\\/index.php\\\/2026\\\/08\\\/31\\\/mas-de-1500-personas-participaron-de-una-jornada-por-el-dia-de-la-ninez-en-el-barrio-esperanza-de-santa-rosa\\\/#primaryimage\"},\"image\":{\"@id\":\"https:\\\/\\\/diariotextual.com\\\/inicio\\\/index.php\\\/2026\\\/08\\\/31\\\/mas-de-1500-personas-participaron-de-una-jornada-por-el-dia-de-la-ninez-en-el-barrio-esperanza-de-santa-rosa\\\/#primaryimage\"},\"thumbnailUrl\":\"https:\\\/\\\/diariotextual.com\\\/inicio\\\/wp-content\\\/uploads\\\/2026\\\/08\\\/diadelninok2026.jpg\",\"datePublished\":\"2026-08-31T23:44:51+00:00\",\"dateModified\":\"2026-09-01T00:02:23+00:00\",\"breadcrumb\":{\"@id\":\"https:\\\/\\\/diariotextual.com\\\/inicio\\\/index.php\\\/2026\\\/08\\\/31\\\/mas-de-1500-personas-participaron-de-una-jornada-por-el-dia-de-la-ninez-en-el-barrio-esperanza-de-santa-rosa\\\/#breadcrumb\"},\"inLanguage\":\"es\",\"potentialAction\":[{\"@type\":\"ReadAction\",\"target\":[\"https:\\\/\\\/diariotextual.com\\\/inicio\\\/index.php\\\/2026\\\/08\\\/31\\\/mas-de-1500-personas-participaron-de-una-jornada-por-el-dia-de-la-ninez-en-el-barrio-esperanza-de-santa-rosa\\\/\"]}]},{\"@type\":\"ImageObject\",\"inLanguage\":\"es\",\"@id\":\"https:\\\/\\\/diariotextual.com\\\/inicio\\\/index.php\\\/2026\\\/08\\\/31\\\/mas-de-1500-personas-participaron-de-una-jornada-por-el-dia-de-la-ninez-en-el-barrio-esperanza-de-santa-rosa\\\/#primaryimage\",\"url\":\"https:\\\/\\\/diariotextual.com\\\/inicio\\\/wp-content\\\/uploads\\\/2026\\\/08\\\/diadelninok2026.jpg\",\"contentUrl\":\"https:\\\/\\\/diariotextual.com\\\/inicio\\\/wp-content\\\/uploads\\\/2026\\\/08\\\/diadelninok2026.jpg\",\"width\":1000,\"height\":628},{\"@type\":\"BreadcrumbList\",\"@id\":\"https:\\\/\\\/diariotextual.com\\\/inicio\\\/index.php\\\/2026\\\/08\\\/31\\\/mas-de-1500-personas-participaron-de-una-jornada-por-el-dia-de-la-ninez-en-el-barrio-esperanza-de-santa-rosa\\\/#breadcrumb\",\"itemListElement\":[{\"@type\":\"ListItem\",\"position\":1,\"name\":\"Portada\",\"item\":\"https:\\\/\\\/diariotextual.com\\\/inicio\\\/\"},{\"@type\":\"ListItem\",\"position\":2,\"name\":\"Funes: \u201cLa distribuci\u00f3n de los espacios verdes en Santa Rosa es inequitativa\u201d\"}]},{\"@type\":\"WebSite\",\"@id\":\"https:\\\/\\\/diariotextual.com\\\/inicio\\\/#website\",\"url\":\"https:\\\/\\\/diariotextual.com\\\/inicio\\\/\",\"name\":\"Diario Textual\",\"description\":\"\",\"publisher\":{\"@id\":\"https:\\\/\\\/diariotextual.com\\\/inicio\\\/#organization\"},\"potentialAction\":[{\"@type\":\"SearchAction\",\"target\":{\"@type\":\"EntryPoint\",\"urlTemplate\":\"https:\\\/\\\/diariotextual.com\\\/inicio\\\/?s={search_term_string}\"},\"query-input\":{\"@type\":\"PropertyValueSpecification\",\"valueRequired\":true,\"valueName\":\"search_term_string\"}}],\"inLanguage\":\"es\"},{\"@type\":\"Organization\",\"@id\":\"https:\\\/\\\/diariotextual.com\\\/inicio\\\/#organization\",\"name\":\"Diario Textual\",\"url\":\"https:\\\/\\\/diariotextual.com\\\/inicio\\\/\",\"logo\":{\"@type\":\"ImageObject\",\"inLanguage\":\"es\",\"@id\":\"https:\\\/\\\/diariotextual.com\\\/inicio\\\/#\\\/schema\\\/logo\\\/image\\\/\",\"url\":\"https:\\\/\\\/diariotextual.com\\\/inicio\\\/wp-content\\\/uploads\\\/2023\\\/05\\\/logotextual1.jpg\",\"contentUrl\":\"https:\\\/\\\/diariotextual.com\\\/inicio\\\/wp-content\\\/uploads\\\/2023\\\/05\\\/logotextual1.jpg\",\"width\":516,\"height\":76,\"caption\":\"Diario Textual\"},\"image\":{\"@id\":\"https:\\\/\\\/diariotextual.com\\\/inicio\\\/#\\\/schema\\\/logo\\\/image\\\/\"},\"sameAs\":[\"https:\\\/\\\/www.facebook.com\\\/eltextual\",\"https:\\\/\\\/x.com\\\/eltextual\",\"http:\\\/\\\/www.instagram.com\\\/eltextual\"]},{\"@type\":\"Person\",\"@id\":\"https:\\\/\\\/diariotextual.com\\\/inicio\\\/#\\\/schema\\\/person\\\/694f60677f23c4a530867a98f22b3768\",\"name\":\"diario2\",\"image\":{\"@type\":\"ImageObject\",\"inLanguage\":\"es\",\"@id\":\"https:\\\/\\\/secure.gravatar.com\\\/avatar\\\/5a2567495ba16b852fcd8f1ed006a2e24fcace936018ed8237e95f488ad6e0a7?s=96&d=mm&r=g\",\"url\":\"https:\\\/\\\/secure.gravatar.com\\\/avatar\\\/5a2567495ba16b852fcd8f1ed006a2e24fcace936018ed8237e95f488ad6e0a7?s=96&d=mm&r=g\",\"contentUrl\":\"https:\\\/\\\/secure.gravatar.com\\\/avatar\\\/5a2567495ba16b852fcd8f1ed006a2e24fcace936018ed8237e95f488ad6e0a7?s=96&d=mm&r=g\",\"caption\":\"diario2\"},\"url\":\"https:\\\/\\\/diariotextual.com\\\/inicio\\\/index.php\\\/author\\\/diario2\\\/\"}]}<\/script>\n<!-- \/ Yoast SEO plugin. -->","yoast_head_json":{"title":"Funes: \u201cLa distribuci\u00f3n de los espacios verdes en Santa Rosa es inequitativa\u201d - Diario Textual","robots":{"index":"index","follow":"follow","max-snippet":"max-snippet:-1","max-image-preview":"max-image-preview:large","max-video-preview":"max-video-preview:-1"},"canonical":"https:\/\/diariotextual.com\/inicio\/index.php\/2026\/08\/31\/mas-de-1500-personas-participaron-de-una-jornada-por-el-dia-de-la-ninez-en-el-barrio-esperanza-de-santa-rosa\/","og_locale":"es_ES","og_type":"article","og_title":"Funes: \u201cLa distribuci\u00f3n de los espacios verdes en Santa Rosa es inequitativa\u201d - Diario Textual","og_description":"El referente peronista y juez de Paz Rub\u00e9n Funes plante\u00f3 cuestionamientos sobre el acceso a espacios verdes y recreativos en Santa Rosa durante una jornada barrial por el Mes de&hellip;","og_url":"https:\/\/diariotextual.com\/inicio\/index.php\/2026\/08\/31\/mas-de-1500-personas-participaron-de-una-jornada-por-el-dia-de-la-ninez-en-el-barrio-esperanza-de-santa-rosa\/","og_site_name":"Diario Textual","article_publisher":"https:\/\/www.facebook.com\/eltextual","article_published_time":"2026-08-31T23:44:51+00:00","article_modified_time":"2026-09-01T00:02:23+00:00","og_image":[{"width":1000,"height":628,"url":"https:\/\/diariotextual.com\/inicio\/wp-content\/uploads\/2026\/08\/diadelninok2026.jpg","type":"image\/jpeg"}],"author":"diario2","twitter_card":"summary_large_image","twitter_creator":"@eltextual","twitter_site":"@eltextual","twitter_misc":{"Escrito por":"diario2","Tiempo de lectura":"2 minutos"},"schema":{"@context":"https:\/\/schema.org","@graph":[{"@type":"Article","@id":"https:\/\/diariotextual.com\/inicio\/index.php\/2026\/08\/31\/mas-de-1500-personas-participaron-de-una-jornada-por-el-dia-de-la-ninez-en-el-barrio-esperanza-de-santa-rosa\/#article","isPartOf":{"@id":"https:\/\/diariotextual.com\/inicio\/index.php\/2026\/08\/31\/mas-de-1500-personas-participaron-de-una-jornada-por-el-dia-de-la-ninez-en-el-barrio-esperanza-de-santa-rosa\/"},"author":{"name":"diario2","@id":"https:\/\/diariotextual.com\/inicio\/#\/schema\/person\/694f60677f23c4a530867a98f22b3768"},"headline":"Funes: \u201cLa distribuci\u00f3n de los espacios verdes en Santa Rosa es inequitativa\u201d","datePublished":"2026-08-31T23:44:51+00:00","dateModified":"2026-09-01T00:02:23+00:00","mainEntityOfPage":{"@id":"https:\/\/diariotextual.com\/inicio\/index.php\/2026\/08\/31\/mas-de-1500-personas-participaron-de-una-jornada-por-el-dia-de-la-ninez-en-el-barrio-esperanza-de-santa-rosa\/"},"wordCount":332,"publisher":{"@id":"https:\/\/diariotextual.com\/inicio\/#organization"},"image":{"@id":"https:\/\/diariotextual.com\/inicio\/index.php\/2026\/08\/31\/mas-de-1500-personas-participaron-de-una-jornada-por-el-dia-de-la-ninez-en-el-barrio-esperanza-de-santa-rosa\/#primaryimage"},"thumbnailUrl":"https:\/\/diariotextual.com\/inicio\/wp-content\/uploads\/2026\/08\/diadelninok2026.jpg","articleSection":["A - DESTACADAS (mod 16)","SOCIEDAD"],"inLanguage":"es"},{"@type":"WebPage","@id":"https:\/\/diariotextual.com\/inicio\/index.php\/2026\/08\/31\/mas-de-1500-personas-participaron-de-una-jornada-por-el-dia-de-la-ninez-en-el-barrio-esperanza-de-santa-rosa\/","url":"https:\/\/diariotextual.com\/inicio\/index.php\/2026\/08\/31\/mas-de-1500-personas-participaron-de-una-jornada-por-el-dia-de-la-ninez-en-el-barrio-esperanza-de-santa-rosa\/","name":"Funes: \u201cLa distribuci\u00f3n de los espacios verdes en Santa Rosa es inequitativa\u201d - Diario Textual","isPartOf":{"@id":"https:\/\/diariotextual.com\/inicio\/#website"},"primaryImageOfPage":{"@id":"https:\/\/diariotextual.com\/inicio\/index.php\/2026\/08\/31\/mas-de-1500-personas-participaron-de-una-jornada-por-el-dia-de-la-ninez-en-el-barrio-esperanza-de-santa-rosa\/#primaryimage"},"image":{"@id":"https:\/\/diariotextual.com\/inicio\/index.php\/2026\/08\/31\/mas-de-1500-personas-participaron-de-una-jornada-por-el-dia-de-la-ninez-en-el-barrio-esperanza-de-santa-rosa\/#primaryimage"},"thumbnailUrl":"https:\/\/diariotextual.com\/inicio\/wp-content\/uploads\/2026\/08\/diadelninok2026.jpg","datePublished":"2026-08-31T23:44:51+00:00","dateModified":"2026-09-01T00:02:23+00:00","breadcrumb":{"@id":"https:\/\/diariotextual.com\/inicio\/index.php\/2026\/08\/31\/mas-de-1500-personas-participaron-de-una-jornada-por-el-dia-de-la-ninez-en-el-barrio-esperanza-de-santa-rosa\/#breadcrumb"},"inLanguage":"es","potentialAction":[{"@type":"ReadAction","target":["https:\/\/diariotextual.com\/inicio\/index.php\/2026\/08\/31\/mas-de-1500-personas-participaron-de-una-jornada-por-el-dia-de-la-ninez-en-el-barrio-esperanza-de-santa-rosa\/"]}]},{"@type":"ImageObject","inLanguage":"es","@id":"https:\/\/diariotextual.com\/inicio\/index.php\/2026\/08\/31\/mas-de-1500-personas-participaron-de-una-jornada-por-el-dia-de-la-ninez-en-el-barrio-esperanza-de-santa-rosa\/#primaryimage","url":"https:\/\/diariotextual.com\/inicio\/wp-content\/uploads\/2026\/08\/diadelninok2026.jpg","contentUrl":"https:\/\/diariotextual.com\/inicio\/wp-content\/uploads\/2026\/08\/diadelninok2026.jpg","width":1000,"height":628},{"@type":"BreadcrumbList","@id":"https:\/\/diariotextual.com\/inicio\/index.php\/2026\/08\/31\/mas-de-1500-personas-participaron-de-una-jornada-por-el-dia-de-la-ninez-en-el-barrio-esperanza-de-santa-rosa\/#breadcrumb","itemListElement":[{"@type":"ListItem","position":1,"name":"Portada","item":"https:\/\/diariotextual.com\/inicio\/"},{"@type":"ListItem","position":2,"name":"Funes: \u201cLa distribuci\u00f3n de los espacios verdes en Santa Rosa es inequitativa\u201d"}]},{"@type":"WebSite","@id":"https:\/\/diariotextual.com\/inicio\/#website","url":"https:\/\/diariotextual.com\/inicio\/","name":"Diario Textual","description":"","publisher":{"@id":"https:\/\/diariotextual.com\/inicio\/#organization"},"potentialAction":[{"@type":"SearchAction","target":{"@type":"EntryPoint","urlTemplate":"https:\/\/diariotextual.com\/inicio\/?s={search_term_string}"},"query-input":{"@type":"PropertyValueSpecification","valueRequired":true,"valueName":"search_term_string"}}],"inLanguage":"es"},{"@type":"Organization","@id":"https:\/\/diariotextual.com\/inicio\/#organization","name":"Diario Textual","url":"https:\/\/diariotextual.com\/inicio\/","logo":{"@type":"ImageObject","inLanguage":"es","@id":"https:\/\/diariotextual.com\/inicio\/#\/schema\/logo\/image\/","url":"https:\/\/diariotextual.com\/inicio\/wp-content\/uploads\/2023\/05\/logotextual1.jpg","contentUrl":"https:\/\/diariotextual.com\/inicio\/wp-content\/uploads\/2023\/05\/logotextual1.jpg","width":516,"height":76,"caption":"Diario Textual"},"image":{"@id":"https:\/\/diariotextual.com\/inicio\/#\/schema\/logo\/image\/"},"sameAs":["https:\/\/www.facebook.com\/eltextual","https:\/\/x.com\/eltextual","http:\/\/www.instagram.com\/eltextual"]},{"@type":"Person","@id":"https:\/\/diariotextual.com\/inicio\/#\/schema\/person\/694f60677f23c4a530867a98f22b3768","name":"diario2","image":{"@type":"ImageObject","inLanguage":"es","@id":"https:\/\/secure.gravatar.com\/avatar\/5a2567495ba16b852fcd8f1ed006a2e24fcace936018ed8237e95f488ad6e0a7?s=96&d=mm&r=g","url":"https:\/\/secure.gravatar.com\/avatar\/5a2567495ba16b852fcd8f1ed006a2e24fcace936018ed8237e95f488ad6e0a7?s=96&d=mm&r=g","contentUrl":"https:\/\/secure.gravatar.com\/avatar\/5a2567495ba16b852fcd8f1ed006a2e24fcace936018ed8237e95f488ad6e0a7?s=96&d=mm&r=g","caption":"diario2"},"url":"https:\/\/diariotextual.com\/inicio\/index.php\/author\/diario2\/"}]}},"_links":{"self":[{"href":"https:\/\/diariotextual.com\/inicio\/index.php\/wp-json\/wp\/v2\/posts\/334233","targetHints":{"allow":["GET"]}}],"collection":[{"href":"https:\/\/diariotextual.com\/inicio\/index.php\/wp-json\/wp\/v2\/posts"}],"about":[{"href":"https:\/\/diariotextual.com\/inicio\/index.php\/wp-json\/wp\/v2\/types\/post"}],"author":[{"embeddable":true,"href":"https:\/\/diariotextual.com\/inicio\/index.php\/wp-json\/wp\/v2\/users\/4"}],"replies":[{"embeddable":true,"href":"https:\/\/diariotextual.com\/inicio\/index.php\/wp-json\/wp\/v2\/comments?post=334233"}],"version-history":[{"count":3,"href":"https:\/\/diariotextual.com\/inicio\/index.php\/wp-json\/wp\/v2\/posts\/334233\/revisions"}],"predecessor-version":[{"id":334240,"href":"https:\/\/diariotextual.com\/inicio\/index.php\/wp-json\/wp\/v2\/posts\/334233\/revisions\/334240"}],"wp:featuredmedia":[{"embeddable":true,"href":"https:\/\/diariotextual.com\/inicio\/index.php\/wp-json\/wp\/v2\/media\/334235"}],"wp:attachment":[{"href":"https:\/\/diariotextual.com\/inicio\/index.php\/wp-json\/wp\/v2\/media?parent=334233"}],"wp:term":[{"taxonomy":"category","embeddable":true,"href":"https:\/\/diariotextual.com\/inicio\/index.php\/wp-json\/wp\/v2\/categories?post=334233"},{"taxonomy":"post_tag","embeddable":true,"href":"https:\/\/diariotextual.com\/inicio\/index.php\/wp-json\/wp\/v2\/tags?post=334233"}],"curies":[{"name":"wp","href":"https:\/\/api.w.org\/{rel}","templated":true}]}}