{"id":334237,"date":"2026-08-31T20:52:10","date_gmt":"2026-08-31T23:52:10","guid":{"rendered":"https:\/\/diariotextual.com\/inicio\/?p=334237"},"modified":"2026-08-31T20:52:12","modified_gmt":"2026-08-31T23:52:12","slug":"juez-le-pidio-al-gobierno-nacional-informacion-sobre-fondos-destinados-a-rutas","status":"publish","type":"post","link":"https:\/\/diariotextual.com\/inicio\/index.php\/2026\/08\/31\/juez-le-pidio-al-gobierno-nacional-informacion-sobre-fondos-destinados-a-rutas\/","title":{"rendered":"Juez le pidi\u00f3 al Gobierno nacional informaci\u00f3n sobre fondos destinados a rutas"},"content":{"rendered":"\n<p class=\"wp-block-paragraph\">El <strong>juez federal, Ariel Lijo<\/strong>, requiri\u00f3 al<strong> Gobierno de Javier Milei que brinde informaci\u00f3n sobre fondos destinados a obras viales<\/strong> y mantenimiento de rutas nacionales que, seg\u00fan una denuncia, habr\u00edan sido desviados para colocarlos en instrumentos financieros.<\/p>\n\n\n\n<p class=\"wp-block-paragraph\">Fuentes judiciales confirmaron que el juez Lijo <strong>pidi\u00f3 informaci\u00f3n al Ministerio de Econom\u00eda a cargo de Luis Caputo y al jefe de Gabinete, Diego Santilli<\/strong>. Tambi\u00e9n libr\u00f3 informes a la Direcci\u00f3n Nacional de Vialidad.<\/p>\n\n\n\n<p class=\"wp-block-paragraph\">Se trata de <strong>denuncias que realizaron la diputada nacional Victoria Tolosa Paz y el gobernador Ricardo Quintela <\/strong>en representaci\u00f3n de la provincia de La Rioja en la causa que investiga el destino de m\u00e1s de $1 bill\u00f3n del Sistema Vial Integrado (SISVIAL).<\/p>\n\n\n\n<p class=\"wp-block-paragraph\">Tolosa Paz y la provincia fueron aceptados como querellantes, por lo que podr\u00e1n impulsar el caso y por ende pedir medidas de pruebas.<\/p>\n\n\n\n<p class=\"wp-block-paragraph\">Seg\u00fan la <strong>denuncia de la provincia de La Rioja, al 31 de mayo de 2026 hab\u00eda $1.001.017.908.957 del SISVIAL colocados en plazos fijos y letras<\/strong> emitidas por el Tesoro Nacional.<\/p>\n\n\n\n<p class=\"wp-block-paragraph\">La denuncia se\u00f1ala adem\u00e1s que durante los primeros dos a\u00f1os y medio de la actual gesti\u00f3n del gobierno de Javier Milei se asignaron al sistema aproximadamente $1,5 billones, pero <strong>s\u00f3lo $394.406 millones fueron efectivamente aplicados a obras<\/strong> y mantenimiento vial. La diferencia representa <strong>una subejecuci\u00f3n estimada del 73,8%<\/strong>, consigna la denuncia.<\/p>\n\n\n\n<p class=\"wp-block-paragraph\">La <strong>denuncia penal de Tolosa Paz acusa formalmente al ministro de Econom\u00eda Caputo, y a funcionarios de la Direcci\u00f3n Nacional de Vialidad y del Banco Naci\u00f3n<\/strong>, por la presunta malversaci\u00f3n de caudales p\u00fablicos agravada y el desv\u00edo ileg\u00edtimo de m\u00e1s de 1,5 billones de pesos recaudados mediante el impuesto a los combustibles.<\/p>\n\n\n\n<p class=\"wp-block-paragraph\">El <strong>dinero recaudado por ley tiene una afectaci\u00f3n espec\u00edfica para el Sistema Vial Integrado (Sisvial)<\/strong>, destinado exclusivamente al mantenimiento, desarrollo y reparaci\u00f3n de las rutas nacionales.<\/p>\n\n\n\n<p class=\"wp-block-paragraph\">La denuncia de la diputada sostiene que, <strong>en lugar de girar los fondos a las obras viales, el Ministerio de Econom\u00eda utiliz\u00f3 los recursos para colocarlos en instrumentos financieros, tales como plazos fijos<\/strong>, bonos, t\u00edtulos p\u00fablicos y acciones.<\/p>\n\n\n\n<p class=\"wp-block-paragraph\">El juez Lijo pidi\u00f3 adem\u00e1s a la Sindicatura de la Naci\u00f3n y a la Auditor\u00eda General de la Naci\u00f3n que explique si se realizaron informes de auditor\u00eda, observaciones o actuaciones relativas al fideicomiso decreto 976\/01 y a la cuenta especial SISVIAL desde el a\u00f1o 2024 a la fecha.<\/p>\n\n\n\n<p class=\"wp-block-paragraph\">Las medidas ordenadas por el magistrado apuntan a reunir toda la informaci\u00f3n vinculada a expedientes, partidas presupuestarias, colocaciones financieras con fondos de Sisvial, para avanzar en la denuncia.<\/p>\n\n\n\n<p class=\"wp-block-paragraph\">La Rioja sostiene que la falta de ejecuci\u00f3n de esos fondos produjo un perjuicio sobre su territorio, donde el Estado provincial debi\u00f3 afrontar con recursos propios tareas que corresponden a la jurisdicci\u00f3n nacional.<\/p>\n\n\n\n<p class=\"wp-block-paragraph\">Por otra parte, Tolosa Paz consigui\u00f3 que un juez de La Plata habilitara el tr\u00e1mite de un amparo colectivo que exige al Estado nacional reactivar las obras y el mantenimiento de la red vial en la provincia de Buenos Aires, financiados con fondos del fideicomiso creado por el decreto 976\/01, conocido como fideicomiso SIT.<\/p>\n\n\n\n<p class=\"wp-block-paragraph\">El fallo firmado por el juez federal de La Plata Ernesto Kreplak orden\u00f3 notificar a las partes demandadas y solicit\u00f3 informes urgentes a tres organismos del Estado.<\/p>\n\n\n\n<figure class=\"wp-block-embed is-type-wp-embed is-provider-diario-textual wp-block-embed-diario-textual\"><div class=\"wp-block-embed__wrapper\">\n<blockquote class=\"wp-embedded-content\" data-secret=\"8U6GjxivVl\"><a href=\"https:\/\/diariotextual.com\/inicio\/index.php\/2026\/08\/31\/la-pampa-el-gasto-nacional-destinado-a-rutas-se-redujo-un-946-en-la-gestion-de-milei\/\">La Pampa: el gasto nacional destinado a rutas se redujo un 94,6% en la gesti\u00f3n de Milei<\/a><\/blockquote><iframe class=\"wp-embedded-content\" sandbox=\"allow-scripts\" security=\"restricted\" style=\"position: absolute; visibility: hidden;\" title=\"\u00abLa Pampa: el gasto nacional destinado a rutas se redujo un 94,6% en la gesti\u00f3n de Milei\u00bb \u2014 Diario Textual\" src=\"https:\/\/diariotextual.com\/inicio\/index.php\/2026\/08\/31\/la-pampa-el-gasto-nacional-destinado-a-rutas-se-redujo-un-946-en-la-gestion-de-milei\/embed\/#?secret=T1Nd9CCRA3#?secret=8U6GjxivVl\" data-secret=\"8U6GjxivVl\" width=\"600\" height=\"338\" frameborder=\"0\" marginwidth=\"0\" marginheight=\"0\" scrolling=\"no\"><\/iframe>\n<\/div><\/figure>\n","protected":false},"excerpt":{"rendered":"<p>El juez federal, Ariel Lijo, requiri\u00f3 al Gobierno de Javier Milei que brinde informaci\u00f3n sobre fondos destinados a obras viales y mantenimiento de rutas nacionales que, seg\u00fan una denuncia, habr\u00edan&hellip;<\/p>\n","protected":false},"author":5,"featured_media":306134,"comment_status":"closed","ping_status":"open","sticky":false,"template":"","format":"standard","meta":{"_acf_changed":false,"footnotes":""},"categories":[1,12],"tags":[],"class_list":["post-334237","post","type-post","status-publish","format-standard","has-post-thumbnail","hentry","category-es-noticia","category-sociedad"],"acf":[],"yoast_head":"<!-- This site is optimized with the Yoast SEO plugin v28.3 - https:\/\/yoast.com\/product\/yoast-seo-wordpress\/ -->\n<title>Juez le pidi\u00f3 al Gobierno nacional informaci\u00f3n sobre fondos destinados a rutas - Diario Textual<\/title>\n<meta name=\"robots\" content=\"index, follow, max-snippet:-1, max-image-preview:large, max-video-preview:-1\" \/>\n<link rel=\"canonical\" href=\"https:\/\/diariotextual.com\/inicio\/index.php\/2026\/08\/31\/juez-le-pidio-al-gobierno-nacional-informacion-sobre-fondos-destinados-a-rutas\/\" \/>\n<meta property=\"og:locale\" content=\"es_ES\" \/>\n<meta property=\"og:type\" content=\"article\" \/>\n<meta property=\"og:title\" content=\"Juez le pidi\u00f3 al Gobierno nacional informaci\u00f3n sobre fondos destinados a rutas - Diario Textual\" \/>\n<meta property=\"og:description\" content=\"El juez federal, Ariel Lijo, requiri\u00f3 al Gobierno de Javier Milei que brinde informaci\u00f3n sobre fondos destinados a obras viales y mantenimiento de rutas nacionales que, seg\u00fan una denuncia, habr\u00edan&hellip;\" \/>\n<meta property=\"og:url\" content=\"https:\/\/diariotextual.com\/inicio\/index.php\/2026\/08\/31\/juez-le-pidio-al-gobierno-nacional-informacion-sobre-fondos-destinados-a-rutas\/\" \/>\n<meta property=\"og:site_name\" content=\"Diario Textual\" \/>\n<meta property=\"article:publisher\" content=\"https:\/\/www.facebook.com\/eltextual\" \/>\n<meta property=\"article:published_time\" content=\"2026-08-31T23:52:10+00:00\" \/>\n<meta property=\"article:modified_time\" content=\"2026-08-31T23:52:12+00:00\" \/>\n<meta property=\"og:image\" content=\"https:\/\/diariotextual.com\/inicio\/wp-content\/uploads\/2025\/09\/rutanacional151rionegro2025.webp\" \/>\n\t<meta property=\"og:image:width\" content=\"1599\" \/>\n\t<meta property=\"og:image:height\" content=\"899\" \/>\n\t<meta property=\"og:image:type\" content=\"image\/webp\" \/>\n<meta name=\"author\" content=\"diario3\" \/>\n<meta name=\"twitter:card\" content=\"summary_large_image\" \/>\n<meta name=\"twitter:creator\" content=\"@eltextual\" \/>\n<meta name=\"twitter:site\" content=\"@eltextual\" \/>\n<meta name=\"twitter:label1\" content=\"Escrito por\" \/>\n\t<meta name=\"twitter:data1\" content=\"diario3\" \/>\n\t<meta name=\"twitter:label2\" content=\"Tiempo de lectura\" \/>\n\t<meta name=\"twitter:data2\" content=\"3 minutos\" \/>\n<script type=\"application\/ld+json\" class=\"yoast-schema-graph\">{\"@context\":\"https:\\\/\\\/schema.org\",\"@graph\":[{\"@type\":\"Article\",\"@id\":\"https:\\\/\\\/diariotextual.com\\\/inicio\\\/index.php\\\/2026\\\/08\\\/31\\\/juez-le-pidio-al-gobierno-nacional-informacion-sobre-fondos-destinados-a-rutas\\\/#article\",\"isPartOf\":{\"@id\":\"https:\\\/\\\/diariotextual.com\\\/inicio\\\/index.php\\\/2026\\\/08\\\/31\\\/juez-le-pidio-al-gobierno-nacional-informacion-sobre-fondos-destinados-a-rutas\\\/\"},\"author\":{\"name\":\"diario3\",\"@id\":\"https:\\\/\\\/diariotextual.com\\\/inicio\\\/#\\\/schema\\\/person\\\/a1b6f563e0ee944c60f98119389a4d9f\"},\"headline\":\"Juez le pidi\u00f3 al Gobierno nacional informaci\u00f3n sobre fondos destinados a rutas\",\"datePublished\":\"2026-08-31T23:52:10+00:00\",\"dateModified\":\"2026-08-31T23:52:12+00:00\",\"mainEntityOfPage\":{\"@id\":\"https:\\\/\\\/diariotextual.com\\\/inicio\\\/index.php\\\/2026\\\/08\\\/31\\\/juez-le-pidio-al-gobierno-nacional-informacion-sobre-fondos-destinados-a-rutas\\\/\"},\"wordCount\":576,\"publisher\":{\"@id\":\"https:\\\/\\\/diariotextual.com\\\/inicio\\\/#organization\"},\"image\":{\"@id\":\"https:\\\/\\\/diariotextual.com\\\/inicio\\\/index.php\\\/2026\\\/08\\\/31\\\/juez-le-pidio-al-gobierno-nacional-informacion-sobre-fondos-destinados-a-rutas\\\/#primaryimage\"},\"thumbnailUrl\":\"https:\\\/\\\/diariotextual.com\\\/inicio\\\/wp-content\\\/uploads\\\/2025\\\/09\\\/rutanacional151rionegro2025.webp\",\"articleSection\":[\"A - ES NOTICIA (van abajo)\",\"SOCIEDAD\"],\"inLanguage\":\"es\"},{\"@type\":\"WebPage\",\"@id\":\"https:\\\/\\\/diariotextual.com\\\/inicio\\\/index.php\\\/2026\\\/08\\\/31\\\/juez-le-pidio-al-gobierno-nacional-informacion-sobre-fondos-destinados-a-rutas\\\/\",\"url\":\"https:\\\/\\\/diariotextual.com\\\/inicio\\\/index.php\\\/2026\\\/08\\\/31\\\/juez-le-pidio-al-gobierno-nacional-informacion-sobre-fondos-destinados-a-rutas\\\/\",\"name\":\"Juez le pidi\u00f3 al Gobierno nacional informaci\u00f3n sobre fondos destinados a rutas - Diario Textual\",\"isPartOf\":{\"@id\":\"https:\\\/\\\/diariotextual.com\\\/inicio\\\/#website\"},\"primaryImageOfPage\":{\"@id\":\"https:\\\/\\\/diariotextual.com\\\/inicio\\\/index.php\\\/2026\\\/08\\\/31\\\/juez-le-pidio-al-gobierno-nacional-informacion-sobre-fondos-destinados-a-rutas\\\/#primaryimage\"},\"image\":{\"@id\":\"https:\\\/\\\/diariotextual.com\\\/inicio\\\/index.php\\\/2026\\\/08\\\/31\\\/juez-le-pidio-al-gobierno-nacional-informacion-sobre-fondos-destinados-a-rutas\\\/#primaryimage\"},\"thumbnailUrl\":\"https:\\\/\\\/diariotextual.com\\\/inicio\\\/wp-content\\\/uploads\\\/2025\\\/09\\\/rutanacional151rionegro2025.webp\",\"datePublished\":\"2026-08-31T23:52:10+00:00\",\"dateModified\":\"2026-08-31T23:52:12+00:00\",\"breadcrumb\":{\"@id\":\"https:\\\/\\\/diariotextual.com\\\/inicio\\\/index.php\\\/2026\\\/08\\\/31\\\/juez-le-pidio-al-gobierno-nacional-informacion-sobre-fondos-destinados-a-rutas\\\/#breadcrumb\"},\"inLanguage\":\"es\",\"potentialAction\":[{\"@type\":\"ReadAction\",\"target\":[\"https:\\\/\\\/diariotextual.com\\\/inicio\\\/index.php\\\/2026\\\/08\\\/31\\\/juez-le-pidio-al-gobierno-nacional-informacion-sobre-fondos-destinados-a-rutas\\\/\"]}]},{\"@type\":\"ImageObject\",\"inLanguage\":\"es\",\"@id\":\"https:\\\/\\\/diariotextual.com\\\/inicio\\\/index.php\\\/2026\\\/08\\\/31\\\/juez-le-pidio-al-gobierno-nacional-informacion-sobre-fondos-destinados-a-rutas\\\/#primaryimage\",\"url\":\"https:\\\/\\\/diariotextual.com\\\/inicio\\\/wp-content\\\/uploads\\\/2025\\\/09\\\/rutanacional151rionegro2025.webp\",\"contentUrl\":\"https:\\\/\\\/diariotextual.com\\\/inicio\\\/wp-content\\\/uploads\\\/2025\\\/09\\\/rutanacional151rionegro2025.webp\",\"width\":1599,\"height\":899},{\"@type\":\"BreadcrumbList\",\"@id\":\"https:\\\/\\\/diariotextual.com\\\/inicio\\\/index.php\\\/2026\\\/08\\\/31\\\/juez-le-pidio-al-gobierno-nacional-informacion-sobre-fondos-destinados-a-rutas\\\/#breadcrumb\",\"itemListElement\":[{\"@type\":\"ListItem\",\"position\":1,\"name\":\"Portada\",\"item\":\"https:\\\/\\\/diariotextual.com\\\/inicio\\\/\"},{\"@type\":\"ListItem\",\"position\":2,\"name\":\"Juez le pidi\u00f3 al Gobierno nacional informaci\u00f3n sobre fondos destinados a rutas\"}]},{\"@type\":\"WebSite\",\"@id\":\"https:\\\/\\\/diariotextual.com\\\/inicio\\\/#website\",\"url\":\"https:\\\/\\\/diariotextual.com\\\/inicio\\\/\",\"name\":\"Diario Textual\",\"description\":\"\",\"publisher\":{\"@id\":\"https:\\\/\\\/diariotextual.com\\\/inicio\\\/#organization\"},\"potentialAction\":[{\"@type\":\"SearchAction\",\"target\":{\"@type\":\"EntryPoint\",\"urlTemplate\":\"https:\\\/\\\/diariotextual.com\\\/inicio\\\/?s={search_term_string}\"},\"query-input\":{\"@type\":\"PropertyValueSpecification\",\"valueRequired\":true,\"valueName\":\"search_term_string\"}}],\"inLanguage\":\"es\"},{\"@type\":\"Organization\",\"@id\":\"https:\\\/\\\/diariotextual.com\\\/inicio\\\/#organization\",\"name\":\"Diario Textual\",\"url\":\"https:\\\/\\\/diariotextual.com\\\/inicio\\\/\",\"logo\":{\"@type\":\"ImageObject\",\"inLanguage\":\"es\",\"@id\":\"https:\\\/\\\/diariotextual.com\\\/inicio\\\/#\\\/schema\\\/logo\\\/image\\\/\",\"url\":\"https:\\\/\\\/diariotextual.com\\\/inicio\\\/wp-content\\\/uploads\\\/2023\\\/05\\\/logotextual1.jpg\",\"contentUrl\":\"https:\\\/\\\/diariotextual.com\\\/inicio\\\/wp-content\\\/uploads\\\/2023\\\/05\\\/logotextual1.jpg\",\"width\":516,\"height\":76,\"caption\":\"Diario Textual\"},\"image\":{\"@id\":\"https:\\\/\\\/diariotextual.com\\\/inicio\\\/#\\\/schema\\\/logo\\\/image\\\/\"},\"sameAs\":[\"https:\\\/\\\/www.facebook.com\\\/eltextual\",\"https:\\\/\\\/x.com\\\/eltextual\",\"http:\\\/\\\/www.instagram.com\\\/eltextual\"]},{\"@type\":\"Person\",\"@id\":\"https:\\\/\\\/diariotextual.com\\\/inicio\\\/#\\\/schema\\\/person\\\/a1b6f563e0ee944c60f98119389a4d9f\",\"name\":\"diario3\",\"image\":{\"@type\":\"ImageObject\",\"inLanguage\":\"es\",\"@id\":\"https:\\\/\\\/secure.gravatar.com\\\/avatar\\\/5e7ee62c82fc04d9dd79d746a390d93c69c43223e5faeeb3ea9461ef752bfc5d?s=96&d=mm&r=g\",\"url\":\"https:\\\/\\\/secure.gravatar.com\\\/avatar\\\/5e7ee62c82fc04d9dd79d746a390d93c69c43223e5faeeb3ea9461ef752bfc5d?s=96&d=mm&r=g\",\"contentUrl\":\"https:\\\/\\\/secure.gravatar.com\\\/avatar\\\/5e7ee62c82fc04d9dd79d746a390d93c69c43223e5faeeb3ea9461ef752bfc5d?s=96&d=mm&r=g\",\"caption\":\"diario3\"},\"url\":\"https:\\\/\\\/diariotextual.com\\\/inicio\\\/index.php\\\/author\\\/diario3\\\/\"}]}<\/script>\n<!-- \/ Yoast SEO plugin. -->","yoast_head_json":{"title":"Juez le pidi\u00f3 al Gobierno nacional informaci\u00f3n sobre fondos destinados a rutas - Diario Textual","robots":{"index":"index","follow":"follow","max-snippet":"max-snippet:-1","max-image-preview":"max-image-preview:large","max-video-preview":"max-video-preview:-1"},"canonical":"https:\/\/diariotextual.com\/inicio\/index.php\/2026\/08\/31\/juez-le-pidio-al-gobierno-nacional-informacion-sobre-fondos-destinados-a-rutas\/","og_locale":"es_ES","og_type":"article","og_title":"Juez le pidi\u00f3 al Gobierno nacional informaci\u00f3n sobre fondos destinados a rutas - Diario Textual","og_description":"El juez federal, Ariel Lijo, requiri\u00f3 al Gobierno de Javier Milei que brinde informaci\u00f3n sobre fondos destinados a obras viales y mantenimiento de rutas nacionales que, seg\u00fan una denuncia, habr\u00edan&hellip;","og_url":"https:\/\/diariotextual.com\/inicio\/index.php\/2026\/08\/31\/juez-le-pidio-al-gobierno-nacional-informacion-sobre-fondos-destinados-a-rutas\/","og_site_name":"Diario Textual","article_publisher":"https:\/\/www.facebook.com\/eltextual","article_published_time":"2026-08-31T23:52:10+00:00","article_modified_time":"2026-08-31T23:52:12+00:00","og_image":[{"width":1599,"height":899,"url":"https:\/\/diariotextual.com\/inicio\/wp-content\/uploads\/2025\/09\/rutanacional151rionegro2025.webp","type":"image\/webp"}],"author":"diario3","twitter_card":"summary_large_image","twitter_creator":"@eltextual","twitter_site":"@eltextual","twitter_misc":{"Escrito por":"diario3","Tiempo de lectura":"3 minutos"},"schema":{"@context":"https:\/\/schema.org","@graph":[{"@type":"Article","@id":"https:\/\/diariotextual.com\/inicio\/index.php\/2026\/08\/31\/juez-le-pidio-al-gobierno-nacional-informacion-sobre-fondos-destinados-a-rutas\/#article","isPartOf":{"@id":"https:\/\/diariotextual.com\/inicio\/index.php\/2026\/08\/31\/juez-le-pidio-al-gobierno-nacional-informacion-sobre-fondos-destinados-a-rutas\/"},"author":{"name":"diario3","@id":"https:\/\/diariotextual.com\/inicio\/#\/schema\/person\/a1b6f563e0ee944c60f98119389a4d9f"},"headline":"Juez le pidi\u00f3 al Gobierno nacional informaci\u00f3n sobre fondos destinados a rutas","datePublished":"2026-08-31T23:52:10+00:00","dateModified":"2026-08-31T23:52:12+00:00","mainEntityOfPage":{"@id":"https:\/\/diariotextual.com\/inicio\/index.php\/2026\/08\/31\/juez-le-pidio-al-gobierno-nacional-informacion-sobre-fondos-destinados-a-rutas\/"},"wordCount":576,"publisher":{"@id":"https:\/\/diariotextual.com\/inicio\/#organization"},"image":{"@id":"https:\/\/diariotextual.com\/inicio\/index.php\/2026\/08\/31\/juez-le-pidio-al-gobierno-nacional-informacion-sobre-fondos-destinados-a-rutas\/#primaryimage"},"thumbnailUrl":"https:\/\/diariotextual.com\/inicio\/wp-content\/uploads\/2025\/09\/rutanacional151rionegro2025.webp","articleSection":["A - ES NOTICIA (van abajo)","SOCIEDAD"],"inLanguage":"es"},{"@type":"WebPage","@id":"https:\/\/diariotextual.com\/inicio\/index.php\/2026\/08\/31\/juez-le-pidio-al-gobierno-nacional-informacion-sobre-fondos-destinados-a-rutas\/","url":"https:\/\/diariotextual.com\/inicio\/index.php\/2026\/08\/31\/juez-le-pidio-al-gobierno-nacional-informacion-sobre-fondos-destinados-a-rutas\/","name":"Juez le pidi\u00f3 al Gobierno nacional informaci\u00f3n sobre fondos destinados a rutas - Diario Textual","isPartOf":{"@id":"https:\/\/diariotextual.com\/inicio\/#website"},"primaryImageOfPage":{"@id":"https:\/\/diariotextual.com\/inicio\/index.php\/2026\/08\/31\/juez-le-pidio-al-gobierno-nacional-informacion-sobre-fondos-destinados-a-rutas\/#primaryimage"},"image":{"@id":"https:\/\/diariotextual.com\/inicio\/index.php\/2026\/08\/31\/juez-le-pidio-al-gobierno-nacional-informacion-sobre-fondos-destinados-a-rutas\/#primaryimage"},"thumbnailUrl":"https:\/\/diariotextual.com\/inicio\/wp-content\/uploads\/2025\/09\/rutanacional151rionegro2025.webp","datePublished":"2026-08-31T23:52:10+00:00","dateModified":"2026-08-31T23:52:12+00:00","breadcrumb":{"@id":"https:\/\/diariotextual.com\/inicio\/index.php\/2026\/08\/31\/juez-le-pidio-al-gobierno-nacional-informacion-sobre-fondos-destinados-a-rutas\/#breadcrumb"},"inLanguage":"es","potentialAction":[{"@type":"ReadAction","target":["https:\/\/diariotextual.com\/inicio\/index.php\/2026\/08\/31\/juez-le-pidio-al-gobierno-nacional-informacion-sobre-fondos-destinados-a-rutas\/"]}]},{"@type":"ImageObject","inLanguage":"es","@id":"https:\/\/diariotextual.com\/inicio\/index.php\/2026\/08\/31\/juez-le-pidio-al-gobierno-nacional-informacion-sobre-fondos-destinados-a-rutas\/#primaryimage","url":"https:\/\/diariotextual.com\/inicio\/wp-content\/uploads\/2025\/09\/rutanacional151rionegro2025.webp","contentUrl":"https:\/\/diariotextual.com\/inicio\/wp-content\/uploads\/2025\/09\/rutanacional151rionegro2025.webp","width":1599,"height":899},{"@type":"BreadcrumbList","@id":"https:\/\/diariotextual.com\/inicio\/index.php\/2026\/08\/31\/juez-le-pidio-al-gobierno-nacional-informacion-sobre-fondos-destinados-a-rutas\/#breadcrumb","itemListElement":[{"@type":"ListItem","position":1,"name":"Portada","item":"https:\/\/diariotextual.com\/inicio\/"},{"@type":"ListItem","position":2,"name":"Juez le pidi\u00f3 al Gobierno nacional informaci\u00f3n sobre fondos destinados a rutas"}]},{"@type":"WebSite","@id":"https:\/\/diariotextual.com\/inicio\/#website","url":"https:\/\/diariotextual.com\/inicio\/","name":"Diario Textual","description":"","publisher":{"@id":"https:\/\/diariotextual.com\/inicio\/#organization"},"potentialAction":[{"@type":"SearchAction","target":{"@type":"EntryPoint","urlTemplate":"https:\/\/diariotextual.com\/inicio\/?s={search_term_string}"},"query-input":{"@type":"PropertyValueSpecification","valueRequired":true,"valueName":"search_term_string"}}],"inLanguage":"es"},{"@type":"Organization","@id":"https:\/\/diariotextual.com\/inicio\/#organization","name":"Diario Textual","url":"https:\/\/diariotextual.com\/inicio\/","logo":{"@type":"ImageObject","inLanguage":"es","@id":"https:\/\/diariotextual.com\/inicio\/#\/schema\/logo\/image\/","url":"https:\/\/diariotextual.com\/inicio\/wp-content\/uploads\/2023\/05\/logotextual1.jpg","contentUrl":"https:\/\/diariotextual.com\/inicio\/wp-content\/uploads\/2023\/05\/logotextual1.jpg","width":516,"height":76,"caption":"Diario Textual"},"image":{"@id":"https:\/\/diariotextual.com\/inicio\/#\/schema\/logo\/image\/"},"sameAs":["https:\/\/www.facebook.com\/eltextual","https:\/\/x.com\/eltextual","http:\/\/www.instagram.com\/eltextual"]},{"@type":"Person","@id":"https:\/\/diariotextual.com\/inicio\/#\/schema\/person\/a1b6f563e0ee944c60f98119389a4d9f","name":"diario3","image":{"@type":"ImageObject","inLanguage":"es","@id":"https:\/\/secure.gravatar.com\/avatar\/5e7ee62c82fc04d9dd79d746a390d93c69c43223e5faeeb3ea9461ef752bfc5d?s=96&d=mm&r=g","url":"https:\/\/secure.gravatar.com\/avatar\/5e7ee62c82fc04d9dd79d746a390d93c69c43223e5faeeb3ea9461ef752bfc5d?s=96&d=mm&r=g","contentUrl":"https:\/\/secure.gravatar.com\/avatar\/5e7ee62c82fc04d9dd79d746a390d93c69c43223e5faeeb3ea9461ef752bfc5d?s=96&d=mm&r=g","caption":"diario3"},"url":"https:\/\/diariotextual.com\/inicio\/index.php\/author\/diario3\/"}]}},"_links":{"self":[{"href":"https:\/\/diariotextual.com\/inicio\/index.php\/wp-json\/wp\/v2\/posts\/334237","targetHints":{"allow":["GET"]}}],"collection":[{"href":"https:\/\/diariotextual.com\/inicio\/index.php\/wp-json\/wp\/v2\/posts"}],"about":[{"href":"https:\/\/diariotextual.com\/inicio\/index.php\/wp-json\/wp\/v2\/types\/post"}],"author":[{"embeddable":true,"href":"https:\/\/diariotextual.com\/inicio\/index.php\/wp-json\/wp\/v2\/users\/5"}],"replies":[{"embeddable":true,"href":"https:\/\/diariotextual.com\/inicio\/index.php\/wp-json\/wp\/v2\/comments?post=334237"}],"version-history":[{"count":1,"href":"https:\/\/diariotextual.com\/inicio\/index.php\/wp-json\/wp\/v2\/posts\/334237\/revisions"}],"predecessor-version":[{"id":334238,"href":"https:\/\/diariotextual.com\/inicio\/index.php\/wp-json\/wp\/v2\/posts\/334237\/revisions\/334238"}],"wp:featuredmedia":[{"embeddable":true,"href":"https:\/\/diariotextual.com\/inicio\/index.php\/wp-json\/wp\/v2\/media\/306134"}],"wp:attachment":[{"href":"https:\/\/diariotextual.com\/inicio\/index.php\/wp-json\/wp\/v2\/media?parent=334237"}],"wp:term":[{"taxonomy":"category","embeddable":true,"href":"https:\/\/diariotextual.com\/inicio\/index.php\/wp-json\/wp\/v2\/categories?post=334237"},{"taxonomy":"post_tag","embeddable":true,"href":"https:\/\/diariotextual.com\/inicio\/index.php\/wp-json\/wp\/v2\/tags?post=334237"}],"curies":[{"name":"wp","href":"https:\/\/api.w.org\/{rel}","templated":true}]}}