{"id":334241,"date":"2026-08-31T22:36:50","date_gmt":"2026-09-01T01:36:50","guid":{"rendered":"https:\/\/diariotextual.com\/inicio\/?p=334241"},"modified":"2026-08-31T22:40:29","modified_gmt":"2026-09-01T01:40:29","slug":"convenio-kicillof-y-ziliotto-preparan-una-via-de-escape-para-el-agua-hacia-buenos-aires-si-se-desbordan-los-daneses","status":"publish","type":"post","link":"https:\/\/diariotextual.com\/inicio\/index.php\/2026\/08\/31\/convenio-kicillof-y-ziliotto-preparan-una-via-de-escape-para-el-agua-hacia-buenos-aires-si-se-desbordan-los-daneses\/","title":{"rendered":"Convenio entre Kicillof y Ziliotto: preparan una v\u00eda de escape para el agua hacia Buenos Aires si se desbordan Los Daneses"},"content":{"rendered":"\n<p class=\"wp-block-paragraph\">El<strong><a href=\"https:\/\/diariotextual.com\/inicio\/index.php\/2026\/08\/31\/kicillof-y-ziliotto-firmaron-un-acuerdo-para-enfrentar-el-nino-y-reclamaron-los-fondos-manoteados-por-milei\/\" target=\"_blank\" rel=\"noreferrer noopener\"> convenio de cooperaci\u00f3n h\u00eddrica que firmaron este lunes los gobernadores Sergio Ziliotto y Axel Kicillof <\/a><\/strong>para fortalecer la prevenci\u00f3n y la respuesta conjunta frente al escenario clim\u00e1tico del llamado <strong>Super Ni\u00f1o<\/strong> tiene un cap\u00edtulo especial para la zona de <strong>Quem\u00fa Quem\u00fa<\/strong>: si se desbordan los dos reservorios de la llamada <strong>Obra de los Daneses<\/strong>, se activar\u00e1n las negociaciones para intentar derivar los excedentes de agua, en forma<strong> gradual<\/strong>, hacia la provincia de Buenos Aires. <strong>El principal objetivo es proteger de una inundaci\u00f3n al pueblo o evitar el incremento de las napas fre\u00e1ticas.<\/strong><\/p>\n\n\n\n<p class=\"wp-block-paragraph\"><strong>Jos\u00e9 Gobbi<\/strong>, secretario de Recursos H\u00eddricos de La Pampa, dio detalles a <strong>Diario Textual.<\/strong> \u201cLo que estamos conversando es c\u00f3mo, en conjunto, hacer una planificaci\u00f3n de esos excedentes h\u00eddricos. Es una mirada de mediano y largo plazo, con el fin de <strong>armar un sistema de canalizaci\u00f3n conjunta <\/strong>para dirigir los excedentes al sistema <strong>Hinojo-Las Tunas<\/strong> y <strong>Cuero de Zorro<\/strong> (NdeR: un conjunto de espejos de agua dulce ubicado en el noroeste de la provincia de Buenos Aires, cerca del partido de Trenque Lauquen)\u201d, dijo.<\/p>\n\n\n\n<p class=\"wp-block-paragraph\">El funcionario explic\u00f3 que el convenio firmado este lunes tiene tres patas. Una es la del <strong>alerta temprana e intercambio de informaci\u00f3n<\/strong>; la segunda es el reemplazo de las tuber\u00edas por un puente en el camino del <strong>Meridiano V<\/strong>, desde la ruta 188 hacia el sur, unos 7 kil\u00f3metros -esos ca\u00f1os, con las precipitaciones, se deterioraron-; y la tercera parte tiene que ver con la gesti\u00f3n de los excedentes h\u00eddricos de la <strong>Obra de los Daneses<\/strong>, en <strong>Quem\u00fa<\/strong>.<\/p>\n\n\n\n<p class=\"wp-block-paragraph\"><\/p>\n\n\n\n<figure class=\"wp-block-embed is-type-wp-embed is-provider-diario-textual wp-block-embed-diario-textual\"><div class=\"wp-block-embed__wrapper\">\n<blockquote class=\"wp-embedded-content\" data-secret=\"nNGudp8Eiz\"><a href=\"https:\/\/diariotextual.com\/inicio\/index.php\/2026\/08\/31\/kicillof-y-ziliotto-firmaron-un-acuerdo-para-enfrentar-el-nino-y-reclamaron-los-fondos-manoteados-por-milei\/\">Kicillof y Ziliotto firmaron un acuerdo para enfrentar El Ni\u00f1o y reclamaron los fondos manoteados por Milei<\/a><\/blockquote><iframe class=\"wp-embedded-content\" sandbox=\"allow-scripts\" security=\"restricted\" style=\"position: absolute; visibility: hidden;\" title=\"\u00abKicillof y Ziliotto firmaron un acuerdo para enfrentar El Ni\u00f1o y reclamaron los fondos manoteados por Milei\u00bb \u2014 Diario Textual\" src=\"https:\/\/diariotextual.com\/inicio\/index.php\/2026\/08\/31\/kicillof-y-ziliotto-firmaron-un-acuerdo-para-enfrentar-el-nino-y-reclamaron-los-fondos-manoteados-por-milei\/embed\/#?secret=gC1NVkQprW#?secret=nNGudp8Eiz\" data-secret=\"nNGudp8Eiz\" width=\"600\" height=\"338\" frameborder=\"0\" marginwidth=\"0\" marginheight=\"0\" scrolling=\"no\"><\/iframe>\n<\/div><\/figure>\n\n\n\n<div style=\"height:100px\" aria-hidden=\"true\" class=\"wp-block-spacer\"><\/div>\n\n\n\n<p class=\"wp-block-paragraph\"><strong>La Obra de los Daneses<\/strong><\/p>\n\n\n\n<p class=\"wp-block-paragraph\">La zona de <strong>Quem\u00fa<\/strong> es una de las \u201cm\u00e1s bajas\u201d del noreste provincial. Por eso, hace casi tres d\u00e9cadas, profesionales del <strong>Instituto Dan\u00e9s de Hidr\u00e1ulica<\/strong> propusieron que all\u00ed se concentrara una \u201czona de sacrificio\u201d para contener los excesos h\u00eddricos.<\/p>\n\n\n\n<p class=\"wp-block-paragraph\">Durante casi dos d\u00e9cadas, La Pampa impuls\u00f3 la realizaci\u00f3n de canales y reservorios para que, dentro de nuestra provincia, se almacenaran los excesos h\u00eddricos. Es decir, el Estado provincial decidi\u00f3 hacerse cargo, en la zona de Quem\u00fa, del agua que llegaba, entre otros puntos, de <strong>General Pico, Trenel, Villa Mirasol, Colonia Bar\u00f3n y Metileo<\/strong>.<\/p>\n\n\n\n<p class=\"wp-block-paragraph\">El proyecto fue ideado por el Instituto Dan\u00e9s de Hidr\u00e1ulica. De all\u00ed que esos trabajos, que se iniciaron a principios de 2000, se conozcan como la <strong>Obra de los Daneses<\/strong>.<\/p>\n\n\n\n<p class=\"wp-block-paragraph\"><\/p>\n\n\n\n<figure class=\"wp-block-image size-full\"><img fetchpriority=\"high\" decoding=\"async\" width=\"716\" height=\"450\" src=\"https:\/\/diariotextual.com\/inicio\/wp-content\/uploads\/2019\/02\/danesesobraenquemu2017-111.jpg\" alt=\"\" class=\"wp-image-37425\" srcset=\"https:\/\/diariotextual.com\/inicio\/wp-content\/uploads\/2019\/02\/danesesobraenquemu2017-111.jpg 716w, https:\/\/diariotextual.com\/inicio\/wp-content\/uploads\/2019\/02\/danesesobraenquemu2017-111-300x189.jpg 300w, https:\/\/diariotextual.com\/inicio\/wp-content\/uploads\/2019\/02\/danesesobraenquemu2017-111-585x368.jpg 585w\" sizes=\"(max-width: 716px) 100vw, 716px\" \/><\/figure>\n\n\n\n<p class=\"wp-block-paragraph\"><\/p>\n\n\n\n<p class=\"wp-block-paragraph\">El Estado tuvo que expropiar miles de hect\u00e1reas, no sin resistencia de algunos los productores rurales: lo hizo, principalmente, en la zona del campo <strong>El Cerrito<\/strong> y en el <strong>Bajo de B\u00e1rbulo<\/strong>. Estaba previsto un tercer reservorio, m\u00e1s al norte, pero la idea fue desestimada en 2017: el entonces gobernador <strong>Carlos Verna<\/strong>, en medio de unas importantes inundaciones, anunci\u00f3 que se abandonaba el proyecto para hacer un nuevo reservorio y sostuvo que iba a impulsar un canal para derivar directamente el agua excedente, en caso de desbordes de los Daneses, hacia la provincia de Buenos Aires.<\/p>\n\n\n\n<p class=\"wp-block-paragraph\">De esta manera, la <strong>obra de Regulaci\u00f3n y Control de Inundaciones en la Regi\u00f3n Noreste de La Pampa<\/strong> qued\u00f3 paralizada. Pero, en los hechos, no fue abandonada.<\/p>\n\n\n\n<p class=\"wp-block-paragraph\">La tercera etapa, que ya Verna desestim\u00f3 hace casi 10 a\u00f1os, contemplaba la creaci\u00f3n de un nuevo reservorio de <strong>8 mil hect\u00e1reas en Tril\u00ed<\/strong>, al noroeste de Quem\u00fa: los t\u00e9cnicos del Gobierno han advertido que, de avanzar con ese reservorio, se aumentar\u00eda la presi\u00f3n sobre la ruta provincial 1 y se incrementar\u00edan dram\u00e1ticamente las napas en el pueblo de Quem\u00fa. De todas maneras, cuando hay excesos h\u00eddricos, parte de esa zona \u2014donde estaba previsto el tercer reservorio\u2014 se inunda. Es decir, funciona como \u201camortiguador\u201d de los dos reservorios aguas abajo.<\/p>\n\n\n\n<p class=\"wp-block-paragraph\">Poco despu\u00e9s, se anunci\u00f3 un estudio de canalizaci\u00f3n que conectar\u00eda la llamada <strong>Laguna de Cobreros<\/strong> con la estancia <strong>La Aurora<\/strong>, al este de Quem\u00fa Quem\u00fa. El objetivo es que, si se rebalsa la Obra de los Daneses \u2014que deriva el agua hacia los campos de la familia Cobreros\u2014, se puedan enviar excedentes hacia Buenos Aires. <strong>Esa es la obra que ahora, en los pr\u00f3ximos meses, se activar\u00eda si hay una emergencia.<\/strong><\/p>\n\n\n\n<div style=\"height:100px\" aria-hidden=\"true\" class=\"wp-block-spacer\"><\/div>\n\n\n\n<p class=\"wp-block-paragraph\"><strong>Mitos y posiciones equivocadas<\/strong><\/p>\n\n\n\n<p class=\"wp-block-paragraph\">Gobbi dijo, en otro tramo de la entrevista de <strong>Diario Textual<\/strong>, que circulan desde hace a\u00f1os dos visiones err\u00f3neas sobre las inundaciones en La Pampa: son las que sostienen que los anegamientos en toda la zona noreste son a causa de la crecida del <strong>r\u00edo Quinto<\/strong> y que se agravan porque supuestamente no se ha terminado la <strong>Obra de los Daneses<\/strong>.<\/p>\n\n\n\n<p class=\"wp-block-paragraph\">\u201cLa cuenca hidrogr\u00e1fica del r\u00edo Quinto es relativamente peque\u00f1a en La Pampa\u201d, aclar\u00f3. Es decir, afecta principalmente a campos y zonas de <strong>Bernardo Larroud\u00e9 e Intendente Alvear<\/strong>. Pero no mucho m\u00e1s: es que el agua pasa, a trav\u00e9s del <strong>Meridiano V<\/strong>, hacia la provincia de Buenos Aires. As\u00ed, el agua del r\u00edo Quinto no se dirige hacia la Obra de los Daneses. \u201cLa influencia del Quinto es muy peque\u00f1a&#8230; No es cierto que todo el noreste se inunda por el r\u00edo Quinto\u201d, explic\u00f3.<\/p>\n\n\n\n<p class=\"wp-block-paragraph\">\u201cLo que pasa es que, cuando se ingresa en un ciclo h\u00famedo, se activa el r\u00edo Quinto y, al mismo tiempo, se activa la zona de la <strong>cuenca arreica<\/strong> (NdeR: es decir, sin salida). Esa zona tiene 7 mil lagunas y bajos conectados entre s\u00ed\u201d, explic\u00f3. \u201cS\u00ed, 7 mil\u201d, remarc\u00f3.<\/p>\n\n\n\n<p class=\"wp-block-paragraph\">\u201cHay que entender que, si se inundan 200 mil o 250 mil hect\u00e1reas, no se puede meter toda esa agua en la Cuenca de los Daneses, que tiene una capacidad de entre 30 mil y 40 mil hect\u00e1reas\u201d, dijo.<\/p>\n\n\n\n<p class=\"wp-block-paragraph\">\u201cPor eso hay dos ideas equivocadas: que las inundaciones son provocadas por el r\u00edo Quinto y que nos inundamos porque los Daneses no est\u00e1n terminados\u201d, insisti\u00f3.<\/p>\n\n\n\n<p class=\"wp-block-paragraph\">\u201cAhora, con las obras en la zona del r\u00edo Salado, Buenos Aires puede receptar con m\u00e1s facilidad el agua del r\u00edo Quinto. Y, a su vez, en el resto de la provincia, la estrategia es proteger los pueblos. Y ese excedente h\u00eddrico lo almacenamos en Los Daneses. Y, si se sobrepasa, estamos coordinando con la provincia de Buenos Aires, de forma gradual, para activar el traspaso (hacia Buenos Aires)\u201d, dijo.<\/p>\n\n\n\n<p class=\"wp-block-paragraph\">La <strong>Obra de los Daneses<\/strong>, en rigor, nunca se desbord\u00f3. \u201cEn 2017, estuvo a 15 cent\u00edmetros de desbordarse, pero no ocurri\u00f3\u201d, cont\u00f3. Hoy, por lo pronto,<strong> la zona est\u00e1 totalmente seca.<\/strong><\/p>\n\n\n\n<p class=\"wp-block-paragraph\">\u201cLa prioridad es proteger las localidades. Despu\u00e9s, rutas y caminos. Y, en la medida de lo posible, disminuir la incidencia de las zonas productivas\u201d, dijo.<\/p>\n\n\n\n<div style=\"height:100px\" aria-hidden=\"true\" class=\"wp-block-spacer\"><\/div>\n\n\n\n<p class=\"wp-block-paragraph\"><strong>Qu\u00e9 dijo el intendente<\/strong><\/p>\n\n\n\n<p class=\"wp-block-paragraph\">El intendente de <strong>Quem\u00fa Quem\u00fa, Francisco Tassone<\/strong>, valor\u00f3 los convenios firmados por los gobernadores <strong>Sergio Ziliotto<\/strong> y <strong>Axel Kicillof<\/strong> y se\u00f1al\u00f3 que el entendimiento entre ambas provincias puede permitir avanzar en el escurrimiento de los excedentes h\u00eddricos hacia territorio bonaerense. Tambi\u00e9n destac\u00f3 las gestiones realizadas con autoridades de ambas jurisdicciones para encontrar una soluci\u00f3n al conflicto en el <strong>Meridiano V<\/strong>.<\/p>\n\n\n\n<p class=\"wp-block-paragraph\">En di\u00e1logo con la <strong>Agencia Provincial de Noticias<\/strong>, Tassone destac\u00f3 la firma de los convenios entre La Pampa y Buenos Aires para fortalecer la prevenci\u00f3n y el manejo conjunto de los excedentes h\u00eddricos ante eventuales fen\u00f3menos clim\u00e1ticos extremos y explic\u00f3 que para la localidad el acuerdo adquiere una importancia particular debido a la situaci\u00f3n de la cuenca en la que se encuentra. \u201cLa verdad es que, para nosotros, que somos una cuenca que est\u00e1 complicada y que no tenemos salida, este convenio es muy importante\u201d, se\u00f1al\u00f3.<\/p>\n\n\n\n<p class=\"wp-block-paragraph\">En ese sentido, consider\u00f3 especialmente relevante que ambas provincias puedan definir de manera coordinada el destino del agua. \u201cNosotros somos el \u00faltimo orej\u00f3n del tarro, como se dice, que nos movemos en el fondo del balde\u201d, expres\u00f3 el jefe comunal, al describir la posici\u00f3n de la localidad dentro del sistema h\u00eddrico.<\/p>\n\n\n\n<p class=\"wp-block-paragraph\">Tassone sostuvo que la posibilidad de contar con un escurrimiento hacia la provincia de Buenos Aires permitir\u00eda mejorar sustancialmente la situaci\u00f3n. \u201cLa posibilidad de tener un escurrimiento hacia la provincia de Buenos Aires vendr\u00eda muy bien\u201d, afirm\u00f3.<\/p>\n\n\n\n<p class=\"wp-block-paragraph\"><\/p>\n","protected":false},"excerpt":{"rendered":"<p>El convenio de cooperaci\u00f3n h\u00eddrica que firmaron este lunes los gobernadores Sergio Ziliotto y Axel Kicillof para fortalecer la prevenci\u00f3n y la respuesta conjunta frente al escenario clim\u00e1tico del llamado&hellip;<\/p>\n","protected":false},"author":3,"featured_media":37424,"comment_status":"closed","ping_status":"open","sticky":false,"template":"","format":"standard","meta":{"_acf_changed":false,"footnotes":""},"categories":[9,8],"tags":[],"class_list":["post-334241","post","type-post","status-publish","format-standard","has-post-thumbnail","hentry","category-portada","category-politica"],"acf":[],"yoast_head":"<!-- This site is optimized with the Yoast SEO plugin v28.3 - https:\/\/yoast.com\/product\/yoast-seo-wordpress\/ -->\n<title>Convenio entre Kicillof y Ziliotto: preparan una v\u00eda de escape para el agua hacia Buenos Aires si se desbordan Los Daneses - Diario Textual<\/title>\n<meta name=\"robots\" content=\"index, follow, max-snippet:-1, max-image-preview:large, max-video-preview:-1\" \/>\n<link rel=\"canonical\" href=\"https:\/\/diariotextual.com\/inicio\/index.php\/2026\/08\/31\/convenio-kicillof-y-ziliotto-preparan-una-via-de-escape-para-el-agua-hacia-buenos-aires-si-se-desbordan-los-daneses\/\" \/>\n<meta property=\"og:locale\" content=\"es_ES\" \/>\n<meta property=\"og:type\" content=\"article\" \/>\n<meta property=\"og:title\" content=\"Convenio entre Kicillof y Ziliotto: preparan una v\u00eda de escape para el agua hacia Buenos Aires si se desbordan Los Daneses - Diario Textual\" \/>\n<meta property=\"og:description\" content=\"El convenio de cooperaci\u00f3n h\u00eddrica que firmaron este lunes los gobernadores Sergio Ziliotto y Axel Kicillof para fortalecer la prevenci\u00f3n y la respuesta conjunta frente al escenario clim\u00e1tico del llamado&hellip;\" \/>\n<meta property=\"og:url\" content=\"https:\/\/diariotextual.com\/inicio\/index.php\/2026\/08\/31\/convenio-kicillof-y-ziliotto-preparan-una-via-de-escape-para-el-agua-hacia-buenos-aires-si-se-desbordan-los-daneses\/\" \/>\n<meta property=\"og:site_name\" content=\"Diario Textual\" \/>\n<meta property=\"article:publisher\" content=\"https:\/\/www.facebook.com\/eltextual\" \/>\n<meta property=\"article:published_time\" content=\"2026-09-01T01:36:50+00:00\" \/>\n<meta property=\"article:modified_time\" content=\"2026-09-01T01:40:29+00:00\" \/>\n<meta property=\"og:image\" content=\"https:\/\/diariotextual.com\/inicio\/wp-content\/uploads\/2019\/02\/danesesobraenquemu2019-3.jpg\" \/>\n\t<meta property=\"og:image:width\" content=\"1100\" \/>\n\t<meta property=\"og:image:height\" content=\"746\" \/>\n\t<meta property=\"og:image:type\" content=\"image\/jpeg\" \/>\n<meta name=\"author\" content=\"Diario1 Diario1\" \/>\n<meta name=\"twitter:card\" content=\"summary_large_image\" \/>\n<meta name=\"twitter:creator\" content=\"@eltextual\" \/>\n<meta name=\"twitter:site\" content=\"@eltextual\" \/>\n<meta name=\"twitter:label1\" content=\"Escrito por\" \/>\n\t<meta name=\"twitter:data1\" content=\"Diario1 Diario1\" \/>\n\t<meta name=\"twitter:label2\" content=\"Tiempo de lectura\" \/>\n\t<meta name=\"twitter:data2\" content=\"7 minutos\" \/>\n<script type=\"application\/ld+json\" class=\"yoast-schema-graph\">{\"@context\":\"https:\\\/\\\/schema.org\",\"@graph\":[{\"@type\":\"Article\",\"@id\":\"https:\\\/\\\/diariotextual.com\\\/inicio\\\/index.php\\\/2026\\\/08\\\/31\\\/convenio-kicillof-y-ziliotto-preparan-una-via-de-escape-para-el-agua-hacia-buenos-aires-si-se-desbordan-los-daneses\\\/#article\",\"isPartOf\":{\"@id\":\"https:\\\/\\\/diariotextual.com\\\/inicio\\\/index.php\\\/2026\\\/08\\\/31\\\/convenio-kicillof-y-ziliotto-preparan-una-via-de-escape-para-el-agua-hacia-buenos-aires-si-se-desbordan-los-daneses\\\/\"},\"author\":{\"name\":\"Diario1 Diario1\",\"@id\":\"https:\\\/\\\/diariotextual.com\\\/inicio\\\/#\\\/schema\\\/person\\\/418fc4093c33e86ed41562db3508f958\"},\"headline\":\"Convenio entre Kicillof y Ziliotto: preparan una v\u00eda de escape para el agua hacia Buenos Aires si se desbordan Los Daneses\",\"datePublished\":\"2026-09-01T01:36:50+00:00\",\"dateModified\":\"2026-09-01T01:40:29+00:00\",\"mainEntityOfPage\":{\"@id\":\"https:\\\/\\\/diariotextual.com\\\/inicio\\\/index.php\\\/2026\\\/08\\\/31\\\/convenio-kicillof-y-ziliotto-preparan-una-via-de-escape-para-el-agua-hacia-buenos-aires-si-se-desbordan-los-daneses\\\/\"},\"wordCount\":1398,\"publisher\":{\"@id\":\"https:\\\/\\\/diariotextual.com\\\/inicio\\\/#organization\"},\"image\":{\"@id\":\"https:\\\/\\\/diariotextual.com\\\/inicio\\\/index.php\\\/2026\\\/08\\\/31\\\/convenio-kicillof-y-ziliotto-preparan-una-via-de-escape-para-el-agua-hacia-buenos-aires-si-se-desbordan-los-daneses\\\/#primaryimage\"},\"thumbnailUrl\":\"https:\\\/\\\/diariotextual.com\\\/inicio\\\/wp-content\\\/uploads\\\/2019\\\/02\\\/danesesobraenquemu2019-3.jpg\",\"articleSection\":[\"A - PORTADA\",\"POLITICA\"],\"inLanguage\":\"es\"},{\"@type\":\"WebPage\",\"@id\":\"https:\\\/\\\/diariotextual.com\\\/inicio\\\/index.php\\\/2026\\\/08\\\/31\\\/convenio-kicillof-y-ziliotto-preparan-una-via-de-escape-para-el-agua-hacia-buenos-aires-si-se-desbordan-los-daneses\\\/\",\"url\":\"https:\\\/\\\/diariotextual.com\\\/inicio\\\/index.php\\\/2026\\\/08\\\/31\\\/convenio-kicillof-y-ziliotto-preparan-una-via-de-escape-para-el-agua-hacia-buenos-aires-si-se-desbordan-los-daneses\\\/\",\"name\":\"Convenio entre Kicillof y Ziliotto: preparan una v\u00eda de escape para el agua hacia Buenos Aires si se desbordan Los Daneses - Diario Textual\",\"isPartOf\":{\"@id\":\"https:\\\/\\\/diariotextual.com\\\/inicio\\\/#website\"},\"primaryImageOfPage\":{\"@id\":\"https:\\\/\\\/diariotextual.com\\\/inicio\\\/index.php\\\/2026\\\/08\\\/31\\\/convenio-kicillof-y-ziliotto-preparan-una-via-de-escape-para-el-agua-hacia-buenos-aires-si-se-desbordan-los-daneses\\\/#primaryimage\"},\"image\":{\"@id\":\"https:\\\/\\\/diariotextual.com\\\/inicio\\\/index.php\\\/2026\\\/08\\\/31\\\/convenio-kicillof-y-ziliotto-preparan-una-via-de-escape-para-el-agua-hacia-buenos-aires-si-se-desbordan-los-daneses\\\/#primaryimage\"},\"thumbnailUrl\":\"https:\\\/\\\/diariotextual.com\\\/inicio\\\/wp-content\\\/uploads\\\/2019\\\/02\\\/danesesobraenquemu2019-3.jpg\",\"datePublished\":\"2026-09-01T01:36:50+00:00\",\"dateModified\":\"2026-09-01T01:40:29+00:00\",\"breadcrumb\":{\"@id\":\"https:\\\/\\\/diariotextual.com\\\/inicio\\\/index.php\\\/2026\\\/08\\\/31\\\/convenio-kicillof-y-ziliotto-preparan-una-via-de-escape-para-el-agua-hacia-buenos-aires-si-se-desbordan-los-daneses\\\/#breadcrumb\"},\"inLanguage\":\"es\",\"potentialAction\":[{\"@type\":\"ReadAction\",\"target\":[\"https:\\\/\\\/diariotextual.com\\\/inicio\\\/index.php\\\/2026\\\/08\\\/31\\\/convenio-kicillof-y-ziliotto-preparan-una-via-de-escape-para-el-agua-hacia-buenos-aires-si-se-desbordan-los-daneses\\\/\"]}]},{\"@type\":\"ImageObject\",\"inLanguage\":\"es\",\"@id\":\"https:\\\/\\\/diariotextual.com\\\/inicio\\\/index.php\\\/2026\\\/08\\\/31\\\/convenio-kicillof-y-ziliotto-preparan-una-via-de-escape-para-el-agua-hacia-buenos-aires-si-se-desbordan-los-daneses\\\/#primaryimage\",\"url\":\"https:\\\/\\\/diariotextual.com\\\/inicio\\\/wp-content\\\/uploads\\\/2019\\\/02\\\/danesesobraenquemu2019-3.jpg\",\"contentUrl\":\"https:\\\/\\\/diariotextual.com\\\/inicio\\\/wp-content\\\/uploads\\\/2019\\\/02\\\/danesesobraenquemu2019-3.jpg\",\"width\":1100,\"height\":746},{\"@type\":\"BreadcrumbList\",\"@id\":\"https:\\\/\\\/diariotextual.com\\\/inicio\\\/index.php\\\/2026\\\/08\\\/31\\\/convenio-kicillof-y-ziliotto-preparan-una-via-de-escape-para-el-agua-hacia-buenos-aires-si-se-desbordan-los-daneses\\\/#breadcrumb\",\"itemListElement\":[{\"@type\":\"ListItem\",\"position\":1,\"name\":\"Portada\",\"item\":\"https:\\\/\\\/diariotextual.com\\\/inicio\\\/\"},{\"@type\":\"ListItem\",\"position\":2,\"name\":\"Convenio entre Kicillof y Ziliotto: preparan una v\u00eda de escape para el agua hacia Buenos Aires si se desbordan Los Daneses\"}]},{\"@type\":\"WebSite\",\"@id\":\"https:\\\/\\\/diariotextual.com\\\/inicio\\\/#website\",\"url\":\"https:\\\/\\\/diariotextual.com\\\/inicio\\\/\",\"name\":\"Diario Textual\",\"description\":\"\",\"publisher\":{\"@id\":\"https:\\\/\\\/diariotextual.com\\\/inicio\\\/#organization\"},\"potentialAction\":[{\"@type\":\"SearchAction\",\"target\":{\"@type\":\"EntryPoint\",\"urlTemplate\":\"https:\\\/\\\/diariotextual.com\\\/inicio\\\/?s={search_term_string}\"},\"query-input\":{\"@type\":\"PropertyValueSpecification\",\"valueRequired\":true,\"valueName\":\"search_term_string\"}}],\"inLanguage\":\"es\"},{\"@type\":\"Organization\",\"@id\":\"https:\\\/\\\/diariotextual.com\\\/inicio\\\/#organization\",\"name\":\"Diario Textual\",\"url\":\"https:\\\/\\\/diariotextual.com\\\/inicio\\\/\",\"logo\":{\"@type\":\"ImageObject\",\"inLanguage\":\"es\",\"@id\":\"https:\\\/\\\/diariotextual.com\\\/inicio\\\/#\\\/schema\\\/logo\\\/image\\\/\",\"url\":\"https:\\\/\\\/diariotextual.com\\\/inicio\\\/wp-content\\\/uploads\\\/2023\\\/05\\\/logotextual1.jpg\",\"contentUrl\":\"https:\\\/\\\/diariotextual.com\\\/inicio\\\/wp-content\\\/uploads\\\/2023\\\/05\\\/logotextual1.jpg\",\"width\":516,\"height\":76,\"caption\":\"Diario Textual\"},\"image\":{\"@id\":\"https:\\\/\\\/diariotextual.com\\\/inicio\\\/#\\\/schema\\\/logo\\\/image\\\/\"},\"sameAs\":[\"https:\\\/\\\/www.facebook.com\\\/eltextual\",\"https:\\\/\\\/x.com\\\/eltextual\",\"http:\\\/\\\/www.instagram.com\\\/eltextual\"]},{\"@type\":\"Person\",\"@id\":\"https:\\\/\\\/diariotextual.com\\\/inicio\\\/#\\\/schema\\\/person\\\/418fc4093c33e86ed41562db3508f958\",\"name\":\"Diario1 Diario1\",\"image\":{\"@type\":\"ImageObject\",\"inLanguage\":\"es\",\"@id\":\"https:\\\/\\\/secure.gravatar.com\\\/avatar\\\/9167d280179c85bc18be67aa7eda765854300033af4896dd779b608640f2ef7a?s=96&d=mm&r=g\",\"url\":\"https:\\\/\\\/secure.gravatar.com\\\/avatar\\\/9167d280179c85bc18be67aa7eda765854300033af4896dd779b608640f2ef7a?s=96&d=mm&r=g\",\"contentUrl\":\"https:\\\/\\\/secure.gravatar.com\\\/avatar\\\/9167d280179c85bc18be67aa7eda765854300033af4896dd779b608640f2ef7a?s=96&d=mm&r=g\",\"caption\":\"Diario1 Diario1\"},\"url\":\"https:\\\/\\\/diariotextual.com\\\/inicio\\\/index.php\\\/author\\\/diario1\\\/\"}]}<\/script>\n<!-- \/ Yoast SEO plugin. -->","yoast_head_json":{"title":"Convenio entre Kicillof y Ziliotto: preparan una v\u00eda de escape para el agua hacia Buenos Aires si se desbordan Los Daneses - Diario Textual","robots":{"index":"index","follow":"follow","max-snippet":"max-snippet:-1","max-image-preview":"max-image-preview:large","max-video-preview":"max-video-preview:-1"},"canonical":"https:\/\/diariotextual.com\/inicio\/index.php\/2026\/08\/31\/convenio-kicillof-y-ziliotto-preparan-una-via-de-escape-para-el-agua-hacia-buenos-aires-si-se-desbordan-los-daneses\/","og_locale":"es_ES","og_type":"article","og_title":"Convenio entre Kicillof y Ziliotto: preparan una v\u00eda de escape para el agua hacia Buenos Aires si se desbordan Los Daneses - Diario Textual","og_description":"El convenio de cooperaci\u00f3n h\u00eddrica que firmaron este lunes los gobernadores Sergio Ziliotto y Axel Kicillof para fortalecer la prevenci\u00f3n y la respuesta conjunta frente al escenario clim\u00e1tico del llamado&hellip;","og_url":"https:\/\/diariotextual.com\/inicio\/index.php\/2026\/08\/31\/convenio-kicillof-y-ziliotto-preparan-una-via-de-escape-para-el-agua-hacia-buenos-aires-si-se-desbordan-los-daneses\/","og_site_name":"Diario Textual","article_publisher":"https:\/\/www.facebook.com\/eltextual","article_published_time":"2026-09-01T01:36:50+00:00","article_modified_time":"2026-09-01T01:40:29+00:00","og_image":[{"width":1100,"height":746,"url":"https:\/\/diariotextual.com\/inicio\/wp-content\/uploads\/2019\/02\/danesesobraenquemu2019-3.jpg","type":"image\/jpeg"}],"author":"Diario1 Diario1","twitter_card":"summary_large_image","twitter_creator":"@eltextual","twitter_site":"@eltextual","twitter_misc":{"Escrito por":"Diario1 Diario1","Tiempo de lectura":"7 minutos"},"schema":{"@context":"https:\/\/schema.org","@graph":[{"@type":"Article","@id":"https:\/\/diariotextual.com\/inicio\/index.php\/2026\/08\/31\/convenio-kicillof-y-ziliotto-preparan-una-via-de-escape-para-el-agua-hacia-buenos-aires-si-se-desbordan-los-daneses\/#article","isPartOf":{"@id":"https:\/\/diariotextual.com\/inicio\/index.php\/2026\/08\/31\/convenio-kicillof-y-ziliotto-preparan-una-via-de-escape-para-el-agua-hacia-buenos-aires-si-se-desbordan-los-daneses\/"},"author":{"name":"Diario1 Diario1","@id":"https:\/\/diariotextual.com\/inicio\/#\/schema\/person\/418fc4093c33e86ed41562db3508f958"},"headline":"Convenio entre Kicillof y Ziliotto: preparan una v\u00eda de escape para el agua hacia Buenos Aires si se desbordan Los Daneses","datePublished":"2026-09-01T01:36:50+00:00","dateModified":"2026-09-01T01:40:29+00:00","mainEntityOfPage":{"@id":"https:\/\/diariotextual.com\/inicio\/index.php\/2026\/08\/31\/convenio-kicillof-y-ziliotto-preparan-una-via-de-escape-para-el-agua-hacia-buenos-aires-si-se-desbordan-los-daneses\/"},"wordCount":1398,"publisher":{"@id":"https:\/\/diariotextual.com\/inicio\/#organization"},"image":{"@id":"https:\/\/diariotextual.com\/inicio\/index.php\/2026\/08\/31\/convenio-kicillof-y-ziliotto-preparan-una-via-de-escape-para-el-agua-hacia-buenos-aires-si-se-desbordan-los-daneses\/#primaryimage"},"thumbnailUrl":"https:\/\/diariotextual.com\/inicio\/wp-content\/uploads\/2019\/02\/danesesobraenquemu2019-3.jpg","articleSection":["A - PORTADA","POLITICA"],"inLanguage":"es"},{"@type":"WebPage","@id":"https:\/\/diariotextual.com\/inicio\/index.php\/2026\/08\/31\/convenio-kicillof-y-ziliotto-preparan-una-via-de-escape-para-el-agua-hacia-buenos-aires-si-se-desbordan-los-daneses\/","url":"https:\/\/diariotextual.com\/inicio\/index.php\/2026\/08\/31\/convenio-kicillof-y-ziliotto-preparan-una-via-de-escape-para-el-agua-hacia-buenos-aires-si-se-desbordan-los-daneses\/","name":"Convenio entre Kicillof y Ziliotto: preparan una v\u00eda de escape para el agua hacia Buenos Aires si se desbordan Los Daneses - Diario Textual","isPartOf":{"@id":"https:\/\/diariotextual.com\/inicio\/#website"},"primaryImageOfPage":{"@id":"https:\/\/diariotextual.com\/inicio\/index.php\/2026\/08\/31\/convenio-kicillof-y-ziliotto-preparan-una-via-de-escape-para-el-agua-hacia-buenos-aires-si-se-desbordan-los-daneses\/#primaryimage"},"image":{"@id":"https:\/\/diariotextual.com\/inicio\/index.php\/2026\/08\/31\/convenio-kicillof-y-ziliotto-preparan-una-via-de-escape-para-el-agua-hacia-buenos-aires-si-se-desbordan-los-daneses\/#primaryimage"},"thumbnailUrl":"https:\/\/diariotextual.com\/inicio\/wp-content\/uploads\/2019\/02\/danesesobraenquemu2019-3.jpg","datePublished":"2026-09-01T01:36:50+00:00","dateModified":"2026-09-01T01:40:29+00:00","breadcrumb":{"@id":"https:\/\/diariotextual.com\/inicio\/index.php\/2026\/08\/31\/convenio-kicillof-y-ziliotto-preparan-una-via-de-escape-para-el-agua-hacia-buenos-aires-si-se-desbordan-los-daneses\/#breadcrumb"},"inLanguage":"es","potentialAction":[{"@type":"ReadAction","target":["https:\/\/diariotextual.com\/inicio\/index.php\/2026\/08\/31\/convenio-kicillof-y-ziliotto-preparan-una-via-de-escape-para-el-agua-hacia-buenos-aires-si-se-desbordan-los-daneses\/"]}]},{"@type":"ImageObject","inLanguage":"es","@id":"https:\/\/diariotextual.com\/inicio\/index.php\/2026\/08\/31\/convenio-kicillof-y-ziliotto-preparan-una-via-de-escape-para-el-agua-hacia-buenos-aires-si-se-desbordan-los-daneses\/#primaryimage","url":"https:\/\/diariotextual.com\/inicio\/wp-content\/uploads\/2019\/02\/danesesobraenquemu2019-3.jpg","contentUrl":"https:\/\/diariotextual.com\/inicio\/wp-content\/uploads\/2019\/02\/danesesobraenquemu2019-3.jpg","width":1100,"height":746},{"@type":"BreadcrumbList","@id":"https:\/\/diariotextual.com\/inicio\/index.php\/2026\/08\/31\/convenio-kicillof-y-ziliotto-preparan-una-via-de-escape-para-el-agua-hacia-buenos-aires-si-se-desbordan-los-daneses\/#breadcrumb","itemListElement":[{"@type":"ListItem","position":1,"name":"Portada","item":"https:\/\/diariotextual.com\/inicio\/"},{"@type":"ListItem","position":2,"name":"Convenio entre Kicillof y Ziliotto: preparan una v\u00eda de escape para el agua hacia Buenos Aires si se desbordan Los Daneses"}]},{"@type":"WebSite","@id":"https:\/\/diariotextual.com\/inicio\/#website","url":"https:\/\/diariotextual.com\/inicio\/","name":"Diario Textual","description":"","publisher":{"@id":"https:\/\/diariotextual.com\/inicio\/#organization"},"potentialAction":[{"@type":"SearchAction","target":{"@type":"EntryPoint","urlTemplate":"https:\/\/diariotextual.com\/inicio\/?s={search_term_string}"},"query-input":{"@type":"PropertyValueSpecification","valueRequired":true,"valueName":"search_term_string"}}],"inLanguage":"es"},{"@type":"Organization","@id":"https:\/\/diariotextual.com\/inicio\/#organization","name":"Diario Textual","url":"https:\/\/diariotextual.com\/inicio\/","logo":{"@type":"ImageObject","inLanguage":"es","@id":"https:\/\/diariotextual.com\/inicio\/#\/schema\/logo\/image\/","url":"https:\/\/diariotextual.com\/inicio\/wp-content\/uploads\/2023\/05\/logotextual1.jpg","contentUrl":"https:\/\/diariotextual.com\/inicio\/wp-content\/uploads\/2023\/05\/logotextual1.jpg","width":516,"height":76,"caption":"Diario Textual"},"image":{"@id":"https:\/\/diariotextual.com\/inicio\/#\/schema\/logo\/image\/"},"sameAs":["https:\/\/www.facebook.com\/eltextual","https:\/\/x.com\/eltextual","http:\/\/www.instagram.com\/eltextual"]},{"@type":"Person","@id":"https:\/\/diariotextual.com\/inicio\/#\/schema\/person\/418fc4093c33e86ed41562db3508f958","name":"Diario1 Diario1","image":{"@type":"ImageObject","inLanguage":"es","@id":"https:\/\/secure.gravatar.com\/avatar\/9167d280179c85bc18be67aa7eda765854300033af4896dd779b608640f2ef7a?s=96&d=mm&r=g","url":"https:\/\/secure.gravatar.com\/avatar\/9167d280179c85bc18be67aa7eda765854300033af4896dd779b608640f2ef7a?s=96&d=mm&r=g","contentUrl":"https:\/\/secure.gravatar.com\/avatar\/9167d280179c85bc18be67aa7eda765854300033af4896dd779b608640f2ef7a?s=96&d=mm&r=g","caption":"Diario1 Diario1"},"url":"https:\/\/diariotextual.com\/inicio\/index.php\/author\/diario1\/"}]}},"_links":{"self":[{"href":"https:\/\/diariotextual.com\/inicio\/index.php\/wp-json\/wp\/v2\/posts\/334241","targetHints":{"allow":["GET"]}}],"collection":[{"href":"https:\/\/diariotextual.com\/inicio\/index.php\/wp-json\/wp\/v2\/posts"}],"about":[{"href":"https:\/\/diariotextual.com\/inicio\/index.php\/wp-json\/wp\/v2\/types\/post"}],"author":[{"embeddable":true,"href":"https:\/\/diariotextual.com\/inicio\/index.php\/wp-json\/wp\/v2\/users\/3"}],"replies":[{"embeddable":true,"href":"https:\/\/diariotextual.com\/inicio\/index.php\/wp-json\/wp\/v2\/comments?post=334241"}],"version-history":[{"count":6,"href":"https:\/\/diariotextual.com\/inicio\/index.php\/wp-json\/wp\/v2\/posts\/334241\/revisions"}],"predecessor-version":[{"id":334247,"href":"https:\/\/diariotextual.com\/inicio\/index.php\/wp-json\/wp\/v2\/posts\/334241\/revisions\/334247"}],"wp:featuredmedia":[{"embeddable":true,"href":"https:\/\/diariotextual.com\/inicio\/index.php\/wp-json\/wp\/v2\/media\/37424"}],"wp:attachment":[{"href":"https:\/\/diariotextual.com\/inicio\/index.php\/wp-json\/wp\/v2\/media?parent=334241"}],"wp:term":[{"taxonomy":"category","embeddable":true,"href":"https:\/\/diariotextual.com\/inicio\/index.php\/wp-json\/wp\/v2\/categories?post=334241"},{"taxonomy":"post_tag","embeddable":true,"href":"https:\/\/diariotextual.com\/inicio\/index.php\/wp-json\/wp\/v2\/tags?post=334241"}],"curies":[{"name":"wp","href":"https:\/\/api.w.org\/{rel}","templated":true}]}}