{"id":334251,"date":"2026-09-01T08:17:55","date_gmt":"2026-09-01T11:17:55","guid":{"rendered":"https:\/\/diariotextual.com\/inicio\/?p=334251"},"modified":"2026-09-01T08:17:57","modified_gmt":"2026-09-01T11:17:57","slug":"unos-12-millones-de-argentinos-perdieron-cobertura-medica-privada-en-lo-que-va-de-la-gestion-milei","status":"publish","type":"post","link":"https:\/\/diariotextual.com\/inicio\/index.php\/2026\/09\/01\/unos-12-millones-de-argentinos-perdieron-cobertura-medica-privada-en-lo-que-va-de-la-gestion-milei\/","title":{"rendered":"Unos 1,2 millones de argentinos perdieron cobertura m\u00e9dica privada en lo que va de la gesti\u00f3n Milei"},"content":{"rendered":"\n<p class=\"wp-block-paragraph\"><strong>Unas 1,2 millones de personas se quedaron sin cobertura m\u00e9dica en la Argentina<\/strong> en lo que va de gesti\u00f3n de Javier Milei a la par de <strong>aumentos por encima de la inflaci\u00f3n en las prepagas<\/strong> y la <strong>suba del desempleo<\/strong>.<\/p>\n\n\n\n<p class=\"wp-block-paragraph\">Los datos aportados por un informe del <strong>Instituto Argentina Grande (IAG)<\/strong>, en base al <strong>Instituto Nacional de Estad\u00edstica y Censos (INDEC)<\/strong>, expuso la <strong>ca\u00edda en la cobertura m\u00e9dica en el pa\u00eds<\/strong> en un contexto de ca\u00edda del empleo y fuertes subas de las prepagas.<\/p>\n\n\n\n<p class=\"wp-block-paragraph\">Entre el cuarto trimestre de 2023 y el primer trimestre de 2026, <strong>un total de 1.246.285 personas dejaron de tener cobertura m\u00e9dica privada<\/strong>, ya sea prepaga, obra social o mutual, y pasaron a depender exclusivamente del <strong>sistema de salud p\u00fablica<\/strong>.<\/p>\n\n\n\n<p class=\"wp-block-paragraph\">Desde el IAG puntualizan que este <strong>traspaso masivo de pacientes est\u00e1 ejerciendo una presi\u00f3n in\u00e9dita sobre los hospitales y centros de atenci\u00f3n estatales<\/strong>, cuyo peso poblacional aument\u00f3 sin excepci\u00f3n en todas las regiones del pa\u00eds.<\/p>\n\n\n\n<p class=\"wp-block-paragraph\">El reporte detall\u00f3 que el fen\u00f3meno se explica por una combinaci\u00f3n de <strong>desregulaci\u00f3n de precios y ca\u00edda del empleo formal<\/strong>. En relaci\u00f3n a los aumentos, precis\u00f3 que desde noviembre de 2023 hasta julio de 2026, las cuotas de las empresas de medicina prepaga <strong>se dispararon un 475%<\/strong>, superando a la inflaci\u00f3n acumulada en el mismo per\u00edodo, que se ubic\u00f3 en <strong>un 329%<\/strong>.<\/p>\n\n\n\n<p class=\"wp-block-paragraph\">En cuanto al empleo, indic\u00f3 que desde la asunci\u00f3n del gobierno de Milei <strong>se perdieron 241.746 puestos de trabajo<\/strong>. La p\u00e9rdida de un empleo formal es inescindible de la crisis sanitaria, ya que interrumpe de forma inmediata la afiliaci\u00f3n a las obras sociales, desamparando tanto al trabajador como a todo su grupo familiar.<\/p>\n\n\n\n<p class=\"wp-block-paragraph\">La desvinculaci\u00f3n de las coberturas privadas tuvo en el <strong>Gran Buenos Aires (GBA)<\/strong> el principal epicentro en volumen de personas afectadas, mientras que el norte argentino se consolid\u00f3 como la zona con <strong>menor cobertura privada general<\/strong>.<\/p>\n\n\n\n<p class=\"wp-block-paragraph\">El impacto de las medidas se sinti\u00f3 con extrema fuerza en el conurbano, donde la poblaci\u00f3n sin cobertura de salud privada <strong>creci\u00f3 un 21,4% en los partidos del GBA<\/strong>. A nivel regional, el \u00c1rea Metropolitana pas\u00f3 de tener un <strong>30,8% de su poblaci\u00f3n dependiente de la salud p\u00fablica a un 35,9%<\/strong>, sumando de forma neta a <strong>904.131 personas al sistema p\u00fablico<\/strong>.<\/p>\n\n\n\n<p class=\"wp-block-paragraph\">El <strong>Noreste<\/strong> se posiciona como la regi\u00f3n con mayor vulnerabilidad sanitaria. All\u00ed, el <strong>46,3% de los habitantes depende \u00fanicamente del hospital p\u00fablico<\/strong> (frente al 44,3% que registraba a fines de 2023). En t\u00e9rminos netos, se sumaron <strong>40.716 personas a la dependencia estatal<\/strong>.<\/p>\n\n\n\n<p class=\"wp-block-paragraph\">En <strong>Cuyo<\/strong>, la poblaci\u00f3n dependiente del sector p\u00fablico salt\u00f3 del <strong>34,3% al 38,0%<\/strong> (incorporando a <strong>82.708 personas<\/strong>). Por su parte, la <strong>Patagonia<\/strong> escal\u00f3 del <strong>21,5% al 23,4%<\/strong> (sumando <strong>29.022 personas<\/strong>).<\/p>\n\n\n\n<p class=\"wp-block-paragraph\">La <strong>regi\u00f3n Pampeana<\/strong> registr\u00f3 una adici\u00f3n de <strong>146.481 personas al sistema p\u00fablico<\/strong> (pasando de 30,2% a 32,0% de su poblaci\u00f3n), mientras que el <strong>Noroeste<\/strong> incorpor\u00f3 a <strong>43.227 personas<\/strong> (alcanzando una tasa de dependencia p\u00fablica del <strong>39,6%<\/strong>).<\/p>\n\n\n\n<p class=\"wp-block-paragraph\">Las ciudades m\u00e1s afectadas son <strong>Ushuaia &#8211; R\u00edo Grande<\/strong>, que encabeza el ranking nacional de crecimiento de poblaci\u00f3n sin cobertura m\u00e9dica privada con <strong>un aumento del 47,1%<\/strong>. Le siguen <strong>Viedma &#8211; Carmen de Patagones<\/strong> con un incremento del <strong>40,1%<\/strong> y el <strong>Gran Catamarca<\/strong> con un alza del <strong>21,8%<\/strong>.<\/p>\n\n\n\n<p class=\"wp-block-paragraph\">La p\u00e9rdida de la obra social, prepaga o mutual se dio de manera pr\u00e1cticamente sim\u00e9trica entre g\u00e9neros. En las mujeres, <strong>un total de 624.948 perdieron su cobertura m\u00e9dica privada<\/strong>. De esta forma, la poblaci\u00f3n femenina que depende exclusivamente del hospital p\u00fablico <strong>aument\u00f3 un 13,35%<\/strong>, pasando de 4.682.237 a 5.307.185 entre fines de 2023 y principios de 2026.<\/p>\n\n\n\n<p class=\"wp-block-paragraph\">En paralelo, <strong>621.337 hombres quedaron sin cobertura de salud privada<\/strong>. Esto signific\u00f3 un <strong>incremento del 13,09%<\/strong>, elevando el n\u00famero de varones dependientes de la salud p\u00fablica de 4.745.894 a 5.367.231 en el mismo lapso.<\/p>\n\n\n\n<p class=\"wp-block-paragraph\"><\/p>\n","protected":false},"excerpt":{"rendered":"<p>Unas 1,2 millones de personas se quedaron sin cobertura m\u00e9dica en la Argentina en lo que va de gesti\u00f3n de Javier Milei a la par de aumentos por encima de&hellip;<\/p>\n","protected":false},"author":3,"featured_media":176126,"comment_status":"closed","ping_status":"open","sticky":false,"template":"","format":"standard","meta":{"_acf_changed":false,"footnotes":""},"categories":[1,12],"tags":[],"class_list":["post-334251","post","type-post","status-publish","format-standard","has-post-thumbnail","hentry","category-es-noticia","category-sociedad"],"acf":[],"yoast_head":"<!-- This site is optimized with the Yoast SEO plugin v28.3 - https:\/\/yoast.com\/product\/yoast-seo-wordpress\/ -->\n<title>Unos 1,2 millones de argentinos perdieron cobertura m\u00e9dica privada en lo que va de la gesti\u00f3n Milei - Diario Textual<\/title>\n<meta name=\"robots\" content=\"index, follow, max-snippet:-1, max-image-preview:large, max-video-preview:-1\" \/>\n<link rel=\"canonical\" href=\"https:\/\/diariotextual.com\/inicio\/index.php\/2026\/09\/01\/unos-12-millones-de-argentinos-perdieron-cobertura-medica-privada-en-lo-que-va-de-la-gestion-milei\/\" \/>\n<meta property=\"og:locale\" content=\"es_ES\" \/>\n<meta property=\"og:type\" content=\"article\" \/>\n<meta property=\"og:title\" content=\"Unos 1,2 millones de argentinos perdieron cobertura m\u00e9dica privada en lo que va de la gesti\u00f3n Milei - Diario Textual\" \/>\n<meta property=\"og:description\" content=\"Unas 1,2 millones de personas se quedaron sin cobertura m\u00e9dica en la Argentina en lo que va de gesti\u00f3n de Javier Milei a la par de aumentos por encima de&hellip;\" \/>\n<meta property=\"og:url\" content=\"https:\/\/diariotextual.com\/inicio\/index.php\/2026\/09\/01\/unos-12-millones-de-argentinos-perdieron-cobertura-medica-privada-en-lo-que-va-de-la-gestion-milei\/\" \/>\n<meta property=\"og:site_name\" content=\"Diario Textual\" \/>\n<meta property=\"article:publisher\" content=\"https:\/\/www.facebook.com\/eltextual\" \/>\n<meta property=\"article:published_time\" content=\"2026-09-01T11:17:55+00:00\" \/>\n<meta property=\"article:modified_time\" content=\"2026-09-01T11:17:57+00:00\" \/>\n<meta property=\"og:image\" content=\"https:\/\/diariotextual.com\/inicio\/wp-content\/uploads\/2022\/01\/medicosmedicinatelam001.jpg\" \/>\n\t<meta property=\"og:image:width\" content=\"900\" \/>\n\t<meta property=\"og:image:height\" content=\"505\" \/>\n\t<meta property=\"og:image:type\" content=\"image\/jpeg\" \/>\n<meta name=\"author\" content=\"Diario1 Diario1\" \/>\n<meta name=\"twitter:card\" content=\"summary_large_image\" \/>\n<meta name=\"twitter:creator\" content=\"@eltextual\" \/>\n<meta name=\"twitter:site\" content=\"@eltextual\" \/>\n<meta name=\"twitter:label1\" content=\"Escrito por\" \/>\n\t<meta name=\"twitter:data1\" content=\"Diario1 Diario1\" \/>\n\t<meta name=\"twitter:label2\" content=\"Tiempo de lectura\" \/>\n\t<meta name=\"twitter:data2\" content=\"4 minutos\" \/>\n<script type=\"application\/ld+json\" class=\"yoast-schema-graph\">{\"@context\":\"https:\\\/\\\/schema.org\",\"@graph\":[{\"@type\":\"Article\",\"@id\":\"https:\\\/\\\/diariotextual.com\\\/inicio\\\/index.php\\\/2026\\\/09\\\/01\\\/unos-12-millones-de-argentinos-perdieron-cobertura-medica-privada-en-lo-que-va-de-la-gestion-milei\\\/#article\",\"isPartOf\":{\"@id\":\"https:\\\/\\\/diariotextual.com\\\/inicio\\\/index.php\\\/2026\\\/09\\\/01\\\/unos-12-millones-de-argentinos-perdieron-cobertura-medica-privada-en-lo-que-va-de-la-gestion-milei\\\/\"},\"author\":{\"name\":\"Diario1 Diario1\",\"@id\":\"https:\\\/\\\/diariotextual.com\\\/inicio\\\/#\\\/schema\\\/person\\\/418fc4093c33e86ed41562db3508f958\"},\"headline\":\"Unos 1,2 millones de argentinos perdieron cobertura m\u00e9dica privada en lo que va de la gesti\u00f3n Milei\",\"datePublished\":\"2026-09-01T11:17:55+00:00\",\"dateModified\":\"2026-09-01T11:17:57+00:00\",\"mainEntityOfPage\":{\"@id\":\"https:\\\/\\\/diariotextual.com\\\/inicio\\\/index.php\\\/2026\\\/09\\\/01\\\/unos-12-millones-de-argentinos-perdieron-cobertura-medica-privada-en-lo-que-va-de-la-gestion-milei\\\/\"},\"wordCount\":648,\"publisher\":{\"@id\":\"https:\\\/\\\/diariotextual.com\\\/inicio\\\/#organization\"},\"image\":{\"@id\":\"https:\\\/\\\/diariotextual.com\\\/inicio\\\/index.php\\\/2026\\\/09\\\/01\\\/unos-12-millones-de-argentinos-perdieron-cobertura-medica-privada-en-lo-que-va-de-la-gestion-milei\\\/#primaryimage\"},\"thumbnailUrl\":\"https:\\\/\\\/diariotextual.com\\\/inicio\\\/wp-content\\\/uploads\\\/2022\\\/01\\\/medicosmedicinatelam001.jpg\",\"articleSection\":[\"A - ES NOTICIA (van abajo)\",\"SOCIEDAD\"],\"inLanguage\":\"es\"},{\"@type\":\"WebPage\",\"@id\":\"https:\\\/\\\/diariotextual.com\\\/inicio\\\/index.php\\\/2026\\\/09\\\/01\\\/unos-12-millones-de-argentinos-perdieron-cobertura-medica-privada-en-lo-que-va-de-la-gestion-milei\\\/\",\"url\":\"https:\\\/\\\/diariotextual.com\\\/inicio\\\/index.php\\\/2026\\\/09\\\/01\\\/unos-12-millones-de-argentinos-perdieron-cobertura-medica-privada-en-lo-que-va-de-la-gestion-milei\\\/\",\"name\":\"Unos 1,2 millones de argentinos perdieron cobertura m\u00e9dica privada en lo que va de la gesti\u00f3n Milei - Diario Textual\",\"isPartOf\":{\"@id\":\"https:\\\/\\\/diariotextual.com\\\/inicio\\\/#website\"},\"primaryImageOfPage\":{\"@id\":\"https:\\\/\\\/diariotextual.com\\\/inicio\\\/index.php\\\/2026\\\/09\\\/01\\\/unos-12-millones-de-argentinos-perdieron-cobertura-medica-privada-en-lo-que-va-de-la-gestion-milei\\\/#primaryimage\"},\"image\":{\"@id\":\"https:\\\/\\\/diariotextual.com\\\/inicio\\\/index.php\\\/2026\\\/09\\\/01\\\/unos-12-millones-de-argentinos-perdieron-cobertura-medica-privada-en-lo-que-va-de-la-gestion-milei\\\/#primaryimage\"},\"thumbnailUrl\":\"https:\\\/\\\/diariotextual.com\\\/inicio\\\/wp-content\\\/uploads\\\/2022\\\/01\\\/medicosmedicinatelam001.jpg\",\"datePublished\":\"2026-09-01T11:17:55+00:00\",\"dateModified\":\"2026-09-01T11:17:57+00:00\",\"breadcrumb\":{\"@id\":\"https:\\\/\\\/diariotextual.com\\\/inicio\\\/index.php\\\/2026\\\/09\\\/01\\\/unos-12-millones-de-argentinos-perdieron-cobertura-medica-privada-en-lo-que-va-de-la-gestion-milei\\\/#breadcrumb\"},\"inLanguage\":\"es\",\"potentialAction\":[{\"@type\":\"ReadAction\",\"target\":[\"https:\\\/\\\/diariotextual.com\\\/inicio\\\/index.php\\\/2026\\\/09\\\/01\\\/unos-12-millones-de-argentinos-perdieron-cobertura-medica-privada-en-lo-que-va-de-la-gestion-milei\\\/\"]}]},{\"@type\":\"ImageObject\",\"inLanguage\":\"es\",\"@id\":\"https:\\\/\\\/diariotextual.com\\\/inicio\\\/index.php\\\/2026\\\/09\\\/01\\\/unos-12-millones-de-argentinos-perdieron-cobertura-medica-privada-en-lo-que-va-de-la-gestion-milei\\\/#primaryimage\",\"url\":\"https:\\\/\\\/diariotextual.com\\\/inicio\\\/wp-content\\\/uploads\\\/2022\\\/01\\\/medicosmedicinatelam001.jpg\",\"contentUrl\":\"https:\\\/\\\/diariotextual.com\\\/inicio\\\/wp-content\\\/uploads\\\/2022\\\/01\\\/medicosmedicinatelam001.jpg\",\"width\":900,\"height\":505},{\"@type\":\"BreadcrumbList\",\"@id\":\"https:\\\/\\\/diariotextual.com\\\/inicio\\\/index.php\\\/2026\\\/09\\\/01\\\/unos-12-millones-de-argentinos-perdieron-cobertura-medica-privada-en-lo-que-va-de-la-gestion-milei\\\/#breadcrumb\",\"itemListElement\":[{\"@type\":\"ListItem\",\"position\":1,\"name\":\"Portada\",\"item\":\"https:\\\/\\\/diariotextual.com\\\/inicio\\\/\"},{\"@type\":\"ListItem\",\"position\":2,\"name\":\"Unos 1,2 millones de argentinos perdieron cobertura m\u00e9dica privada en lo que va de la gesti\u00f3n Milei\"}]},{\"@type\":\"WebSite\",\"@id\":\"https:\\\/\\\/diariotextual.com\\\/inicio\\\/#website\",\"url\":\"https:\\\/\\\/diariotextual.com\\\/inicio\\\/\",\"name\":\"Diario Textual\",\"description\":\"\",\"publisher\":{\"@id\":\"https:\\\/\\\/diariotextual.com\\\/inicio\\\/#organization\"},\"potentialAction\":[{\"@type\":\"SearchAction\",\"target\":{\"@type\":\"EntryPoint\",\"urlTemplate\":\"https:\\\/\\\/diariotextual.com\\\/inicio\\\/?s={search_term_string}\"},\"query-input\":{\"@type\":\"PropertyValueSpecification\",\"valueRequired\":true,\"valueName\":\"search_term_string\"}}],\"inLanguage\":\"es\"},{\"@type\":\"Organization\",\"@id\":\"https:\\\/\\\/diariotextual.com\\\/inicio\\\/#organization\",\"name\":\"Diario Textual\",\"url\":\"https:\\\/\\\/diariotextual.com\\\/inicio\\\/\",\"logo\":{\"@type\":\"ImageObject\",\"inLanguage\":\"es\",\"@id\":\"https:\\\/\\\/diariotextual.com\\\/inicio\\\/#\\\/schema\\\/logo\\\/image\\\/\",\"url\":\"https:\\\/\\\/diariotextual.com\\\/inicio\\\/wp-content\\\/uploads\\\/2023\\\/05\\\/logotextual1.jpg\",\"contentUrl\":\"https:\\\/\\\/diariotextual.com\\\/inicio\\\/wp-content\\\/uploads\\\/2023\\\/05\\\/logotextual1.jpg\",\"width\":516,\"height\":76,\"caption\":\"Diario Textual\"},\"image\":{\"@id\":\"https:\\\/\\\/diariotextual.com\\\/inicio\\\/#\\\/schema\\\/logo\\\/image\\\/\"},\"sameAs\":[\"https:\\\/\\\/www.facebook.com\\\/eltextual\",\"https:\\\/\\\/x.com\\\/eltextual\",\"http:\\\/\\\/www.instagram.com\\\/eltextual\"]},{\"@type\":\"Person\",\"@id\":\"https:\\\/\\\/diariotextual.com\\\/inicio\\\/#\\\/schema\\\/person\\\/418fc4093c33e86ed41562db3508f958\",\"name\":\"Diario1 Diario1\",\"image\":{\"@type\":\"ImageObject\",\"inLanguage\":\"es\",\"@id\":\"https:\\\/\\\/secure.gravatar.com\\\/avatar\\\/9167d280179c85bc18be67aa7eda765854300033af4896dd779b608640f2ef7a?s=96&d=mm&r=g\",\"url\":\"https:\\\/\\\/secure.gravatar.com\\\/avatar\\\/9167d280179c85bc18be67aa7eda765854300033af4896dd779b608640f2ef7a?s=96&d=mm&r=g\",\"contentUrl\":\"https:\\\/\\\/secure.gravatar.com\\\/avatar\\\/9167d280179c85bc18be67aa7eda765854300033af4896dd779b608640f2ef7a?s=96&d=mm&r=g\",\"caption\":\"Diario1 Diario1\"},\"url\":\"https:\\\/\\\/diariotextual.com\\\/inicio\\\/index.php\\\/author\\\/diario1\\\/\"}]}<\/script>\n<!-- \/ Yoast SEO plugin. -->","yoast_head_json":{"title":"Unos 1,2 millones de argentinos perdieron cobertura m\u00e9dica privada en lo que va de la gesti\u00f3n Milei - Diario Textual","robots":{"index":"index","follow":"follow","max-snippet":"max-snippet:-1","max-image-preview":"max-image-preview:large","max-video-preview":"max-video-preview:-1"},"canonical":"https:\/\/diariotextual.com\/inicio\/index.php\/2026\/09\/01\/unos-12-millones-de-argentinos-perdieron-cobertura-medica-privada-en-lo-que-va-de-la-gestion-milei\/","og_locale":"es_ES","og_type":"article","og_title":"Unos 1,2 millones de argentinos perdieron cobertura m\u00e9dica privada en lo que va de la gesti\u00f3n Milei - Diario Textual","og_description":"Unas 1,2 millones de personas se quedaron sin cobertura m\u00e9dica en la Argentina en lo que va de gesti\u00f3n de Javier Milei a la par de aumentos por encima de&hellip;","og_url":"https:\/\/diariotextual.com\/inicio\/index.php\/2026\/09\/01\/unos-12-millones-de-argentinos-perdieron-cobertura-medica-privada-en-lo-que-va-de-la-gestion-milei\/","og_site_name":"Diario Textual","article_publisher":"https:\/\/www.facebook.com\/eltextual","article_published_time":"2026-09-01T11:17:55+00:00","article_modified_time":"2026-09-01T11:17:57+00:00","og_image":[{"width":900,"height":505,"url":"https:\/\/diariotextual.com\/inicio\/wp-content\/uploads\/2022\/01\/medicosmedicinatelam001.jpg","type":"image\/jpeg"}],"author":"Diario1 Diario1","twitter_card":"summary_large_image","twitter_creator":"@eltextual","twitter_site":"@eltextual","twitter_misc":{"Escrito por":"Diario1 Diario1","Tiempo de lectura":"4 minutos"},"schema":{"@context":"https:\/\/schema.org","@graph":[{"@type":"Article","@id":"https:\/\/diariotextual.com\/inicio\/index.php\/2026\/09\/01\/unos-12-millones-de-argentinos-perdieron-cobertura-medica-privada-en-lo-que-va-de-la-gestion-milei\/#article","isPartOf":{"@id":"https:\/\/diariotextual.com\/inicio\/index.php\/2026\/09\/01\/unos-12-millones-de-argentinos-perdieron-cobertura-medica-privada-en-lo-que-va-de-la-gestion-milei\/"},"author":{"name":"Diario1 Diario1","@id":"https:\/\/diariotextual.com\/inicio\/#\/schema\/person\/418fc4093c33e86ed41562db3508f958"},"headline":"Unos 1,2 millones de argentinos perdieron cobertura m\u00e9dica privada en lo que va de la gesti\u00f3n Milei","datePublished":"2026-09-01T11:17:55+00:00","dateModified":"2026-09-01T11:17:57+00:00","mainEntityOfPage":{"@id":"https:\/\/diariotextual.com\/inicio\/index.php\/2026\/09\/01\/unos-12-millones-de-argentinos-perdieron-cobertura-medica-privada-en-lo-que-va-de-la-gestion-milei\/"},"wordCount":648,"publisher":{"@id":"https:\/\/diariotextual.com\/inicio\/#organization"},"image":{"@id":"https:\/\/diariotextual.com\/inicio\/index.php\/2026\/09\/01\/unos-12-millones-de-argentinos-perdieron-cobertura-medica-privada-en-lo-que-va-de-la-gestion-milei\/#primaryimage"},"thumbnailUrl":"https:\/\/diariotextual.com\/inicio\/wp-content\/uploads\/2022\/01\/medicosmedicinatelam001.jpg","articleSection":["A - ES NOTICIA (van abajo)","SOCIEDAD"],"inLanguage":"es"},{"@type":"WebPage","@id":"https:\/\/diariotextual.com\/inicio\/index.php\/2026\/09\/01\/unos-12-millones-de-argentinos-perdieron-cobertura-medica-privada-en-lo-que-va-de-la-gestion-milei\/","url":"https:\/\/diariotextual.com\/inicio\/index.php\/2026\/09\/01\/unos-12-millones-de-argentinos-perdieron-cobertura-medica-privada-en-lo-que-va-de-la-gestion-milei\/","name":"Unos 1,2 millones de argentinos perdieron cobertura m\u00e9dica privada en lo que va de la gesti\u00f3n Milei - Diario Textual","isPartOf":{"@id":"https:\/\/diariotextual.com\/inicio\/#website"},"primaryImageOfPage":{"@id":"https:\/\/diariotextual.com\/inicio\/index.php\/2026\/09\/01\/unos-12-millones-de-argentinos-perdieron-cobertura-medica-privada-en-lo-que-va-de-la-gestion-milei\/#primaryimage"},"image":{"@id":"https:\/\/diariotextual.com\/inicio\/index.php\/2026\/09\/01\/unos-12-millones-de-argentinos-perdieron-cobertura-medica-privada-en-lo-que-va-de-la-gestion-milei\/#primaryimage"},"thumbnailUrl":"https:\/\/diariotextual.com\/inicio\/wp-content\/uploads\/2022\/01\/medicosmedicinatelam001.jpg","datePublished":"2026-09-01T11:17:55+00:00","dateModified":"2026-09-01T11:17:57+00:00","breadcrumb":{"@id":"https:\/\/diariotextual.com\/inicio\/index.php\/2026\/09\/01\/unos-12-millones-de-argentinos-perdieron-cobertura-medica-privada-en-lo-que-va-de-la-gestion-milei\/#breadcrumb"},"inLanguage":"es","potentialAction":[{"@type":"ReadAction","target":["https:\/\/diariotextual.com\/inicio\/index.php\/2026\/09\/01\/unos-12-millones-de-argentinos-perdieron-cobertura-medica-privada-en-lo-que-va-de-la-gestion-milei\/"]}]},{"@type":"ImageObject","inLanguage":"es","@id":"https:\/\/diariotextual.com\/inicio\/index.php\/2026\/09\/01\/unos-12-millones-de-argentinos-perdieron-cobertura-medica-privada-en-lo-que-va-de-la-gestion-milei\/#primaryimage","url":"https:\/\/diariotextual.com\/inicio\/wp-content\/uploads\/2022\/01\/medicosmedicinatelam001.jpg","contentUrl":"https:\/\/diariotextual.com\/inicio\/wp-content\/uploads\/2022\/01\/medicosmedicinatelam001.jpg","width":900,"height":505},{"@type":"BreadcrumbList","@id":"https:\/\/diariotextual.com\/inicio\/index.php\/2026\/09\/01\/unos-12-millones-de-argentinos-perdieron-cobertura-medica-privada-en-lo-que-va-de-la-gestion-milei\/#breadcrumb","itemListElement":[{"@type":"ListItem","position":1,"name":"Portada","item":"https:\/\/diariotextual.com\/inicio\/"},{"@type":"ListItem","position":2,"name":"Unos 1,2 millones de argentinos perdieron cobertura m\u00e9dica privada en lo que va de la gesti\u00f3n Milei"}]},{"@type":"WebSite","@id":"https:\/\/diariotextual.com\/inicio\/#website","url":"https:\/\/diariotextual.com\/inicio\/","name":"Diario Textual","description":"","publisher":{"@id":"https:\/\/diariotextual.com\/inicio\/#organization"},"potentialAction":[{"@type":"SearchAction","target":{"@type":"EntryPoint","urlTemplate":"https:\/\/diariotextual.com\/inicio\/?s={search_term_string}"},"query-input":{"@type":"PropertyValueSpecification","valueRequired":true,"valueName":"search_term_string"}}],"inLanguage":"es"},{"@type":"Organization","@id":"https:\/\/diariotextual.com\/inicio\/#organization","name":"Diario Textual","url":"https:\/\/diariotextual.com\/inicio\/","logo":{"@type":"ImageObject","inLanguage":"es","@id":"https:\/\/diariotextual.com\/inicio\/#\/schema\/logo\/image\/","url":"https:\/\/diariotextual.com\/inicio\/wp-content\/uploads\/2023\/05\/logotextual1.jpg","contentUrl":"https:\/\/diariotextual.com\/inicio\/wp-content\/uploads\/2023\/05\/logotextual1.jpg","width":516,"height":76,"caption":"Diario Textual"},"image":{"@id":"https:\/\/diariotextual.com\/inicio\/#\/schema\/logo\/image\/"},"sameAs":["https:\/\/www.facebook.com\/eltextual","https:\/\/x.com\/eltextual","http:\/\/www.instagram.com\/eltextual"]},{"@type":"Person","@id":"https:\/\/diariotextual.com\/inicio\/#\/schema\/person\/418fc4093c33e86ed41562db3508f958","name":"Diario1 Diario1","image":{"@type":"ImageObject","inLanguage":"es","@id":"https:\/\/secure.gravatar.com\/avatar\/9167d280179c85bc18be67aa7eda765854300033af4896dd779b608640f2ef7a?s=96&d=mm&r=g","url":"https:\/\/secure.gravatar.com\/avatar\/9167d280179c85bc18be67aa7eda765854300033af4896dd779b608640f2ef7a?s=96&d=mm&r=g","contentUrl":"https:\/\/secure.gravatar.com\/avatar\/9167d280179c85bc18be67aa7eda765854300033af4896dd779b608640f2ef7a?s=96&d=mm&r=g","caption":"Diario1 Diario1"},"url":"https:\/\/diariotextual.com\/inicio\/index.php\/author\/diario1\/"}]}},"_links":{"self":[{"href":"https:\/\/diariotextual.com\/inicio\/index.php\/wp-json\/wp\/v2\/posts\/334251","targetHints":{"allow":["GET"]}}],"collection":[{"href":"https:\/\/diariotextual.com\/inicio\/index.php\/wp-json\/wp\/v2\/posts"}],"about":[{"href":"https:\/\/diariotextual.com\/inicio\/index.php\/wp-json\/wp\/v2\/types\/post"}],"author":[{"embeddable":true,"href":"https:\/\/diariotextual.com\/inicio\/index.php\/wp-json\/wp\/v2\/users\/3"}],"replies":[{"embeddable":true,"href":"https:\/\/diariotextual.com\/inicio\/index.php\/wp-json\/wp\/v2\/comments?post=334251"}],"version-history":[{"count":2,"href":"https:\/\/diariotextual.com\/inicio\/index.php\/wp-json\/wp\/v2\/posts\/334251\/revisions"}],"predecessor-version":[{"id":334256,"href":"https:\/\/diariotextual.com\/inicio\/index.php\/wp-json\/wp\/v2\/posts\/334251\/revisions\/334256"}],"wp:featuredmedia":[{"embeddable":true,"href":"https:\/\/diariotextual.com\/inicio\/index.php\/wp-json\/wp\/v2\/media\/176126"}],"wp:attachment":[{"href":"https:\/\/diariotextual.com\/inicio\/index.php\/wp-json\/wp\/v2\/media?parent=334251"}],"wp:term":[{"taxonomy":"category","embeddable":true,"href":"https:\/\/diariotextual.com\/inicio\/index.php\/wp-json\/wp\/v2\/categories?post=334251"},{"taxonomy":"post_tag","embeddable":true,"href":"https:\/\/diariotextual.com\/inicio\/index.php\/wp-json\/wp\/v2\/tags?post=334251"}],"curies":[{"name":"wp","href":"https:\/\/api.w.org\/{rel}","templated":true}]}}