{"id":334270,"date":"2026-09-01T11:46:38","date_gmt":"2026-09-01T14:46:38","guid":{"rendered":"https:\/\/diariotextual.com\/inicio\/?p=334270"},"modified":"2026-09-01T11:46:39","modified_gmt":"2026-09-01T14:46:39","slug":"tragarse-el-sapo-la-ucr-pampeana-se-reune-para-darle-via-libre-a-la-gran-alianza","status":"publish","type":"post","link":"https:\/\/diariotextual.com\/inicio\/index.php\/2026\/09\/01\/tragarse-el-sapo-la-ucr-pampeana-se-reune-para-darle-via-libre-a-la-gran-alianza\/","title":{"rendered":"\u201cTragarse el sapo\u201d: la UCR pampeana se re\u00fane para darle v\u00eda libre a la \u201cgran alianza\u201d"},"content":{"rendered":"\n<p class=\"wp-block-paragraph\">La <strong>Uni\u00f3n C\u00edvica Radical (UCR) de La Pampa<\/strong> dar\u00e1 este s\u00e1bado un paso decisivo para definir el mapa opositor de cara a las elecciones de <strong>2027<\/strong>: sus principales \u00f3rganos partidarios debatir\u00e1n y votar\u00e1n una autorizaci\u00f3n para <strong>negociar alianzas y acuerdos electorales con otras fuerzas pol\u00edticas<\/strong>. El dato pol\u00edtico central es que, dentro de ese esquema, aparecen <strong>La Libertad Avanza (LLA), el PRO y Comunidad Organizada (CO)<\/strong>, el partido de <strong>Juan Carlos Tierno<\/strong>. En algunos casos, hay resistencias dentro del partido a integrar a CO, pero la duda es si <strong>ya tiene un acuerdo con LLA para sumarlo s\u00ed o s\u00ed<\/strong>.<\/p>\n\n\n\n<p class=\"wp-block-paragraph\">La decisi\u00f3n no significar\u00e1 todav\u00eda la conformaci\u00f3n de un frente electoral ni definir\u00e1 candidaturas. Pero s\u00ed puede <strong>modificar el escenario pol\u00edtico provincial<\/strong>, porque habilitar\u00eda formalmente a la conducci\u00f3n radical a explorar una <strong>alianza amplia con espacios que, hasta ahora, hab\u00edan mantenido diferencias ideol\u00f3gicas, pol\u00edticas y hasta personales<\/strong> con distintos sectores de la UCR.<\/p>\n\n\n\n<p class=\"wp-block-paragraph\">La discusi\u00f3n tendr\u00e1 lugar el <strong>s\u00e1bado 5 de septiembre<\/strong>. Primero sesionar\u00e1 la <strong>Convenci\u00f3n Provincial<\/strong> y luego se reunir\u00e1 una <strong>Asamblea Extraordinaria<\/strong>, integrada por el Plenario de la Convenci\u00f3n y el Plenario del Comit\u00e9 Provincia.<\/p>\n\n\n\n<p class=\"wp-block-paragraph\">La segunda instancia ser\u00e1 la <strong>pol\u00edticamente relevante<\/strong>. All\u00ed se pondr\u00e1 en consideraci\u00f3n la posibilidad de que el radicalismo se una en un <strong>\u201cfrente antiperonista\u201d<\/strong> con otros partidos para competir en 2027 y se faculte a sus autoridades a avanzar en las conversaciones necesarias para alcanzar esos acuerdos.<\/p>\n\n\n\n<p class=\"wp-block-paragraph\">En t\u00e9rminos pol\u00edticos, la votaci\u00f3n <strong>no es un tr\u00e1mite menor<\/strong>. La UCR debe resolver si quiere presentarse en 2027 como una <strong>fuerza opositora con identidad propia<\/strong> o si est\u00e1 dispuesta a integrarse a una <strong>construcci\u00f3n electoral m\u00e1s amplia<\/strong>, cuyo objetivo principal ser\u00eda disputarle el poder al <strong>peronismo pampeano<\/strong>.<\/p>\n\n\n\n<div style=\"height:100px\" aria-hidden=\"true\" class=\"wp-block-spacer\"><\/div>\n\n\n\n<p class=\"wp-block-paragraph\"><strong>El factor que puede inclinar la balanza: los intendentes<\/strong><\/p>\n\n\n\n<p class=\"wp-block-paragraph\">En la discusi\u00f3n hay un actor central que trasciende a las estructuras partidarias: <strong>los intendentes radicales<\/strong>.<\/p>\n\n\n\n<p class=\"wp-block-paragraph\">Actualmente, la <strong>UCR conserva 28 intendencias en La Pampa<\/strong>, una estructura territorial que constituye uno de los principales activos pol\u00edticos del partido. Y existe un dato determinante: <strong>la mayor\u00eda de esos intendentes necesitar\u00e1 reelegir en 2027<\/strong>.<\/p>\n\n\n\n<p class=\"wp-block-paragraph\">Por eso, en el radicalismo se descuenta que <strong>buena parte de los jefes comunales respaldar\u00e1 una pol\u00edtica de alianzas<\/strong> que ampl\u00ede las posibilidades electorales de la fuerza. Para los intendentes, la discusi\u00f3n no es exclusivamente ideol\u00f3gica ni est\u00e1 vinculada solamente con la estrategia provincial: tambi\u00e9n est\u00e1 en juego <strong>la continuidad de sus gobiernos locales<\/strong>.<\/p>\n\n\n\n<p class=\"wp-block-paragraph\">Ese inter\u00e9s territorial puede convertirse en un <strong>factor de peso dentro de la Asamblea Extraordinaria<\/strong>. Una alianza que permita ampliar el caudal electoral opositor puede resultar atractiva para dirigentes que deben volver a someterse al voto popular, particularmente en municipios donde el <strong>peronismo conserva capacidad competitiva<\/strong>.<\/p>\n\n\n\n<div style=\"height:100px\" aria-hidden=\"true\" class=\"wp-block-spacer\"><\/div>\n\n\n\n<p class=\"wp-block-paragraph\"><strong>Tierno, el punto m\u00e1s conflictivo<\/strong><\/p>\n\n\n\n<p class=\"wp-block-paragraph\">Dentro de esa eventual coalici\u00f3n, el nombre que m\u00e1s resistencia genera en sectores radicales es el de <strong>Juan Carlos Tierno<\/strong>.<\/p>\n\n\n\n<p class=\"wp-block-paragraph\">El exintendente de <strong>Santa Rosa<\/strong> mantiene desde hace a\u00f1os un fuerte enfrentamiento con dirigentes de la UCR, particularmente con referentes de la denominada <strong>l\u00ednea Azul<\/strong>, vinculada a <strong>Francisco Torroba y Abel Sabarots<\/strong>. Esa disputa pol\u00edtica y personal puede convertirse en uno de los principales obst\u00e1culos para construir una alianza que incluya a <strong>todas las expresiones opositoras<\/strong>.<\/p>\n\n\n\n<p class=\"wp-block-paragraph\">La incorporaci\u00f3n de <strong>Comunidad Organizada<\/strong> plantea, adem\u00e1s, una cuesti\u00f3n de identidad para el radicalismo: <strong>hasta d\u00f3nde est\u00e1 dispuesto a flexibilizar sus l\u00edmites pol\u00edticos para ampliar su capacidad electoral<\/strong>.<\/p>\n\n\n\n<p class=\"wp-block-paragraph\">Dentro de la UCR ya circula una definici\u00f3n que resume esa tensi\u00f3n. <strong>\u201cPara ganar, hay que tragarse el sapo\u201d<\/strong>, repiten. La frase expresa la l\u00f3gica de quienes priorizan la <strong>construcci\u00f3n de una mayor\u00eda opositora<\/strong> por encima de las diferencias hist\u00f3ricas con determinados dirigentes.<\/p>\n\n\n\n<p class=\"wp-block-paragraph\">Pero el problema no es solamente <strong>Tierno<\/strong>. La incorporaci\u00f3n de <strong>LLA<\/strong> tambi\u00e9n obliga al radicalismo a revisar su posici\u00f3n frente al espacio pol\u00edtico de <strong>Javier Milei<\/strong>, cuya construcci\u00f3n provincial busca convertirse en una <strong>alternativa electoral competitiva frente al peronismo<\/strong>.<\/p>\n\n\n\n<div style=\"height:100px\" aria-hidden=\"true\" class=\"wp-block-spacer\"><\/div>\n\n\n\n<p class=\"wp-block-paragraph\"><strong>La Libertad Avanza busca una mesa opositora amplia<\/strong><\/p>\n\n\n\n<p class=\"wp-block-paragraph\">En ese escenario, el posicionamiento de <strong>Adri\u00e1n Ravier<\/strong>, referente libertario en La Pampa y <strong>vocero presidencial<\/strong>, adquiere especial relevancia. Ravier ya plante\u00f3 p\u00fablicamente que <strong>Comunidad Organizada y el Movimiento Federalista Pampeano (Mofepa)<\/strong> forman parte del universo de aliados de LLA. Tambi\u00e9n podr\u00eda sumarse el <strong>Movimiento de Integraci\u00f3n y Desarrollo (MID)<\/strong>.<\/p>\n\n\n\n<p class=\"wp-block-paragraph\">Ese movimiento anticipa una negociaci\u00f3n que, de prosperar, podr\u00eda terminar reuniendo en una misma estructura electoral a <strong>LLA, la UCR, el PRO, CO, Mofepa y MID<\/strong>.<\/p>\n\n\n\n<p class=\"wp-block-paragraph\">La discusi\u00f3n deja de ser exclusivamente interna de cada partido y empieza a trasladarse a la <strong>construcci\u00f3n de una coalici\u00f3n opositora provincial<\/strong>. El interrogante ya no es \u00fanicamente <strong>qui\u00e9nes quieren competir contra el peronismo<\/strong>, sino <strong>qui\u00e9n tendr\u00e1 capacidad para ordenar esa alianza, imponer reglas y definir la distribuci\u00f3n de candidaturas<\/strong>.<\/p>\n\n\n\n<div style=\"height:100px\" aria-hidden=\"true\" class=\"wp-block-spacer\"><\/div>\n\n\n\n<p class=\"wp-block-paragraph\"><strong>La UCR habilitar\u00e1 una negociaci\u00f3n<\/strong><\/p>\n\n\n\n<p class=\"wp-block-paragraph\">La <strong>Convenci\u00f3n Provincial<\/strong> comenzar\u00e1 a las <strong>14<\/strong> en el Comit\u00e9 Provincia, en <strong>Pellegrini 534 de Santa Rosa<\/strong>. Entre los temas previstos figura la constituci\u00f3n de la <strong>nueva Mesa Directiva del cuerpo<\/strong>, adem\u00e1s de la definici\u00f3n de los integrantes del <strong>Tribunal de Conducta, el Tribunal de Cuentas y la Junta Electoral Partidaria<\/strong>.<\/p>\n\n\n\n<p class=\"wp-block-paragraph\">Tambi\u00e9n deber\u00e1 tratarse la <strong>reforma del art\u00edculo 72 de la Carta Org\u00e1nica<\/strong>, realizada el <strong>31 de julio de 2025<\/strong> por la Mesa de la Convenci\u00f3n y pendiente de aprobaci\u00f3n del cuerpo.<\/p>\n\n\n\n<p class=\"wp-block-paragraph\">Una vez finalizada esa instancia, comenzar\u00e1 la <strong>Asamblea Extraordinaria<\/strong> convocada por el presidente del Comit\u00e9 Provincia, <strong>Mart\u00edn Berhongaray<\/strong>.<\/p>\n\n\n\n<p class=\"wp-block-paragraph\">All\u00ed estar\u00e1 el verdadero mensaje pol\u00edtico de la jornada: la UCR puede <strong>autorizar a sus dirigentes a sentarse en una misma mesa con sectores con los que hasta ahora mantuvo fuertes diferencias<\/strong>.<\/p>\n\n\n\n<p class=\"wp-block-paragraph\">La autorizaci\u00f3n <strong>no cerrar\u00e1 el acuerdo<\/strong>. Tampoco establecer\u00e1 qui\u00e9n encabezar\u00e1 una f\u00f3rmula, c\u00f3mo se repartir\u00e1n las candidaturas o bajo qu\u00e9 sello competir\u00e1 la eventual alianza.<\/p>\n\n\n\n<p class=\"wp-block-paragraph\">Pero s\u00ed modificar\u00e1 el <strong>punto de partida<\/strong>. Hasta ahora, la discusi\u00f3n estaba centrada en si pod\u00eda construirse un <strong>frente opositor<\/strong>. Despu\u00e9s del s\u00e1bado, si la moci\u00f3n es aprobada, la discusi\u00f3n ser\u00e1 otra: <strong>c\u00f3mo se reparten el poder y las candidaturas dentro de ese frente y qui\u00e9n logra conducirlo<\/strong>.<\/p>\n\n\n\n<p class=\"wp-block-paragraph\"><\/p>\n","protected":false},"excerpt":{"rendered":"<p>La Uni\u00f3n C\u00edvica Radical (UCR) de La Pampa dar\u00e1 este s\u00e1bado un paso decisivo para definir el mapa opositor de cara a las elecciones de 2027: sus principales \u00f3rganos partidarios&hellip;<\/p>\n","protected":false},"author":3,"featured_media":259272,"comment_status":"closed","ping_status":"open","sticky":false,"template":"","format":"standard","meta":{"_acf_changed":false,"footnotes":""},"categories":[9,8],"tags":[],"class_list":["post-334270","post","type-post","status-publish","format-standard","has-post-thumbnail","hentry","category-portada","category-politica"],"acf":[],"yoast_head":"<!-- This site is optimized with the Yoast SEO plugin v28.3 - https:\/\/yoast.com\/product\/yoast-seo-wordpress\/ -->\n<title>\u201cTragarse el sapo\u201d: la UCR pampeana se re\u00fane para darle v\u00eda libre a la \u201cgran alianza\u201d - Diario Textual<\/title>\n<meta name=\"robots\" content=\"index, follow, max-snippet:-1, max-image-preview:large, max-video-preview:-1\" \/>\n<link rel=\"canonical\" href=\"https:\/\/diariotextual.com\/inicio\/index.php\/2026\/09\/01\/tragarse-el-sapo-la-ucr-pampeana-se-reune-para-darle-via-libre-a-la-gran-alianza\/\" \/>\n<meta property=\"og:locale\" content=\"es_ES\" \/>\n<meta property=\"og:type\" content=\"article\" \/>\n<meta property=\"og:title\" content=\"\u201cTragarse el sapo\u201d: la UCR pampeana se re\u00fane para darle v\u00eda libre a la \u201cgran alianza\u201d - Diario Textual\" \/>\n<meta property=\"og:description\" content=\"La Uni\u00f3n C\u00edvica Radical (UCR) de La Pampa dar\u00e1 este s\u00e1bado un paso decisivo para definir el mapa opositor de cara a las elecciones de 2027: sus principales \u00f3rganos partidarios&hellip;\" \/>\n<meta property=\"og:url\" content=\"https:\/\/diariotextual.com\/inicio\/index.php\/2026\/09\/01\/tragarse-el-sapo-la-ucr-pampeana-se-reune-para-darle-via-libre-a-la-gran-alianza\/\" \/>\n<meta property=\"og:site_name\" content=\"Diario Textual\" \/>\n<meta property=\"article:publisher\" content=\"https:\/\/www.facebook.com\/eltextual\" \/>\n<meta property=\"article:published_time\" content=\"2026-09-01T14:46:38+00:00\" \/>\n<meta property=\"article:modified_time\" content=\"2026-09-01T14:46:39+00:00\" \/>\n<meta property=\"og:image\" content=\"https:\/\/diariotextual.com\/inicio\/wp-content\/uploads\/2024\/04\/ucrconvencionprovincialkroneberger2024-1.jpg\" \/>\n\t<meta property=\"og:image:width\" content=\"1333\" \/>\n\t<meta property=\"og:image:height\" content=\"808\" \/>\n\t<meta property=\"og:image:type\" content=\"image\/jpeg\" \/>\n<meta name=\"author\" content=\"Diario1 Diario1\" \/>\n<meta name=\"twitter:card\" content=\"summary_large_image\" \/>\n<meta name=\"twitter:creator\" content=\"@eltextual\" \/>\n<meta name=\"twitter:site\" content=\"@eltextual\" \/>\n<meta name=\"twitter:label1\" content=\"Escrito por\" \/>\n\t<meta name=\"twitter:data1\" content=\"Diario1 Diario1\" \/>\n\t<meta name=\"twitter:label2\" content=\"Tiempo de lectura\" \/>\n\t<meta name=\"twitter:data2\" content=\"5 minutos\" \/>\n<script type=\"application\/ld+json\" class=\"yoast-schema-graph\">{\"@context\":\"https:\\\/\\\/schema.org\",\"@graph\":[{\"@type\":\"Article\",\"@id\":\"https:\\\/\\\/diariotextual.com\\\/inicio\\\/index.php\\\/2026\\\/09\\\/01\\\/tragarse-el-sapo-la-ucr-pampeana-se-reune-para-darle-via-libre-a-la-gran-alianza\\\/#article\",\"isPartOf\":{\"@id\":\"https:\\\/\\\/diariotextual.com\\\/inicio\\\/index.php\\\/2026\\\/09\\\/01\\\/tragarse-el-sapo-la-ucr-pampeana-se-reune-para-darle-via-libre-a-la-gran-alianza\\\/\"},\"author\":{\"name\":\"Diario1 Diario1\",\"@id\":\"https:\\\/\\\/diariotextual.com\\\/inicio\\\/#\\\/schema\\\/person\\\/418fc4093c33e86ed41562db3508f958\"},\"headline\":\"\u201cTragarse el sapo\u201d: la UCR pampeana se re\u00fane para darle v\u00eda libre a la \u201cgran alianza\u201d\",\"datePublished\":\"2026-09-01T14:46:38+00:00\",\"dateModified\":\"2026-09-01T14:46:39+00:00\",\"mainEntityOfPage\":{\"@id\":\"https:\\\/\\\/diariotextual.com\\\/inicio\\\/index.php\\\/2026\\\/09\\\/01\\\/tragarse-el-sapo-la-ucr-pampeana-se-reune-para-darle-via-libre-a-la-gran-alianza\\\/\"},\"wordCount\":1086,\"publisher\":{\"@id\":\"https:\\\/\\\/diariotextual.com\\\/inicio\\\/#organization\"},\"image\":{\"@id\":\"https:\\\/\\\/diariotextual.com\\\/inicio\\\/index.php\\\/2026\\\/09\\\/01\\\/tragarse-el-sapo-la-ucr-pampeana-se-reune-para-darle-via-libre-a-la-gran-alianza\\\/#primaryimage\"},\"thumbnailUrl\":\"https:\\\/\\\/diariotextual.com\\\/inicio\\\/wp-content\\\/uploads\\\/2024\\\/04\\\/ucrconvencionprovincialkroneberger2024-1.jpg\",\"articleSection\":[\"A - PORTADA\",\"POLITICA\"],\"inLanguage\":\"es\"},{\"@type\":\"WebPage\",\"@id\":\"https:\\\/\\\/diariotextual.com\\\/inicio\\\/index.php\\\/2026\\\/09\\\/01\\\/tragarse-el-sapo-la-ucr-pampeana-se-reune-para-darle-via-libre-a-la-gran-alianza\\\/\",\"url\":\"https:\\\/\\\/diariotextual.com\\\/inicio\\\/index.php\\\/2026\\\/09\\\/01\\\/tragarse-el-sapo-la-ucr-pampeana-se-reune-para-darle-via-libre-a-la-gran-alianza\\\/\",\"name\":\"\u201cTragarse el sapo\u201d: la UCR pampeana se re\u00fane para darle v\u00eda libre a la \u201cgran alianza\u201d - Diario Textual\",\"isPartOf\":{\"@id\":\"https:\\\/\\\/diariotextual.com\\\/inicio\\\/#website\"},\"primaryImageOfPage\":{\"@id\":\"https:\\\/\\\/diariotextual.com\\\/inicio\\\/index.php\\\/2026\\\/09\\\/01\\\/tragarse-el-sapo-la-ucr-pampeana-se-reune-para-darle-via-libre-a-la-gran-alianza\\\/#primaryimage\"},\"image\":{\"@id\":\"https:\\\/\\\/diariotextual.com\\\/inicio\\\/index.php\\\/2026\\\/09\\\/01\\\/tragarse-el-sapo-la-ucr-pampeana-se-reune-para-darle-via-libre-a-la-gran-alianza\\\/#primaryimage\"},\"thumbnailUrl\":\"https:\\\/\\\/diariotextual.com\\\/inicio\\\/wp-content\\\/uploads\\\/2024\\\/04\\\/ucrconvencionprovincialkroneberger2024-1.jpg\",\"datePublished\":\"2026-09-01T14:46:38+00:00\",\"dateModified\":\"2026-09-01T14:46:39+00:00\",\"breadcrumb\":{\"@id\":\"https:\\\/\\\/diariotextual.com\\\/inicio\\\/index.php\\\/2026\\\/09\\\/01\\\/tragarse-el-sapo-la-ucr-pampeana-se-reune-para-darle-via-libre-a-la-gran-alianza\\\/#breadcrumb\"},\"inLanguage\":\"es\",\"potentialAction\":[{\"@type\":\"ReadAction\",\"target\":[\"https:\\\/\\\/diariotextual.com\\\/inicio\\\/index.php\\\/2026\\\/09\\\/01\\\/tragarse-el-sapo-la-ucr-pampeana-se-reune-para-darle-via-libre-a-la-gran-alianza\\\/\"]}]},{\"@type\":\"ImageObject\",\"inLanguage\":\"es\",\"@id\":\"https:\\\/\\\/diariotextual.com\\\/inicio\\\/index.php\\\/2026\\\/09\\\/01\\\/tragarse-el-sapo-la-ucr-pampeana-se-reune-para-darle-via-libre-a-la-gran-alianza\\\/#primaryimage\",\"url\":\"https:\\\/\\\/diariotextual.com\\\/inicio\\\/wp-content\\\/uploads\\\/2024\\\/04\\\/ucrconvencionprovincialkroneberger2024-1.jpg\",\"contentUrl\":\"https:\\\/\\\/diariotextual.com\\\/inicio\\\/wp-content\\\/uploads\\\/2024\\\/04\\\/ucrconvencionprovincialkroneberger2024-1.jpg\",\"width\":1333,\"height\":808},{\"@type\":\"BreadcrumbList\",\"@id\":\"https:\\\/\\\/diariotextual.com\\\/inicio\\\/index.php\\\/2026\\\/09\\\/01\\\/tragarse-el-sapo-la-ucr-pampeana-se-reune-para-darle-via-libre-a-la-gran-alianza\\\/#breadcrumb\",\"itemListElement\":[{\"@type\":\"ListItem\",\"position\":1,\"name\":\"Portada\",\"item\":\"https:\\\/\\\/diariotextual.com\\\/inicio\\\/\"},{\"@type\":\"ListItem\",\"position\":2,\"name\":\"\u201cTragarse el sapo\u201d: la UCR pampeana se re\u00fane para darle v\u00eda libre a la \u201cgran alianza\u201d\"}]},{\"@type\":\"WebSite\",\"@id\":\"https:\\\/\\\/diariotextual.com\\\/inicio\\\/#website\",\"url\":\"https:\\\/\\\/diariotextual.com\\\/inicio\\\/\",\"name\":\"Diario Textual\",\"description\":\"\",\"publisher\":{\"@id\":\"https:\\\/\\\/diariotextual.com\\\/inicio\\\/#organization\"},\"potentialAction\":[{\"@type\":\"SearchAction\",\"target\":{\"@type\":\"EntryPoint\",\"urlTemplate\":\"https:\\\/\\\/diariotextual.com\\\/inicio\\\/?s={search_term_string}\"},\"query-input\":{\"@type\":\"PropertyValueSpecification\",\"valueRequired\":true,\"valueName\":\"search_term_string\"}}],\"inLanguage\":\"es\"},{\"@type\":\"Organization\",\"@id\":\"https:\\\/\\\/diariotextual.com\\\/inicio\\\/#organization\",\"name\":\"Diario Textual\",\"url\":\"https:\\\/\\\/diariotextual.com\\\/inicio\\\/\",\"logo\":{\"@type\":\"ImageObject\",\"inLanguage\":\"es\",\"@id\":\"https:\\\/\\\/diariotextual.com\\\/inicio\\\/#\\\/schema\\\/logo\\\/image\\\/\",\"url\":\"https:\\\/\\\/diariotextual.com\\\/inicio\\\/wp-content\\\/uploads\\\/2023\\\/05\\\/logotextual1.jpg\",\"contentUrl\":\"https:\\\/\\\/diariotextual.com\\\/inicio\\\/wp-content\\\/uploads\\\/2023\\\/05\\\/logotextual1.jpg\",\"width\":516,\"height\":76,\"caption\":\"Diario Textual\"},\"image\":{\"@id\":\"https:\\\/\\\/diariotextual.com\\\/inicio\\\/#\\\/schema\\\/logo\\\/image\\\/\"},\"sameAs\":[\"https:\\\/\\\/www.facebook.com\\\/eltextual\",\"https:\\\/\\\/x.com\\\/eltextual\",\"http:\\\/\\\/www.instagram.com\\\/eltextual\"]},{\"@type\":\"Person\",\"@id\":\"https:\\\/\\\/diariotextual.com\\\/inicio\\\/#\\\/schema\\\/person\\\/418fc4093c33e86ed41562db3508f958\",\"name\":\"Diario1 Diario1\",\"image\":{\"@type\":\"ImageObject\",\"inLanguage\":\"es\",\"@id\":\"https:\\\/\\\/secure.gravatar.com\\\/avatar\\\/9167d280179c85bc18be67aa7eda765854300033af4896dd779b608640f2ef7a?s=96&d=mm&r=g\",\"url\":\"https:\\\/\\\/secure.gravatar.com\\\/avatar\\\/9167d280179c85bc18be67aa7eda765854300033af4896dd779b608640f2ef7a?s=96&d=mm&r=g\",\"contentUrl\":\"https:\\\/\\\/secure.gravatar.com\\\/avatar\\\/9167d280179c85bc18be67aa7eda765854300033af4896dd779b608640f2ef7a?s=96&d=mm&r=g\",\"caption\":\"Diario1 Diario1\"},\"url\":\"https:\\\/\\\/diariotextual.com\\\/inicio\\\/index.php\\\/author\\\/diario1\\\/\"}]}<\/script>\n<!-- \/ Yoast SEO plugin. -->","yoast_head_json":{"title":"\u201cTragarse el sapo\u201d: la UCR pampeana se re\u00fane para darle v\u00eda libre a la \u201cgran alianza\u201d - Diario Textual","robots":{"index":"index","follow":"follow","max-snippet":"max-snippet:-1","max-image-preview":"max-image-preview:large","max-video-preview":"max-video-preview:-1"},"canonical":"https:\/\/diariotextual.com\/inicio\/index.php\/2026\/09\/01\/tragarse-el-sapo-la-ucr-pampeana-se-reune-para-darle-via-libre-a-la-gran-alianza\/","og_locale":"es_ES","og_type":"article","og_title":"\u201cTragarse el sapo\u201d: la UCR pampeana se re\u00fane para darle v\u00eda libre a la \u201cgran alianza\u201d - Diario Textual","og_description":"La Uni\u00f3n C\u00edvica Radical (UCR) de La Pampa dar\u00e1 este s\u00e1bado un paso decisivo para definir el mapa opositor de cara a las elecciones de 2027: sus principales \u00f3rganos partidarios&hellip;","og_url":"https:\/\/diariotextual.com\/inicio\/index.php\/2026\/09\/01\/tragarse-el-sapo-la-ucr-pampeana-se-reune-para-darle-via-libre-a-la-gran-alianza\/","og_site_name":"Diario Textual","article_publisher":"https:\/\/www.facebook.com\/eltextual","article_published_time":"2026-09-01T14:46:38+00:00","article_modified_time":"2026-09-01T14:46:39+00:00","og_image":[{"width":1333,"height":808,"url":"https:\/\/diariotextual.com\/inicio\/wp-content\/uploads\/2024\/04\/ucrconvencionprovincialkroneberger2024-1.jpg","type":"image\/jpeg"}],"author":"Diario1 Diario1","twitter_card":"summary_large_image","twitter_creator":"@eltextual","twitter_site":"@eltextual","twitter_misc":{"Escrito por":"Diario1 Diario1","Tiempo de lectura":"5 minutos"},"schema":{"@context":"https:\/\/schema.org","@graph":[{"@type":"Article","@id":"https:\/\/diariotextual.com\/inicio\/index.php\/2026\/09\/01\/tragarse-el-sapo-la-ucr-pampeana-se-reune-para-darle-via-libre-a-la-gran-alianza\/#article","isPartOf":{"@id":"https:\/\/diariotextual.com\/inicio\/index.php\/2026\/09\/01\/tragarse-el-sapo-la-ucr-pampeana-se-reune-para-darle-via-libre-a-la-gran-alianza\/"},"author":{"name":"Diario1 Diario1","@id":"https:\/\/diariotextual.com\/inicio\/#\/schema\/person\/418fc4093c33e86ed41562db3508f958"},"headline":"\u201cTragarse el sapo\u201d: la UCR pampeana se re\u00fane para darle v\u00eda libre a la \u201cgran alianza\u201d","datePublished":"2026-09-01T14:46:38+00:00","dateModified":"2026-09-01T14:46:39+00:00","mainEntityOfPage":{"@id":"https:\/\/diariotextual.com\/inicio\/index.php\/2026\/09\/01\/tragarse-el-sapo-la-ucr-pampeana-se-reune-para-darle-via-libre-a-la-gran-alianza\/"},"wordCount":1086,"publisher":{"@id":"https:\/\/diariotextual.com\/inicio\/#organization"},"image":{"@id":"https:\/\/diariotextual.com\/inicio\/index.php\/2026\/09\/01\/tragarse-el-sapo-la-ucr-pampeana-se-reune-para-darle-via-libre-a-la-gran-alianza\/#primaryimage"},"thumbnailUrl":"https:\/\/diariotextual.com\/inicio\/wp-content\/uploads\/2024\/04\/ucrconvencionprovincialkroneberger2024-1.jpg","articleSection":["A - PORTADA","POLITICA"],"inLanguage":"es"},{"@type":"WebPage","@id":"https:\/\/diariotextual.com\/inicio\/index.php\/2026\/09\/01\/tragarse-el-sapo-la-ucr-pampeana-se-reune-para-darle-via-libre-a-la-gran-alianza\/","url":"https:\/\/diariotextual.com\/inicio\/index.php\/2026\/09\/01\/tragarse-el-sapo-la-ucr-pampeana-se-reune-para-darle-via-libre-a-la-gran-alianza\/","name":"\u201cTragarse el sapo\u201d: la UCR pampeana se re\u00fane para darle v\u00eda libre a la \u201cgran alianza\u201d - Diario Textual","isPartOf":{"@id":"https:\/\/diariotextual.com\/inicio\/#website"},"primaryImageOfPage":{"@id":"https:\/\/diariotextual.com\/inicio\/index.php\/2026\/09\/01\/tragarse-el-sapo-la-ucr-pampeana-se-reune-para-darle-via-libre-a-la-gran-alianza\/#primaryimage"},"image":{"@id":"https:\/\/diariotextual.com\/inicio\/index.php\/2026\/09\/01\/tragarse-el-sapo-la-ucr-pampeana-se-reune-para-darle-via-libre-a-la-gran-alianza\/#primaryimage"},"thumbnailUrl":"https:\/\/diariotextual.com\/inicio\/wp-content\/uploads\/2024\/04\/ucrconvencionprovincialkroneberger2024-1.jpg","datePublished":"2026-09-01T14:46:38+00:00","dateModified":"2026-09-01T14:46:39+00:00","breadcrumb":{"@id":"https:\/\/diariotextual.com\/inicio\/index.php\/2026\/09\/01\/tragarse-el-sapo-la-ucr-pampeana-se-reune-para-darle-via-libre-a-la-gran-alianza\/#breadcrumb"},"inLanguage":"es","potentialAction":[{"@type":"ReadAction","target":["https:\/\/diariotextual.com\/inicio\/index.php\/2026\/09\/01\/tragarse-el-sapo-la-ucr-pampeana-se-reune-para-darle-via-libre-a-la-gran-alianza\/"]}]},{"@type":"ImageObject","inLanguage":"es","@id":"https:\/\/diariotextual.com\/inicio\/index.php\/2026\/09\/01\/tragarse-el-sapo-la-ucr-pampeana-se-reune-para-darle-via-libre-a-la-gran-alianza\/#primaryimage","url":"https:\/\/diariotextual.com\/inicio\/wp-content\/uploads\/2024\/04\/ucrconvencionprovincialkroneberger2024-1.jpg","contentUrl":"https:\/\/diariotextual.com\/inicio\/wp-content\/uploads\/2024\/04\/ucrconvencionprovincialkroneberger2024-1.jpg","width":1333,"height":808},{"@type":"BreadcrumbList","@id":"https:\/\/diariotextual.com\/inicio\/index.php\/2026\/09\/01\/tragarse-el-sapo-la-ucr-pampeana-se-reune-para-darle-via-libre-a-la-gran-alianza\/#breadcrumb","itemListElement":[{"@type":"ListItem","position":1,"name":"Portada","item":"https:\/\/diariotextual.com\/inicio\/"},{"@type":"ListItem","position":2,"name":"\u201cTragarse el sapo\u201d: la UCR pampeana se re\u00fane para darle v\u00eda libre a la \u201cgran alianza\u201d"}]},{"@type":"WebSite","@id":"https:\/\/diariotextual.com\/inicio\/#website","url":"https:\/\/diariotextual.com\/inicio\/","name":"Diario Textual","description":"","publisher":{"@id":"https:\/\/diariotextual.com\/inicio\/#organization"},"potentialAction":[{"@type":"SearchAction","target":{"@type":"EntryPoint","urlTemplate":"https:\/\/diariotextual.com\/inicio\/?s={search_term_string}"},"query-input":{"@type":"PropertyValueSpecification","valueRequired":true,"valueName":"search_term_string"}}],"inLanguage":"es"},{"@type":"Organization","@id":"https:\/\/diariotextual.com\/inicio\/#organization","name":"Diario Textual","url":"https:\/\/diariotextual.com\/inicio\/","logo":{"@type":"ImageObject","inLanguage":"es","@id":"https:\/\/diariotextual.com\/inicio\/#\/schema\/logo\/image\/","url":"https:\/\/diariotextual.com\/inicio\/wp-content\/uploads\/2023\/05\/logotextual1.jpg","contentUrl":"https:\/\/diariotextual.com\/inicio\/wp-content\/uploads\/2023\/05\/logotextual1.jpg","width":516,"height":76,"caption":"Diario Textual"},"image":{"@id":"https:\/\/diariotextual.com\/inicio\/#\/schema\/logo\/image\/"},"sameAs":["https:\/\/www.facebook.com\/eltextual","https:\/\/x.com\/eltextual","http:\/\/www.instagram.com\/eltextual"]},{"@type":"Person","@id":"https:\/\/diariotextual.com\/inicio\/#\/schema\/person\/418fc4093c33e86ed41562db3508f958","name":"Diario1 Diario1","image":{"@type":"ImageObject","inLanguage":"es","@id":"https:\/\/secure.gravatar.com\/avatar\/9167d280179c85bc18be67aa7eda765854300033af4896dd779b608640f2ef7a?s=96&d=mm&r=g","url":"https:\/\/secure.gravatar.com\/avatar\/9167d280179c85bc18be67aa7eda765854300033af4896dd779b608640f2ef7a?s=96&d=mm&r=g","contentUrl":"https:\/\/secure.gravatar.com\/avatar\/9167d280179c85bc18be67aa7eda765854300033af4896dd779b608640f2ef7a?s=96&d=mm&r=g","caption":"Diario1 Diario1"},"url":"https:\/\/diariotextual.com\/inicio\/index.php\/author\/diario1\/"}]}},"_links":{"self":[{"href":"https:\/\/diariotextual.com\/inicio\/index.php\/wp-json\/wp\/v2\/posts\/334270","targetHints":{"allow":["GET"]}}],"collection":[{"href":"https:\/\/diariotextual.com\/inicio\/index.php\/wp-json\/wp\/v2\/posts"}],"about":[{"href":"https:\/\/diariotextual.com\/inicio\/index.php\/wp-json\/wp\/v2\/types\/post"}],"author":[{"embeddable":true,"href":"https:\/\/diariotextual.com\/inicio\/index.php\/wp-json\/wp\/v2\/users\/3"}],"replies":[{"embeddable":true,"href":"https:\/\/diariotextual.com\/inicio\/index.php\/wp-json\/wp\/v2\/comments?post=334270"}],"version-history":[{"count":3,"href":"https:\/\/diariotextual.com\/inicio\/index.php\/wp-json\/wp\/v2\/posts\/334270\/revisions"}],"predecessor-version":[{"id":334275,"href":"https:\/\/diariotextual.com\/inicio\/index.php\/wp-json\/wp\/v2\/posts\/334270\/revisions\/334275"}],"wp:featuredmedia":[{"embeddable":true,"href":"https:\/\/diariotextual.com\/inicio\/index.php\/wp-json\/wp\/v2\/media\/259272"}],"wp:attachment":[{"href":"https:\/\/diariotextual.com\/inicio\/index.php\/wp-json\/wp\/v2\/media?parent=334270"}],"wp:term":[{"taxonomy":"category","embeddable":true,"href":"https:\/\/diariotextual.com\/inicio\/index.php\/wp-json\/wp\/v2\/categories?post=334270"},{"taxonomy":"post_tag","embeddable":true,"href":"https:\/\/diariotextual.com\/inicio\/index.php\/wp-json\/wp\/v2\/tags?post=334270"}],"curies":[{"name":"wp","href":"https:\/\/api.w.org\/{rel}","templated":true}]}}