{"id":334272,"date":"2026-09-01T11:38:22","date_gmt":"2026-09-01T14:38:22","guid":{"rendered":"https:\/\/diariotextual.com\/inicio\/?p=334272"},"modified":"2026-09-01T11:38:25","modified_gmt":"2026-09-01T14:38:25","slug":"en-pico-10-anos-de-prision-por-abusar-sexualmente-de-su-nieta-de-11-anos","status":"publish","type":"post","link":"https:\/\/diariotextual.com\/inicio\/index.php\/2026\/09\/01\/en-pico-10-anos-de-prision-por-abusar-sexualmente-de-su-nieta-de-11-anos\/","title":{"rendered":"En Pico, 10 a\u00f1os de prisi\u00f3n por abusar sexualmente de su nieta de 11 a\u00f1os"},"content":{"rendered":"\n<p class=\"wp-block-paragraph\">Federico Pellegrino, juez de audiencia de juicio de General Pico, conden\u00f3 a 10 a\u00f1os de c\u00e1rcel a un hombre de 74 por violar a su propia nieta. Fue encontrado autor material y penalmente responsable del delito de&nbsp;abuso sexual con acceso carnal, agravado por el v\u00ednculo y la situaci\u00f3n de convivencia con una menor de 18 a\u00f1os de edad, en dos hechos, en concurso real<strong>.<\/strong><\/p>\n\n\n\n<p class=\"wp-block-paragraph\">El juicio tuvo lugar los d\u00edas 13, 14 y 18 de agosto del corriente, intervino en representaci\u00f3n del Ministerio P\u00fablico Fiscal, el fiscal Francisco Trucco, en la defensa al imputado el letrado particular Mariano Gualpa y&nbsp;en car\u00e1cter de patrocinantes del querellante particular, los abogados particulares Lautaro Carrica y Nicol\u00e1s Groppa Sanchez.<\/p>\n\n\n\n<p class=\"wp-block-paragraph\">Las pruebas aportadas en el debate permitieron demostrar que, sin poder precisar fecha y hora exactas, aproximadamente desde principios del a\u00f1o 2020 hasta fines del a\u00f1o 2021, el imputado abus\u00f3 sexualmente, en reiteradas ocasiones, de su nieta de 11 a\u00f1os de edad en aquel momento.<\/p>\n\n\n\n<p class=\"wp-block-paragraph\">La denuncia fue radicada a partir de que la ni\u00f1a pudo contarle los sucesos a su maestra, quien puso la situaci\u00f3n en conocimiento del Centro de Ayuda Escolar (CAE) y de la mam\u00e1 de la ni\u00f1a.<\/p>\n\n\n\n<p class=\"wp-block-paragraph\">En los alegatos de cierre del debate, el fiscal solicit\u00f3 la aplicaci\u00f3n de una pena de 12 a\u00f1os de prisi\u00f3n. El representante de la querella, solicit\u00f3 la aplicaci\u00f3n de la misma pena. Por su parte, la defensa t\u00e9cnica del imputado, solicit\u00f3 la absoluci\u00f3n de su defendido.<\/p>\n\n\n\n<p class=\"wp-block-paragraph\">El juez expres\u00f3 en el fallo que \u201cel presente legajo posee las particularidades propias de las investigaciones vinculadas a delitos contra la integridad sexual, en tanto se trata de hechos que, por su propia naturaleza, suelen desarrollarse en \u00e1mbitos de intimidad y reserva, \u2018intra muros\u2019, generalmente en ausencia de testigos presenciales y con notorias dificultades para la obtenci\u00f3n de prueba directa que permita objetivar su ocurrencia. A ello se suma que los sucesos investigados habr\u00edan tenido lugar dentro del \u00e1mbito familiar ampliado, contexto en el cual el agresor posee un acceso cercano y frecuente a la v\u00edctima, favorecido por v\u00ednculos de confianza y autoridad\u201d. Y agreg\u00f3 que \u201ccuando las v\u00edctimas son menores de edad, deben ponderarse las especiales dificultades que atraviesan para comprender cabalmente la significaci\u00f3n de los actos padecidos, en raz\u00f3n del natural desconocimiento sobre la sexualidad derivado de su etapa evolutiva\u201d.<\/p>\n\n\n\n<p class=\"wp-block-paragraph\">Lugo de analizadas las pruebas aportadas durante el juicio, el juez expres\u00f3 que la culpabilidad del imputado \u201cha quedado debidamente acreditada, existiendo elementos de prueba suficientes para alcanzar el grado de certeza positiva requerido para el dictado de un pronunciamiento condenatorio\u201d. Y agreg\u00f3 que, en referencia a las objeciones introducidas por la defensa \u201cno logran generar una duda razonable acerca de la materialidad de los hechos ni de la intervenci\u00f3n que en ellos le cupo al imputado, sino que se relacionan, fundamentalmente, con la imposibilidad de obtener de la v\u00edctima mayores precisiones temporales y circunstanciales, circunstancia que, conforme ya fuera se\u00f1alado, resulta comprensible a partir de sus particulares condiciones personales y del tiempo transcurrido\u201d.<\/p>\n\n\n\n<p class=\"wp-block-paragraph\">Al momento de mensurar la pena a imponer, Pellegrino tuvo en cuenta como circunstancias a favor del imputado la carencia de antecedentes condenatorios, su avanzada edad, el hecho de haber sido una persona dedicada al trabajo y su nivel sociocultural.<\/p>\n\n\n\n<p class=\"wp-block-paragraph\">Como circunstancias agravantes consider\u00f3&nbsp;en primer t\u00e9rmino, \u201cla propia naturaleza y gravedad de los hechos cometidos, as\u00ed como el conocimiento y aprovechamiento de la situaci\u00f3n de especial vulnerabilidad en que se encontraba la v\u00edctima. Dicha vulnerabilidad no estaba determinada \u00fanicamente por su corta edad, sino tambi\u00e9n por las dificultades cognitivas y el retraso madurativo que presenta, circunstancias que, por la relaci\u00f3n de parentesco y cercan\u00eda existente, no pod\u00edan resultar desconocidas para el imputado\u201d.<\/p>\n\n\n\n<p class=\"wp-block-paragraph\">Tambi\u00e9n tuvo en cuenta las consecuencias de los hechos que \u201cno se agotaron en el momento de su comisi\u00f3n, sino que han dejado secuelas que persisten hasta la actualidad, exteriorizadas en el cuadro de estr\u00e9s postraum\u00e1tico que presenta la v\u00edctima\u201d.<\/p>\n\n\n\n<p class=\"wp-block-paragraph\"><\/p>\n","protected":false},"excerpt":{"rendered":"<p>Federico Pellegrino, juez de audiencia de juicio de General Pico, conden\u00f3 a 10 a\u00f1os de c\u00e1rcel a un hombre de 74 por violar a su propia nieta. Fue encontrado autor&hellip;<\/p>\n","protected":false},"author":3,"featured_media":300281,"comment_status":"closed","ping_status":"open","sticky":false,"template":"","format":"standard","meta":{"_acf_changed":false,"footnotes":""},"categories":[4,12],"tags":[],"class_list":["post-334272","post","type-post","status-publish","format-standard","has-post-thumbnail","hentry","category-destacadas","category-sociedad"],"acf":[],"yoast_head":"<!-- This site is optimized with the Yoast SEO plugin v28.3 - https:\/\/yoast.com\/product\/yoast-seo-wordpress\/ -->\n<title>En Pico, 10 a\u00f1os de prisi\u00f3n por abusar sexualmente de su nieta de 11 a\u00f1os - Diario Textual<\/title>\n<meta name=\"robots\" content=\"index, follow, max-snippet:-1, max-image-preview:large, max-video-preview:-1\" \/>\n<link rel=\"canonical\" href=\"https:\/\/diariotextual.com\/inicio\/index.php\/2026\/09\/01\/en-pico-10-anos-de-prision-por-abusar-sexualmente-de-su-nieta-de-11-anos\/\" \/>\n<meta property=\"og:locale\" content=\"es_ES\" \/>\n<meta property=\"og:type\" content=\"article\" \/>\n<meta property=\"og:title\" content=\"En Pico, 10 a\u00f1os de prisi\u00f3n por abusar sexualmente de su nieta de 11 a\u00f1os - Diario Textual\" \/>\n<meta property=\"og:description\" content=\"Federico Pellegrino, juez de audiencia de juicio de General Pico, conden\u00f3 a 10 a\u00f1os de c\u00e1rcel a un hombre de 74 por violar a su propia nieta. Fue encontrado autor&hellip;\" \/>\n<meta property=\"og:url\" content=\"https:\/\/diariotextual.com\/inicio\/index.php\/2026\/09\/01\/en-pico-10-anos-de-prision-por-abusar-sexualmente-de-su-nieta-de-11-anos\/\" \/>\n<meta property=\"og:site_name\" content=\"Diario Textual\" \/>\n<meta property=\"article:publisher\" content=\"https:\/\/www.facebook.com\/eltextual\" \/>\n<meta property=\"article:published_time\" content=\"2026-09-01T14:38:22+00:00\" \/>\n<meta property=\"article:modified_time\" content=\"2026-09-01T14:38:25+00:00\" \/>\n<meta property=\"og:image\" content=\"https:\/\/diariotextual.com\/inicio\/wp-content\/uploads\/2025\/06\/abusosexualinfantil2025.jpg\" \/>\n\t<meta property=\"og:image:width\" content=\"900\" \/>\n\t<meta property=\"og:image:height\" content=\"594\" \/>\n\t<meta property=\"og:image:type\" content=\"image\/jpeg\" \/>\n<meta name=\"author\" content=\"Diario1 Diario1\" \/>\n<meta name=\"twitter:card\" content=\"summary_large_image\" \/>\n<meta name=\"twitter:creator\" content=\"@eltextual\" \/>\n<meta name=\"twitter:site\" content=\"@eltextual\" \/>\n<meta name=\"twitter:label1\" content=\"Escrito por\" \/>\n\t<meta name=\"twitter:data1\" content=\"Diario1 Diario1\" \/>\n\t<meta name=\"twitter:label2\" content=\"Tiempo de lectura\" \/>\n\t<meta name=\"twitter:data2\" content=\"4 minutos\" \/>\n<script type=\"application\/ld+json\" class=\"yoast-schema-graph\">{\"@context\":\"https:\\\/\\\/schema.org\",\"@graph\":[{\"@type\":\"Article\",\"@id\":\"https:\\\/\\\/diariotextual.com\\\/inicio\\\/index.php\\\/2026\\\/09\\\/01\\\/en-pico-10-anos-de-prision-por-abusar-sexualmente-de-su-nieta-de-11-anos\\\/#article\",\"isPartOf\":{\"@id\":\"https:\\\/\\\/diariotextual.com\\\/inicio\\\/index.php\\\/2026\\\/09\\\/01\\\/en-pico-10-anos-de-prision-por-abusar-sexualmente-de-su-nieta-de-11-anos\\\/\"},\"author\":{\"name\":\"Diario1 Diario1\",\"@id\":\"https:\\\/\\\/diariotextual.com\\\/inicio\\\/#\\\/schema\\\/person\\\/418fc4093c33e86ed41562db3508f958\"},\"headline\":\"En Pico, 10 a\u00f1os de prisi\u00f3n por abusar sexualmente de su nieta de 11 a\u00f1os\",\"datePublished\":\"2026-09-01T14:38:22+00:00\",\"dateModified\":\"2026-09-01T14:38:25+00:00\",\"mainEntityOfPage\":{\"@id\":\"https:\\\/\\\/diariotextual.com\\\/inicio\\\/index.php\\\/2026\\\/09\\\/01\\\/en-pico-10-anos-de-prision-por-abusar-sexualmente-de-su-nieta-de-11-anos\\\/\"},\"wordCount\":707,\"publisher\":{\"@id\":\"https:\\\/\\\/diariotextual.com\\\/inicio\\\/#organization\"},\"image\":{\"@id\":\"https:\\\/\\\/diariotextual.com\\\/inicio\\\/index.php\\\/2026\\\/09\\\/01\\\/en-pico-10-anos-de-prision-por-abusar-sexualmente-de-su-nieta-de-11-anos\\\/#primaryimage\"},\"thumbnailUrl\":\"https:\\\/\\\/diariotextual.com\\\/inicio\\\/wp-content\\\/uploads\\\/2025\\\/06\\\/abusosexualinfantil2025.jpg\",\"articleSection\":[\"A - DESTACADAS (mod 16)\",\"SOCIEDAD\"],\"inLanguage\":\"es\"},{\"@type\":\"WebPage\",\"@id\":\"https:\\\/\\\/diariotextual.com\\\/inicio\\\/index.php\\\/2026\\\/09\\\/01\\\/en-pico-10-anos-de-prision-por-abusar-sexualmente-de-su-nieta-de-11-anos\\\/\",\"url\":\"https:\\\/\\\/diariotextual.com\\\/inicio\\\/index.php\\\/2026\\\/09\\\/01\\\/en-pico-10-anos-de-prision-por-abusar-sexualmente-de-su-nieta-de-11-anos\\\/\",\"name\":\"En Pico, 10 a\u00f1os de prisi\u00f3n por abusar sexualmente de su nieta de 11 a\u00f1os - Diario Textual\",\"isPartOf\":{\"@id\":\"https:\\\/\\\/diariotextual.com\\\/inicio\\\/#website\"},\"primaryImageOfPage\":{\"@id\":\"https:\\\/\\\/diariotextual.com\\\/inicio\\\/index.php\\\/2026\\\/09\\\/01\\\/en-pico-10-anos-de-prision-por-abusar-sexualmente-de-su-nieta-de-11-anos\\\/#primaryimage\"},\"image\":{\"@id\":\"https:\\\/\\\/diariotextual.com\\\/inicio\\\/index.php\\\/2026\\\/09\\\/01\\\/en-pico-10-anos-de-prision-por-abusar-sexualmente-de-su-nieta-de-11-anos\\\/#primaryimage\"},\"thumbnailUrl\":\"https:\\\/\\\/diariotextual.com\\\/inicio\\\/wp-content\\\/uploads\\\/2025\\\/06\\\/abusosexualinfantil2025.jpg\",\"datePublished\":\"2026-09-01T14:38:22+00:00\",\"dateModified\":\"2026-09-01T14:38:25+00:00\",\"breadcrumb\":{\"@id\":\"https:\\\/\\\/diariotextual.com\\\/inicio\\\/index.php\\\/2026\\\/09\\\/01\\\/en-pico-10-anos-de-prision-por-abusar-sexualmente-de-su-nieta-de-11-anos\\\/#breadcrumb\"},\"inLanguage\":\"es\",\"potentialAction\":[{\"@type\":\"ReadAction\",\"target\":[\"https:\\\/\\\/diariotextual.com\\\/inicio\\\/index.php\\\/2026\\\/09\\\/01\\\/en-pico-10-anos-de-prision-por-abusar-sexualmente-de-su-nieta-de-11-anos\\\/\"]}]},{\"@type\":\"ImageObject\",\"inLanguage\":\"es\",\"@id\":\"https:\\\/\\\/diariotextual.com\\\/inicio\\\/index.php\\\/2026\\\/09\\\/01\\\/en-pico-10-anos-de-prision-por-abusar-sexualmente-de-su-nieta-de-11-anos\\\/#primaryimage\",\"url\":\"https:\\\/\\\/diariotextual.com\\\/inicio\\\/wp-content\\\/uploads\\\/2025\\\/06\\\/abusosexualinfantil2025.jpg\",\"contentUrl\":\"https:\\\/\\\/diariotextual.com\\\/inicio\\\/wp-content\\\/uploads\\\/2025\\\/06\\\/abusosexualinfantil2025.jpg\",\"width\":900,\"height\":594},{\"@type\":\"BreadcrumbList\",\"@id\":\"https:\\\/\\\/diariotextual.com\\\/inicio\\\/index.php\\\/2026\\\/09\\\/01\\\/en-pico-10-anos-de-prision-por-abusar-sexualmente-de-su-nieta-de-11-anos\\\/#breadcrumb\",\"itemListElement\":[{\"@type\":\"ListItem\",\"position\":1,\"name\":\"Portada\",\"item\":\"https:\\\/\\\/diariotextual.com\\\/inicio\\\/\"},{\"@type\":\"ListItem\",\"position\":2,\"name\":\"En Pico, 10 a\u00f1os de prisi\u00f3n por abusar sexualmente de su nieta de 11 a\u00f1os\"}]},{\"@type\":\"WebSite\",\"@id\":\"https:\\\/\\\/diariotextual.com\\\/inicio\\\/#website\",\"url\":\"https:\\\/\\\/diariotextual.com\\\/inicio\\\/\",\"name\":\"Diario Textual\",\"description\":\"\",\"publisher\":{\"@id\":\"https:\\\/\\\/diariotextual.com\\\/inicio\\\/#organization\"},\"potentialAction\":[{\"@type\":\"SearchAction\",\"target\":{\"@type\":\"EntryPoint\",\"urlTemplate\":\"https:\\\/\\\/diariotextual.com\\\/inicio\\\/?s={search_term_string}\"},\"query-input\":{\"@type\":\"PropertyValueSpecification\",\"valueRequired\":true,\"valueName\":\"search_term_string\"}}],\"inLanguage\":\"es\"},{\"@type\":\"Organization\",\"@id\":\"https:\\\/\\\/diariotextual.com\\\/inicio\\\/#organization\",\"name\":\"Diario Textual\",\"url\":\"https:\\\/\\\/diariotextual.com\\\/inicio\\\/\",\"logo\":{\"@type\":\"ImageObject\",\"inLanguage\":\"es\",\"@id\":\"https:\\\/\\\/diariotextual.com\\\/inicio\\\/#\\\/schema\\\/logo\\\/image\\\/\",\"url\":\"https:\\\/\\\/diariotextual.com\\\/inicio\\\/wp-content\\\/uploads\\\/2023\\\/05\\\/logotextual1.jpg\",\"contentUrl\":\"https:\\\/\\\/diariotextual.com\\\/inicio\\\/wp-content\\\/uploads\\\/2023\\\/05\\\/logotextual1.jpg\",\"width\":516,\"height\":76,\"caption\":\"Diario Textual\"},\"image\":{\"@id\":\"https:\\\/\\\/diariotextual.com\\\/inicio\\\/#\\\/schema\\\/logo\\\/image\\\/\"},\"sameAs\":[\"https:\\\/\\\/www.facebook.com\\\/eltextual\",\"https:\\\/\\\/x.com\\\/eltextual\",\"http:\\\/\\\/www.instagram.com\\\/eltextual\"]},{\"@type\":\"Person\",\"@id\":\"https:\\\/\\\/diariotextual.com\\\/inicio\\\/#\\\/schema\\\/person\\\/418fc4093c33e86ed41562db3508f958\",\"name\":\"Diario1 Diario1\",\"image\":{\"@type\":\"ImageObject\",\"inLanguage\":\"es\",\"@id\":\"https:\\\/\\\/secure.gravatar.com\\\/avatar\\\/9167d280179c85bc18be67aa7eda765854300033af4896dd779b608640f2ef7a?s=96&d=mm&r=g\",\"url\":\"https:\\\/\\\/secure.gravatar.com\\\/avatar\\\/9167d280179c85bc18be67aa7eda765854300033af4896dd779b608640f2ef7a?s=96&d=mm&r=g\",\"contentUrl\":\"https:\\\/\\\/secure.gravatar.com\\\/avatar\\\/9167d280179c85bc18be67aa7eda765854300033af4896dd779b608640f2ef7a?s=96&d=mm&r=g\",\"caption\":\"Diario1 Diario1\"},\"url\":\"https:\\\/\\\/diariotextual.com\\\/inicio\\\/index.php\\\/author\\\/diario1\\\/\"}]}<\/script>\n<!-- \/ Yoast SEO plugin. -->","yoast_head_json":{"title":"En Pico, 10 a\u00f1os de prisi\u00f3n por abusar sexualmente de su nieta de 11 a\u00f1os - Diario Textual","robots":{"index":"index","follow":"follow","max-snippet":"max-snippet:-1","max-image-preview":"max-image-preview:large","max-video-preview":"max-video-preview:-1"},"canonical":"https:\/\/diariotextual.com\/inicio\/index.php\/2026\/09\/01\/en-pico-10-anos-de-prision-por-abusar-sexualmente-de-su-nieta-de-11-anos\/","og_locale":"es_ES","og_type":"article","og_title":"En Pico, 10 a\u00f1os de prisi\u00f3n por abusar sexualmente de su nieta de 11 a\u00f1os - Diario Textual","og_description":"Federico Pellegrino, juez de audiencia de juicio de General Pico, conden\u00f3 a 10 a\u00f1os de c\u00e1rcel a un hombre de 74 por violar a su propia nieta. Fue encontrado autor&hellip;","og_url":"https:\/\/diariotextual.com\/inicio\/index.php\/2026\/09\/01\/en-pico-10-anos-de-prision-por-abusar-sexualmente-de-su-nieta-de-11-anos\/","og_site_name":"Diario Textual","article_publisher":"https:\/\/www.facebook.com\/eltextual","article_published_time":"2026-09-01T14:38:22+00:00","article_modified_time":"2026-09-01T14:38:25+00:00","og_image":[{"width":900,"height":594,"url":"https:\/\/diariotextual.com\/inicio\/wp-content\/uploads\/2025\/06\/abusosexualinfantil2025.jpg","type":"image\/jpeg"}],"author":"Diario1 Diario1","twitter_card":"summary_large_image","twitter_creator":"@eltextual","twitter_site":"@eltextual","twitter_misc":{"Escrito por":"Diario1 Diario1","Tiempo de lectura":"4 minutos"},"schema":{"@context":"https:\/\/schema.org","@graph":[{"@type":"Article","@id":"https:\/\/diariotextual.com\/inicio\/index.php\/2026\/09\/01\/en-pico-10-anos-de-prision-por-abusar-sexualmente-de-su-nieta-de-11-anos\/#article","isPartOf":{"@id":"https:\/\/diariotextual.com\/inicio\/index.php\/2026\/09\/01\/en-pico-10-anos-de-prision-por-abusar-sexualmente-de-su-nieta-de-11-anos\/"},"author":{"name":"Diario1 Diario1","@id":"https:\/\/diariotextual.com\/inicio\/#\/schema\/person\/418fc4093c33e86ed41562db3508f958"},"headline":"En Pico, 10 a\u00f1os de prisi\u00f3n por abusar sexualmente de su nieta de 11 a\u00f1os","datePublished":"2026-09-01T14:38:22+00:00","dateModified":"2026-09-01T14:38:25+00:00","mainEntityOfPage":{"@id":"https:\/\/diariotextual.com\/inicio\/index.php\/2026\/09\/01\/en-pico-10-anos-de-prision-por-abusar-sexualmente-de-su-nieta-de-11-anos\/"},"wordCount":707,"publisher":{"@id":"https:\/\/diariotextual.com\/inicio\/#organization"},"image":{"@id":"https:\/\/diariotextual.com\/inicio\/index.php\/2026\/09\/01\/en-pico-10-anos-de-prision-por-abusar-sexualmente-de-su-nieta-de-11-anos\/#primaryimage"},"thumbnailUrl":"https:\/\/diariotextual.com\/inicio\/wp-content\/uploads\/2025\/06\/abusosexualinfantil2025.jpg","articleSection":["A - DESTACADAS (mod 16)","SOCIEDAD"],"inLanguage":"es"},{"@type":"WebPage","@id":"https:\/\/diariotextual.com\/inicio\/index.php\/2026\/09\/01\/en-pico-10-anos-de-prision-por-abusar-sexualmente-de-su-nieta-de-11-anos\/","url":"https:\/\/diariotextual.com\/inicio\/index.php\/2026\/09\/01\/en-pico-10-anos-de-prision-por-abusar-sexualmente-de-su-nieta-de-11-anos\/","name":"En Pico, 10 a\u00f1os de prisi\u00f3n por abusar sexualmente de su nieta de 11 a\u00f1os - Diario Textual","isPartOf":{"@id":"https:\/\/diariotextual.com\/inicio\/#website"},"primaryImageOfPage":{"@id":"https:\/\/diariotextual.com\/inicio\/index.php\/2026\/09\/01\/en-pico-10-anos-de-prision-por-abusar-sexualmente-de-su-nieta-de-11-anos\/#primaryimage"},"image":{"@id":"https:\/\/diariotextual.com\/inicio\/index.php\/2026\/09\/01\/en-pico-10-anos-de-prision-por-abusar-sexualmente-de-su-nieta-de-11-anos\/#primaryimage"},"thumbnailUrl":"https:\/\/diariotextual.com\/inicio\/wp-content\/uploads\/2025\/06\/abusosexualinfantil2025.jpg","datePublished":"2026-09-01T14:38:22+00:00","dateModified":"2026-09-01T14:38:25+00:00","breadcrumb":{"@id":"https:\/\/diariotextual.com\/inicio\/index.php\/2026\/09\/01\/en-pico-10-anos-de-prision-por-abusar-sexualmente-de-su-nieta-de-11-anos\/#breadcrumb"},"inLanguage":"es","potentialAction":[{"@type":"ReadAction","target":["https:\/\/diariotextual.com\/inicio\/index.php\/2026\/09\/01\/en-pico-10-anos-de-prision-por-abusar-sexualmente-de-su-nieta-de-11-anos\/"]}]},{"@type":"ImageObject","inLanguage":"es","@id":"https:\/\/diariotextual.com\/inicio\/index.php\/2026\/09\/01\/en-pico-10-anos-de-prision-por-abusar-sexualmente-de-su-nieta-de-11-anos\/#primaryimage","url":"https:\/\/diariotextual.com\/inicio\/wp-content\/uploads\/2025\/06\/abusosexualinfantil2025.jpg","contentUrl":"https:\/\/diariotextual.com\/inicio\/wp-content\/uploads\/2025\/06\/abusosexualinfantil2025.jpg","width":900,"height":594},{"@type":"BreadcrumbList","@id":"https:\/\/diariotextual.com\/inicio\/index.php\/2026\/09\/01\/en-pico-10-anos-de-prision-por-abusar-sexualmente-de-su-nieta-de-11-anos\/#breadcrumb","itemListElement":[{"@type":"ListItem","position":1,"name":"Portada","item":"https:\/\/diariotextual.com\/inicio\/"},{"@type":"ListItem","position":2,"name":"En Pico, 10 a\u00f1os de prisi\u00f3n por abusar sexualmente de su nieta de 11 a\u00f1os"}]},{"@type":"WebSite","@id":"https:\/\/diariotextual.com\/inicio\/#website","url":"https:\/\/diariotextual.com\/inicio\/","name":"Diario Textual","description":"","publisher":{"@id":"https:\/\/diariotextual.com\/inicio\/#organization"},"potentialAction":[{"@type":"SearchAction","target":{"@type":"EntryPoint","urlTemplate":"https:\/\/diariotextual.com\/inicio\/?s={search_term_string}"},"query-input":{"@type":"PropertyValueSpecification","valueRequired":true,"valueName":"search_term_string"}}],"inLanguage":"es"},{"@type":"Organization","@id":"https:\/\/diariotextual.com\/inicio\/#organization","name":"Diario Textual","url":"https:\/\/diariotextual.com\/inicio\/","logo":{"@type":"ImageObject","inLanguage":"es","@id":"https:\/\/diariotextual.com\/inicio\/#\/schema\/logo\/image\/","url":"https:\/\/diariotextual.com\/inicio\/wp-content\/uploads\/2023\/05\/logotextual1.jpg","contentUrl":"https:\/\/diariotextual.com\/inicio\/wp-content\/uploads\/2023\/05\/logotextual1.jpg","width":516,"height":76,"caption":"Diario Textual"},"image":{"@id":"https:\/\/diariotextual.com\/inicio\/#\/schema\/logo\/image\/"},"sameAs":["https:\/\/www.facebook.com\/eltextual","https:\/\/x.com\/eltextual","http:\/\/www.instagram.com\/eltextual"]},{"@type":"Person","@id":"https:\/\/diariotextual.com\/inicio\/#\/schema\/person\/418fc4093c33e86ed41562db3508f958","name":"Diario1 Diario1","image":{"@type":"ImageObject","inLanguage":"es","@id":"https:\/\/secure.gravatar.com\/avatar\/9167d280179c85bc18be67aa7eda765854300033af4896dd779b608640f2ef7a?s=96&d=mm&r=g","url":"https:\/\/secure.gravatar.com\/avatar\/9167d280179c85bc18be67aa7eda765854300033af4896dd779b608640f2ef7a?s=96&d=mm&r=g","contentUrl":"https:\/\/secure.gravatar.com\/avatar\/9167d280179c85bc18be67aa7eda765854300033af4896dd779b608640f2ef7a?s=96&d=mm&r=g","caption":"Diario1 Diario1"},"url":"https:\/\/diariotextual.com\/inicio\/index.php\/author\/diario1\/"}]}},"_links":{"self":[{"href":"https:\/\/diariotextual.com\/inicio\/index.php\/wp-json\/wp\/v2\/posts\/334272","targetHints":{"allow":["GET"]}}],"collection":[{"href":"https:\/\/diariotextual.com\/inicio\/index.php\/wp-json\/wp\/v2\/posts"}],"about":[{"href":"https:\/\/diariotextual.com\/inicio\/index.php\/wp-json\/wp\/v2\/types\/post"}],"author":[{"embeddable":true,"href":"https:\/\/diariotextual.com\/inicio\/index.php\/wp-json\/wp\/v2\/users\/3"}],"replies":[{"embeddable":true,"href":"https:\/\/diariotextual.com\/inicio\/index.php\/wp-json\/wp\/v2\/comments?post=334272"}],"version-history":[{"count":1,"href":"https:\/\/diariotextual.com\/inicio\/index.php\/wp-json\/wp\/v2\/posts\/334272\/revisions"}],"predecessor-version":[{"id":334273,"href":"https:\/\/diariotextual.com\/inicio\/index.php\/wp-json\/wp\/v2\/posts\/334272\/revisions\/334273"}],"wp:featuredmedia":[{"embeddable":true,"href":"https:\/\/diariotextual.com\/inicio\/index.php\/wp-json\/wp\/v2\/media\/300281"}],"wp:attachment":[{"href":"https:\/\/diariotextual.com\/inicio\/index.php\/wp-json\/wp\/v2\/media?parent=334272"}],"wp:term":[{"taxonomy":"category","embeddable":true,"href":"https:\/\/diariotextual.com\/inicio\/index.php\/wp-json\/wp\/v2\/categories?post=334272"},{"taxonomy":"post_tag","embeddable":true,"href":"https:\/\/diariotextual.com\/inicio\/index.php\/wp-json\/wp\/v2\/tags?post=334272"}],"curies":[{"name":"wp","href":"https:\/\/api.w.org\/{rel}","templated":true}]}}