{"id":334276,"date":"2026-09-01T13:22:36","date_gmt":"2026-09-01T16:22:36","guid":{"rendered":"https:\/\/diariotextual.com\/inicio\/?p=334276"},"modified":"2026-09-01T13:22:37","modified_gmt":"2026-09-01T16:22:37","slug":"el-gobierno-provincial-licito-el-sum-para-anguil","status":"publish","type":"post","link":"https:\/\/diariotextual.com\/inicio\/index.php\/2026\/09\/01\/el-gobierno-provincial-licito-el-sum-para-anguil\/","title":{"rendered":"El Gobierno provincial licit\u00f3 el SUM para Anguil"},"content":{"rendered":"\n<p class=\"wp-block-paragraph\">En el Ministerio de Obras y Servicios P\u00fablicos se llev\u00f3 a cabo el viernes pasado la apertura de ofertas correspondiente a la primera etapa del nuevo Sal\u00f3n de Usos M\u00faltiples (SUM) de Anguil.<\/p>\n\n\n\n<p class=\"wp-block-paragraph\">Participaron del acto el ministro de Gobierno y Asuntos Municipales, Pascual Fern\u00e1ndez; la intendenta de Anguil, Daniela Fern\u00e1ndez; la subsecretaria de Obras P\u00fablicas, Antonela Dosso; la directora de Obras P\u00fablicas, Mariana Denouard, y representantes de seis empresas pampeanas de la construcci\u00f3n.<\/p>\n\n\n\n<p class=\"wp-block-paragraph\">La obra cuenta con un presupuesto oficial de $1.406.440.198, un plazo de ejecuci\u00f3n de 360 d\u00edas y constituye una nueva inversi\u00f3n del Gobierno provincial destinada a generar infraestructura que responda a las necesidades concretas de las comunidades pampeanas.<\/p>\n\n\n\n<p class=\"wp-block-paragraph\">El proyecto integral alcanza una superficie de 934,7 metros cuadrados y se emplazar\u00e1 en la intersecci\u00f3n de las calles Bartolom\u00e9 Mitre y Eduardo Castex. Contempla un Sal\u00f3n de Usos M\u00faltiples, sanitarios, cocina y aulas taller, con una distribuci\u00f3n que permitir\u00e1 utilizar los diferentes sectores de manera independiente.<\/p>\n\n\n\n<p class=\"wp-block-paragraph\">La etapa licitada comprende la construcci\u00f3n del SUM y el sector de sanitarios y cocina, con una superficie de 785,27 metros cuadrados, mientras que el proyecto deja prevista una segunda instancia para la ejecuci\u00f3n de las aulas taller y sus correspondientes espacios de circulaci\u00f3n.<\/p>\n\n\n\n<div style=\"height:100px\" aria-hidden=\"true\" class=\"wp-block-spacer\"><\/div>\n\n\n\n<p class=\"wp-block-paragraph\"><strong>\u201cCada obra licitada tiene detr\u00e1s una necesidad de la comunidad\u201d<\/strong><\/p>\n\n\n\n<p class=\"wp-block-paragraph\">El ministro de Gobierno y Asuntos Municipales, Pascual Fern\u00e1ndez, destac\u00f3 a la Agencia Provincial de Noticias que la licitaci\u00f3n constituye una respuesta concreta a una necesidad de Anguil y reafirma la decisi\u00f3n pol\u00edtica del gobernador Sergio Ziliotto de sostener la inversi\u00f3n en infraestructura en todo el territorio provincial. \u201cCada obra que realizamos tiene detr\u00e1s una necesidad de la comunidad y una decisi\u00f3n del Gobierno provincial de transformarla en una respuesta concreta. Este SUM tiene un enorme valor social porque va a ser un lugar de encuentro para Anguil, para sus instituciones, sus vecinos y vecinas y para las distintas actividades que forman parte de la vida de la localidad\u201d, se\u00f1al\u00f3.<\/p>\n\n\n\n<p class=\"wp-block-paragraph\">Remarc\u00f3 especialmente la importancia de continuar generando nuevas obras en el actual escenario econ\u00f3mico. \u201cQue La Pampa pueda seguir licitando infraestructura en este contexto habla de un Estado ordenado, eficiente y con prioridades claras. Administrar responsablemente los recursos tambi\u00e9n significa transformarlos en obras que quedan en cada localidad y mejoran la vida cotidiana de la gente\u201d, sostuvo.<\/p>\n\n\n\n<p class=\"wp-block-paragraph\">En ese sentido, destac\u00f3 que el SUM trasciende la construcci\u00f3n de un edificio. \u201cEstamos hablando de infraestructura social. Un SUM permite reunir a una comunidad, desarrollar actividades culturales, educativas, recreativas y de capacitaci\u00f3n. Son espacios que fortalecen a las instituciones y generan oportunidades. La obra p\u00fablica tambi\u00e9n construye comunidad y consolida derechos\u201d, afirm\u00f3.<\/p>\n\n\n\n<div style=\"height:100px\" aria-hidden=\"true\" class=\"wp-block-spacer\"><\/div>\n\n\n\n<p class=\"wp-block-paragraph\"><strong>Un espacio para encontrarse y crecer<\/strong><\/p>\n\n\n\n<p class=\"wp-block-paragraph\">El nuevo SUM responde a la necesidad de contar con un espacio amplio y funcional que pueda albergar diferentes propuestas comunitarias, sociales, culturales, educativas y recreativas. Su dise\u00f1o permite la utilizaci\u00f3n independiente de los distintos sectores y contempla el crecimiento futuro de la infraestructura. De esta manera, el proyecto no solamente atiende las demandas actuales de Anguil, sino que incorpora una planificaci\u00f3n destinada a acompa\u00f1ar el desarrollo de la localidad.<\/p>\n\n\n\n<p class=\"wp-block-paragraph\">La intendenta Daniela Fern\u00e1ndez destac\u00f3 el impacto que tendr\u00e1 la nueva infraestructura para las instituciones y la comunidad anguilense. \u201cAnguil tiene una vida institucional y comunitaria muy activa y contar con un espacio de estas caracter\u00edsticas representa una respuesta muy importante. Este SUM va a permitir reunir actividades que hoy necesitan lugares adecuados y generar nuevas propuestas para nuestros vecinos y vecinas\u201d, expres\u00f3.<\/p>\n\n\n\n<p class=\"wp-block-paragraph\">Asimismo, valor\u00f3 el acompa\u00f1amiento del Gobierno provincial y el trabajo conjunto con el municipio. \u201cPara las localidades es fundamental contar con un Gobierno provincial que escucha, planifica y acompa\u00f1a. Esta licitaci\u00f3n demuestra que Anguil forma parte de una pol\u00edtica de obras que llega al territorio y que tiene en cuenta las necesidades de cada comunidad\u201d.<\/p>\n\n\n\n<div style=\"height:100px\" aria-hidden=\"true\" class=\"wp-block-spacer\"><\/div>\n\n\n\n<p class=\"wp-block-paragraph\"><strong>Modernidad y funcionalidad<\/strong><\/p>\n\n\n\n<p class=\"wp-block-paragraph\">La propuesta arquitect\u00f3nica se organiza mediante dos vol\u00famenes orientados hacia la calle Eduardo Castex y conectados a trav\u00e9s de un paso con patio intermedio. El SUM se proyecta hacia la esquina, mientras que el sector de apoyo se estructura mediante una circulaci\u00f3n central que vincula sanitarios, cocina y los futuros talleres.<\/p>\n\n\n\n<p class=\"wp-block-paragraph\">La construcci\u00f3n contempla un sistema en seco, con estructura principal met\u00e1lica y paneles aislantes para cerramientos y cubiertas. Las carpinter\u00edas exteriores ser\u00e1n de aluminio anodizado y contar\u00e1n con vidrios laminados de seguridad.<\/p>\n\n\n\n<p class=\"wp-block-paragraph\">Tambi\u00e9n se prev\u00e9 un sistema propio de reserva y abastecimiento de agua compuesto por tres tanques de 2.000 litros. Debido a que Anguil no dispone de red cloacal, los desag\u00fces se resolver\u00e1n mediante biodigestor y lecho nitrificante.<\/p>\n\n\n\n<p class=\"wp-block-paragraph\">El edificio contar\u00e1, adem\u00e1s, con las correspondientes instalaciones el\u00e9ctricas y de corrientes d\u00e9biles, junto con un sistema de climatizaci\u00f3n mediante calefacci\u00f3n por inyecci\u00f3n de aire.<\/p>\n\n\n\n<div style=\"height:100px\" aria-hidden=\"true\" class=\"wp-block-spacer\"><\/div>\n\n\n\n<p class=\"wp-block-paragraph\"><strong>Presencia, planificaci\u00f3n y eficiencia<\/strong><\/p>\n\n\n\n<p class=\"wp-block-paragraph\">La licitaci\u00f3n del SUM de Anguil forma parte de una pol\u00edtica provincial que entiende a la infraestructura como una herramienta para garantizar equidad territorial, desarrollo y calidad de vida, independientemente de la cantidad de habitantes o de la ubicaci\u00f3n geogr\u00e1fica de cada localidad.<\/p>\n\n\n\n<p class=\"wp-block-paragraph\">\u201cCuando hablamos de un Estado atento hablamos precisamente de esto: escuchar una necesidad, elaborar un proyecto, asignar los recursos y llevarlo adelante. Y para poder hacerlo necesitamos un Estado eficiente, que planifique y cuide cada peso de los pampeanos. Esa responsabilidad nos permite hoy continuar licitando obras y sostener una pol\u00edtica de infraestructura en toda La Pampa\u201d, concluy\u00f3 Pascual Fern\u00e1ndez.<\/p>\n\n\n\n<p class=\"wp-block-paragraph\">Con esta licitaci\u00f3n, el Gobierno provincial da un nuevo paso para que Anguil cuente con un espacio destinado al encuentro, la capacitaci\u00f3n y las actividades comunitarias, fortaleciendo a sus instituciones y generando infraestructura que quedar\u00e1 como patrimonio de toda la comunidad.<\/p>\n\n\n\n<div style=\"height:100px\" aria-hidden=\"true\" class=\"wp-block-spacer\"><\/div>\n\n\n\n<p class=\"wp-block-paragraph\"><strong>Seis empresas presentaron ofertas para ejecutar la obra<\/strong><\/p>\n\n\n\n<p class=\"wp-block-paragraph\">La Licitaci\u00f3n P\u00fablica N\u00b0 02\/26 para la construcci\u00f3n del nuevo Sal\u00f3n de Usos M\u00faltiples de Anguil cont\u00f3 con la participaci\u00f3n de seis empresas, que presentaron sus respectivas propuestas econ\u00f3micas para ejecutar la infraestructura.<\/p>\n\n\n\n<p class=\"wp-block-paragraph\">Las empresas oferentes fueron IACO Construcciones S.A., Fern\u00e1ndez Jos\u00e9 Rub\u00e9n, ILKA Construcciones SRL, ECOP Construcciones SRL, BK Construcciones y Canalis Antonella. Del total de propuestas presentadas, dos se ubicaron por debajo del presupuesto oficial.<\/p>\n\n\n\n<p class=\"wp-block-paragraph\">A partir de la apertura de sobres se inicia la instancia administrativa de evaluaci\u00f3n y an\u00e1lisis de las propuestas t\u00e9cnicas y econ\u00f3micas, paso previo a la adjudicaci\u00f3n y posterior firma del contrato para dar comienzo a la ejecuci\u00f3n de la obra.<\/p>\n\n\n\n<p class=\"wp-block-paragraph\">La construcci\u00f3n del nuevo SUM representa una nueva inversi\u00f3n del Gobierno de La Pampa destinada a ampliar la infraestructura comunitaria de Anguil y generar un espacio propio para el encuentro y el desarrollo de actividades sociales, culturales, educativas y recreativas, fortaleciendo la vida institucional y comunitaria de la localidad.<\/p>\n\n\n\n<p class=\"wp-block-paragraph\"><\/p>\n","protected":false},"excerpt":{"rendered":"<p>En el Ministerio de Obras y Servicios P\u00fablicos se llev\u00f3 a cabo el viernes pasado la apertura de ofertas correspondiente a la primera etapa del nuevo Sal\u00f3n de Usos M\u00faltiples&hellip;<\/p>\n","protected":false},"author":3,"featured_media":235270,"comment_status":"closed","ping_status":"open","sticky":false,"template":"","format":"standard","meta":{"_acf_changed":false,"footnotes":""},"categories":[1,12],"tags":[],"class_list":["post-334276","post","type-post","status-publish","format-standard","has-post-thumbnail","hentry","category-es-noticia","category-sociedad"],"acf":[],"yoast_head":"<!-- This site is optimized with the Yoast SEO plugin v28.3 - https:\/\/yoast.com\/product\/yoast-seo-wordpress\/ -->\n<title>El Gobierno provincial licit\u00f3 el SUM para Anguil - Diario Textual<\/title>\n<meta name=\"robots\" content=\"index, follow, max-snippet:-1, max-image-preview:large, max-video-preview:-1\" \/>\n<link rel=\"canonical\" href=\"https:\/\/diariotextual.com\/inicio\/index.php\/2026\/09\/01\/el-gobierno-provincial-licito-el-sum-para-anguil\/\" \/>\n<meta property=\"og:locale\" content=\"es_ES\" \/>\n<meta property=\"og:type\" content=\"article\" \/>\n<meta property=\"og:title\" content=\"El Gobierno provincial licit\u00f3 el SUM para Anguil - Diario Textual\" \/>\n<meta property=\"og:description\" content=\"En el Ministerio de Obras y Servicios P\u00fablicos se llev\u00f3 a cabo el viernes pasado la apertura de ofertas correspondiente a la primera etapa del nuevo Sal\u00f3n de Usos M\u00faltiples&hellip;\" \/>\n<meta property=\"og:url\" content=\"https:\/\/diariotextual.com\/inicio\/index.php\/2026\/09\/01\/el-gobierno-provincial-licito-el-sum-para-anguil\/\" \/>\n<meta property=\"og:site_name\" content=\"Diario Textual\" \/>\n<meta property=\"article:publisher\" content=\"https:\/\/www.facebook.com\/eltextual\" \/>\n<meta property=\"article:published_time\" content=\"2026-09-01T16:22:36+00:00\" \/>\n<meta property=\"article:modified_time\" content=\"2026-09-01T16:22:37+00:00\" \/>\n<meta property=\"og:image\" content=\"https:\/\/diariotextual.com\/inicio\/wp-content\/uploads\/2023\/08\/anguilacceso53462435.jpg\" \/>\n\t<meta property=\"og:image:width\" content=\"1100\" \/>\n\t<meta property=\"og:image:height\" content=\"823\" \/>\n\t<meta property=\"og:image:type\" content=\"image\/jpeg\" \/>\n<meta name=\"author\" content=\"Diario1 Diario1\" \/>\n<meta name=\"twitter:card\" content=\"summary_large_image\" \/>\n<meta name=\"twitter:creator\" content=\"@eltextual\" \/>\n<meta name=\"twitter:site\" content=\"@eltextual\" \/>\n<meta name=\"twitter:label1\" content=\"Escrito por\" \/>\n\t<meta name=\"twitter:data1\" content=\"Diario1 Diario1\" \/>\n\t<meta name=\"twitter:label2\" content=\"Tiempo de lectura\" \/>\n\t<meta name=\"twitter:data2\" content=\"6 minutos\" \/>\n<script type=\"application\/ld+json\" class=\"yoast-schema-graph\">{\"@context\":\"https:\\\/\\\/schema.org\",\"@graph\":[{\"@type\":\"Article\",\"@id\":\"https:\\\/\\\/diariotextual.com\\\/inicio\\\/index.php\\\/2026\\\/09\\\/01\\\/el-gobierno-provincial-licito-el-sum-para-anguil\\\/#article\",\"isPartOf\":{\"@id\":\"https:\\\/\\\/diariotextual.com\\\/inicio\\\/index.php\\\/2026\\\/09\\\/01\\\/el-gobierno-provincial-licito-el-sum-para-anguil\\\/\"},\"author\":{\"name\":\"Diario1 Diario1\",\"@id\":\"https:\\\/\\\/diariotextual.com\\\/inicio\\\/#\\\/schema\\\/person\\\/418fc4093c33e86ed41562db3508f958\"},\"headline\":\"El Gobierno provincial licit\u00f3 el SUM para Anguil\",\"datePublished\":\"2026-09-01T16:22:36+00:00\",\"dateModified\":\"2026-09-01T16:22:37+00:00\",\"mainEntityOfPage\":{\"@id\":\"https:\\\/\\\/diariotextual.com\\\/inicio\\\/index.php\\\/2026\\\/09\\\/01\\\/el-gobierno-provincial-licito-el-sum-para-anguil\\\/\"},\"wordCount\":1178,\"publisher\":{\"@id\":\"https:\\\/\\\/diariotextual.com\\\/inicio\\\/#organization\"},\"image\":{\"@id\":\"https:\\\/\\\/diariotextual.com\\\/inicio\\\/index.php\\\/2026\\\/09\\\/01\\\/el-gobierno-provincial-licito-el-sum-para-anguil\\\/#primaryimage\"},\"thumbnailUrl\":\"https:\\\/\\\/diariotextual.com\\\/inicio\\\/wp-content\\\/uploads\\\/2023\\\/08\\\/anguilacceso53462435.jpg\",\"articleSection\":[\"A - ES NOTICIA (van abajo)\",\"SOCIEDAD\"],\"inLanguage\":\"es\"},{\"@type\":\"WebPage\",\"@id\":\"https:\\\/\\\/diariotextual.com\\\/inicio\\\/index.php\\\/2026\\\/09\\\/01\\\/el-gobierno-provincial-licito-el-sum-para-anguil\\\/\",\"url\":\"https:\\\/\\\/diariotextual.com\\\/inicio\\\/index.php\\\/2026\\\/09\\\/01\\\/el-gobierno-provincial-licito-el-sum-para-anguil\\\/\",\"name\":\"El Gobierno provincial licit\u00f3 el SUM para Anguil - Diario Textual\",\"isPartOf\":{\"@id\":\"https:\\\/\\\/diariotextual.com\\\/inicio\\\/#website\"},\"primaryImageOfPage\":{\"@id\":\"https:\\\/\\\/diariotextual.com\\\/inicio\\\/index.php\\\/2026\\\/09\\\/01\\\/el-gobierno-provincial-licito-el-sum-para-anguil\\\/#primaryimage\"},\"image\":{\"@id\":\"https:\\\/\\\/diariotextual.com\\\/inicio\\\/index.php\\\/2026\\\/09\\\/01\\\/el-gobierno-provincial-licito-el-sum-para-anguil\\\/#primaryimage\"},\"thumbnailUrl\":\"https:\\\/\\\/diariotextual.com\\\/inicio\\\/wp-content\\\/uploads\\\/2023\\\/08\\\/anguilacceso53462435.jpg\",\"datePublished\":\"2026-09-01T16:22:36+00:00\",\"dateModified\":\"2026-09-01T16:22:37+00:00\",\"breadcrumb\":{\"@id\":\"https:\\\/\\\/diariotextual.com\\\/inicio\\\/index.php\\\/2026\\\/09\\\/01\\\/el-gobierno-provincial-licito-el-sum-para-anguil\\\/#breadcrumb\"},\"inLanguage\":\"es\",\"potentialAction\":[{\"@type\":\"ReadAction\",\"target\":[\"https:\\\/\\\/diariotextual.com\\\/inicio\\\/index.php\\\/2026\\\/09\\\/01\\\/el-gobierno-provincial-licito-el-sum-para-anguil\\\/\"]}]},{\"@type\":\"ImageObject\",\"inLanguage\":\"es\",\"@id\":\"https:\\\/\\\/diariotextual.com\\\/inicio\\\/index.php\\\/2026\\\/09\\\/01\\\/el-gobierno-provincial-licito-el-sum-para-anguil\\\/#primaryimage\",\"url\":\"https:\\\/\\\/diariotextual.com\\\/inicio\\\/wp-content\\\/uploads\\\/2023\\\/08\\\/anguilacceso53462435.jpg\",\"contentUrl\":\"https:\\\/\\\/diariotextual.com\\\/inicio\\\/wp-content\\\/uploads\\\/2023\\\/08\\\/anguilacceso53462435.jpg\",\"width\":1100,\"height\":823},{\"@type\":\"BreadcrumbList\",\"@id\":\"https:\\\/\\\/diariotextual.com\\\/inicio\\\/index.php\\\/2026\\\/09\\\/01\\\/el-gobierno-provincial-licito-el-sum-para-anguil\\\/#breadcrumb\",\"itemListElement\":[{\"@type\":\"ListItem\",\"position\":1,\"name\":\"Portada\",\"item\":\"https:\\\/\\\/diariotextual.com\\\/inicio\\\/\"},{\"@type\":\"ListItem\",\"position\":2,\"name\":\"El Gobierno provincial licit\u00f3 el SUM para Anguil\"}]},{\"@type\":\"WebSite\",\"@id\":\"https:\\\/\\\/diariotextual.com\\\/inicio\\\/#website\",\"url\":\"https:\\\/\\\/diariotextual.com\\\/inicio\\\/\",\"name\":\"Diario Textual\",\"description\":\"\",\"publisher\":{\"@id\":\"https:\\\/\\\/diariotextual.com\\\/inicio\\\/#organization\"},\"potentialAction\":[{\"@type\":\"SearchAction\",\"target\":{\"@type\":\"EntryPoint\",\"urlTemplate\":\"https:\\\/\\\/diariotextual.com\\\/inicio\\\/?s={search_term_string}\"},\"query-input\":{\"@type\":\"PropertyValueSpecification\",\"valueRequired\":true,\"valueName\":\"search_term_string\"}}],\"inLanguage\":\"es\"},{\"@type\":\"Organization\",\"@id\":\"https:\\\/\\\/diariotextual.com\\\/inicio\\\/#organization\",\"name\":\"Diario Textual\",\"url\":\"https:\\\/\\\/diariotextual.com\\\/inicio\\\/\",\"logo\":{\"@type\":\"ImageObject\",\"inLanguage\":\"es\",\"@id\":\"https:\\\/\\\/diariotextual.com\\\/inicio\\\/#\\\/schema\\\/logo\\\/image\\\/\",\"url\":\"https:\\\/\\\/diariotextual.com\\\/inicio\\\/wp-content\\\/uploads\\\/2023\\\/05\\\/logotextual1.jpg\",\"contentUrl\":\"https:\\\/\\\/diariotextual.com\\\/inicio\\\/wp-content\\\/uploads\\\/2023\\\/05\\\/logotextual1.jpg\",\"width\":516,\"height\":76,\"caption\":\"Diario Textual\"},\"image\":{\"@id\":\"https:\\\/\\\/diariotextual.com\\\/inicio\\\/#\\\/schema\\\/logo\\\/image\\\/\"},\"sameAs\":[\"https:\\\/\\\/www.facebook.com\\\/eltextual\",\"https:\\\/\\\/x.com\\\/eltextual\",\"http:\\\/\\\/www.instagram.com\\\/eltextual\"]},{\"@type\":\"Person\",\"@id\":\"https:\\\/\\\/diariotextual.com\\\/inicio\\\/#\\\/schema\\\/person\\\/418fc4093c33e86ed41562db3508f958\",\"name\":\"Diario1 Diario1\",\"image\":{\"@type\":\"ImageObject\",\"inLanguage\":\"es\",\"@id\":\"https:\\\/\\\/secure.gravatar.com\\\/avatar\\\/9167d280179c85bc18be67aa7eda765854300033af4896dd779b608640f2ef7a?s=96&d=mm&r=g\",\"url\":\"https:\\\/\\\/secure.gravatar.com\\\/avatar\\\/9167d280179c85bc18be67aa7eda765854300033af4896dd779b608640f2ef7a?s=96&d=mm&r=g\",\"contentUrl\":\"https:\\\/\\\/secure.gravatar.com\\\/avatar\\\/9167d280179c85bc18be67aa7eda765854300033af4896dd779b608640f2ef7a?s=96&d=mm&r=g\",\"caption\":\"Diario1 Diario1\"},\"url\":\"https:\\\/\\\/diariotextual.com\\\/inicio\\\/index.php\\\/author\\\/diario1\\\/\"}]}<\/script>\n<!-- \/ Yoast SEO plugin. -->","yoast_head_json":{"title":"El Gobierno provincial licit\u00f3 el SUM para Anguil - Diario Textual","robots":{"index":"index","follow":"follow","max-snippet":"max-snippet:-1","max-image-preview":"max-image-preview:large","max-video-preview":"max-video-preview:-1"},"canonical":"https:\/\/diariotextual.com\/inicio\/index.php\/2026\/09\/01\/el-gobierno-provincial-licito-el-sum-para-anguil\/","og_locale":"es_ES","og_type":"article","og_title":"El Gobierno provincial licit\u00f3 el SUM para Anguil - Diario Textual","og_description":"En el Ministerio de Obras y Servicios P\u00fablicos se llev\u00f3 a cabo el viernes pasado la apertura de ofertas correspondiente a la primera etapa del nuevo Sal\u00f3n de Usos M\u00faltiples&hellip;","og_url":"https:\/\/diariotextual.com\/inicio\/index.php\/2026\/09\/01\/el-gobierno-provincial-licito-el-sum-para-anguil\/","og_site_name":"Diario Textual","article_publisher":"https:\/\/www.facebook.com\/eltextual","article_published_time":"2026-09-01T16:22:36+00:00","article_modified_time":"2026-09-01T16:22:37+00:00","og_image":[{"width":1100,"height":823,"url":"https:\/\/diariotextual.com\/inicio\/wp-content\/uploads\/2023\/08\/anguilacceso53462435.jpg","type":"image\/jpeg"}],"author":"Diario1 Diario1","twitter_card":"summary_large_image","twitter_creator":"@eltextual","twitter_site":"@eltextual","twitter_misc":{"Escrito por":"Diario1 Diario1","Tiempo de lectura":"6 minutos"},"schema":{"@context":"https:\/\/schema.org","@graph":[{"@type":"Article","@id":"https:\/\/diariotextual.com\/inicio\/index.php\/2026\/09\/01\/el-gobierno-provincial-licito-el-sum-para-anguil\/#article","isPartOf":{"@id":"https:\/\/diariotextual.com\/inicio\/index.php\/2026\/09\/01\/el-gobierno-provincial-licito-el-sum-para-anguil\/"},"author":{"name":"Diario1 Diario1","@id":"https:\/\/diariotextual.com\/inicio\/#\/schema\/person\/418fc4093c33e86ed41562db3508f958"},"headline":"El Gobierno provincial licit\u00f3 el SUM para Anguil","datePublished":"2026-09-01T16:22:36+00:00","dateModified":"2026-09-01T16:22:37+00:00","mainEntityOfPage":{"@id":"https:\/\/diariotextual.com\/inicio\/index.php\/2026\/09\/01\/el-gobierno-provincial-licito-el-sum-para-anguil\/"},"wordCount":1178,"publisher":{"@id":"https:\/\/diariotextual.com\/inicio\/#organization"},"image":{"@id":"https:\/\/diariotextual.com\/inicio\/index.php\/2026\/09\/01\/el-gobierno-provincial-licito-el-sum-para-anguil\/#primaryimage"},"thumbnailUrl":"https:\/\/diariotextual.com\/inicio\/wp-content\/uploads\/2023\/08\/anguilacceso53462435.jpg","articleSection":["A - ES NOTICIA (van abajo)","SOCIEDAD"],"inLanguage":"es"},{"@type":"WebPage","@id":"https:\/\/diariotextual.com\/inicio\/index.php\/2026\/09\/01\/el-gobierno-provincial-licito-el-sum-para-anguil\/","url":"https:\/\/diariotextual.com\/inicio\/index.php\/2026\/09\/01\/el-gobierno-provincial-licito-el-sum-para-anguil\/","name":"El Gobierno provincial licit\u00f3 el SUM para Anguil - Diario Textual","isPartOf":{"@id":"https:\/\/diariotextual.com\/inicio\/#website"},"primaryImageOfPage":{"@id":"https:\/\/diariotextual.com\/inicio\/index.php\/2026\/09\/01\/el-gobierno-provincial-licito-el-sum-para-anguil\/#primaryimage"},"image":{"@id":"https:\/\/diariotextual.com\/inicio\/index.php\/2026\/09\/01\/el-gobierno-provincial-licito-el-sum-para-anguil\/#primaryimage"},"thumbnailUrl":"https:\/\/diariotextual.com\/inicio\/wp-content\/uploads\/2023\/08\/anguilacceso53462435.jpg","datePublished":"2026-09-01T16:22:36+00:00","dateModified":"2026-09-01T16:22:37+00:00","breadcrumb":{"@id":"https:\/\/diariotextual.com\/inicio\/index.php\/2026\/09\/01\/el-gobierno-provincial-licito-el-sum-para-anguil\/#breadcrumb"},"inLanguage":"es","potentialAction":[{"@type":"ReadAction","target":["https:\/\/diariotextual.com\/inicio\/index.php\/2026\/09\/01\/el-gobierno-provincial-licito-el-sum-para-anguil\/"]}]},{"@type":"ImageObject","inLanguage":"es","@id":"https:\/\/diariotextual.com\/inicio\/index.php\/2026\/09\/01\/el-gobierno-provincial-licito-el-sum-para-anguil\/#primaryimage","url":"https:\/\/diariotextual.com\/inicio\/wp-content\/uploads\/2023\/08\/anguilacceso53462435.jpg","contentUrl":"https:\/\/diariotextual.com\/inicio\/wp-content\/uploads\/2023\/08\/anguilacceso53462435.jpg","width":1100,"height":823},{"@type":"BreadcrumbList","@id":"https:\/\/diariotextual.com\/inicio\/index.php\/2026\/09\/01\/el-gobierno-provincial-licito-el-sum-para-anguil\/#breadcrumb","itemListElement":[{"@type":"ListItem","position":1,"name":"Portada","item":"https:\/\/diariotextual.com\/inicio\/"},{"@type":"ListItem","position":2,"name":"El Gobierno provincial licit\u00f3 el SUM para Anguil"}]},{"@type":"WebSite","@id":"https:\/\/diariotextual.com\/inicio\/#website","url":"https:\/\/diariotextual.com\/inicio\/","name":"Diario Textual","description":"","publisher":{"@id":"https:\/\/diariotextual.com\/inicio\/#organization"},"potentialAction":[{"@type":"SearchAction","target":{"@type":"EntryPoint","urlTemplate":"https:\/\/diariotextual.com\/inicio\/?s={search_term_string}"},"query-input":{"@type":"PropertyValueSpecification","valueRequired":true,"valueName":"search_term_string"}}],"inLanguage":"es"},{"@type":"Organization","@id":"https:\/\/diariotextual.com\/inicio\/#organization","name":"Diario Textual","url":"https:\/\/diariotextual.com\/inicio\/","logo":{"@type":"ImageObject","inLanguage":"es","@id":"https:\/\/diariotextual.com\/inicio\/#\/schema\/logo\/image\/","url":"https:\/\/diariotextual.com\/inicio\/wp-content\/uploads\/2023\/05\/logotextual1.jpg","contentUrl":"https:\/\/diariotextual.com\/inicio\/wp-content\/uploads\/2023\/05\/logotextual1.jpg","width":516,"height":76,"caption":"Diario Textual"},"image":{"@id":"https:\/\/diariotextual.com\/inicio\/#\/schema\/logo\/image\/"},"sameAs":["https:\/\/www.facebook.com\/eltextual","https:\/\/x.com\/eltextual","http:\/\/www.instagram.com\/eltextual"]},{"@type":"Person","@id":"https:\/\/diariotextual.com\/inicio\/#\/schema\/person\/418fc4093c33e86ed41562db3508f958","name":"Diario1 Diario1","image":{"@type":"ImageObject","inLanguage":"es","@id":"https:\/\/secure.gravatar.com\/avatar\/9167d280179c85bc18be67aa7eda765854300033af4896dd779b608640f2ef7a?s=96&d=mm&r=g","url":"https:\/\/secure.gravatar.com\/avatar\/9167d280179c85bc18be67aa7eda765854300033af4896dd779b608640f2ef7a?s=96&d=mm&r=g","contentUrl":"https:\/\/secure.gravatar.com\/avatar\/9167d280179c85bc18be67aa7eda765854300033af4896dd779b608640f2ef7a?s=96&d=mm&r=g","caption":"Diario1 Diario1"},"url":"https:\/\/diariotextual.com\/inicio\/index.php\/author\/diario1\/"}]}},"_links":{"self":[{"href":"https:\/\/diariotextual.com\/inicio\/index.php\/wp-json\/wp\/v2\/posts\/334276","targetHints":{"allow":["GET"]}}],"collection":[{"href":"https:\/\/diariotextual.com\/inicio\/index.php\/wp-json\/wp\/v2\/posts"}],"about":[{"href":"https:\/\/diariotextual.com\/inicio\/index.php\/wp-json\/wp\/v2\/types\/post"}],"author":[{"embeddable":true,"href":"https:\/\/diariotextual.com\/inicio\/index.php\/wp-json\/wp\/v2\/users\/3"}],"replies":[{"embeddable":true,"href":"https:\/\/diariotextual.com\/inicio\/index.php\/wp-json\/wp\/v2\/comments?post=334276"}],"version-history":[{"count":2,"href":"https:\/\/diariotextual.com\/inicio\/index.php\/wp-json\/wp\/v2\/posts\/334276\/revisions"}],"predecessor-version":[{"id":334278,"href":"https:\/\/diariotextual.com\/inicio\/index.php\/wp-json\/wp\/v2\/posts\/334276\/revisions\/334278"}],"wp:featuredmedia":[{"embeddable":true,"href":"https:\/\/diariotextual.com\/inicio\/index.php\/wp-json\/wp\/v2\/media\/235270"}],"wp:attachment":[{"href":"https:\/\/diariotextual.com\/inicio\/index.php\/wp-json\/wp\/v2\/media?parent=334276"}],"wp:term":[{"taxonomy":"category","embeddable":true,"href":"https:\/\/diariotextual.com\/inicio\/index.php\/wp-json\/wp\/v2\/categories?post=334276"},{"taxonomy":"post_tag","embeddable":true,"href":"https:\/\/diariotextual.com\/inicio\/index.php\/wp-json\/wp\/v2\/tags?post=334276"}],"curies":[{"name":"wp","href":"https:\/\/api.w.org\/{rel}","templated":true}]}}