{"id":334288,"date":"2026-09-01T16:37:56","date_gmt":"2026-09-01T19:37:56","guid":{"rendered":"https:\/\/diariotextual.com\/inicio\/?p=334288"},"modified":"2026-09-01T16:38:22","modified_gmt":"2026-09-01T19:38:22","slug":"milei-hara-una-cadena-nacional-este-jueves-por-las-islas-malvinas","status":"publish","type":"post","link":"https:\/\/diariotextual.com\/inicio\/index.php\/2026\/09\/01\/milei-hara-una-cadena-nacional-este-jueves-por-las-islas-malvinas\/","title":{"rendered":"Milei har\u00e1 una cadena nacional este jueves por las Islas Malvinas"},"content":{"rendered":"\n<p class=\"wp-block-paragraph\">El presidente <strong>Javier Milei<\/strong> brindar\u00e1 una <strong>cadena nacional<\/strong> el pr\u00f3ximo jueves a las 21 para hablar de las <strong>islas Malvinas<\/strong>, luego de que el <strong>presidente de Estados Unidos, Donald Trump<\/strong>, adelantara que analizan abandonar la hist\u00f3rica neutralidad de Washington en el conflicto por el archipi\u00e9lago. El anuncio fue oficializado este martes por la Casa Rosada luego de la reuni\u00f3n de Gabinete.<\/p>\n\n\n\n<p class=\"wp-block-paragraph\">\u201cEl ministro de Relaciones Exteriores, <strong>Pablo Quirno<\/strong>, hizo un an\u00e1lisis sobre los <strong>avances diplom\u00e1ticos que lleva adelante la Canciller\u00eda en defensa de la soberan\u00eda de las islas Malvinas<\/strong>. En este marco, se determin\u00f3 que el jueves por la noche el Presidente realizar\u00e1 una cadena nacional donde brindar\u00e1 mayores detalles a la poblaci\u00f3n sobre este tema\u201d, sostuvieron desde el Gobierno nacional.<\/p>\n\n\n\n<p class=\"wp-block-paragraph\">La fecha y hora fueron confirmadas por el vocero presidencial, <strong>Adri\u00e1n Ravier<\/strong>. El portavoz asegur\u00f3 que el Presidente <strong>\u201cest\u00e1 trabajando en el discurso junto con el canciller Pablo Quirno y la SIDE\u201d<\/strong>.<\/p>\n\n\n\n<p class=\"wp-block-paragraph\">Antes de la reuni\u00f3n de Gabinete, Milei hab\u00eda adelantado que iban a tratar el tema Malvinas en la mesa chica y consider\u00f3 que las declaraciones de Trump pueden ser un <strong>\u201checho hist\u00f3rico\u201d<\/strong> para la Argentina. En el encuentro, adem\u00e1s, repas\u00f3 los \u201clogros\u201d del plan econ\u00f3mico y las pol\u00edticas llevadas adelante por los diferentes ministerios.<\/p>\n\n\n\n<p class=\"wp-block-paragraph\">\u201cDurante el encuentro, el jefe de Estado analiz\u00f3 la evoluci\u00f3n de los indicadores que dan cuenta del mercado laboral, la baja de la tasa de inflaci\u00f3n y el proceso de crecimiento de la econom\u00eda. En este punto, se tom\u00f3 como referencia el art\u00edculo publicado el \u00faltimo fin de semana por el ministro de Desregulaci\u00f3n y Transformaci\u00f3n del Estado, <strong>Federico Sturzenegger<\/strong>, quien busc\u00f3 contrastar los resultados de la gesti\u00f3n frente a la informaci\u00f3n que publican los medios de comunicaci\u00f3n\u201d, a\u00f1adieron desde Casa Rosada.<\/p>\n\n\n\n<p class=\"wp-block-paragraph\">Este lunes, <strong>Donald Trump no ratific\u00f3 el hist\u00f3rico apoyo a Reino Unido, pero tampoco cambi\u00f3 de parecer y respald\u00f3 a Argentina<\/strong>. Consultado sobre la posibilidad de que Washington retire su respaldo a la soberan\u00eda brit\u00e1nica sobre las islas, Trump respondi\u00f3 que podr\u00eda cambiar.<\/p>\n\n\n\n<p class=\"wp-block-paragraph\"><strong>\u201cSiempre reviso todas las posiciones, esa es apenas una entre muchas\u201d, dijo.<\/strong> Nuevamente, frente a los rumores, se mostr\u00f3 ambiguo.<\/p>\n\n\n\n<p class=\"wp-block-paragraph\">Sus declaraciones se conocieron luego de que medios brit\u00e1nicos informaran sobre una posible medida de presi\u00f3n de Washington para que el Reino Unido incremente su gasto en defensa. Seg\u00fan el diario londinense <em>The Telegraph<\/em>, esta propuesta figura entre la <strong>lista de medidas que est\u00e1 elaborando el Pent\u00e1gono como coacci\u00f3n para alcanzar el compromiso de gasto del 5% en la OTAN<\/strong>.<\/p>\n\n\n\n<p class=\"wp-block-paragraph\">Frente a los dichos del mandatario estadounidense, Milei se hizo eco: <strong>\u201cAyer pas\u00f3 algo muy fuerte respecto a la causa m\u00e1s importante y sagrada que tenemos los argentinos\u201d<\/strong>, dijo en declaraciones a <em>El Observador<\/em>, con Luis Majul.<\/p>\n\n\n\n<p class=\"wp-block-paragraph\">M\u00e1s all\u00e1 de lo expresado por Trump, <strong>hasta ahora nunca mostr\u00f3 un verdadero inter\u00e9s en destruir la hist\u00f3rica alianza entre Reino Unido y Estados Unidos<\/strong>, incluso en medio de sus fuertes cr\u00edticas al ex primer ministro laborista <strong>Keir Starmer<\/strong>.<\/p>\n\n\n\n<p class=\"wp-block-paragraph\">Esto no significa que el gobierno de Trump haya empezado a utilizar el hist\u00f3rico reclamo argentino de soberan\u00eda sobre Malvinas como una pieza en su negociaci\u00f3n con Londres. <strong>Hace solo unos d\u00edas, el vocero del Departamento de Estado<\/strong> hab\u00eda destacado que la posici\u00f3n norteamericana es de \u201cneutralidad\u201d y que reconoc\u00edan reclamos de ambas partes, un formato diplom\u00e1tico que siempre escondi\u00f3 el apoyo real al gobierno brit\u00e1nico.<\/p>\n\n\n\n<p class=\"wp-block-paragraph\"><strong>\u201cReconocemos que existen reclamos de soberan\u00eda contrapuestos entre la Argentina y el Reino Unido. Reconocemos la administraci\u00f3n de facto del Reino Unido sobre las islas, pero no adoptamos ninguna postura con respecto a los reclamos de soberan\u00eda de ninguna de las partes\u201d<\/strong>, sostuvo el vocero.<\/p>\n\n\n\n<p class=\"wp-block-paragraph\"><\/p>\n","protected":false},"excerpt":{"rendered":"<p>El presidente Javier Milei brindar\u00e1 una cadena nacional el pr\u00f3ximo jueves a las 21 para hablar de las islas Malvinas, luego de que el presidente de Estados Unidos, Donald Trump,&hellip;<\/p>\n","protected":false},"author":3,"featured_media":333602,"comment_status":"closed","ping_status":"open","sticky":false,"template":"","format":"standard","meta":{"_acf_changed":false,"footnotes":""},"categories":[4,8],"tags":[],"class_list":["post-334288","post","type-post","status-publish","format-standard","has-post-thumbnail","hentry","category-destacadas","category-politica"],"acf":[],"yoast_head":"<!-- This site is optimized with the Yoast SEO plugin v28.4 - https:\/\/yoast.com\/product\/yoast-seo-wordpress\/ -->\n<title>Milei har\u00e1 una cadena nacional este jueves por las Islas Malvinas - Diario Textual<\/title>\n<meta name=\"robots\" content=\"index, follow, max-snippet:-1, max-image-preview:large, max-video-preview:-1\" \/>\n<link rel=\"canonical\" href=\"https:\/\/diariotextual.com\/inicio\/index.php\/2026\/09\/01\/milei-hara-una-cadena-nacional-este-jueves-por-las-islas-malvinas\/\" \/>\n<meta property=\"og:locale\" content=\"es_ES\" \/>\n<meta property=\"og:type\" content=\"article\" \/>\n<meta property=\"og:title\" content=\"Milei har\u00e1 una cadena nacional este jueves por las Islas Malvinas - Diario Textual\" \/>\n<meta property=\"og:description\" content=\"El presidente Javier Milei brindar\u00e1 una cadena nacional el pr\u00f3ximo jueves a las 21 para hablar de las islas Malvinas, luego de que el presidente de Estados Unidos, Donald Trump,&hellip;\" \/>\n<meta property=\"og:url\" content=\"https:\/\/diariotextual.com\/inicio\/index.php\/2026\/09\/01\/milei-hara-una-cadena-nacional-este-jueves-por-las-islas-malvinas\/\" \/>\n<meta property=\"og:site_name\" content=\"Diario Textual\" \/>\n<meta property=\"article:publisher\" content=\"https:\/\/www.facebook.com\/eltextual\" \/>\n<meta property=\"article:published_time\" content=\"2026-09-01T19:37:56+00:00\" \/>\n<meta property=\"article:modified_time\" content=\"2026-09-01T19:38:22+00:00\" \/>\n<meta property=\"og:image\" content=\"https:\/\/diariotextual.com\/inicio\/wp-content\/uploads\/2026\/08\/mileijavier2026-1009.jpg\" \/>\n\t<meta property=\"og:image:width\" content=\"1599\" \/>\n\t<meta property=\"og:image:height\" content=\"1066\" \/>\n\t<meta property=\"og:image:type\" content=\"image\/jpeg\" \/>\n<meta name=\"author\" content=\"Diario1 Diario1\" \/>\n<meta name=\"twitter:card\" content=\"summary_large_image\" \/>\n<meta name=\"twitter:creator\" content=\"@eltextual\" \/>\n<meta name=\"twitter:site\" content=\"@eltextual\" \/>\n<meta name=\"twitter:label1\" content=\"Escrito por\" \/>\n\t<meta name=\"twitter:data1\" content=\"Diario1 Diario1\" \/>\n\t<meta name=\"twitter:label2\" content=\"Tiempo de lectura\" \/>\n\t<meta name=\"twitter:data2\" content=\"3 minutos\" \/>\n<script type=\"application\/ld+json\" class=\"yoast-schema-graph\">{\"@context\":\"https:\\\/\\\/schema.org\",\"@graph\":[{\"@type\":\"Article\",\"@id\":\"https:\\\/\\\/diariotextual.com\\\/inicio\\\/index.php\\\/2026\\\/09\\\/01\\\/milei-hara-una-cadena-nacional-este-jueves-por-las-islas-malvinas\\\/#article\",\"isPartOf\":{\"@id\":\"https:\\\/\\\/diariotextual.com\\\/inicio\\\/index.php\\\/2026\\\/09\\\/01\\\/milei-hara-una-cadena-nacional-este-jueves-por-las-islas-malvinas\\\/\"},\"author\":{\"name\":\"Diario1 Diario1\",\"@id\":\"https:\\\/\\\/diariotextual.com\\\/inicio\\\/#\\\/schema\\\/person\\\/418fc4093c33e86ed41562db3508f958\"},\"headline\":\"Milei har\u00e1 una cadena nacional este jueves por las Islas Malvinas\",\"datePublished\":\"2026-09-01T19:37:56+00:00\",\"dateModified\":\"2026-09-01T19:38:22+00:00\",\"mainEntityOfPage\":{\"@id\":\"https:\\\/\\\/diariotextual.com\\\/inicio\\\/index.php\\\/2026\\\/09\\\/01\\\/milei-hara-una-cadena-nacional-este-jueves-por-las-islas-malvinas\\\/\"},\"wordCount\":660,\"publisher\":{\"@id\":\"https:\\\/\\\/diariotextual.com\\\/inicio\\\/#organization\"},\"image\":{\"@id\":\"https:\\\/\\\/diariotextual.com\\\/inicio\\\/index.php\\\/2026\\\/09\\\/01\\\/milei-hara-una-cadena-nacional-este-jueves-por-las-islas-malvinas\\\/#primaryimage\"},\"thumbnailUrl\":\"https:\\\/\\\/diariotextual.com\\\/inicio\\\/wp-content\\\/uploads\\\/2026\\\/08\\\/mileijavier2026-1009.jpg\",\"articleSection\":[\"A - DESTACADAS (mod 16)\",\"POLITICA\"],\"inLanguage\":\"es\"},{\"@type\":\"WebPage\",\"@id\":\"https:\\\/\\\/diariotextual.com\\\/inicio\\\/index.php\\\/2026\\\/09\\\/01\\\/milei-hara-una-cadena-nacional-este-jueves-por-las-islas-malvinas\\\/\",\"url\":\"https:\\\/\\\/diariotextual.com\\\/inicio\\\/index.php\\\/2026\\\/09\\\/01\\\/milei-hara-una-cadena-nacional-este-jueves-por-las-islas-malvinas\\\/\",\"name\":\"Milei har\u00e1 una cadena nacional este jueves por las Islas Malvinas - Diario Textual\",\"isPartOf\":{\"@id\":\"https:\\\/\\\/diariotextual.com\\\/inicio\\\/#website\"},\"primaryImageOfPage\":{\"@id\":\"https:\\\/\\\/diariotextual.com\\\/inicio\\\/index.php\\\/2026\\\/09\\\/01\\\/milei-hara-una-cadena-nacional-este-jueves-por-las-islas-malvinas\\\/#primaryimage\"},\"image\":{\"@id\":\"https:\\\/\\\/diariotextual.com\\\/inicio\\\/index.php\\\/2026\\\/09\\\/01\\\/milei-hara-una-cadena-nacional-este-jueves-por-las-islas-malvinas\\\/#primaryimage\"},\"thumbnailUrl\":\"https:\\\/\\\/diariotextual.com\\\/inicio\\\/wp-content\\\/uploads\\\/2026\\\/08\\\/mileijavier2026-1009.jpg\",\"datePublished\":\"2026-09-01T19:37:56+00:00\",\"dateModified\":\"2026-09-01T19:38:22+00:00\",\"breadcrumb\":{\"@id\":\"https:\\\/\\\/diariotextual.com\\\/inicio\\\/index.php\\\/2026\\\/09\\\/01\\\/milei-hara-una-cadena-nacional-este-jueves-por-las-islas-malvinas\\\/#breadcrumb\"},\"inLanguage\":\"es\",\"potentialAction\":[{\"@type\":\"ReadAction\",\"target\":[\"https:\\\/\\\/diariotextual.com\\\/inicio\\\/index.php\\\/2026\\\/09\\\/01\\\/milei-hara-una-cadena-nacional-este-jueves-por-las-islas-malvinas\\\/\"]}]},{\"@type\":\"ImageObject\",\"inLanguage\":\"es\",\"@id\":\"https:\\\/\\\/diariotextual.com\\\/inicio\\\/index.php\\\/2026\\\/09\\\/01\\\/milei-hara-una-cadena-nacional-este-jueves-por-las-islas-malvinas\\\/#primaryimage\",\"url\":\"https:\\\/\\\/diariotextual.com\\\/inicio\\\/wp-content\\\/uploads\\\/2026\\\/08\\\/mileijavier2026-1009.jpg\",\"contentUrl\":\"https:\\\/\\\/diariotextual.com\\\/inicio\\\/wp-content\\\/uploads\\\/2026\\\/08\\\/mileijavier2026-1009.jpg\",\"width\":1599,\"height\":1066},{\"@type\":\"BreadcrumbList\",\"@id\":\"https:\\\/\\\/diariotextual.com\\\/inicio\\\/index.php\\\/2026\\\/09\\\/01\\\/milei-hara-una-cadena-nacional-este-jueves-por-las-islas-malvinas\\\/#breadcrumb\",\"itemListElement\":[{\"@type\":\"ListItem\",\"position\":1,\"name\":\"Portada\",\"item\":\"https:\\\/\\\/diariotextual.com\\\/inicio\\\/\"},{\"@type\":\"ListItem\",\"position\":2,\"name\":\"Milei har\u00e1 una cadena nacional este jueves por las Islas Malvinas\"}]},{\"@type\":\"WebSite\",\"@id\":\"https:\\\/\\\/diariotextual.com\\\/inicio\\\/#website\",\"url\":\"https:\\\/\\\/diariotextual.com\\\/inicio\\\/\",\"name\":\"Diario Textual\",\"description\":\"\",\"publisher\":{\"@id\":\"https:\\\/\\\/diariotextual.com\\\/inicio\\\/#organization\"},\"potentialAction\":[{\"@type\":\"SearchAction\",\"target\":{\"@type\":\"EntryPoint\",\"urlTemplate\":\"https:\\\/\\\/diariotextual.com\\\/inicio\\\/?s={search_term_string}\"},\"query-input\":{\"@type\":\"PropertyValueSpecification\",\"valueRequired\":true,\"valueName\":\"search_term_string\"}}],\"inLanguage\":\"es\"},{\"@type\":\"Organization\",\"@id\":\"https:\\\/\\\/diariotextual.com\\\/inicio\\\/#organization\",\"name\":\"Diario Textual\",\"url\":\"https:\\\/\\\/diariotextual.com\\\/inicio\\\/\",\"logo\":{\"@type\":\"ImageObject\",\"inLanguage\":\"es\",\"@id\":\"https:\\\/\\\/diariotextual.com\\\/inicio\\\/#\\\/schema\\\/logo\\\/image\\\/\",\"url\":\"https:\\\/\\\/diariotextual.com\\\/inicio\\\/wp-content\\\/uploads\\\/2023\\\/05\\\/logotextual1.jpg\",\"contentUrl\":\"https:\\\/\\\/diariotextual.com\\\/inicio\\\/wp-content\\\/uploads\\\/2023\\\/05\\\/logotextual1.jpg\",\"width\":516,\"height\":76,\"caption\":\"Diario Textual\"},\"image\":{\"@id\":\"https:\\\/\\\/diariotextual.com\\\/inicio\\\/#\\\/schema\\\/logo\\\/image\\\/\"},\"sameAs\":[\"https:\\\/\\\/www.facebook.com\\\/eltextual\",\"https:\\\/\\\/x.com\\\/eltextual\",\"http:\\\/\\\/www.instagram.com\\\/eltextual\"]},{\"@type\":\"Person\",\"@id\":\"https:\\\/\\\/diariotextual.com\\\/inicio\\\/#\\\/schema\\\/person\\\/418fc4093c33e86ed41562db3508f958\",\"name\":\"Diario1 Diario1\",\"image\":{\"@type\":\"ImageObject\",\"inLanguage\":\"es\",\"@id\":\"https:\\\/\\\/secure.gravatar.com\\\/avatar\\\/9167d280179c85bc18be67aa7eda765854300033af4896dd779b608640f2ef7a?s=96&d=mm&r=g\",\"url\":\"https:\\\/\\\/secure.gravatar.com\\\/avatar\\\/9167d280179c85bc18be67aa7eda765854300033af4896dd779b608640f2ef7a?s=96&d=mm&r=g\",\"contentUrl\":\"https:\\\/\\\/secure.gravatar.com\\\/avatar\\\/9167d280179c85bc18be67aa7eda765854300033af4896dd779b608640f2ef7a?s=96&d=mm&r=g\",\"caption\":\"Diario1 Diario1\"},\"url\":\"https:\\\/\\\/diariotextual.com\\\/inicio\\\/index.php\\\/author\\\/diario1\\\/\"}]}<\/script>\n<!-- \/ Yoast SEO plugin. -->","yoast_head_json":{"title":"Milei har\u00e1 una cadena nacional este jueves por las Islas Malvinas - Diario Textual","robots":{"index":"index","follow":"follow","max-snippet":"max-snippet:-1","max-image-preview":"max-image-preview:large","max-video-preview":"max-video-preview:-1"},"canonical":"https:\/\/diariotextual.com\/inicio\/index.php\/2026\/09\/01\/milei-hara-una-cadena-nacional-este-jueves-por-las-islas-malvinas\/","og_locale":"es_ES","og_type":"article","og_title":"Milei har\u00e1 una cadena nacional este jueves por las Islas Malvinas - Diario Textual","og_description":"El presidente Javier Milei brindar\u00e1 una cadena nacional el pr\u00f3ximo jueves a las 21 para hablar de las islas Malvinas, luego de que el presidente de Estados Unidos, Donald Trump,&hellip;","og_url":"https:\/\/diariotextual.com\/inicio\/index.php\/2026\/09\/01\/milei-hara-una-cadena-nacional-este-jueves-por-las-islas-malvinas\/","og_site_name":"Diario Textual","article_publisher":"https:\/\/www.facebook.com\/eltextual","article_published_time":"2026-09-01T19:37:56+00:00","article_modified_time":"2026-09-01T19:38:22+00:00","og_image":[{"width":1599,"height":1066,"url":"https:\/\/diariotextual.com\/inicio\/wp-content\/uploads\/2026\/08\/mileijavier2026-1009.jpg","type":"image\/jpeg"}],"author":"Diario1 Diario1","twitter_card":"summary_large_image","twitter_creator":"@eltextual","twitter_site":"@eltextual","twitter_misc":{"Escrito por":"Diario1 Diario1","Tiempo de lectura":"3 minutos"},"schema":{"@context":"https:\/\/schema.org","@graph":[{"@type":"Article","@id":"https:\/\/diariotextual.com\/inicio\/index.php\/2026\/09\/01\/milei-hara-una-cadena-nacional-este-jueves-por-las-islas-malvinas\/#article","isPartOf":{"@id":"https:\/\/diariotextual.com\/inicio\/index.php\/2026\/09\/01\/milei-hara-una-cadena-nacional-este-jueves-por-las-islas-malvinas\/"},"author":{"name":"Diario1 Diario1","@id":"https:\/\/diariotextual.com\/inicio\/#\/schema\/person\/418fc4093c33e86ed41562db3508f958"},"headline":"Milei har\u00e1 una cadena nacional este jueves por las Islas Malvinas","datePublished":"2026-09-01T19:37:56+00:00","dateModified":"2026-09-01T19:38:22+00:00","mainEntityOfPage":{"@id":"https:\/\/diariotextual.com\/inicio\/index.php\/2026\/09\/01\/milei-hara-una-cadena-nacional-este-jueves-por-las-islas-malvinas\/"},"wordCount":660,"publisher":{"@id":"https:\/\/diariotextual.com\/inicio\/#organization"},"image":{"@id":"https:\/\/diariotextual.com\/inicio\/index.php\/2026\/09\/01\/milei-hara-una-cadena-nacional-este-jueves-por-las-islas-malvinas\/#primaryimage"},"thumbnailUrl":"https:\/\/diariotextual.com\/inicio\/wp-content\/uploads\/2026\/08\/mileijavier2026-1009.jpg","articleSection":["A - DESTACADAS (mod 16)","POLITICA"],"inLanguage":"es"},{"@type":"WebPage","@id":"https:\/\/diariotextual.com\/inicio\/index.php\/2026\/09\/01\/milei-hara-una-cadena-nacional-este-jueves-por-las-islas-malvinas\/","url":"https:\/\/diariotextual.com\/inicio\/index.php\/2026\/09\/01\/milei-hara-una-cadena-nacional-este-jueves-por-las-islas-malvinas\/","name":"Milei har\u00e1 una cadena nacional este jueves por las Islas Malvinas - Diario Textual","isPartOf":{"@id":"https:\/\/diariotextual.com\/inicio\/#website"},"primaryImageOfPage":{"@id":"https:\/\/diariotextual.com\/inicio\/index.php\/2026\/09\/01\/milei-hara-una-cadena-nacional-este-jueves-por-las-islas-malvinas\/#primaryimage"},"image":{"@id":"https:\/\/diariotextual.com\/inicio\/index.php\/2026\/09\/01\/milei-hara-una-cadena-nacional-este-jueves-por-las-islas-malvinas\/#primaryimage"},"thumbnailUrl":"https:\/\/diariotextual.com\/inicio\/wp-content\/uploads\/2026\/08\/mileijavier2026-1009.jpg","datePublished":"2026-09-01T19:37:56+00:00","dateModified":"2026-09-01T19:38:22+00:00","breadcrumb":{"@id":"https:\/\/diariotextual.com\/inicio\/index.php\/2026\/09\/01\/milei-hara-una-cadena-nacional-este-jueves-por-las-islas-malvinas\/#breadcrumb"},"inLanguage":"es","potentialAction":[{"@type":"ReadAction","target":["https:\/\/diariotextual.com\/inicio\/index.php\/2026\/09\/01\/milei-hara-una-cadena-nacional-este-jueves-por-las-islas-malvinas\/"]}]},{"@type":"ImageObject","inLanguage":"es","@id":"https:\/\/diariotextual.com\/inicio\/index.php\/2026\/09\/01\/milei-hara-una-cadena-nacional-este-jueves-por-las-islas-malvinas\/#primaryimage","url":"https:\/\/diariotextual.com\/inicio\/wp-content\/uploads\/2026\/08\/mileijavier2026-1009.jpg","contentUrl":"https:\/\/diariotextual.com\/inicio\/wp-content\/uploads\/2026\/08\/mileijavier2026-1009.jpg","width":1599,"height":1066},{"@type":"BreadcrumbList","@id":"https:\/\/diariotextual.com\/inicio\/index.php\/2026\/09\/01\/milei-hara-una-cadena-nacional-este-jueves-por-las-islas-malvinas\/#breadcrumb","itemListElement":[{"@type":"ListItem","position":1,"name":"Portada","item":"https:\/\/diariotextual.com\/inicio\/"},{"@type":"ListItem","position":2,"name":"Milei har\u00e1 una cadena nacional este jueves por las Islas Malvinas"}]},{"@type":"WebSite","@id":"https:\/\/diariotextual.com\/inicio\/#website","url":"https:\/\/diariotextual.com\/inicio\/","name":"Diario Textual","description":"","publisher":{"@id":"https:\/\/diariotextual.com\/inicio\/#organization"},"potentialAction":[{"@type":"SearchAction","target":{"@type":"EntryPoint","urlTemplate":"https:\/\/diariotextual.com\/inicio\/?s={search_term_string}"},"query-input":{"@type":"PropertyValueSpecification","valueRequired":true,"valueName":"search_term_string"}}],"inLanguage":"es"},{"@type":"Organization","@id":"https:\/\/diariotextual.com\/inicio\/#organization","name":"Diario Textual","url":"https:\/\/diariotextual.com\/inicio\/","logo":{"@type":"ImageObject","inLanguage":"es","@id":"https:\/\/diariotextual.com\/inicio\/#\/schema\/logo\/image\/","url":"https:\/\/diariotextual.com\/inicio\/wp-content\/uploads\/2023\/05\/logotextual1.jpg","contentUrl":"https:\/\/diariotextual.com\/inicio\/wp-content\/uploads\/2023\/05\/logotextual1.jpg","width":516,"height":76,"caption":"Diario Textual"},"image":{"@id":"https:\/\/diariotextual.com\/inicio\/#\/schema\/logo\/image\/"},"sameAs":["https:\/\/www.facebook.com\/eltextual","https:\/\/x.com\/eltextual","http:\/\/www.instagram.com\/eltextual"]},{"@type":"Person","@id":"https:\/\/diariotextual.com\/inicio\/#\/schema\/person\/418fc4093c33e86ed41562db3508f958","name":"Diario1 Diario1","image":{"@type":"ImageObject","inLanguage":"es","@id":"https:\/\/secure.gravatar.com\/avatar\/9167d280179c85bc18be67aa7eda765854300033af4896dd779b608640f2ef7a?s=96&d=mm&r=g","url":"https:\/\/secure.gravatar.com\/avatar\/9167d280179c85bc18be67aa7eda765854300033af4896dd779b608640f2ef7a?s=96&d=mm&r=g","contentUrl":"https:\/\/secure.gravatar.com\/avatar\/9167d280179c85bc18be67aa7eda765854300033af4896dd779b608640f2ef7a?s=96&d=mm&r=g","caption":"Diario1 Diario1"},"url":"https:\/\/diariotextual.com\/inicio\/index.php\/author\/diario1\/"}]}},"_links":{"self":[{"href":"https:\/\/diariotextual.com\/inicio\/index.php\/wp-json\/wp\/v2\/posts\/334288","targetHints":{"allow":["GET"]}}],"collection":[{"href":"https:\/\/diariotextual.com\/inicio\/index.php\/wp-json\/wp\/v2\/posts"}],"about":[{"href":"https:\/\/diariotextual.com\/inicio\/index.php\/wp-json\/wp\/v2\/types\/post"}],"author":[{"embeddable":true,"href":"https:\/\/diariotextual.com\/inicio\/index.php\/wp-json\/wp\/v2\/users\/3"}],"replies":[{"embeddable":true,"href":"https:\/\/diariotextual.com\/inicio\/index.php\/wp-json\/wp\/v2\/comments?post=334288"}],"version-history":[{"count":1,"href":"https:\/\/diariotextual.com\/inicio\/index.php\/wp-json\/wp\/v2\/posts\/334288\/revisions"}],"predecessor-version":[{"id":334289,"href":"https:\/\/diariotextual.com\/inicio\/index.php\/wp-json\/wp\/v2\/posts\/334288\/revisions\/334289"}],"wp:featuredmedia":[{"embeddable":true,"href":"https:\/\/diariotextual.com\/inicio\/index.php\/wp-json\/wp\/v2\/media\/333602"}],"wp:attachment":[{"href":"https:\/\/diariotextual.com\/inicio\/index.php\/wp-json\/wp\/v2\/media?parent=334288"}],"wp:term":[{"taxonomy":"category","embeddable":true,"href":"https:\/\/diariotextual.com\/inicio\/index.php\/wp-json\/wp\/v2\/categories?post=334288"},{"taxonomy":"post_tag","embeddable":true,"href":"https:\/\/diariotextual.com\/inicio\/index.php\/wp-json\/wp\/v2\/tags?post=334288"}],"curies":[{"name":"wp","href":"https:\/\/api.w.org\/{rel}","templated":true}]}}