{"id":334290,"date":"2026-09-01T16:41:01","date_gmt":"2026-09-01T19:41:01","guid":{"rendered":"https:\/\/diariotextual.com\/inicio\/?p=334290"},"modified":"2026-09-01T16:41:03","modified_gmt":"2026-09-01T19:41:03","slug":"lassalle-junto-a-bustriazo-ortiz-en-el-memorial-cultural","status":"publish","type":"post","link":"https:\/\/diariotextual.com\/inicio\/index.php\/2026\/09\/01\/lassalle-junto-a-bustriazo-ortiz-en-el-memorial-cultural\/","title":{"rendered":"Lassalle junto a Bustriazo Ortiz en el Memorial Cultural"},"content":{"rendered":"\n<p class=\"wp-block-paragraph\">La Asociaci\u00f3n Pampeana de Escritorxs (APE) invita a la comunidad al acto de incorporaci\u00f3n de las cenizas de Ana Mar\u00eda Lassalle al pante\u00f3n \u201cMemorial Cultural\u201d del Cementerio Local (ubicado sobre calle Asunci\u00f3n del Paraguay entre Formosa y Tomas Masson) de la ciudad de Santa Rosa. El acto ser\u00e1 el pr\u00f3ximo viernes 4 de septiembre a las 11 hs y contar\u00e1 con la presencia de familiares y amigos y amigas de la poeta.<\/p>\n\n\n\n<p class=\"wp-block-paragraph\">Ana Mar\u00eda Lassalle falleci\u00f3 el 22 de abril pr\u00f3ximo pasado, hab\u00eda cumplido 90 a\u00f1os y resid\u00eda en la capital pampeana desde 1951. Referente en la cultura pampeana, mujer destacada en las letras, el periodismo y los derechos sociales, fue declarada \u201cCiudadana ilustre\u201d por el Concejo Deliberante de Santa Rosa (resoluci\u00f3n, 30\/2014). Lassalle integr\u00f3 la denominada Joven Poes\u00eda Pampeana y fue cofundadora de la Asociaci\u00f3n Pampeana de Escritorxs.<\/p>\n\n\n\n<p class=\"wp-block-paragraph\"><br>El escritor Jos\u00e9 Carlos Depetris fue el autor, siendo concejal, del proyecto de convertir el hist\u00f3rico pante\u00f3n de la familia Oharriz del Olmo (cedida por el fundador de la ciudad Tom\u00e1s Mason) en un pante\u00f3n cultural para albergar los restos de quienes gestaron la historia cultural de la ciudad. A partir de esta iniciativa y la puesta en valor del municipio, desde diciembre del 2023 el pante\u00f3n contiene la urna donde est\u00e1n los restos del poeta Juan Carlos Bustriazo Ortiz.<\/p>\n\n\n\n<p class=\"wp-block-paragraph\">El acto contar\u00e1 con la presencia de autoridades municipales, de la poeta Anamar\u00eda Mayol (hija de Ana Mar\u00eda Lassalle) y de integrantes de la Asociaci\u00f3n Pampeana de Escritorxs.<\/p>\n\n\n\n<p class=\"wp-block-paragraph\">El homenaje tendr\u00e1 el descubrimiento de placas alusivas al Pante\u00f3n Cultural creadas por la Escuela de Cer\u00e1mica Municipal y brindar\u00e1n unas palabras el intendente de la ciudad de Santa Rosa, Luciano di N\u00e1poli; Anamar\u00eda Mayol; y Silvio Tejada, presidente de APE. La ceremonia contar\u00e1 con la intervenci\u00f3n art\u00edstica de Sandra Emmi y Juani de Pian.<\/p>\n\n\n\n<p class=\"wp-block-paragraph\"><\/p>\n","protected":false},"excerpt":{"rendered":"<p>La Asociaci\u00f3n Pampeana de Escritorxs (APE) invita a la comunidad al acto de incorporaci\u00f3n de las cenizas de Ana Mar\u00eda Lassalle al pante\u00f3n \u201cMemorial Cultural\u201d del Cementerio Local (ubicado sobre&hellip;<\/p>\n","protected":false},"author":3,"featured_media":119590,"comment_status":"closed","ping_status":"open","sticky":false,"template":"","format":"standard","meta":{"_acf_changed":false,"footnotes":""},"categories":[1,2],"tags":[],"class_list":["post-334290","post","type-post","status-publish","format-standard","has-post-thumbnail","hentry","category-es-noticia","category-cultura"],"acf":[],"yoast_head":"<!-- This site is optimized with the Yoast SEO plugin v28.3 - https:\/\/yoast.com\/product\/yoast-seo-wordpress\/ -->\n<title>Lassalle junto a Bustriazo Ortiz en el Memorial Cultural - Diario Textual<\/title>\n<meta name=\"robots\" content=\"index, follow, max-snippet:-1, max-image-preview:large, max-video-preview:-1\" \/>\n<link rel=\"canonical\" href=\"https:\/\/diariotextual.com\/inicio\/index.php\/2026\/09\/01\/lassalle-junto-a-bustriazo-ortiz-en-el-memorial-cultural\/\" \/>\n<meta property=\"og:locale\" content=\"es_ES\" \/>\n<meta property=\"og:type\" content=\"article\" \/>\n<meta property=\"og:title\" content=\"Lassalle junto a Bustriazo Ortiz en el Memorial Cultural - Diario Textual\" \/>\n<meta property=\"og:description\" content=\"La Asociaci\u00f3n Pampeana de Escritorxs (APE) invita a la comunidad al acto de incorporaci\u00f3n de las cenizas de Ana Mar\u00eda Lassalle al pante\u00f3n \u201cMemorial Cultural\u201d del Cementerio Local (ubicado sobre&hellip;\" \/>\n<meta property=\"og:url\" content=\"https:\/\/diariotextual.com\/inicio\/index.php\/2026\/09\/01\/lassalle-junto-a-bustriazo-ortiz-en-el-memorial-cultural\/\" \/>\n<meta property=\"og:site_name\" content=\"Diario Textual\" \/>\n<meta property=\"article:publisher\" content=\"https:\/\/www.facebook.com\/eltextual\" \/>\n<meta property=\"article:published_time\" content=\"2026-09-01T19:41:01+00:00\" \/>\n<meta property=\"article:modified_time\" content=\"2026-09-01T19:41:03+00:00\" \/>\n<meta property=\"og:image\" content=\"https:\/\/diariotextual.com\/inicio\/wp-content\/uploads\/2020\/11\/lassalleanamaria233.jpg\" \/>\n\t<meta property=\"og:image:width\" content=\"709\" \/>\n\t<meta property=\"og:image:height\" content=\"534\" \/>\n\t<meta property=\"og:image:type\" content=\"image\/jpeg\" \/>\n<meta name=\"author\" content=\"Diario1 Diario1\" \/>\n<meta name=\"twitter:card\" content=\"summary_large_image\" \/>\n<meta name=\"twitter:creator\" content=\"@eltextual\" \/>\n<meta name=\"twitter:site\" content=\"@eltextual\" \/>\n<meta name=\"twitter:label1\" content=\"Escrito por\" \/>\n\t<meta name=\"twitter:data1\" content=\"Diario1 Diario1\" \/>\n\t<meta name=\"twitter:label2\" content=\"Tiempo de lectura\" \/>\n\t<meta name=\"twitter:data2\" content=\"2 minutos\" \/>\n<script type=\"application\/ld+json\" class=\"yoast-schema-graph\">{\"@context\":\"https:\\\/\\\/schema.org\",\"@graph\":[{\"@type\":\"Article\",\"@id\":\"https:\\\/\\\/diariotextual.com\\\/inicio\\\/index.php\\\/2026\\\/09\\\/01\\\/lassalle-junto-a-bustriazo-ortiz-en-el-memorial-cultural\\\/#article\",\"isPartOf\":{\"@id\":\"https:\\\/\\\/diariotextual.com\\\/inicio\\\/index.php\\\/2026\\\/09\\\/01\\\/lassalle-junto-a-bustriazo-ortiz-en-el-memorial-cultural\\\/\"},\"author\":{\"name\":\"Diario1 Diario1\",\"@id\":\"https:\\\/\\\/diariotextual.com\\\/inicio\\\/#\\\/schema\\\/person\\\/418fc4093c33e86ed41562db3508f958\"},\"headline\":\"Lassalle junto a Bustriazo Ortiz en el Memorial Cultural\",\"datePublished\":\"2026-09-01T19:41:01+00:00\",\"dateModified\":\"2026-09-01T19:41:03+00:00\",\"mainEntityOfPage\":{\"@id\":\"https:\\\/\\\/diariotextual.com\\\/inicio\\\/index.php\\\/2026\\\/09\\\/01\\\/lassalle-junto-a-bustriazo-ortiz-en-el-memorial-cultural\\\/\"},\"wordCount\":334,\"publisher\":{\"@id\":\"https:\\\/\\\/diariotextual.com\\\/inicio\\\/#organization\"},\"image\":{\"@id\":\"https:\\\/\\\/diariotextual.com\\\/inicio\\\/index.php\\\/2026\\\/09\\\/01\\\/lassalle-junto-a-bustriazo-ortiz-en-el-memorial-cultural\\\/#primaryimage\"},\"thumbnailUrl\":\"https:\\\/\\\/diariotextual.com\\\/inicio\\\/wp-content\\\/uploads\\\/2020\\\/11\\\/lassalleanamaria233.jpg\",\"articleSection\":[\"A - ES NOTICIA (van abajo)\",\"CULTURA\"],\"inLanguage\":\"es\"},{\"@type\":\"WebPage\",\"@id\":\"https:\\\/\\\/diariotextual.com\\\/inicio\\\/index.php\\\/2026\\\/09\\\/01\\\/lassalle-junto-a-bustriazo-ortiz-en-el-memorial-cultural\\\/\",\"url\":\"https:\\\/\\\/diariotextual.com\\\/inicio\\\/index.php\\\/2026\\\/09\\\/01\\\/lassalle-junto-a-bustriazo-ortiz-en-el-memorial-cultural\\\/\",\"name\":\"Lassalle junto a Bustriazo Ortiz en el Memorial Cultural - Diario Textual\",\"isPartOf\":{\"@id\":\"https:\\\/\\\/diariotextual.com\\\/inicio\\\/#website\"},\"primaryImageOfPage\":{\"@id\":\"https:\\\/\\\/diariotextual.com\\\/inicio\\\/index.php\\\/2026\\\/09\\\/01\\\/lassalle-junto-a-bustriazo-ortiz-en-el-memorial-cultural\\\/#primaryimage\"},\"image\":{\"@id\":\"https:\\\/\\\/diariotextual.com\\\/inicio\\\/index.php\\\/2026\\\/09\\\/01\\\/lassalle-junto-a-bustriazo-ortiz-en-el-memorial-cultural\\\/#primaryimage\"},\"thumbnailUrl\":\"https:\\\/\\\/diariotextual.com\\\/inicio\\\/wp-content\\\/uploads\\\/2020\\\/11\\\/lassalleanamaria233.jpg\",\"datePublished\":\"2026-09-01T19:41:01+00:00\",\"dateModified\":\"2026-09-01T19:41:03+00:00\",\"breadcrumb\":{\"@id\":\"https:\\\/\\\/diariotextual.com\\\/inicio\\\/index.php\\\/2026\\\/09\\\/01\\\/lassalle-junto-a-bustriazo-ortiz-en-el-memorial-cultural\\\/#breadcrumb\"},\"inLanguage\":\"es\",\"potentialAction\":[{\"@type\":\"ReadAction\",\"target\":[\"https:\\\/\\\/diariotextual.com\\\/inicio\\\/index.php\\\/2026\\\/09\\\/01\\\/lassalle-junto-a-bustriazo-ortiz-en-el-memorial-cultural\\\/\"]}]},{\"@type\":\"ImageObject\",\"inLanguage\":\"es\",\"@id\":\"https:\\\/\\\/diariotextual.com\\\/inicio\\\/index.php\\\/2026\\\/09\\\/01\\\/lassalle-junto-a-bustriazo-ortiz-en-el-memorial-cultural\\\/#primaryimage\",\"url\":\"https:\\\/\\\/diariotextual.com\\\/inicio\\\/wp-content\\\/uploads\\\/2020\\\/11\\\/lassalleanamaria233.jpg\",\"contentUrl\":\"https:\\\/\\\/diariotextual.com\\\/inicio\\\/wp-content\\\/uploads\\\/2020\\\/11\\\/lassalleanamaria233.jpg\",\"width\":709,\"height\":534},{\"@type\":\"BreadcrumbList\",\"@id\":\"https:\\\/\\\/diariotextual.com\\\/inicio\\\/index.php\\\/2026\\\/09\\\/01\\\/lassalle-junto-a-bustriazo-ortiz-en-el-memorial-cultural\\\/#breadcrumb\",\"itemListElement\":[{\"@type\":\"ListItem\",\"position\":1,\"name\":\"Portada\",\"item\":\"https:\\\/\\\/diariotextual.com\\\/inicio\\\/\"},{\"@type\":\"ListItem\",\"position\":2,\"name\":\"Lassalle junto a Bustriazo Ortiz en el Memorial Cultural\"}]},{\"@type\":\"WebSite\",\"@id\":\"https:\\\/\\\/diariotextual.com\\\/inicio\\\/#website\",\"url\":\"https:\\\/\\\/diariotextual.com\\\/inicio\\\/\",\"name\":\"Diario Textual\",\"description\":\"\",\"publisher\":{\"@id\":\"https:\\\/\\\/diariotextual.com\\\/inicio\\\/#organization\"},\"potentialAction\":[{\"@type\":\"SearchAction\",\"target\":{\"@type\":\"EntryPoint\",\"urlTemplate\":\"https:\\\/\\\/diariotextual.com\\\/inicio\\\/?s={search_term_string}\"},\"query-input\":{\"@type\":\"PropertyValueSpecification\",\"valueRequired\":true,\"valueName\":\"search_term_string\"}}],\"inLanguage\":\"es\"},{\"@type\":\"Organization\",\"@id\":\"https:\\\/\\\/diariotextual.com\\\/inicio\\\/#organization\",\"name\":\"Diario Textual\",\"url\":\"https:\\\/\\\/diariotextual.com\\\/inicio\\\/\",\"logo\":{\"@type\":\"ImageObject\",\"inLanguage\":\"es\",\"@id\":\"https:\\\/\\\/diariotextual.com\\\/inicio\\\/#\\\/schema\\\/logo\\\/image\\\/\",\"url\":\"https:\\\/\\\/diariotextual.com\\\/inicio\\\/wp-content\\\/uploads\\\/2023\\\/05\\\/logotextual1.jpg\",\"contentUrl\":\"https:\\\/\\\/diariotextual.com\\\/inicio\\\/wp-content\\\/uploads\\\/2023\\\/05\\\/logotextual1.jpg\",\"width\":516,\"height\":76,\"caption\":\"Diario Textual\"},\"image\":{\"@id\":\"https:\\\/\\\/diariotextual.com\\\/inicio\\\/#\\\/schema\\\/logo\\\/image\\\/\"},\"sameAs\":[\"https:\\\/\\\/www.facebook.com\\\/eltextual\",\"https:\\\/\\\/x.com\\\/eltextual\",\"http:\\\/\\\/www.instagram.com\\\/eltextual\"]},{\"@type\":\"Person\",\"@id\":\"https:\\\/\\\/diariotextual.com\\\/inicio\\\/#\\\/schema\\\/person\\\/418fc4093c33e86ed41562db3508f958\",\"name\":\"Diario1 Diario1\",\"image\":{\"@type\":\"ImageObject\",\"inLanguage\":\"es\",\"@id\":\"https:\\\/\\\/secure.gravatar.com\\\/avatar\\\/9167d280179c85bc18be67aa7eda765854300033af4896dd779b608640f2ef7a?s=96&d=mm&r=g\",\"url\":\"https:\\\/\\\/secure.gravatar.com\\\/avatar\\\/9167d280179c85bc18be67aa7eda765854300033af4896dd779b608640f2ef7a?s=96&d=mm&r=g\",\"contentUrl\":\"https:\\\/\\\/secure.gravatar.com\\\/avatar\\\/9167d280179c85bc18be67aa7eda765854300033af4896dd779b608640f2ef7a?s=96&d=mm&r=g\",\"caption\":\"Diario1 Diario1\"},\"url\":\"https:\\\/\\\/diariotextual.com\\\/inicio\\\/index.php\\\/author\\\/diario1\\\/\"}]}<\/script>\n<!-- \/ Yoast SEO plugin. -->","yoast_head_json":{"title":"Lassalle junto a Bustriazo Ortiz en el Memorial Cultural - Diario Textual","robots":{"index":"index","follow":"follow","max-snippet":"max-snippet:-1","max-image-preview":"max-image-preview:large","max-video-preview":"max-video-preview:-1"},"canonical":"https:\/\/diariotextual.com\/inicio\/index.php\/2026\/09\/01\/lassalle-junto-a-bustriazo-ortiz-en-el-memorial-cultural\/","og_locale":"es_ES","og_type":"article","og_title":"Lassalle junto a Bustriazo Ortiz en el Memorial Cultural - Diario Textual","og_description":"La Asociaci\u00f3n Pampeana de Escritorxs (APE) invita a la comunidad al acto de incorporaci\u00f3n de las cenizas de Ana Mar\u00eda Lassalle al pante\u00f3n \u201cMemorial Cultural\u201d del Cementerio Local (ubicado sobre&hellip;","og_url":"https:\/\/diariotextual.com\/inicio\/index.php\/2026\/09\/01\/lassalle-junto-a-bustriazo-ortiz-en-el-memorial-cultural\/","og_site_name":"Diario Textual","article_publisher":"https:\/\/www.facebook.com\/eltextual","article_published_time":"2026-09-01T19:41:01+00:00","article_modified_time":"2026-09-01T19:41:03+00:00","og_image":[{"width":709,"height":534,"url":"https:\/\/diariotextual.com\/inicio\/wp-content\/uploads\/2020\/11\/lassalleanamaria233.jpg","type":"image\/jpeg"}],"author":"Diario1 Diario1","twitter_card":"summary_large_image","twitter_creator":"@eltextual","twitter_site":"@eltextual","twitter_misc":{"Escrito por":"Diario1 Diario1","Tiempo de lectura":"2 minutos"},"schema":{"@context":"https:\/\/schema.org","@graph":[{"@type":"Article","@id":"https:\/\/diariotextual.com\/inicio\/index.php\/2026\/09\/01\/lassalle-junto-a-bustriazo-ortiz-en-el-memorial-cultural\/#article","isPartOf":{"@id":"https:\/\/diariotextual.com\/inicio\/index.php\/2026\/09\/01\/lassalle-junto-a-bustriazo-ortiz-en-el-memorial-cultural\/"},"author":{"name":"Diario1 Diario1","@id":"https:\/\/diariotextual.com\/inicio\/#\/schema\/person\/418fc4093c33e86ed41562db3508f958"},"headline":"Lassalle junto a Bustriazo Ortiz en el Memorial Cultural","datePublished":"2026-09-01T19:41:01+00:00","dateModified":"2026-09-01T19:41:03+00:00","mainEntityOfPage":{"@id":"https:\/\/diariotextual.com\/inicio\/index.php\/2026\/09\/01\/lassalle-junto-a-bustriazo-ortiz-en-el-memorial-cultural\/"},"wordCount":334,"publisher":{"@id":"https:\/\/diariotextual.com\/inicio\/#organization"},"image":{"@id":"https:\/\/diariotextual.com\/inicio\/index.php\/2026\/09\/01\/lassalle-junto-a-bustriazo-ortiz-en-el-memorial-cultural\/#primaryimage"},"thumbnailUrl":"https:\/\/diariotextual.com\/inicio\/wp-content\/uploads\/2020\/11\/lassalleanamaria233.jpg","articleSection":["A - ES NOTICIA (van abajo)","CULTURA"],"inLanguage":"es"},{"@type":"WebPage","@id":"https:\/\/diariotextual.com\/inicio\/index.php\/2026\/09\/01\/lassalle-junto-a-bustriazo-ortiz-en-el-memorial-cultural\/","url":"https:\/\/diariotextual.com\/inicio\/index.php\/2026\/09\/01\/lassalle-junto-a-bustriazo-ortiz-en-el-memorial-cultural\/","name":"Lassalle junto a Bustriazo Ortiz en el Memorial Cultural - Diario Textual","isPartOf":{"@id":"https:\/\/diariotextual.com\/inicio\/#website"},"primaryImageOfPage":{"@id":"https:\/\/diariotextual.com\/inicio\/index.php\/2026\/09\/01\/lassalle-junto-a-bustriazo-ortiz-en-el-memorial-cultural\/#primaryimage"},"image":{"@id":"https:\/\/diariotextual.com\/inicio\/index.php\/2026\/09\/01\/lassalle-junto-a-bustriazo-ortiz-en-el-memorial-cultural\/#primaryimage"},"thumbnailUrl":"https:\/\/diariotextual.com\/inicio\/wp-content\/uploads\/2020\/11\/lassalleanamaria233.jpg","datePublished":"2026-09-01T19:41:01+00:00","dateModified":"2026-09-01T19:41:03+00:00","breadcrumb":{"@id":"https:\/\/diariotextual.com\/inicio\/index.php\/2026\/09\/01\/lassalle-junto-a-bustriazo-ortiz-en-el-memorial-cultural\/#breadcrumb"},"inLanguage":"es","potentialAction":[{"@type":"ReadAction","target":["https:\/\/diariotextual.com\/inicio\/index.php\/2026\/09\/01\/lassalle-junto-a-bustriazo-ortiz-en-el-memorial-cultural\/"]}]},{"@type":"ImageObject","inLanguage":"es","@id":"https:\/\/diariotextual.com\/inicio\/index.php\/2026\/09\/01\/lassalle-junto-a-bustriazo-ortiz-en-el-memorial-cultural\/#primaryimage","url":"https:\/\/diariotextual.com\/inicio\/wp-content\/uploads\/2020\/11\/lassalleanamaria233.jpg","contentUrl":"https:\/\/diariotextual.com\/inicio\/wp-content\/uploads\/2020\/11\/lassalleanamaria233.jpg","width":709,"height":534},{"@type":"BreadcrumbList","@id":"https:\/\/diariotextual.com\/inicio\/index.php\/2026\/09\/01\/lassalle-junto-a-bustriazo-ortiz-en-el-memorial-cultural\/#breadcrumb","itemListElement":[{"@type":"ListItem","position":1,"name":"Portada","item":"https:\/\/diariotextual.com\/inicio\/"},{"@type":"ListItem","position":2,"name":"Lassalle junto a Bustriazo Ortiz en el Memorial Cultural"}]},{"@type":"WebSite","@id":"https:\/\/diariotextual.com\/inicio\/#website","url":"https:\/\/diariotextual.com\/inicio\/","name":"Diario Textual","description":"","publisher":{"@id":"https:\/\/diariotextual.com\/inicio\/#organization"},"potentialAction":[{"@type":"SearchAction","target":{"@type":"EntryPoint","urlTemplate":"https:\/\/diariotextual.com\/inicio\/?s={search_term_string}"},"query-input":{"@type":"PropertyValueSpecification","valueRequired":true,"valueName":"search_term_string"}}],"inLanguage":"es"},{"@type":"Organization","@id":"https:\/\/diariotextual.com\/inicio\/#organization","name":"Diario Textual","url":"https:\/\/diariotextual.com\/inicio\/","logo":{"@type":"ImageObject","inLanguage":"es","@id":"https:\/\/diariotextual.com\/inicio\/#\/schema\/logo\/image\/","url":"https:\/\/diariotextual.com\/inicio\/wp-content\/uploads\/2023\/05\/logotextual1.jpg","contentUrl":"https:\/\/diariotextual.com\/inicio\/wp-content\/uploads\/2023\/05\/logotextual1.jpg","width":516,"height":76,"caption":"Diario Textual"},"image":{"@id":"https:\/\/diariotextual.com\/inicio\/#\/schema\/logo\/image\/"},"sameAs":["https:\/\/www.facebook.com\/eltextual","https:\/\/x.com\/eltextual","http:\/\/www.instagram.com\/eltextual"]},{"@type":"Person","@id":"https:\/\/diariotextual.com\/inicio\/#\/schema\/person\/418fc4093c33e86ed41562db3508f958","name":"Diario1 Diario1","image":{"@type":"ImageObject","inLanguage":"es","@id":"https:\/\/secure.gravatar.com\/avatar\/9167d280179c85bc18be67aa7eda765854300033af4896dd779b608640f2ef7a?s=96&d=mm&r=g","url":"https:\/\/secure.gravatar.com\/avatar\/9167d280179c85bc18be67aa7eda765854300033af4896dd779b608640f2ef7a?s=96&d=mm&r=g","contentUrl":"https:\/\/secure.gravatar.com\/avatar\/9167d280179c85bc18be67aa7eda765854300033af4896dd779b608640f2ef7a?s=96&d=mm&r=g","caption":"Diario1 Diario1"},"url":"https:\/\/diariotextual.com\/inicio\/index.php\/author\/diario1\/"}]}},"_links":{"self":[{"href":"https:\/\/diariotextual.com\/inicio\/index.php\/wp-json\/wp\/v2\/posts\/334290","targetHints":{"allow":["GET"]}}],"collection":[{"href":"https:\/\/diariotextual.com\/inicio\/index.php\/wp-json\/wp\/v2\/posts"}],"about":[{"href":"https:\/\/diariotextual.com\/inicio\/index.php\/wp-json\/wp\/v2\/types\/post"}],"author":[{"embeddable":true,"href":"https:\/\/diariotextual.com\/inicio\/index.php\/wp-json\/wp\/v2\/users\/3"}],"replies":[{"embeddable":true,"href":"https:\/\/diariotextual.com\/inicio\/index.php\/wp-json\/wp\/v2\/comments?post=334290"}],"version-history":[{"count":1,"href":"https:\/\/diariotextual.com\/inicio\/index.php\/wp-json\/wp\/v2\/posts\/334290\/revisions"}],"predecessor-version":[{"id":334291,"href":"https:\/\/diariotextual.com\/inicio\/index.php\/wp-json\/wp\/v2\/posts\/334290\/revisions\/334291"}],"wp:featuredmedia":[{"embeddable":true,"href":"https:\/\/diariotextual.com\/inicio\/index.php\/wp-json\/wp\/v2\/media\/119590"}],"wp:attachment":[{"href":"https:\/\/diariotextual.com\/inicio\/index.php\/wp-json\/wp\/v2\/media?parent=334290"}],"wp:term":[{"taxonomy":"category","embeddable":true,"href":"https:\/\/diariotextual.com\/inicio\/index.php\/wp-json\/wp\/v2\/categories?post=334290"},{"taxonomy":"post_tag","embeddable":true,"href":"https:\/\/diariotextual.com\/inicio\/index.php\/wp-json\/wp\/v2\/tags?post=334290"}],"curies":[{"name":"wp","href":"https:\/\/api.w.org\/{rel}","templated":true}]}}