{"id":334294,"date":"2026-09-01T17:16:01","date_gmt":"2026-09-01T20:16:01","guid":{"rendered":"https:\/\/diariotextual.com\/inicio\/?p=334294"},"modified":"2026-09-01T17:16:03","modified_gmt":"2026-09-01T20:16:03","slug":"nuevo-paro-universitario-este-miercoles-tras-fracasar-la-reunion-con-nacion","status":"publish","type":"post","link":"https:\/\/diariotextual.com\/inicio\/index.php\/2026\/09\/01\/nuevo-paro-universitario-este-miercoles-tras-fracasar-la-reunion-con-nacion\/","title":{"rendered":"Nuevo paro universitario este mi\u00e9rcoles, tras fracasar la reuni\u00f3n con Naci\u00f3n"},"content":{"rendered":"\n<p class=\"wp-block-paragraph\">La reuni\u00f3n entre el <strong>Ministerio de Capital Humano<\/strong> y los representantes de los gremios docentes y no docentes de las universidades nacionales, cuyo objetivo era acordar un aumento salarial, finaliz\u00f3 sin un acuerdo y, en consecuencia, las entidades realizar\u00e1n este mi\u00e9rcoles <strong>un paro de 24 horas<\/strong>.<\/p>\n\n\n\n<p class=\"wp-block-paragraph\">A trav\u00e9s de un comunicado, la cartera dirigida por Sandra Pettovello expres\u00f3: <strong>\u201cSe present\u00f3 una propuesta de incremento salarial con una pauta del 6% para el pr\u00f3ximo bimestre\u201d<\/strong> y explic\u00f3 que \u201cel objetivo de la convocatoria apunta a la continuidad de la negociaci\u00f3n paritaria con las asociaciones sindicales del sector educativo universitario\u201d.<\/p>\n\n\n\n<p class=\"wp-block-paragraph\">En la reuni\u00f3n encabezada por el subsecretario de Pol\u00edticas Universitarias, Alejandro \u00c1lvarez, se plante\u00f3 <strong>una oferta que contempla \u201cun incremento del 3% en las remuneraciones correspondientes al mes de septiembre\u201d<\/strong> m\u00e1s \u201cla ratificaci\u00f3n de la vigencia del aumento del 3% fijado para octubre, porcentaje acordado y comprometido formalmente en las mesas de negociaci\u00f3n de junio pasado\u201d.<\/p>\n\n\n\n<p class=\"wp-block-paragraph\">\u201cDe este modo, la propuesta consolidada por el Poder Ejecutivo alcanza un incremento total del 6% para el personal docente de la actividad universitaria\u201d, detall\u00f3 el texto.<\/p>\n\n\n\n<p class=\"wp-block-paragraph\">Pese a la medida de fuerza pautada para el mi\u00e9rcoles 2 de septiembre, <strong>el Gobierno retomar\u00e1 las negociaciones el jueves 17.<\/strong><\/p>\n\n\n\n<div style=\"height:100px\" aria-hidden=\"true\" class=\"wp-block-spacer\"><\/div>\n\n\n\n<p class=\"wp-block-paragraph\"><strong>Paro universitario<\/strong><\/p>\n\n\n\n<p class=\"wp-block-paragraph\">Oscar Vallejos, secretario adjunto de CONADU Hist\u00f3rica y secretario de Formaci\u00f3n de la CTA, inform\u00f3: \u201c<strong>Como Frente Gremial Universitario vamos a un paro de 24 horas ma\u00f1ana, y el jueves 3 de septiembre nos reunimos en Bariloche <\/strong>en ocasi\u00f3n del plenario del Consejo Universitario Nacional; all\u00ed tomaremos decisiones sobre las medidas de fuerza futuras ante este Gobierno nacional que incumple constantemente, mientras intenta romper los moldes en que la universidad p\u00fablica tiene sentido para esta sociedad\u201d.<\/p>\n\n\n\n<p class=\"wp-block-paragraph\">Y marc\u00f3: \u201cEst\u00e1 claro que el Gobierno <strong>genera esta instancia paritaria a los \u00fanicos efectos de ganar tiempo en la Justicia<\/strong>, ya que tienen tres d\u00edas para informar el avance en el cumplimiento de la cautelar y no han hecho nada\u201d.<\/p>\n\n\n\n<p class=\"wp-block-paragraph\">Francisca \u201cPaquita\u201d Staiti, secretaria general de CONADU Hist\u00f3rica, manifest\u00f3: \u201cSalimos de la paritaria salarial docente universitaria y preuniversitaria que fracas\u00f3. <strong>El Gobierno trajo una propuesta de 3% de recomposici\u00f3n para septiembre, muy lejos del 31,2% que se nos est\u00e1 adeudando a julio por la cautelar de la Justicia<\/strong> que establece el cumplimiento de la Ley de Financiamiento Universitario, m\u00e1s la inflaci\u00f3n que corresponde a agosto\u201d.<\/p>\n\n\n\n<p class=\"wp-block-paragraph\">Por lo tanto, afirm\u00f3: \u201cEst\u00e1 claro que la Subsecretar\u00eda de Pol\u00edticas Universitarias no intenta moderar el conflicto, sino que lo va a profundizar cada vez m\u00e1s\u201d.<\/p>\n","protected":false},"excerpt":{"rendered":"<p>La reuni\u00f3n entre el Ministerio de Capital Humano y los representantes de los gremios docentes y no docentes de las universidades nacionales, cuyo objetivo era acordar un aumento salarial, finaliz\u00f3&hellip;<\/p>\n","protected":false},"author":5,"featured_media":273813,"comment_status":"closed","ping_status":"open","sticky":false,"template":"","format":"standard","meta":{"_acf_changed":false,"footnotes":""},"categories":[4,12],"tags":[],"class_list":["post-334294","post","type-post","status-publish","format-standard","has-post-thumbnail","hentry","category-destacadas","category-sociedad"],"acf":[],"yoast_head":"<!-- This site is optimized with the Yoast SEO plugin v28.4 - https:\/\/yoast.com\/product\/yoast-seo-wordpress\/ -->\n<title>Nuevo paro universitario este mi\u00e9rcoles, tras fracasar la reuni\u00f3n con Naci\u00f3n - Diario Textual<\/title>\n<meta name=\"robots\" content=\"index, follow, max-snippet:-1, max-image-preview:large, max-video-preview:-1\" \/>\n<link rel=\"canonical\" href=\"https:\/\/diariotextual.com\/inicio\/index.php\/2026\/09\/01\/nuevo-paro-universitario-este-miercoles-tras-fracasar-la-reunion-con-nacion\/\" \/>\n<meta property=\"og:locale\" content=\"es_ES\" \/>\n<meta property=\"og:type\" content=\"article\" \/>\n<meta property=\"og:title\" content=\"Nuevo paro universitario este mi\u00e9rcoles, tras fracasar la reuni\u00f3n con Naci\u00f3n - Diario Textual\" \/>\n<meta property=\"og:description\" content=\"La reuni\u00f3n entre el Ministerio de Capital Humano y los representantes de los gremios docentes y no docentes de las universidades nacionales, cuyo objetivo era acordar un aumento salarial, finaliz\u00f3&hellip;\" \/>\n<meta property=\"og:url\" content=\"https:\/\/diariotextual.com\/inicio\/index.php\/2026\/09\/01\/nuevo-paro-universitario-este-miercoles-tras-fracasar-la-reunion-con-nacion\/\" \/>\n<meta property=\"og:site_name\" content=\"Diario Textual\" \/>\n<meta property=\"article:publisher\" content=\"https:\/\/www.facebook.com\/eltextual\" \/>\n<meta property=\"article:published_time\" content=\"2026-09-01T20:16:01+00:00\" \/>\n<meta property=\"article:modified_time\" content=\"2026-09-01T20:16:03+00:00\" \/>\n<meta property=\"og:image\" content=\"https:\/\/diariotextual.com\/inicio\/wp-content\/uploads\/2024\/08\/conaduhistoricamarcha2024.webp\" \/>\n\t<meta property=\"og:image:width\" content=\"1238\" \/>\n\t<meta property=\"og:image:height\" content=\"720\" \/>\n\t<meta property=\"og:image:type\" content=\"image\/webp\" \/>\n<meta name=\"author\" content=\"diario3\" \/>\n<meta name=\"twitter:card\" content=\"summary_large_image\" \/>\n<meta name=\"twitter:creator\" content=\"@eltextual\" \/>\n<meta name=\"twitter:site\" content=\"@eltextual\" \/>\n<meta name=\"twitter:label1\" content=\"Escrito por\" \/>\n\t<meta name=\"twitter:data1\" content=\"diario3\" \/>\n\t<meta name=\"twitter:label2\" content=\"Tiempo de lectura\" \/>\n\t<meta name=\"twitter:data2\" content=\"3 minutos\" \/>\n<script type=\"application\/ld+json\" class=\"yoast-schema-graph\">{\"@context\":\"https:\\\/\\\/schema.org\",\"@graph\":[{\"@type\":\"Article\",\"@id\":\"https:\\\/\\\/diariotextual.com\\\/inicio\\\/index.php\\\/2026\\\/09\\\/01\\\/nuevo-paro-universitario-este-miercoles-tras-fracasar-la-reunion-con-nacion\\\/#article\",\"isPartOf\":{\"@id\":\"https:\\\/\\\/diariotextual.com\\\/inicio\\\/index.php\\\/2026\\\/09\\\/01\\\/nuevo-paro-universitario-este-miercoles-tras-fracasar-la-reunion-con-nacion\\\/\"},\"author\":{\"name\":\"diario3\",\"@id\":\"https:\\\/\\\/diariotextual.com\\\/inicio\\\/#\\\/schema\\\/person\\\/a1b6f563e0ee944c60f98119389a4d9f\"},\"headline\":\"Nuevo paro universitario este mi\u00e9rcoles, tras fracasar la reuni\u00f3n con Naci\u00f3n\",\"datePublished\":\"2026-09-01T20:16:01+00:00\",\"dateModified\":\"2026-09-01T20:16:03+00:00\",\"mainEntityOfPage\":{\"@id\":\"https:\\\/\\\/diariotextual.com\\\/inicio\\\/index.php\\\/2026\\\/09\\\/01\\\/nuevo-paro-universitario-este-miercoles-tras-fracasar-la-reunion-con-nacion\\\/\"},\"wordCount\":440,\"publisher\":{\"@id\":\"https:\\\/\\\/diariotextual.com\\\/inicio\\\/#organization\"},\"image\":{\"@id\":\"https:\\\/\\\/diariotextual.com\\\/inicio\\\/index.php\\\/2026\\\/09\\\/01\\\/nuevo-paro-universitario-este-miercoles-tras-fracasar-la-reunion-con-nacion\\\/#primaryimage\"},\"thumbnailUrl\":\"https:\\\/\\\/diariotextual.com\\\/inicio\\\/wp-content\\\/uploads\\\/2024\\\/08\\\/conaduhistoricamarcha2024.webp\",\"articleSection\":[\"A - DESTACADAS (mod 16)\",\"SOCIEDAD\"],\"inLanguage\":\"es\"},{\"@type\":\"WebPage\",\"@id\":\"https:\\\/\\\/diariotextual.com\\\/inicio\\\/index.php\\\/2026\\\/09\\\/01\\\/nuevo-paro-universitario-este-miercoles-tras-fracasar-la-reunion-con-nacion\\\/\",\"url\":\"https:\\\/\\\/diariotextual.com\\\/inicio\\\/index.php\\\/2026\\\/09\\\/01\\\/nuevo-paro-universitario-este-miercoles-tras-fracasar-la-reunion-con-nacion\\\/\",\"name\":\"Nuevo paro universitario este mi\u00e9rcoles, tras fracasar la reuni\u00f3n con Naci\u00f3n - Diario Textual\",\"isPartOf\":{\"@id\":\"https:\\\/\\\/diariotextual.com\\\/inicio\\\/#website\"},\"primaryImageOfPage\":{\"@id\":\"https:\\\/\\\/diariotextual.com\\\/inicio\\\/index.php\\\/2026\\\/09\\\/01\\\/nuevo-paro-universitario-este-miercoles-tras-fracasar-la-reunion-con-nacion\\\/#primaryimage\"},\"image\":{\"@id\":\"https:\\\/\\\/diariotextual.com\\\/inicio\\\/index.php\\\/2026\\\/09\\\/01\\\/nuevo-paro-universitario-este-miercoles-tras-fracasar-la-reunion-con-nacion\\\/#primaryimage\"},\"thumbnailUrl\":\"https:\\\/\\\/diariotextual.com\\\/inicio\\\/wp-content\\\/uploads\\\/2024\\\/08\\\/conaduhistoricamarcha2024.webp\",\"datePublished\":\"2026-09-01T20:16:01+00:00\",\"dateModified\":\"2026-09-01T20:16:03+00:00\",\"breadcrumb\":{\"@id\":\"https:\\\/\\\/diariotextual.com\\\/inicio\\\/index.php\\\/2026\\\/09\\\/01\\\/nuevo-paro-universitario-este-miercoles-tras-fracasar-la-reunion-con-nacion\\\/#breadcrumb\"},\"inLanguage\":\"es\",\"potentialAction\":[{\"@type\":\"ReadAction\",\"target\":[\"https:\\\/\\\/diariotextual.com\\\/inicio\\\/index.php\\\/2026\\\/09\\\/01\\\/nuevo-paro-universitario-este-miercoles-tras-fracasar-la-reunion-con-nacion\\\/\"]}]},{\"@type\":\"ImageObject\",\"inLanguage\":\"es\",\"@id\":\"https:\\\/\\\/diariotextual.com\\\/inicio\\\/index.php\\\/2026\\\/09\\\/01\\\/nuevo-paro-universitario-este-miercoles-tras-fracasar-la-reunion-con-nacion\\\/#primaryimage\",\"url\":\"https:\\\/\\\/diariotextual.com\\\/inicio\\\/wp-content\\\/uploads\\\/2024\\\/08\\\/conaduhistoricamarcha2024.webp\",\"contentUrl\":\"https:\\\/\\\/diariotextual.com\\\/inicio\\\/wp-content\\\/uploads\\\/2024\\\/08\\\/conaduhistoricamarcha2024.webp\",\"width\":1238,\"height\":720},{\"@type\":\"BreadcrumbList\",\"@id\":\"https:\\\/\\\/diariotextual.com\\\/inicio\\\/index.php\\\/2026\\\/09\\\/01\\\/nuevo-paro-universitario-este-miercoles-tras-fracasar-la-reunion-con-nacion\\\/#breadcrumb\",\"itemListElement\":[{\"@type\":\"ListItem\",\"position\":1,\"name\":\"Portada\",\"item\":\"https:\\\/\\\/diariotextual.com\\\/inicio\\\/\"},{\"@type\":\"ListItem\",\"position\":2,\"name\":\"Nuevo paro universitario este mi\u00e9rcoles, tras fracasar la reuni\u00f3n con Naci\u00f3n\"}]},{\"@type\":\"WebSite\",\"@id\":\"https:\\\/\\\/diariotextual.com\\\/inicio\\\/#website\",\"url\":\"https:\\\/\\\/diariotextual.com\\\/inicio\\\/\",\"name\":\"Diario Textual\",\"description\":\"\",\"publisher\":{\"@id\":\"https:\\\/\\\/diariotextual.com\\\/inicio\\\/#organization\"},\"potentialAction\":[{\"@type\":\"SearchAction\",\"target\":{\"@type\":\"EntryPoint\",\"urlTemplate\":\"https:\\\/\\\/diariotextual.com\\\/inicio\\\/?s={search_term_string}\"},\"query-input\":{\"@type\":\"PropertyValueSpecification\",\"valueRequired\":true,\"valueName\":\"search_term_string\"}}],\"inLanguage\":\"es\"},{\"@type\":\"Organization\",\"@id\":\"https:\\\/\\\/diariotextual.com\\\/inicio\\\/#organization\",\"name\":\"Diario Textual\",\"url\":\"https:\\\/\\\/diariotextual.com\\\/inicio\\\/\",\"logo\":{\"@type\":\"ImageObject\",\"inLanguage\":\"es\",\"@id\":\"https:\\\/\\\/diariotextual.com\\\/inicio\\\/#\\\/schema\\\/logo\\\/image\\\/\",\"url\":\"https:\\\/\\\/diariotextual.com\\\/inicio\\\/wp-content\\\/uploads\\\/2023\\\/05\\\/logotextual1.jpg\",\"contentUrl\":\"https:\\\/\\\/diariotextual.com\\\/inicio\\\/wp-content\\\/uploads\\\/2023\\\/05\\\/logotextual1.jpg\",\"width\":516,\"height\":76,\"caption\":\"Diario Textual\"},\"image\":{\"@id\":\"https:\\\/\\\/diariotextual.com\\\/inicio\\\/#\\\/schema\\\/logo\\\/image\\\/\"},\"sameAs\":[\"https:\\\/\\\/www.facebook.com\\\/eltextual\",\"https:\\\/\\\/x.com\\\/eltextual\",\"http:\\\/\\\/www.instagram.com\\\/eltextual\"]},{\"@type\":\"Person\",\"@id\":\"https:\\\/\\\/diariotextual.com\\\/inicio\\\/#\\\/schema\\\/person\\\/a1b6f563e0ee944c60f98119389a4d9f\",\"name\":\"diario3\",\"image\":{\"@type\":\"ImageObject\",\"inLanguage\":\"es\",\"@id\":\"https:\\\/\\\/secure.gravatar.com\\\/avatar\\\/5e7ee62c82fc04d9dd79d746a390d93c69c43223e5faeeb3ea9461ef752bfc5d?s=96&d=mm&r=g\",\"url\":\"https:\\\/\\\/secure.gravatar.com\\\/avatar\\\/5e7ee62c82fc04d9dd79d746a390d93c69c43223e5faeeb3ea9461ef752bfc5d?s=96&d=mm&r=g\",\"contentUrl\":\"https:\\\/\\\/secure.gravatar.com\\\/avatar\\\/5e7ee62c82fc04d9dd79d746a390d93c69c43223e5faeeb3ea9461ef752bfc5d?s=96&d=mm&r=g\",\"caption\":\"diario3\"},\"url\":\"https:\\\/\\\/diariotextual.com\\\/inicio\\\/index.php\\\/author\\\/diario3\\\/\"}]}<\/script>\n<!-- \/ Yoast SEO plugin. -->","yoast_head_json":{"title":"Nuevo paro universitario este mi\u00e9rcoles, tras fracasar la reuni\u00f3n con Naci\u00f3n - Diario Textual","robots":{"index":"index","follow":"follow","max-snippet":"max-snippet:-1","max-image-preview":"max-image-preview:large","max-video-preview":"max-video-preview:-1"},"canonical":"https:\/\/diariotextual.com\/inicio\/index.php\/2026\/09\/01\/nuevo-paro-universitario-este-miercoles-tras-fracasar-la-reunion-con-nacion\/","og_locale":"es_ES","og_type":"article","og_title":"Nuevo paro universitario este mi\u00e9rcoles, tras fracasar la reuni\u00f3n con Naci\u00f3n - Diario Textual","og_description":"La reuni\u00f3n entre el Ministerio de Capital Humano y los representantes de los gremios docentes y no docentes de las universidades nacionales, cuyo objetivo era acordar un aumento salarial, finaliz\u00f3&hellip;","og_url":"https:\/\/diariotextual.com\/inicio\/index.php\/2026\/09\/01\/nuevo-paro-universitario-este-miercoles-tras-fracasar-la-reunion-con-nacion\/","og_site_name":"Diario Textual","article_publisher":"https:\/\/www.facebook.com\/eltextual","article_published_time":"2026-09-01T20:16:01+00:00","article_modified_time":"2026-09-01T20:16:03+00:00","og_image":[{"width":1238,"height":720,"url":"https:\/\/diariotextual.com\/inicio\/wp-content\/uploads\/2024\/08\/conaduhistoricamarcha2024.webp","type":"image\/webp"}],"author":"diario3","twitter_card":"summary_large_image","twitter_creator":"@eltextual","twitter_site":"@eltextual","twitter_misc":{"Escrito por":"diario3","Tiempo de lectura":"3 minutos"},"schema":{"@context":"https:\/\/schema.org","@graph":[{"@type":"Article","@id":"https:\/\/diariotextual.com\/inicio\/index.php\/2026\/09\/01\/nuevo-paro-universitario-este-miercoles-tras-fracasar-la-reunion-con-nacion\/#article","isPartOf":{"@id":"https:\/\/diariotextual.com\/inicio\/index.php\/2026\/09\/01\/nuevo-paro-universitario-este-miercoles-tras-fracasar-la-reunion-con-nacion\/"},"author":{"name":"diario3","@id":"https:\/\/diariotextual.com\/inicio\/#\/schema\/person\/a1b6f563e0ee944c60f98119389a4d9f"},"headline":"Nuevo paro universitario este mi\u00e9rcoles, tras fracasar la reuni\u00f3n con Naci\u00f3n","datePublished":"2026-09-01T20:16:01+00:00","dateModified":"2026-09-01T20:16:03+00:00","mainEntityOfPage":{"@id":"https:\/\/diariotextual.com\/inicio\/index.php\/2026\/09\/01\/nuevo-paro-universitario-este-miercoles-tras-fracasar-la-reunion-con-nacion\/"},"wordCount":440,"publisher":{"@id":"https:\/\/diariotextual.com\/inicio\/#organization"},"image":{"@id":"https:\/\/diariotextual.com\/inicio\/index.php\/2026\/09\/01\/nuevo-paro-universitario-este-miercoles-tras-fracasar-la-reunion-con-nacion\/#primaryimage"},"thumbnailUrl":"https:\/\/diariotextual.com\/inicio\/wp-content\/uploads\/2024\/08\/conaduhistoricamarcha2024.webp","articleSection":["A - DESTACADAS (mod 16)","SOCIEDAD"],"inLanguage":"es"},{"@type":"WebPage","@id":"https:\/\/diariotextual.com\/inicio\/index.php\/2026\/09\/01\/nuevo-paro-universitario-este-miercoles-tras-fracasar-la-reunion-con-nacion\/","url":"https:\/\/diariotextual.com\/inicio\/index.php\/2026\/09\/01\/nuevo-paro-universitario-este-miercoles-tras-fracasar-la-reunion-con-nacion\/","name":"Nuevo paro universitario este mi\u00e9rcoles, tras fracasar la reuni\u00f3n con Naci\u00f3n - Diario Textual","isPartOf":{"@id":"https:\/\/diariotextual.com\/inicio\/#website"},"primaryImageOfPage":{"@id":"https:\/\/diariotextual.com\/inicio\/index.php\/2026\/09\/01\/nuevo-paro-universitario-este-miercoles-tras-fracasar-la-reunion-con-nacion\/#primaryimage"},"image":{"@id":"https:\/\/diariotextual.com\/inicio\/index.php\/2026\/09\/01\/nuevo-paro-universitario-este-miercoles-tras-fracasar-la-reunion-con-nacion\/#primaryimage"},"thumbnailUrl":"https:\/\/diariotextual.com\/inicio\/wp-content\/uploads\/2024\/08\/conaduhistoricamarcha2024.webp","datePublished":"2026-09-01T20:16:01+00:00","dateModified":"2026-09-01T20:16:03+00:00","breadcrumb":{"@id":"https:\/\/diariotextual.com\/inicio\/index.php\/2026\/09\/01\/nuevo-paro-universitario-este-miercoles-tras-fracasar-la-reunion-con-nacion\/#breadcrumb"},"inLanguage":"es","potentialAction":[{"@type":"ReadAction","target":["https:\/\/diariotextual.com\/inicio\/index.php\/2026\/09\/01\/nuevo-paro-universitario-este-miercoles-tras-fracasar-la-reunion-con-nacion\/"]}]},{"@type":"ImageObject","inLanguage":"es","@id":"https:\/\/diariotextual.com\/inicio\/index.php\/2026\/09\/01\/nuevo-paro-universitario-este-miercoles-tras-fracasar-la-reunion-con-nacion\/#primaryimage","url":"https:\/\/diariotextual.com\/inicio\/wp-content\/uploads\/2024\/08\/conaduhistoricamarcha2024.webp","contentUrl":"https:\/\/diariotextual.com\/inicio\/wp-content\/uploads\/2024\/08\/conaduhistoricamarcha2024.webp","width":1238,"height":720},{"@type":"BreadcrumbList","@id":"https:\/\/diariotextual.com\/inicio\/index.php\/2026\/09\/01\/nuevo-paro-universitario-este-miercoles-tras-fracasar-la-reunion-con-nacion\/#breadcrumb","itemListElement":[{"@type":"ListItem","position":1,"name":"Portada","item":"https:\/\/diariotextual.com\/inicio\/"},{"@type":"ListItem","position":2,"name":"Nuevo paro universitario este mi\u00e9rcoles, tras fracasar la reuni\u00f3n con Naci\u00f3n"}]},{"@type":"WebSite","@id":"https:\/\/diariotextual.com\/inicio\/#website","url":"https:\/\/diariotextual.com\/inicio\/","name":"Diario Textual","description":"","publisher":{"@id":"https:\/\/diariotextual.com\/inicio\/#organization"},"potentialAction":[{"@type":"SearchAction","target":{"@type":"EntryPoint","urlTemplate":"https:\/\/diariotextual.com\/inicio\/?s={search_term_string}"},"query-input":{"@type":"PropertyValueSpecification","valueRequired":true,"valueName":"search_term_string"}}],"inLanguage":"es"},{"@type":"Organization","@id":"https:\/\/diariotextual.com\/inicio\/#organization","name":"Diario Textual","url":"https:\/\/diariotextual.com\/inicio\/","logo":{"@type":"ImageObject","inLanguage":"es","@id":"https:\/\/diariotextual.com\/inicio\/#\/schema\/logo\/image\/","url":"https:\/\/diariotextual.com\/inicio\/wp-content\/uploads\/2023\/05\/logotextual1.jpg","contentUrl":"https:\/\/diariotextual.com\/inicio\/wp-content\/uploads\/2023\/05\/logotextual1.jpg","width":516,"height":76,"caption":"Diario Textual"},"image":{"@id":"https:\/\/diariotextual.com\/inicio\/#\/schema\/logo\/image\/"},"sameAs":["https:\/\/www.facebook.com\/eltextual","https:\/\/x.com\/eltextual","http:\/\/www.instagram.com\/eltextual"]},{"@type":"Person","@id":"https:\/\/diariotextual.com\/inicio\/#\/schema\/person\/a1b6f563e0ee944c60f98119389a4d9f","name":"diario3","image":{"@type":"ImageObject","inLanguage":"es","@id":"https:\/\/secure.gravatar.com\/avatar\/5e7ee62c82fc04d9dd79d746a390d93c69c43223e5faeeb3ea9461ef752bfc5d?s=96&d=mm&r=g","url":"https:\/\/secure.gravatar.com\/avatar\/5e7ee62c82fc04d9dd79d746a390d93c69c43223e5faeeb3ea9461ef752bfc5d?s=96&d=mm&r=g","contentUrl":"https:\/\/secure.gravatar.com\/avatar\/5e7ee62c82fc04d9dd79d746a390d93c69c43223e5faeeb3ea9461ef752bfc5d?s=96&d=mm&r=g","caption":"diario3"},"url":"https:\/\/diariotextual.com\/inicio\/index.php\/author\/diario3\/"}]}},"_links":{"self":[{"href":"https:\/\/diariotextual.com\/inicio\/index.php\/wp-json\/wp\/v2\/posts\/334294","targetHints":{"allow":["GET"]}}],"collection":[{"href":"https:\/\/diariotextual.com\/inicio\/index.php\/wp-json\/wp\/v2\/posts"}],"about":[{"href":"https:\/\/diariotextual.com\/inicio\/index.php\/wp-json\/wp\/v2\/types\/post"}],"author":[{"embeddable":true,"href":"https:\/\/diariotextual.com\/inicio\/index.php\/wp-json\/wp\/v2\/users\/5"}],"replies":[{"embeddable":true,"href":"https:\/\/diariotextual.com\/inicio\/index.php\/wp-json\/wp\/v2\/comments?post=334294"}],"version-history":[{"count":1,"href":"https:\/\/diariotextual.com\/inicio\/index.php\/wp-json\/wp\/v2\/posts\/334294\/revisions"}],"predecessor-version":[{"id":334295,"href":"https:\/\/diariotextual.com\/inicio\/index.php\/wp-json\/wp\/v2\/posts\/334294\/revisions\/334295"}],"wp:featuredmedia":[{"embeddable":true,"href":"https:\/\/diariotextual.com\/inicio\/index.php\/wp-json\/wp\/v2\/media\/273813"}],"wp:attachment":[{"href":"https:\/\/diariotextual.com\/inicio\/index.php\/wp-json\/wp\/v2\/media?parent=334294"}],"wp:term":[{"taxonomy":"category","embeddable":true,"href":"https:\/\/diariotextual.com\/inicio\/index.php\/wp-json\/wp\/v2\/categories?post=334294"},{"taxonomy":"post_tag","embeddable":true,"href":"https:\/\/diariotextual.com\/inicio\/index.php\/wp-json\/wp\/v2\/tags?post=334294"}],"curies":[{"name":"wp","href":"https:\/\/api.w.org\/{rel}","templated":true}]}}