{"id":334298,"date":"2026-09-01T20:15:38","date_gmt":"2026-09-01T23:15:38","guid":{"rendered":"https:\/\/diariotextual.com\/inicio\/?p=334298"},"modified":"2026-09-01T20:15:40","modified_gmt":"2026-09-01T23:15:40","slug":"ziliotto-y-la-obra-de-ampliacion-de-salud-mental-el-estado-no-puede-mirar-para-otro-lado","status":"publish","type":"post","link":"https:\/\/diariotextual.com\/inicio\/index.php\/2026\/09\/01\/ziliotto-y-la-obra-de-ampliacion-de-salud-mental-el-estado-no-puede-mirar-para-otro-lado\/","title":{"rendered":"Ziliotto y la obra de ampliaci\u00f3n de Salud Mental: \u201cEl Estado no puede mirar para otro lado\u201d"},"content":{"rendered":"\n<p class=\"wp-block-paragraph\">El gobernador Sergio Ziliotto encabez\u00f3 este martes en el Sal\u00f3n de Acuerdos la firma del contrato para la ejecuci\u00f3n de la obra de <strong>ampliaci\u00f3n y refacci\u00f3n del departamento de Salud Mental del complejo hospitalario Molas\u2013Favaloro<\/strong>, en Santa Rosa.<\/p>\n\n\n\n<p class=\"wp-block-paragraph\">La inversi\u00f3n permitir\u00e1 duplicar la capacidad operativa del Servicio, incorporar un \u00e1rea espec\u00edfica para adolescentes y avanzar hacia una atenci\u00f3n m\u00e1s integral y humanizada de la salud mental. \u201c<strong>Cada peso que invertimos en salud p\u00fablica es una inversi\u00f3n en calidad de vida<\/strong> y en igualdad de oportunidades para las pampeanas y los pampeanos\u201d, afirm\u00f3 el mandatario.<\/p>\n\n\n\n<p class=\"wp-block-paragraph\">La obra cuenta con <strong>un presupuesto oficial actualizado de $6.335.524.636 y un plazo de ejecuci\u00f3n de 720 d\u00edas<\/strong>. Una vez finalizada, el Departamento dispondr\u00e1 de<strong> una superficie de m\u00e1s de 2.200 metros cuadrados con 36 camas de internaci\u00f3n<\/strong>, de las cuales 28 estar\u00e1n destinadas a personas adultas y ocho al \u00e1rea infantojuvenil.<\/p>\n\n\n\n<p class=\"wp-block-paragraph\">Participaron del acto los ministros de Obras y Servicios P\u00fablicos, Alfredo Intronati, y de Salud, Mario Kohan; el subsecretario de Salud Mental y Adicciones, Mart\u00edn Malg\u00e1; y Pablo Baruc Jovanovich, representante de Innokonst Construcciones, empresa que tendr\u00e1 a su cargo la ejecuci\u00f3n de los trabajos.<\/p>\n\n\n\n<p class=\"wp-block-paragraph\">Ziliotto destac\u00f3 que la inversi\u00f3n responde a una decisi\u00f3n pol\u00edtica de fortalecer el sistema p\u00fablico frente a una demanda social creciente. \u201cLa salud mental es uno de los grandes desaf\u00edos que tenemos como sociedad. Vemos c\u00f3mo la demanda ha crecido, especialmente entre ni\u00f1os, ni\u00f1as y adolescentes, y frente a esa realidad el Estado no puede mirar para otro lado: tiene que estar, anticiparse y brindar respuestas\u201d, afirm\u00f3.<\/p>\n\n\n\n<p class=\"wp-block-paragraph\">El gobernador destac\u00f3 que la infraestructura forma parte de una pol\u00edtica integral que incluye recursos humanos, dispositivos de atenci\u00f3n y presencia territorial. \u201cNo alcanza solamente con construir m\u00e1s metros cuadrados. Necesitamos que <strong>esa infraestructura est\u00e9 acompa\u00f1ada por profesionales, por pol\u00edticas p\u00fablicas y por una mirada humana <\/strong>que ponga en el centro a cada persona y a su familia\u201d, sostuvo.<\/p>\n\n\n\n<p class=\"wp-block-paragraph\">Asimismo, remarc\u00f3 que <strong>el Gobierno provincial contin\u00faa destinando recursos propios a \u00e1reas esenciales <\/strong>pese al escenario econ\u00f3mico nacional. \u201cAun en un contexto de enormes restricciones, nuestra prioridad sigue siendo garantizar derechos. Cada peso que invertimos en salud p\u00fablica es una inversi\u00f3n en calidad de vida y en igualdad de oportunidades para las pampeanas y los pampeanos\u201d, expres\u00f3.<\/p>\n\n\n\n<p class=\"wp-block-paragraph\">\u201cSeguimos invirtiendo porque entendemos que<strong> la obra p\u00fablica no es un gasto. Es mejor salud<\/strong>, es m\u00e1s capacidad de respuesta del Estado, es actividad econ\u00f3mica y tambi\u00e9n es trabajo para nuestra gente\u201d, concluy\u00f3.<\/p>\n\n\n\n<div style=\"height:100px\" aria-hidden=\"true\" class=\"wp-block-spacer\"><\/div>\n\n\n\n<p class=\"wp-block-paragraph\"><strong>Demanda creciente<\/strong><\/p>\n\n\n\n<p class=\"wp-block-paragraph\">La intervenci\u00f3n representa un nuevo paso en el fortalecimiento de la Red P\u00fablica de Salud Mental de La Pampa y responde a una problem\u00e1tica que atraviesa a distintos sectores y franjas etarias de la sociedad.<\/p>\n\n\n\n<p class=\"wp-block-paragraph\">El subsecretario de Salud Mental y Adicciones, Mart\u00edn Malg\u00e1, dijo que la obra de refacci\u00f3n y ampliaci\u00f3n del Complejo Hospitalario Favaloro-Molas representa un salto en el acceso y la calidad del servicio, fundamental para la red provincial de salud y para el sistema de salud mental.<\/p>\n\n\n\n<p class=\"wp-block-paragraph\">\u201cEl <strong>proyecto nos permite duplicar la capacidad operativa actual en consultorios y camas<\/strong>, fortaleciendo un servicio estrat\u00e9gico que concentra la mayor demanda provincial y asiste de manera directa a las zonas sanitarias I y V\u201d, agreg\u00f3.<\/p>\n\n\n\n<p class=\"wp-block-paragraph\">Malg\u00e1 afirm\u00f3 la creaci\u00f3n de <strong>un \u00e1rea espec\u00edfica de internaci\u00f3n para adolescentes dise\u00f1ada con criterios integrales de salud mental infanto juvenil, que contar\u00e1 con un espacio de estar com\u00fan, patio interno propio<\/strong> y sectores destinados a abordajes bajo modalidad de taller.<\/p>\n\n\n\n<p class=\"wp-block-paragraph\">Tambi\u00e9n se incorporar\u00e1 la <strong>modalidad de Centro de D\u00eda, con dispositivos ambulatorios intensivos<\/strong> para la poblaci\u00f3n infantojuvenil y adulta, con el objetivo de favorecer la externaci\u00f3n, la inclusi\u00f3n social y la continuidad de los cuidados. A ello se sumar\u00e1 un servicio de guardia de salud mental para brindar respuestas \u00e1giles y oportunas ante situaciones de urgencia.<\/p>\n\n\n\n<div style=\"height:100px\" aria-hidden=\"true\" class=\"wp-block-spacer\"><\/div>\n\n\n\n<p class=\"wp-block-paragraph\"><strong>Mejores condiciones<\/strong><\/p>\n\n\n\n<p class=\"wp-block-paragraph\">La intervenci\u00f3n comprende la<strong> refacci\u00f3n de 425 metros cuadrados de sectores existentes en planta baja y la construcci\u00f3n de otros 1.870 metros cuadrados hacia el sector norte del predio<\/strong>. Una vez concluidos los trabajos, el Departamento de Salud Mental contar\u00e1 con una superficie edificada total de 2.295 metros cuadrados.<\/p>\n\n\n\n<p class=\"wp-block-paragraph\">La ampliaci\u00f3n incorporar\u00e1 \u00e1reas diferenciadas de internaci\u00f3n para personas adultas e infantojuveniles, enfermer\u00edas, sectores de estar y comedor, consultorios de apoyo y una nueva \u00e1rea de atenci\u00f3n ambulatoria dise\u00f1ada de acuerdo con los requerimientos espec\u00edficos de Salud Mental y Adicciones.<\/p>\n\n\n\n<p class=\"wp-block-paragraph\">En los sectores existentes se renovar\u00e1n consultorios y habitaciones de internaci\u00f3n y se realizar\u00e1n intervenciones sobre pisos, carpinter\u00edas, sanitarios, cubiertas, instalaciones y sistemas de desag\u00fce. Los trabajos permitir\u00e1n, adem\u00e1s, resolver distintas problem\u00e1ticas edilicias detectadas durante las evaluaciones t\u00e9cnicas previas.<\/p>\n\n\n\n<figure class=\"wp-block-embed is-type-wp-embed is-provider-diario-textual wp-block-embed-diario-textual\"><div class=\"wp-block-embed__wrapper\">\n<blockquote class=\"wp-embedded-content\" data-secret=\"dQ2pddj4ea\"><a href=\"https:\/\/diariotextual.com\/inicio\/index.php\/2026\/08\/05\/la-pampa-puso-en-marcha-el-plan-provincial-de-emergencia-en-salud-mental-con-una-inversion-de-12-000-millones\/\">La Pampa puso en marcha el Plan Provincial de Emergencia en Salud Mental con una inversi\u00f3n de $12.000 millones<\/a><\/blockquote><iframe class=\"wp-embedded-content\" sandbox=\"allow-scripts\" security=\"restricted\" style=\"position: absolute; visibility: hidden;\" title=\"\u00abLa Pampa puso en marcha el Plan Provincial de Emergencia en Salud Mental con una inversi\u00f3n de $12.000 millones\u00bb \u2014 Diario Textual\" src=\"https:\/\/diariotextual.com\/inicio\/index.php\/2026\/08\/05\/la-pampa-puso-en-marcha-el-plan-provincial-de-emergencia-en-salud-mental-con-una-inversion-de-12-000-millones\/embed\/#?secret=WO5ThGuHsQ#?secret=dQ2pddj4ea\" data-secret=\"dQ2pddj4ea\" width=\"600\" height=\"338\" frameborder=\"0\" marginwidth=\"0\" marginheight=\"0\" scrolling=\"no\"><\/iframe>\n<\/div><\/figure>\n","protected":false},"excerpt":{"rendered":"<p>El gobernador Sergio Ziliotto encabez\u00f3 este martes en el Sal\u00f3n de Acuerdos la firma del contrato para la ejecuci\u00f3n de la obra de ampliaci\u00f3n y refacci\u00f3n del departamento de Salud&hellip;<\/p>\n","protected":false},"author":5,"featured_media":334300,"comment_status":"closed","ping_status":"open","sticky":false,"template":"","format":"standard","meta":{"_acf_changed":false,"footnotes":""},"categories":[9,12],"tags":[],"class_list":["post-334298","post","type-post","status-publish","format-standard","has-post-thumbnail","hentry","category-portada","category-sociedad"],"acf":[],"yoast_head":"<!-- This site is optimized with the Yoast SEO plugin v28.4 - https:\/\/yoast.com\/product\/yoast-seo-wordpress\/ -->\n<title>Ziliotto y la obra de ampliaci\u00f3n de Salud Mental: \u201cEl Estado no puede mirar para otro lado\u201d - Diario Textual<\/title>\n<meta name=\"robots\" content=\"index, follow, max-snippet:-1, max-image-preview:large, max-video-preview:-1\" \/>\n<link rel=\"canonical\" href=\"https:\/\/diariotextual.com\/inicio\/index.php\/2026\/09\/01\/ziliotto-y-la-obra-de-ampliacion-de-salud-mental-el-estado-no-puede-mirar-para-otro-lado\/\" \/>\n<meta property=\"og:locale\" content=\"es_ES\" \/>\n<meta property=\"og:type\" content=\"article\" \/>\n<meta property=\"og:title\" content=\"Ziliotto y la obra de ampliaci\u00f3n de Salud Mental: \u201cEl Estado no puede mirar para otro lado\u201d - Diario Textual\" \/>\n<meta property=\"og:description\" content=\"El gobernador Sergio Ziliotto encabez\u00f3 este martes en el Sal\u00f3n de Acuerdos la firma del contrato para la ejecuci\u00f3n de la obra de ampliaci\u00f3n y refacci\u00f3n del departamento de Salud&hellip;\" \/>\n<meta property=\"og:url\" content=\"https:\/\/diariotextual.com\/inicio\/index.php\/2026\/09\/01\/ziliotto-y-la-obra-de-ampliacion-de-salud-mental-el-estado-no-puede-mirar-para-otro-lado\/\" \/>\n<meta property=\"og:site_name\" content=\"Diario Textual\" \/>\n<meta property=\"article:publisher\" content=\"https:\/\/www.facebook.com\/eltextual\" \/>\n<meta property=\"article:published_time\" content=\"2026-09-01T23:15:38+00:00\" \/>\n<meta property=\"article:modified_time\" content=\"2026-09-01T23:15:40+00:00\" \/>\n<meta property=\"og:image\" content=\"https:\/\/diariotextual.com\/inicio\/wp-content\/uploads\/2026\/09\/ziliottosaludmentalmolas2026.jpg\" \/>\n\t<meta property=\"og:image:width\" content=\"900\" \/>\n\t<meta property=\"og:image:height\" content=\"530\" \/>\n\t<meta property=\"og:image:type\" content=\"image\/jpeg\" \/>\n<meta name=\"author\" content=\"diario3\" \/>\n<meta name=\"twitter:card\" content=\"summary_large_image\" \/>\n<meta name=\"twitter:creator\" content=\"@eltextual\" \/>\n<meta name=\"twitter:site\" content=\"@eltextual\" \/>\n<meta name=\"twitter:label1\" content=\"Escrito por\" \/>\n\t<meta name=\"twitter:data1\" content=\"diario3\" \/>\n\t<meta name=\"twitter:label2\" content=\"Tiempo de lectura\" \/>\n\t<meta name=\"twitter:data2\" content=\"4 minutos\" \/>\n<script type=\"application\/ld+json\" class=\"yoast-schema-graph\">{\"@context\":\"https:\\\/\\\/schema.org\",\"@graph\":[{\"@type\":\"Article\",\"@id\":\"https:\\\/\\\/diariotextual.com\\\/inicio\\\/index.php\\\/2026\\\/09\\\/01\\\/ziliotto-y-la-obra-de-ampliacion-de-salud-mental-el-estado-no-puede-mirar-para-otro-lado\\\/#article\",\"isPartOf\":{\"@id\":\"https:\\\/\\\/diariotextual.com\\\/inicio\\\/index.php\\\/2026\\\/09\\\/01\\\/ziliotto-y-la-obra-de-ampliacion-de-salud-mental-el-estado-no-puede-mirar-para-otro-lado\\\/\"},\"author\":{\"name\":\"diario3\",\"@id\":\"https:\\\/\\\/diariotextual.com\\\/inicio\\\/#\\\/schema\\\/person\\\/a1b6f563e0ee944c60f98119389a4d9f\"},\"headline\":\"Ziliotto y la obra de ampliaci\u00f3n de Salud Mental: \u201cEl Estado no puede mirar para otro lado\u201d\",\"datePublished\":\"2026-09-01T23:15:38+00:00\",\"dateModified\":\"2026-09-01T23:15:40+00:00\",\"mainEntityOfPage\":{\"@id\":\"https:\\\/\\\/diariotextual.com\\\/inicio\\\/index.php\\\/2026\\\/09\\\/01\\\/ziliotto-y-la-obra-de-ampliacion-de-salud-mental-el-estado-no-puede-mirar-para-otro-lado\\\/\"},\"wordCount\":848,\"publisher\":{\"@id\":\"https:\\\/\\\/diariotextual.com\\\/inicio\\\/#organization\"},\"image\":{\"@id\":\"https:\\\/\\\/diariotextual.com\\\/inicio\\\/index.php\\\/2026\\\/09\\\/01\\\/ziliotto-y-la-obra-de-ampliacion-de-salud-mental-el-estado-no-puede-mirar-para-otro-lado\\\/#primaryimage\"},\"thumbnailUrl\":\"https:\\\/\\\/diariotextual.com\\\/inicio\\\/wp-content\\\/uploads\\\/2026\\\/09\\\/ziliottosaludmentalmolas2026.jpg\",\"articleSection\":[\"A - PORTADA\",\"SOCIEDAD\"],\"inLanguage\":\"es\"},{\"@type\":\"WebPage\",\"@id\":\"https:\\\/\\\/diariotextual.com\\\/inicio\\\/index.php\\\/2026\\\/09\\\/01\\\/ziliotto-y-la-obra-de-ampliacion-de-salud-mental-el-estado-no-puede-mirar-para-otro-lado\\\/\",\"url\":\"https:\\\/\\\/diariotextual.com\\\/inicio\\\/index.php\\\/2026\\\/09\\\/01\\\/ziliotto-y-la-obra-de-ampliacion-de-salud-mental-el-estado-no-puede-mirar-para-otro-lado\\\/\",\"name\":\"Ziliotto y la obra de ampliaci\u00f3n de Salud Mental: \u201cEl Estado no puede mirar para otro lado\u201d - Diario Textual\",\"isPartOf\":{\"@id\":\"https:\\\/\\\/diariotextual.com\\\/inicio\\\/#website\"},\"primaryImageOfPage\":{\"@id\":\"https:\\\/\\\/diariotextual.com\\\/inicio\\\/index.php\\\/2026\\\/09\\\/01\\\/ziliotto-y-la-obra-de-ampliacion-de-salud-mental-el-estado-no-puede-mirar-para-otro-lado\\\/#primaryimage\"},\"image\":{\"@id\":\"https:\\\/\\\/diariotextual.com\\\/inicio\\\/index.php\\\/2026\\\/09\\\/01\\\/ziliotto-y-la-obra-de-ampliacion-de-salud-mental-el-estado-no-puede-mirar-para-otro-lado\\\/#primaryimage\"},\"thumbnailUrl\":\"https:\\\/\\\/diariotextual.com\\\/inicio\\\/wp-content\\\/uploads\\\/2026\\\/09\\\/ziliottosaludmentalmolas2026.jpg\",\"datePublished\":\"2026-09-01T23:15:38+00:00\",\"dateModified\":\"2026-09-01T23:15:40+00:00\",\"breadcrumb\":{\"@id\":\"https:\\\/\\\/diariotextual.com\\\/inicio\\\/index.php\\\/2026\\\/09\\\/01\\\/ziliotto-y-la-obra-de-ampliacion-de-salud-mental-el-estado-no-puede-mirar-para-otro-lado\\\/#breadcrumb\"},\"inLanguage\":\"es\",\"potentialAction\":[{\"@type\":\"ReadAction\",\"target\":[\"https:\\\/\\\/diariotextual.com\\\/inicio\\\/index.php\\\/2026\\\/09\\\/01\\\/ziliotto-y-la-obra-de-ampliacion-de-salud-mental-el-estado-no-puede-mirar-para-otro-lado\\\/\"]}]},{\"@type\":\"ImageObject\",\"inLanguage\":\"es\",\"@id\":\"https:\\\/\\\/diariotextual.com\\\/inicio\\\/index.php\\\/2026\\\/09\\\/01\\\/ziliotto-y-la-obra-de-ampliacion-de-salud-mental-el-estado-no-puede-mirar-para-otro-lado\\\/#primaryimage\",\"url\":\"https:\\\/\\\/diariotextual.com\\\/inicio\\\/wp-content\\\/uploads\\\/2026\\\/09\\\/ziliottosaludmentalmolas2026.jpg\",\"contentUrl\":\"https:\\\/\\\/diariotextual.com\\\/inicio\\\/wp-content\\\/uploads\\\/2026\\\/09\\\/ziliottosaludmentalmolas2026.jpg\",\"width\":900,\"height\":530},{\"@type\":\"BreadcrumbList\",\"@id\":\"https:\\\/\\\/diariotextual.com\\\/inicio\\\/index.php\\\/2026\\\/09\\\/01\\\/ziliotto-y-la-obra-de-ampliacion-de-salud-mental-el-estado-no-puede-mirar-para-otro-lado\\\/#breadcrumb\",\"itemListElement\":[{\"@type\":\"ListItem\",\"position\":1,\"name\":\"Portada\",\"item\":\"https:\\\/\\\/diariotextual.com\\\/inicio\\\/\"},{\"@type\":\"ListItem\",\"position\":2,\"name\":\"Ziliotto y la obra de ampliaci\u00f3n de Salud Mental: \u201cEl Estado no puede mirar para otro lado\u201d\"}]},{\"@type\":\"WebSite\",\"@id\":\"https:\\\/\\\/diariotextual.com\\\/inicio\\\/#website\",\"url\":\"https:\\\/\\\/diariotextual.com\\\/inicio\\\/\",\"name\":\"Diario Textual\",\"description\":\"\",\"publisher\":{\"@id\":\"https:\\\/\\\/diariotextual.com\\\/inicio\\\/#organization\"},\"potentialAction\":[{\"@type\":\"SearchAction\",\"target\":{\"@type\":\"EntryPoint\",\"urlTemplate\":\"https:\\\/\\\/diariotextual.com\\\/inicio\\\/?s={search_term_string}\"},\"query-input\":{\"@type\":\"PropertyValueSpecification\",\"valueRequired\":true,\"valueName\":\"search_term_string\"}}],\"inLanguage\":\"es\"},{\"@type\":\"Organization\",\"@id\":\"https:\\\/\\\/diariotextual.com\\\/inicio\\\/#organization\",\"name\":\"Diario Textual\",\"url\":\"https:\\\/\\\/diariotextual.com\\\/inicio\\\/\",\"logo\":{\"@type\":\"ImageObject\",\"inLanguage\":\"es\",\"@id\":\"https:\\\/\\\/diariotextual.com\\\/inicio\\\/#\\\/schema\\\/logo\\\/image\\\/\",\"url\":\"https:\\\/\\\/diariotextual.com\\\/inicio\\\/wp-content\\\/uploads\\\/2023\\\/05\\\/logotextual1.jpg\",\"contentUrl\":\"https:\\\/\\\/diariotextual.com\\\/inicio\\\/wp-content\\\/uploads\\\/2023\\\/05\\\/logotextual1.jpg\",\"width\":516,\"height\":76,\"caption\":\"Diario Textual\"},\"image\":{\"@id\":\"https:\\\/\\\/diariotextual.com\\\/inicio\\\/#\\\/schema\\\/logo\\\/image\\\/\"},\"sameAs\":[\"https:\\\/\\\/www.facebook.com\\\/eltextual\",\"https:\\\/\\\/x.com\\\/eltextual\",\"http:\\\/\\\/www.instagram.com\\\/eltextual\"]},{\"@type\":\"Person\",\"@id\":\"https:\\\/\\\/diariotextual.com\\\/inicio\\\/#\\\/schema\\\/person\\\/a1b6f563e0ee944c60f98119389a4d9f\",\"name\":\"diario3\",\"image\":{\"@type\":\"ImageObject\",\"inLanguage\":\"es\",\"@id\":\"https:\\\/\\\/secure.gravatar.com\\\/avatar\\\/5e7ee62c82fc04d9dd79d746a390d93c69c43223e5faeeb3ea9461ef752bfc5d?s=96&d=mm&r=g\",\"url\":\"https:\\\/\\\/secure.gravatar.com\\\/avatar\\\/5e7ee62c82fc04d9dd79d746a390d93c69c43223e5faeeb3ea9461ef752bfc5d?s=96&d=mm&r=g\",\"contentUrl\":\"https:\\\/\\\/secure.gravatar.com\\\/avatar\\\/5e7ee62c82fc04d9dd79d746a390d93c69c43223e5faeeb3ea9461ef752bfc5d?s=96&d=mm&r=g\",\"caption\":\"diario3\"},\"url\":\"https:\\\/\\\/diariotextual.com\\\/inicio\\\/index.php\\\/author\\\/diario3\\\/\"}]}<\/script>\n<!-- \/ Yoast SEO plugin. -->","yoast_head_json":{"title":"Ziliotto y la obra de ampliaci\u00f3n de Salud Mental: \u201cEl Estado no puede mirar para otro lado\u201d - Diario Textual","robots":{"index":"index","follow":"follow","max-snippet":"max-snippet:-1","max-image-preview":"max-image-preview:large","max-video-preview":"max-video-preview:-1"},"canonical":"https:\/\/diariotextual.com\/inicio\/index.php\/2026\/09\/01\/ziliotto-y-la-obra-de-ampliacion-de-salud-mental-el-estado-no-puede-mirar-para-otro-lado\/","og_locale":"es_ES","og_type":"article","og_title":"Ziliotto y la obra de ampliaci\u00f3n de Salud Mental: \u201cEl Estado no puede mirar para otro lado\u201d - Diario Textual","og_description":"El gobernador Sergio Ziliotto encabez\u00f3 este martes en el Sal\u00f3n de Acuerdos la firma del contrato para la ejecuci\u00f3n de la obra de ampliaci\u00f3n y refacci\u00f3n del departamento de Salud&hellip;","og_url":"https:\/\/diariotextual.com\/inicio\/index.php\/2026\/09\/01\/ziliotto-y-la-obra-de-ampliacion-de-salud-mental-el-estado-no-puede-mirar-para-otro-lado\/","og_site_name":"Diario Textual","article_publisher":"https:\/\/www.facebook.com\/eltextual","article_published_time":"2026-09-01T23:15:38+00:00","article_modified_time":"2026-09-01T23:15:40+00:00","og_image":[{"width":900,"height":530,"url":"https:\/\/diariotextual.com\/inicio\/wp-content\/uploads\/2026\/09\/ziliottosaludmentalmolas2026.jpg","type":"image\/jpeg"}],"author":"diario3","twitter_card":"summary_large_image","twitter_creator":"@eltextual","twitter_site":"@eltextual","twitter_misc":{"Escrito por":"diario3","Tiempo de lectura":"4 minutos"},"schema":{"@context":"https:\/\/schema.org","@graph":[{"@type":"Article","@id":"https:\/\/diariotextual.com\/inicio\/index.php\/2026\/09\/01\/ziliotto-y-la-obra-de-ampliacion-de-salud-mental-el-estado-no-puede-mirar-para-otro-lado\/#article","isPartOf":{"@id":"https:\/\/diariotextual.com\/inicio\/index.php\/2026\/09\/01\/ziliotto-y-la-obra-de-ampliacion-de-salud-mental-el-estado-no-puede-mirar-para-otro-lado\/"},"author":{"name":"diario3","@id":"https:\/\/diariotextual.com\/inicio\/#\/schema\/person\/a1b6f563e0ee944c60f98119389a4d9f"},"headline":"Ziliotto y la obra de ampliaci\u00f3n de Salud Mental: \u201cEl Estado no puede mirar para otro lado\u201d","datePublished":"2026-09-01T23:15:38+00:00","dateModified":"2026-09-01T23:15:40+00:00","mainEntityOfPage":{"@id":"https:\/\/diariotextual.com\/inicio\/index.php\/2026\/09\/01\/ziliotto-y-la-obra-de-ampliacion-de-salud-mental-el-estado-no-puede-mirar-para-otro-lado\/"},"wordCount":848,"publisher":{"@id":"https:\/\/diariotextual.com\/inicio\/#organization"},"image":{"@id":"https:\/\/diariotextual.com\/inicio\/index.php\/2026\/09\/01\/ziliotto-y-la-obra-de-ampliacion-de-salud-mental-el-estado-no-puede-mirar-para-otro-lado\/#primaryimage"},"thumbnailUrl":"https:\/\/diariotextual.com\/inicio\/wp-content\/uploads\/2026\/09\/ziliottosaludmentalmolas2026.jpg","articleSection":["A - PORTADA","SOCIEDAD"],"inLanguage":"es"},{"@type":"WebPage","@id":"https:\/\/diariotextual.com\/inicio\/index.php\/2026\/09\/01\/ziliotto-y-la-obra-de-ampliacion-de-salud-mental-el-estado-no-puede-mirar-para-otro-lado\/","url":"https:\/\/diariotextual.com\/inicio\/index.php\/2026\/09\/01\/ziliotto-y-la-obra-de-ampliacion-de-salud-mental-el-estado-no-puede-mirar-para-otro-lado\/","name":"Ziliotto y la obra de ampliaci\u00f3n de Salud Mental: \u201cEl Estado no puede mirar para otro lado\u201d - Diario Textual","isPartOf":{"@id":"https:\/\/diariotextual.com\/inicio\/#website"},"primaryImageOfPage":{"@id":"https:\/\/diariotextual.com\/inicio\/index.php\/2026\/09\/01\/ziliotto-y-la-obra-de-ampliacion-de-salud-mental-el-estado-no-puede-mirar-para-otro-lado\/#primaryimage"},"image":{"@id":"https:\/\/diariotextual.com\/inicio\/index.php\/2026\/09\/01\/ziliotto-y-la-obra-de-ampliacion-de-salud-mental-el-estado-no-puede-mirar-para-otro-lado\/#primaryimage"},"thumbnailUrl":"https:\/\/diariotextual.com\/inicio\/wp-content\/uploads\/2026\/09\/ziliottosaludmentalmolas2026.jpg","datePublished":"2026-09-01T23:15:38+00:00","dateModified":"2026-09-01T23:15:40+00:00","breadcrumb":{"@id":"https:\/\/diariotextual.com\/inicio\/index.php\/2026\/09\/01\/ziliotto-y-la-obra-de-ampliacion-de-salud-mental-el-estado-no-puede-mirar-para-otro-lado\/#breadcrumb"},"inLanguage":"es","potentialAction":[{"@type":"ReadAction","target":["https:\/\/diariotextual.com\/inicio\/index.php\/2026\/09\/01\/ziliotto-y-la-obra-de-ampliacion-de-salud-mental-el-estado-no-puede-mirar-para-otro-lado\/"]}]},{"@type":"ImageObject","inLanguage":"es","@id":"https:\/\/diariotextual.com\/inicio\/index.php\/2026\/09\/01\/ziliotto-y-la-obra-de-ampliacion-de-salud-mental-el-estado-no-puede-mirar-para-otro-lado\/#primaryimage","url":"https:\/\/diariotextual.com\/inicio\/wp-content\/uploads\/2026\/09\/ziliottosaludmentalmolas2026.jpg","contentUrl":"https:\/\/diariotextual.com\/inicio\/wp-content\/uploads\/2026\/09\/ziliottosaludmentalmolas2026.jpg","width":900,"height":530},{"@type":"BreadcrumbList","@id":"https:\/\/diariotextual.com\/inicio\/index.php\/2026\/09\/01\/ziliotto-y-la-obra-de-ampliacion-de-salud-mental-el-estado-no-puede-mirar-para-otro-lado\/#breadcrumb","itemListElement":[{"@type":"ListItem","position":1,"name":"Portada","item":"https:\/\/diariotextual.com\/inicio\/"},{"@type":"ListItem","position":2,"name":"Ziliotto y la obra de ampliaci\u00f3n de Salud Mental: \u201cEl Estado no puede mirar para otro lado\u201d"}]},{"@type":"WebSite","@id":"https:\/\/diariotextual.com\/inicio\/#website","url":"https:\/\/diariotextual.com\/inicio\/","name":"Diario Textual","description":"","publisher":{"@id":"https:\/\/diariotextual.com\/inicio\/#organization"},"potentialAction":[{"@type":"SearchAction","target":{"@type":"EntryPoint","urlTemplate":"https:\/\/diariotextual.com\/inicio\/?s={search_term_string}"},"query-input":{"@type":"PropertyValueSpecification","valueRequired":true,"valueName":"search_term_string"}}],"inLanguage":"es"},{"@type":"Organization","@id":"https:\/\/diariotextual.com\/inicio\/#organization","name":"Diario Textual","url":"https:\/\/diariotextual.com\/inicio\/","logo":{"@type":"ImageObject","inLanguage":"es","@id":"https:\/\/diariotextual.com\/inicio\/#\/schema\/logo\/image\/","url":"https:\/\/diariotextual.com\/inicio\/wp-content\/uploads\/2023\/05\/logotextual1.jpg","contentUrl":"https:\/\/diariotextual.com\/inicio\/wp-content\/uploads\/2023\/05\/logotextual1.jpg","width":516,"height":76,"caption":"Diario Textual"},"image":{"@id":"https:\/\/diariotextual.com\/inicio\/#\/schema\/logo\/image\/"},"sameAs":["https:\/\/www.facebook.com\/eltextual","https:\/\/x.com\/eltextual","http:\/\/www.instagram.com\/eltextual"]},{"@type":"Person","@id":"https:\/\/diariotextual.com\/inicio\/#\/schema\/person\/a1b6f563e0ee944c60f98119389a4d9f","name":"diario3","image":{"@type":"ImageObject","inLanguage":"es","@id":"https:\/\/secure.gravatar.com\/avatar\/5e7ee62c82fc04d9dd79d746a390d93c69c43223e5faeeb3ea9461ef752bfc5d?s=96&d=mm&r=g","url":"https:\/\/secure.gravatar.com\/avatar\/5e7ee62c82fc04d9dd79d746a390d93c69c43223e5faeeb3ea9461ef752bfc5d?s=96&d=mm&r=g","contentUrl":"https:\/\/secure.gravatar.com\/avatar\/5e7ee62c82fc04d9dd79d746a390d93c69c43223e5faeeb3ea9461ef752bfc5d?s=96&d=mm&r=g","caption":"diario3"},"url":"https:\/\/diariotextual.com\/inicio\/index.php\/author\/diario3\/"}]}},"_links":{"self":[{"href":"https:\/\/diariotextual.com\/inicio\/index.php\/wp-json\/wp\/v2\/posts\/334298","targetHints":{"allow":["GET"]}}],"collection":[{"href":"https:\/\/diariotextual.com\/inicio\/index.php\/wp-json\/wp\/v2\/posts"}],"about":[{"href":"https:\/\/diariotextual.com\/inicio\/index.php\/wp-json\/wp\/v2\/types\/post"}],"author":[{"embeddable":true,"href":"https:\/\/diariotextual.com\/inicio\/index.php\/wp-json\/wp\/v2\/users\/5"}],"replies":[{"embeddable":true,"href":"https:\/\/diariotextual.com\/inicio\/index.php\/wp-json\/wp\/v2\/comments?post=334298"}],"version-history":[{"count":2,"href":"https:\/\/diariotextual.com\/inicio\/index.php\/wp-json\/wp\/v2\/posts\/334298\/revisions"}],"predecessor-version":[{"id":334301,"href":"https:\/\/diariotextual.com\/inicio\/index.php\/wp-json\/wp\/v2\/posts\/334298\/revisions\/334301"}],"wp:featuredmedia":[{"embeddable":true,"href":"https:\/\/diariotextual.com\/inicio\/index.php\/wp-json\/wp\/v2\/media\/334300"}],"wp:attachment":[{"href":"https:\/\/diariotextual.com\/inicio\/index.php\/wp-json\/wp\/v2\/media?parent=334298"}],"wp:term":[{"taxonomy":"category","embeddable":true,"href":"https:\/\/diariotextual.com\/inicio\/index.php\/wp-json\/wp\/v2\/categories?post=334298"},{"taxonomy":"post_tag","embeddable":true,"href":"https:\/\/diariotextual.com\/inicio\/index.php\/wp-json\/wp\/v2\/tags?post=334298"}],"curies":[{"name":"wp","href":"https:\/\/api.w.org\/{rel}","templated":true}]}}