{"id":334302,"date":"2026-09-01T20:57:04","date_gmt":"2026-09-01T23:57:04","guid":{"rendered":"https:\/\/diariotextual.com\/inicio\/?p=334302"},"modified":"2026-09-01T20:57:08","modified_gmt":"2026-09-01T23:57:08","slug":"educacion-presento-obra-de-teatro-para-reflexionar-sobre-convivencia-y-violencia-digital","status":"publish","type":"post","link":"https:\/\/diariotextual.com\/inicio\/index.php\/2026\/09\/01\/educacion-presento-obra-de-teatro-para-reflexionar-sobre-convivencia-y-violencia-digital\/","title":{"rendered":"Educaci\u00f3n present\u00f3 obra de teatro para reflexionar sobre convivencia y violencia digital"},"content":{"rendered":"\n<p class=\"wp-block-paragraph\">El <strong>Ministerio de Educaci\u00f3n de La Pampa<\/strong> concret\u00f3 este martes, en el centro cultural Medasur, la presentaci\u00f3n oficial de la obra \u201c<strong>Activamos modo avi\u00f3n<\/strong>\u201d, que propone reflexionar sobre las formas en que <strong>habitamos los entornos digitales, los desaf\u00edos que atraviesan las adolescencias, las violencias digitales <\/strong>y las nuevas formas de vinculaci\u00f3n.<\/p>\n\n\n\n<p class=\"wp-block-paragraph\">El evento cont\u00f3 con la participaci\u00f3n de <strong>Laura S\u00e1nchez, creadora de Gu\u00eda Ema y Ley Ema<\/strong>, presidenta de la Asociaci\u00f3n Civil Mundo Ema e integrante de la Red Latinoamericana de Defensoras Digitales, adem\u00e1s de la ministra de Educaci\u00f3n, Marcela Feuerschvenger, el ministro de Desarrollo Social y Derechos Humanos, Diego \u00c1lvarez, la secretaria de la Mujer, G\u00e9neros y Diversidad, Gabriela Iris Labourie, el subsecretario de Salud Mental y Adicciones, Mart\u00edn Malg\u00e1, entre otras autoridades provinciales, estudiantes y docentes de colegios secundarios de Santa Rosa.<\/p>\n\n\n\n<p class=\"wp-block-paragraph\">\u201cLa presentamos por primera vez en Santa Rosa, as\u00ed que la expectativa es, sobre todo, que sea un producto valioso y con sentido para los estudiantes y los docentes, y que sea el puntapi\u00e9 de un trabajo que la instituci\u00f3n educativa ya viene haciendo a nivel \u00e1ulico, institucional y comunitario. Hicimos una prueba piloto en Realic\u00f3 y, luego de ese trabajo, se present\u00f3 en General Acha. La respuesta fue de sorpresa, \u00bfno? La verdad es que <strong>los estudiantes se conmovieron, se sensibilizaron<\/strong>, y de eso se trata. Esta dramatizaci\u00f3n pedag\u00f3gica -el arte en general- sensibiliza y predispone a trabajar\u201d, sostuvo Roc\u00edo Mora Souto, coordinadora Pedag\u00f3gica de Pol\u00edticas Educativas, a la Agencia Provincial de Noticias.<\/p>\n\n\n\n<p class=\"wp-block-paragraph\">Laura S\u00e1nchez expres\u00f3 que la sensibilizaci\u00f3n, el conocimiento y la difusi\u00f3n son el primer gran paso para la prevenci\u00f3n de las violencias digitales entre pares: \u201cEstamos hablando de cuando estas situaciones se dan entre adolescentes. Por supuesto, tambi\u00e9n estuvimos hablando de la Ley Ema, que ha sido presentada ac\u00e1 en La Pampa. La<strong> ley es justamente un programa de prevenci\u00f3n y abordaje para las violencias digitales. Es un cambio de \u00e9poca, un proceso hist\u00f3rico<\/strong>, y construimos estos territorios juntos: las adolescencias y los adultos en el rol que cada grupo ocupa, como educadores. Realmente es un contexto dif\u00edcil para pensar, pero creo que la violencia digital se erradica volviendo a las pr\u00e1cticas, pensando en c\u00f3mo humanizar la digitalidad. Entonces, s\u00ed, es un contexto dif\u00edcil para pensar en estas pr\u00e1cticas, que son ni m\u00e1s ni menos que poder pensar en el otro, construirme con el otro y desde el otro\u201d.<\/p>\n\n\n\n<p class=\"wp-block-paragraph\">Desde Educaci\u00f3n se confirm\u00f3 que \u201c<strong>Activamos Modo Avi\u00f3n\u201d se presentar\u00e1 este mi\u00e9rcoles 2 de septiembre a las 14 horas, en el centro cultura M\u00e9dano de General Pico.<\/strong><\/p>\n","protected":false},"excerpt":{"rendered":"<p>El Ministerio de Educaci\u00f3n de La Pampa concret\u00f3 este martes, en el centro cultural Medasur, la presentaci\u00f3n oficial de la obra \u201cActivamos modo avi\u00f3n\u201d, que propone reflexionar sobre las formas&hellip;<\/p>\n","protected":false},"author":5,"featured_media":334303,"comment_status":"closed","ping_status":"open","sticky":false,"template":"","format":"standard","meta":{"_acf_changed":false,"footnotes":""},"categories":[1,12],"tags":[],"class_list":["post-334302","post","type-post","status-publish","format-standard","has-post-thumbnail","hentry","category-es-noticia","category-sociedad"],"acf":[],"yoast_head":"<!-- This site is optimized with the Yoast SEO plugin v28.4 - https:\/\/yoast.com\/product\/yoast-seo-wordpress\/ -->\n<title>Educaci\u00f3n present\u00f3 obra de teatro para reflexionar sobre convivencia y violencia digital - Diario Textual<\/title>\n<meta name=\"robots\" content=\"index, follow, max-snippet:-1, max-image-preview:large, max-video-preview:-1\" \/>\n<link rel=\"canonical\" href=\"https:\/\/diariotextual.com\/inicio\/index.php\/2026\/09\/01\/educacion-presento-obra-de-teatro-para-reflexionar-sobre-convivencia-y-violencia-digital\/\" \/>\n<meta property=\"og:locale\" content=\"es_ES\" \/>\n<meta property=\"og:type\" content=\"article\" \/>\n<meta property=\"og:title\" content=\"Educaci\u00f3n present\u00f3 obra de teatro para reflexionar sobre convivencia y violencia digital - Diario Textual\" \/>\n<meta property=\"og:description\" content=\"El Ministerio de Educaci\u00f3n de La Pampa concret\u00f3 este martes, en el centro cultural Medasur, la presentaci\u00f3n oficial de la obra \u201cActivamos modo avi\u00f3n\u201d, que propone reflexionar sobre las formas&hellip;\" \/>\n<meta property=\"og:url\" content=\"https:\/\/diariotextual.com\/inicio\/index.php\/2026\/09\/01\/educacion-presento-obra-de-teatro-para-reflexionar-sobre-convivencia-y-violencia-digital\/\" \/>\n<meta property=\"og:site_name\" content=\"Diario Textual\" \/>\n<meta property=\"article:publisher\" content=\"https:\/\/www.facebook.com\/eltextual\" \/>\n<meta property=\"article:published_time\" content=\"2026-09-01T23:57:04+00:00\" \/>\n<meta property=\"article:modified_time\" content=\"2026-09-01T23:57:08+00:00\" \/>\n<meta property=\"og:image\" content=\"https:\/\/diariotextual.com\/inicio\/wp-content\/uploads\/2026\/09\/obraactivamosmodoavion2026.jpg\" \/>\n\t<meta property=\"og:image:width\" content=\"900\" \/>\n\t<meta property=\"og:image:height\" content=\"460\" \/>\n\t<meta property=\"og:image:type\" content=\"image\/jpeg\" \/>\n<meta name=\"author\" content=\"diario3\" \/>\n<meta name=\"twitter:card\" content=\"summary_large_image\" \/>\n<meta name=\"twitter:creator\" content=\"@eltextual\" \/>\n<meta name=\"twitter:site\" content=\"@eltextual\" \/>\n<meta name=\"twitter:label1\" content=\"Escrito por\" \/>\n\t<meta name=\"twitter:data1\" content=\"diario3\" \/>\n\t<meta name=\"twitter:label2\" content=\"Tiempo de lectura\" \/>\n\t<meta name=\"twitter:data2\" content=\"3 minutos\" \/>\n<script type=\"application\/ld+json\" class=\"yoast-schema-graph\">{\"@context\":\"https:\\\/\\\/schema.org\",\"@graph\":[{\"@type\":\"Article\",\"@id\":\"https:\\\/\\\/diariotextual.com\\\/inicio\\\/index.php\\\/2026\\\/09\\\/01\\\/educacion-presento-obra-de-teatro-para-reflexionar-sobre-convivencia-y-violencia-digital\\\/#article\",\"isPartOf\":{\"@id\":\"https:\\\/\\\/diariotextual.com\\\/inicio\\\/index.php\\\/2026\\\/09\\\/01\\\/educacion-presento-obra-de-teatro-para-reflexionar-sobre-convivencia-y-violencia-digital\\\/\"},\"author\":{\"name\":\"diario3\",\"@id\":\"https:\\\/\\\/diariotextual.com\\\/inicio\\\/#\\\/schema\\\/person\\\/a1b6f563e0ee944c60f98119389a4d9f\"},\"headline\":\"Educaci\u00f3n present\u00f3 obra de teatro para reflexionar sobre convivencia y violencia digital\",\"datePublished\":\"2026-09-01T23:57:04+00:00\",\"dateModified\":\"2026-09-01T23:57:08+00:00\",\"mainEntityOfPage\":{\"@id\":\"https:\\\/\\\/diariotextual.com\\\/inicio\\\/index.php\\\/2026\\\/09\\\/01\\\/educacion-presento-obra-de-teatro-para-reflexionar-sobre-convivencia-y-violencia-digital\\\/\"},\"wordCount\":471,\"publisher\":{\"@id\":\"https:\\\/\\\/diariotextual.com\\\/inicio\\\/#organization\"},\"image\":{\"@id\":\"https:\\\/\\\/diariotextual.com\\\/inicio\\\/index.php\\\/2026\\\/09\\\/01\\\/educacion-presento-obra-de-teatro-para-reflexionar-sobre-convivencia-y-violencia-digital\\\/#primaryimage\"},\"thumbnailUrl\":\"https:\\\/\\\/diariotextual.com\\\/inicio\\\/wp-content\\\/uploads\\\/2026\\\/09\\\/obraactivamosmodoavion2026.jpg\",\"articleSection\":[\"A - ES NOTICIA (van abajo)\",\"SOCIEDAD\"],\"inLanguage\":\"es\"},{\"@type\":\"WebPage\",\"@id\":\"https:\\\/\\\/diariotextual.com\\\/inicio\\\/index.php\\\/2026\\\/09\\\/01\\\/educacion-presento-obra-de-teatro-para-reflexionar-sobre-convivencia-y-violencia-digital\\\/\",\"url\":\"https:\\\/\\\/diariotextual.com\\\/inicio\\\/index.php\\\/2026\\\/09\\\/01\\\/educacion-presento-obra-de-teatro-para-reflexionar-sobre-convivencia-y-violencia-digital\\\/\",\"name\":\"Educaci\u00f3n present\u00f3 obra de teatro para reflexionar sobre convivencia y violencia digital - Diario Textual\",\"isPartOf\":{\"@id\":\"https:\\\/\\\/diariotextual.com\\\/inicio\\\/#website\"},\"primaryImageOfPage\":{\"@id\":\"https:\\\/\\\/diariotextual.com\\\/inicio\\\/index.php\\\/2026\\\/09\\\/01\\\/educacion-presento-obra-de-teatro-para-reflexionar-sobre-convivencia-y-violencia-digital\\\/#primaryimage\"},\"image\":{\"@id\":\"https:\\\/\\\/diariotextual.com\\\/inicio\\\/index.php\\\/2026\\\/09\\\/01\\\/educacion-presento-obra-de-teatro-para-reflexionar-sobre-convivencia-y-violencia-digital\\\/#primaryimage\"},\"thumbnailUrl\":\"https:\\\/\\\/diariotextual.com\\\/inicio\\\/wp-content\\\/uploads\\\/2026\\\/09\\\/obraactivamosmodoavion2026.jpg\",\"datePublished\":\"2026-09-01T23:57:04+00:00\",\"dateModified\":\"2026-09-01T23:57:08+00:00\",\"breadcrumb\":{\"@id\":\"https:\\\/\\\/diariotextual.com\\\/inicio\\\/index.php\\\/2026\\\/09\\\/01\\\/educacion-presento-obra-de-teatro-para-reflexionar-sobre-convivencia-y-violencia-digital\\\/#breadcrumb\"},\"inLanguage\":\"es\",\"potentialAction\":[{\"@type\":\"ReadAction\",\"target\":[\"https:\\\/\\\/diariotextual.com\\\/inicio\\\/index.php\\\/2026\\\/09\\\/01\\\/educacion-presento-obra-de-teatro-para-reflexionar-sobre-convivencia-y-violencia-digital\\\/\"]}]},{\"@type\":\"ImageObject\",\"inLanguage\":\"es\",\"@id\":\"https:\\\/\\\/diariotextual.com\\\/inicio\\\/index.php\\\/2026\\\/09\\\/01\\\/educacion-presento-obra-de-teatro-para-reflexionar-sobre-convivencia-y-violencia-digital\\\/#primaryimage\",\"url\":\"https:\\\/\\\/diariotextual.com\\\/inicio\\\/wp-content\\\/uploads\\\/2026\\\/09\\\/obraactivamosmodoavion2026.jpg\",\"contentUrl\":\"https:\\\/\\\/diariotextual.com\\\/inicio\\\/wp-content\\\/uploads\\\/2026\\\/09\\\/obraactivamosmodoavion2026.jpg\",\"width\":900,\"height\":460,\"caption\":\"CREATOR: gd-jpeg v1.0 (using IJG JPEG v90), quality = 90\"},{\"@type\":\"BreadcrumbList\",\"@id\":\"https:\\\/\\\/diariotextual.com\\\/inicio\\\/index.php\\\/2026\\\/09\\\/01\\\/educacion-presento-obra-de-teatro-para-reflexionar-sobre-convivencia-y-violencia-digital\\\/#breadcrumb\",\"itemListElement\":[{\"@type\":\"ListItem\",\"position\":1,\"name\":\"Portada\",\"item\":\"https:\\\/\\\/diariotextual.com\\\/inicio\\\/\"},{\"@type\":\"ListItem\",\"position\":2,\"name\":\"Educaci\u00f3n present\u00f3 obra de teatro para reflexionar sobre convivencia y violencia digital\"}]},{\"@type\":\"WebSite\",\"@id\":\"https:\\\/\\\/diariotextual.com\\\/inicio\\\/#website\",\"url\":\"https:\\\/\\\/diariotextual.com\\\/inicio\\\/\",\"name\":\"Diario Textual\",\"description\":\"\",\"publisher\":{\"@id\":\"https:\\\/\\\/diariotextual.com\\\/inicio\\\/#organization\"},\"potentialAction\":[{\"@type\":\"SearchAction\",\"target\":{\"@type\":\"EntryPoint\",\"urlTemplate\":\"https:\\\/\\\/diariotextual.com\\\/inicio\\\/?s={search_term_string}\"},\"query-input\":{\"@type\":\"PropertyValueSpecification\",\"valueRequired\":true,\"valueName\":\"search_term_string\"}}],\"inLanguage\":\"es\"},{\"@type\":\"Organization\",\"@id\":\"https:\\\/\\\/diariotextual.com\\\/inicio\\\/#organization\",\"name\":\"Diario Textual\",\"url\":\"https:\\\/\\\/diariotextual.com\\\/inicio\\\/\",\"logo\":{\"@type\":\"ImageObject\",\"inLanguage\":\"es\",\"@id\":\"https:\\\/\\\/diariotextual.com\\\/inicio\\\/#\\\/schema\\\/logo\\\/image\\\/\",\"url\":\"https:\\\/\\\/diariotextual.com\\\/inicio\\\/wp-content\\\/uploads\\\/2023\\\/05\\\/logotextual1.jpg\",\"contentUrl\":\"https:\\\/\\\/diariotextual.com\\\/inicio\\\/wp-content\\\/uploads\\\/2023\\\/05\\\/logotextual1.jpg\",\"width\":516,\"height\":76,\"caption\":\"Diario Textual\"},\"image\":{\"@id\":\"https:\\\/\\\/diariotextual.com\\\/inicio\\\/#\\\/schema\\\/logo\\\/image\\\/\"},\"sameAs\":[\"https:\\\/\\\/www.facebook.com\\\/eltextual\",\"https:\\\/\\\/x.com\\\/eltextual\",\"http:\\\/\\\/www.instagram.com\\\/eltextual\"]},{\"@type\":\"Person\",\"@id\":\"https:\\\/\\\/diariotextual.com\\\/inicio\\\/#\\\/schema\\\/person\\\/a1b6f563e0ee944c60f98119389a4d9f\",\"name\":\"diario3\",\"image\":{\"@type\":\"ImageObject\",\"inLanguage\":\"es\",\"@id\":\"https:\\\/\\\/secure.gravatar.com\\\/avatar\\\/5e7ee62c82fc04d9dd79d746a390d93c69c43223e5faeeb3ea9461ef752bfc5d?s=96&d=mm&r=g\",\"url\":\"https:\\\/\\\/secure.gravatar.com\\\/avatar\\\/5e7ee62c82fc04d9dd79d746a390d93c69c43223e5faeeb3ea9461ef752bfc5d?s=96&d=mm&r=g\",\"contentUrl\":\"https:\\\/\\\/secure.gravatar.com\\\/avatar\\\/5e7ee62c82fc04d9dd79d746a390d93c69c43223e5faeeb3ea9461ef752bfc5d?s=96&d=mm&r=g\",\"caption\":\"diario3\"},\"url\":\"https:\\\/\\\/diariotextual.com\\\/inicio\\\/index.php\\\/author\\\/diario3\\\/\"}]}<\/script>\n<!-- \/ Yoast SEO plugin. -->","yoast_head_json":{"title":"Educaci\u00f3n present\u00f3 obra de teatro para reflexionar sobre convivencia y violencia digital - Diario Textual","robots":{"index":"index","follow":"follow","max-snippet":"max-snippet:-1","max-image-preview":"max-image-preview:large","max-video-preview":"max-video-preview:-1"},"canonical":"https:\/\/diariotextual.com\/inicio\/index.php\/2026\/09\/01\/educacion-presento-obra-de-teatro-para-reflexionar-sobre-convivencia-y-violencia-digital\/","og_locale":"es_ES","og_type":"article","og_title":"Educaci\u00f3n present\u00f3 obra de teatro para reflexionar sobre convivencia y violencia digital - Diario Textual","og_description":"El Ministerio de Educaci\u00f3n de La Pampa concret\u00f3 este martes, en el centro cultural Medasur, la presentaci\u00f3n oficial de la obra \u201cActivamos modo avi\u00f3n\u201d, que propone reflexionar sobre las formas&hellip;","og_url":"https:\/\/diariotextual.com\/inicio\/index.php\/2026\/09\/01\/educacion-presento-obra-de-teatro-para-reflexionar-sobre-convivencia-y-violencia-digital\/","og_site_name":"Diario Textual","article_publisher":"https:\/\/www.facebook.com\/eltextual","article_published_time":"2026-09-01T23:57:04+00:00","article_modified_time":"2026-09-01T23:57:08+00:00","og_image":[{"width":900,"height":460,"url":"https:\/\/diariotextual.com\/inicio\/wp-content\/uploads\/2026\/09\/obraactivamosmodoavion2026.jpg","type":"image\/jpeg"}],"author":"diario3","twitter_card":"summary_large_image","twitter_creator":"@eltextual","twitter_site":"@eltextual","twitter_misc":{"Escrito por":"diario3","Tiempo de lectura":"3 minutos"},"schema":{"@context":"https:\/\/schema.org","@graph":[{"@type":"Article","@id":"https:\/\/diariotextual.com\/inicio\/index.php\/2026\/09\/01\/educacion-presento-obra-de-teatro-para-reflexionar-sobre-convivencia-y-violencia-digital\/#article","isPartOf":{"@id":"https:\/\/diariotextual.com\/inicio\/index.php\/2026\/09\/01\/educacion-presento-obra-de-teatro-para-reflexionar-sobre-convivencia-y-violencia-digital\/"},"author":{"name":"diario3","@id":"https:\/\/diariotextual.com\/inicio\/#\/schema\/person\/a1b6f563e0ee944c60f98119389a4d9f"},"headline":"Educaci\u00f3n present\u00f3 obra de teatro para reflexionar sobre convivencia y violencia digital","datePublished":"2026-09-01T23:57:04+00:00","dateModified":"2026-09-01T23:57:08+00:00","mainEntityOfPage":{"@id":"https:\/\/diariotextual.com\/inicio\/index.php\/2026\/09\/01\/educacion-presento-obra-de-teatro-para-reflexionar-sobre-convivencia-y-violencia-digital\/"},"wordCount":471,"publisher":{"@id":"https:\/\/diariotextual.com\/inicio\/#organization"},"image":{"@id":"https:\/\/diariotextual.com\/inicio\/index.php\/2026\/09\/01\/educacion-presento-obra-de-teatro-para-reflexionar-sobre-convivencia-y-violencia-digital\/#primaryimage"},"thumbnailUrl":"https:\/\/diariotextual.com\/inicio\/wp-content\/uploads\/2026\/09\/obraactivamosmodoavion2026.jpg","articleSection":["A - ES NOTICIA (van abajo)","SOCIEDAD"],"inLanguage":"es"},{"@type":"WebPage","@id":"https:\/\/diariotextual.com\/inicio\/index.php\/2026\/09\/01\/educacion-presento-obra-de-teatro-para-reflexionar-sobre-convivencia-y-violencia-digital\/","url":"https:\/\/diariotextual.com\/inicio\/index.php\/2026\/09\/01\/educacion-presento-obra-de-teatro-para-reflexionar-sobre-convivencia-y-violencia-digital\/","name":"Educaci\u00f3n present\u00f3 obra de teatro para reflexionar sobre convivencia y violencia digital - Diario Textual","isPartOf":{"@id":"https:\/\/diariotextual.com\/inicio\/#website"},"primaryImageOfPage":{"@id":"https:\/\/diariotextual.com\/inicio\/index.php\/2026\/09\/01\/educacion-presento-obra-de-teatro-para-reflexionar-sobre-convivencia-y-violencia-digital\/#primaryimage"},"image":{"@id":"https:\/\/diariotextual.com\/inicio\/index.php\/2026\/09\/01\/educacion-presento-obra-de-teatro-para-reflexionar-sobre-convivencia-y-violencia-digital\/#primaryimage"},"thumbnailUrl":"https:\/\/diariotextual.com\/inicio\/wp-content\/uploads\/2026\/09\/obraactivamosmodoavion2026.jpg","datePublished":"2026-09-01T23:57:04+00:00","dateModified":"2026-09-01T23:57:08+00:00","breadcrumb":{"@id":"https:\/\/diariotextual.com\/inicio\/index.php\/2026\/09\/01\/educacion-presento-obra-de-teatro-para-reflexionar-sobre-convivencia-y-violencia-digital\/#breadcrumb"},"inLanguage":"es","potentialAction":[{"@type":"ReadAction","target":["https:\/\/diariotextual.com\/inicio\/index.php\/2026\/09\/01\/educacion-presento-obra-de-teatro-para-reflexionar-sobre-convivencia-y-violencia-digital\/"]}]},{"@type":"ImageObject","inLanguage":"es","@id":"https:\/\/diariotextual.com\/inicio\/index.php\/2026\/09\/01\/educacion-presento-obra-de-teatro-para-reflexionar-sobre-convivencia-y-violencia-digital\/#primaryimage","url":"https:\/\/diariotextual.com\/inicio\/wp-content\/uploads\/2026\/09\/obraactivamosmodoavion2026.jpg","contentUrl":"https:\/\/diariotextual.com\/inicio\/wp-content\/uploads\/2026\/09\/obraactivamosmodoavion2026.jpg","width":900,"height":460,"caption":"CREATOR: gd-jpeg v1.0 (using IJG JPEG v90), quality = 90"},{"@type":"BreadcrumbList","@id":"https:\/\/diariotextual.com\/inicio\/index.php\/2026\/09\/01\/educacion-presento-obra-de-teatro-para-reflexionar-sobre-convivencia-y-violencia-digital\/#breadcrumb","itemListElement":[{"@type":"ListItem","position":1,"name":"Portada","item":"https:\/\/diariotextual.com\/inicio\/"},{"@type":"ListItem","position":2,"name":"Educaci\u00f3n present\u00f3 obra de teatro para reflexionar sobre convivencia y violencia digital"}]},{"@type":"WebSite","@id":"https:\/\/diariotextual.com\/inicio\/#website","url":"https:\/\/diariotextual.com\/inicio\/","name":"Diario Textual","description":"","publisher":{"@id":"https:\/\/diariotextual.com\/inicio\/#organization"},"potentialAction":[{"@type":"SearchAction","target":{"@type":"EntryPoint","urlTemplate":"https:\/\/diariotextual.com\/inicio\/?s={search_term_string}"},"query-input":{"@type":"PropertyValueSpecification","valueRequired":true,"valueName":"search_term_string"}}],"inLanguage":"es"},{"@type":"Organization","@id":"https:\/\/diariotextual.com\/inicio\/#organization","name":"Diario Textual","url":"https:\/\/diariotextual.com\/inicio\/","logo":{"@type":"ImageObject","inLanguage":"es","@id":"https:\/\/diariotextual.com\/inicio\/#\/schema\/logo\/image\/","url":"https:\/\/diariotextual.com\/inicio\/wp-content\/uploads\/2023\/05\/logotextual1.jpg","contentUrl":"https:\/\/diariotextual.com\/inicio\/wp-content\/uploads\/2023\/05\/logotextual1.jpg","width":516,"height":76,"caption":"Diario Textual"},"image":{"@id":"https:\/\/diariotextual.com\/inicio\/#\/schema\/logo\/image\/"},"sameAs":["https:\/\/www.facebook.com\/eltextual","https:\/\/x.com\/eltextual","http:\/\/www.instagram.com\/eltextual"]},{"@type":"Person","@id":"https:\/\/diariotextual.com\/inicio\/#\/schema\/person\/a1b6f563e0ee944c60f98119389a4d9f","name":"diario3","image":{"@type":"ImageObject","inLanguage":"es","@id":"https:\/\/secure.gravatar.com\/avatar\/5e7ee62c82fc04d9dd79d746a390d93c69c43223e5faeeb3ea9461ef752bfc5d?s=96&d=mm&r=g","url":"https:\/\/secure.gravatar.com\/avatar\/5e7ee62c82fc04d9dd79d746a390d93c69c43223e5faeeb3ea9461ef752bfc5d?s=96&d=mm&r=g","contentUrl":"https:\/\/secure.gravatar.com\/avatar\/5e7ee62c82fc04d9dd79d746a390d93c69c43223e5faeeb3ea9461ef752bfc5d?s=96&d=mm&r=g","caption":"diario3"},"url":"https:\/\/diariotextual.com\/inicio\/index.php\/author\/diario3\/"}]}},"_links":{"self":[{"href":"https:\/\/diariotextual.com\/inicio\/index.php\/wp-json\/wp\/v2\/posts\/334302","targetHints":{"allow":["GET"]}}],"collection":[{"href":"https:\/\/diariotextual.com\/inicio\/index.php\/wp-json\/wp\/v2\/posts"}],"about":[{"href":"https:\/\/diariotextual.com\/inicio\/index.php\/wp-json\/wp\/v2\/types\/post"}],"author":[{"embeddable":true,"href":"https:\/\/diariotextual.com\/inicio\/index.php\/wp-json\/wp\/v2\/users\/5"}],"replies":[{"embeddable":true,"href":"https:\/\/diariotextual.com\/inicio\/index.php\/wp-json\/wp\/v2\/comments?post=334302"}],"version-history":[{"count":1,"href":"https:\/\/diariotextual.com\/inicio\/index.php\/wp-json\/wp\/v2\/posts\/334302\/revisions"}],"predecessor-version":[{"id":334304,"href":"https:\/\/diariotextual.com\/inicio\/index.php\/wp-json\/wp\/v2\/posts\/334302\/revisions\/334304"}],"wp:featuredmedia":[{"embeddable":true,"href":"https:\/\/diariotextual.com\/inicio\/index.php\/wp-json\/wp\/v2\/media\/334303"}],"wp:attachment":[{"href":"https:\/\/diariotextual.com\/inicio\/index.php\/wp-json\/wp\/v2\/media?parent=334302"}],"wp:term":[{"taxonomy":"category","embeddable":true,"href":"https:\/\/diariotextual.com\/inicio\/index.php\/wp-json\/wp\/v2\/categories?post=334302"},{"taxonomy":"post_tag","embeddable":true,"href":"https:\/\/diariotextual.com\/inicio\/index.php\/wp-json\/wp\/v2\/tags?post=334302"}],"curies":[{"name":"wp","href":"https:\/\/api.w.org\/{rel}","templated":true}]}}