{"id":334310,"date":"2026-09-02T08:19:21","date_gmt":"2026-09-02T11:19:21","guid":{"rendered":"https:\/\/diariotextual.com\/inicio\/?p=334310"},"modified":"2026-09-02T09:45:55","modified_gmt":"2026-09-02T12:45:55","slug":"paro-de-ate-afectara-a-aeropuertos-de-todo-el-pais-este-jueves-y-viernes","status":"publish","type":"post","link":"https:\/\/diariotextual.com\/inicio\/index.php\/2026\/09\/02\/paro-de-ate-afectara-a-aeropuertos-de-todo-el-pais-este-jueves-y-viernes\/","title":{"rendered":"Paro de ATE afectar\u00e1 a aeropuertos de todo el pa\u00eds este jueves y viernes"},"content":{"rendered":"\n<p class=\"wp-block-paragraph\">Casi\u00a0una treintena de aeropuertos de todo el pa\u00eds se ver\u00e1n afectados por una medida de fuerza impulsada por la Asociaci\u00f3n de Trabajadores del Estado (ATE),\u00a0que incluye a empleados de la Administraci\u00f3n Nacional de Aviaci\u00f3n Civil (ANAC), y que est\u00e1 programada para este\u00a0jueves y viernes.<\/p>\n\n\n\n<p class=\"wp-block-paragraph\">La medida se llevar\u00e1 a cabo de 9 a 12 y de 18 a 21, y en esas franjas solamente estar\u00e1n garantizados los vuelos sanitarios, humanitarios, traslados de \u00f3rganos y oficiales.<\/p>\n\n\n\n<p class=\"wp-block-paragraph\">Entre las estaciones a\u00e9reas involucradas aparecen el aeropuerto Internacional de\u00a0Ezeiza,\u00a0como as\u00ed tambi\u00e9n\u00a0Aeroparque, por lo que se van a registrar demoras o cancelaciones en los vuelos programados durante esas 48 horas.<\/p>\n\n\n\n<p class=\"wp-block-paragraph\">Rodolfo Aguiar\u00a0-titular de ATE- advirti\u00f3 que\u00a0\u201csi se producen demoras no es por culpa de los trabajadores.\u00a0Comunicamos la medida de fuerza con suficiente antelaci\u00f3n para que el Gobierno pudiera responder a cada una de nuestras demandas\u201d.<\/p>\n\n\n\n<p class=\"wp-block-paragraph\">Dijo que los salarios se encuentran\u00a0absolutamente deteriorados,\u00a0y no se corresponden con las altas responsabilidades que se ejercen en el sector. \u201cSi no se abre una instancia de di\u00e1logo responsable y real, necesariamente\u00a0el conflicto se va a profundizar\u201d, a\u00f1adi\u00f3.<\/p>\n\n\n\n<p class=\"wp-block-paragraph\">La disputa se origin\u00f3 por un incumplimiento del gobierno, seg\u00fan afirmaron desde ATE, ya que\u00a0no se abonaron los adicionales previstos en las paritarias\u00a0y adem\u00e1s las negociaciones siguen estancadas; adem\u00e1s, el sindicato denunci\u00f3 el\u00a0deterioro de las condiciones laborales\u00a0y el desfinanciamiento en distintas \u00e1reas.<\/p>\n\n\n\n<p class=\"wp-block-paragraph\">En ese sentido, el sindicato remarc\u00f3 que los trabajadores de ATE perdieron cerca del 40 por ciento del poder adquisitivo desde que Javier Milei asumi\u00f3 el gobierno, mientras que la situaci\u00f3n de los empleados de ANAC es similar.<\/p>\n","protected":false},"excerpt":{"rendered":"<p>Casi\u00a0una treintena de aeropuertos de todo el pa\u00eds se ver\u00e1n afectados por una medida de fuerza impulsada por la Asociaci\u00f3n de Trabajadores del Estado (ATE),\u00a0que incluye a empleados de la&hellip;<\/p>\n","protected":false},"author":7,"featured_media":197410,"comment_status":"closed","ping_status":"open","sticky":false,"template":"","format":"standard","meta":{"_acf_changed":false,"footnotes":""},"categories":[1,12],"tags":[],"class_list":["post-334310","post","type-post","status-publish","format-standard","has-post-thumbnail","hentry","category-es-noticia","category-sociedad"],"acf":[],"yoast_head":"<!-- This site is optimized with the Yoast SEO plugin v28.4 - https:\/\/yoast.com\/product\/yoast-seo-wordpress\/ -->\n<title>Paro de ATE afectar\u00e1 a aeropuertos de todo el pa\u00eds este jueves y viernes - Diario Textual<\/title>\n<meta name=\"robots\" content=\"index, follow, max-snippet:-1, max-image-preview:large, max-video-preview:-1\" \/>\n<link rel=\"canonical\" href=\"https:\/\/diariotextual.com\/inicio\/index.php\/2026\/09\/02\/paro-de-ate-afectara-a-aeropuertos-de-todo-el-pais-este-jueves-y-viernes\/\" \/>\n<meta property=\"og:locale\" content=\"es_ES\" \/>\n<meta property=\"og:type\" content=\"article\" \/>\n<meta property=\"og:title\" content=\"Paro de ATE afectar\u00e1 a aeropuertos de todo el pa\u00eds este jueves y viernes - Diario Textual\" \/>\n<meta property=\"og:description\" content=\"Casi\u00a0una treintena de aeropuertos de todo el pa\u00eds se ver\u00e1n afectados por una medida de fuerza impulsada por la Asociaci\u00f3n de Trabajadores del Estado (ATE),\u00a0que incluye a empleados de la&hellip;\" \/>\n<meta property=\"og:url\" content=\"https:\/\/diariotextual.com\/inicio\/index.php\/2026\/09\/02\/paro-de-ate-afectara-a-aeropuertos-de-todo-el-pais-este-jueves-y-viernes\/\" \/>\n<meta property=\"og:site_name\" content=\"Diario Textual\" \/>\n<meta property=\"article:publisher\" content=\"https:\/\/www.facebook.com\/eltextual\" \/>\n<meta property=\"article:published_time\" content=\"2026-09-02T11:19:21+00:00\" \/>\n<meta property=\"article:modified_time\" content=\"2026-09-02T12:45:55+00:00\" \/>\n<meta property=\"og:image\" content=\"https:\/\/diariotextual.com\/inicio\/wp-content\/uploads\/2022\/08\/aerolineasargentinasaeropuertotelam2022-08.jpg\" \/>\n\t<meta property=\"og:image:width\" content=\"900\" \/>\n\t<meta property=\"og:image:height\" content=\"506\" \/>\n\t<meta property=\"og:image:type\" content=\"image\/jpeg\" \/>\n<meta name=\"author\" content=\"diario5\" \/>\n<meta name=\"twitter:card\" content=\"summary_large_image\" \/>\n<meta name=\"twitter:creator\" content=\"@eltextual\" \/>\n<meta name=\"twitter:site\" content=\"@eltextual\" \/>\n<meta name=\"twitter:label1\" content=\"Escrito por\" \/>\n\t<meta name=\"twitter:data1\" content=\"diario5\" \/>\n\t<meta name=\"twitter:label2\" content=\"Tiempo de lectura\" \/>\n\t<meta name=\"twitter:data2\" content=\"2 minutos\" \/>\n<script type=\"application\/ld+json\" class=\"yoast-schema-graph\">{\"@context\":\"https:\\\/\\\/schema.org\",\"@graph\":[{\"@type\":\"Article\",\"@id\":\"https:\\\/\\\/diariotextual.com\\\/inicio\\\/index.php\\\/2026\\\/09\\\/02\\\/paro-de-ate-afectara-a-aeropuertos-de-todo-el-pais-este-jueves-y-viernes\\\/#article\",\"isPartOf\":{\"@id\":\"https:\\\/\\\/diariotextual.com\\\/inicio\\\/index.php\\\/2026\\\/09\\\/02\\\/paro-de-ate-afectara-a-aeropuertos-de-todo-el-pais-este-jueves-y-viernes\\\/\"},\"author\":{\"name\":\"diario5\",\"@id\":\"https:\\\/\\\/diariotextual.com\\\/inicio\\\/#\\\/schema\\\/person\\\/c7834961ad8b29b1d9cdbf4571299067\"},\"headline\":\"Paro de ATE afectar\u00e1 a aeropuertos de todo el pa\u00eds este jueves y viernes\",\"datePublished\":\"2026-09-02T11:19:21+00:00\",\"dateModified\":\"2026-09-02T12:45:55+00:00\",\"mainEntityOfPage\":{\"@id\":\"https:\\\/\\\/diariotextual.com\\\/inicio\\\/index.php\\\/2026\\\/09\\\/02\\\/paro-de-ate-afectara-a-aeropuertos-de-todo-el-pais-este-jueves-y-viernes\\\/\"},\"wordCount\":298,\"publisher\":{\"@id\":\"https:\\\/\\\/diariotextual.com\\\/inicio\\\/#organization\"},\"image\":{\"@id\":\"https:\\\/\\\/diariotextual.com\\\/inicio\\\/index.php\\\/2026\\\/09\\\/02\\\/paro-de-ate-afectara-a-aeropuertos-de-todo-el-pais-este-jueves-y-viernes\\\/#primaryimage\"},\"thumbnailUrl\":\"https:\\\/\\\/diariotextual.com\\\/inicio\\\/wp-content\\\/uploads\\\/2022\\\/08\\\/aerolineasargentinasaeropuertotelam2022-08.jpg\",\"articleSection\":[\"A - ES NOTICIA (van abajo)\",\"SOCIEDAD\"],\"inLanguage\":\"es\"},{\"@type\":\"WebPage\",\"@id\":\"https:\\\/\\\/diariotextual.com\\\/inicio\\\/index.php\\\/2026\\\/09\\\/02\\\/paro-de-ate-afectara-a-aeropuertos-de-todo-el-pais-este-jueves-y-viernes\\\/\",\"url\":\"https:\\\/\\\/diariotextual.com\\\/inicio\\\/index.php\\\/2026\\\/09\\\/02\\\/paro-de-ate-afectara-a-aeropuertos-de-todo-el-pais-este-jueves-y-viernes\\\/\",\"name\":\"Paro de ATE afectar\u00e1 a aeropuertos de todo el pa\u00eds este jueves y viernes - Diario Textual\",\"isPartOf\":{\"@id\":\"https:\\\/\\\/diariotextual.com\\\/inicio\\\/#website\"},\"primaryImageOfPage\":{\"@id\":\"https:\\\/\\\/diariotextual.com\\\/inicio\\\/index.php\\\/2026\\\/09\\\/02\\\/paro-de-ate-afectara-a-aeropuertos-de-todo-el-pais-este-jueves-y-viernes\\\/#primaryimage\"},\"image\":{\"@id\":\"https:\\\/\\\/diariotextual.com\\\/inicio\\\/index.php\\\/2026\\\/09\\\/02\\\/paro-de-ate-afectara-a-aeropuertos-de-todo-el-pais-este-jueves-y-viernes\\\/#primaryimage\"},\"thumbnailUrl\":\"https:\\\/\\\/diariotextual.com\\\/inicio\\\/wp-content\\\/uploads\\\/2022\\\/08\\\/aerolineasargentinasaeropuertotelam2022-08.jpg\",\"datePublished\":\"2026-09-02T11:19:21+00:00\",\"dateModified\":\"2026-09-02T12:45:55+00:00\",\"breadcrumb\":{\"@id\":\"https:\\\/\\\/diariotextual.com\\\/inicio\\\/index.php\\\/2026\\\/09\\\/02\\\/paro-de-ate-afectara-a-aeropuertos-de-todo-el-pais-este-jueves-y-viernes\\\/#breadcrumb\"},\"inLanguage\":\"es\",\"potentialAction\":[{\"@type\":\"ReadAction\",\"target\":[\"https:\\\/\\\/diariotextual.com\\\/inicio\\\/index.php\\\/2026\\\/09\\\/02\\\/paro-de-ate-afectara-a-aeropuertos-de-todo-el-pais-este-jueves-y-viernes\\\/\"]}]},{\"@type\":\"ImageObject\",\"inLanguage\":\"es\",\"@id\":\"https:\\\/\\\/diariotextual.com\\\/inicio\\\/index.php\\\/2026\\\/09\\\/02\\\/paro-de-ate-afectara-a-aeropuertos-de-todo-el-pais-este-jueves-y-viernes\\\/#primaryimage\",\"url\":\"https:\\\/\\\/diariotextual.com\\\/inicio\\\/wp-content\\\/uploads\\\/2022\\\/08\\\/aerolineasargentinasaeropuertotelam2022-08.jpg\",\"contentUrl\":\"https:\\\/\\\/diariotextual.com\\\/inicio\\\/wp-content\\\/uploads\\\/2022\\\/08\\\/aerolineasargentinasaeropuertotelam2022-08.jpg\",\"width\":900,\"height\":506},{\"@type\":\"BreadcrumbList\",\"@id\":\"https:\\\/\\\/diariotextual.com\\\/inicio\\\/index.php\\\/2026\\\/09\\\/02\\\/paro-de-ate-afectara-a-aeropuertos-de-todo-el-pais-este-jueves-y-viernes\\\/#breadcrumb\",\"itemListElement\":[{\"@type\":\"ListItem\",\"position\":1,\"name\":\"Portada\",\"item\":\"https:\\\/\\\/diariotextual.com\\\/inicio\\\/\"},{\"@type\":\"ListItem\",\"position\":2,\"name\":\"Paro de ATE afectar\u00e1 a aeropuertos de todo el pa\u00eds este jueves y viernes\"}]},{\"@type\":\"WebSite\",\"@id\":\"https:\\\/\\\/diariotextual.com\\\/inicio\\\/#website\",\"url\":\"https:\\\/\\\/diariotextual.com\\\/inicio\\\/\",\"name\":\"Diario Textual\",\"description\":\"\",\"publisher\":{\"@id\":\"https:\\\/\\\/diariotextual.com\\\/inicio\\\/#organization\"},\"potentialAction\":[{\"@type\":\"SearchAction\",\"target\":{\"@type\":\"EntryPoint\",\"urlTemplate\":\"https:\\\/\\\/diariotextual.com\\\/inicio\\\/?s={search_term_string}\"},\"query-input\":{\"@type\":\"PropertyValueSpecification\",\"valueRequired\":true,\"valueName\":\"search_term_string\"}}],\"inLanguage\":\"es\"},{\"@type\":\"Organization\",\"@id\":\"https:\\\/\\\/diariotextual.com\\\/inicio\\\/#organization\",\"name\":\"Diario Textual\",\"url\":\"https:\\\/\\\/diariotextual.com\\\/inicio\\\/\",\"logo\":{\"@type\":\"ImageObject\",\"inLanguage\":\"es\",\"@id\":\"https:\\\/\\\/diariotextual.com\\\/inicio\\\/#\\\/schema\\\/logo\\\/image\\\/\",\"url\":\"https:\\\/\\\/diariotextual.com\\\/inicio\\\/wp-content\\\/uploads\\\/2023\\\/05\\\/logotextual1.jpg\",\"contentUrl\":\"https:\\\/\\\/diariotextual.com\\\/inicio\\\/wp-content\\\/uploads\\\/2023\\\/05\\\/logotextual1.jpg\",\"width\":516,\"height\":76,\"caption\":\"Diario Textual\"},\"image\":{\"@id\":\"https:\\\/\\\/diariotextual.com\\\/inicio\\\/#\\\/schema\\\/logo\\\/image\\\/\"},\"sameAs\":[\"https:\\\/\\\/www.facebook.com\\\/eltextual\",\"https:\\\/\\\/x.com\\\/eltextual\",\"http:\\\/\\\/www.instagram.com\\\/eltextual\"]},{\"@type\":\"Person\",\"@id\":\"https:\\\/\\\/diariotextual.com\\\/inicio\\\/#\\\/schema\\\/person\\\/c7834961ad8b29b1d9cdbf4571299067\",\"name\":\"diario5\",\"image\":{\"@type\":\"ImageObject\",\"inLanguage\":\"es\",\"@id\":\"https:\\\/\\\/secure.gravatar.com\\\/avatar\\\/948c893b847ca6df68216ead81b63f363408ec9b0f600fefc0641ce78613b111?s=96&d=mm&r=g\",\"url\":\"https:\\\/\\\/secure.gravatar.com\\\/avatar\\\/948c893b847ca6df68216ead81b63f363408ec9b0f600fefc0641ce78613b111?s=96&d=mm&r=g\",\"contentUrl\":\"https:\\\/\\\/secure.gravatar.com\\\/avatar\\\/948c893b847ca6df68216ead81b63f363408ec9b0f600fefc0641ce78613b111?s=96&d=mm&r=g\",\"caption\":\"diario5\"},\"url\":\"https:\\\/\\\/diariotextual.com\\\/inicio\\\/index.php\\\/author\\\/diario5\\\/\"}]}<\/script>\n<!-- \/ Yoast SEO plugin. -->","yoast_head_json":{"title":"Paro de ATE afectar\u00e1 a aeropuertos de todo el pa\u00eds este jueves y viernes - Diario Textual","robots":{"index":"index","follow":"follow","max-snippet":"max-snippet:-1","max-image-preview":"max-image-preview:large","max-video-preview":"max-video-preview:-1"},"canonical":"https:\/\/diariotextual.com\/inicio\/index.php\/2026\/09\/02\/paro-de-ate-afectara-a-aeropuertos-de-todo-el-pais-este-jueves-y-viernes\/","og_locale":"es_ES","og_type":"article","og_title":"Paro de ATE afectar\u00e1 a aeropuertos de todo el pa\u00eds este jueves y viernes - Diario Textual","og_description":"Casi\u00a0una treintena de aeropuertos de todo el pa\u00eds se ver\u00e1n afectados por una medida de fuerza impulsada por la Asociaci\u00f3n de Trabajadores del Estado (ATE),\u00a0que incluye a empleados de la&hellip;","og_url":"https:\/\/diariotextual.com\/inicio\/index.php\/2026\/09\/02\/paro-de-ate-afectara-a-aeropuertos-de-todo-el-pais-este-jueves-y-viernes\/","og_site_name":"Diario Textual","article_publisher":"https:\/\/www.facebook.com\/eltextual","article_published_time":"2026-09-02T11:19:21+00:00","article_modified_time":"2026-09-02T12:45:55+00:00","og_image":[{"width":900,"height":506,"url":"https:\/\/diariotextual.com\/inicio\/wp-content\/uploads\/2022\/08\/aerolineasargentinasaeropuertotelam2022-08.jpg","type":"image\/jpeg"}],"author":"diario5","twitter_card":"summary_large_image","twitter_creator":"@eltextual","twitter_site":"@eltextual","twitter_misc":{"Escrito por":"diario5","Tiempo de lectura":"2 minutos"},"schema":{"@context":"https:\/\/schema.org","@graph":[{"@type":"Article","@id":"https:\/\/diariotextual.com\/inicio\/index.php\/2026\/09\/02\/paro-de-ate-afectara-a-aeropuertos-de-todo-el-pais-este-jueves-y-viernes\/#article","isPartOf":{"@id":"https:\/\/diariotextual.com\/inicio\/index.php\/2026\/09\/02\/paro-de-ate-afectara-a-aeropuertos-de-todo-el-pais-este-jueves-y-viernes\/"},"author":{"name":"diario5","@id":"https:\/\/diariotextual.com\/inicio\/#\/schema\/person\/c7834961ad8b29b1d9cdbf4571299067"},"headline":"Paro de ATE afectar\u00e1 a aeropuertos de todo el pa\u00eds este jueves y viernes","datePublished":"2026-09-02T11:19:21+00:00","dateModified":"2026-09-02T12:45:55+00:00","mainEntityOfPage":{"@id":"https:\/\/diariotextual.com\/inicio\/index.php\/2026\/09\/02\/paro-de-ate-afectara-a-aeropuertos-de-todo-el-pais-este-jueves-y-viernes\/"},"wordCount":298,"publisher":{"@id":"https:\/\/diariotextual.com\/inicio\/#organization"},"image":{"@id":"https:\/\/diariotextual.com\/inicio\/index.php\/2026\/09\/02\/paro-de-ate-afectara-a-aeropuertos-de-todo-el-pais-este-jueves-y-viernes\/#primaryimage"},"thumbnailUrl":"https:\/\/diariotextual.com\/inicio\/wp-content\/uploads\/2022\/08\/aerolineasargentinasaeropuertotelam2022-08.jpg","articleSection":["A - ES NOTICIA (van abajo)","SOCIEDAD"],"inLanguage":"es"},{"@type":"WebPage","@id":"https:\/\/diariotextual.com\/inicio\/index.php\/2026\/09\/02\/paro-de-ate-afectara-a-aeropuertos-de-todo-el-pais-este-jueves-y-viernes\/","url":"https:\/\/diariotextual.com\/inicio\/index.php\/2026\/09\/02\/paro-de-ate-afectara-a-aeropuertos-de-todo-el-pais-este-jueves-y-viernes\/","name":"Paro de ATE afectar\u00e1 a aeropuertos de todo el pa\u00eds este jueves y viernes - Diario Textual","isPartOf":{"@id":"https:\/\/diariotextual.com\/inicio\/#website"},"primaryImageOfPage":{"@id":"https:\/\/diariotextual.com\/inicio\/index.php\/2026\/09\/02\/paro-de-ate-afectara-a-aeropuertos-de-todo-el-pais-este-jueves-y-viernes\/#primaryimage"},"image":{"@id":"https:\/\/diariotextual.com\/inicio\/index.php\/2026\/09\/02\/paro-de-ate-afectara-a-aeropuertos-de-todo-el-pais-este-jueves-y-viernes\/#primaryimage"},"thumbnailUrl":"https:\/\/diariotextual.com\/inicio\/wp-content\/uploads\/2022\/08\/aerolineasargentinasaeropuertotelam2022-08.jpg","datePublished":"2026-09-02T11:19:21+00:00","dateModified":"2026-09-02T12:45:55+00:00","breadcrumb":{"@id":"https:\/\/diariotextual.com\/inicio\/index.php\/2026\/09\/02\/paro-de-ate-afectara-a-aeropuertos-de-todo-el-pais-este-jueves-y-viernes\/#breadcrumb"},"inLanguage":"es","potentialAction":[{"@type":"ReadAction","target":["https:\/\/diariotextual.com\/inicio\/index.php\/2026\/09\/02\/paro-de-ate-afectara-a-aeropuertos-de-todo-el-pais-este-jueves-y-viernes\/"]}]},{"@type":"ImageObject","inLanguage":"es","@id":"https:\/\/diariotextual.com\/inicio\/index.php\/2026\/09\/02\/paro-de-ate-afectara-a-aeropuertos-de-todo-el-pais-este-jueves-y-viernes\/#primaryimage","url":"https:\/\/diariotextual.com\/inicio\/wp-content\/uploads\/2022\/08\/aerolineasargentinasaeropuertotelam2022-08.jpg","contentUrl":"https:\/\/diariotextual.com\/inicio\/wp-content\/uploads\/2022\/08\/aerolineasargentinasaeropuertotelam2022-08.jpg","width":900,"height":506},{"@type":"BreadcrumbList","@id":"https:\/\/diariotextual.com\/inicio\/index.php\/2026\/09\/02\/paro-de-ate-afectara-a-aeropuertos-de-todo-el-pais-este-jueves-y-viernes\/#breadcrumb","itemListElement":[{"@type":"ListItem","position":1,"name":"Portada","item":"https:\/\/diariotextual.com\/inicio\/"},{"@type":"ListItem","position":2,"name":"Paro de ATE afectar\u00e1 a aeropuertos de todo el pa\u00eds este jueves y viernes"}]},{"@type":"WebSite","@id":"https:\/\/diariotextual.com\/inicio\/#website","url":"https:\/\/diariotextual.com\/inicio\/","name":"Diario Textual","description":"","publisher":{"@id":"https:\/\/diariotextual.com\/inicio\/#organization"},"potentialAction":[{"@type":"SearchAction","target":{"@type":"EntryPoint","urlTemplate":"https:\/\/diariotextual.com\/inicio\/?s={search_term_string}"},"query-input":{"@type":"PropertyValueSpecification","valueRequired":true,"valueName":"search_term_string"}}],"inLanguage":"es"},{"@type":"Organization","@id":"https:\/\/diariotextual.com\/inicio\/#organization","name":"Diario Textual","url":"https:\/\/diariotextual.com\/inicio\/","logo":{"@type":"ImageObject","inLanguage":"es","@id":"https:\/\/diariotextual.com\/inicio\/#\/schema\/logo\/image\/","url":"https:\/\/diariotextual.com\/inicio\/wp-content\/uploads\/2023\/05\/logotextual1.jpg","contentUrl":"https:\/\/diariotextual.com\/inicio\/wp-content\/uploads\/2023\/05\/logotextual1.jpg","width":516,"height":76,"caption":"Diario Textual"},"image":{"@id":"https:\/\/diariotextual.com\/inicio\/#\/schema\/logo\/image\/"},"sameAs":["https:\/\/www.facebook.com\/eltextual","https:\/\/x.com\/eltextual","http:\/\/www.instagram.com\/eltextual"]},{"@type":"Person","@id":"https:\/\/diariotextual.com\/inicio\/#\/schema\/person\/c7834961ad8b29b1d9cdbf4571299067","name":"diario5","image":{"@type":"ImageObject","inLanguage":"es","@id":"https:\/\/secure.gravatar.com\/avatar\/948c893b847ca6df68216ead81b63f363408ec9b0f600fefc0641ce78613b111?s=96&d=mm&r=g","url":"https:\/\/secure.gravatar.com\/avatar\/948c893b847ca6df68216ead81b63f363408ec9b0f600fefc0641ce78613b111?s=96&d=mm&r=g","contentUrl":"https:\/\/secure.gravatar.com\/avatar\/948c893b847ca6df68216ead81b63f363408ec9b0f600fefc0641ce78613b111?s=96&d=mm&r=g","caption":"diario5"},"url":"https:\/\/diariotextual.com\/inicio\/index.php\/author\/diario5\/"}]}},"_links":{"self":[{"href":"https:\/\/diariotextual.com\/inicio\/index.php\/wp-json\/wp\/v2\/posts\/334310","targetHints":{"allow":["GET"]}}],"collection":[{"href":"https:\/\/diariotextual.com\/inicio\/index.php\/wp-json\/wp\/v2\/posts"}],"about":[{"href":"https:\/\/diariotextual.com\/inicio\/index.php\/wp-json\/wp\/v2\/types\/post"}],"author":[{"embeddable":true,"href":"https:\/\/diariotextual.com\/inicio\/index.php\/wp-json\/wp\/v2\/users\/7"}],"replies":[{"embeddable":true,"href":"https:\/\/diariotextual.com\/inicio\/index.php\/wp-json\/wp\/v2\/comments?post=334310"}],"version-history":[{"count":1,"href":"https:\/\/diariotextual.com\/inicio\/index.php\/wp-json\/wp\/v2\/posts\/334310\/revisions"}],"predecessor-version":[{"id":334311,"href":"https:\/\/diariotextual.com\/inicio\/index.php\/wp-json\/wp\/v2\/posts\/334310\/revisions\/334311"}],"wp:featuredmedia":[{"embeddable":true,"href":"https:\/\/diariotextual.com\/inicio\/index.php\/wp-json\/wp\/v2\/media\/197410"}],"wp:attachment":[{"href":"https:\/\/diariotextual.com\/inicio\/index.php\/wp-json\/wp\/v2\/media?parent=334310"}],"wp:term":[{"taxonomy":"category","embeddable":true,"href":"https:\/\/diariotextual.com\/inicio\/index.php\/wp-json\/wp\/v2\/categories?post=334310"},{"taxonomy":"post_tag","embeddable":true,"href":"https:\/\/diariotextual.com\/inicio\/index.php\/wp-json\/wp\/v2\/tags?post=334310"}],"curies":[{"name":"wp","href":"https:\/\/api.w.org\/{rel}","templated":true}]}}