{"id":334312,"date":"2026-09-02T08:27:30","date_gmt":"2026-09-02T11:27:30","guid":{"rendered":"https:\/\/diariotextual.com\/inicio\/?p=334312"},"modified":"2026-09-02T09:24:29","modified_gmt":"2026-09-02T12:24:29","slug":"el-gobierno-fijo-aumentos-escalonados-para-el-salario-minimo-hasta-abril-de-2027","status":"publish","type":"post","link":"https:\/\/diariotextual.com\/inicio\/index.php\/2026\/09\/02\/el-gobierno-fijo-aumentos-escalonados-para-el-salario-minimo-hasta-abril-de-2027\/","title":{"rendered":"El Gobierno fij\u00f3 aumentos escalonados para el salario m\u00ednimo hasta abril de 2027"},"content":{"rendered":"\n<p class=\"wp-block-paragraph\">El Gobierno fij\u00f3\u00a0nuevos pisos salariales con aumentos escalonados desde septiembre de este a\u00f1o hasta abril de 2027, junto con la prestaci\u00f3n por desempleo, mediante la Resoluci\u00f3n 4\/2026 publicada este mi\u00e9rcoles en el Bolet\u00edn Oficial.<\/p>\n\n\n\n<p class=\"wp-block-paragraph\">La medida, dispuesta por la presidenta alterna del Consejo Nacional del Empleo, la Productividad y el Salario M\u00ednimo, Vital y M\u00f3vil, Claudia Silvana Testa,\u00a0se toma tras las negociaciones truncas\u00a0entre los representantes sindicales y empleadores, que no lograron un consenso en la sesi\u00f3n plenaria realizada el 28 de agosto.<\/p>\n\n\n\n<p class=\"wp-block-paragraph\">Al respecto, el texto oficial precis\u00f3 que en dicha oportunidad se detallaron las propuestas de los representantes de ambos sectores, pero\u00a0\u201cluego de un extenso intercambio de opiniones, no se logr\u00f3 alcanzar un acuerdo\u201d.<\/p>\n\n\n\n<p class=\"wp-block-paragraph\">De esta manera, el Ejecutivo\u00a0defini\u00f3 nuevamente de manera unilateral\u00a0la remuneraci\u00f3n m\u00ednima para todos los trabajadores comprendidos en el R\u00e9gimen de Contrato de Trabajo, en el R\u00e9gimen de Trabajo Agrario, de la Administraci\u00f3n P\u00fablica Nacional y de todas las entidades y organismos del Estado Nacional que act\u00fae como empleador.<\/p>\n\n\n\n<p class=\"wp-block-paragraph\">Hasta agosto el valor del salario m\u00ednimo era de $376.600 y con la actualizaci\u00f3n pasar\u00e1 en septiembre a $383.800, mientras que en el cuarto mes del pr\u00f3ximo calendario\u00a0llegar\u00e1 a $437.000, lo que implica que en 8 meses subir\u00e1 $60.400. <\/p>\n\n\n\n<p class=\"wp-block-paragraph\">Los nuevos montos por mes y hora son los siguientes: septiembre 2026, $383.800 el mes y $1.919 la hora; octubre 2026, $391.200 el mes y $1.956 por hora; noviembre 2026, $398.800 el mes y $1.994 la hora; diciembre 2026, $406.400 el mes y $2.032 por hora; enero 2027, $414.200 el mes y $2.071 la hora; febrero 2027, $422.000 el mes y $2.110 la hora; marzo 2027, $429.600 el mes y $2.148 la hora; y abril 2027, $437.000 el mes y $2.185 la hora.<\/p>\n","protected":false},"excerpt":{"rendered":"<p>El Gobierno fij\u00f3\u00a0nuevos pisos salariales con aumentos escalonados desde septiembre de este a\u00f1o hasta abril de 2027, junto con la prestaci\u00f3n por desempleo, mediante la Resoluci\u00f3n 4\/2026 publicada este mi\u00e9rcoles&hellip;<\/p>\n","protected":false},"author":7,"featured_media":297522,"comment_status":"closed","ping_status":"open","sticky":false,"template":"","format":"standard","meta":{"_acf_changed":false,"footnotes":""},"categories":[1,12],"tags":[],"class_list":["post-334312","post","type-post","status-publish","format-standard","has-post-thumbnail","hentry","category-es-noticia","category-sociedad"],"acf":[],"yoast_head":"<!-- This site is optimized with the Yoast SEO plugin v28.4 - https:\/\/yoast.com\/product\/yoast-seo-wordpress\/ -->\n<title>El Gobierno fij\u00f3 aumentos escalonados para el salario m\u00ednimo hasta abril de 2027 - Diario Textual<\/title>\n<meta name=\"robots\" content=\"index, follow, max-snippet:-1, max-image-preview:large, max-video-preview:-1\" \/>\n<link rel=\"canonical\" href=\"https:\/\/diariotextual.com\/inicio\/index.php\/2026\/09\/02\/el-gobierno-fijo-aumentos-escalonados-para-el-salario-minimo-hasta-abril-de-2027\/\" \/>\n<meta property=\"og:locale\" content=\"es_ES\" \/>\n<meta property=\"og:type\" content=\"article\" \/>\n<meta property=\"og:title\" content=\"El Gobierno fij\u00f3 aumentos escalonados para el salario m\u00ednimo hasta abril de 2027 - Diario Textual\" \/>\n<meta property=\"og:description\" content=\"El Gobierno fij\u00f3\u00a0nuevos pisos salariales con aumentos escalonados desde septiembre de este a\u00f1o hasta abril de 2027, junto con la prestaci\u00f3n por desempleo, mediante la Resoluci\u00f3n 4\/2026 publicada este mi\u00e9rcoles&hellip;\" \/>\n<meta property=\"og:url\" content=\"https:\/\/diariotextual.com\/inicio\/index.php\/2026\/09\/02\/el-gobierno-fijo-aumentos-escalonados-para-el-salario-minimo-hasta-abril-de-2027\/\" \/>\n<meta property=\"og:site_name\" content=\"Diario Textual\" \/>\n<meta property=\"article:publisher\" content=\"https:\/\/www.facebook.com\/eltextual\" \/>\n<meta property=\"article:published_time\" content=\"2026-09-02T11:27:30+00:00\" \/>\n<meta property=\"article:modified_time\" content=\"2026-09-02T12:24:29+00:00\" \/>\n<meta property=\"og:image\" content=\"https:\/\/diariotextual.com\/inicio\/wp-content\/uploads\/2025\/05\/billetescajero.jpg\" \/>\n\t<meta property=\"og:image:width\" content=\"696\" \/>\n\t<meta property=\"og:image:height\" content=\"387\" \/>\n\t<meta property=\"og:image:type\" content=\"image\/jpeg\" \/>\n<meta name=\"author\" content=\"diario5\" \/>\n<meta name=\"twitter:card\" content=\"summary_large_image\" \/>\n<meta name=\"twitter:creator\" content=\"@eltextual\" \/>\n<meta name=\"twitter:site\" content=\"@eltextual\" \/>\n<meta name=\"twitter:label1\" content=\"Escrito por\" \/>\n\t<meta name=\"twitter:data1\" content=\"diario5\" \/>\n\t<meta name=\"twitter:label2\" content=\"Tiempo de lectura\" \/>\n\t<meta name=\"twitter:data2\" content=\"2 minutos\" \/>\n<script type=\"application\/ld+json\" class=\"yoast-schema-graph\">{\"@context\":\"https:\\\/\\\/schema.org\",\"@graph\":[{\"@type\":\"Article\",\"@id\":\"https:\\\/\\\/diariotextual.com\\\/inicio\\\/index.php\\\/2026\\\/09\\\/02\\\/el-gobierno-fijo-aumentos-escalonados-para-el-salario-minimo-hasta-abril-de-2027\\\/#article\",\"isPartOf\":{\"@id\":\"https:\\\/\\\/diariotextual.com\\\/inicio\\\/index.php\\\/2026\\\/09\\\/02\\\/el-gobierno-fijo-aumentos-escalonados-para-el-salario-minimo-hasta-abril-de-2027\\\/\"},\"author\":{\"name\":\"diario5\",\"@id\":\"https:\\\/\\\/diariotextual.com\\\/inicio\\\/#\\\/schema\\\/person\\\/c7834961ad8b29b1d9cdbf4571299067\"},\"headline\":\"El Gobierno fij\u00f3 aumentos escalonados para el salario m\u00ednimo hasta abril de 2027\",\"datePublished\":\"2026-09-02T11:27:30+00:00\",\"dateModified\":\"2026-09-02T12:24:29+00:00\",\"mainEntityOfPage\":{\"@id\":\"https:\\\/\\\/diariotextual.com\\\/inicio\\\/index.php\\\/2026\\\/09\\\/02\\\/el-gobierno-fijo-aumentos-escalonados-para-el-salario-minimo-hasta-abril-de-2027\\\/\"},\"wordCount\":291,\"publisher\":{\"@id\":\"https:\\\/\\\/diariotextual.com\\\/inicio\\\/#organization\"},\"image\":{\"@id\":\"https:\\\/\\\/diariotextual.com\\\/inicio\\\/index.php\\\/2026\\\/09\\\/02\\\/el-gobierno-fijo-aumentos-escalonados-para-el-salario-minimo-hasta-abril-de-2027\\\/#primaryimage\"},\"thumbnailUrl\":\"https:\\\/\\\/diariotextual.com\\\/inicio\\\/wp-content\\\/uploads\\\/2025\\\/05\\\/billetescajero.jpg\",\"articleSection\":[\"A - ES NOTICIA (van abajo)\",\"SOCIEDAD\"],\"inLanguage\":\"es\"},{\"@type\":\"WebPage\",\"@id\":\"https:\\\/\\\/diariotextual.com\\\/inicio\\\/index.php\\\/2026\\\/09\\\/02\\\/el-gobierno-fijo-aumentos-escalonados-para-el-salario-minimo-hasta-abril-de-2027\\\/\",\"url\":\"https:\\\/\\\/diariotextual.com\\\/inicio\\\/index.php\\\/2026\\\/09\\\/02\\\/el-gobierno-fijo-aumentos-escalonados-para-el-salario-minimo-hasta-abril-de-2027\\\/\",\"name\":\"El Gobierno fij\u00f3 aumentos escalonados para el salario m\u00ednimo hasta abril de 2027 - Diario Textual\",\"isPartOf\":{\"@id\":\"https:\\\/\\\/diariotextual.com\\\/inicio\\\/#website\"},\"primaryImageOfPage\":{\"@id\":\"https:\\\/\\\/diariotextual.com\\\/inicio\\\/index.php\\\/2026\\\/09\\\/02\\\/el-gobierno-fijo-aumentos-escalonados-para-el-salario-minimo-hasta-abril-de-2027\\\/#primaryimage\"},\"image\":{\"@id\":\"https:\\\/\\\/diariotextual.com\\\/inicio\\\/index.php\\\/2026\\\/09\\\/02\\\/el-gobierno-fijo-aumentos-escalonados-para-el-salario-minimo-hasta-abril-de-2027\\\/#primaryimage\"},\"thumbnailUrl\":\"https:\\\/\\\/diariotextual.com\\\/inicio\\\/wp-content\\\/uploads\\\/2025\\\/05\\\/billetescajero.jpg\",\"datePublished\":\"2026-09-02T11:27:30+00:00\",\"dateModified\":\"2026-09-02T12:24:29+00:00\",\"breadcrumb\":{\"@id\":\"https:\\\/\\\/diariotextual.com\\\/inicio\\\/index.php\\\/2026\\\/09\\\/02\\\/el-gobierno-fijo-aumentos-escalonados-para-el-salario-minimo-hasta-abril-de-2027\\\/#breadcrumb\"},\"inLanguage\":\"es\",\"potentialAction\":[{\"@type\":\"ReadAction\",\"target\":[\"https:\\\/\\\/diariotextual.com\\\/inicio\\\/index.php\\\/2026\\\/09\\\/02\\\/el-gobierno-fijo-aumentos-escalonados-para-el-salario-minimo-hasta-abril-de-2027\\\/\"]}]},{\"@type\":\"ImageObject\",\"inLanguage\":\"es\",\"@id\":\"https:\\\/\\\/diariotextual.com\\\/inicio\\\/index.php\\\/2026\\\/09\\\/02\\\/el-gobierno-fijo-aumentos-escalonados-para-el-salario-minimo-hasta-abril-de-2027\\\/#primaryimage\",\"url\":\"https:\\\/\\\/diariotextual.com\\\/inicio\\\/wp-content\\\/uploads\\\/2025\\\/05\\\/billetescajero.jpg\",\"contentUrl\":\"https:\\\/\\\/diariotextual.com\\\/inicio\\\/wp-content\\\/uploads\\\/2025\\\/05\\\/billetescajero.jpg\",\"width\":696,\"height\":387},{\"@type\":\"BreadcrumbList\",\"@id\":\"https:\\\/\\\/diariotextual.com\\\/inicio\\\/index.php\\\/2026\\\/09\\\/02\\\/el-gobierno-fijo-aumentos-escalonados-para-el-salario-minimo-hasta-abril-de-2027\\\/#breadcrumb\",\"itemListElement\":[{\"@type\":\"ListItem\",\"position\":1,\"name\":\"Portada\",\"item\":\"https:\\\/\\\/diariotextual.com\\\/inicio\\\/\"},{\"@type\":\"ListItem\",\"position\":2,\"name\":\"El Gobierno fij\u00f3 aumentos escalonados para el salario m\u00ednimo hasta abril de 2027\"}]},{\"@type\":\"WebSite\",\"@id\":\"https:\\\/\\\/diariotextual.com\\\/inicio\\\/#website\",\"url\":\"https:\\\/\\\/diariotextual.com\\\/inicio\\\/\",\"name\":\"Diario Textual\",\"description\":\"\",\"publisher\":{\"@id\":\"https:\\\/\\\/diariotextual.com\\\/inicio\\\/#organization\"},\"potentialAction\":[{\"@type\":\"SearchAction\",\"target\":{\"@type\":\"EntryPoint\",\"urlTemplate\":\"https:\\\/\\\/diariotextual.com\\\/inicio\\\/?s={search_term_string}\"},\"query-input\":{\"@type\":\"PropertyValueSpecification\",\"valueRequired\":true,\"valueName\":\"search_term_string\"}}],\"inLanguage\":\"es\"},{\"@type\":\"Organization\",\"@id\":\"https:\\\/\\\/diariotextual.com\\\/inicio\\\/#organization\",\"name\":\"Diario Textual\",\"url\":\"https:\\\/\\\/diariotextual.com\\\/inicio\\\/\",\"logo\":{\"@type\":\"ImageObject\",\"inLanguage\":\"es\",\"@id\":\"https:\\\/\\\/diariotextual.com\\\/inicio\\\/#\\\/schema\\\/logo\\\/image\\\/\",\"url\":\"https:\\\/\\\/diariotextual.com\\\/inicio\\\/wp-content\\\/uploads\\\/2023\\\/05\\\/logotextual1.jpg\",\"contentUrl\":\"https:\\\/\\\/diariotextual.com\\\/inicio\\\/wp-content\\\/uploads\\\/2023\\\/05\\\/logotextual1.jpg\",\"width\":516,\"height\":76,\"caption\":\"Diario Textual\"},\"image\":{\"@id\":\"https:\\\/\\\/diariotextual.com\\\/inicio\\\/#\\\/schema\\\/logo\\\/image\\\/\"},\"sameAs\":[\"https:\\\/\\\/www.facebook.com\\\/eltextual\",\"https:\\\/\\\/x.com\\\/eltextual\",\"http:\\\/\\\/www.instagram.com\\\/eltextual\"]},{\"@type\":\"Person\",\"@id\":\"https:\\\/\\\/diariotextual.com\\\/inicio\\\/#\\\/schema\\\/person\\\/c7834961ad8b29b1d9cdbf4571299067\",\"name\":\"diario5\",\"image\":{\"@type\":\"ImageObject\",\"inLanguage\":\"es\",\"@id\":\"https:\\\/\\\/secure.gravatar.com\\\/avatar\\\/948c893b847ca6df68216ead81b63f363408ec9b0f600fefc0641ce78613b111?s=96&d=mm&r=g\",\"url\":\"https:\\\/\\\/secure.gravatar.com\\\/avatar\\\/948c893b847ca6df68216ead81b63f363408ec9b0f600fefc0641ce78613b111?s=96&d=mm&r=g\",\"contentUrl\":\"https:\\\/\\\/secure.gravatar.com\\\/avatar\\\/948c893b847ca6df68216ead81b63f363408ec9b0f600fefc0641ce78613b111?s=96&d=mm&r=g\",\"caption\":\"diario5\"},\"url\":\"https:\\\/\\\/diariotextual.com\\\/inicio\\\/index.php\\\/author\\\/diario5\\\/\"}]}<\/script>\n<!-- \/ Yoast SEO plugin. -->","yoast_head_json":{"title":"El Gobierno fij\u00f3 aumentos escalonados para el salario m\u00ednimo hasta abril de 2027 - Diario Textual","robots":{"index":"index","follow":"follow","max-snippet":"max-snippet:-1","max-image-preview":"max-image-preview:large","max-video-preview":"max-video-preview:-1"},"canonical":"https:\/\/diariotextual.com\/inicio\/index.php\/2026\/09\/02\/el-gobierno-fijo-aumentos-escalonados-para-el-salario-minimo-hasta-abril-de-2027\/","og_locale":"es_ES","og_type":"article","og_title":"El Gobierno fij\u00f3 aumentos escalonados para el salario m\u00ednimo hasta abril de 2027 - Diario Textual","og_description":"El Gobierno fij\u00f3\u00a0nuevos pisos salariales con aumentos escalonados desde septiembre de este a\u00f1o hasta abril de 2027, junto con la prestaci\u00f3n por desempleo, mediante la Resoluci\u00f3n 4\/2026 publicada este mi\u00e9rcoles&hellip;","og_url":"https:\/\/diariotextual.com\/inicio\/index.php\/2026\/09\/02\/el-gobierno-fijo-aumentos-escalonados-para-el-salario-minimo-hasta-abril-de-2027\/","og_site_name":"Diario Textual","article_publisher":"https:\/\/www.facebook.com\/eltextual","article_published_time":"2026-09-02T11:27:30+00:00","article_modified_time":"2026-09-02T12:24:29+00:00","og_image":[{"width":696,"height":387,"url":"https:\/\/diariotextual.com\/inicio\/wp-content\/uploads\/2025\/05\/billetescajero.jpg","type":"image\/jpeg"}],"author":"diario5","twitter_card":"summary_large_image","twitter_creator":"@eltextual","twitter_site":"@eltextual","twitter_misc":{"Escrito por":"diario5","Tiempo de lectura":"2 minutos"},"schema":{"@context":"https:\/\/schema.org","@graph":[{"@type":"Article","@id":"https:\/\/diariotextual.com\/inicio\/index.php\/2026\/09\/02\/el-gobierno-fijo-aumentos-escalonados-para-el-salario-minimo-hasta-abril-de-2027\/#article","isPartOf":{"@id":"https:\/\/diariotextual.com\/inicio\/index.php\/2026\/09\/02\/el-gobierno-fijo-aumentos-escalonados-para-el-salario-minimo-hasta-abril-de-2027\/"},"author":{"name":"diario5","@id":"https:\/\/diariotextual.com\/inicio\/#\/schema\/person\/c7834961ad8b29b1d9cdbf4571299067"},"headline":"El Gobierno fij\u00f3 aumentos escalonados para el salario m\u00ednimo hasta abril de 2027","datePublished":"2026-09-02T11:27:30+00:00","dateModified":"2026-09-02T12:24:29+00:00","mainEntityOfPage":{"@id":"https:\/\/diariotextual.com\/inicio\/index.php\/2026\/09\/02\/el-gobierno-fijo-aumentos-escalonados-para-el-salario-minimo-hasta-abril-de-2027\/"},"wordCount":291,"publisher":{"@id":"https:\/\/diariotextual.com\/inicio\/#organization"},"image":{"@id":"https:\/\/diariotextual.com\/inicio\/index.php\/2026\/09\/02\/el-gobierno-fijo-aumentos-escalonados-para-el-salario-minimo-hasta-abril-de-2027\/#primaryimage"},"thumbnailUrl":"https:\/\/diariotextual.com\/inicio\/wp-content\/uploads\/2025\/05\/billetescajero.jpg","articleSection":["A - ES NOTICIA (van abajo)","SOCIEDAD"],"inLanguage":"es"},{"@type":"WebPage","@id":"https:\/\/diariotextual.com\/inicio\/index.php\/2026\/09\/02\/el-gobierno-fijo-aumentos-escalonados-para-el-salario-minimo-hasta-abril-de-2027\/","url":"https:\/\/diariotextual.com\/inicio\/index.php\/2026\/09\/02\/el-gobierno-fijo-aumentos-escalonados-para-el-salario-minimo-hasta-abril-de-2027\/","name":"El Gobierno fij\u00f3 aumentos escalonados para el salario m\u00ednimo hasta abril de 2027 - Diario Textual","isPartOf":{"@id":"https:\/\/diariotextual.com\/inicio\/#website"},"primaryImageOfPage":{"@id":"https:\/\/diariotextual.com\/inicio\/index.php\/2026\/09\/02\/el-gobierno-fijo-aumentos-escalonados-para-el-salario-minimo-hasta-abril-de-2027\/#primaryimage"},"image":{"@id":"https:\/\/diariotextual.com\/inicio\/index.php\/2026\/09\/02\/el-gobierno-fijo-aumentos-escalonados-para-el-salario-minimo-hasta-abril-de-2027\/#primaryimage"},"thumbnailUrl":"https:\/\/diariotextual.com\/inicio\/wp-content\/uploads\/2025\/05\/billetescajero.jpg","datePublished":"2026-09-02T11:27:30+00:00","dateModified":"2026-09-02T12:24:29+00:00","breadcrumb":{"@id":"https:\/\/diariotextual.com\/inicio\/index.php\/2026\/09\/02\/el-gobierno-fijo-aumentos-escalonados-para-el-salario-minimo-hasta-abril-de-2027\/#breadcrumb"},"inLanguage":"es","potentialAction":[{"@type":"ReadAction","target":["https:\/\/diariotextual.com\/inicio\/index.php\/2026\/09\/02\/el-gobierno-fijo-aumentos-escalonados-para-el-salario-minimo-hasta-abril-de-2027\/"]}]},{"@type":"ImageObject","inLanguage":"es","@id":"https:\/\/diariotextual.com\/inicio\/index.php\/2026\/09\/02\/el-gobierno-fijo-aumentos-escalonados-para-el-salario-minimo-hasta-abril-de-2027\/#primaryimage","url":"https:\/\/diariotextual.com\/inicio\/wp-content\/uploads\/2025\/05\/billetescajero.jpg","contentUrl":"https:\/\/diariotextual.com\/inicio\/wp-content\/uploads\/2025\/05\/billetescajero.jpg","width":696,"height":387},{"@type":"BreadcrumbList","@id":"https:\/\/diariotextual.com\/inicio\/index.php\/2026\/09\/02\/el-gobierno-fijo-aumentos-escalonados-para-el-salario-minimo-hasta-abril-de-2027\/#breadcrumb","itemListElement":[{"@type":"ListItem","position":1,"name":"Portada","item":"https:\/\/diariotextual.com\/inicio\/"},{"@type":"ListItem","position":2,"name":"El Gobierno fij\u00f3 aumentos escalonados para el salario m\u00ednimo hasta abril de 2027"}]},{"@type":"WebSite","@id":"https:\/\/diariotextual.com\/inicio\/#website","url":"https:\/\/diariotextual.com\/inicio\/","name":"Diario Textual","description":"","publisher":{"@id":"https:\/\/diariotextual.com\/inicio\/#organization"},"potentialAction":[{"@type":"SearchAction","target":{"@type":"EntryPoint","urlTemplate":"https:\/\/diariotextual.com\/inicio\/?s={search_term_string}"},"query-input":{"@type":"PropertyValueSpecification","valueRequired":true,"valueName":"search_term_string"}}],"inLanguage":"es"},{"@type":"Organization","@id":"https:\/\/diariotextual.com\/inicio\/#organization","name":"Diario Textual","url":"https:\/\/diariotextual.com\/inicio\/","logo":{"@type":"ImageObject","inLanguage":"es","@id":"https:\/\/diariotextual.com\/inicio\/#\/schema\/logo\/image\/","url":"https:\/\/diariotextual.com\/inicio\/wp-content\/uploads\/2023\/05\/logotextual1.jpg","contentUrl":"https:\/\/diariotextual.com\/inicio\/wp-content\/uploads\/2023\/05\/logotextual1.jpg","width":516,"height":76,"caption":"Diario Textual"},"image":{"@id":"https:\/\/diariotextual.com\/inicio\/#\/schema\/logo\/image\/"},"sameAs":["https:\/\/www.facebook.com\/eltextual","https:\/\/x.com\/eltextual","http:\/\/www.instagram.com\/eltextual"]},{"@type":"Person","@id":"https:\/\/diariotextual.com\/inicio\/#\/schema\/person\/c7834961ad8b29b1d9cdbf4571299067","name":"diario5","image":{"@type":"ImageObject","inLanguage":"es","@id":"https:\/\/secure.gravatar.com\/avatar\/948c893b847ca6df68216ead81b63f363408ec9b0f600fefc0641ce78613b111?s=96&d=mm&r=g","url":"https:\/\/secure.gravatar.com\/avatar\/948c893b847ca6df68216ead81b63f363408ec9b0f600fefc0641ce78613b111?s=96&d=mm&r=g","contentUrl":"https:\/\/secure.gravatar.com\/avatar\/948c893b847ca6df68216ead81b63f363408ec9b0f600fefc0641ce78613b111?s=96&d=mm&r=g","caption":"diario5"},"url":"https:\/\/diariotextual.com\/inicio\/index.php\/author\/diario5\/"}]}},"_links":{"self":[{"href":"https:\/\/diariotextual.com\/inicio\/index.php\/wp-json\/wp\/v2\/posts\/334312","targetHints":{"allow":["GET"]}}],"collection":[{"href":"https:\/\/diariotextual.com\/inicio\/index.php\/wp-json\/wp\/v2\/posts"}],"about":[{"href":"https:\/\/diariotextual.com\/inicio\/index.php\/wp-json\/wp\/v2\/types\/post"}],"author":[{"embeddable":true,"href":"https:\/\/diariotextual.com\/inicio\/index.php\/wp-json\/wp\/v2\/users\/7"}],"replies":[{"embeddable":true,"href":"https:\/\/diariotextual.com\/inicio\/index.php\/wp-json\/wp\/v2\/comments?post=334312"}],"version-history":[{"count":1,"href":"https:\/\/diariotextual.com\/inicio\/index.php\/wp-json\/wp\/v2\/posts\/334312\/revisions"}],"predecessor-version":[{"id":334313,"href":"https:\/\/diariotextual.com\/inicio\/index.php\/wp-json\/wp\/v2\/posts\/334312\/revisions\/334313"}],"wp:featuredmedia":[{"embeddable":true,"href":"https:\/\/diariotextual.com\/inicio\/index.php\/wp-json\/wp\/v2\/media\/297522"}],"wp:attachment":[{"href":"https:\/\/diariotextual.com\/inicio\/index.php\/wp-json\/wp\/v2\/media?parent=334312"}],"wp:term":[{"taxonomy":"category","embeddable":true,"href":"https:\/\/diariotextual.com\/inicio\/index.php\/wp-json\/wp\/v2\/categories?post=334312"},{"taxonomy":"post_tag","embeddable":true,"href":"https:\/\/diariotextual.com\/inicio\/index.php\/wp-json\/wp\/v2\/tags?post=334312"}],"curies":[{"name":"wp","href":"https:\/\/api.w.org\/{rel}","templated":true}]}}