{"id":334321,"date":"2026-09-02T09:45:43","date_gmt":"2026-09-02T12:45:43","guid":{"rendered":"https:\/\/diariotextual.com\/inicio\/?p=334321"},"modified":"2026-09-02T09:45:45","modified_gmt":"2026-09-02T12:45:45","slug":"acha-reunion-con-escuelas-y-colegios-para-afrontar-posibles-tormentas-por-el-nino","status":"publish","type":"post","link":"https:\/\/diariotextual.com\/inicio\/index.php\/2026\/09\/02\/acha-reunion-con-escuelas-y-colegios-para-afrontar-posibles-tormentas-por-el-nino\/","title":{"rendered":"Acha: reuni\u00f3n con escuelas y colegios para afrontar posibles tormentas por El Ni\u00f1o"},"content":{"rendered":"\n<p class=\"wp-block-paragraph\">Se desarroll\u00f3 en General Acha una reuni\u00f3n de trabajo entre el municipio y representantes de los servicios educativos de la ciudad, con el objetivo de fortalecer la coordinaci\u00f3n y establecer criterios comunes de actuaci\u00f3n frente a posibles contingencias clim\u00e1ticas por el fen\u00f3meno de El Ni\u00f1o.<\/p>\n\n\n\n<p class=\"wp-block-paragraph\">Participaron unas veinte instituciones entre ocho escuelas primarias, seis colegios secundarios, nivel inicial, de adultos, Escuela de Apoyo a la Inclusi\u00f3n, Centro Provincial de Formaci\u00f3n Profesional, Instituto Superior de Formaci\u00f3n Docente y tres Coordinaciones. Uno de los establecimientos era de Quehu\u00e9.<\/p>\n\n\n\n<p class=\"wp-block-paragraph\">El encuentro permiti\u00f3 avanzar en acuerdos vinculados a la prevenci\u00f3n, comunicaci\u00f3n y organizaci\u00f3n ante eventos meteorol\u00f3gicos adversos, como tormentas o inundaciones, priorizando en todo momento el resguardo de estudiantes, docentes, auxiliares y de toda la comunidad educativa.<\/p>\n\n\n\n<p class=\"wp-block-paragraph\">Durante la reuni\u00f3n se trabaj\u00f3 sobre el funcionamiento del protocolo escolar ante contingencias clim\u00e1ticas, tomando como referencia los niveles de alerta establecidos por el Servicio Meteorol\u00f3gico Nacional (SMN), as\u00ed como los mecanismos de evaluaci\u00f3n y toma de decisiones ante situaciones de riesgo.<\/p>\n\n\n\n<p class=\"wp-block-paragraph\">\u201cSe destac\u00f3 la importancia de monitorear de manera permanente las condiciones meteorol\u00f3gicas y edilicias, especialmente frente a alertas de mayor intensidad. Tambi\u00e9n se repasaron las responsabilidades de los distintos actores ante una eventual suspensi\u00f3n de actividades y la necesidad de mantener una comunicaci\u00f3n clara y oficial con las familias para evitar confusiones y circulaci\u00f3n de informaci\u00f3n no verificada\u201d, inform\u00f3 el municipio.<\/p>\n\n\n\n<p class=\"wp-block-paragraph\"><\/p>\n","protected":false},"excerpt":{"rendered":"<p>Se desarroll\u00f3 en General Acha una reuni\u00f3n de trabajo entre el municipio y representantes de los servicios educativos de la ciudad, con el objetivo de fortalecer la coordinaci\u00f3n y establecer&hellip;<\/p>\n","protected":false},"author":3,"featured_media":334323,"comment_status":"closed","ping_status":"open","sticky":false,"template":"","format":"standard","meta":{"_acf_changed":false,"footnotes":""},"categories":[4,12],"tags":[],"class_list":["post-334321","post","type-post","status-publish","format-standard","has-post-thumbnail","hentry","category-destacadas","category-sociedad"],"acf":[],"yoast_head":"<!-- This site is optimized with the Yoast SEO plugin v28.4 - https:\/\/yoast.com\/product\/yoast-seo-wordpress\/ -->\n<title>Acha: reuni\u00f3n con escuelas y colegios para afrontar posibles tormentas por El Ni\u00f1o - Diario Textual<\/title>\n<meta name=\"robots\" content=\"index, follow, max-snippet:-1, max-image-preview:large, max-video-preview:-1\" \/>\n<link rel=\"canonical\" href=\"https:\/\/diariotextual.com\/inicio\/index.php\/2026\/09\/02\/acha-reunion-con-escuelas-y-colegios-para-afrontar-posibles-tormentas-por-el-nino\/\" \/>\n<meta property=\"og:locale\" content=\"es_ES\" \/>\n<meta property=\"og:type\" content=\"article\" \/>\n<meta property=\"og:title\" content=\"Acha: reuni\u00f3n con escuelas y colegios para afrontar posibles tormentas por El Ni\u00f1o - Diario Textual\" \/>\n<meta property=\"og:description\" content=\"Se desarroll\u00f3 en General Acha una reuni\u00f3n de trabajo entre el municipio y representantes de los servicios educativos de la ciudad, con el objetivo de fortalecer la coordinaci\u00f3n y establecer&hellip;\" \/>\n<meta property=\"og:url\" content=\"https:\/\/diariotextual.com\/inicio\/index.php\/2026\/09\/02\/acha-reunion-con-escuelas-y-colegios-para-afrontar-posibles-tormentas-por-el-nino\/\" \/>\n<meta property=\"og:site_name\" content=\"Diario Textual\" \/>\n<meta property=\"article:publisher\" content=\"https:\/\/www.facebook.com\/eltextual\" \/>\n<meta property=\"article:published_time\" content=\"2026-09-02T12:45:43+00:00\" \/>\n<meta property=\"article:modified_time\" content=\"2026-09-02T12:45:45+00:00\" \/>\n<meta property=\"og:image\" content=\"https:\/\/diariotextual.com\/inicio\/wp-content\/uploads\/2026\/09\/reunionescuelasporelninoacha2026-3.jpg\" \/>\n\t<meta property=\"og:image:width\" content=\"1300\" \/>\n\t<meta property=\"og:image:height\" content=\"866\" \/>\n\t<meta property=\"og:image:type\" content=\"image\/jpeg\" \/>\n<meta name=\"author\" content=\"Diario1 Diario1\" \/>\n<meta name=\"twitter:card\" content=\"summary_large_image\" \/>\n<meta name=\"twitter:creator\" content=\"@eltextual\" \/>\n<meta name=\"twitter:site\" content=\"@eltextual\" \/>\n<meta name=\"twitter:label1\" content=\"Escrito por\" \/>\n\t<meta name=\"twitter:data1\" content=\"Diario1 Diario1\" \/>\n\t<meta name=\"twitter:label2\" content=\"Tiempo de lectura\" \/>\n\t<meta name=\"twitter:data2\" content=\"2 minutos\" \/>\n<script type=\"application\/ld+json\" class=\"yoast-schema-graph\">{\"@context\":\"https:\\\/\\\/schema.org\",\"@graph\":[{\"@type\":\"Article\",\"@id\":\"https:\\\/\\\/diariotextual.com\\\/inicio\\\/index.php\\\/2026\\\/09\\\/02\\\/acha-reunion-con-escuelas-y-colegios-para-afrontar-posibles-tormentas-por-el-nino\\\/#article\",\"isPartOf\":{\"@id\":\"https:\\\/\\\/diariotextual.com\\\/inicio\\\/index.php\\\/2026\\\/09\\\/02\\\/acha-reunion-con-escuelas-y-colegios-para-afrontar-posibles-tormentas-por-el-nino\\\/\"},\"author\":{\"name\":\"Diario1 Diario1\",\"@id\":\"https:\\\/\\\/diariotextual.com\\\/inicio\\\/#\\\/schema\\\/person\\\/418fc4093c33e86ed41562db3508f958\"},\"headline\":\"Acha: reuni\u00f3n con escuelas y colegios para afrontar posibles tormentas por El Ni\u00f1o\",\"datePublished\":\"2026-09-02T12:45:43+00:00\",\"dateModified\":\"2026-09-02T12:45:45+00:00\",\"mainEntityOfPage\":{\"@id\":\"https:\\\/\\\/diariotextual.com\\\/inicio\\\/index.php\\\/2026\\\/09\\\/02\\\/acha-reunion-con-escuelas-y-colegios-para-afrontar-posibles-tormentas-por-el-nino\\\/\"},\"wordCount\":264,\"publisher\":{\"@id\":\"https:\\\/\\\/diariotextual.com\\\/inicio\\\/#organization\"},\"image\":{\"@id\":\"https:\\\/\\\/diariotextual.com\\\/inicio\\\/index.php\\\/2026\\\/09\\\/02\\\/acha-reunion-con-escuelas-y-colegios-para-afrontar-posibles-tormentas-por-el-nino\\\/#primaryimage\"},\"thumbnailUrl\":\"https:\\\/\\\/diariotextual.com\\\/inicio\\\/wp-content\\\/uploads\\\/2026\\\/09\\\/reunionescuelasporelninoacha2026-3.jpg\",\"articleSection\":[\"A - DESTACADAS (mod 16)\",\"SOCIEDAD\"],\"inLanguage\":\"es\"},{\"@type\":\"WebPage\",\"@id\":\"https:\\\/\\\/diariotextual.com\\\/inicio\\\/index.php\\\/2026\\\/09\\\/02\\\/acha-reunion-con-escuelas-y-colegios-para-afrontar-posibles-tormentas-por-el-nino\\\/\",\"url\":\"https:\\\/\\\/diariotextual.com\\\/inicio\\\/index.php\\\/2026\\\/09\\\/02\\\/acha-reunion-con-escuelas-y-colegios-para-afrontar-posibles-tormentas-por-el-nino\\\/\",\"name\":\"Acha: reuni\u00f3n con escuelas y colegios para afrontar posibles tormentas por El Ni\u00f1o - Diario Textual\",\"isPartOf\":{\"@id\":\"https:\\\/\\\/diariotextual.com\\\/inicio\\\/#website\"},\"primaryImageOfPage\":{\"@id\":\"https:\\\/\\\/diariotextual.com\\\/inicio\\\/index.php\\\/2026\\\/09\\\/02\\\/acha-reunion-con-escuelas-y-colegios-para-afrontar-posibles-tormentas-por-el-nino\\\/#primaryimage\"},\"image\":{\"@id\":\"https:\\\/\\\/diariotextual.com\\\/inicio\\\/index.php\\\/2026\\\/09\\\/02\\\/acha-reunion-con-escuelas-y-colegios-para-afrontar-posibles-tormentas-por-el-nino\\\/#primaryimage\"},\"thumbnailUrl\":\"https:\\\/\\\/diariotextual.com\\\/inicio\\\/wp-content\\\/uploads\\\/2026\\\/09\\\/reunionescuelasporelninoacha2026-3.jpg\",\"datePublished\":\"2026-09-02T12:45:43+00:00\",\"dateModified\":\"2026-09-02T12:45:45+00:00\",\"breadcrumb\":{\"@id\":\"https:\\\/\\\/diariotextual.com\\\/inicio\\\/index.php\\\/2026\\\/09\\\/02\\\/acha-reunion-con-escuelas-y-colegios-para-afrontar-posibles-tormentas-por-el-nino\\\/#breadcrumb\"},\"inLanguage\":\"es\",\"potentialAction\":[{\"@type\":\"ReadAction\",\"target\":[\"https:\\\/\\\/diariotextual.com\\\/inicio\\\/index.php\\\/2026\\\/09\\\/02\\\/acha-reunion-con-escuelas-y-colegios-para-afrontar-posibles-tormentas-por-el-nino\\\/\"]}]},{\"@type\":\"ImageObject\",\"inLanguage\":\"es\",\"@id\":\"https:\\\/\\\/diariotextual.com\\\/inicio\\\/index.php\\\/2026\\\/09\\\/02\\\/acha-reunion-con-escuelas-y-colegios-para-afrontar-posibles-tormentas-por-el-nino\\\/#primaryimage\",\"url\":\"https:\\\/\\\/diariotextual.com\\\/inicio\\\/wp-content\\\/uploads\\\/2026\\\/09\\\/reunionescuelasporelninoacha2026-3.jpg\",\"contentUrl\":\"https:\\\/\\\/diariotextual.com\\\/inicio\\\/wp-content\\\/uploads\\\/2026\\\/09\\\/reunionescuelasporelninoacha2026-3.jpg\",\"width\":1300,\"height\":866},{\"@type\":\"BreadcrumbList\",\"@id\":\"https:\\\/\\\/diariotextual.com\\\/inicio\\\/index.php\\\/2026\\\/09\\\/02\\\/acha-reunion-con-escuelas-y-colegios-para-afrontar-posibles-tormentas-por-el-nino\\\/#breadcrumb\",\"itemListElement\":[{\"@type\":\"ListItem\",\"position\":1,\"name\":\"Portada\",\"item\":\"https:\\\/\\\/diariotextual.com\\\/inicio\\\/\"},{\"@type\":\"ListItem\",\"position\":2,\"name\":\"Acha: reuni\u00f3n con escuelas y colegios para afrontar posibles tormentas por El Ni\u00f1o\"}]},{\"@type\":\"WebSite\",\"@id\":\"https:\\\/\\\/diariotextual.com\\\/inicio\\\/#website\",\"url\":\"https:\\\/\\\/diariotextual.com\\\/inicio\\\/\",\"name\":\"Diario Textual\",\"description\":\"\",\"publisher\":{\"@id\":\"https:\\\/\\\/diariotextual.com\\\/inicio\\\/#organization\"},\"potentialAction\":[{\"@type\":\"SearchAction\",\"target\":{\"@type\":\"EntryPoint\",\"urlTemplate\":\"https:\\\/\\\/diariotextual.com\\\/inicio\\\/?s={search_term_string}\"},\"query-input\":{\"@type\":\"PropertyValueSpecification\",\"valueRequired\":true,\"valueName\":\"search_term_string\"}}],\"inLanguage\":\"es\"},{\"@type\":\"Organization\",\"@id\":\"https:\\\/\\\/diariotextual.com\\\/inicio\\\/#organization\",\"name\":\"Diario Textual\",\"url\":\"https:\\\/\\\/diariotextual.com\\\/inicio\\\/\",\"logo\":{\"@type\":\"ImageObject\",\"inLanguage\":\"es\",\"@id\":\"https:\\\/\\\/diariotextual.com\\\/inicio\\\/#\\\/schema\\\/logo\\\/image\\\/\",\"url\":\"https:\\\/\\\/diariotextual.com\\\/inicio\\\/wp-content\\\/uploads\\\/2023\\\/05\\\/logotextual1.jpg\",\"contentUrl\":\"https:\\\/\\\/diariotextual.com\\\/inicio\\\/wp-content\\\/uploads\\\/2023\\\/05\\\/logotextual1.jpg\",\"width\":516,\"height\":76,\"caption\":\"Diario Textual\"},\"image\":{\"@id\":\"https:\\\/\\\/diariotextual.com\\\/inicio\\\/#\\\/schema\\\/logo\\\/image\\\/\"},\"sameAs\":[\"https:\\\/\\\/www.facebook.com\\\/eltextual\",\"https:\\\/\\\/x.com\\\/eltextual\",\"http:\\\/\\\/www.instagram.com\\\/eltextual\"]},{\"@type\":\"Person\",\"@id\":\"https:\\\/\\\/diariotextual.com\\\/inicio\\\/#\\\/schema\\\/person\\\/418fc4093c33e86ed41562db3508f958\",\"name\":\"Diario1 Diario1\",\"image\":{\"@type\":\"ImageObject\",\"inLanguage\":\"es\",\"@id\":\"https:\\\/\\\/secure.gravatar.com\\\/avatar\\\/9167d280179c85bc18be67aa7eda765854300033af4896dd779b608640f2ef7a?s=96&d=mm&r=g\",\"url\":\"https:\\\/\\\/secure.gravatar.com\\\/avatar\\\/9167d280179c85bc18be67aa7eda765854300033af4896dd779b608640f2ef7a?s=96&d=mm&r=g\",\"contentUrl\":\"https:\\\/\\\/secure.gravatar.com\\\/avatar\\\/9167d280179c85bc18be67aa7eda765854300033af4896dd779b608640f2ef7a?s=96&d=mm&r=g\",\"caption\":\"Diario1 Diario1\"},\"url\":\"https:\\\/\\\/diariotextual.com\\\/inicio\\\/index.php\\\/author\\\/diario1\\\/\"}]}<\/script>\n<!-- \/ Yoast SEO plugin. -->","yoast_head_json":{"title":"Acha: reuni\u00f3n con escuelas y colegios para afrontar posibles tormentas por El Ni\u00f1o - Diario Textual","robots":{"index":"index","follow":"follow","max-snippet":"max-snippet:-1","max-image-preview":"max-image-preview:large","max-video-preview":"max-video-preview:-1"},"canonical":"https:\/\/diariotextual.com\/inicio\/index.php\/2026\/09\/02\/acha-reunion-con-escuelas-y-colegios-para-afrontar-posibles-tormentas-por-el-nino\/","og_locale":"es_ES","og_type":"article","og_title":"Acha: reuni\u00f3n con escuelas y colegios para afrontar posibles tormentas por El Ni\u00f1o - Diario Textual","og_description":"Se desarroll\u00f3 en General Acha una reuni\u00f3n de trabajo entre el municipio y representantes de los servicios educativos de la ciudad, con el objetivo de fortalecer la coordinaci\u00f3n y establecer&hellip;","og_url":"https:\/\/diariotextual.com\/inicio\/index.php\/2026\/09\/02\/acha-reunion-con-escuelas-y-colegios-para-afrontar-posibles-tormentas-por-el-nino\/","og_site_name":"Diario Textual","article_publisher":"https:\/\/www.facebook.com\/eltextual","article_published_time":"2026-09-02T12:45:43+00:00","article_modified_time":"2026-09-02T12:45:45+00:00","og_image":[{"width":1300,"height":866,"url":"https:\/\/diariotextual.com\/inicio\/wp-content\/uploads\/2026\/09\/reunionescuelasporelninoacha2026-3.jpg","type":"image\/jpeg"}],"author":"Diario1 Diario1","twitter_card":"summary_large_image","twitter_creator":"@eltextual","twitter_site":"@eltextual","twitter_misc":{"Escrito por":"Diario1 Diario1","Tiempo de lectura":"2 minutos"},"schema":{"@context":"https:\/\/schema.org","@graph":[{"@type":"Article","@id":"https:\/\/diariotextual.com\/inicio\/index.php\/2026\/09\/02\/acha-reunion-con-escuelas-y-colegios-para-afrontar-posibles-tormentas-por-el-nino\/#article","isPartOf":{"@id":"https:\/\/diariotextual.com\/inicio\/index.php\/2026\/09\/02\/acha-reunion-con-escuelas-y-colegios-para-afrontar-posibles-tormentas-por-el-nino\/"},"author":{"name":"Diario1 Diario1","@id":"https:\/\/diariotextual.com\/inicio\/#\/schema\/person\/418fc4093c33e86ed41562db3508f958"},"headline":"Acha: reuni\u00f3n con escuelas y colegios para afrontar posibles tormentas por El Ni\u00f1o","datePublished":"2026-09-02T12:45:43+00:00","dateModified":"2026-09-02T12:45:45+00:00","mainEntityOfPage":{"@id":"https:\/\/diariotextual.com\/inicio\/index.php\/2026\/09\/02\/acha-reunion-con-escuelas-y-colegios-para-afrontar-posibles-tormentas-por-el-nino\/"},"wordCount":264,"publisher":{"@id":"https:\/\/diariotextual.com\/inicio\/#organization"},"image":{"@id":"https:\/\/diariotextual.com\/inicio\/index.php\/2026\/09\/02\/acha-reunion-con-escuelas-y-colegios-para-afrontar-posibles-tormentas-por-el-nino\/#primaryimage"},"thumbnailUrl":"https:\/\/diariotextual.com\/inicio\/wp-content\/uploads\/2026\/09\/reunionescuelasporelninoacha2026-3.jpg","articleSection":["A - DESTACADAS (mod 16)","SOCIEDAD"],"inLanguage":"es"},{"@type":"WebPage","@id":"https:\/\/diariotextual.com\/inicio\/index.php\/2026\/09\/02\/acha-reunion-con-escuelas-y-colegios-para-afrontar-posibles-tormentas-por-el-nino\/","url":"https:\/\/diariotextual.com\/inicio\/index.php\/2026\/09\/02\/acha-reunion-con-escuelas-y-colegios-para-afrontar-posibles-tormentas-por-el-nino\/","name":"Acha: reuni\u00f3n con escuelas y colegios para afrontar posibles tormentas por El Ni\u00f1o - Diario Textual","isPartOf":{"@id":"https:\/\/diariotextual.com\/inicio\/#website"},"primaryImageOfPage":{"@id":"https:\/\/diariotextual.com\/inicio\/index.php\/2026\/09\/02\/acha-reunion-con-escuelas-y-colegios-para-afrontar-posibles-tormentas-por-el-nino\/#primaryimage"},"image":{"@id":"https:\/\/diariotextual.com\/inicio\/index.php\/2026\/09\/02\/acha-reunion-con-escuelas-y-colegios-para-afrontar-posibles-tormentas-por-el-nino\/#primaryimage"},"thumbnailUrl":"https:\/\/diariotextual.com\/inicio\/wp-content\/uploads\/2026\/09\/reunionescuelasporelninoacha2026-3.jpg","datePublished":"2026-09-02T12:45:43+00:00","dateModified":"2026-09-02T12:45:45+00:00","breadcrumb":{"@id":"https:\/\/diariotextual.com\/inicio\/index.php\/2026\/09\/02\/acha-reunion-con-escuelas-y-colegios-para-afrontar-posibles-tormentas-por-el-nino\/#breadcrumb"},"inLanguage":"es","potentialAction":[{"@type":"ReadAction","target":["https:\/\/diariotextual.com\/inicio\/index.php\/2026\/09\/02\/acha-reunion-con-escuelas-y-colegios-para-afrontar-posibles-tormentas-por-el-nino\/"]}]},{"@type":"ImageObject","inLanguage":"es","@id":"https:\/\/diariotextual.com\/inicio\/index.php\/2026\/09\/02\/acha-reunion-con-escuelas-y-colegios-para-afrontar-posibles-tormentas-por-el-nino\/#primaryimage","url":"https:\/\/diariotextual.com\/inicio\/wp-content\/uploads\/2026\/09\/reunionescuelasporelninoacha2026-3.jpg","contentUrl":"https:\/\/diariotextual.com\/inicio\/wp-content\/uploads\/2026\/09\/reunionescuelasporelninoacha2026-3.jpg","width":1300,"height":866},{"@type":"BreadcrumbList","@id":"https:\/\/diariotextual.com\/inicio\/index.php\/2026\/09\/02\/acha-reunion-con-escuelas-y-colegios-para-afrontar-posibles-tormentas-por-el-nino\/#breadcrumb","itemListElement":[{"@type":"ListItem","position":1,"name":"Portada","item":"https:\/\/diariotextual.com\/inicio\/"},{"@type":"ListItem","position":2,"name":"Acha: reuni\u00f3n con escuelas y colegios para afrontar posibles tormentas por El Ni\u00f1o"}]},{"@type":"WebSite","@id":"https:\/\/diariotextual.com\/inicio\/#website","url":"https:\/\/diariotextual.com\/inicio\/","name":"Diario Textual","description":"","publisher":{"@id":"https:\/\/diariotextual.com\/inicio\/#organization"},"potentialAction":[{"@type":"SearchAction","target":{"@type":"EntryPoint","urlTemplate":"https:\/\/diariotextual.com\/inicio\/?s={search_term_string}"},"query-input":{"@type":"PropertyValueSpecification","valueRequired":true,"valueName":"search_term_string"}}],"inLanguage":"es"},{"@type":"Organization","@id":"https:\/\/diariotextual.com\/inicio\/#organization","name":"Diario Textual","url":"https:\/\/diariotextual.com\/inicio\/","logo":{"@type":"ImageObject","inLanguage":"es","@id":"https:\/\/diariotextual.com\/inicio\/#\/schema\/logo\/image\/","url":"https:\/\/diariotextual.com\/inicio\/wp-content\/uploads\/2023\/05\/logotextual1.jpg","contentUrl":"https:\/\/diariotextual.com\/inicio\/wp-content\/uploads\/2023\/05\/logotextual1.jpg","width":516,"height":76,"caption":"Diario Textual"},"image":{"@id":"https:\/\/diariotextual.com\/inicio\/#\/schema\/logo\/image\/"},"sameAs":["https:\/\/www.facebook.com\/eltextual","https:\/\/x.com\/eltextual","http:\/\/www.instagram.com\/eltextual"]},{"@type":"Person","@id":"https:\/\/diariotextual.com\/inicio\/#\/schema\/person\/418fc4093c33e86ed41562db3508f958","name":"Diario1 Diario1","image":{"@type":"ImageObject","inLanguage":"es","@id":"https:\/\/secure.gravatar.com\/avatar\/9167d280179c85bc18be67aa7eda765854300033af4896dd779b608640f2ef7a?s=96&d=mm&r=g","url":"https:\/\/secure.gravatar.com\/avatar\/9167d280179c85bc18be67aa7eda765854300033af4896dd779b608640f2ef7a?s=96&d=mm&r=g","contentUrl":"https:\/\/secure.gravatar.com\/avatar\/9167d280179c85bc18be67aa7eda765854300033af4896dd779b608640f2ef7a?s=96&d=mm&r=g","caption":"Diario1 Diario1"},"url":"https:\/\/diariotextual.com\/inicio\/index.php\/author\/diario1\/"}]}},"_links":{"self":[{"href":"https:\/\/diariotextual.com\/inicio\/index.php\/wp-json\/wp\/v2\/posts\/334321","targetHints":{"allow":["GET"]}}],"collection":[{"href":"https:\/\/diariotextual.com\/inicio\/index.php\/wp-json\/wp\/v2\/posts"}],"about":[{"href":"https:\/\/diariotextual.com\/inicio\/index.php\/wp-json\/wp\/v2\/types\/post"}],"author":[{"embeddable":true,"href":"https:\/\/diariotextual.com\/inicio\/index.php\/wp-json\/wp\/v2\/users\/3"}],"replies":[{"embeddable":true,"href":"https:\/\/diariotextual.com\/inicio\/index.php\/wp-json\/wp\/v2\/comments?post=334321"}],"version-history":[{"count":1,"href":"https:\/\/diariotextual.com\/inicio\/index.php\/wp-json\/wp\/v2\/posts\/334321\/revisions"}],"predecessor-version":[{"id":334322,"href":"https:\/\/diariotextual.com\/inicio\/index.php\/wp-json\/wp\/v2\/posts\/334321\/revisions\/334322"}],"wp:featuredmedia":[{"embeddable":true,"href":"https:\/\/diariotextual.com\/inicio\/index.php\/wp-json\/wp\/v2\/media\/334323"}],"wp:attachment":[{"href":"https:\/\/diariotextual.com\/inicio\/index.php\/wp-json\/wp\/v2\/media?parent=334321"}],"wp:term":[{"taxonomy":"category","embeddable":true,"href":"https:\/\/diariotextual.com\/inicio\/index.php\/wp-json\/wp\/v2\/categories?post=334321"},{"taxonomy":"post_tag","embeddable":true,"href":"https:\/\/diariotextual.com\/inicio\/index.php\/wp-json\/wp\/v2\/tags?post=334321"}],"curies":[{"name":"wp","href":"https:\/\/api.w.org\/{rel}","templated":true}]}}