{"id":334324,"date":"2026-09-02T10:27:34","date_gmt":"2026-09-02T13:27:34","guid":{"rendered":"https:\/\/diariotextual.com\/inicio\/?p=334324"},"modified":"2026-09-02T11:46:31","modified_gmt":"2026-09-02T14:46:31","slug":"gustavo-moreno-de-calzatex-las-ventas-son-un-desastre-y-estamos-en-niveles-de-caida-de-un-pais-en-guerra","status":"publish","type":"post","link":"https:\/\/diariotextual.com\/inicio\/index.php\/2026\/09\/02\/gustavo-moreno-de-calzatex-las-ventas-son-un-desastre-y-estamos-en-niveles-de-caida-de-un-pais-en-guerra\/","title":{"rendered":"\u201cNo duermo una noche entera\u201d: el drama de Gustavo Moreno para sostener Calzatex"},"content":{"rendered":"\n<p class=\"wp-block-paragraph\">El propietario de <strong>Calzatex<\/strong>, <strong>Gustavo Moreno<\/strong>, habl\u00f3 con Diario Textual en el <strong>D\u00eda de la Industria<\/strong> y dijo que las ventas de calzado son <strong>\u201cun desastre\u201d<\/strong> porque la gente no tiene para comprar. \u201cEstamos en niveles de ca\u00edda de un pa\u00eds en guerra. En Ucrania tienen el mismo nivel de actividad econ\u00f3mica que nosotros y hace tres a\u00f1os que est\u00e1n bombarde\u00e1ndose\u201d, compar\u00f3. Confes\u00f3 que <strong>le cuesta dormir por la situaci\u00f3n angustiante de la empresa<\/strong> y que tuvo que <strong>desprenderse propiedades y ahorros<\/strong> para mantenerse en pie.<\/p>\n\n\n\n<figure class=\"wp-block-embed is-type-wp-embed is-provider-diario-textual wp-block-embed-diario-textual\"><div class=\"wp-block-embed__wrapper\">\n<blockquote class=\"wp-embedded-content\" data-secret=\"mhi9nRZozN\"><a href=\"https:\/\/diariotextual.com\/inicio\/index.php\/2026\/09\/02\/ziliotto-y-las-criticas-a-milei-en-el-dia-de-la-industria-un-verdadero-industricidio\/\">Ziliotto y las cr\u00edticas a Milei en el D\u00eda de la Industria: \u201cUn verdadero industricidio\u201d<\/a><\/blockquote><iframe class=\"wp-embedded-content\" sandbox=\"allow-scripts\" security=\"restricted\" style=\"position: absolute; visibility: hidden;\" title=\"\u00abZiliotto y las cr\u00edticas a Milei en el D\u00eda de la Industria: \u201cUn verdadero industricidio\u201d\u00bb \u2014 Diario Textual\" src=\"https:\/\/diariotextual.com\/inicio\/index.php\/2026\/09\/02\/ziliotto-y-las-criticas-a-milei-en-el-dia-de-la-industria-un-verdadero-industricidio\/embed\/#?secret=WFrVLskfMz#?secret=mhi9nRZozN\" data-secret=\"mhi9nRZozN\" width=\"600\" height=\"338\" frameborder=\"0\" marginwidth=\"0\" marginheight=\"0\" scrolling=\"no\"><\/iframe>\n<\/div><\/figure>\n\n\n\n<p class=\"wp-block-paragraph\">Calzatex abri\u00f3 sus puertas en 2023 en Santa Rosa para producir zapatillas y zapatos en el predio de la ex Calzar del Parque Industrial de Santa Rosa. Arranc\u00f3 con 28 empleados, que hab\u00edan sido despedidos por Calzar cuando cerr\u00f3, y fueron incorporando a m\u00e1s personas hasta llega a una dotaci\u00f3n de 50. Hoy est\u00e1 trabajando con apenas una decena de operarios.<\/p>\n\n\n\n<p class=\"wp-block-paragraph\"><strong>-\u00bfCu\u00e1l es la situaci\u00f3n de la empresa?-consult\u00f3 Diario Textual<\/strong><\/p>\n\n\n\n<p class=\"wp-block-paragraph\">-La que le corre para todas las empresas del pa\u00eds. Est\u00e1 muy complicado. Agosto fue r\u00e9cord de cheques rechazados y todo indica que se va a complicar m\u00e1s. Nosotros seguimos pele\u00e1ndola, apoy\u00e1ndonos entre todos. <\/p>\n\n\n\n<p class=\"wp-block-paragraph\"><strong>-\u00bfCree que el panorama puede empeorar a\u00fan m\u00e1s?<\/strong><\/p>\n\n\n\n<p class=\"wp-block-paragraph\">-Este modelo no tiene salida. Hay que empezar a visibilizar la situaci\u00f3n y dejar se organizarse por gremios. Hay que hacer como los portuarios, que es por donde sale todo lo que se llevan de Argentina. Ah\u00ed es donde m\u00e1s les duele porque la plata sale por ah\u00ed. Entonces creo que hay que unificar el reclamo y hacerse escuchar.<\/p>\n\n\n\n<p class=\"wp-block-paragraph\"><strong>-\u00bfTuvo que vender propiedades y gastar sus ahorros para sostener la f\u00e1brica?<\/strong><\/p>\n\n\n\n<p class=\"wp-block-paragraph\">-Si, gast\u00e9 ahorros y vend\u00ed para no cerrar. No puedo dormir. Me acuesto a las 12 y me despierto a las 2 o 3. La verdad que nunca pens\u00e9 que esto fuera tan virulento. Pero, repito, este modelo se cae por peso propio, no tiene continuidad.<\/p>\n\n\n\n<p class=\"wp-block-paragraph\"><strong>-\u00bfCayeron mucho las ventas?<\/strong><\/p>\n\n\n\n<p class=\"wp-block-paragraph\">-Un desastre. Tenemos algo de trabajo a fuerza de un precio irrisorio y que cada vez hay menos productores (de calzado). Hay d\u00edas que no viene nadie a comprar al local que tenemos en el Parque Industrial. Lo que estamos viviendo es incre\u00edble. Tenemos niveles de ca\u00edda de la actividad econ\u00f3mica de un pa\u00eds en guerra. En Ucrania tienen la misma ca\u00edda que nosotros y hacen tres a\u00f1os que est\u00e1n bombarde\u00e1ndose.<\/p>\n\n\n\n<p class=\"wp-block-paragraph\"><strong>-\u00bfHasta cuando la va a pelear?<\/strong><\/p>\n\n\n\n<p class=\"wp-block-paragraph\">-Hasta que ruede mi cabeza por el polvo con el grito de poder seguir. Tengo un compromiso que va m\u00e1s all\u00e1 de lo que pueda darme ganancia o p\u00e9rdida. A mis empleados les dije: si nos tenemos ir, nos vamos todos juntos.<\/p>\n","protected":false},"excerpt":{"rendered":"<p>El propietario de Calzatex, Gustavo Moreno, habl\u00f3 con Diario Textual en el D\u00eda de la Industria y dijo que las ventas de calzado son \u201cun desastre\u201d porque la gente no&hellip;<\/p>\n","protected":false},"author":7,"featured_media":334326,"comment_status":"closed","ping_status":"open","sticky":false,"template":"","format":"standard","meta":{"_acf_changed":false,"footnotes":""},"categories":[4,12],"tags":[],"class_list":["post-334324","post","type-post","status-publish","format-standard","has-post-thumbnail","hentry","category-destacadas","category-sociedad"],"acf":[],"yoast_head":"<!-- This site is optimized with the Yoast SEO plugin v28.4 - https:\/\/yoast.com\/product\/yoast-seo-wordpress\/ -->\n<title>\u201cNo duermo una noche entera\u201d: el drama de Gustavo Moreno para sostener Calzatex - Diario Textual<\/title>\n<meta name=\"robots\" content=\"index, follow, max-snippet:-1, max-image-preview:large, max-video-preview:-1\" \/>\n<link rel=\"canonical\" href=\"https:\/\/diariotextual.com\/inicio\/index.php\/2026\/09\/02\/gustavo-moreno-de-calzatex-las-ventas-son-un-desastre-y-estamos-en-niveles-de-caida-de-un-pais-en-guerra\/\" \/>\n<meta property=\"og:locale\" content=\"es_ES\" \/>\n<meta property=\"og:type\" content=\"article\" \/>\n<meta property=\"og:title\" content=\"\u201cNo duermo una noche entera\u201d: el drama de Gustavo Moreno para sostener Calzatex - Diario Textual\" \/>\n<meta property=\"og:description\" content=\"El propietario de Calzatex, Gustavo Moreno, habl\u00f3 con Diario Textual en el D\u00eda de la Industria y dijo que las ventas de calzado son \u201cun desastre\u201d porque la gente no&hellip;\" \/>\n<meta property=\"og:url\" content=\"https:\/\/diariotextual.com\/inicio\/index.php\/2026\/09\/02\/gustavo-moreno-de-calzatex-las-ventas-son-un-desastre-y-estamos-en-niveles-de-caida-de-un-pais-en-guerra\/\" \/>\n<meta property=\"og:site_name\" content=\"Diario Textual\" \/>\n<meta property=\"article:publisher\" content=\"https:\/\/www.facebook.com\/eltextual\" \/>\n<meta property=\"article:published_time\" content=\"2026-09-02T13:27:34+00:00\" \/>\n<meta property=\"article:modified_time\" content=\"2026-09-02T14:46:31+00:00\" \/>\n<meta property=\"og:image\" content=\"https:\/\/diariotextual.com\/inicio\/wp-content\/uploads\/2026\/09\/morenoigustavoencalzatex2026.jpg\" \/>\n\t<meta property=\"og:image:width\" content=\"1196\" \/>\n\t<meta property=\"og:image:height\" content=\"742\" \/>\n\t<meta property=\"og:image:type\" content=\"image\/jpeg\" \/>\n<meta name=\"author\" content=\"diario5\" \/>\n<meta name=\"twitter:card\" content=\"summary_large_image\" \/>\n<meta name=\"twitter:creator\" content=\"@eltextual\" \/>\n<meta name=\"twitter:site\" content=\"@eltextual\" \/>\n<meta name=\"twitter:label1\" content=\"Escrito por\" \/>\n\t<meta name=\"twitter:data1\" content=\"diario5\" \/>\n\t<meta name=\"twitter:label2\" content=\"Tiempo de lectura\" \/>\n\t<meta name=\"twitter:data2\" content=\"3 minutos\" \/>\n<script type=\"application\/ld+json\" class=\"yoast-schema-graph\">{\"@context\":\"https:\\\/\\\/schema.org\",\"@graph\":[{\"@type\":\"Article\",\"@id\":\"https:\\\/\\\/diariotextual.com\\\/inicio\\\/index.php\\\/2026\\\/09\\\/02\\\/gustavo-moreno-de-calzatex-las-ventas-son-un-desastre-y-estamos-en-niveles-de-caida-de-un-pais-en-guerra\\\/#article\",\"isPartOf\":{\"@id\":\"https:\\\/\\\/diariotextual.com\\\/inicio\\\/index.php\\\/2026\\\/09\\\/02\\\/gustavo-moreno-de-calzatex-las-ventas-son-un-desastre-y-estamos-en-niveles-de-caida-de-un-pais-en-guerra\\\/\"},\"author\":{\"name\":\"diario5\",\"@id\":\"https:\\\/\\\/diariotextual.com\\\/inicio\\\/#\\\/schema\\\/person\\\/c7834961ad8b29b1d9cdbf4571299067\"},\"headline\":\"\u201cNo duermo una noche entera\u201d: el drama de Gustavo Moreno para sostener Calzatex\",\"datePublished\":\"2026-09-02T13:27:34+00:00\",\"dateModified\":\"2026-09-02T14:46:31+00:00\",\"mainEntityOfPage\":{\"@id\":\"https:\\\/\\\/diariotextual.com\\\/inicio\\\/index.php\\\/2026\\\/09\\\/02\\\/gustavo-moreno-de-calzatex-las-ventas-son-un-desastre-y-estamos-en-niveles-de-caida-de-un-pais-en-guerra\\\/\"},\"wordCount\":492,\"publisher\":{\"@id\":\"https:\\\/\\\/diariotextual.com\\\/inicio\\\/#organization\"},\"image\":{\"@id\":\"https:\\\/\\\/diariotextual.com\\\/inicio\\\/index.php\\\/2026\\\/09\\\/02\\\/gustavo-moreno-de-calzatex-las-ventas-son-un-desastre-y-estamos-en-niveles-de-caida-de-un-pais-en-guerra\\\/#primaryimage\"},\"thumbnailUrl\":\"https:\\\/\\\/diariotextual.com\\\/inicio\\\/wp-content\\\/uploads\\\/2026\\\/09\\\/morenoigustavoencalzatex2026.jpg\",\"articleSection\":[\"A - DESTACADAS (mod 16)\",\"SOCIEDAD\"],\"inLanguage\":\"es\"},{\"@type\":\"WebPage\",\"@id\":\"https:\\\/\\\/diariotextual.com\\\/inicio\\\/index.php\\\/2026\\\/09\\\/02\\\/gustavo-moreno-de-calzatex-las-ventas-son-un-desastre-y-estamos-en-niveles-de-caida-de-un-pais-en-guerra\\\/\",\"url\":\"https:\\\/\\\/diariotextual.com\\\/inicio\\\/index.php\\\/2026\\\/09\\\/02\\\/gustavo-moreno-de-calzatex-las-ventas-son-un-desastre-y-estamos-en-niveles-de-caida-de-un-pais-en-guerra\\\/\",\"name\":\"\u201cNo duermo una noche entera\u201d: el drama de Gustavo Moreno para sostener Calzatex - Diario Textual\",\"isPartOf\":{\"@id\":\"https:\\\/\\\/diariotextual.com\\\/inicio\\\/#website\"},\"primaryImageOfPage\":{\"@id\":\"https:\\\/\\\/diariotextual.com\\\/inicio\\\/index.php\\\/2026\\\/09\\\/02\\\/gustavo-moreno-de-calzatex-las-ventas-son-un-desastre-y-estamos-en-niveles-de-caida-de-un-pais-en-guerra\\\/#primaryimage\"},\"image\":{\"@id\":\"https:\\\/\\\/diariotextual.com\\\/inicio\\\/index.php\\\/2026\\\/09\\\/02\\\/gustavo-moreno-de-calzatex-las-ventas-son-un-desastre-y-estamos-en-niveles-de-caida-de-un-pais-en-guerra\\\/#primaryimage\"},\"thumbnailUrl\":\"https:\\\/\\\/diariotextual.com\\\/inicio\\\/wp-content\\\/uploads\\\/2026\\\/09\\\/morenoigustavoencalzatex2026.jpg\",\"datePublished\":\"2026-09-02T13:27:34+00:00\",\"dateModified\":\"2026-09-02T14:46:31+00:00\",\"breadcrumb\":{\"@id\":\"https:\\\/\\\/diariotextual.com\\\/inicio\\\/index.php\\\/2026\\\/09\\\/02\\\/gustavo-moreno-de-calzatex-las-ventas-son-un-desastre-y-estamos-en-niveles-de-caida-de-un-pais-en-guerra\\\/#breadcrumb\"},\"inLanguage\":\"es\",\"potentialAction\":[{\"@type\":\"ReadAction\",\"target\":[\"https:\\\/\\\/diariotextual.com\\\/inicio\\\/index.php\\\/2026\\\/09\\\/02\\\/gustavo-moreno-de-calzatex-las-ventas-son-un-desastre-y-estamos-en-niveles-de-caida-de-un-pais-en-guerra\\\/\"]}]},{\"@type\":\"ImageObject\",\"inLanguage\":\"es\",\"@id\":\"https:\\\/\\\/diariotextual.com\\\/inicio\\\/index.php\\\/2026\\\/09\\\/02\\\/gustavo-moreno-de-calzatex-las-ventas-son-un-desastre-y-estamos-en-niveles-de-caida-de-un-pais-en-guerra\\\/#primaryimage\",\"url\":\"https:\\\/\\\/diariotextual.com\\\/inicio\\\/wp-content\\\/uploads\\\/2026\\\/09\\\/morenoigustavoencalzatex2026.jpg\",\"contentUrl\":\"https:\\\/\\\/diariotextual.com\\\/inicio\\\/wp-content\\\/uploads\\\/2026\\\/09\\\/morenoigustavoencalzatex2026.jpg\",\"width\":1196,\"height\":742},{\"@type\":\"BreadcrumbList\",\"@id\":\"https:\\\/\\\/diariotextual.com\\\/inicio\\\/index.php\\\/2026\\\/09\\\/02\\\/gustavo-moreno-de-calzatex-las-ventas-son-un-desastre-y-estamos-en-niveles-de-caida-de-un-pais-en-guerra\\\/#breadcrumb\",\"itemListElement\":[{\"@type\":\"ListItem\",\"position\":1,\"name\":\"Portada\",\"item\":\"https:\\\/\\\/diariotextual.com\\\/inicio\\\/\"},{\"@type\":\"ListItem\",\"position\":2,\"name\":\"\u201cNo duermo una noche entera\u201d: el drama de Gustavo Moreno para sostener Calzatex\"}]},{\"@type\":\"WebSite\",\"@id\":\"https:\\\/\\\/diariotextual.com\\\/inicio\\\/#website\",\"url\":\"https:\\\/\\\/diariotextual.com\\\/inicio\\\/\",\"name\":\"Diario Textual\",\"description\":\"\",\"publisher\":{\"@id\":\"https:\\\/\\\/diariotextual.com\\\/inicio\\\/#organization\"},\"potentialAction\":[{\"@type\":\"SearchAction\",\"target\":{\"@type\":\"EntryPoint\",\"urlTemplate\":\"https:\\\/\\\/diariotextual.com\\\/inicio\\\/?s={search_term_string}\"},\"query-input\":{\"@type\":\"PropertyValueSpecification\",\"valueRequired\":true,\"valueName\":\"search_term_string\"}}],\"inLanguage\":\"es\"},{\"@type\":\"Organization\",\"@id\":\"https:\\\/\\\/diariotextual.com\\\/inicio\\\/#organization\",\"name\":\"Diario Textual\",\"url\":\"https:\\\/\\\/diariotextual.com\\\/inicio\\\/\",\"logo\":{\"@type\":\"ImageObject\",\"inLanguage\":\"es\",\"@id\":\"https:\\\/\\\/diariotextual.com\\\/inicio\\\/#\\\/schema\\\/logo\\\/image\\\/\",\"url\":\"https:\\\/\\\/diariotextual.com\\\/inicio\\\/wp-content\\\/uploads\\\/2023\\\/05\\\/logotextual1.jpg\",\"contentUrl\":\"https:\\\/\\\/diariotextual.com\\\/inicio\\\/wp-content\\\/uploads\\\/2023\\\/05\\\/logotextual1.jpg\",\"width\":516,\"height\":76,\"caption\":\"Diario Textual\"},\"image\":{\"@id\":\"https:\\\/\\\/diariotextual.com\\\/inicio\\\/#\\\/schema\\\/logo\\\/image\\\/\"},\"sameAs\":[\"https:\\\/\\\/www.facebook.com\\\/eltextual\",\"https:\\\/\\\/x.com\\\/eltextual\",\"http:\\\/\\\/www.instagram.com\\\/eltextual\"]},{\"@type\":\"Person\",\"@id\":\"https:\\\/\\\/diariotextual.com\\\/inicio\\\/#\\\/schema\\\/person\\\/c7834961ad8b29b1d9cdbf4571299067\",\"name\":\"diario5\",\"image\":{\"@type\":\"ImageObject\",\"inLanguage\":\"es\",\"@id\":\"https:\\\/\\\/secure.gravatar.com\\\/avatar\\\/948c893b847ca6df68216ead81b63f363408ec9b0f600fefc0641ce78613b111?s=96&d=mm&r=g\",\"url\":\"https:\\\/\\\/secure.gravatar.com\\\/avatar\\\/948c893b847ca6df68216ead81b63f363408ec9b0f600fefc0641ce78613b111?s=96&d=mm&r=g\",\"contentUrl\":\"https:\\\/\\\/secure.gravatar.com\\\/avatar\\\/948c893b847ca6df68216ead81b63f363408ec9b0f600fefc0641ce78613b111?s=96&d=mm&r=g\",\"caption\":\"diario5\"},\"url\":\"https:\\\/\\\/diariotextual.com\\\/inicio\\\/index.php\\\/author\\\/diario5\\\/\"}]}<\/script>\n<!-- \/ Yoast SEO plugin. -->","yoast_head_json":{"title":"\u201cNo duermo una noche entera\u201d: el drama de Gustavo Moreno para sostener Calzatex - Diario Textual","robots":{"index":"index","follow":"follow","max-snippet":"max-snippet:-1","max-image-preview":"max-image-preview:large","max-video-preview":"max-video-preview:-1"},"canonical":"https:\/\/diariotextual.com\/inicio\/index.php\/2026\/09\/02\/gustavo-moreno-de-calzatex-las-ventas-son-un-desastre-y-estamos-en-niveles-de-caida-de-un-pais-en-guerra\/","og_locale":"es_ES","og_type":"article","og_title":"\u201cNo duermo una noche entera\u201d: el drama de Gustavo Moreno para sostener Calzatex - Diario Textual","og_description":"El propietario de Calzatex, Gustavo Moreno, habl\u00f3 con Diario Textual en el D\u00eda de la Industria y dijo que las ventas de calzado son \u201cun desastre\u201d porque la gente no&hellip;","og_url":"https:\/\/diariotextual.com\/inicio\/index.php\/2026\/09\/02\/gustavo-moreno-de-calzatex-las-ventas-son-un-desastre-y-estamos-en-niveles-de-caida-de-un-pais-en-guerra\/","og_site_name":"Diario Textual","article_publisher":"https:\/\/www.facebook.com\/eltextual","article_published_time":"2026-09-02T13:27:34+00:00","article_modified_time":"2026-09-02T14:46:31+00:00","og_image":[{"width":1196,"height":742,"url":"https:\/\/diariotextual.com\/inicio\/wp-content\/uploads\/2026\/09\/morenoigustavoencalzatex2026.jpg","type":"image\/jpeg"}],"author":"diario5","twitter_card":"summary_large_image","twitter_creator":"@eltextual","twitter_site":"@eltextual","twitter_misc":{"Escrito por":"diario5","Tiempo de lectura":"3 minutos"},"schema":{"@context":"https:\/\/schema.org","@graph":[{"@type":"Article","@id":"https:\/\/diariotextual.com\/inicio\/index.php\/2026\/09\/02\/gustavo-moreno-de-calzatex-las-ventas-son-un-desastre-y-estamos-en-niveles-de-caida-de-un-pais-en-guerra\/#article","isPartOf":{"@id":"https:\/\/diariotextual.com\/inicio\/index.php\/2026\/09\/02\/gustavo-moreno-de-calzatex-las-ventas-son-un-desastre-y-estamos-en-niveles-de-caida-de-un-pais-en-guerra\/"},"author":{"name":"diario5","@id":"https:\/\/diariotextual.com\/inicio\/#\/schema\/person\/c7834961ad8b29b1d9cdbf4571299067"},"headline":"\u201cNo duermo una noche entera\u201d: el drama de Gustavo Moreno para sostener Calzatex","datePublished":"2026-09-02T13:27:34+00:00","dateModified":"2026-09-02T14:46:31+00:00","mainEntityOfPage":{"@id":"https:\/\/diariotextual.com\/inicio\/index.php\/2026\/09\/02\/gustavo-moreno-de-calzatex-las-ventas-son-un-desastre-y-estamos-en-niveles-de-caida-de-un-pais-en-guerra\/"},"wordCount":492,"publisher":{"@id":"https:\/\/diariotextual.com\/inicio\/#organization"},"image":{"@id":"https:\/\/diariotextual.com\/inicio\/index.php\/2026\/09\/02\/gustavo-moreno-de-calzatex-las-ventas-son-un-desastre-y-estamos-en-niveles-de-caida-de-un-pais-en-guerra\/#primaryimage"},"thumbnailUrl":"https:\/\/diariotextual.com\/inicio\/wp-content\/uploads\/2026\/09\/morenoigustavoencalzatex2026.jpg","articleSection":["A - DESTACADAS (mod 16)","SOCIEDAD"],"inLanguage":"es"},{"@type":"WebPage","@id":"https:\/\/diariotextual.com\/inicio\/index.php\/2026\/09\/02\/gustavo-moreno-de-calzatex-las-ventas-son-un-desastre-y-estamos-en-niveles-de-caida-de-un-pais-en-guerra\/","url":"https:\/\/diariotextual.com\/inicio\/index.php\/2026\/09\/02\/gustavo-moreno-de-calzatex-las-ventas-son-un-desastre-y-estamos-en-niveles-de-caida-de-un-pais-en-guerra\/","name":"\u201cNo duermo una noche entera\u201d: el drama de Gustavo Moreno para sostener Calzatex - Diario Textual","isPartOf":{"@id":"https:\/\/diariotextual.com\/inicio\/#website"},"primaryImageOfPage":{"@id":"https:\/\/diariotextual.com\/inicio\/index.php\/2026\/09\/02\/gustavo-moreno-de-calzatex-las-ventas-son-un-desastre-y-estamos-en-niveles-de-caida-de-un-pais-en-guerra\/#primaryimage"},"image":{"@id":"https:\/\/diariotextual.com\/inicio\/index.php\/2026\/09\/02\/gustavo-moreno-de-calzatex-las-ventas-son-un-desastre-y-estamos-en-niveles-de-caida-de-un-pais-en-guerra\/#primaryimage"},"thumbnailUrl":"https:\/\/diariotextual.com\/inicio\/wp-content\/uploads\/2026\/09\/morenoigustavoencalzatex2026.jpg","datePublished":"2026-09-02T13:27:34+00:00","dateModified":"2026-09-02T14:46:31+00:00","breadcrumb":{"@id":"https:\/\/diariotextual.com\/inicio\/index.php\/2026\/09\/02\/gustavo-moreno-de-calzatex-las-ventas-son-un-desastre-y-estamos-en-niveles-de-caida-de-un-pais-en-guerra\/#breadcrumb"},"inLanguage":"es","potentialAction":[{"@type":"ReadAction","target":["https:\/\/diariotextual.com\/inicio\/index.php\/2026\/09\/02\/gustavo-moreno-de-calzatex-las-ventas-son-un-desastre-y-estamos-en-niveles-de-caida-de-un-pais-en-guerra\/"]}]},{"@type":"ImageObject","inLanguage":"es","@id":"https:\/\/diariotextual.com\/inicio\/index.php\/2026\/09\/02\/gustavo-moreno-de-calzatex-las-ventas-son-un-desastre-y-estamos-en-niveles-de-caida-de-un-pais-en-guerra\/#primaryimage","url":"https:\/\/diariotextual.com\/inicio\/wp-content\/uploads\/2026\/09\/morenoigustavoencalzatex2026.jpg","contentUrl":"https:\/\/diariotextual.com\/inicio\/wp-content\/uploads\/2026\/09\/morenoigustavoencalzatex2026.jpg","width":1196,"height":742},{"@type":"BreadcrumbList","@id":"https:\/\/diariotextual.com\/inicio\/index.php\/2026\/09\/02\/gustavo-moreno-de-calzatex-las-ventas-son-un-desastre-y-estamos-en-niveles-de-caida-de-un-pais-en-guerra\/#breadcrumb","itemListElement":[{"@type":"ListItem","position":1,"name":"Portada","item":"https:\/\/diariotextual.com\/inicio\/"},{"@type":"ListItem","position":2,"name":"\u201cNo duermo una noche entera\u201d: el drama de Gustavo Moreno para sostener Calzatex"}]},{"@type":"WebSite","@id":"https:\/\/diariotextual.com\/inicio\/#website","url":"https:\/\/diariotextual.com\/inicio\/","name":"Diario Textual","description":"","publisher":{"@id":"https:\/\/diariotextual.com\/inicio\/#organization"},"potentialAction":[{"@type":"SearchAction","target":{"@type":"EntryPoint","urlTemplate":"https:\/\/diariotextual.com\/inicio\/?s={search_term_string}"},"query-input":{"@type":"PropertyValueSpecification","valueRequired":true,"valueName":"search_term_string"}}],"inLanguage":"es"},{"@type":"Organization","@id":"https:\/\/diariotextual.com\/inicio\/#organization","name":"Diario Textual","url":"https:\/\/diariotextual.com\/inicio\/","logo":{"@type":"ImageObject","inLanguage":"es","@id":"https:\/\/diariotextual.com\/inicio\/#\/schema\/logo\/image\/","url":"https:\/\/diariotextual.com\/inicio\/wp-content\/uploads\/2023\/05\/logotextual1.jpg","contentUrl":"https:\/\/diariotextual.com\/inicio\/wp-content\/uploads\/2023\/05\/logotextual1.jpg","width":516,"height":76,"caption":"Diario Textual"},"image":{"@id":"https:\/\/diariotextual.com\/inicio\/#\/schema\/logo\/image\/"},"sameAs":["https:\/\/www.facebook.com\/eltextual","https:\/\/x.com\/eltextual","http:\/\/www.instagram.com\/eltextual"]},{"@type":"Person","@id":"https:\/\/diariotextual.com\/inicio\/#\/schema\/person\/c7834961ad8b29b1d9cdbf4571299067","name":"diario5","image":{"@type":"ImageObject","inLanguage":"es","@id":"https:\/\/secure.gravatar.com\/avatar\/948c893b847ca6df68216ead81b63f363408ec9b0f600fefc0641ce78613b111?s=96&d=mm&r=g","url":"https:\/\/secure.gravatar.com\/avatar\/948c893b847ca6df68216ead81b63f363408ec9b0f600fefc0641ce78613b111?s=96&d=mm&r=g","contentUrl":"https:\/\/secure.gravatar.com\/avatar\/948c893b847ca6df68216ead81b63f363408ec9b0f600fefc0641ce78613b111?s=96&d=mm&r=g","caption":"diario5"},"url":"https:\/\/diariotextual.com\/inicio\/index.php\/author\/diario5\/"}]}},"_links":{"self":[{"href":"https:\/\/diariotextual.com\/inicio\/index.php\/wp-json\/wp\/v2\/posts\/334324","targetHints":{"allow":["GET"]}}],"collection":[{"href":"https:\/\/diariotextual.com\/inicio\/index.php\/wp-json\/wp\/v2\/posts"}],"about":[{"href":"https:\/\/diariotextual.com\/inicio\/index.php\/wp-json\/wp\/v2\/types\/post"}],"author":[{"embeddable":true,"href":"https:\/\/diariotextual.com\/inicio\/index.php\/wp-json\/wp\/v2\/users\/7"}],"replies":[{"embeddable":true,"href":"https:\/\/diariotextual.com\/inicio\/index.php\/wp-json\/wp\/v2\/comments?post=334324"}],"version-history":[{"count":6,"href":"https:\/\/diariotextual.com\/inicio\/index.php\/wp-json\/wp\/v2\/posts\/334324\/revisions"}],"predecessor-version":[{"id":334332,"href":"https:\/\/diariotextual.com\/inicio\/index.php\/wp-json\/wp\/v2\/posts\/334324\/revisions\/334332"}],"wp:featuredmedia":[{"embeddable":true,"href":"https:\/\/diariotextual.com\/inicio\/index.php\/wp-json\/wp\/v2\/media\/334326"}],"wp:attachment":[{"href":"https:\/\/diariotextual.com\/inicio\/index.php\/wp-json\/wp\/v2\/media?parent=334324"}],"wp:term":[{"taxonomy":"category","embeddable":true,"href":"https:\/\/diariotextual.com\/inicio\/index.php\/wp-json\/wp\/v2\/categories?post=334324"},{"taxonomy":"post_tag","embeddable":true,"href":"https:\/\/diariotextual.com\/inicio\/index.php\/wp-json\/wp\/v2\/tags?post=334324"}],"curies":[{"name":"wp","href":"https:\/\/api.w.org\/{rel}","templated":true}]}}