{"id":334333,"date":"2026-09-02T11:24:04","date_gmt":"2026-09-02T14:24:04","guid":{"rendered":"https:\/\/diariotextual.com\/inicio\/?p=334333"},"modified":"2026-09-02T11:24:06","modified_gmt":"2026-09-02T14:24:06","slug":"archivaron-la-denuncia-por-la-presunta-estafa-con-casas-prefabricadas-y-la-damnificada-anuncio-que-apelara","status":"publish","type":"post","link":"https:\/\/diariotextual.com\/inicio\/index.php\/2026\/09\/02\/archivaron-la-denuncia-por-la-presunta-estafa-con-casas-prefabricadas-y-la-damnificada-anuncio-que-apelara\/","title":{"rendered":"Archivaron la denuncia por la presunta estafa con casas prefabricadas y la damnificada anunci\u00f3 que apelar\u00e1"},"content":{"rendered":"\n<p class=\"wp-block-paragraph\">La denuncia penal presentada por una presunta estafa vinculada a la compra de una casa prefabricada fue archivada y la damnificada anticip\u00f3 a Diario Textual que apelar\u00e1 la decisi\u00f3n. <\/p>\n\n\n\n<figure class=\"wp-block-embed is-type-wp-embed is-provider-diario-textual wp-block-embed-diario-textual\"><div class=\"wp-block-embed__wrapper\">\n<blockquote class=\"wp-embedded-content\" data-secret=\"Ao7dQQZNXF\"><a href=\"https:\/\/diariotextual.com\/inicio\/index.php\/2026\/08\/27\/pago-para-que-le-hicieran-la-vivienda-y-nunca-se-la-construyeron-denuncian-a-empresa-de-casas-prefabricadas\/\">Pag\u00f3 para que le hicieran la vivienda y nunca se la construyeron: denuncian a empresa de casas prefabricadas<\/a><\/blockquote><iframe class=\"wp-embedded-content\" sandbox=\"allow-scripts\" security=\"restricted\" style=\"position: absolute; visibility: hidden;\" title=\"\u00abPag\u00f3 para que le hicieran la vivienda y nunca se la construyeron: denuncian a empresa de casas prefabricadas\u00bb \u2014 Diario Textual\" src=\"https:\/\/diariotextual.com\/inicio\/index.php\/2026\/08\/27\/pago-para-que-le-hicieran-la-vivienda-y-nunca-se-la-construyeron-denuncian-a-empresa-de-casas-prefabricadas\/embed\/#?secret=4GymoNeCjM#?secret=Ao7dQQZNXF\" data-secret=\"Ao7dQQZNXF\" width=\"600\" height=\"338\" frameborder=\"0\" marginwidth=\"0\" marginheight=\"0\" scrolling=\"no\"><\/iframe>\n<\/div><\/figure>\n\n\n\n<p class=\"wp-block-paragraph\">Seg\u00fan explic\u00f3 Vanina, la denunciante, recibi\u00f3 la notificaci\u00f3n el lunes y cuestion\u00f3 que la Justicia haya considerado que el caso deb\u00eda quedar circunscripto a lo ocurrido en el \u00e1mbito de Defensa del Consumidor.<\/p>\n\n\n\n<p class=\"wp-block-paragraph\">\u201cDicen que ya como que se quedan con lo que pas\u00f3 en Defensa del Consumidor, pero nosotros sostenemos que sigue siendo una estafa porque a m\u00ed no me devolvieron nada, ni me hicieron la casa, ni me devolvieron la plata\u201d, sostuvo la denunciante.<\/p>\n\n\n\n<p class=\"wp-block-paragraph\">La mujer manifest\u00f3 adem\u00e1s su sorpresa por la rapidez con la que se resolvi\u00f3 el archivo de la causa. Seg\u00fan relat\u00f3, la notificaci\u00f3n lleva la firma de la fiscal sustituta Anabella Libertad Kletzel, y cuestion\u00f3 que la documentaci\u00f3n recibida solamente tenga un sello de la Polic\u00eda de Asuntos Judiciales y no cuente, seg\u00fan afirm\u00f3, con firmas visibles.<\/p>\n\n\n\n<p class=\"wp-block-paragraph\">\u201cNos cerraron esta instancia, o sea, nos archivaron esta denuncia, as\u00ed que quer\u00edamos hacerlo tambi\u00e9n p\u00fablico para que vean c\u00f3mo se maneja esta gente\u201d, expres\u00f3.<\/p>\n\n\n\n<p class=\"wp-block-paragraph\">Otro de los cuestionamientos planteados por la damnificada est\u00e1 relacionado con la falta de participaci\u00f3n de los denunciados durante la investigaci\u00f3n. Asegur\u00f3 que, hasta el momento, ninguno de ellos se present\u00f3 ni aport\u00f3 pruebas y que tampoco fueron notificados de que hubiera existido alguna presentaci\u00f3n en ese sentido.<\/p>\n\n\n\n<p class=\"wp-block-paragraph\">\u201cEllos nunca se presentaron, nunca presentaron pruebas como para que digan: bueno, s\u00ed, uno de los dos tiene raz\u00f3n. Ellos no se presentaron, no presentaron ninguna prueba\u201d, afirm\u00f3.<\/p>\n\n\n\n<p class=\"wp-block-paragraph\">Frente al archivo de la denuncia, la damnificada confirm\u00f3 que buscar\u00e1n recurrir la decisi\u00f3n y continuar con el reclamo judicial. <\/p>\n\n\n\n<p class=\"wp-block-paragraph\">Esta situaci\u00f3n comenz\u00f3 hace aproximadamente dos a\u00f1os, cuando Vanina compr\u00f3 una casa prefabricada a Abba Construcciones, cuyas oficinas estaban en la galer\u00eda Gemellus, de Santa Rosa.\u00a0<\/p>\n\n\n\n<p class=\"wp-block-paragraph\">La casa -relat\u00f3 la mujer- iba a ser instalada en la ciudad bonaerense de Monte Hermoso, donde tiene un terreno.<\/p>\n\n\n\n<p class=\"wp-block-paragraph\">La empresa tiene la f\u00e1brica en Bah\u00eda Blanca. Desde que la joven compr\u00f3 la casa tuvieron m\u00faltiples inconvenientes: primero le dijeron que no necesitaban un permiso del municipio, luego que s\u00ed. Posteriormente le dijeron que ten\u00eda que poner m\u00e1s dinero para planos. Para todo, tanto para la compra de la vivienda como para el resto de los tr\u00e1mites, Vanina sac\u00f3 cr\u00e9ditos que hoy est\u00e1 pagando.<\/p>\n\n\n\n<p class=\"wp-block-paragraph\">A ra\u00edz de los incumplimiento de la empresa, la damnificada acudi\u00f3 a la Direcci\u00f3n de Defensa del Consumidor, donde se lleg\u00f3 a una homologaci\u00f3n en la que la empresa se comprometi\u00f3 a devolver el dinero en cuotas a partir de enero de este a\u00f1o. Sin embargo, la firma no cumpli\u00f3 con el primer pago ni con los posteriores, lo que deriv\u00f3 en nuevas mediaciones que tampoco tuvieron \u00e9xito debido a la inasistencia de sus representantes.<\/p>\n\n\n\n<p class=\"wp-block-paragraph\">Ante esta situaci\u00f3n, el caso se judicializ\u00f3. Se realizaron dos mediaciones judiciales en las que ninguna de las partes acusadas se present\u00f3. Ahora, la denuncia penal se archiv\u00f3. <\/p>\n","protected":false},"excerpt":{"rendered":"<p>La denuncia penal presentada por una presunta estafa vinculada a la compra de una casa prefabricada fue archivada y la damnificada anticip\u00f3 a Diario Textual que apelar\u00e1 la decisi\u00f3n. Seg\u00fan&hellip;<\/p>\n","protected":false},"author":7,"featured_media":127654,"comment_status":"closed","ping_status":"open","sticky":false,"template":"","format":"standard","meta":{"_acf_changed":false,"footnotes":""},"categories":[1,12],"tags":[],"class_list":["post-334333","post","type-post","status-publish","format-standard","has-post-thumbnail","hentry","category-es-noticia","category-sociedad"],"acf":[],"yoast_head":"<!-- This site is optimized with the Yoast SEO plugin v28.4 - https:\/\/yoast.com\/product\/yoast-seo-wordpress\/ -->\n<title>Archivaron la denuncia por la presunta estafa con casas prefabricadas y la damnificada anunci\u00f3 que apelar\u00e1 - Diario Textual<\/title>\n<meta name=\"robots\" content=\"index, follow, max-snippet:-1, max-image-preview:large, max-video-preview:-1\" \/>\n<link rel=\"canonical\" href=\"https:\/\/diariotextual.com\/inicio\/index.php\/2026\/09\/02\/archivaron-la-denuncia-por-la-presunta-estafa-con-casas-prefabricadas-y-la-damnificada-anuncio-que-apelara\/\" \/>\n<meta property=\"og:locale\" content=\"es_ES\" \/>\n<meta property=\"og:type\" content=\"article\" \/>\n<meta property=\"og:title\" content=\"Archivaron la denuncia por la presunta estafa con casas prefabricadas y la damnificada anunci\u00f3 que apelar\u00e1 - Diario Textual\" \/>\n<meta property=\"og:description\" content=\"La denuncia penal presentada por una presunta estafa vinculada a la compra de una casa prefabricada fue archivada y la damnificada anticip\u00f3 a Diario Textual que apelar\u00e1 la decisi\u00f3n. Seg\u00fan&hellip;\" \/>\n<meta property=\"og:url\" content=\"https:\/\/diariotextual.com\/inicio\/index.php\/2026\/09\/02\/archivaron-la-denuncia-por-la-presunta-estafa-con-casas-prefabricadas-y-la-damnificada-anuncio-que-apelara\/\" \/>\n<meta property=\"og:site_name\" content=\"Diario Textual\" \/>\n<meta property=\"article:publisher\" content=\"https:\/\/www.facebook.com\/eltextual\" \/>\n<meta property=\"article:published_time\" content=\"2026-09-02T14:24:04+00:00\" \/>\n<meta property=\"article:modified_time\" content=\"2026-09-02T14:24:06+00:00\" \/>\n<meta property=\"og:image\" content=\"https:\/\/diariotextual.com\/inicio\/wp-content\/uploads\/2020\/12\/centrojudicial2020-09.jpg\" \/>\n\t<meta property=\"og:image:width\" content=\"1084\" \/>\n\t<meta property=\"og:image:height\" content=\"658\" \/>\n\t<meta property=\"og:image:type\" content=\"image\/jpeg\" \/>\n<meta name=\"author\" content=\"diario5\" \/>\n<meta name=\"twitter:card\" content=\"summary_large_image\" \/>\n<meta name=\"twitter:creator\" content=\"@eltextual\" \/>\n<meta name=\"twitter:site\" content=\"@eltextual\" \/>\n<meta name=\"twitter:label1\" content=\"Escrito por\" \/>\n\t<meta name=\"twitter:data1\" content=\"diario5\" \/>\n\t<meta name=\"twitter:label2\" content=\"Tiempo de lectura\" \/>\n\t<meta name=\"twitter:data2\" content=\"3 minutos\" \/>\n<script type=\"application\/ld+json\" class=\"yoast-schema-graph\">{\"@context\":\"https:\\\/\\\/schema.org\",\"@graph\":[{\"@type\":\"Article\",\"@id\":\"https:\\\/\\\/diariotextual.com\\\/inicio\\\/index.php\\\/2026\\\/09\\\/02\\\/archivaron-la-denuncia-por-la-presunta-estafa-con-casas-prefabricadas-y-la-damnificada-anuncio-que-apelara\\\/#article\",\"isPartOf\":{\"@id\":\"https:\\\/\\\/diariotextual.com\\\/inicio\\\/index.php\\\/2026\\\/09\\\/02\\\/archivaron-la-denuncia-por-la-presunta-estafa-con-casas-prefabricadas-y-la-damnificada-anuncio-que-apelara\\\/\"},\"author\":{\"name\":\"diario5\",\"@id\":\"https:\\\/\\\/diariotextual.com\\\/inicio\\\/#\\\/schema\\\/person\\\/c7834961ad8b29b1d9cdbf4571299067\"},\"headline\":\"Archivaron la denuncia por la presunta estafa con casas prefabricadas y la damnificada anunci\u00f3 que apelar\u00e1\",\"datePublished\":\"2026-09-02T14:24:04+00:00\",\"dateModified\":\"2026-09-02T14:24:06+00:00\",\"mainEntityOfPage\":{\"@id\":\"https:\\\/\\\/diariotextual.com\\\/inicio\\\/index.php\\\/2026\\\/09\\\/02\\\/archivaron-la-denuncia-por-la-presunta-estafa-con-casas-prefabricadas-y-la-damnificada-anuncio-que-apelara\\\/\"},\"wordCount\":555,\"publisher\":{\"@id\":\"https:\\\/\\\/diariotextual.com\\\/inicio\\\/#organization\"},\"image\":{\"@id\":\"https:\\\/\\\/diariotextual.com\\\/inicio\\\/index.php\\\/2026\\\/09\\\/02\\\/archivaron-la-denuncia-por-la-presunta-estafa-con-casas-prefabricadas-y-la-damnificada-anuncio-que-apelara\\\/#primaryimage\"},\"thumbnailUrl\":\"https:\\\/\\\/diariotextual.com\\\/inicio\\\/wp-content\\\/uploads\\\/2020\\\/12\\\/centrojudicial2020-09.jpg\",\"articleSection\":[\"A - ES NOTICIA (van abajo)\",\"SOCIEDAD\"],\"inLanguage\":\"es\"},{\"@type\":\"WebPage\",\"@id\":\"https:\\\/\\\/diariotextual.com\\\/inicio\\\/index.php\\\/2026\\\/09\\\/02\\\/archivaron-la-denuncia-por-la-presunta-estafa-con-casas-prefabricadas-y-la-damnificada-anuncio-que-apelara\\\/\",\"url\":\"https:\\\/\\\/diariotextual.com\\\/inicio\\\/index.php\\\/2026\\\/09\\\/02\\\/archivaron-la-denuncia-por-la-presunta-estafa-con-casas-prefabricadas-y-la-damnificada-anuncio-que-apelara\\\/\",\"name\":\"Archivaron la denuncia por la presunta estafa con casas prefabricadas y la damnificada anunci\u00f3 que apelar\u00e1 - Diario Textual\",\"isPartOf\":{\"@id\":\"https:\\\/\\\/diariotextual.com\\\/inicio\\\/#website\"},\"primaryImageOfPage\":{\"@id\":\"https:\\\/\\\/diariotextual.com\\\/inicio\\\/index.php\\\/2026\\\/09\\\/02\\\/archivaron-la-denuncia-por-la-presunta-estafa-con-casas-prefabricadas-y-la-damnificada-anuncio-que-apelara\\\/#primaryimage\"},\"image\":{\"@id\":\"https:\\\/\\\/diariotextual.com\\\/inicio\\\/index.php\\\/2026\\\/09\\\/02\\\/archivaron-la-denuncia-por-la-presunta-estafa-con-casas-prefabricadas-y-la-damnificada-anuncio-que-apelara\\\/#primaryimage\"},\"thumbnailUrl\":\"https:\\\/\\\/diariotextual.com\\\/inicio\\\/wp-content\\\/uploads\\\/2020\\\/12\\\/centrojudicial2020-09.jpg\",\"datePublished\":\"2026-09-02T14:24:04+00:00\",\"dateModified\":\"2026-09-02T14:24:06+00:00\",\"breadcrumb\":{\"@id\":\"https:\\\/\\\/diariotextual.com\\\/inicio\\\/index.php\\\/2026\\\/09\\\/02\\\/archivaron-la-denuncia-por-la-presunta-estafa-con-casas-prefabricadas-y-la-damnificada-anuncio-que-apelara\\\/#breadcrumb\"},\"inLanguage\":\"es\",\"potentialAction\":[{\"@type\":\"ReadAction\",\"target\":[\"https:\\\/\\\/diariotextual.com\\\/inicio\\\/index.php\\\/2026\\\/09\\\/02\\\/archivaron-la-denuncia-por-la-presunta-estafa-con-casas-prefabricadas-y-la-damnificada-anuncio-que-apelara\\\/\"]}]},{\"@type\":\"ImageObject\",\"inLanguage\":\"es\",\"@id\":\"https:\\\/\\\/diariotextual.com\\\/inicio\\\/index.php\\\/2026\\\/09\\\/02\\\/archivaron-la-denuncia-por-la-presunta-estafa-con-casas-prefabricadas-y-la-damnificada-anuncio-que-apelara\\\/#primaryimage\",\"url\":\"https:\\\/\\\/diariotextual.com\\\/inicio\\\/wp-content\\\/uploads\\\/2020\\\/12\\\/centrojudicial2020-09.jpg\",\"contentUrl\":\"https:\\\/\\\/diariotextual.com\\\/inicio\\\/wp-content\\\/uploads\\\/2020\\\/12\\\/centrojudicial2020-09.jpg\",\"width\":1084,\"height\":658},{\"@type\":\"BreadcrumbList\",\"@id\":\"https:\\\/\\\/diariotextual.com\\\/inicio\\\/index.php\\\/2026\\\/09\\\/02\\\/archivaron-la-denuncia-por-la-presunta-estafa-con-casas-prefabricadas-y-la-damnificada-anuncio-que-apelara\\\/#breadcrumb\",\"itemListElement\":[{\"@type\":\"ListItem\",\"position\":1,\"name\":\"Portada\",\"item\":\"https:\\\/\\\/diariotextual.com\\\/inicio\\\/\"},{\"@type\":\"ListItem\",\"position\":2,\"name\":\"Archivaron la denuncia por la presunta estafa con casas prefabricadas y la damnificada anunci\u00f3 que apelar\u00e1\"}]},{\"@type\":\"WebSite\",\"@id\":\"https:\\\/\\\/diariotextual.com\\\/inicio\\\/#website\",\"url\":\"https:\\\/\\\/diariotextual.com\\\/inicio\\\/\",\"name\":\"Diario Textual\",\"description\":\"\",\"publisher\":{\"@id\":\"https:\\\/\\\/diariotextual.com\\\/inicio\\\/#organization\"},\"potentialAction\":[{\"@type\":\"SearchAction\",\"target\":{\"@type\":\"EntryPoint\",\"urlTemplate\":\"https:\\\/\\\/diariotextual.com\\\/inicio\\\/?s={search_term_string}\"},\"query-input\":{\"@type\":\"PropertyValueSpecification\",\"valueRequired\":true,\"valueName\":\"search_term_string\"}}],\"inLanguage\":\"es\"},{\"@type\":\"Organization\",\"@id\":\"https:\\\/\\\/diariotextual.com\\\/inicio\\\/#organization\",\"name\":\"Diario Textual\",\"url\":\"https:\\\/\\\/diariotextual.com\\\/inicio\\\/\",\"logo\":{\"@type\":\"ImageObject\",\"inLanguage\":\"es\",\"@id\":\"https:\\\/\\\/diariotextual.com\\\/inicio\\\/#\\\/schema\\\/logo\\\/image\\\/\",\"url\":\"https:\\\/\\\/diariotextual.com\\\/inicio\\\/wp-content\\\/uploads\\\/2023\\\/05\\\/logotextual1.jpg\",\"contentUrl\":\"https:\\\/\\\/diariotextual.com\\\/inicio\\\/wp-content\\\/uploads\\\/2023\\\/05\\\/logotextual1.jpg\",\"width\":516,\"height\":76,\"caption\":\"Diario Textual\"},\"image\":{\"@id\":\"https:\\\/\\\/diariotextual.com\\\/inicio\\\/#\\\/schema\\\/logo\\\/image\\\/\"},\"sameAs\":[\"https:\\\/\\\/www.facebook.com\\\/eltextual\",\"https:\\\/\\\/x.com\\\/eltextual\",\"http:\\\/\\\/www.instagram.com\\\/eltextual\"]},{\"@type\":\"Person\",\"@id\":\"https:\\\/\\\/diariotextual.com\\\/inicio\\\/#\\\/schema\\\/person\\\/c7834961ad8b29b1d9cdbf4571299067\",\"name\":\"diario5\",\"image\":{\"@type\":\"ImageObject\",\"inLanguage\":\"es\",\"@id\":\"https:\\\/\\\/secure.gravatar.com\\\/avatar\\\/948c893b847ca6df68216ead81b63f363408ec9b0f600fefc0641ce78613b111?s=96&d=mm&r=g\",\"url\":\"https:\\\/\\\/secure.gravatar.com\\\/avatar\\\/948c893b847ca6df68216ead81b63f363408ec9b0f600fefc0641ce78613b111?s=96&d=mm&r=g\",\"contentUrl\":\"https:\\\/\\\/secure.gravatar.com\\\/avatar\\\/948c893b847ca6df68216ead81b63f363408ec9b0f600fefc0641ce78613b111?s=96&d=mm&r=g\",\"caption\":\"diario5\"},\"url\":\"https:\\\/\\\/diariotextual.com\\\/inicio\\\/index.php\\\/author\\\/diario5\\\/\"}]}<\/script>\n<!-- \/ Yoast SEO plugin. -->","yoast_head_json":{"title":"Archivaron la denuncia por la presunta estafa con casas prefabricadas y la damnificada anunci\u00f3 que apelar\u00e1 - Diario Textual","robots":{"index":"index","follow":"follow","max-snippet":"max-snippet:-1","max-image-preview":"max-image-preview:large","max-video-preview":"max-video-preview:-1"},"canonical":"https:\/\/diariotextual.com\/inicio\/index.php\/2026\/09\/02\/archivaron-la-denuncia-por-la-presunta-estafa-con-casas-prefabricadas-y-la-damnificada-anuncio-que-apelara\/","og_locale":"es_ES","og_type":"article","og_title":"Archivaron la denuncia por la presunta estafa con casas prefabricadas y la damnificada anunci\u00f3 que apelar\u00e1 - Diario Textual","og_description":"La denuncia penal presentada por una presunta estafa vinculada a la compra de una casa prefabricada fue archivada y la damnificada anticip\u00f3 a Diario Textual que apelar\u00e1 la decisi\u00f3n. Seg\u00fan&hellip;","og_url":"https:\/\/diariotextual.com\/inicio\/index.php\/2026\/09\/02\/archivaron-la-denuncia-por-la-presunta-estafa-con-casas-prefabricadas-y-la-damnificada-anuncio-que-apelara\/","og_site_name":"Diario Textual","article_publisher":"https:\/\/www.facebook.com\/eltextual","article_published_time":"2026-09-02T14:24:04+00:00","article_modified_time":"2026-09-02T14:24:06+00:00","og_image":[{"width":1084,"height":658,"url":"https:\/\/diariotextual.com\/inicio\/wp-content\/uploads\/2020\/12\/centrojudicial2020-09.jpg","type":"image\/jpeg"}],"author":"diario5","twitter_card":"summary_large_image","twitter_creator":"@eltextual","twitter_site":"@eltextual","twitter_misc":{"Escrito por":"diario5","Tiempo de lectura":"3 minutos"},"schema":{"@context":"https:\/\/schema.org","@graph":[{"@type":"Article","@id":"https:\/\/diariotextual.com\/inicio\/index.php\/2026\/09\/02\/archivaron-la-denuncia-por-la-presunta-estafa-con-casas-prefabricadas-y-la-damnificada-anuncio-que-apelara\/#article","isPartOf":{"@id":"https:\/\/diariotextual.com\/inicio\/index.php\/2026\/09\/02\/archivaron-la-denuncia-por-la-presunta-estafa-con-casas-prefabricadas-y-la-damnificada-anuncio-que-apelara\/"},"author":{"name":"diario5","@id":"https:\/\/diariotextual.com\/inicio\/#\/schema\/person\/c7834961ad8b29b1d9cdbf4571299067"},"headline":"Archivaron la denuncia por la presunta estafa con casas prefabricadas y la damnificada anunci\u00f3 que apelar\u00e1","datePublished":"2026-09-02T14:24:04+00:00","dateModified":"2026-09-02T14:24:06+00:00","mainEntityOfPage":{"@id":"https:\/\/diariotextual.com\/inicio\/index.php\/2026\/09\/02\/archivaron-la-denuncia-por-la-presunta-estafa-con-casas-prefabricadas-y-la-damnificada-anuncio-que-apelara\/"},"wordCount":555,"publisher":{"@id":"https:\/\/diariotextual.com\/inicio\/#organization"},"image":{"@id":"https:\/\/diariotextual.com\/inicio\/index.php\/2026\/09\/02\/archivaron-la-denuncia-por-la-presunta-estafa-con-casas-prefabricadas-y-la-damnificada-anuncio-que-apelara\/#primaryimage"},"thumbnailUrl":"https:\/\/diariotextual.com\/inicio\/wp-content\/uploads\/2020\/12\/centrojudicial2020-09.jpg","articleSection":["A - ES NOTICIA (van abajo)","SOCIEDAD"],"inLanguage":"es"},{"@type":"WebPage","@id":"https:\/\/diariotextual.com\/inicio\/index.php\/2026\/09\/02\/archivaron-la-denuncia-por-la-presunta-estafa-con-casas-prefabricadas-y-la-damnificada-anuncio-que-apelara\/","url":"https:\/\/diariotextual.com\/inicio\/index.php\/2026\/09\/02\/archivaron-la-denuncia-por-la-presunta-estafa-con-casas-prefabricadas-y-la-damnificada-anuncio-que-apelara\/","name":"Archivaron la denuncia por la presunta estafa con casas prefabricadas y la damnificada anunci\u00f3 que apelar\u00e1 - Diario Textual","isPartOf":{"@id":"https:\/\/diariotextual.com\/inicio\/#website"},"primaryImageOfPage":{"@id":"https:\/\/diariotextual.com\/inicio\/index.php\/2026\/09\/02\/archivaron-la-denuncia-por-la-presunta-estafa-con-casas-prefabricadas-y-la-damnificada-anuncio-que-apelara\/#primaryimage"},"image":{"@id":"https:\/\/diariotextual.com\/inicio\/index.php\/2026\/09\/02\/archivaron-la-denuncia-por-la-presunta-estafa-con-casas-prefabricadas-y-la-damnificada-anuncio-que-apelara\/#primaryimage"},"thumbnailUrl":"https:\/\/diariotextual.com\/inicio\/wp-content\/uploads\/2020\/12\/centrojudicial2020-09.jpg","datePublished":"2026-09-02T14:24:04+00:00","dateModified":"2026-09-02T14:24:06+00:00","breadcrumb":{"@id":"https:\/\/diariotextual.com\/inicio\/index.php\/2026\/09\/02\/archivaron-la-denuncia-por-la-presunta-estafa-con-casas-prefabricadas-y-la-damnificada-anuncio-que-apelara\/#breadcrumb"},"inLanguage":"es","potentialAction":[{"@type":"ReadAction","target":["https:\/\/diariotextual.com\/inicio\/index.php\/2026\/09\/02\/archivaron-la-denuncia-por-la-presunta-estafa-con-casas-prefabricadas-y-la-damnificada-anuncio-que-apelara\/"]}]},{"@type":"ImageObject","inLanguage":"es","@id":"https:\/\/diariotextual.com\/inicio\/index.php\/2026\/09\/02\/archivaron-la-denuncia-por-la-presunta-estafa-con-casas-prefabricadas-y-la-damnificada-anuncio-que-apelara\/#primaryimage","url":"https:\/\/diariotextual.com\/inicio\/wp-content\/uploads\/2020\/12\/centrojudicial2020-09.jpg","contentUrl":"https:\/\/diariotextual.com\/inicio\/wp-content\/uploads\/2020\/12\/centrojudicial2020-09.jpg","width":1084,"height":658},{"@type":"BreadcrumbList","@id":"https:\/\/diariotextual.com\/inicio\/index.php\/2026\/09\/02\/archivaron-la-denuncia-por-la-presunta-estafa-con-casas-prefabricadas-y-la-damnificada-anuncio-que-apelara\/#breadcrumb","itemListElement":[{"@type":"ListItem","position":1,"name":"Portada","item":"https:\/\/diariotextual.com\/inicio\/"},{"@type":"ListItem","position":2,"name":"Archivaron la denuncia por la presunta estafa con casas prefabricadas y la damnificada anunci\u00f3 que apelar\u00e1"}]},{"@type":"WebSite","@id":"https:\/\/diariotextual.com\/inicio\/#website","url":"https:\/\/diariotextual.com\/inicio\/","name":"Diario Textual","description":"","publisher":{"@id":"https:\/\/diariotextual.com\/inicio\/#organization"},"potentialAction":[{"@type":"SearchAction","target":{"@type":"EntryPoint","urlTemplate":"https:\/\/diariotextual.com\/inicio\/?s={search_term_string}"},"query-input":{"@type":"PropertyValueSpecification","valueRequired":true,"valueName":"search_term_string"}}],"inLanguage":"es"},{"@type":"Organization","@id":"https:\/\/diariotextual.com\/inicio\/#organization","name":"Diario Textual","url":"https:\/\/diariotextual.com\/inicio\/","logo":{"@type":"ImageObject","inLanguage":"es","@id":"https:\/\/diariotextual.com\/inicio\/#\/schema\/logo\/image\/","url":"https:\/\/diariotextual.com\/inicio\/wp-content\/uploads\/2023\/05\/logotextual1.jpg","contentUrl":"https:\/\/diariotextual.com\/inicio\/wp-content\/uploads\/2023\/05\/logotextual1.jpg","width":516,"height":76,"caption":"Diario Textual"},"image":{"@id":"https:\/\/diariotextual.com\/inicio\/#\/schema\/logo\/image\/"},"sameAs":["https:\/\/www.facebook.com\/eltextual","https:\/\/x.com\/eltextual","http:\/\/www.instagram.com\/eltextual"]},{"@type":"Person","@id":"https:\/\/diariotextual.com\/inicio\/#\/schema\/person\/c7834961ad8b29b1d9cdbf4571299067","name":"diario5","image":{"@type":"ImageObject","inLanguage":"es","@id":"https:\/\/secure.gravatar.com\/avatar\/948c893b847ca6df68216ead81b63f363408ec9b0f600fefc0641ce78613b111?s=96&d=mm&r=g","url":"https:\/\/secure.gravatar.com\/avatar\/948c893b847ca6df68216ead81b63f363408ec9b0f600fefc0641ce78613b111?s=96&d=mm&r=g","contentUrl":"https:\/\/secure.gravatar.com\/avatar\/948c893b847ca6df68216ead81b63f363408ec9b0f600fefc0641ce78613b111?s=96&d=mm&r=g","caption":"diario5"},"url":"https:\/\/diariotextual.com\/inicio\/index.php\/author\/diario5\/"}]}},"_links":{"self":[{"href":"https:\/\/diariotextual.com\/inicio\/index.php\/wp-json\/wp\/v2\/posts\/334333","targetHints":{"allow":["GET"]}}],"collection":[{"href":"https:\/\/diariotextual.com\/inicio\/index.php\/wp-json\/wp\/v2\/posts"}],"about":[{"href":"https:\/\/diariotextual.com\/inicio\/index.php\/wp-json\/wp\/v2\/types\/post"}],"author":[{"embeddable":true,"href":"https:\/\/diariotextual.com\/inicio\/index.php\/wp-json\/wp\/v2\/users\/7"}],"replies":[{"embeddable":true,"href":"https:\/\/diariotextual.com\/inicio\/index.php\/wp-json\/wp\/v2\/comments?post=334333"}],"version-history":[{"count":1,"href":"https:\/\/diariotextual.com\/inicio\/index.php\/wp-json\/wp\/v2\/posts\/334333\/revisions"}],"predecessor-version":[{"id":334334,"href":"https:\/\/diariotextual.com\/inicio\/index.php\/wp-json\/wp\/v2\/posts\/334333\/revisions\/334334"}],"wp:featuredmedia":[{"embeddable":true,"href":"https:\/\/diariotextual.com\/inicio\/index.php\/wp-json\/wp\/v2\/media\/127654"}],"wp:attachment":[{"href":"https:\/\/diariotextual.com\/inicio\/index.php\/wp-json\/wp\/v2\/media?parent=334333"}],"wp:term":[{"taxonomy":"category","embeddable":true,"href":"https:\/\/diariotextual.com\/inicio\/index.php\/wp-json\/wp\/v2\/categories?post=334333"},{"taxonomy":"post_tag","embeddable":true,"href":"https:\/\/diariotextual.com\/inicio\/index.php\/wp-json\/wp\/v2\/tags?post=334333"}],"curies":[{"name":"wp","href":"https:\/\/api.w.org\/{rel}","templated":true}]}}