{"id":334349,"date":"2026-09-02T16:16:14","date_gmt":"2026-09-02T19:16:14","guid":{"rendered":"https:\/\/diariotextual.com\/inicio\/?p=334349"},"modified":"2026-09-02T16:16:17","modified_gmt":"2026-09-02T19:16:17","slug":"malvinas-milei-anunciaria-una-ley-para-sancionar-a-empresas-que-desarrollen-actividades-sin-autorizacion-de-la-argentina","status":"publish","type":"post","link":"https:\/\/diariotextual.com\/inicio\/index.php\/2026\/09\/02\/malvinas-milei-anunciaria-una-ley-para-sancionar-a-empresas-que-desarrollen-actividades-sin-autorizacion-de-la-argentina\/","title":{"rendered":"Malvinas: Milei anunciar\u00eda una ley para sancionar a empresas que desarrollen actividades sin autorizaci\u00f3n de la Argentina"},"content":{"rendered":"\n<p class=\"wp-block-paragraph\">El presidente Javier Milei anunciar\u00eda este jueves por cadena nacional el env\u00edo al Congreso de un proyecto de ley para sancionar a empresas que desarrollen actividades en las Islas Malvinas sin autorizaci\u00f3n de la Argentina, seg\u00fan confiaron fuentes cercanas al Gobierno a la Agencia Noticias Argentinas.<\/p>\n\n\n\n<p class=\"wp-block-paragraph\">La iniciativa estar\u00eda vinculada con el avance del proyecto petrolero offshore Sea Lion, impulsado por la brit\u00e1nica Rockhopper Exploration y la israel\u00ed Navitas Petroleum, que prev\u00e9 la explotaci\u00f3n de hidrocarburos en aguas pr\u00f3ximas al archipi\u00e9lago.<\/p>\n\n\n\n<p class=\"wp-block-paragraph\">El desarrollo del proyecto volvi\u00f3 a poner el foco sobre las actividades econ\u00f3micas en las islas. La propuesta contemplar\u00eda sanciones para empresas de Argentina que brinden apoyo log\u00edstico o servicios a compa\u00f1\u00edas que desarrollen actividades en las islas sin autorizaci\u00f3n del Estado argentino.<\/p>\n\n\n\n<p class=\"wp-block-paragraph\">El anuncio se producir\u00e1 despu\u00e9s de que Donald Trump afirmara que Estados Unidos estar\u00eda dispuesto a revisar su posici\u00f3n sobre la soberan\u00eda de las Malvinas. El mandatario estadounidense respondi\u00f3 que \u201csiempre revis\u00f3 todas las posiciones\u201d y que la postura sobre las islas es \u201capenas una entre muchas\u201d, en referencia a la posibilidad de que Washington modifique su hist\u00f3rica postura favorable a Inglaterra.<\/p>\n\n\n\n<p class=\"wp-block-paragraph\">Milei anticip\u00f3 los hechos como algo \u201cmuy fuerte\u201d para \u201cla causa m\u00e1s importante y sagrada\u201d de los argentinos. El mensaje presidencial que se conocer\u00e1 este jueves buscar\u00e1 reivindicar el reclamo argentino de soberan\u00eda, reforzar el rechazo a la explotaci\u00f3n unilateral de los recursos naturales en el \u00e1rea en disputa y remarcar que la recuperaci\u00f3n de las islas debe darse por la v\u00eda diplom\u00e1tica.<\/p>\n","protected":false},"excerpt":{"rendered":"<p>El presidente Javier Milei anunciar\u00eda este jueves por cadena nacional el env\u00edo al Congreso de un proyecto de ley para sancionar a empresas que desarrollen actividades en las Islas Malvinas&hellip;<\/p>\n","protected":false},"author":3,"featured_media":330021,"comment_status":"closed","ping_status":"open","sticky":false,"template":"","format":"standard","meta":{"_acf_changed":false,"footnotes":""},"categories":[9,8],"tags":[],"class_list":["post-334349","post","type-post","status-publish","format-standard","has-post-thumbnail","hentry","category-portada","category-politica"],"acf":[],"yoast_head":"<!-- This site is optimized with the Yoast SEO plugin v28.4 - https:\/\/yoast.com\/product\/yoast-seo-wordpress\/ -->\n<title>Malvinas: Milei anunciar\u00eda una ley para sancionar a empresas que desarrollen actividades sin autorizaci\u00f3n de la Argentina - Diario Textual<\/title>\n<meta name=\"robots\" content=\"index, follow, max-snippet:-1, max-image-preview:large, max-video-preview:-1\" \/>\n<link rel=\"canonical\" href=\"https:\/\/diariotextual.com\/inicio\/index.php\/2026\/09\/02\/malvinas-milei-anunciaria-una-ley-para-sancionar-a-empresas-que-desarrollen-actividades-sin-autorizacion-de-la-argentina\/\" \/>\n<meta property=\"og:locale\" content=\"es_ES\" \/>\n<meta property=\"og:type\" content=\"article\" \/>\n<meta property=\"og:title\" content=\"Malvinas: Milei anunciar\u00eda una ley para sancionar a empresas que desarrollen actividades sin autorizaci\u00f3n de la Argentina - Diario Textual\" \/>\n<meta property=\"og:description\" content=\"El presidente Javier Milei anunciar\u00eda este jueves por cadena nacional el env\u00edo al Congreso de un proyecto de ley para sancionar a empresas que desarrollen actividades en las Islas Malvinas&hellip;\" \/>\n<meta property=\"og:url\" content=\"https:\/\/diariotextual.com\/inicio\/index.php\/2026\/09\/02\/malvinas-milei-anunciaria-una-ley-para-sancionar-a-empresas-que-desarrollen-actividades-sin-autorizacion-de-la-argentina\/\" \/>\n<meta property=\"og:site_name\" content=\"Diario Textual\" \/>\n<meta property=\"article:publisher\" content=\"https:\/\/www.facebook.com\/eltextual\" \/>\n<meta property=\"article:published_time\" content=\"2026-09-02T19:16:14+00:00\" \/>\n<meta property=\"article:modified_time\" content=\"2026-09-02T19:16:17+00:00\" \/>\n<meta property=\"og:image\" content=\"https:\/\/diariotextual.com\/inicio\/wp-content\/uploads\/2026\/06\/mileijavier2026-90.jpg\" \/>\n\t<meta property=\"og:image:width\" content=\"1280\" \/>\n\t<meta property=\"og:image:height\" content=\"854\" \/>\n\t<meta property=\"og:image:type\" content=\"image\/jpeg\" \/>\n<meta name=\"author\" content=\"Diario1 Diario1\" \/>\n<meta name=\"twitter:card\" content=\"summary_large_image\" \/>\n<meta name=\"twitter:creator\" content=\"@eltextual\" \/>\n<meta name=\"twitter:site\" content=\"@eltextual\" \/>\n<meta name=\"twitter:label1\" content=\"Escrito por\" \/>\n\t<meta name=\"twitter:data1\" content=\"Diario1 Diario1\" \/>\n\t<meta name=\"twitter:label2\" content=\"Tiempo de lectura\" \/>\n\t<meta name=\"twitter:data2\" content=\"2 minutos\" \/>\n<script type=\"application\/ld+json\" class=\"yoast-schema-graph\">{\"@context\":\"https:\\\/\\\/schema.org\",\"@graph\":[{\"@type\":\"Article\",\"@id\":\"https:\\\/\\\/diariotextual.com\\\/inicio\\\/index.php\\\/2026\\\/09\\\/02\\\/malvinas-milei-anunciaria-una-ley-para-sancionar-a-empresas-que-desarrollen-actividades-sin-autorizacion-de-la-argentina\\\/#article\",\"isPartOf\":{\"@id\":\"https:\\\/\\\/diariotextual.com\\\/inicio\\\/index.php\\\/2026\\\/09\\\/02\\\/malvinas-milei-anunciaria-una-ley-para-sancionar-a-empresas-que-desarrollen-actividades-sin-autorizacion-de-la-argentina\\\/\"},\"author\":{\"name\":\"Diario1 Diario1\",\"@id\":\"https:\\\/\\\/diariotextual.com\\\/inicio\\\/#\\\/schema\\\/person\\\/418fc4093c33e86ed41562db3508f958\"},\"headline\":\"Malvinas: Milei anunciar\u00eda una ley para sancionar a empresas que desarrollen actividades sin autorizaci\u00f3n de la Argentina\",\"datePublished\":\"2026-09-02T19:16:14+00:00\",\"dateModified\":\"2026-09-02T19:16:17+00:00\",\"mainEntityOfPage\":{\"@id\":\"https:\\\/\\\/diariotextual.com\\\/inicio\\\/index.php\\\/2026\\\/09\\\/02\\\/malvinas-milei-anunciaria-una-ley-para-sancionar-a-empresas-que-desarrollen-actividades-sin-autorizacion-de-la-argentina\\\/\"},\"wordCount\":293,\"publisher\":{\"@id\":\"https:\\\/\\\/diariotextual.com\\\/inicio\\\/#organization\"},\"image\":{\"@id\":\"https:\\\/\\\/diariotextual.com\\\/inicio\\\/index.php\\\/2026\\\/09\\\/02\\\/malvinas-milei-anunciaria-una-ley-para-sancionar-a-empresas-que-desarrollen-actividades-sin-autorizacion-de-la-argentina\\\/#primaryimage\"},\"thumbnailUrl\":\"https:\\\/\\\/diariotextual.com\\\/inicio\\\/wp-content\\\/uploads\\\/2026\\\/06\\\/mileijavier2026-90.jpg\",\"articleSection\":[\"A - PORTADA\",\"POLITICA\"],\"inLanguage\":\"es\"},{\"@type\":\"WebPage\",\"@id\":\"https:\\\/\\\/diariotextual.com\\\/inicio\\\/index.php\\\/2026\\\/09\\\/02\\\/malvinas-milei-anunciaria-una-ley-para-sancionar-a-empresas-que-desarrollen-actividades-sin-autorizacion-de-la-argentina\\\/\",\"url\":\"https:\\\/\\\/diariotextual.com\\\/inicio\\\/index.php\\\/2026\\\/09\\\/02\\\/malvinas-milei-anunciaria-una-ley-para-sancionar-a-empresas-que-desarrollen-actividades-sin-autorizacion-de-la-argentina\\\/\",\"name\":\"Malvinas: Milei anunciar\u00eda una ley para sancionar a empresas que desarrollen actividades sin autorizaci\u00f3n de la Argentina - Diario Textual\",\"isPartOf\":{\"@id\":\"https:\\\/\\\/diariotextual.com\\\/inicio\\\/#website\"},\"primaryImageOfPage\":{\"@id\":\"https:\\\/\\\/diariotextual.com\\\/inicio\\\/index.php\\\/2026\\\/09\\\/02\\\/malvinas-milei-anunciaria-una-ley-para-sancionar-a-empresas-que-desarrollen-actividades-sin-autorizacion-de-la-argentina\\\/#primaryimage\"},\"image\":{\"@id\":\"https:\\\/\\\/diariotextual.com\\\/inicio\\\/index.php\\\/2026\\\/09\\\/02\\\/malvinas-milei-anunciaria-una-ley-para-sancionar-a-empresas-que-desarrollen-actividades-sin-autorizacion-de-la-argentina\\\/#primaryimage\"},\"thumbnailUrl\":\"https:\\\/\\\/diariotextual.com\\\/inicio\\\/wp-content\\\/uploads\\\/2026\\\/06\\\/mileijavier2026-90.jpg\",\"datePublished\":\"2026-09-02T19:16:14+00:00\",\"dateModified\":\"2026-09-02T19:16:17+00:00\",\"breadcrumb\":{\"@id\":\"https:\\\/\\\/diariotextual.com\\\/inicio\\\/index.php\\\/2026\\\/09\\\/02\\\/malvinas-milei-anunciaria-una-ley-para-sancionar-a-empresas-que-desarrollen-actividades-sin-autorizacion-de-la-argentina\\\/#breadcrumb\"},\"inLanguage\":\"es\",\"potentialAction\":[{\"@type\":\"ReadAction\",\"target\":[\"https:\\\/\\\/diariotextual.com\\\/inicio\\\/index.php\\\/2026\\\/09\\\/02\\\/malvinas-milei-anunciaria-una-ley-para-sancionar-a-empresas-que-desarrollen-actividades-sin-autorizacion-de-la-argentina\\\/\"]}]},{\"@type\":\"ImageObject\",\"inLanguage\":\"es\",\"@id\":\"https:\\\/\\\/diariotextual.com\\\/inicio\\\/index.php\\\/2026\\\/09\\\/02\\\/malvinas-milei-anunciaria-una-ley-para-sancionar-a-empresas-que-desarrollen-actividades-sin-autorizacion-de-la-argentina\\\/#primaryimage\",\"url\":\"https:\\\/\\\/diariotextual.com\\\/inicio\\\/wp-content\\\/uploads\\\/2026\\\/06\\\/mileijavier2026-90.jpg\",\"contentUrl\":\"https:\\\/\\\/diariotextual.com\\\/inicio\\\/wp-content\\\/uploads\\\/2026\\\/06\\\/mileijavier2026-90.jpg\",\"width\":1280,\"height\":854},{\"@type\":\"BreadcrumbList\",\"@id\":\"https:\\\/\\\/diariotextual.com\\\/inicio\\\/index.php\\\/2026\\\/09\\\/02\\\/malvinas-milei-anunciaria-una-ley-para-sancionar-a-empresas-que-desarrollen-actividades-sin-autorizacion-de-la-argentina\\\/#breadcrumb\",\"itemListElement\":[{\"@type\":\"ListItem\",\"position\":1,\"name\":\"Portada\",\"item\":\"https:\\\/\\\/diariotextual.com\\\/inicio\\\/\"},{\"@type\":\"ListItem\",\"position\":2,\"name\":\"Malvinas: Milei anunciar\u00eda una ley para sancionar a empresas que desarrollen actividades sin autorizaci\u00f3n de la Argentina\"}]},{\"@type\":\"WebSite\",\"@id\":\"https:\\\/\\\/diariotextual.com\\\/inicio\\\/#website\",\"url\":\"https:\\\/\\\/diariotextual.com\\\/inicio\\\/\",\"name\":\"Diario Textual\",\"description\":\"\",\"publisher\":{\"@id\":\"https:\\\/\\\/diariotextual.com\\\/inicio\\\/#organization\"},\"potentialAction\":[{\"@type\":\"SearchAction\",\"target\":{\"@type\":\"EntryPoint\",\"urlTemplate\":\"https:\\\/\\\/diariotextual.com\\\/inicio\\\/?s={search_term_string}\"},\"query-input\":{\"@type\":\"PropertyValueSpecification\",\"valueRequired\":true,\"valueName\":\"search_term_string\"}}],\"inLanguage\":\"es\"},{\"@type\":\"Organization\",\"@id\":\"https:\\\/\\\/diariotextual.com\\\/inicio\\\/#organization\",\"name\":\"Diario Textual\",\"url\":\"https:\\\/\\\/diariotextual.com\\\/inicio\\\/\",\"logo\":{\"@type\":\"ImageObject\",\"inLanguage\":\"es\",\"@id\":\"https:\\\/\\\/diariotextual.com\\\/inicio\\\/#\\\/schema\\\/logo\\\/image\\\/\",\"url\":\"https:\\\/\\\/diariotextual.com\\\/inicio\\\/wp-content\\\/uploads\\\/2023\\\/05\\\/logotextual1.jpg\",\"contentUrl\":\"https:\\\/\\\/diariotextual.com\\\/inicio\\\/wp-content\\\/uploads\\\/2023\\\/05\\\/logotextual1.jpg\",\"width\":516,\"height\":76,\"caption\":\"Diario Textual\"},\"image\":{\"@id\":\"https:\\\/\\\/diariotextual.com\\\/inicio\\\/#\\\/schema\\\/logo\\\/image\\\/\"},\"sameAs\":[\"https:\\\/\\\/www.facebook.com\\\/eltextual\",\"https:\\\/\\\/x.com\\\/eltextual\",\"http:\\\/\\\/www.instagram.com\\\/eltextual\"]},{\"@type\":\"Person\",\"@id\":\"https:\\\/\\\/diariotextual.com\\\/inicio\\\/#\\\/schema\\\/person\\\/418fc4093c33e86ed41562db3508f958\",\"name\":\"Diario1 Diario1\",\"image\":{\"@type\":\"ImageObject\",\"inLanguage\":\"es\",\"@id\":\"https:\\\/\\\/secure.gravatar.com\\\/avatar\\\/9167d280179c85bc18be67aa7eda765854300033af4896dd779b608640f2ef7a?s=96&d=mm&r=g\",\"url\":\"https:\\\/\\\/secure.gravatar.com\\\/avatar\\\/9167d280179c85bc18be67aa7eda765854300033af4896dd779b608640f2ef7a?s=96&d=mm&r=g\",\"contentUrl\":\"https:\\\/\\\/secure.gravatar.com\\\/avatar\\\/9167d280179c85bc18be67aa7eda765854300033af4896dd779b608640f2ef7a?s=96&d=mm&r=g\",\"caption\":\"Diario1 Diario1\"},\"url\":\"https:\\\/\\\/diariotextual.com\\\/inicio\\\/index.php\\\/author\\\/diario1\\\/\"}]}<\/script>\n<!-- \/ Yoast SEO plugin. -->","yoast_head_json":{"title":"Malvinas: Milei anunciar\u00eda una ley para sancionar a empresas que desarrollen actividades sin autorizaci\u00f3n de la Argentina - Diario Textual","robots":{"index":"index","follow":"follow","max-snippet":"max-snippet:-1","max-image-preview":"max-image-preview:large","max-video-preview":"max-video-preview:-1"},"canonical":"https:\/\/diariotextual.com\/inicio\/index.php\/2026\/09\/02\/malvinas-milei-anunciaria-una-ley-para-sancionar-a-empresas-que-desarrollen-actividades-sin-autorizacion-de-la-argentina\/","og_locale":"es_ES","og_type":"article","og_title":"Malvinas: Milei anunciar\u00eda una ley para sancionar a empresas que desarrollen actividades sin autorizaci\u00f3n de la Argentina - Diario Textual","og_description":"El presidente Javier Milei anunciar\u00eda este jueves por cadena nacional el env\u00edo al Congreso de un proyecto de ley para sancionar a empresas que desarrollen actividades en las Islas Malvinas&hellip;","og_url":"https:\/\/diariotextual.com\/inicio\/index.php\/2026\/09\/02\/malvinas-milei-anunciaria-una-ley-para-sancionar-a-empresas-que-desarrollen-actividades-sin-autorizacion-de-la-argentina\/","og_site_name":"Diario Textual","article_publisher":"https:\/\/www.facebook.com\/eltextual","article_published_time":"2026-09-02T19:16:14+00:00","article_modified_time":"2026-09-02T19:16:17+00:00","og_image":[{"width":1280,"height":854,"url":"https:\/\/diariotextual.com\/inicio\/wp-content\/uploads\/2026\/06\/mileijavier2026-90.jpg","type":"image\/jpeg"}],"author":"Diario1 Diario1","twitter_card":"summary_large_image","twitter_creator":"@eltextual","twitter_site":"@eltextual","twitter_misc":{"Escrito por":"Diario1 Diario1","Tiempo de lectura":"2 minutos"},"schema":{"@context":"https:\/\/schema.org","@graph":[{"@type":"Article","@id":"https:\/\/diariotextual.com\/inicio\/index.php\/2026\/09\/02\/malvinas-milei-anunciaria-una-ley-para-sancionar-a-empresas-que-desarrollen-actividades-sin-autorizacion-de-la-argentina\/#article","isPartOf":{"@id":"https:\/\/diariotextual.com\/inicio\/index.php\/2026\/09\/02\/malvinas-milei-anunciaria-una-ley-para-sancionar-a-empresas-que-desarrollen-actividades-sin-autorizacion-de-la-argentina\/"},"author":{"name":"Diario1 Diario1","@id":"https:\/\/diariotextual.com\/inicio\/#\/schema\/person\/418fc4093c33e86ed41562db3508f958"},"headline":"Malvinas: Milei anunciar\u00eda una ley para sancionar a empresas que desarrollen actividades sin autorizaci\u00f3n de la Argentina","datePublished":"2026-09-02T19:16:14+00:00","dateModified":"2026-09-02T19:16:17+00:00","mainEntityOfPage":{"@id":"https:\/\/diariotextual.com\/inicio\/index.php\/2026\/09\/02\/malvinas-milei-anunciaria-una-ley-para-sancionar-a-empresas-que-desarrollen-actividades-sin-autorizacion-de-la-argentina\/"},"wordCount":293,"publisher":{"@id":"https:\/\/diariotextual.com\/inicio\/#organization"},"image":{"@id":"https:\/\/diariotextual.com\/inicio\/index.php\/2026\/09\/02\/malvinas-milei-anunciaria-una-ley-para-sancionar-a-empresas-que-desarrollen-actividades-sin-autorizacion-de-la-argentina\/#primaryimage"},"thumbnailUrl":"https:\/\/diariotextual.com\/inicio\/wp-content\/uploads\/2026\/06\/mileijavier2026-90.jpg","articleSection":["A - PORTADA","POLITICA"],"inLanguage":"es"},{"@type":"WebPage","@id":"https:\/\/diariotextual.com\/inicio\/index.php\/2026\/09\/02\/malvinas-milei-anunciaria-una-ley-para-sancionar-a-empresas-que-desarrollen-actividades-sin-autorizacion-de-la-argentina\/","url":"https:\/\/diariotextual.com\/inicio\/index.php\/2026\/09\/02\/malvinas-milei-anunciaria-una-ley-para-sancionar-a-empresas-que-desarrollen-actividades-sin-autorizacion-de-la-argentina\/","name":"Malvinas: Milei anunciar\u00eda una ley para sancionar a empresas que desarrollen actividades sin autorizaci\u00f3n de la Argentina - Diario Textual","isPartOf":{"@id":"https:\/\/diariotextual.com\/inicio\/#website"},"primaryImageOfPage":{"@id":"https:\/\/diariotextual.com\/inicio\/index.php\/2026\/09\/02\/malvinas-milei-anunciaria-una-ley-para-sancionar-a-empresas-que-desarrollen-actividades-sin-autorizacion-de-la-argentina\/#primaryimage"},"image":{"@id":"https:\/\/diariotextual.com\/inicio\/index.php\/2026\/09\/02\/malvinas-milei-anunciaria-una-ley-para-sancionar-a-empresas-que-desarrollen-actividades-sin-autorizacion-de-la-argentina\/#primaryimage"},"thumbnailUrl":"https:\/\/diariotextual.com\/inicio\/wp-content\/uploads\/2026\/06\/mileijavier2026-90.jpg","datePublished":"2026-09-02T19:16:14+00:00","dateModified":"2026-09-02T19:16:17+00:00","breadcrumb":{"@id":"https:\/\/diariotextual.com\/inicio\/index.php\/2026\/09\/02\/malvinas-milei-anunciaria-una-ley-para-sancionar-a-empresas-que-desarrollen-actividades-sin-autorizacion-de-la-argentina\/#breadcrumb"},"inLanguage":"es","potentialAction":[{"@type":"ReadAction","target":["https:\/\/diariotextual.com\/inicio\/index.php\/2026\/09\/02\/malvinas-milei-anunciaria-una-ley-para-sancionar-a-empresas-que-desarrollen-actividades-sin-autorizacion-de-la-argentina\/"]}]},{"@type":"ImageObject","inLanguage":"es","@id":"https:\/\/diariotextual.com\/inicio\/index.php\/2026\/09\/02\/malvinas-milei-anunciaria-una-ley-para-sancionar-a-empresas-que-desarrollen-actividades-sin-autorizacion-de-la-argentina\/#primaryimage","url":"https:\/\/diariotextual.com\/inicio\/wp-content\/uploads\/2026\/06\/mileijavier2026-90.jpg","contentUrl":"https:\/\/diariotextual.com\/inicio\/wp-content\/uploads\/2026\/06\/mileijavier2026-90.jpg","width":1280,"height":854},{"@type":"BreadcrumbList","@id":"https:\/\/diariotextual.com\/inicio\/index.php\/2026\/09\/02\/malvinas-milei-anunciaria-una-ley-para-sancionar-a-empresas-que-desarrollen-actividades-sin-autorizacion-de-la-argentina\/#breadcrumb","itemListElement":[{"@type":"ListItem","position":1,"name":"Portada","item":"https:\/\/diariotextual.com\/inicio\/"},{"@type":"ListItem","position":2,"name":"Malvinas: Milei anunciar\u00eda una ley para sancionar a empresas que desarrollen actividades sin autorizaci\u00f3n de la Argentina"}]},{"@type":"WebSite","@id":"https:\/\/diariotextual.com\/inicio\/#website","url":"https:\/\/diariotextual.com\/inicio\/","name":"Diario Textual","description":"","publisher":{"@id":"https:\/\/diariotextual.com\/inicio\/#organization"},"potentialAction":[{"@type":"SearchAction","target":{"@type":"EntryPoint","urlTemplate":"https:\/\/diariotextual.com\/inicio\/?s={search_term_string}"},"query-input":{"@type":"PropertyValueSpecification","valueRequired":true,"valueName":"search_term_string"}}],"inLanguage":"es"},{"@type":"Organization","@id":"https:\/\/diariotextual.com\/inicio\/#organization","name":"Diario Textual","url":"https:\/\/diariotextual.com\/inicio\/","logo":{"@type":"ImageObject","inLanguage":"es","@id":"https:\/\/diariotextual.com\/inicio\/#\/schema\/logo\/image\/","url":"https:\/\/diariotextual.com\/inicio\/wp-content\/uploads\/2023\/05\/logotextual1.jpg","contentUrl":"https:\/\/diariotextual.com\/inicio\/wp-content\/uploads\/2023\/05\/logotextual1.jpg","width":516,"height":76,"caption":"Diario Textual"},"image":{"@id":"https:\/\/diariotextual.com\/inicio\/#\/schema\/logo\/image\/"},"sameAs":["https:\/\/www.facebook.com\/eltextual","https:\/\/x.com\/eltextual","http:\/\/www.instagram.com\/eltextual"]},{"@type":"Person","@id":"https:\/\/diariotextual.com\/inicio\/#\/schema\/person\/418fc4093c33e86ed41562db3508f958","name":"Diario1 Diario1","image":{"@type":"ImageObject","inLanguage":"es","@id":"https:\/\/secure.gravatar.com\/avatar\/9167d280179c85bc18be67aa7eda765854300033af4896dd779b608640f2ef7a?s=96&d=mm&r=g","url":"https:\/\/secure.gravatar.com\/avatar\/9167d280179c85bc18be67aa7eda765854300033af4896dd779b608640f2ef7a?s=96&d=mm&r=g","contentUrl":"https:\/\/secure.gravatar.com\/avatar\/9167d280179c85bc18be67aa7eda765854300033af4896dd779b608640f2ef7a?s=96&d=mm&r=g","caption":"Diario1 Diario1"},"url":"https:\/\/diariotextual.com\/inicio\/index.php\/author\/diario1\/"}]}},"_links":{"self":[{"href":"https:\/\/diariotextual.com\/inicio\/index.php\/wp-json\/wp\/v2\/posts\/334349","targetHints":{"allow":["GET"]}}],"collection":[{"href":"https:\/\/diariotextual.com\/inicio\/index.php\/wp-json\/wp\/v2\/posts"}],"about":[{"href":"https:\/\/diariotextual.com\/inicio\/index.php\/wp-json\/wp\/v2\/types\/post"}],"author":[{"embeddable":true,"href":"https:\/\/diariotextual.com\/inicio\/index.php\/wp-json\/wp\/v2\/users\/3"}],"replies":[{"embeddable":true,"href":"https:\/\/diariotextual.com\/inicio\/index.php\/wp-json\/wp\/v2\/comments?post=334349"}],"version-history":[{"count":2,"href":"https:\/\/diariotextual.com\/inicio\/index.php\/wp-json\/wp\/v2\/posts\/334349\/revisions"}],"predecessor-version":[{"id":334351,"href":"https:\/\/diariotextual.com\/inicio\/index.php\/wp-json\/wp\/v2\/posts\/334349\/revisions\/334351"}],"wp:featuredmedia":[{"embeddable":true,"href":"https:\/\/diariotextual.com\/inicio\/index.php\/wp-json\/wp\/v2\/media\/330021"}],"wp:attachment":[{"href":"https:\/\/diariotextual.com\/inicio\/index.php\/wp-json\/wp\/v2\/media?parent=334349"}],"wp:term":[{"taxonomy":"category","embeddable":true,"href":"https:\/\/diariotextual.com\/inicio\/index.php\/wp-json\/wp\/v2\/categories?post=334349"},{"taxonomy":"post_tag","embeddable":true,"href":"https:\/\/diariotextual.com\/inicio\/index.php\/wp-json\/wp\/v2\/tags?post=334349"}],"curies":[{"name":"wp","href":"https:\/\/api.w.org\/{rel}","templated":true}]}}