{"id":334352,"date":"2026-09-02T16:19:10","date_gmt":"2026-09-02T19:19:10","guid":{"rendered":"https:\/\/diariotextual.com\/inicio\/?p=334352"},"modified":"2026-09-02T16:28:13","modified_gmt":"2026-09-02T19:28:13","slug":"el-pro-y-la-ucr-le-trabaron-el-super-rigi-a-milei-en-el-senado","status":"publish","type":"post","link":"https:\/\/diariotextual.com\/inicio\/index.php\/2026\/09\/02\/el-pro-y-la-ucr-le-trabaron-el-super-rigi-a-milei-en-el-senado\/","title":{"rendered":"El PRO y la UCR le trabaron el S\u00faper RIGI a Milei en el Senado"},"content":{"rendered":"\n<p class=\"wp-block-paragraph\">El macrista Mart\u00edn G\u00f6erling, el radical Maximiliano Abad y Carlos Esp\u00ednola frustraron este mi\u00e9rcoles el dictamen para el proyecto de S\u00faper RIGI que Patricia Bullrich puso en tratamiento en un plenario de comisiones del Senado. Bajo el frenes\u00ed que la ex ministra de Seguridad quiere imprimirle a la agenda parlamentaria, el fracaso del oficialismo es un contratiempo que la jefa de la bancada libertaria saborea en secreto como una revancha contra la factura que Karina Milei y los primos Mart\u00edn y Lule Menem pretendieron cobrarle por el traspi\u00e9 con la ley de tierras.<\/p>\n\n\n\n<p class=\"wp-block-paragraph\">La iniciativa ya cuenta con media sanci\u00f3n de la C\u00e1mara Baja y los pedidos de los aliados fastidiaron al oficialismo. Una senadora libertaria se quej\u00f3 por lo bajo de la conducta de ese grupo de legisladores dialoguistas. \u201cNuestros aliados son unos chotos, lo que hicieron hoy no se condice con lo que hicieron los diputados de su espacio\u201d, dijo.<\/p>\n\n\n\n<p class=\"wp-block-paragraph\">La referencia, public\u00f3 La Pol\u00edtica Online, apuntaba directamente a G\u00f6erling, Abad y Esp\u00ednola, que habr\u00edan mantenido una reuni\u00f3n en la previa y habr\u00edan acordado que no firmar\u00edan el dictamen. El desplante acaso sea un aviso del PRO, donde revista el misionero G\u00f6erling, y los senadores que responden a las provincias, que encuentran en Camau un interlocutor que los expresa, justo un d\u00eda despu\u00e9s que Patricia sali\u00f3 a decir que en 15 d\u00edas arrancar\u00eda el debate sobre reforma pol\u00edtica y eliminaci\u00f3n de las PASO.<\/p>\n\n\n\n<p class=\"wp-block-paragraph\">Antes de estampar su nombre en el dictamen, los tres senadores aliados exigen cambios al proyecto que la Casa Rosada no estar\u00eda dispuesta a aceptar. El m\u00e1s intolerable habr\u00eda sido que plantean la cl\u00e1usula para que se acepten como proveedoras a las empresas argentinas, en competencia con las extranjeras, a\u00fan cuando sus precios se ubiquen hasta un 15 por ciento por encima de los insumos for\u00e1neos.<\/p>\n\n\n\n<p class=\"wp-block-paragraph\">La jefa del bloque oficialista se habr\u00eda comprometido a conversar el asunto con el ministro de Econom\u00eda, Luis \u00abToto\u00bb Caputo, pero el gobierno entiende que las modificaciones \u201cdesnaturalizan\u201d el proyecto en s\u00ed. \u201cSi el S\u00faper RIGI tiene tanto problema, nos quedamos con el RIGI\u201d, habr\u00eda sido la sacr\u00edlega conclusi\u00f3n de Bullrich que escucharon en su entorno.<\/p>\n\n\n\n<p class=\"wp-block-paragraph\">Como inform\u00f3 LPO, la senadora libertaria no renuncia a su proyecto presidencial y eso agudiza la confrontaci\u00f3n con Karina. Ante cada choque, sobreact\u00faa su adhesi\u00f3n a Javier Milei con un fervor que despierta sospechas en Olivos, tal como sucedi\u00f3 en su pelea con Victoria Villarruel despu\u00e9s de vapulear p\u00fablicamente a Manuel Adorni.<\/p>\n\n\n\n<p class=\"wp-block-paragraph\">Este martes la situaci\u00f3n acaso fue m\u00e1s problem\u00e1tica para los libertarios porque no consiguieron qu\u00f3rum para la reuni\u00f3n de comisi\u00f3n anterior, donde aspiraban a dictaminar un proyecto del radical Eduardo Vischi sobre un r\u00e9gimen de incentivos a las inversiones intermedio, entre el RIGI y el S\u00faper RIGI.<\/p>\n\n\n\n<p class=\"wp-block-paragraph\">De hecho la cita estaba convocada para las 11 y arrancaron tres minutos despu\u00e9s de las 13 y sin la cantidad de legisladores requeridos. Incluso, computaron como presente al chaque\u00f1o Jorge Capitanich, que se encontraba parado en el Sal\u00f3n Azul, relojeando para ver cu\u00e1ntos colegas suyos hab\u00eda sentados.<\/p>\n\n\n\n<p class=\"wp-block-paragraph\">Al frente de ese plenario, el libertario Agust\u00edn Monteverde tuvo que aceptar un cuarto intermedio, sin chances de dictaminar el proyecto. Fuentes parlamentarias deslizaron ante LPO que la mala praxis ofendi\u00f3 a Vischi.<\/p>\n\n\n\n<p class=\"wp-block-paragraph\"><\/p>\n","protected":false},"excerpt":{"rendered":"<p>El macrista Mart\u00edn G\u00f6erling, el radical Maximiliano Abad y Carlos Esp\u00ednola frustraron este mi\u00e9rcoles el dictamen para el proyecto de S\u00faper RIGI que Patricia Bullrich puso en tratamiento en un&hellip;<\/p>\n","protected":false},"author":3,"featured_media":320865,"comment_status":"closed","ping_status":"open","sticky":false,"template":"","format":"standard","meta":{"_acf_changed":false,"footnotes":""},"categories":[1,8],"tags":[],"class_list":["post-334352","post","type-post","status-publish","format-standard","has-post-thumbnail","hentry","category-es-noticia","category-politica"],"acf":[],"yoast_head":"<!-- This site is optimized with the Yoast SEO plugin v28.4 - https:\/\/yoast.com\/product\/yoast-seo-wordpress\/ -->\n<title>El PRO y la UCR le trabaron el S\u00faper RIGI a Milei en el Senado - Diario Textual<\/title>\n<meta name=\"robots\" content=\"index, follow, max-snippet:-1, max-image-preview:large, max-video-preview:-1\" \/>\n<link rel=\"canonical\" href=\"https:\/\/diariotextual.com\/inicio\/index.php\/2026\/09\/02\/el-pro-y-la-ucr-le-trabaron-el-super-rigi-a-milei-en-el-senado\/\" \/>\n<meta property=\"og:locale\" content=\"es_ES\" \/>\n<meta property=\"og:type\" content=\"article\" \/>\n<meta property=\"og:title\" content=\"El PRO y la UCR le trabaron el S\u00faper RIGI a Milei en el Senado - Diario Textual\" \/>\n<meta property=\"og:description\" content=\"El macrista Mart\u00edn G\u00f6erling, el radical Maximiliano Abad y Carlos Esp\u00ednola frustraron este mi\u00e9rcoles el dictamen para el proyecto de S\u00faper RIGI que Patricia Bullrich puso en tratamiento en un&hellip;\" \/>\n<meta property=\"og:url\" content=\"https:\/\/diariotextual.com\/inicio\/index.php\/2026\/09\/02\/el-pro-y-la-ucr-le-trabaron-el-super-rigi-a-milei-en-el-senado\/\" \/>\n<meta property=\"og:site_name\" content=\"Diario Textual\" \/>\n<meta property=\"article:publisher\" content=\"https:\/\/www.facebook.com\/eltextual\" \/>\n<meta property=\"article:published_time\" content=\"2026-09-02T19:19:10+00:00\" \/>\n<meta property=\"article:modified_time\" content=\"2026-09-02T19:28:13+00:00\" \/>\n<meta property=\"og:image\" content=\"https:\/\/diariotextual.com\/inicio\/wp-content\/uploads\/2026\/02\/senado2026-81111.webp\" \/>\n\t<meta property=\"og:image:width\" content=\"540\" \/>\n\t<meta property=\"og:image:height\" content=\"360\" \/>\n\t<meta property=\"og:image:type\" content=\"image\/webp\" \/>\n<meta name=\"author\" content=\"Diario1 Diario1\" \/>\n<meta name=\"twitter:card\" content=\"summary_large_image\" \/>\n<meta name=\"twitter:creator\" content=\"@eltextual\" \/>\n<meta name=\"twitter:site\" content=\"@eltextual\" \/>\n<meta name=\"twitter:label1\" content=\"Escrito por\" \/>\n\t<meta name=\"twitter:data1\" content=\"Diario1 Diario1\" \/>\n\t<meta name=\"twitter:label2\" content=\"Tiempo de lectura\" \/>\n\t<meta name=\"twitter:data2\" content=\"3 minutos\" \/>\n<script type=\"application\/ld+json\" class=\"yoast-schema-graph\">{\"@context\":\"https:\\\/\\\/schema.org\",\"@graph\":[{\"@type\":\"Article\",\"@id\":\"https:\\\/\\\/diariotextual.com\\\/inicio\\\/index.php\\\/2026\\\/09\\\/02\\\/el-pro-y-la-ucr-le-trabaron-el-super-rigi-a-milei-en-el-senado\\\/#article\",\"isPartOf\":{\"@id\":\"https:\\\/\\\/diariotextual.com\\\/inicio\\\/index.php\\\/2026\\\/09\\\/02\\\/el-pro-y-la-ucr-le-trabaron-el-super-rigi-a-milei-en-el-senado\\\/\"},\"author\":{\"name\":\"Diario1 Diario1\",\"@id\":\"https:\\\/\\\/diariotextual.com\\\/inicio\\\/#\\\/schema\\\/person\\\/418fc4093c33e86ed41562db3508f958\"},\"headline\":\"El PRO y la UCR le trabaron el S\u00faper RIGI a Milei en el Senado\",\"datePublished\":\"2026-09-02T19:19:10+00:00\",\"dateModified\":\"2026-09-02T19:28:13+00:00\",\"mainEntityOfPage\":{\"@id\":\"https:\\\/\\\/diariotextual.com\\\/inicio\\\/index.php\\\/2026\\\/09\\\/02\\\/el-pro-y-la-ucr-le-trabaron-el-super-rigi-a-milei-en-el-senado\\\/\"},\"wordCount\":602,\"publisher\":{\"@id\":\"https:\\\/\\\/diariotextual.com\\\/inicio\\\/#organization\"},\"image\":{\"@id\":\"https:\\\/\\\/diariotextual.com\\\/inicio\\\/index.php\\\/2026\\\/09\\\/02\\\/el-pro-y-la-ucr-le-trabaron-el-super-rigi-a-milei-en-el-senado\\\/#primaryimage\"},\"thumbnailUrl\":\"https:\\\/\\\/diariotextual.com\\\/inicio\\\/wp-content\\\/uploads\\\/2026\\\/02\\\/senado2026-81111.webp\",\"articleSection\":[\"A - ES NOTICIA (van abajo)\",\"POLITICA\"],\"inLanguage\":\"es\"},{\"@type\":\"WebPage\",\"@id\":\"https:\\\/\\\/diariotextual.com\\\/inicio\\\/index.php\\\/2026\\\/09\\\/02\\\/el-pro-y-la-ucr-le-trabaron-el-super-rigi-a-milei-en-el-senado\\\/\",\"url\":\"https:\\\/\\\/diariotextual.com\\\/inicio\\\/index.php\\\/2026\\\/09\\\/02\\\/el-pro-y-la-ucr-le-trabaron-el-super-rigi-a-milei-en-el-senado\\\/\",\"name\":\"El PRO y la UCR le trabaron el S\u00faper RIGI a Milei en el Senado - Diario Textual\",\"isPartOf\":{\"@id\":\"https:\\\/\\\/diariotextual.com\\\/inicio\\\/#website\"},\"primaryImageOfPage\":{\"@id\":\"https:\\\/\\\/diariotextual.com\\\/inicio\\\/index.php\\\/2026\\\/09\\\/02\\\/el-pro-y-la-ucr-le-trabaron-el-super-rigi-a-milei-en-el-senado\\\/#primaryimage\"},\"image\":{\"@id\":\"https:\\\/\\\/diariotextual.com\\\/inicio\\\/index.php\\\/2026\\\/09\\\/02\\\/el-pro-y-la-ucr-le-trabaron-el-super-rigi-a-milei-en-el-senado\\\/#primaryimage\"},\"thumbnailUrl\":\"https:\\\/\\\/diariotextual.com\\\/inicio\\\/wp-content\\\/uploads\\\/2026\\\/02\\\/senado2026-81111.webp\",\"datePublished\":\"2026-09-02T19:19:10+00:00\",\"dateModified\":\"2026-09-02T19:28:13+00:00\",\"breadcrumb\":{\"@id\":\"https:\\\/\\\/diariotextual.com\\\/inicio\\\/index.php\\\/2026\\\/09\\\/02\\\/el-pro-y-la-ucr-le-trabaron-el-super-rigi-a-milei-en-el-senado\\\/#breadcrumb\"},\"inLanguage\":\"es\",\"potentialAction\":[{\"@type\":\"ReadAction\",\"target\":[\"https:\\\/\\\/diariotextual.com\\\/inicio\\\/index.php\\\/2026\\\/09\\\/02\\\/el-pro-y-la-ucr-le-trabaron-el-super-rigi-a-milei-en-el-senado\\\/\"]}]},{\"@type\":\"ImageObject\",\"inLanguage\":\"es\",\"@id\":\"https:\\\/\\\/diariotextual.com\\\/inicio\\\/index.php\\\/2026\\\/09\\\/02\\\/el-pro-y-la-ucr-le-trabaron-el-super-rigi-a-milei-en-el-senado\\\/#primaryimage\",\"url\":\"https:\\\/\\\/diariotextual.com\\\/inicio\\\/wp-content\\\/uploads\\\/2026\\\/02\\\/senado2026-81111.webp\",\"contentUrl\":\"https:\\\/\\\/diariotextual.com\\\/inicio\\\/wp-content\\\/uploads\\\/2026\\\/02\\\/senado2026-81111.webp\",\"width\":540,\"height\":360},{\"@type\":\"BreadcrumbList\",\"@id\":\"https:\\\/\\\/diariotextual.com\\\/inicio\\\/index.php\\\/2026\\\/09\\\/02\\\/el-pro-y-la-ucr-le-trabaron-el-super-rigi-a-milei-en-el-senado\\\/#breadcrumb\",\"itemListElement\":[{\"@type\":\"ListItem\",\"position\":1,\"name\":\"Portada\",\"item\":\"https:\\\/\\\/diariotextual.com\\\/inicio\\\/\"},{\"@type\":\"ListItem\",\"position\":2,\"name\":\"El PRO y la UCR le trabaron el S\u00faper RIGI a Milei en el Senado\"}]},{\"@type\":\"WebSite\",\"@id\":\"https:\\\/\\\/diariotextual.com\\\/inicio\\\/#website\",\"url\":\"https:\\\/\\\/diariotextual.com\\\/inicio\\\/\",\"name\":\"Diario Textual\",\"description\":\"\",\"publisher\":{\"@id\":\"https:\\\/\\\/diariotextual.com\\\/inicio\\\/#organization\"},\"potentialAction\":[{\"@type\":\"SearchAction\",\"target\":{\"@type\":\"EntryPoint\",\"urlTemplate\":\"https:\\\/\\\/diariotextual.com\\\/inicio\\\/?s={search_term_string}\"},\"query-input\":{\"@type\":\"PropertyValueSpecification\",\"valueRequired\":true,\"valueName\":\"search_term_string\"}}],\"inLanguage\":\"es\"},{\"@type\":\"Organization\",\"@id\":\"https:\\\/\\\/diariotextual.com\\\/inicio\\\/#organization\",\"name\":\"Diario Textual\",\"url\":\"https:\\\/\\\/diariotextual.com\\\/inicio\\\/\",\"logo\":{\"@type\":\"ImageObject\",\"inLanguage\":\"es\",\"@id\":\"https:\\\/\\\/diariotextual.com\\\/inicio\\\/#\\\/schema\\\/logo\\\/image\\\/\",\"url\":\"https:\\\/\\\/diariotextual.com\\\/inicio\\\/wp-content\\\/uploads\\\/2023\\\/05\\\/logotextual1.jpg\",\"contentUrl\":\"https:\\\/\\\/diariotextual.com\\\/inicio\\\/wp-content\\\/uploads\\\/2023\\\/05\\\/logotextual1.jpg\",\"width\":516,\"height\":76,\"caption\":\"Diario Textual\"},\"image\":{\"@id\":\"https:\\\/\\\/diariotextual.com\\\/inicio\\\/#\\\/schema\\\/logo\\\/image\\\/\"},\"sameAs\":[\"https:\\\/\\\/www.facebook.com\\\/eltextual\",\"https:\\\/\\\/x.com\\\/eltextual\",\"http:\\\/\\\/www.instagram.com\\\/eltextual\"]},{\"@type\":\"Person\",\"@id\":\"https:\\\/\\\/diariotextual.com\\\/inicio\\\/#\\\/schema\\\/person\\\/418fc4093c33e86ed41562db3508f958\",\"name\":\"Diario1 Diario1\",\"image\":{\"@type\":\"ImageObject\",\"inLanguage\":\"es\",\"@id\":\"https:\\\/\\\/secure.gravatar.com\\\/avatar\\\/9167d280179c85bc18be67aa7eda765854300033af4896dd779b608640f2ef7a?s=96&d=mm&r=g\",\"url\":\"https:\\\/\\\/secure.gravatar.com\\\/avatar\\\/9167d280179c85bc18be67aa7eda765854300033af4896dd779b608640f2ef7a?s=96&d=mm&r=g\",\"contentUrl\":\"https:\\\/\\\/secure.gravatar.com\\\/avatar\\\/9167d280179c85bc18be67aa7eda765854300033af4896dd779b608640f2ef7a?s=96&d=mm&r=g\",\"caption\":\"Diario1 Diario1\"},\"url\":\"https:\\\/\\\/diariotextual.com\\\/inicio\\\/index.php\\\/author\\\/diario1\\\/\"}]}<\/script>\n<!-- \/ Yoast SEO plugin. -->","yoast_head_json":{"title":"El PRO y la UCR le trabaron el S\u00faper RIGI a Milei en el Senado - Diario Textual","robots":{"index":"index","follow":"follow","max-snippet":"max-snippet:-1","max-image-preview":"max-image-preview:large","max-video-preview":"max-video-preview:-1"},"canonical":"https:\/\/diariotextual.com\/inicio\/index.php\/2026\/09\/02\/el-pro-y-la-ucr-le-trabaron-el-super-rigi-a-milei-en-el-senado\/","og_locale":"es_ES","og_type":"article","og_title":"El PRO y la UCR le trabaron el S\u00faper RIGI a Milei en el Senado - Diario Textual","og_description":"El macrista Mart\u00edn G\u00f6erling, el radical Maximiliano Abad y Carlos Esp\u00ednola frustraron este mi\u00e9rcoles el dictamen para el proyecto de S\u00faper RIGI que Patricia Bullrich puso en tratamiento en un&hellip;","og_url":"https:\/\/diariotextual.com\/inicio\/index.php\/2026\/09\/02\/el-pro-y-la-ucr-le-trabaron-el-super-rigi-a-milei-en-el-senado\/","og_site_name":"Diario Textual","article_publisher":"https:\/\/www.facebook.com\/eltextual","article_published_time":"2026-09-02T19:19:10+00:00","article_modified_time":"2026-09-02T19:28:13+00:00","og_image":[{"width":540,"height":360,"url":"https:\/\/diariotextual.com\/inicio\/wp-content\/uploads\/2026\/02\/senado2026-81111.webp","type":"image\/webp"}],"author":"Diario1 Diario1","twitter_card":"summary_large_image","twitter_creator":"@eltextual","twitter_site":"@eltextual","twitter_misc":{"Escrito por":"Diario1 Diario1","Tiempo de lectura":"3 minutos"},"schema":{"@context":"https:\/\/schema.org","@graph":[{"@type":"Article","@id":"https:\/\/diariotextual.com\/inicio\/index.php\/2026\/09\/02\/el-pro-y-la-ucr-le-trabaron-el-super-rigi-a-milei-en-el-senado\/#article","isPartOf":{"@id":"https:\/\/diariotextual.com\/inicio\/index.php\/2026\/09\/02\/el-pro-y-la-ucr-le-trabaron-el-super-rigi-a-milei-en-el-senado\/"},"author":{"name":"Diario1 Diario1","@id":"https:\/\/diariotextual.com\/inicio\/#\/schema\/person\/418fc4093c33e86ed41562db3508f958"},"headline":"El PRO y la UCR le trabaron el S\u00faper RIGI a Milei en el Senado","datePublished":"2026-09-02T19:19:10+00:00","dateModified":"2026-09-02T19:28:13+00:00","mainEntityOfPage":{"@id":"https:\/\/diariotextual.com\/inicio\/index.php\/2026\/09\/02\/el-pro-y-la-ucr-le-trabaron-el-super-rigi-a-milei-en-el-senado\/"},"wordCount":602,"publisher":{"@id":"https:\/\/diariotextual.com\/inicio\/#organization"},"image":{"@id":"https:\/\/diariotextual.com\/inicio\/index.php\/2026\/09\/02\/el-pro-y-la-ucr-le-trabaron-el-super-rigi-a-milei-en-el-senado\/#primaryimage"},"thumbnailUrl":"https:\/\/diariotextual.com\/inicio\/wp-content\/uploads\/2026\/02\/senado2026-81111.webp","articleSection":["A - ES NOTICIA (van abajo)","POLITICA"],"inLanguage":"es"},{"@type":"WebPage","@id":"https:\/\/diariotextual.com\/inicio\/index.php\/2026\/09\/02\/el-pro-y-la-ucr-le-trabaron-el-super-rigi-a-milei-en-el-senado\/","url":"https:\/\/diariotextual.com\/inicio\/index.php\/2026\/09\/02\/el-pro-y-la-ucr-le-trabaron-el-super-rigi-a-milei-en-el-senado\/","name":"El PRO y la UCR le trabaron el S\u00faper RIGI a Milei en el Senado - Diario Textual","isPartOf":{"@id":"https:\/\/diariotextual.com\/inicio\/#website"},"primaryImageOfPage":{"@id":"https:\/\/diariotextual.com\/inicio\/index.php\/2026\/09\/02\/el-pro-y-la-ucr-le-trabaron-el-super-rigi-a-milei-en-el-senado\/#primaryimage"},"image":{"@id":"https:\/\/diariotextual.com\/inicio\/index.php\/2026\/09\/02\/el-pro-y-la-ucr-le-trabaron-el-super-rigi-a-milei-en-el-senado\/#primaryimage"},"thumbnailUrl":"https:\/\/diariotextual.com\/inicio\/wp-content\/uploads\/2026\/02\/senado2026-81111.webp","datePublished":"2026-09-02T19:19:10+00:00","dateModified":"2026-09-02T19:28:13+00:00","breadcrumb":{"@id":"https:\/\/diariotextual.com\/inicio\/index.php\/2026\/09\/02\/el-pro-y-la-ucr-le-trabaron-el-super-rigi-a-milei-en-el-senado\/#breadcrumb"},"inLanguage":"es","potentialAction":[{"@type":"ReadAction","target":["https:\/\/diariotextual.com\/inicio\/index.php\/2026\/09\/02\/el-pro-y-la-ucr-le-trabaron-el-super-rigi-a-milei-en-el-senado\/"]}]},{"@type":"ImageObject","inLanguage":"es","@id":"https:\/\/diariotextual.com\/inicio\/index.php\/2026\/09\/02\/el-pro-y-la-ucr-le-trabaron-el-super-rigi-a-milei-en-el-senado\/#primaryimage","url":"https:\/\/diariotextual.com\/inicio\/wp-content\/uploads\/2026\/02\/senado2026-81111.webp","contentUrl":"https:\/\/diariotextual.com\/inicio\/wp-content\/uploads\/2026\/02\/senado2026-81111.webp","width":540,"height":360},{"@type":"BreadcrumbList","@id":"https:\/\/diariotextual.com\/inicio\/index.php\/2026\/09\/02\/el-pro-y-la-ucr-le-trabaron-el-super-rigi-a-milei-en-el-senado\/#breadcrumb","itemListElement":[{"@type":"ListItem","position":1,"name":"Portada","item":"https:\/\/diariotextual.com\/inicio\/"},{"@type":"ListItem","position":2,"name":"El PRO y la UCR le trabaron el S\u00faper RIGI a Milei en el Senado"}]},{"@type":"WebSite","@id":"https:\/\/diariotextual.com\/inicio\/#website","url":"https:\/\/diariotextual.com\/inicio\/","name":"Diario Textual","description":"","publisher":{"@id":"https:\/\/diariotextual.com\/inicio\/#organization"},"potentialAction":[{"@type":"SearchAction","target":{"@type":"EntryPoint","urlTemplate":"https:\/\/diariotextual.com\/inicio\/?s={search_term_string}"},"query-input":{"@type":"PropertyValueSpecification","valueRequired":true,"valueName":"search_term_string"}}],"inLanguage":"es"},{"@type":"Organization","@id":"https:\/\/diariotextual.com\/inicio\/#organization","name":"Diario Textual","url":"https:\/\/diariotextual.com\/inicio\/","logo":{"@type":"ImageObject","inLanguage":"es","@id":"https:\/\/diariotextual.com\/inicio\/#\/schema\/logo\/image\/","url":"https:\/\/diariotextual.com\/inicio\/wp-content\/uploads\/2023\/05\/logotextual1.jpg","contentUrl":"https:\/\/diariotextual.com\/inicio\/wp-content\/uploads\/2023\/05\/logotextual1.jpg","width":516,"height":76,"caption":"Diario Textual"},"image":{"@id":"https:\/\/diariotextual.com\/inicio\/#\/schema\/logo\/image\/"},"sameAs":["https:\/\/www.facebook.com\/eltextual","https:\/\/x.com\/eltextual","http:\/\/www.instagram.com\/eltextual"]},{"@type":"Person","@id":"https:\/\/diariotextual.com\/inicio\/#\/schema\/person\/418fc4093c33e86ed41562db3508f958","name":"Diario1 Diario1","image":{"@type":"ImageObject","inLanguage":"es","@id":"https:\/\/secure.gravatar.com\/avatar\/9167d280179c85bc18be67aa7eda765854300033af4896dd779b608640f2ef7a?s=96&d=mm&r=g","url":"https:\/\/secure.gravatar.com\/avatar\/9167d280179c85bc18be67aa7eda765854300033af4896dd779b608640f2ef7a?s=96&d=mm&r=g","contentUrl":"https:\/\/secure.gravatar.com\/avatar\/9167d280179c85bc18be67aa7eda765854300033af4896dd779b608640f2ef7a?s=96&d=mm&r=g","caption":"Diario1 Diario1"},"url":"https:\/\/diariotextual.com\/inicio\/index.php\/author\/diario1\/"}]}},"_links":{"self":[{"href":"https:\/\/diariotextual.com\/inicio\/index.php\/wp-json\/wp\/v2\/posts\/334352","targetHints":{"allow":["GET"]}}],"collection":[{"href":"https:\/\/diariotextual.com\/inicio\/index.php\/wp-json\/wp\/v2\/posts"}],"about":[{"href":"https:\/\/diariotextual.com\/inicio\/index.php\/wp-json\/wp\/v2\/types\/post"}],"author":[{"embeddable":true,"href":"https:\/\/diariotextual.com\/inicio\/index.php\/wp-json\/wp\/v2\/users\/3"}],"replies":[{"embeddable":true,"href":"https:\/\/diariotextual.com\/inicio\/index.php\/wp-json\/wp\/v2\/comments?post=334352"}],"version-history":[{"count":1,"href":"https:\/\/diariotextual.com\/inicio\/index.php\/wp-json\/wp\/v2\/posts\/334352\/revisions"}],"predecessor-version":[{"id":334353,"href":"https:\/\/diariotextual.com\/inicio\/index.php\/wp-json\/wp\/v2\/posts\/334352\/revisions\/334353"}],"wp:featuredmedia":[{"embeddable":true,"href":"https:\/\/diariotextual.com\/inicio\/index.php\/wp-json\/wp\/v2\/media\/320865"}],"wp:attachment":[{"href":"https:\/\/diariotextual.com\/inicio\/index.php\/wp-json\/wp\/v2\/media?parent=334352"}],"wp:term":[{"taxonomy":"category","embeddable":true,"href":"https:\/\/diariotextual.com\/inicio\/index.php\/wp-json\/wp\/v2\/categories?post=334352"},{"taxonomy":"post_tag","embeddable":true,"href":"https:\/\/diariotextual.com\/inicio\/index.php\/wp-json\/wp\/v2\/tags?post=334352"}],"curies":[{"name":"wp","href":"https:\/\/api.w.org\/{rel}","templated":true}]}}