{"id":334354,"date":"2026-09-02T16:28:00","date_gmt":"2026-09-02T19:28:00","guid":{"rendered":"https:\/\/diariotextual.com\/inicio\/?p=334354"},"modified":"2026-09-02T16:28:03","modified_gmt":"2026-09-02T19:28:03","slug":"pablo-diaz-lacava-seguira-como-juez-federal-el-jury-rechazo-su-destitucion","status":"publish","type":"post","link":"https:\/\/diariotextual.com\/inicio\/index.php\/2026\/09\/02\/pablo-diaz-lacava-seguira-como-juez-federal-el-jury-rechazo-su-destitucion\/","title":{"rendered":"Pablo D\u00edaz Lacava seguir\u00e1 como juez federal: el jury rechaz\u00f3 su destituci\u00f3n"},"content":{"rendered":"\n<p class=\"wp-block-paragraph\"><strong>El Jurado de Enjuiciamiento de Magistrados de la Naci\u00f3n rechaz\u00f3 por unanimidad la remoci\u00f3n del juez del Tribunal Oral en lo Criminal Federal de La Pampa, Pablo D\u00edaz Lacava, y resolvi\u00f3 que contin\u00fae en funciones. El proceso hab\u00eda comenzado luego de denuncias por maltrato laboral, abuso de autoridad, violencia de g\u00e9nero y otros hechos ocurridos en el \u00e1mbito del tribunal. Ahora, de todas maneras, le espera un juicio penal.<\/strong><\/p>\n\n\n\n<p class=\"wp-block-paragraph\">La decisi\u00f3n fue adoptada este mi\u00e9rcoles. EljJurado consider\u00f3 que los hechos acreditados durante el proceso no alcanzaron la gravedad necesaria para configurar la causal constitucional de <strong>mal desempe\u00f1o<\/strong>, que hab\u00eda motivado la acusaci\u00f3n y el pedido de destituci\u00f3n.<\/p>\n\n\n\n<p class=\"wp-block-paragraph\">El expediente hab\u00eda llegado al jury luego de que el <strong>Consejo de la Magistratura<\/strong> aprobara, por mayor\u00eda de dos tercios, avanzar con el procedimiento de remoci\u00f3n. En esa instancia, se hab\u00eda atribuido a D\u00edaz Lacava \u201cgraves des\u00f3rdenes de conducta personal\u201d y falta de \u201cprobidad y decoro\u201d, adem\u00e1s de situaciones de violencia y acoso laboral contra trabajadores y trabajadoras de su tribunal.<\/p>\n\n\n\n<p class=\"wp-block-paragraph\">La acusaci\u00f3n incluy\u00f3 episodios de <strong>\u201cviolencia contra la mujer\u201d<\/strong> contra Alina Laura Trento, Erika Evelina Savluk, B\u00e1rbara Medwid y Norma Beatriz Mart\u00ednez. Tambi\u00e9n se se\u00f1alaron hechos de \u201cviolencia y acoso laboral\u201d contra Ignacio Rodr\u00edguez Berdier y Ricardo Javier Sequeira Gonz\u00e1lez.<\/p>\n\n\n\n<p class=\"wp-block-paragraph\">El proceso disciplinario se inici\u00f3 en <strong>abril de 2023<\/strong>, a partir de una denuncia presentada por tres secretarios del tribunal que integraba D\u00edaz Lacava. Los denunciantes lo acusaron de maltrato laboral, abuso de autoridad, coacci\u00f3n y violencia de g\u00e9nero.<\/p>\n\n\n\n<p class=\"wp-block-paragraph\">Sin embargo, luego de la sustanciaci\u00f3n del juicio pol\u00edtico, el jurado concluy\u00f3 por unanimidad que los hechos no ten\u00edan la entidad suficiente para disponer la sanci\u00f3n m\u00e1s grave prevista para un magistrado.<\/p>\n\n\n\n<p class=\"wp-block-paragraph\">El veredicto sostuvo que se trat\u00f3 de <strong>\u201cun desenlace desproporcionado que de ning\u00fan modo puede justificar la destituci\u00f3n de un magistrado cuya honorabilidad e idoneidad t\u00e9cnica permanecen indemnes\u201d<\/strong>.<\/p>\n\n\n\n<p class=\"wp-block-paragraph\">Seg\u00fan la resoluci\u00f3n, los hechos denunciados existieron, pero no alcanzaron \u201cla entidad, lesividad ni gravedad cualificada\u201d exigidas para configurar los graves des\u00f3rdenes de conducta previstos en el art\u00edculo 25, inciso 5, de la ley 24.937.<\/p>\n\n\n\n<p class=\"wp-block-paragraph\">El jury tambi\u00e9n cuestion\u00f3 que no se hubieran utilizado de manera adecuada los mecanismos administrativos internos del tribunal para abordar el conflicto. En ese sentido, sostuvo que <strong>\u201cla decisi\u00f3n de ignorar los carriles espec\u00edficos previstos al respecto en favor de una inmediata incriminaci\u00f3n penal no puede ser subsanada mediante la sanci\u00f3n m\u00e1s dr\u00e1stica\u201d<\/strong>.<\/p>\n\n\n\n<p class=\"wp-block-paragraph\">D\u00edaz Lacava hab\u00eda sido <strong>suspendido de sus funciones por el Consejo de la Magistratura el 15 de abril \u00faltimo<\/strong>. Adem\u00e1s, desde hace aproximadamente tres a\u00f1os y medio pesa sobre \u00e9l una orden de alejamiento de al menos 300 metros respecto de las personas denunciantes, por lo que durante ese per\u00edodo trabaj\u00f3 de manera remota.<\/p>\n\n\n\n<p class=\"wp-block-paragraph\">Con el fallo del jury, el magistrado volver\u00e1 a desempe\u00f1arse como juez del <strong>Tribunal Oral en lo Criminal Federal de La Pampa<\/strong>, aunque continuar\u00e1 vigente la situaci\u00f3n derivada de esa medida de alejamiento.<\/p>\n\n\n\n<p class=\"wp-block-paragraph\">El pedido de remoci\u00f3n hab\u00eda sido impulsado ante el jury por los integrantes del Consejo de la Magistratura <strong>Diego Barroetave\u00f1a<\/strong>, presidente de la C\u00e1mara Federal de Casaci\u00f3n Penal, y <strong>\u00c1lvaro Gonz\u00e1lez<\/strong>, diputado nacional del PRO. Los acusadores responsabilizaron al magistrado por episodios sistem\u00e1ticos de violencia y sostuvieron que hab\u00eda incurrido en des\u00f3rdenes de conducta que afectaron el servicio de justicia.<\/p>\n\n\n\n<p class=\"wp-block-paragraph\">Durante el debate se expusieron situaciones que incluyeron insultos y comentarios inapropiados, un piedrazo arrojado por el magistrado hacia una ventana donde se encontraban denunciantes y episodios en los que empleados habr\u00edan sido encerrados en una oficina mientras eran increpados e interrogados.<\/p>\n\n\n\n<p class=\"wp-block-paragraph\">La defensa de D\u00edaz Lacava, encabezada por el abogado <strong>Andr\u00e9s Gil Dom\u00ednguez<\/strong>, sostuvo entre otros argumentos que un dictamen del Cuerpo M\u00e9dico Forense, elaborado luego de entrevistas con los denunciantes, no hab\u00eda detectado lesiones f\u00edsicas.<\/p>\n\n\n\n<p class=\"wp-block-paragraph\">La defensa tambi\u00e9n atribuy\u00f3 la conducta del magistrado a su elevado nivel de autoexigencia respecto del funcionamiento del tribunal y calific\u00f3 algunos episodios, como el del piedrazo, como <strong>\u201cuna broma de mal gusto\u201d<\/strong>.<\/p>\n\n\n\n<p class=\"wp-block-paragraph\"><strong>\u201cEl juicio pol\u00edtico -concluy\u00f3 el jury- no fue concebido para suplir las falencias del gobierno interno del Tribunal, ni para transformar desajustes de gesti\u00f3n y convivencia en causas constitucionales de remoci\u00f3n\u201d<\/strong>.<\/p>\n\n\n\n<p class=\"wp-block-paragraph\">La resoluci\u00f3n del Jurado de Enjuiciamiento no pone fin al conflicto judicial. D\u00edaz Lacava enfrenta adem\u00e1s una <strong>causa penal independiente<\/strong>, en la que se investigan presuntos delitos de abuso de autoridad, amenazas, lesiones y distintos hechos de violencia y hostigamiento.<\/p>\n\n\n\n<p class=\"wp-block-paragraph\">El Tribunal Oral Federal que tendr\u00e1 a su cargo ese debate est\u00e1 integrado por los jueces <strong>Facundo Zapiola, Jos\u00e9 Fabi\u00e1n As\u00eds y Sabrina Nammer<\/strong>. El expediente se encuentra actualmente en la etapa de ofrecimiento de prueba y, seg\u00fan la informaci\u00f3n incorporada al caso, el juicio oral est\u00e1 previsto para la segunda quincena de septiembre.<\/p>\n\n\n\n<p class=\"wp-block-paragraph\">La decisi\u00f3n del jury no condiciona esa causa penal, que continuar\u00e1 su tr\u00e1mite para determinar si existi\u00f3 responsabilidad penal por los hechos atribuidos al magistrado.<\/p>\n\n\n\n<p class=\"wp-block-paragraph\"><\/p>\n","protected":false},"excerpt":{"rendered":"<p>El Jurado de Enjuiciamiento de Magistrados de la Naci\u00f3n rechaz\u00f3 por unanimidad la remoci\u00f3n del juez del Tribunal Oral en lo Criminal Federal de La Pampa, Pablo D\u00edaz Lacava, y&hellip;<\/p>\n","protected":false},"author":3,"featured_media":319686,"comment_status":"closed","ping_status":"open","sticky":false,"template":"","format":"standard","meta":{"_acf_changed":false,"footnotes":""},"categories":[4,12],"tags":[],"class_list":["post-334354","post","type-post","status-publish","format-standard","has-post-thumbnail","hentry","category-destacadas","category-sociedad"],"acf":[],"yoast_head":"<!-- This site is optimized with the Yoast SEO plugin v28.4 - https:\/\/yoast.com\/product\/yoast-seo-wordpress\/ -->\n<title>Pablo D\u00edaz Lacava seguir\u00e1 como juez federal: el jury rechaz\u00f3 su destituci\u00f3n - Diario Textual<\/title>\n<meta name=\"robots\" content=\"index, follow, max-snippet:-1, max-image-preview:large, max-video-preview:-1\" \/>\n<link rel=\"canonical\" href=\"https:\/\/diariotextual.com\/inicio\/index.php\/2026\/09\/02\/pablo-diaz-lacava-seguira-como-juez-federal-el-jury-rechazo-su-destitucion\/\" \/>\n<meta property=\"og:locale\" content=\"es_ES\" \/>\n<meta property=\"og:type\" content=\"article\" \/>\n<meta property=\"og:title\" content=\"Pablo D\u00edaz Lacava seguir\u00e1 como juez federal: el jury rechaz\u00f3 su destituci\u00f3n - Diario Textual\" \/>\n<meta property=\"og:description\" content=\"El Jurado de Enjuiciamiento de Magistrados de la Naci\u00f3n rechaz\u00f3 por unanimidad la remoci\u00f3n del juez del Tribunal Oral en lo Criminal Federal de La Pampa, Pablo D\u00edaz Lacava, y&hellip;\" \/>\n<meta property=\"og:url\" content=\"https:\/\/diariotextual.com\/inicio\/index.php\/2026\/09\/02\/pablo-diaz-lacava-seguira-como-juez-federal-el-jury-rechazo-su-destitucion\/\" \/>\n<meta property=\"og:site_name\" content=\"Diario Textual\" \/>\n<meta property=\"article:publisher\" content=\"https:\/\/www.facebook.com\/eltextual\" \/>\n<meta property=\"article:published_time\" content=\"2026-09-02T19:28:00+00:00\" \/>\n<meta property=\"article:modified_time\" content=\"2026-09-02T19:28:03+00:00\" \/>\n<meta property=\"og:image\" content=\"https:\/\/diariotextual.com\/inicio\/wp-content\/uploads\/2026\/02\/diazlacavapablo2026-77.jpg\" \/>\n\t<meta property=\"og:image:width\" content=\"696\" \/>\n\t<meta property=\"og:image:height\" content=\"464\" \/>\n\t<meta property=\"og:image:type\" content=\"image\/jpeg\" \/>\n<meta name=\"author\" content=\"Diario1 Diario1\" \/>\n<meta name=\"twitter:card\" content=\"summary_large_image\" \/>\n<meta name=\"twitter:creator\" content=\"@eltextual\" \/>\n<meta name=\"twitter:site\" content=\"@eltextual\" \/>\n<meta name=\"twitter:label1\" content=\"Escrito por\" \/>\n\t<meta name=\"twitter:data1\" content=\"Diario1 Diario1\" \/>\n\t<meta name=\"twitter:label2\" content=\"Tiempo de lectura\" \/>\n\t<meta name=\"twitter:data2\" content=\"4 minutos\" \/>\n<script type=\"application\/ld+json\" class=\"yoast-schema-graph\">{\"@context\":\"https:\\\/\\\/schema.org\",\"@graph\":[{\"@type\":\"Article\",\"@id\":\"https:\\\/\\\/diariotextual.com\\\/inicio\\\/index.php\\\/2026\\\/09\\\/02\\\/pablo-diaz-lacava-seguira-como-juez-federal-el-jury-rechazo-su-destitucion\\\/#article\",\"isPartOf\":{\"@id\":\"https:\\\/\\\/diariotextual.com\\\/inicio\\\/index.php\\\/2026\\\/09\\\/02\\\/pablo-diaz-lacava-seguira-como-juez-federal-el-jury-rechazo-su-destitucion\\\/\"},\"author\":{\"name\":\"Diario1 Diario1\",\"@id\":\"https:\\\/\\\/diariotextual.com\\\/inicio\\\/#\\\/schema\\\/person\\\/418fc4093c33e86ed41562db3508f958\"},\"headline\":\"Pablo D\u00edaz Lacava seguir\u00e1 como juez federal: el jury rechaz\u00f3 su destituci\u00f3n\",\"datePublished\":\"2026-09-02T19:28:00+00:00\",\"dateModified\":\"2026-09-02T19:28:03+00:00\",\"mainEntityOfPage\":{\"@id\":\"https:\\\/\\\/diariotextual.com\\\/inicio\\\/index.php\\\/2026\\\/09\\\/02\\\/pablo-diaz-lacava-seguira-como-juez-federal-el-jury-rechazo-su-destitucion\\\/\"},\"wordCount\":894,\"publisher\":{\"@id\":\"https:\\\/\\\/diariotextual.com\\\/inicio\\\/#organization\"},\"image\":{\"@id\":\"https:\\\/\\\/diariotextual.com\\\/inicio\\\/index.php\\\/2026\\\/09\\\/02\\\/pablo-diaz-lacava-seguira-como-juez-federal-el-jury-rechazo-su-destitucion\\\/#primaryimage\"},\"thumbnailUrl\":\"https:\\\/\\\/diariotextual.com\\\/inicio\\\/wp-content\\\/uploads\\\/2026\\\/02\\\/diazlacavapablo2026-77.jpg\",\"articleSection\":[\"A - DESTACADAS (mod 16)\",\"SOCIEDAD\"],\"inLanguage\":\"es\"},{\"@type\":\"WebPage\",\"@id\":\"https:\\\/\\\/diariotextual.com\\\/inicio\\\/index.php\\\/2026\\\/09\\\/02\\\/pablo-diaz-lacava-seguira-como-juez-federal-el-jury-rechazo-su-destitucion\\\/\",\"url\":\"https:\\\/\\\/diariotextual.com\\\/inicio\\\/index.php\\\/2026\\\/09\\\/02\\\/pablo-diaz-lacava-seguira-como-juez-federal-el-jury-rechazo-su-destitucion\\\/\",\"name\":\"Pablo D\u00edaz Lacava seguir\u00e1 como juez federal: el jury rechaz\u00f3 su destituci\u00f3n - Diario Textual\",\"isPartOf\":{\"@id\":\"https:\\\/\\\/diariotextual.com\\\/inicio\\\/#website\"},\"primaryImageOfPage\":{\"@id\":\"https:\\\/\\\/diariotextual.com\\\/inicio\\\/index.php\\\/2026\\\/09\\\/02\\\/pablo-diaz-lacava-seguira-como-juez-federal-el-jury-rechazo-su-destitucion\\\/#primaryimage\"},\"image\":{\"@id\":\"https:\\\/\\\/diariotextual.com\\\/inicio\\\/index.php\\\/2026\\\/09\\\/02\\\/pablo-diaz-lacava-seguira-como-juez-federal-el-jury-rechazo-su-destitucion\\\/#primaryimage\"},\"thumbnailUrl\":\"https:\\\/\\\/diariotextual.com\\\/inicio\\\/wp-content\\\/uploads\\\/2026\\\/02\\\/diazlacavapablo2026-77.jpg\",\"datePublished\":\"2026-09-02T19:28:00+00:00\",\"dateModified\":\"2026-09-02T19:28:03+00:00\",\"breadcrumb\":{\"@id\":\"https:\\\/\\\/diariotextual.com\\\/inicio\\\/index.php\\\/2026\\\/09\\\/02\\\/pablo-diaz-lacava-seguira-como-juez-federal-el-jury-rechazo-su-destitucion\\\/#breadcrumb\"},\"inLanguage\":\"es\",\"potentialAction\":[{\"@type\":\"ReadAction\",\"target\":[\"https:\\\/\\\/diariotextual.com\\\/inicio\\\/index.php\\\/2026\\\/09\\\/02\\\/pablo-diaz-lacava-seguira-como-juez-federal-el-jury-rechazo-su-destitucion\\\/\"]}]},{\"@type\":\"ImageObject\",\"inLanguage\":\"es\",\"@id\":\"https:\\\/\\\/diariotextual.com\\\/inicio\\\/index.php\\\/2026\\\/09\\\/02\\\/pablo-diaz-lacava-seguira-como-juez-federal-el-jury-rechazo-su-destitucion\\\/#primaryimage\",\"url\":\"https:\\\/\\\/diariotextual.com\\\/inicio\\\/wp-content\\\/uploads\\\/2026\\\/02\\\/diazlacavapablo2026-77.jpg\",\"contentUrl\":\"https:\\\/\\\/diariotextual.com\\\/inicio\\\/wp-content\\\/uploads\\\/2026\\\/02\\\/diazlacavapablo2026-77.jpg\",\"width\":696,\"height\":464},{\"@type\":\"BreadcrumbList\",\"@id\":\"https:\\\/\\\/diariotextual.com\\\/inicio\\\/index.php\\\/2026\\\/09\\\/02\\\/pablo-diaz-lacava-seguira-como-juez-federal-el-jury-rechazo-su-destitucion\\\/#breadcrumb\",\"itemListElement\":[{\"@type\":\"ListItem\",\"position\":1,\"name\":\"Portada\",\"item\":\"https:\\\/\\\/diariotextual.com\\\/inicio\\\/\"},{\"@type\":\"ListItem\",\"position\":2,\"name\":\"Pablo D\u00edaz Lacava seguir\u00e1 como juez federal: el jury rechaz\u00f3 su destituci\u00f3n\"}]},{\"@type\":\"WebSite\",\"@id\":\"https:\\\/\\\/diariotextual.com\\\/inicio\\\/#website\",\"url\":\"https:\\\/\\\/diariotextual.com\\\/inicio\\\/\",\"name\":\"Diario Textual\",\"description\":\"\",\"publisher\":{\"@id\":\"https:\\\/\\\/diariotextual.com\\\/inicio\\\/#organization\"},\"potentialAction\":[{\"@type\":\"SearchAction\",\"target\":{\"@type\":\"EntryPoint\",\"urlTemplate\":\"https:\\\/\\\/diariotextual.com\\\/inicio\\\/?s={search_term_string}\"},\"query-input\":{\"@type\":\"PropertyValueSpecification\",\"valueRequired\":true,\"valueName\":\"search_term_string\"}}],\"inLanguage\":\"es\"},{\"@type\":\"Organization\",\"@id\":\"https:\\\/\\\/diariotextual.com\\\/inicio\\\/#organization\",\"name\":\"Diario Textual\",\"url\":\"https:\\\/\\\/diariotextual.com\\\/inicio\\\/\",\"logo\":{\"@type\":\"ImageObject\",\"inLanguage\":\"es\",\"@id\":\"https:\\\/\\\/diariotextual.com\\\/inicio\\\/#\\\/schema\\\/logo\\\/image\\\/\",\"url\":\"https:\\\/\\\/diariotextual.com\\\/inicio\\\/wp-content\\\/uploads\\\/2023\\\/05\\\/logotextual1.jpg\",\"contentUrl\":\"https:\\\/\\\/diariotextual.com\\\/inicio\\\/wp-content\\\/uploads\\\/2023\\\/05\\\/logotextual1.jpg\",\"width\":516,\"height\":76,\"caption\":\"Diario Textual\"},\"image\":{\"@id\":\"https:\\\/\\\/diariotextual.com\\\/inicio\\\/#\\\/schema\\\/logo\\\/image\\\/\"},\"sameAs\":[\"https:\\\/\\\/www.facebook.com\\\/eltextual\",\"https:\\\/\\\/x.com\\\/eltextual\",\"http:\\\/\\\/www.instagram.com\\\/eltextual\"]},{\"@type\":\"Person\",\"@id\":\"https:\\\/\\\/diariotextual.com\\\/inicio\\\/#\\\/schema\\\/person\\\/418fc4093c33e86ed41562db3508f958\",\"name\":\"Diario1 Diario1\",\"image\":{\"@type\":\"ImageObject\",\"inLanguage\":\"es\",\"@id\":\"https:\\\/\\\/secure.gravatar.com\\\/avatar\\\/9167d280179c85bc18be67aa7eda765854300033af4896dd779b608640f2ef7a?s=96&d=mm&r=g\",\"url\":\"https:\\\/\\\/secure.gravatar.com\\\/avatar\\\/9167d280179c85bc18be67aa7eda765854300033af4896dd779b608640f2ef7a?s=96&d=mm&r=g\",\"contentUrl\":\"https:\\\/\\\/secure.gravatar.com\\\/avatar\\\/9167d280179c85bc18be67aa7eda765854300033af4896dd779b608640f2ef7a?s=96&d=mm&r=g\",\"caption\":\"Diario1 Diario1\"},\"url\":\"https:\\\/\\\/diariotextual.com\\\/inicio\\\/index.php\\\/author\\\/diario1\\\/\"}]}<\/script>\n<!-- \/ Yoast SEO plugin. -->","yoast_head_json":{"title":"Pablo D\u00edaz Lacava seguir\u00e1 como juez federal: el jury rechaz\u00f3 su destituci\u00f3n - Diario Textual","robots":{"index":"index","follow":"follow","max-snippet":"max-snippet:-1","max-image-preview":"max-image-preview:large","max-video-preview":"max-video-preview:-1"},"canonical":"https:\/\/diariotextual.com\/inicio\/index.php\/2026\/09\/02\/pablo-diaz-lacava-seguira-como-juez-federal-el-jury-rechazo-su-destitucion\/","og_locale":"es_ES","og_type":"article","og_title":"Pablo D\u00edaz Lacava seguir\u00e1 como juez federal: el jury rechaz\u00f3 su destituci\u00f3n - Diario Textual","og_description":"El Jurado de Enjuiciamiento de Magistrados de la Naci\u00f3n rechaz\u00f3 por unanimidad la remoci\u00f3n del juez del Tribunal Oral en lo Criminal Federal de La Pampa, Pablo D\u00edaz Lacava, y&hellip;","og_url":"https:\/\/diariotextual.com\/inicio\/index.php\/2026\/09\/02\/pablo-diaz-lacava-seguira-como-juez-federal-el-jury-rechazo-su-destitucion\/","og_site_name":"Diario Textual","article_publisher":"https:\/\/www.facebook.com\/eltextual","article_published_time":"2026-09-02T19:28:00+00:00","article_modified_time":"2026-09-02T19:28:03+00:00","og_image":[{"width":696,"height":464,"url":"https:\/\/diariotextual.com\/inicio\/wp-content\/uploads\/2026\/02\/diazlacavapablo2026-77.jpg","type":"image\/jpeg"}],"author":"Diario1 Diario1","twitter_card":"summary_large_image","twitter_creator":"@eltextual","twitter_site":"@eltextual","twitter_misc":{"Escrito por":"Diario1 Diario1","Tiempo de lectura":"4 minutos"},"schema":{"@context":"https:\/\/schema.org","@graph":[{"@type":"Article","@id":"https:\/\/diariotextual.com\/inicio\/index.php\/2026\/09\/02\/pablo-diaz-lacava-seguira-como-juez-federal-el-jury-rechazo-su-destitucion\/#article","isPartOf":{"@id":"https:\/\/diariotextual.com\/inicio\/index.php\/2026\/09\/02\/pablo-diaz-lacava-seguira-como-juez-federal-el-jury-rechazo-su-destitucion\/"},"author":{"name":"Diario1 Diario1","@id":"https:\/\/diariotextual.com\/inicio\/#\/schema\/person\/418fc4093c33e86ed41562db3508f958"},"headline":"Pablo D\u00edaz Lacava seguir\u00e1 como juez federal: el jury rechaz\u00f3 su destituci\u00f3n","datePublished":"2026-09-02T19:28:00+00:00","dateModified":"2026-09-02T19:28:03+00:00","mainEntityOfPage":{"@id":"https:\/\/diariotextual.com\/inicio\/index.php\/2026\/09\/02\/pablo-diaz-lacava-seguira-como-juez-federal-el-jury-rechazo-su-destitucion\/"},"wordCount":894,"publisher":{"@id":"https:\/\/diariotextual.com\/inicio\/#organization"},"image":{"@id":"https:\/\/diariotextual.com\/inicio\/index.php\/2026\/09\/02\/pablo-diaz-lacava-seguira-como-juez-federal-el-jury-rechazo-su-destitucion\/#primaryimage"},"thumbnailUrl":"https:\/\/diariotextual.com\/inicio\/wp-content\/uploads\/2026\/02\/diazlacavapablo2026-77.jpg","articleSection":["A - DESTACADAS (mod 16)","SOCIEDAD"],"inLanguage":"es"},{"@type":"WebPage","@id":"https:\/\/diariotextual.com\/inicio\/index.php\/2026\/09\/02\/pablo-diaz-lacava-seguira-como-juez-federal-el-jury-rechazo-su-destitucion\/","url":"https:\/\/diariotextual.com\/inicio\/index.php\/2026\/09\/02\/pablo-diaz-lacava-seguira-como-juez-federal-el-jury-rechazo-su-destitucion\/","name":"Pablo D\u00edaz Lacava seguir\u00e1 como juez federal: el jury rechaz\u00f3 su destituci\u00f3n - Diario Textual","isPartOf":{"@id":"https:\/\/diariotextual.com\/inicio\/#website"},"primaryImageOfPage":{"@id":"https:\/\/diariotextual.com\/inicio\/index.php\/2026\/09\/02\/pablo-diaz-lacava-seguira-como-juez-federal-el-jury-rechazo-su-destitucion\/#primaryimage"},"image":{"@id":"https:\/\/diariotextual.com\/inicio\/index.php\/2026\/09\/02\/pablo-diaz-lacava-seguira-como-juez-federal-el-jury-rechazo-su-destitucion\/#primaryimage"},"thumbnailUrl":"https:\/\/diariotextual.com\/inicio\/wp-content\/uploads\/2026\/02\/diazlacavapablo2026-77.jpg","datePublished":"2026-09-02T19:28:00+00:00","dateModified":"2026-09-02T19:28:03+00:00","breadcrumb":{"@id":"https:\/\/diariotextual.com\/inicio\/index.php\/2026\/09\/02\/pablo-diaz-lacava-seguira-como-juez-federal-el-jury-rechazo-su-destitucion\/#breadcrumb"},"inLanguage":"es","potentialAction":[{"@type":"ReadAction","target":["https:\/\/diariotextual.com\/inicio\/index.php\/2026\/09\/02\/pablo-diaz-lacava-seguira-como-juez-federal-el-jury-rechazo-su-destitucion\/"]}]},{"@type":"ImageObject","inLanguage":"es","@id":"https:\/\/diariotextual.com\/inicio\/index.php\/2026\/09\/02\/pablo-diaz-lacava-seguira-como-juez-federal-el-jury-rechazo-su-destitucion\/#primaryimage","url":"https:\/\/diariotextual.com\/inicio\/wp-content\/uploads\/2026\/02\/diazlacavapablo2026-77.jpg","contentUrl":"https:\/\/diariotextual.com\/inicio\/wp-content\/uploads\/2026\/02\/diazlacavapablo2026-77.jpg","width":696,"height":464},{"@type":"BreadcrumbList","@id":"https:\/\/diariotextual.com\/inicio\/index.php\/2026\/09\/02\/pablo-diaz-lacava-seguira-como-juez-federal-el-jury-rechazo-su-destitucion\/#breadcrumb","itemListElement":[{"@type":"ListItem","position":1,"name":"Portada","item":"https:\/\/diariotextual.com\/inicio\/"},{"@type":"ListItem","position":2,"name":"Pablo D\u00edaz Lacava seguir\u00e1 como juez federal: el jury rechaz\u00f3 su destituci\u00f3n"}]},{"@type":"WebSite","@id":"https:\/\/diariotextual.com\/inicio\/#website","url":"https:\/\/diariotextual.com\/inicio\/","name":"Diario Textual","description":"","publisher":{"@id":"https:\/\/diariotextual.com\/inicio\/#organization"},"potentialAction":[{"@type":"SearchAction","target":{"@type":"EntryPoint","urlTemplate":"https:\/\/diariotextual.com\/inicio\/?s={search_term_string}"},"query-input":{"@type":"PropertyValueSpecification","valueRequired":true,"valueName":"search_term_string"}}],"inLanguage":"es"},{"@type":"Organization","@id":"https:\/\/diariotextual.com\/inicio\/#organization","name":"Diario Textual","url":"https:\/\/diariotextual.com\/inicio\/","logo":{"@type":"ImageObject","inLanguage":"es","@id":"https:\/\/diariotextual.com\/inicio\/#\/schema\/logo\/image\/","url":"https:\/\/diariotextual.com\/inicio\/wp-content\/uploads\/2023\/05\/logotextual1.jpg","contentUrl":"https:\/\/diariotextual.com\/inicio\/wp-content\/uploads\/2023\/05\/logotextual1.jpg","width":516,"height":76,"caption":"Diario Textual"},"image":{"@id":"https:\/\/diariotextual.com\/inicio\/#\/schema\/logo\/image\/"},"sameAs":["https:\/\/www.facebook.com\/eltextual","https:\/\/x.com\/eltextual","http:\/\/www.instagram.com\/eltextual"]},{"@type":"Person","@id":"https:\/\/diariotextual.com\/inicio\/#\/schema\/person\/418fc4093c33e86ed41562db3508f958","name":"Diario1 Diario1","image":{"@type":"ImageObject","inLanguage":"es","@id":"https:\/\/secure.gravatar.com\/avatar\/9167d280179c85bc18be67aa7eda765854300033af4896dd779b608640f2ef7a?s=96&d=mm&r=g","url":"https:\/\/secure.gravatar.com\/avatar\/9167d280179c85bc18be67aa7eda765854300033af4896dd779b608640f2ef7a?s=96&d=mm&r=g","contentUrl":"https:\/\/secure.gravatar.com\/avatar\/9167d280179c85bc18be67aa7eda765854300033af4896dd779b608640f2ef7a?s=96&d=mm&r=g","caption":"Diario1 Diario1"},"url":"https:\/\/diariotextual.com\/inicio\/index.php\/author\/diario1\/"}]}},"_links":{"self":[{"href":"https:\/\/diariotextual.com\/inicio\/index.php\/wp-json\/wp\/v2\/posts\/334354","targetHints":{"allow":["GET"]}}],"collection":[{"href":"https:\/\/diariotextual.com\/inicio\/index.php\/wp-json\/wp\/v2\/posts"}],"about":[{"href":"https:\/\/diariotextual.com\/inicio\/index.php\/wp-json\/wp\/v2\/types\/post"}],"author":[{"embeddable":true,"href":"https:\/\/diariotextual.com\/inicio\/index.php\/wp-json\/wp\/v2\/users\/3"}],"replies":[{"embeddable":true,"href":"https:\/\/diariotextual.com\/inicio\/index.php\/wp-json\/wp\/v2\/comments?post=334354"}],"version-history":[{"count":2,"href":"https:\/\/diariotextual.com\/inicio\/index.php\/wp-json\/wp\/v2\/posts\/334354\/revisions"}],"predecessor-version":[{"id":334356,"href":"https:\/\/diariotextual.com\/inicio\/index.php\/wp-json\/wp\/v2\/posts\/334354\/revisions\/334356"}],"wp:featuredmedia":[{"embeddable":true,"href":"https:\/\/diariotextual.com\/inicio\/index.php\/wp-json\/wp\/v2\/media\/319686"}],"wp:attachment":[{"href":"https:\/\/diariotextual.com\/inicio\/index.php\/wp-json\/wp\/v2\/media?parent=334354"}],"wp:term":[{"taxonomy":"category","embeddable":true,"href":"https:\/\/diariotextual.com\/inicio\/index.php\/wp-json\/wp\/v2\/categories?post=334354"},{"taxonomy":"post_tag","embeddable":true,"href":"https:\/\/diariotextual.com\/inicio\/index.php\/wp-json\/wp\/v2\/tags?post=334354"}],"curies":[{"name":"wp","href":"https:\/\/api.w.org\/{rel}","templated":true}]}}